{"id":112887,"date":"2022-01-18T10:48:59","date_gmt":"2022-01-18T14:48:59","guid":{"rendered":"https:\/\/potenciaradiofonicadominicana.com\/portal\/?p=112887"},"modified":"2022-01-18T10:48:59","modified_gmt":"2022-01-18T14:48:59","slug":"guaynaa-sufre-accidente-automovilistico-y-recibe-duros-golpes-y-traumas","status":"publish","type":"post","link":"https:\/\/potenciaradiofonicadominicana.com\/portal\/guaynaa-sufre-accidente-automovilistico-y-recibe-duros-golpes-y-traumas\/","title":{"rendered":"Guaynaa sufre accidente automovil\u00edstico y recibe \u201cduros golpes y traumas\u00bb"},"content":{"rendered":"<p><a href=\"https:\/\/potenciaradiofonicadominicana.com\/portal\/wp-content\/uploads\/2022\/01\/guaynaa.jpg\"><img loading=\"lazy\" decoding=\"async\" class=\"alignnone size-full wp-image-112888\" src=\"https:\/\/potenciaradiofonicadominicana.com\/portal\/wp-content\/uploads\/2022\/01\/guaynaa.jpg\" alt=\"\" width=\"1201\" height=\"740\" srcset=\"https:\/\/potenciaradiofonicadominicana.com\/portal\/wp-content\/uploads\/2022\/01\/guaynaa.jpg 1201w, https:\/\/potenciaradiofonicadominicana.com\/portal\/wp-content\/uploads\/2022\/01\/guaynaa-300x185.jpg 300w, https:\/\/potenciaradiofonicadominicana.com\/portal\/wp-content\/uploads\/2022\/01\/guaynaa-768x473.jpg 768w, https:\/\/potenciaradiofonicadominicana.com\/portal\/wp-content\/uploads\/2022\/01\/guaynaa-1024x631.jpg 1024w\" sizes=\"auto, (max-width: 1201px) 100vw, 1201px\" \/><\/a><\/p>\n<p>El cantante puertorrique\u00f1o Guaynaa sufri\u00f3 un fuerte accidente automovil\u00edstico en la ciudad de Los \u00c1ngeles (California, EE.UU.), inform\u00f3 este lunes la agencia de relaciones p\u00fablicas French Toast.<\/p>\n<p>La agencia indic\u00f3 en un comunicado que el percance ocurri\u00f3 cuando el autom\u00f3vil en el que el cantante viajaba como pasajero fue impactado fuertemente por otro veh\u00edculo, caus\u00e1ndole al artista \u201cduros golpes y traumas, por lo que fue trasladado en una ambulancia al hospital\u201d.<\/p>\n<p>Guaynaa, int\u00e9rprete de \u00e9xitos como \u00abChica Ideal\u00bb con su amigo Sebastian Yatra, \u00abSe Te Nota\u00bb, con su pareja Lele Pons, y \u00abCumbia A La Gente\u00bb, con los \u00c1ngeles Azules, ya fue dado de alta y se encuentra recuper\u00e1ndose satisfactoriamente, se\u00f1al\u00f3 el texto.<\/p>\n<p>El cantante \u201cespera continuar con sus planes de estrenar nueva m\u00fasica con la que dar\u00e1 inici\u00f3 a sus lanzamientos de este a\u00f1o\u201d, puntualiz\u00f3.<\/p>\n<p>Los representantes enviaron una fotograf\u00eda en la que se ve al cantante puertorrique\u00f1o con los ojos cerrados, tumbado en una camilla de hospital, con el cuello inmovilizado y restos de sangre en su cara.<\/p>\n<p>Sus representantes de prensa calificaron el fuerte accidente automovil\u00edstico de \u00abespectacular\u00bb, aunque afortunadamente el artista no sufri\u00f3 graves heridas y ya sali\u00f3 del centro m\u00e9dico californiano.<\/p>\n","protected":false},"excerpt":{"rendered":"<p>El cantante puertorrique\u00f1o Guaynaa sufri\u00f3 un fuerte accidente automovil\u00edstico en la ciudad de Los \u00c1ngeles (California, EE.UU.), inform\u00f3 este lunes &#8230;<\/p>\n","protected":false},"author":2,"featured_media":112888,"comment_status":"open","ping_status":"open","sticky":false,"template":"","format":"standard","meta":{"footnotes":""},"categories":[31],"tags":[],"class_list":["post-112887","post","type-post","status-publish","format-standard","has-post-thumbnail","hentry","category-arte-y-espectaculo"],"yoast_head":"<!-- This site is optimized with the Yoast SEO plugin v24.8.1 - https:\/\/yoast.com\/wordpress\/plugins\/seo\/ -->\n<title>Guaynaa sufre accidente automovil\u00edstico y recibe \u201cduros golpes y traumas&quot; - PotenciaRadiofonicaDominicana.com<\/title>\n<meta name=\"robots\" content=\"index, follow, max-snippet:-1, max-image-preview:large, max-video-preview:-1\" \/>\n<link rel=\"canonical\" href=\"https:\/\/potenciaradiofonicadominicana.com\/portal\/guaynaa-sufre-accidente-automovilistico-y-recibe-duros-golpes-y-traumas\/\" \/>\n<meta property=\"og:locale\" content=\"es_ES\" \/>\n<meta property=\"og:type\" content=\"article\" \/>\n<meta property=\"og:title\" content=\"Guaynaa sufre accidente automovil\u00edstico y recibe \u201cduros golpes y traumas&quot; - PotenciaRadiofonicaDominicana.com\" \/>\n<meta property=\"og:description\" content=\"El cantante puertorrique\u00f1o Guaynaa sufri\u00f3 un fuerte accidente automovil\u00edstico en la ciudad de Los \u00c1ngeles (California, EE.UU.), inform\u00f3 este lunes ...\" \/>\n<meta property=\"og:url\" content=\"https:\/\/potenciaradiofonicadominicana.com\/portal\/guaynaa-sufre-accidente-automovilistico-y-recibe-duros-golpes-y-traumas\/\" \/>\n<meta property=\"og:site_name\" content=\"PotenciaRadiofonicaDominicana.com\" \/>\n<meta property=\"article:publisher\" content=\"https:\/\/web.facebook.com\/PotenciaRadiofonicaD\" \/>\n<meta property=\"article:published_time\" content=\"2022-01-18T14:48:59+00:00\" \/>\n<meta property=\"og:image\" content=\"https:\/\/potenciaradiofonicadominicana.com\/portal\/wp-content\/uploads\/2022\/01\/guaynaa.jpg\" \/>\n\t<meta property=\"og:image:width\" content=\"1201\" \/>\n\t<meta property=\"og:image:height\" content=\"740\" \/>\n\t<meta property=\"og:image:type\" content=\"image\/jpeg\" \/>\n<meta name=\"author\" content=\"Potencia Radiof\u00f3nica Dominicana\" \/>\n<meta name=\"twitter:card\" content=\"summary_large_image\" \/>\n<meta name=\"twitter:label1\" content=\"Escrito por\" \/>\n\t<meta name=\"twitter:data1\" content=\"Potencia Radiof\u00f3nica Dominicana\" \/>\n\t<meta name=\"twitter:label2\" content=\"Tiempo de lectura\" \/>\n\t<meta name=\"twitter:data2\" content=\"1 minuto\" \/>\n<script type=\"application\/ld+json\" class=\"yoast-schema-graph\">{\"@context\":\"https:\/\/schema.org\",\"@graph\":[{\"@type\":\"Article\",\"@id\":\"https:\/\/potenciaradiofonicadominicana.com\/portal\/guaynaa-sufre-accidente-automovilistico-y-recibe-duros-golpes-y-traumas\/#article\",\"isPartOf\":{\"@id\":\"https:\/\/potenciaradiofonicadominicana.com\/portal\/guaynaa-sufre-accidente-automovilistico-y-recibe-duros-golpes-y-traumas\/\"},\"author\":{\"name\":\"Potencia Radiof\u00f3nica Dominicana\",\"@id\":\"https:\/\/potenciaradiofonicadominicana.com\/portal\/#\/schema\/person\/a5cf1fea13877803ee0573ac18b03490\"},\"headline\":\"Guaynaa sufre accidente automovil\u00edstico y recibe \u201cduros golpes y traumas\u00bb\",\"datePublished\":\"2022-01-18T14:48:59+00:00\",\"mainEntityOfPage\":{\"@id\":\"https:\/\/potenciaradiofonicadominicana.com\/portal\/guaynaa-sufre-accidente-automovilistico-y-recibe-duros-golpes-y-traumas\/\"},\"wordCount\":223,\"commentCount\":0,\"publisher\":{\"@id\":\"https:\/\/potenciaradiofonicadominicana.com\/portal\/#organization\"},\"image\":{\"@id\":\"https:\/\/potenciaradiofonicadominicana.com\/portal\/guaynaa-sufre-accidente-automovilistico-y-recibe-duros-golpes-y-traumas\/#primaryimage\"},\"thumbnailUrl\":\"https:\/\/potenciaradiofonicadominicana.com\/portal\/wp-content\/uploads\/2022\/01\/guaynaa.jpg\",\"articleSection\":[\"Arte y Espectaculo\"],\"inLanguage\":\"es\",\"potentialAction\":[{\"@type\":\"CommentAction\",\"name\":\"Comment\",\"target\":[\"https:\/\/potenciaradiofonicadominicana.com\/portal\/guaynaa-sufre-accidente-automovilistico-y-recibe-duros-golpes-y-traumas\/#respond\"]}]},{\"@type\":\"WebPage\",\"@id\":\"https:\/\/potenciaradiofonicadominicana.com\/portal\/guaynaa-sufre-accidente-automovilistico-y-recibe-duros-golpes-y-traumas\/\",\"url\":\"https:\/\/potenciaradiofonicadominicana.com\/portal\/guaynaa-sufre-accidente-automovilistico-y-recibe-duros-golpes-y-traumas\/\",\"name\":\"Guaynaa sufre accidente automovil\u00edstico y recibe \u201cduros golpes y traumas\\\" - PotenciaRadiofonicaDominicana.com\",\"isPartOf\":{\"@id\":\"https:\/\/potenciaradiofonicadominicana.com\/portal\/#website\"},\"primaryImageOfPage\":{\"@id\":\"https:\/\/potenciaradiofonicadominicana.com\/portal\/guaynaa-sufre-accidente-automovilistico-y-recibe-duros-golpes-y-traumas\/#primaryimage\"},\"image\":{\"@id\":\"https:\/\/potenciaradiofonicadominicana.com\/portal\/guaynaa-sufre-accidente-automovilistico-y-recibe-duros-golpes-y-traumas\/#primaryimage\"},\"thumbnailUrl\":\"https:\/\/potenciaradiofonicadominicana.com\/portal\/wp-content\/uploads\/2022\/01\/guaynaa.jpg\",\"datePublished\":\"2022-01-18T14:48:59+00:00\",\"breadcrumb\":{\"@id\":\"https:\/\/potenciaradiofonicadominicana.com\/portal\/guaynaa-sufre-accidente-automovilistico-y-recibe-duros-golpes-y-traumas\/#breadcrumb\"},\"inLanguage\":\"es\",\"potentialAction\":[{\"@type\":\"ReadAction\",\"target\":[\"https:\/\/potenciaradiofonicadominicana.com\/portal\/guaynaa-sufre-accidente-automovilistico-y-recibe-duros-golpes-y-traumas\/\"]}]},{\"@type\":\"ImageObject\",\"inLanguage\":\"es\",\"@id\":\"https:\/\/potenciaradiofonicadominicana.com\/portal\/guaynaa-sufre-accidente-automovilistico-y-recibe-duros-golpes-y-traumas\/#primaryimage\",\"url\":\"https:\/\/potenciaradiofonicadominicana.com\/portal\/wp-content\/uploads\/2022\/01\/guaynaa.jpg\",\"contentUrl\":\"https:\/\/potenciaradiofonicadominicana.com\/portal\/wp-content\/uploads\/2022\/01\/guaynaa.jpg\",\"width\":1201,\"height\":740},{\"@type\":\"BreadcrumbList\",\"@id\":\"https:\/\/potenciaradiofonicadominicana.com\/portal\/guaynaa-sufre-accidente-automovilistico-y-recibe-duros-golpes-y-traumas\/#breadcrumb\",\"itemListElement\":[{\"@type\":\"ListItem\",\"position\":1,\"name\":\"Portada\",\"item\":\"https:\/\/potenciaradiofonicadominicana.com\/portal\/\"},{\"@type\":\"ListItem\",\"position\":2,\"name\":\"Guaynaa sufre accidente automovil\u00edstico y recibe \u201cduros golpes y traumas\u00bb\"}]},{\"@type\":\"WebSite\",\"@id\":\"https:\/\/potenciaradiofonicadominicana.com\/portal\/#website\",\"url\":\"https:\/\/potenciaradiofonicadominicana.com\/portal\/\",\"name\":\"PotenciaRadiofonicaDominicana.com\",\"description\":\"Peri\u00f3dico Digital\",\"publisher\":{\"@id\":\"https:\/\/potenciaradiofonicadominicana.com\/portal\/#organization\"},\"potentialAction\":[{\"@type\":\"SearchAction\",\"target\":{\"@type\":\"EntryPoint\",\"urlTemplate\":\"https:\/\/potenciaradiofonicadominicana.com\/portal\/?s={search_term_string}\"},\"query-input\":{\"@type\":\"PropertyValueSpecification\",\"valueRequired\":true,\"valueName\":\"search_term_string\"}}],\"inLanguage\":\"es\"},{\"@type\":\"Organization\",\"@id\":\"https:\/\/potenciaradiofonicadominicana.com\/portal\/#organization\",\"name\":\"PotenciaRadiofonicaDominicana.com\",\"url\":\"https:\/\/potenciaradiofonicadominicana.com\/portal\/\",\"logo\":{\"@type\":\"ImageObject\",\"inLanguage\":\"es\",\"@id\":\"https:\/\/potenciaradiofonicadominicana.com\/portal\/#\/schema\/logo\/image\/\",\"url\":\"https:\/\/potenciaradiofonicadominicana.com\/portal\/wp-content\/uploads\/2022\/01\/descarga.png\",\"contentUrl\":\"https:\/\/potenciaradiofonicadominicana.com\/portal\/wp-content\/uploads\/2022\/01\/descarga.png\",\"width\":300,\"height\":100,\"caption\":\"PotenciaRadiofonicaDominicana.com\"},\"image\":{\"@id\":\"https:\/\/potenciaradiofonicadominicana.com\/portal\/#\/schema\/logo\/image\/\"},\"sameAs\":[\"https:\/\/web.facebook.com\/PotenciaRadiofonicaD\"]},{\"@type\":\"Person\",\"@id\":\"https:\/\/potenciaradiofonicadominicana.com\/portal\/#\/schema\/person\/a5cf1fea13877803ee0573ac18b03490\",\"name\":\"Potencia Radiof\u00f3nica Dominicana\",\"image\":{\"@type\":\"ImageObject\",\"inLanguage\":\"es\",\"@id\":\"https:\/\/potenciaradiofonicadominicana.com\/portal\/#\/schema\/person\/image\/\",\"url\":\"https:\/\/secure.gravatar.com\/avatar\/42a55ab9e8ccc656ba34cd791990602a?s=96&d=mm&r=g\",\"contentUrl\":\"https:\/\/secure.gravatar.com\/avatar\/42a55ab9e8ccc656ba34cd791990602a?s=96&d=mm&r=g\",\"caption\":\"Potencia Radiof\u00f3nica Dominicana\"},\"url\":\"https:\/\/potenciaradiofonicadominicana.com\/portal\/author\/johannyalmanzar\/\"}]}<\/script>\n<!-- \/ Yoast SEO plugin. -->","yoast_head_json":{"title":"Guaynaa sufre accidente automovil\u00edstico y recibe \u201cduros golpes y traumas\" - PotenciaRadiofonicaDominicana.com","robots":{"index":"index","follow":"follow","max-snippet":"max-snippet:-1","max-image-preview":"max-image-preview:large","max-video-preview":"max-video-preview:-1"},"canonical":"https:\/\/potenciaradiofonicadominicana.com\/portal\/guaynaa-sufre-accidente-automovilistico-y-recibe-duros-golpes-y-traumas\/","og_locale":"es_ES","og_type":"article","og_title":"Guaynaa sufre accidente automovil\u00edstico y recibe \u201cduros golpes y traumas\" - PotenciaRadiofonicaDominicana.com","og_description":"El cantante puertorrique\u00f1o Guaynaa sufri\u00f3 un fuerte accidente automovil\u00edstico en la ciudad de Los \u00c1ngeles (California, EE.UU.), inform\u00f3 este lunes ...","og_url":"https:\/\/potenciaradiofonicadominicana.com\/portal\/guaynaa-sufre-accidente-automovilistico-y-recibe-duros-golpes-y-traumas\/","og_site_name":"PotenciaRadiofonicaDominicana.com","article_publisher":"https:\/\/web.facebook.com\/PotenciaRadiofonicaD","article_published_time":"2022-01-18T14:48:59+00:00","og_image":[{"width":1201,"height":740,"url":"https:\/\/potenciaradiofonicadominicana.com\/portal\/wp-content\/uploads\/2022\/01\/guaynaa.jpg","type":"image\/jpeg"}],"author":"Potencia Radiof\u00f3nica Dominicana","twitter_card":"summary_large_image","twitter_misc":{"Escrito por":"Potencia Radiof\u00f3nica Dominicana","Tiempo de lectura":"1 minuto"},"schema":{"@context":"https:\/\/schema.org","@graph":[{"@type":"Article","@id":"https:\/\/potenciaradiofonicadominicana.com\/portal\/guaynaa-sufre-accidente-automovilistico-y-recibe-duros-golpes-y-traumas\/#article","isPartOf":{"@id":"https:\/\/potenciaradiofonicadominicana.com\/portal\/guaynaa-sufre-accidente-automovilistico-y-recibe-duros-golpes-y-traumas\/"},"author":{"name":"Potencia Radiof\u00f3nica Dominicana","@id":"https:\/\/potenciaradiofonicadominicana.com\/portal\/#\/schema\/person\/a5cf1fea13877803ee0573ac18b03490"},"headline":"Guaynaa sufre accidente automovil\u00edstico y recibe \u201cduros golpes y traumas\u00bb","datePublished":"2022-01-18T14:48:59+00:00","mainEntityOfPage":{"@id":"https:\/\/potenciaradiofonicadominicana.com\/portal\/guaynaa-sufre-accidente-automovilistico-y-recibe-duros-golpes-y-traumas\/"},"wordCount":223,"commentCount":0,"publisher":{"@id":"https:\/\/potenciaradiofonicadominicana.com\/portal\/#organization"},"image":{"@id":"https:\/\/potenciaradiofonicadominicana.com\/portal\/guaynaa-sufre-accidente-automovilistico-y-recibe-duros-golpes-y-traumas\/#primaryimage"},"thumbnailUrl":"https:\/\/potenciaradiofonicadominicana.com\/portal\/wp-content\/uploads\/2022\/01\/guaynaa.jpg","articleSection":["Arte y Espectaculo"],"inLanguage":"es","potentialAction":[{"@type":"CommentAction","name":"Comment","target":["https:\/\/potenciaradiofonicadominicana.com\/portal\/guaynaa-sufre-accidente-automovilistico-y-recibe-duros-golpes-y-traumas\/#respond"]}]},{"@type":"WebPage","@id":"https:\/\/potenciaradiofonicadominicana.com\/portal\/guaynaa-sufre-accidente-automovilistico-y-recibe-duros-golpes-y-traumas\/","url":"https:\/\/potenciaradiofonicadominicana.com\/portal\/guaynaa-sufre-accidente-automovilistico-y-recibe-duros-golpes-y-traumas\/","name":"Guaynaa sufre accidente automovil\u00edstico y recibe \u201cduros golpes y traumas\" - PotenciaRadiofonicaDominicana.com","isPartOf":{"@id":"https:\/\/potenciaradiofonicadominicana.com\/portal\/#website"},"primaryImageOfPage":{"@id":"https:\/\/potenciaradiofonicadominicana.com\/portal\/guaynaa-sufre-accidente-automovilistico-y-recibe-duros-golpes-y-traumas\/#primaryimage"},"image":{"@id":"https:\/\/potenciaradiofonicadominicana.com\/portal\/guaynaa-sufre-accidente-automovilistico-y-recibe-duros-golpes-y-traumas\/#primaryimage"},"thumbnailUrl":"https:\/\/potenciaradiofonicadominicana.com\/portal\/wp-content\/uploads\/2022\/01\/guaynaa.jpg","datePublished":"2022-01-18T14:48:59+00:00","breadcrumb":{"@id":"https:\/\/potenciaradiofonicadominicana.com\/portal\/guaynaa-sufre-accidente-automovilistico-y-recibe-duros-golpes-y-traumas\/#breadcrumb"},"inLanguage":"es","potentialAction":[{"@type":"ReadAction","target":["https:\/\/potenciaradiofonicadominicana.com\/portal\/guaynaa-sufre-accidente-automovilistico-y-recibe-duros-golpes-y-traumas\/"]}]},{"@type":"ImageObject","inLanguage":"es","@id":"https:\/\/potenciaradiofonicadominicana.com\/portal\/guaynaa-sufre-accidente-automovilistico-y-recibe-duros-golpes-y-traumas\/#primaryimage","url":"https:\/\/potenciaradiofonicadominicana.com\/portal\/wp-content\/uploads\/2022\/01\/guaynaa.jpg","contentUrl":"https:\/\/potenciaradiofonicadominicana.com\/portal\/wp-content\/uploads\/2022\/01\/guaynaa.jpg","width":1201,"height":740},{"@type":"BreadcrumbList","@id":"https:\/\/potenciaradiofonicadominicana.com\/portal\/guaynaa-sufre-accidente-automovilistico-y-recibe-duros-golpes-y-traumas\/#breadcrumb","itemListElement":[{"@type":"ListItem","position":1,"name":"Portada","item":"https:\/\/potenciaradiofonicadominicana.com\/portal\/"},{"@type":"ListItem","position":2,"name":"Guaynaa sufre accidente automovil\u00edstico y recibe \u201cduros golpes y traumas\u00bb"}]},{"@type":"WebSite","@id":"https:\/\/potenciaradiofonicadominicana.com\/portal\/#website","url":"https:\/\/potenciaradiofonicadominicana.com\/portal\/","name":"PotenciaRadiofonicaDominicana.com","description":"Peri\u00f3dico Digital","publisher":{"@id":"https:\/\/potenciaradiofonicadominicana.com\/portal\/#organization"},"potentialAction":[{"@type":"SearchAction","target":{"@type":"EntryPoint","urlTemplate":"https:\/\/potenciaradiofonicadominicana.com\/portal\/?s={search_term_string}"},"query-input":{"@type":"PropertyValueSpecification","valueRequired":true,"valueName":"search_term_string"}}],"inLanguage":"es"},{"@type":"Organization","@id":"https:\/\/potenciaradiofonicadominicana.com\/portal\/#organization","name":"PotenciaRadiofonicaDominicana.com","url":"https:\/\/potenciaradiofonicadominicana.com\/portal\/","logo":{"@type":"ImageObject","inLanguage":"es","@id":"https:\/\/potenciaradiofonicadominicana.com\/portal\/#\/schema\/logo\/image\/","url":"https:\/\/potenciaradiofonicadominicana.com\/portal\/wp-content\/uploads\/2022\/01\/descarga.png","contentUrl":"https:\/\/potenciaradiofonicadominicana.com\/portal\/wp-content\/uploads\/2022\/01\/descarga.png","width":300,"height":100,"caption":"PotenciaRadiofonicaDominicana.com"},"image":{"@id":"https:\/\/potenciaradiofonicadominicana.com\/portal\/#\/schema\/logo\/image\/"},"sameAs":["https:\/\/web.facebook.com\/PotenciaRadiofonicaD"]},{"@type":"Person","@id":"https:\/\/potenciaradiofonicadominicana.com\/portal\/#\/schema\/person\/a5cf1fea13877803ee0573ac18b03490","name":"Potencia Radiof\u00f3nica Dominicana","image":{"@type":"ImageObject","inLanguage":"es","@id":"https:\/\/potenciaradiofonicadominicana.com\/portal\/#\/schema\/person\/image\/","url":"https:\/\/secure.gravatar.com\/avatar\/42a55ab9e8ccc656ba34cd791990602a?s=96&d=mm&r=g","contentUrl":"https:\/\/secure.gravatar.com\/avatar\/42a55ab9e8ccc656ba34cd791990602a?s=96&d=mm&r=g","caption":"Potencia Radiof\u00f3nica Dominicana"},"url":"https:\/\/potenciaradiofonicadominicana.com\/portal\/author\/johannyalmanzar\/"}]}},"_links":{"self":[{"href":"https:\/\/potenciaradiofonicadominicana.com\/portal\/wp-json\/wp\/v2\/posts\/112887","targetHints":{"allow":["GET"]}}],"collection":[{"href":"https:\/\/potenciaradiofonicadominicana.com\/portal\/wp-json\/wp\/v2\/posts"}],"about":[{"href":"https:\/\/potenciaradiofonicadominicana.com\/portal\/wp-json\/wp\/v2\/types\/post"}],"author":[{"embeddable":true,"href":"https:\/\/potenciaradiofonicadominicana.com\/portal\/wp-json\/wp\/v2\/users\/2"}],"replies":[{"embeddable":true,"href":"https:\/\/potenciaradiofonicadominicana.com\/portal\/wp-json\/wp\/v2\/comments?post=112887"}],"version-history":[{"count":1,"href":"https:\/\/potenciaradiofonicadominicana.com\/portal\/wp-json\/wp\/v2\/posts\/112887\/revisions"}],"predecessor-version":[{"id":112889,"href":"https:\/\/potenciaradiofonicadominicana.com\/portal\/wp-json\/wp\/v2\/posts\/112887\/revisions\/112889"}],"wp:featuredmedia":[{"embeddable":true,"href":"https:\/\/potenciaradiofonicadominicana.com\/portal\/wp-json\/wp\/v2\/media\/112888"}],"wp:attachment":[{"href":"https:\/\/potenciaradiofonicadominicana.com\/portal\/wp-json\/wp\/v2\/media?parent=112887"}],"wp:term":[{"taxonomy":"category","embeddable":true,"href":"https:\/\/potenciaradiofonicadominicana.com\/portal\/wp-json\/wp\/v2\/categories?post=112887"},{"taxonomy":"post_tag","embeddable":true,"href":"https:\/\/potenciaradiofonicadominicana.com\/portal\/wp-json\/wp\/v2\/tags?post=112887"}],"curies":[{"name":"wp","href":"https:\/\/api.w.org\/{rel}","templated":true}]}}