{"id":112880,"date":"2022-01-18T10:53:13","date_gmt":"2022-01-18T14:53:13","guid":{"rendered":"https:\/\/potenciaradiofonicadominicana.com\/portal\/?p=112880"},"modified":"2022-01-18T10:53:13","modified_gmt":"2022-01-18T14:53:13","slug":"aird-dice-inflacion-no-es-fenomeno-nuevo-hay-estabilidad-de-precios","status":"publish","type":"post","link":"https:\/\/potenciaradiofonicadominicana.com\/portal\/aird-dice-inflacion-no-es-fenomeno-nuevo-hay-estabilidad-de-precios\/","title":{"rendered":"AIRD dice inflaci\u00f3n \u201cno es fen\u00f3meno nuevo\u201d; hay estabilidad de precios"},"content":{"rendered":"<p><a href=\"https:\/\/potenciaradiofonicadominicana.com\/portal\/wp-content\/uploads\/2022\/01\/AIRD-considera-la-inflacion-no-es-un-fenomeno-nuevo.jpg\"><img loading=\"lazy\" decoding=\"async\" class=\"alignnone size-full wp-image-112894\" src=\"https:\/\/potenciaradiofonicadominicana.com\/portal\/wp-content\/uploads\/2022\/01\/AIRD-considera-la-inflacion-no-es-un-fenomeno-nuevo.jpg\" alt=\"\" width=\"476\" height=\"355\" srcset=\"https:\/\/potenciaradiofonicadominicana.com\/portal\/wp-content\/uploads\/2022\/01\/AIRD-considera-la-inflacion-no-es-un-fenomeno-nuevo.jpg 476w, https:\/\/potenciaradiofonicadominicana.com\/portal\/wp-content\/uploads\/2022\/01\/AIRD-considera-la-inflacion-no-es-un-fenomeno-nuevo-300x224.jpg 300w\" sizes=\"auto, (max-width: 476px) 100vw, 476px\" \/><\/a><\/p>\n<p>El presidente de la\u00a0Asociaci\u00f3n de Industrias de Rep\u00fablica Dominicana (AIRD), Celso Juan Marranzini, asegur\u00f3 hoy que el fen\u00f3meno de la inflaci\u00f3n no es algo nuevo.<\/p>\n<p>\u201cEste es un fen\u00f3meno que no es nuevo. Recordemos que es uno de los efectos que ha generado la pandemia desde su inicio\u201d, indic\u00f3\u00a0Marranzini\u00a0en relaci\u00f3n ala inflaci\u00f3n.<\/p>\n<p>\u201cLuego del levantamiento de las medidas restrictivas del 2020 se empezaron a ver aumentos muy importantes en\u00a0los\u00a0costos\u00a0de finales del 2020. El peor aumento en porcentaje ocurri\u00f3 entre finales del\u00a02020\u00a0y\u00a02021\u201d, dijo.<\/p>\n<p>afirm\u00f3 que\u00a0la\u00a0industria\u00a0ha\u00a0logrado\u00a0evitar\u00a0escasez\u00a0y\u00a0mantener\u00a0estabilidad\u00a0de\u00a0los\u00a0precios.<\/p>\n<p>\u201cLa industria ha sido m\u00e1s que resiliente y ha logrado trabajar para evitar la escasez y manteniendo una estabilidad relativa de los precios. La producci\u00f3n constante y continua garantiza una estabilidad relativa de los precios contra la importaci\u00f3n\u201d, se\u00f1al\u00f3 el presidente de la\u00a0AIRD.<\/p>\n<p>En ese mismo orden,\u00a0Celso\u00a0Juan\u00a0Marranzini\u00a0ponder\u00f3 la manera en como la industria dominicana ha logrado garantizar el suministro de los productos a pesar de la inflaci\u00f3n.<\/p>\n<p>\u201cHemos logrado con resiliencia afrontar esa situaci\u00f3n garantizando el suministro. Recordemos que no es un tema que solamente suben los costos. Sino que es fruto del desbalance entre la oferta y la demanda en la medida que el mundo se iba a reactivar\u201d, refiri\u00f3\u00a0Marranzini.<\/p>\n<p>Celso Juan Marranzini\u00a0sostuvo que el impacto en las importaciones no ha sido proporcional al problema que afecta a Hait\u00ed.<\/p>\n<p>\u201cEl impacto en la ca\u00edda de las importaciones no ha sido proporcional al problema tan grande pol\u00edtico, social y econ\u00f3mico que hay en Hait\u00ed\u00bb, dijo.<\/p>\n<p>\u00abEl flujo de comercio en Hait\u00ed depende de las importaciones dominicanas y el flujo de comercio sigue llev\u00e1ndose a cabo. Esto en la medida que la frontera est\u00e1 abierta\u201d, asegur\u00f3 el presidente de la AIRD.<\/p>\n","protected":false},"excerpt":{"rendered":"<p>El presidente de la\u00a0Asociaci\u00f3n de Industrias de Rep\u00fablica Dominicana (AIRD), Celso Juan Marranzini, asegur\u00f3 hoy que el fen\u00f3meno de la &#8230;<\/p>\n","protected":false},"author":2,"featured_media":112894,"comment_status":"open","ping_status":"open","sticky":false,"template":"","format":"standard","meta":{"footnotes":""},"categories":[26],"tags":[],"class_list":["post-112880","post","type-post","status-publish","format-standard","has-post-thumbnail","hentry","category-economia"],"yoast_head":"<!-- This site is optimized with the Yoast SEO plugin v24.8.1 - https:\/\/yoast.com\/wordpress\/plugins\/seo\/ -->\n<title>AIRD dice inflaci\u00f3n \u201cno es fen\u00f3meno nuevo\u201d; hay estabilidad de precios - PotenciaRadiofonicaDominicana.com<\/title>\n<meta name=\"robots\" content=\"index, follow, max-snippet:-1, max-image-preview:large, max-video-preview:-1\" \/>\n<link rel=\"canonical\" href=\"https:\/\/potenciaradiofonicadominicana.com\/portal\/aird-dice-inflacion-no-es-fenomeno-nuevo-hay-estabilidad-de-precios\/\" \/>\n<meta property=\"og:locale\" content=\"es_ES\" \/>\n<meta property=\"og:type\" content=\"article\" \/>\n<meta property=\"og:title\" content=\"AIRD dice inflaci\u00f3n \u201cno es fen\u00f3meno nuevo\u201d; hay estabilidad de precios - PotenciaRadiofonicaDominicana.com\" \/>\n<meta property=\"og:description\" content=\"El presidente de la\u00a0Asociaci\u00f3n de Industrias de Rep\u00fablica Dominicana (AIRD), Celso Juan Marranzini, asegur\u00f3 hoy que el fen\u00f3meno de la ...\" \/>\n<meta property=\"og:url\" content=\"https:\/\/potenciaradiofonicadominicana.com\/portal\/aird-dice-inflacion-no-es-fenomeno-nuevo-hay-estabilidad-de-precios\/\" \/>\n<meta property=\"og:site_name\" content=\"PotenciaRadiofonicaDominicana.com\" \/>\n<meta property=\"article:publisher\" content=\"https:\/\/web.facebook.com\/PotenciaRadiofonicaD\" \/>\n<meta property=\"article:published_time\" content=\"2022-01-18T14:53:13+00:00\" \/>\n<meta property=\"og:image\" content=\"https:\/\/potenciaradiofonicadominicana.com\/portal\/wp-content\/uploads\/2022\/01\/AIRD-considera-la-inflacion-no-es-un-fenomeno-nuevo.jpg\" \/>\n\t<meta property=\"og:image:width\" content=\"476\" \/>\n\t<meta property=\"og:image:height\" content=\"355\" \/>\n\t<meta property=\"og:image:type\" content=\"image\/jpeg\" \/>\n<meta name=\"author\" content=\"Potencia Radiof\u00f3nica Dominicana\" \/>\n<meta name=\"twitter:card\" content=\"summary_large_image\" \/>\n<meta name=\"twitter:label1\" content=\"Escrito por\" \/>\n\t<meta name=\"twitter:data1\" content=\"Potencia Radiof\u00f3nica Dominicana\" \/>\n\t<meta name=\"twitter:label2\" content=\"Tiempo de lectura\" \/>\n\t<meta name=\"twitter:data2\" content=\"2 minutos\" \/>\n<script type=\"application\/ld+json\" class=\"yoast-schema-graph\">{\"@context\":\"https:\/\/schema.org\",\"@graph\":[{\"@type\":\"Article\",\"@id\":\"https:\/\/potenciaradiofonicadominicana.com\/portal\/aird-dice-inflacion-no-es-fenomeno-nuevo-hay-estabilidad-de-precios\/#article\",\"isPartOf\":{\"@id\":\"https:\/\/potenciaradiofonicadominicana.com\/portal\/aird-dice-inflacion-no-es-fenomeno-nuevo-hay-estabilidad-de-precios\/\"},\"author\":{\"name\":\"Potencia Radiof\u00f3nica Dominicana\",\"@id\":\"https:\/\/potenciaradiofonicadominicana.com\/portal\/#\/schema\/person\/a5cf1fea13877803ee0573ac18b03490\"},\"headline\":\"AIRD dice inflaci\u00f3n \u201cno es fen\u00f3meno nuevo\u201d; hay estabilidad de precios\",\"datePublished\":\"2022-01-18T14:53:13+00:00\",\"mainEntityOfPage\":{\"@id\":\"https:\/\/potenciaradiofonicadominicana.com\/portal\/aird-dice-inflacion-no-es-fenomeno-nuevo-hay-estabilidad-de-precios\/\"},\"wordCount\":328,\"commentCount\":0,\"publisher\":{\"@id\":\"https:\/\/potenciaradiofonicadominicana.com\/portal\/#organization\"},\"image\":{\"@id\":\"https:\/\/potenciaradiofonicadominicana.com\/portal\/aird-dice-inflacion-no-es-fenomeno-nuevo-hay-estabilidad-de-precios\/#primaryimage\"},\"thumbnailUrl\":\"https:\/\/potenciaradiofonicadominicana.com\/portal\/wp-content\/uploads\/2022\/01\/AIRD-considera-la-inflacion-no-es-un-fenomeno-nuevo.jpg\",\"articleSection\":[\"Econom\u00eda\"],\"inLanguage\":\"es\",\"potentialAction\":[{\"@type\":\"CommentAction\",\"name\":\"Comment\",\"target\":[\"https:\/\/potenciaradiofonicadominicana.com\/portal\/aird-dice-inflacion-no-es-fenomeno-nuevo-hay-estabilidad-de-precios\/#respond\"]}]},{\"@type\":\"WebPage\",\"@id\":\"https:\/\/potenciaradiofonicadominicana.com\/portal\/aird-dice-inflacion-no-es-fenomeno-nuevo-hay-estabilidad-de-precios\/\",\"url\":\"https:\/\/potenciaradiofonicadominicana.com\/portal\/aird-dice-inflacion-no-es-fenomeno-nuevo-hay-estabilidad-de-precios\/\",\"name\":\"AIRD dice inflaci\u00f3n \u201cno es fen\u00f3meno nuevo\u201d; hay estabilidad de precios - PotenciaRadiofonicaDominicana.com\",\"isPartOf\":{\"@id\":\"https:\/\/potenciaradiofonicadominicana.com\/portal\/#website\"},\"primaryImageOfPage\":{\"@id\":\"https:\/\/potenciaradiofonicadominicana.com\/portal\/aird-dice-inflacion-no-es-fenomeno-nuevo-hay-estabilidad-de-precios\/#primaryimage\"},\"image\":{\"@id\":\"https:\/\/potenciaradiofonicadominicana.com\/portal\/aird-dice-inflacion-no-es-fenomeno-nuevo-hay-estabilidad-de-precios\/#primaryimage\"},\"thumbnailUrl\":\"https:\/\/potenciaradiofonicadominicana.com\/portal\/wp-content\/uploads\/2022\/01\/AIRD-considera-la-inflacion-no-es-un-fenomeno-nuevo.jpg\",\"datePublished\":\"2022-01-18T14:53:13+00:00\",\"breadcrumb\":{\"@id\":\"https:\/\/potenciaradiofonicadominicana.com\/portal\/aird-dice-inflacion-no-es-fenomeno-nuevo-hay-estabilidad-de-precios\/#breadcrumb\"},\"inLanguage\":\"es\",\"potentialAction\":[{\"@type\":\"ReadAction\",\"target\":[\"https:\/\/potenciaradiofonicadominicana.com\/portal\/aird-dice-inflacion-no-es-fenomeno-nuevo-hay-estabilidad-de-precios\/\"]}]},{\"@type\":\"ImageObject\",\"inLanguage\":\"es\",\"@id\":\"https:\/\/potenciaradiofonicadominicana.com\/portal\/aird-dice-inflacion-no-es-fenomeno-nuevo-hay-estabilidad-de-precios\/#primaryimage\",\"url\":\"https:\/\/potenciaradiofonicadominicana.com\/portal\/wp-content\/uploads\/2022\/01\/AIRD-considera-la-inflacion-no-es-un-fenomeno-nuevo.jpg\",\"contentUrl\":\"https:\/\/potenciaradiofonicadominicana.com\/portal\/wp-content\/uploads\/2022\/01\/AIRD-considera-la-inflacion-no-es-un-fenomeno-nuevo.jpg\",\"width\":476,\"height\":355},{\"@type\":\"BreadcrumbList\",\"@id\":\"https:\/\/potenciaradiofonicadominicana.com\/portal\/aird-dice-inflacion-no-es-fenomeno-nuevo-hay-estabilidad-de-precios\/#breadcrumb\",\"itemListElement\":[{\"@type\":\"ListItem\",\"position\":1,\"name\":\"Portada\",\"item\":\"https:\/\/potenciaradiofonicadominicana.com\/portal\/\"},{\"@type\":\"ListItem\",\"position\":2,\"name\":\"AIRD dice inflaci\u00f3n \u201cno es fen\u00f3meno nuevo\u201d; hay estabilidad de precios\"}]},{\"@type\":\"WebSite\",\"@id\":\"https:\/\/potenciaradiofonicadominicana.com\/portal\/#website\",\"url\":\"https:\/\/potenciaradiofonicadominicana.com\/portal\/\",\"name\":\"PotenciaRadiofonicaDominicana.com\",\"description\":\"Peri\u00f3dico Digital\",\"publisher\":{\"@id\":\"https:\/\/potenciaradiofonicadominicana.com\/portal\/#organization\"},\"potentialAction\":[{\"@type\":\"SearchAction\",\"target\":{\"@type\":\"EntryPoint\",\"urlTemplate\":\"https:\/\/potenciaradiofonicadominicana.com\/portal\/?s={search_term_string}\"},\"query-input\":{\"@type\":\"PropertyValueSpecification\",\"valueRequired\":true,\"valueName\":\"search_term_string\"}}],\"inLanguage\":\"es\"},{\"@type\":\"Organization\",\"@id\":\"https:\/\/potenciaradiofonicadominicana.com\/portal\/#organization\",\"name\":\"PotenciaRadiofonicaDominicana.com\",\"url\":\"https:\/\/potenciaradiofonicadominicana.com\/portal\/\",\"logo\":{\"@type\":\"ImageObject\",\"inLanguage\":\"es\",\"@id\":\"https:\/\/potenciaradiofonicadominicana.com\/portal\/#\/schema\/logo\/image\/\",\"url\":\"https:\/\/potenciaradiofonicadominicana.com\/portal\/wp-content\/uploads\/2022\/01\/descarga.png\",\"contentUrl\":\"https:\/\/potenciaradiofonicadominicana.com\/portal\/wp-content\/uploads\/2022\/01\/descarga.png\",\"width\":300,\"height\":100,\"caption\":\"PotenciaRadiofonicaDominicana.com\"},\"image\":{\"@id\":\"https:\/\/potenciaradiofonicadominicana.com\/portal\/#\/schema\/logo\/image\/\"},\"sameAs\":[\"https:\/\/web.facebook.com\/PotenciaRadiofonicaD\"]},{\"@type\":\"Person\",\"@id\":\"https:\/\/potenciaradiofonicadominicana.com\/portal\/#\/schema\/person\/a5cf1fea13877803ee0573ac18b03490\",\"name\":\"Potencia Radiof\u00f3nica Dominicana\",\"image\":{\"@type\":\"ImageObject\",\"inLanguage\":\"es\",\"@id\":\"https:\/\/potenciaradiofonicadominicana.com\/portal\/#\/schema\/person\/image\/\",\"url\":\"https:\/\/secure.gravatar.com\/avatar\/42a55ab9e8ccc656ba34cd791990602a?s=96&d=mm&r=g\",\"contentUrl\":\"https:\/\/secure.gravatar.com\/avatar\/42a55ab9e8ccc656ba34cd791990602a?s=96&d=mm&r=g\",\"caption\":\"Potencia Radiof\u00f3nica Dominicana\"},\"url\":\"https:\/\/potenciaradiofonicadominicana.com\/portal\/author\/johannyalmanzar\/\"}]}<\/script>\n<!-- \/ Yoast SEO plugin. -->","yoast_head_json":{"title":"AIRD dice inflaci\u00f3n \u201cno es fen\u00f3meno nuevo\u201d; hay estabilidad de precios - PotenciaRadiofonicaDominicana.com","robots":{"index":"index","follow":"follow","max-snippet":"max-snippet:-1","max-image-preview":"max-image-preview:large","max-video-preview":"max-video-preview:-1"},"canonical":"https:\/\/potenciaradiofonicadominicana.com\/portal\/aird-dice-inflacion-no-es-fenomeno-nuevo-hay-estabilidad-de-precios\/","og_locale":"es_ES","og_type":"article","og_title":"AIRD dice inflaci\u00f3n \u201cno es fen\u00f3meno nuevo\u201d; hay estabilidad de precios - PotenciaRadiofonicaDominicana.com","og_description":"El presidente de la\u00a0Asociaci\u00f3n de Industrias de Rep\u00fablica Dominicana (AIRD), Celso Juan Marranzini, asegur\u00f3 hoy que el fen\u00f3meno de la ...","og_url":"https:\/\/potenciaradiofonicadominicana.com\/portal\/aird-dice-inflacion-no-es-fenomeno-nuevo-hay-estabilidad-de-precios\/","og_site_name":"PotenciaRadiofonicaDominicana.com","article_publisher":"https:\/\/web.facebook.com\/PotenciaRadiofonicaD","article_published_time":"2022-01-18T14:53:13+00:00","og_image":[{"width":476,"height":355,"url":"https:\/\/potenciaradiofonicadominicana.com\/portal\/wp-content\/uploads\/2022\/01\/AIRD-considera-la-inflacion-no-es-un-fenomeno-nuevo.jpg","type":"image\/jpeg"}],"author":"Potencia Radiof\u00f3nica Dominicana","twitter_card":"summary_large_image","twitter_misc":{"Escrito por":"Potencia Radiof\u00f3nica Dominicana","Tiempo de lectura":"2 minutos"},"schema":{"@context":"https:\/\/schema.org","@graph":[{"@type":"Article","@id":"https:\/\/potenciaradiofonicadominicana.com\/portal\/aird-dice-inflacion-no-es-fenomeno-nuevo-hay-estabilidad-de-precios\/#article","isPartOf":{"@id":"https:\/\/potenciaradiofonicadominicana.com\/portal\/aird-dice-inflacion-no-es-fenomeno-nuevo-hay-estabilidad-de-precios\/"},"author":{"name":"Potencia Radiof\u00f3nica Dominicana","@id":"https:\/\/potenciaradiofonicadominicana.com\/portal\/#\/schema\/person\/a5cf1fea13877803ee0573ac18b03490"},"headline":"AIRD dice inflaci\u00f3n \u201cno es fen\u00f3meno nuevo\u201d; hay estabilidad de precios","datePublished":"2022-01-18T14:53:13+00:00","mainEntityOfPage":{"@id":"https:\/\/potenciaradiofonicadominicana.com\/portal\/aird-dice-inflacion-no-es-fenomeno-nuevo-hay-estabilidad-de-precios\/"},"wordCount":328,"commentCount":0,"publisher":{"@id":"https:\/\/potenciaradiofonicadominicana.com\/portal\/#organization"},"image":{"@id":"https:\/\/potenciaradiofonicadominicana.com\/portal\/aird-dice-inflacion-no-es-fenomeno-nuevo-hay-estabilidad-de-precios\/#primaryimage"},"thumbnailUrl":"https:\/\/potenciaradiofonicadominicana.com\/portal\/wp-content\/uploads\/2022\/01\/AIRD-considera-la-inflacion-no-es-un-fenomeno-nuevo.jpg","articleSection":["Econom\u00eda"],"inLanguage":"es","potentialAction":[{"@type":"CommentAction","name":"Comment","target":["https:\/\/potenciaradiofonicadominicana.com\/portal\/aird-dice-inflacion-no-es-fenomeno-nuevo-hay-estabilidad-de-precios\/#respond"]}]},{"@type":"WebPage","@id":"https:\/\/potenciaradiofonicadominicana.com\/portal\/aird-dice-inflacion-no-es-fenomeno-nuevo-hay-estabilidad-de-precios\/","url":"https:\/\/potenciaradiofonicadominicana.com\/portal\/aird-dice-inflacion-no-es-fenomeno-nuevo-hay-estabilidad-de-precios\/","name":"AIRD dice inflaci\u00f3n \u201cno es fen\u00f3meno nuevo\u201d; hay estabilidad de precios - PotenciaRadiofonicaDominicana.com","isPartOf":{"@id":"https:\/\/potenciaradiofonicadominicana.com\/portal\/#website"},"primaryImageOfPage":{"@id":"https:\/\/potenciaradiofonicadominicana.com\/portal\/aird-dice-inflacion-no-es-fenomeno-nuevo-hay-estabilidad-de-precios\/#primaryimage"},"image":{"@id":"https:\/\/potenciaradiofonicadominicana.com\/portal\/aird-dice-inflacion-no-es-fenomeno-nuevo-hay-estabilidad-de-precios\/#primaryimage"},"thumbnailUrl":"https:\/\/potenciaradiofonicadominicana.com\/portal\/wp-content\/uploads\/2022\/01\/AIRD-considera-la-inflacion-no-es-un-fenomeno-nuevo.jpg","datePublished":"2022-01-18T14:53:13+00:00","breadcrumb":{"@id":"https:\/\/potenciaradiofonicadominicana.com\/portal\/aird-dice-inflacion-no-es-fenomeno-nuevo-hay-estabilidad-de-precios\/#breadcrumb"},"inLanguage":"es","potentialAction":[{"@type":"ReadAction","target":["https:\/\/potenciaradiofonicadominicana.com\/portal\/aird-dice-inflacion-no-es-fenomeno-nuevo-hay-estabilidad-de-precios\/"]}]},{"@type":"ImageObject","inLanguage":"es","@id":"https:\/\/potenciaradiofonicadominicana.com\/portal\/aird-dice-inflacion-no-es-fenomeno-nuevo-hay-estabilidad-de-precios\/#primaryimage","url":"https:\/\/potenciaradiofonicadominicana.com\/portal\/wp-content\/uploads\/2022\/01\/AIRD-considera-la-inflacion-no-es-un-fenomeno-nuevo.jpg","contentUrl":"https:\/\/potenciaradiofonicadominicana.com\/portal\/wp-content\/uploads\/2022\/01\/AIRD-considera-la-inflacion-no-es-un-fenomeno-nuevo.jpg","width":476,"height":355},{"@type":"BreadcrumbList","@id":"https:\/\/potenciaradiofonicadominicana.com\/portal\/aird-dice-inflacion-no-es-fenomeno-nuevo-hay-estabilidad-de-precios\/#breadcrumb","itemListElement":[{"@type":"ListItem","position":1,"name":"Portada","item":"https:\/\/potenciaradiofonicadominicana.com\/portal\/"},{"@type":"ListItem","position":2,"name":"AIRD dice inflaci\u00f3n \u201cno es fen\u00f3meno nuevo\u201d; hay estabilidad de precios"}]},{"@type":"WebSite","@id":"https:\/\/potenciaradiofonicadominicana.com\/portal\/#website","url":"https:\/\/potenciaradiofonicadominicana.com\/portal\/","name":"PotenciaRadiofonicaDominicana.com","description":"Peri\u00f3dico Digital","publisher":{"@id":"https:\/\/potenciaradiofonicadominicana.com\/portal\/#organization"},"potentialAction":[{"@type":"SearchAction","target":{"@type":"EntryPoint","urlTemplate":"https:\/\/potenciaradiofonicadominicana.com\/portal\/?s={search_term_string}"},"query-input":{"@type":"PropertyValueSpecification","valueRequired":true,"valueName":"search_term_string"}}],"inLanguage":"es"},{"@type":"Organization","@id":"https:\/\/potenciaradiofonicadominicana.com\/portal\/#organization","name":"PotenciaRadiofonicaDominicana.com","url":"https:\/\/potenciaradiofonicadominicana.com\/portal\/","logo":{"@type":"ImageObject","inLanguage":"es","@id":"https:\/\/potenciaradiofonicadominicana.com\/portal\/#\/schema\/logo\/image\/","url":"https:\/\/potenciaradiofonicadominicana.com\/portal\/wp-content\/uploads\/2022\/01\/descarga.png","contentUrl":"https:\/\/potenciaradiofonicadominicana.com\/portal\/wp-content\/uploads\/2022\/01\/descarga.png","width":300,"height":100,"caption":"PotenciaRadiofonicaDominicana.com"},"image":{"@id":"https:\/\/potenciaradiofonicadominicana.com\/portal\/#\/schema\/logo\/image\/"},"sameAs":["https:\/\/web.facebook.com\/PotenciaRadiofonicaD"]},{"@type":"Person","@id":"https:\/\/potenciaradiofonicadominicana.com\/portal\/#\/schema\/person\/a5cf1fea13877803ee0573ac18b03490","name":"Potencia Radiof\u00f3nica Dominicana","image":{"@type":"ImageObject","inLanguage":"es","@id":"https:\/\/potenciaradiofonicadominicana.com\/portal\/#\/schema\/person\/image\/","url":"https:\/\/secure.gravatar.com\/avatar\/42a55ab9e8ccc656ba34cd791990602a?s=96&d=mm&r=g","contentUrl":"https:\/\/secure.gravatar.com\/avatar\/42a55ab9e8ccc656ba34cd791990602a?s=96&d=mm&r=g","caption":"Potencia Radiof\u00f3nica Dominicana"},"url":"https:\/\/potenciaradiofonicadominicana.com\/portal\/author\/johannyalmanzar\/"}]}},"_links":{"self":[{"href":"https:\/\/potenciaradiofonicadominicana.com\/portal\/wp-json\/wp\/v2\/posts\/112880","targetHints":{"allow":["GET"]}}],"collection":[{"href":"https:\/\/potenciaradiofonicadominicana.com\/portal\/wp-json\/wp\/v2\/posts"}],"about":[{"href":"https:\/\/potenciaradiofonicadominicana.com\/portal\/wp-json\/wp\/v2\/types\/post"}],"author":[{"embeddable":true,"href":"https:\/\/potenciaradiofonicadominicana.com\/portal\/wp-json\/wp\/v2\/users\/2"}],"replies":[{"embeddable":true,"href":"https:\/\/potenciaradiofonicadominicana.com\/portal\/wp-json\/wp\/v2\/comments?post=112880"}],"version-history":[{"count":1,"href":"https:\/\/potenciaradiofonicadominicana.com\/portal\/wp-json\/wp\/v2\/posts\/112880\/revisions"}],"predecessor-version":[{"id":112897,"href":"https:\/\/potenciaradiofonicadominicana.com\/portal\/wp-json\/wp\/v2\/posts\/112880\/revisions\/112897"}],"wp:featuredmedia":[{"embeddable":true,"href":"https:\/\/potenciaradiofonicadominicana.com\/portal\/wp-json\/wp\/v2\/media\/112894"}],"wp:attachment":[{"href":"https:\/\/potenciaradiofonicadominicana.com\/portal\/wp-json\/wp\/v2\/media?parent=112880"}],"wp:term":[{"taxonomy":"category","embeddable":true,"href":"https:\/\/potenciaradiofonicadominicana.com\/portal\/wp-json\/wp\/v2\/categories?post=112880"},{"taxonomy":"post_tag","embeddable":true,"href":"https:\/\/potenciaradiofonicadominicana.com\/portal\/wp-json\/wp\/v2\/tags?post=112880"}],"curies":[{"name":"wp","href":"https:\/\/api.w.org\/{rel}","templated":true}]}}