{"id":112875,"date":"2022-01-18T10:42:46","date_gmt":"2022-01-18T14:42:46","guid":{"rendered":"https:\/\/potenciaradiofonicadominicana.com\/portal\/?p=112875"},"modified":"2022-01-18T10:42:46","modified_gmt":"2022-01-18T14:42:46","slug":"levenement-se-lleva-el-premio-a-la-mejor-pelicula-en-los-lumieres","status":"publish","type":"post","link":"https:\/\/potenciaradiofonicadominicana.com\/portal\/levenement-se-lleva-el-premio-a-la-mejor-pelicula-en-los-lumieres\/","title":{"rendered":"\u00abL&#8217;\u00e9v\u00e9nement\u00bb se lleva el premio a la mejor pel\u00edcula en los Lumi\u00e9res"},"content":{"rendered":"<p><a href=\"https:\/\/potenciaradiofonicadominicana.com\/portal\/wp-content\/uploads\/2022\/01\/5908688.jpg\"><img loading=\"lazy\" decoding=\"async\" class=\"alignnone size-full wp-image-112878\" src=\"https:\/\/potenciaradiofonicadominicana.com\/portal\/wp-content\/uploads\/2022\/01\/5908688.jpg\" alt=\"\" width=\"960\" height=\"540\" srcset=\"https:\/\/potenciaradiofonicadominicana.com\/portal\/wp-content\/uploads\/2022\/01\/5908688.jpg 960w, https:\/\/potenciaradiofonicadominicana.com\/portal\/wp-content\/uploads\/2022\/01\/5908688-300x169.jpg 300w, https:\/\/potenciaradiofonicadominicana.com\/portal\/wp-content\/uploads\/2022\/01\/5908688-768x432.jpg 768w\" sizes=\"auto, (max-width: 960px) 100vw, 960px\" \/><\/a><\/p>\n<p>\u00abL&#8217;\u00e9v\u00e9nement\u00bb (\u00abEl acontecimiento\u00bb), un crudo relato de un aborto clandestino premiado en Venecia autor\u00eda de\u00a0Audrey Diwan, gan\u00f3 el premio a la mejor\u00a0pel\u00edcula\u00a0en la 27 edici\u00f3n de los Lumi\u00e9res, con los que la prensa extranjera distingue al\u00a0cine\u00a0franc\u00e9s.<\/p>\n<p>Durante la\u00a0gala\u00a0celebrada este lunes, \u00abL&#8217;\u00e9v\u00e9nement\u00bb se llev\u00f3 tambi\u00e9n el galard\u00f3n a la mejor interpretaci\u00f3n femenina gracias al premio a la joven\u00a0actriz\u00a0franco-rumana\u00a0Anamaria Vartolomei.<\/p>\n<p>El musical \u00abAnnette\u00bb recibi\u00f3 el de mejor puesta en escena, el de la fotograf\u00eda (Caroline Champetier) y la banda sonora (Les Sparks), mientras que \u00abIllusions perdues\u00bb (\u00abLas ilusiones perdidas\u00bb), adaptaci\u00f3n de la novela de Balzac, solo gan\u00f3 el premio al mejor escenario (estaba nominada en cinco categor\u00edas).<\/p>\n<p>El galard\u00f3n a la interpretaci\u00f3n masculina recay\u00f3 en\u00a0Benoit Magimel\u00a0por \u00abDe son vivant\u00bb, un drama de la francesa Emmanuelle Bercot.<\/p>\n<p>La<strong>\u00a0<\/strong>actriz\u00a0revelaci\u00f3n femenina fue para\u00a0Agathe Rousselle, de la\u00a0pel\u00edcula\u00a0de terror \u00abTitane\u00bb, de Julia Ducournau, y la masculina correspondi\u00f3 a\u00a0Thimot\u00e9e Robart\u00a0en \u00abLes Magn\u00e9tiques\u00bb.<\/p>\n<p>Los Lumi\u00e9res, que est\u00e1n considerados los Globos de Oro de Francia, fueron creados en 1995 por la iniciativa del periodista brit\u00e1nico Edward Behr y cuentan con la participaci\u00f3n de 95 corresponsales de 36 pa\u00edses.<\/p>\n<p>La\u00a0pel\u00edcula\u00a0\u00abThe Sisters Brothers\u00bb (\u00abLos hermanos Sisters\u00bb), dirigida por el director franc\u00e9s Jacques Audiard, hab\u00eda sido la vencedora de los anteriores\u00a0Premios Lumi\u00e9res, que reconocieron este \u00abwestern\u00bb como el mejor filme y gan\u00f3 tambi\u00e9n a la mejor fotograf\u00eda y la mejor puesta en escena.<\/p>\n<p>Tr\u00e1iler de la\u00a0pel\u00edcula<\/p>\n<div class=\"social-embed mb-4\">\n<div class=\"placeholderYoutube\">\n<div><iframe loading=\"lazy\" class=\"lazy loaded\" title=\"Embed contenido\" src=\"https:\/\/www.youtube.com\/embed\/5j7Eug3s63U?rel=0\" width=\"300\" height=\"150\" scrolling=\"no\" allowfullscreen=\"allowfullscreen\" data-src=\"https:\/\/www.youtube.com\/embed\/5j7Eug3s63U?rel=0\" data-was-processed=\"true\" data-mce-fragment=\"1\"><\/iframe><\/div>\n<\/div>\n<\/div>\n","protected":false},"excerpt":{"rendered":"<p>\u00abL&#8217;\u00e9v\u00e9nement\u00bb (\u00abEl acontecimiento\u00bb), un crudo relato de un aborto clandestino premiado en Venecia autor\u00eda de\u00a0Audrey Diwan, gan\u00f3 el premio a &#8230;<\/p>\n","protected":false},"author":2,"featured_media":112878,"comment_status":"open","ping_status":"open","sticky":false,"template":"","format":"standard","meta":{"footnotes":""},"categories":[31],"tags":[],"class_list":["post-112875","post","type-post","status-publish","format-standard","has-post-thumbnail","hentry","category-arte-y-espectaculo"],"yoast_head":"<!-- This site is optimized with the Yoast SEO plugin v24.8.1 - https:\/\/yoast.com\/wordpress\/plugins\/seo\/ -->\n<title>&quot;L&#039;\u00e9v\u00e9nement&quot; se lleva el premio a la mejor pel\u00edcula en los Lumi\u00e9res - PotenciaRadiofonicaDominicana.com<\/title>\n<meta name=\"robots\" content=\"index, follow, max-snippet:-1, max-image-preview:large, max-video-preview:-1\" \/>\n<link rel=\"canonical\" href=\"https:\/\/potenciaradiofonicadominicana.com\/portal\/levenement-se-lleva-el-premio-a-la-mejor-pelicula-en-los-lumieres\/\" \/>\n<meta property=\"og:locale\" content=\"es_ES\" \/>\n<meta property=\"og:type\" content=\"article\" \/>\n<meta property=\"og:title\" content=\"&quot;L&#039;\u00e9v\u00e9nement&quot; se lleva el premio a la mejor pel\u00edcula en los Lumi\u00e9res - PotenciaRadiofonicaDominicana.com\" \/>\n<meta property=\"og:description\" content=\"\u00abL&#8217;\u00e9v\u00e9nement\u00bb (\u00abEl acontecimiento\u00bb), un crudo relato de un aborto clandestino premiado en Venecia autor\u00eda de\u00a0Audrey Diwan, gan\u00f3 el premio a ...\" \/>\n<meta property=\"og:url\" content=\"https:\/\/potenciaradiofonicadominicana.com\/portal\/levenement-se-lleva-el-premio-a-la-mejor-pelicula-en-los-lumieres\/\" \/>\n<meta property=\"og:site_name\" content=\"PotenciaRadiofonicaDominicana.com\" \/>\n<meta property=\"article:publisher\" content=\"https:\/\/web.facebook.com\/PotenciaRadiofonicaD\" \/>\n<meta property=\"article:published_time\" content=\"2022-01-18T14:42:46+00:00\" \/>\n<meta property=\"og:image\" content=\"https:\/\/potenciaradiofonicadominicana.com\/portal\/wp-content\/uploads\/2022\/01\/5908688.jpg\" \/>\n\t<meta property=\"og:image:width\" content=\"960\" \/>\n\t<meta property=\"og:image:height\" content=\"540\" \/>\n\t<meta property=\"og:image:type\" content=\"image\/jpeg\" \/>\n<meta name=\"author\" content=\"Potencia Radiof\u00f3nica Dominicana\" \/>\n<meta name=\"twitter:card\" content=\"summary_large_image\" \/>\n<meta name=\"twitter:label1\" content=\"Escrito por\" \/>\n\t<meta name=\"twitter:data1\" content=\"Potencia Radiof\u00f3nica Dominicana\" \/>\n\t<meta name=\"twitter:label2\" content=\"Tiempo de lectura\" \/>\n\t<meta name=\"twitter:data2\" content=\"1 minuto\" \/>\n<script type=\"application\/ld+json\" class=\"yoast-schema-graph\">{\"@context\":\"https:\/\/schema.org\",\"@graph\":[{\"@type\":\"Article\",\"@id\":\"https:\/\/potenciaradiofonicadominicana.com\/portal\/levenement-se-lleva-el-premio-a-la-mejor-pelicula-en-los-lumieres\/#article\",\"isPartOf\":{\"@id\":\"https:\/\/potenciaradiofonicadominicana.com\/portal\/levenement-se-lleva-el-premio-a-la-mejor-pelicula-en-los-lumieres\/\"},\"author\":{\"name\":\"Potencia Radiof\u00f3nica Dominicana\",\"@id\":\"https:\/\/potenciaradiofonicadominicana.com\/portal\/#\/schema\/person\/a5cf1fea13877803ee0573ac18b03490\"},\"headline\":\"\u00abL&#8217;\u00e9v\u00e9nement\u00bb se lleva el premio a la mejor pel\u00edcula en los Lumi\u00e9res\",\"datePublished\":\"2022-01-18T14:42:46+00:00\",\"mainEntityOfPage\":{\"@id\":\"https:\/\/potenciaradiofonicadominicana.com\/portal\/levenement-se-lleva-el-premio-a-la-mejor-pelicula-en-los-lumieres\/\"},\"wordCount\":292,\"commentCount\":0,\"publisher\":{\"@id\":\"https:\/\/potenciaradiofonicadominicana.com\/portal\/#organization\"},\"image\":{\"@id\":\"https:\/\/potenciaradiofonicadominicana.com\/portal\/levenement-se-lleva-el-premio-a-la-mejor-pelicula-en-los-lumieres\/#primaryimage\"},\"thumbnailUrl\":\"https:\/\/potenciaradiofonicadominicana.com\/portal\/wp-content\/uploads\/2022\/01\/5908688.jpg\",\"articleSection\":[\"Arte y Espectaculo\"],\"inLanguage\":\"es\",\"potentialAction\":[{\"@type\":\"CommentAction\",\"name\":\"Comment\",\"target\":[\"https:\/\/potenciaradiofonicadominicana.com\/portal\/levenement-se-lleva-el-premio-a-la-mejor-pelicula-en-los-lumieres\/#respond\"]}]},{\"@type\":\"WebPage\",\"@id\":\"https:\/\/potenciaradiofonicadominicana.com\/portal\/levenement-se-lleva-el-premio-a-la-mejor-pelicula-en-los-lumieres\/\",\"url\":\"https:\/\/potenciaradiofonicadominicana.com\/portal\/levenement-se-lleva-el-premio-a-la-mejor-pelicula-en-los-lumieres\/\",\"name\":\"\\\"L'\u00e9v\u00e9nement\\\" se lleva el premio a la mejor pel\u00edcula en los Lumi\u00e9res - PotenciaRadiofonicaDominicana.com\",\"isPartOf\":{\"@id\":\"https:\/\/potenciaradiofonicadominicana.com\/portal\/#website\"},\"primaryImageOfPage\":{\"@id\":\"https:\/\/potenciaradiofonicadominicana.com\/portal\/levenement-se-lleva-el-premio-a-la-mejor-pelicula-en-los-lumieres\/#primaryimage\"},\"image\":{\"@id\":\"https:\/\/potenciaradiofonicadominicana.com\/portal\/levenement-se-lleva-el-premio-a-la-mejor-pelicula-en-los-lumieres\/#primaryimage\"},\"thumbnailUrl\":\"https:\/\/potenciaradiofonicadominicana.com\/portal\/wp-content\/uploads\/2022\/01\/5908688.jpg\",\"datePublished\":\"2022-01-18T14:42:46+00:00\",\"breadcrumb\":{\"@id\":\"https:\/\/potenciaradiofonicadominicana.com\/portal\/levenement-se-lleva-el-premio-a-la-mejor-pelicula-en-los-lumieres\/#breadcrumb\"},\"inLanguage\":\"es\",\"potentialAction\":[{\"@type\":\"ReadAction\",\"target\":[\"https:\/\/potenciaradiofonicadominicana.com\/portal\/levenement-se-lleva-el-premio-a-la-mejor-pelicula-en-los-lumieres\/\"]}]},{\"@type\":\"ImageObject\",\"inLanguage\":\"es\",\"@id\":\"https:\/\/potenciaradiofonicadominicana.com\/portal\/levenement-se-lleva-el-premio-a-la-mejor-pelicula-en-los-lumieres\/#primaryimage\",\"url\":\"https:\/\/potenciaradiofonicadominicana.com\/portal\/wp-content\/uploads\/2022\/01\/5908688.jpg\",\"contentUrl\":\"https:\/\/potenciaradiofonicadominicana.com\/portal\/wp-content\/uploads\/2022\/01\/5908688.jpg\",\"width\":960,\"height\":540},{\"@type\":\"BreadcrumbList\",\"@id\":\"https:\/\/potenciaradiofonicadominicana.com\/portal\/levenement-se-lleva-el-premio-a-la-mejor-pelicula-en-los-lumieres\/#breadcrumb\",\"itemListElement\":[{\"@type\":\"ListItem\",\"position\":1,\"name\":\"Portada\",\"item\":\"https:\/\/potenciaradiofonicadominicana.com\/portal\/\"},{\"@type\":\"ListItem\",\"position\":2,\"name\":\"\u00abL&#8217;\u00e9v\u00e9nement\u00bb se lleva el premio a la mejor pel\u00edcula en los Lumi\u00e9res\"}]},{\"@type\":\"WebSite\",\"@id\":\"https:\/\/potenciaradiofonicadominicana.com\/portal\/#website\",\"url\":\"https:\/\/potenciaradiofonicadominicana.com\/portal\/\",\"name\":\"PotenciaRadiofonicaDominicana.com\",\"description\":\"Peri\u00f3dico Digital\",\"publisher\":{\"@id\":\"https:\/\/potenciaradiofonicadominicana.com\/portal\/#organization\"},\"potentialAction\":[{\"@type\":\"SearchAction\",\"target\":{\"@type\":\"EntryPoint\",\"urlTemplate\":\"https:\/\/potenciaradiofonicadominicana.com\/portal\/?s={search_term_string}\"},\"query-input\":{\"@type\":\"PropertyValueSpecification\",\"valueRequired\":true,\"valueName\":\"search_term_string\"}}],\"inLanguage\":\"es\"},{\"@type\":\"Organization\",\"@id\":\"https:\/\/potenciaradiofonicadominicana.com\/portal\/#organization\",\"name\":\"PotenciaRadiofonicaDominicana.com\",\"url\":\"https:\/\/potenciaradiofonicadominicana.com\/portal\/\",\"logo\":{\"@type\":\"ImageObject\",\"inLanguage\":\"es\",\"@id\":\"https:\/\/potenciaradiofonicadominicana.com\/portal\/#\/schema\/logo\/image\/\",\"url\":\"https:\/\/potenciaradiofonicadominicana.com\/portal\/wp-content\/uploads\/2022\/01\/descarga.png\",\"contentUrl\":\"https:\/\/potenciaradiofonicadominicana.com\/portal\/wp-content\/uploads\/2022\/01\/descarga.png\",\"width\":300,\"height\":100,\"caption\":\"PotenciaRadiofonicaDominicana.com\"},\"image\":{\"@id\":\"https:\/\/potenciaradiofonicadominicana.com\/portal\/#\/schema\/logo\/image\/\"},\"sameAs\":[\"https:\/\/web.facebook.com\/PotenciaRadiofonicaD\"]},{\"@type\":\"Person\",\"@id\":\"https:\/\/potenciaradiofonicadominicana.com\/portal\/#\/schema\/person\/a5cf1fea13877803ee0573ac18b03490\",\"name\":\"Potencia Radiof\u00f3nica Dominicana\",\"image\":{\"@type\":\"ImageObject\",\"inLanguage\":\"es\",\"@id\":\"https:\/\/potenciaradiofonicadominicana.com\/portal\/#\/schema\/person\/image\/\",\"url\":\"https:\/\/secure.gravatar.com\/avatar\/42a55ab9e8ccc656ba34cd791990602a?s=96&d=mm&r=g\",\"contentUrl\":\"https:\/\/secure.gravatar.com\/avatar\/42a55ab9e8ccc656ba34cd791990602a?s=96&d=mm&r=g\",\"caption\":\"Potencia Radiof\u00f3nica Dominicana\"},\"url\":\"https:\/\/potenciaradiofonicadominicana.com\/portal\/author\/johannyalmanzar\/\"}]}<\/script>\n<!-- \/ Yoast SEO plugin. -->","yoast_head_json":{"title":"\"L'\u00e9v\u00e9nement\" se lleva el premio a la mejor pel\u00edcula en los Lumi\u00e9res - PotenciaRadiofonicaDominicana.com","robots":{"index":"index","follow":"follow","max-snippet":"max-snippet:-1","max-image-preview":"max-image-preview:large","max-video-preview":"max-video-preview:-1"},"canonical":"https:\/\/potenciaradiofonicadominicana.com\/portal\/levenement-se-lleva-el-premio-a-la-mejor-pelicula-en-los-lumieres\/","og_locale":"es_ES","og_type":"article","og_title":"\"L'\u00e9v\u00e9nement\" se lleva el premio a la mejor pel\u00edcula en los Lumi\u00e9res - PotenciaRadiofonicaDominicana.com","og_description":"\u00abL&#8217;\u00e9v\u00e9nement\u00bb (\u00abEl acontecimiento\u00bb), un crudo relato de un aborto clandestino premiado en Venecia autor\u00eda de\u00a0Audrey Diwan, gan\u00f3 el premio a ...","og_url":"https:\/\/potenciaradiofonicadominicana.com\/portal\/levenement-se-lleva-el-premio-a-la-mejor-pelicula-en-los-lumieres\/","og_site_name":"PotenciaRadiofonicaDominicana.com","article_publisher":"https:\/\/web.facebook.com\/PotenciaRadiofonicaD","article_published_time":"2022-01-18T14:42:46+00:00","og_image":[{"width":960,"height":540,"url":"https:\/\/potenciaradiofonicadominicana.com\/portal\/wp-content\/uploads\/2022\/01\/5908688.jpg","type":"image\/jpeg"}],"author":"Potencia Radiof\u00f3nica Dominicana","twitter_card":"summary_large_image","twitter_misc":{"Escrito por":"Potencia Radiof\u00f3nica Dominicana","Tiempo de lectura":"1 minuto"},"schema":{"@context":"https:\/\/schema.org","@graph":[{"@type":"Article","@id":"https:\/\/potenciaradiofonicadominicana.com\/portal\/levenement-se-lleva-el-premio-a-la-mejor-pelicula-en-los-lumieres\/#article","isPartOf":{"@id":"https:\/\/potenciaradiofonicadominicana.com\/portal\/levenement-se-lleva-el-premio-a-la-mejor-pelicula-en-los-lumieres\/"},"author":{"name":"Potencia Radiof\u00f3nica Dominicana","@id":"https:\/\/potenciaradiofonicadominicana.com\/portal\/#\/schema\/person\/a5cf1fea13877803ee0573ac18b03490"},"headline":"\u00abL&#8217;\u00e9v\u00e9nement\u00bb se lleva el premio a la mejor pel\u00edcula en los Lumi\u00e9res","datePublished":"2022-01-18T14:42:46+00:00","mainEntityOfPage":{"@id":"https:\/\/potenciaradiofonicadominicana.com\/portal\/levenement-se-lleva-el-premio-a-la-mejor-pelicula-en-los-lumieres\/"},"wordCount":292,"commentCount":0,"publisher":{"@id":"https:\/\/potenciaradiofonicadominicana.com\/portal\/#organization"},"image":{"@id":"https:\/\/potenciaradiofonicadominicana.com\/portal\/levenement-se-lleva-el-premio-a-la-mejor-pelicula-en-los-lumieres\/#primaryimage"},"thumbnailUrl":"https:\/\/potenciaradiofonicadominicana.com\/portal\/wp-content\/uploads\/2022\/01\/5908688.jpg","articleSection":["Arte y Espectaculo"],"inLanguage":"es","potentialAction":[{"@type":"CommentAction","name":"Comment","target":["https:\/\/potenciaradiofonicadominicana.com\/portal\/levenement-se-lleva-el-premio-a-la-mejor-pelicula-en-los-lumieres\/#respond"]}]},{"@type":"WebPage","@id":"https:\/\/potenciaradiofonicadominicana.com\/portal\/levenement-se-lleva-el-premio-a-la-mejor-pelicula-en-los-lumieres\/","url":"https:\/\/potenciaradiofonicadominicana.com\/portal\/levenement-se-lleva-el-premio-a-la-mejor-pelicula-en-los-lumieres\/","name":"\"L'\u00e9v\u00e9nement\" se lleva el premio a la mejor pel\u00edcula en los Lumi\u00e9res - PotenciaRadiofonicaDominicana.com","isPartOf":{"@id":"https:\/\/potenciaradiofonicadominicana.com\/portal\/#website"},"primaryImageOfPage":{"@id":"https:\/\/potenciaradiofonicadominicana.com\/portal\/levenement-se-lleva-el-premio-a-la-mejor-pelicula-en-los-lumieres\/#primaryimage"},"image":{"@id":"https:\/\/potenciaradiofonicadominicana.com\/portal\/levenement-se-lleva-el-premio-a-la-mejor-pelicula-en-los-lumieres\/#primaryimage"},"thumbnailUrl":"https:\/\/potenciaradiofonicadominicana.com\/portal\/wp-content\/uploads\/2022\/01\/5908688.jpg","datePublished":"2022-01-18T14:42:46+00:00","breadcrumb":{"@id":"https:\/\/potenciaradiofonicadominicana.com\/portal\/levenement-se-lleva-el-premio-a-la-mejor-pelicula-en-los-lumieres\/#breadcrumb"},"inLanguage":"es","potentialAction":[{"@type":"ReadAction","target":["https:\/\/potenciaradiofonicadominicana.com\/portal\/levenement-se-lleva-el-premio-a-la-mejor-pelicula-en-los-lumieres\/"]}]},{"@type":"ImageObject","inLanguage":"es","@id":"https:\/\/potenciaradiofonicadominicana.com\/portal\/levenement-se-lleva-el-premio-a-la-mejor-pelicula-en-los-lumieres\/#primaryimage","url":"https:\/\/potenciaradiofonicadominicana.com\/portal\/wp-content\/uploads\/2022\/01\/5908688.jpg","contentUrl":"https:\/\/potenciaradiofonicadominicana.com\/portal\/wp-content\/uploads\/2022\/01\/5908688.jpg","width":960,"height":540},{"@type":"BreadcrumbList","@id":"https:\/\/potenciaradiofonicadominicana.com\/portal\/levenement-se-lleva-el-premio-a-la-mejor-pelicula-en-los-lumieres\/#breadcrumb","itemListElement":[{"@type":"ListItem","position":1,"name":"Portada","item":"https:\/\/potenciaradiofonicadominicana.com\/portal\/"},{"@type":"ListItem","position":2,"name":"\u00abL&#8217;\u00e9v\u00e9nement\u00bb se lleva el premio a la mejor pel\u00edcula en los Lumi\u00e9res"}]},{"@type":"WebSite","@id":"https:\/\/potenciaradiofonicadominicana.com\/portal\/#website","url":"https:\/\/potenciaradiofonicadominicana.com\/portal\/","name":"PotenciaRadiofonicaDominicana.com","description":"Peri\u00f3dico Digital","publisher":{"@id":"https:\/\/potenciaradiofonicadominicana.com\/portal\/#organization"},"potentialAction":[{"@type":"SearchAction","target":{"@type":"EntryPoint","urlTemplate":"https:\/\/potenciaradiofonicadominicana.com\/portal\/?s={search_term_string}"},"query-input":{"@type":"PropertyValueSpecification","valueRequired":true,"valueName":"search_term_string"}}],"inLanguage":"es"},{"@type":"Organization","@id":"https:\/\/potenciaradiofonicadominicana.com\/portal\/#organization","name":"PotenciaRadiofonicaDominicana.com","url":"https:\/\/potenciaradiofonicadominicana.com\/portal\/","logo":{"@type":"ImageObject","inLanguage":"es","@id":"https:\/\/potenciaradiofonicadominicana.com\/portal\/#\/schema\/logo\/image\/","url":"https:\/\/potenciaradiofonicadominicana.com\/portal\/wp-content\/uploads\/2022\/01\/descarga.png","contentUrl":"https:\/\/potenciaradiofonicadominicana.com\/portal\/wp-content\/uploads\/2022\/01\/descarga.png","width":300,"height":100,"caption":"PotenciaRadiofonicaDominicana.com"},"image":{"@id":"https:\/\/potenciaradiofonicadominicana.com\/portal\/#\/schema\/logo\/image\/"},"sameAs":["https:\/\/web.facebook.com\/PotenciaRadiofonicaD"]},{"@type":"Person","@id":"https:\/\/potenciaradiofonicadominicana.com\/portal\/#\/schema\/person\/a5cf1fea13877803ee0573ac18b03490","name":"Potencia Radiof\u00f3nica Dominicana","image":{"@type":"ImageObject","inLanguage":"es","@id":"https:\/\/potenciaradiofonicadominicana.com\/portal\/#\/schema\/person\/image\/","url":"https:\/\/secure.gravatar.com\/avatar\/42a55ab9e8ccc656ba34cd791990602a?s=96&d=mm&r=g","contentUrl":"https:\/\/secure.gravatar.com\/avatar\/42a55ab9e8ccc656ba34cd791990602a?s=96&d=mm&r=g","caption":"Potencia Radiof\u00f3nica Dominicana"},"url":"https:\/\/potenciaradiofonicadominicana.com\/portal\/author\/johannyalmanzar\/"}]}},"_links":{"self":[{"href":"https:\/\/potenciaradiofonicadominicana.com\/portal\/wp-json\/wp\/v2\/posts\/112875","targetHints":{"allow":["GET"]}}],"collection":[{"href":"https:\/\/potenciaradiofonicadominicana.com\/portal\/wp-json\/wp\/v2\/posts"}],"about":[{"href":"https:\/\/potenciaradiofonicadominicana.com\/portal\/wp-json\/wp\/v2\/types\/post"}],"author":[{"embeddable":true,"href":"https:\/\/potenciaradiofonicadominicana.com\/portal\/wp-json\/wp\/v2\/users\/2"}],"replies":[{"embeddable":true,"href":"https:\/\/potenciaradiofonicadominicana.com\/portal\/wp-json\/wp\/v2\/comments?post=112875"}],"version-history":[{"count":1,"href":"https:\/\/potenciaradiofonicadominicana.com\/portal\/wp-json\/wp\/v2\/posts\/112875\/revisions"}],"predecessor-version":[{"id":112881,"href":"https:\/\/potenciaradiofonicadominicana.com\/portal\/wp-json\/wp\/v2\/posts\/112875\/revisions\/112881"}],"wp:featuredmedia":[{"embeddable":true,"href":"https:\/\/potenciaradiofonicadominicana.com\/portal\/wp-json\/wp\/v2\/media\/112878"}],"wp:attachment":[{"href":"https:\/\/potenciaradiofonicadominicana.com\/portal\/wp-json\/wp\/v2\/media?parent=112875"}],"wp:term":[{"taxonomy":"category","embeddable":true,"href":"https:\/\/potenciaradiofonicadominicana.com\/portal\/wp-json\/wp\/v2\/categories?post=112875"},{"taxonomy":"post_tag","embeddable":true,"href":"https:\/\/potenciaradiofonicadominicana.com\/portal\/wp-json\/wp\/v2\/tags?post=112875"}],"curies":[{"name":"wp","href":"https:\/\/api.w.org\/{rel}","templated":true}]}}