{"id":112868,"date":"2022-01-18T10:31:00","date_gmt":"2022-01-18T14:31:00","guid":{"rendered":"https:\/\/potenciaradiofonicadominicana.com\/portal\/?p=112868"},"modified":"2022-01-18T10:31:00","modified_gmt":"2022-01-18T14:31:00","slug":"fitur-2022-lanza-el-mensaje-de-que-los-viajes-seguros-son-posibles","status":"publish","type":"post","link":"https:\/\/potenciaradiofonicadominicana.com\/portal\/fitur-2022-lanza-el-mensaje-de-que-los-viajes-seguros-son-posibles\/","title":{"rendered":"Fitur 2022 lanza el mensaje de que los viajes seguros son posibles"},"content":{"rendered":"<p><a href=\"https:\/\/potenciaradiofonicadominicana.com\/portal\/wp-content\/uploads\/2022\/01\/fitur-2022.jpg\"><img loading=\"lazy\" decoding=\"async\" class=\"alignnone size-full wp-image-112869\" src=\"https:\/\/potenciaradiofonicadominicana.com\/portal\/wp-content\/uploads\/2022\/01\/fitur-2022.jpg\" alt=\"\" width=\"630\" height=\"420\" srcset=\"https:\/\/potenciaradiofonicadominicana.com\/portal\/wp-content\/uploads\/2022\/01\/fitur-2022.jpg 630w, https:\/\/potenciaradiofonicadominicana.com\/portal\/wp-content\/uploads\/2022\/01\/fitur-2022-300x200.jpg 300w\" sizes=\"auto, (max-width: 630px) 100vw, 630px\" \/><\/a><\/p>\n<p>La 42 edici\u00f3n de la\u00a0Feria Internacional del Turismo (Fitur)\u00a0de Madrid, que se celebra desde ma\u00f1ana hasta el domingo 23, reunir\u00e1 a cerca de 7.000 empresas y 107 pa\u00edses, y quiere lanzar el mensaje de que el turismo convive de forma segura con el coronavirus y que es vital recuperarlo para impulsar el crecimiento.<\/p>\n<p>Aunque el sector da por hecho que la recuperaci\u00f3n de los niveles prepandemia no llegar\u00e1 antes de 2023, las previsiones de los agentes del mercado sit\u00faan este 2022 muy cerca de 2019, especialmente a partir de la primavera boreal, para cuando se habr\u00e1 superado el efecto de la variante \u00f3micron, que ha roto la racha de progresivo crecimiento que se ven\u00eda observando desde mayo pasado.<\/p>\n<p>Fitur\u00a0puede ser la punta de lanza para ese relanzamiento, y ese es el mensaje que tratan de trasladar los organizadores y las administraciones p\u00fablicas, que coinciden en que el turismo ha mostrado que convive de forma segura con la nueva realidad derivada de la pandemia y que debe recuperar su liderazgo como palanca de desarrollo.<\/p>\n<p>Con\u00a0Rep\u00fablica Dominicana\u00a0como pa\u00eds socio en esta ocasi\u00f3n, el recinto de Ifema, en Madrid, acoger\u00e1 a unas 90.000 personas, 60.000 de ellos profesionales, entre ma\u00f1ana y el domingo, los tres primeros s\u00f3lo para el sector y el fin de semana para el p\u00fablico en general, como es habitual.<\/p>\n<p>La organizaci\u00f3n ha optado por la presencialidad, en una apuesta m\u00e1s arriesgada que la de la\u00a0feria de Berl\u00edn\u00a0-ser\u00e1 en marzo s\u00f3lo virtual- aunque mantiene tambi\u00e9n los formatos online que ya se desarrollaron en la edici\u00f3n de 2021.<\/p>\n<p>Las medidas de seguridad sanitaria, puestas en marcha ya en la edici\u00f3n del a\u00f1o pasado con \u00e9xito, exigen tanto para profesionales como para el p\u00fablico en general la presentaci\u00f3n del pasaporte covid, en el caso de los ciudadanos de la Uni\u00f3n Europea o adheridos a este documento, o el\u00a0c\u00f3digo QR Spain Travel Health,\u00a0que permite la entrada en Espa\u00f1a desde pa\u00edses no comunitarios.<\/p>\n<p>En ausencia de cualquiera de estos dos certificados habr\u00e1 que presentar un test negativo (PCR o ant\u00edgenos) hecho en las 24 horas anteriores y ser\u00e1 obligatorio usar mascarilla FFP2.<\/p>\n<p>Con 600 expositores y 6.933 empresas en ocho pabellones, las cifras est\u00e1n todav\u00eda lejos de los niveles de la edici\u00f3n de enero de 2020, justo antes de declararse la pandemia (m\u00e1s de 900 expositores, 11.000 empresas, 165 pa\u00edses y 250.000 visitas) pero mejoran sustancialmente las del a\u00f1o pasado, cuando apenas se llenaron tres pabellones.<\/p>\n<p>Los profesionales podr\u00e1n interactuar a trav\u00e9s de la plataforma digital,\u00a0Fitur\u00a0LIVEConect, ya operativa desde el pasado 20 de diciembre y que se mantendr\u00e1 hasta el 4 de febrero.<\/p>\n<p>Entre las novedades de la\u00a0feria\u00a0destaca la primera edici\u00f3n de\u00a0Fitur\u00a0Cruises, que el s\u00e1bado presentar\u00e1 al p\u00fablico su oferta para tratar de relanzar un segmento especialmente azotado por la pandemia.<\/p>\n<p>Al mismo tiempo, se activar\u00e1 tambi\u00e9n por primera vez la plataforma Helixa, una instalaci\u00f3n tecnol\u00f3gico-art\u00edstica que permitir\u00e1 a los visitantes la creaci\u00f3n en tiempo real de su avatar, un gemelo digital personalizado con el que se podr\u00e1 interactuar en plataformas digitales y en el metaverso.<\/p>\n<p>Igual que en ediciones anteriores,<strong>\u00a0Fiturtechy<\/strong>\u00a0ser\u00e1 un espacio de difusi\u00f3n del conocimiento y la innovaci\u00f3n, con cuatro foros sobre negocios, destinos, sostenibilidad y tendencias de futuro.<\/p>\n<p>Fitur Know How &amp; Export, organizado por Segittur con la colaboraci\u00f3n del ICEX; Mice (de turismo de negocios); Screen (para mostrar la conexi\u00f3n del turismo y el cine); LGBT+; Talent; Woman, Lingua, y Travel Technology son los otros foros que se desarrollar\u00e1n en el recinto de Ifema.<\/p>\n<p>En los m\u00e1rgenes de la feria se celebrar\u00e1n la XXIV edici\u00f3n de CIMET, que reunir\u00e1 a los principales ministros y empresarios de turismo iberoamericanos, el XI Foro de Liderazgo Tur\u00edstico de Exceltur y el Foro Hotusa, espacios de reflexi\u00f3n sobre la situaci\u00f3n y el futuro del sector.<\/p>\n","protected":false},"excerpt":{"rendered":"<p>La 42 edici\u00f3n de la\u00a0Feria Internacional del Turismo (Fitur)\u00a0de Madrid, que se celebra desde ma\u00f1ana hasta el domingo 23, reunir\u00e1 &#8230;<\/p>\n","protected":false},"author":2,"featured_media":112869,"comment_status":"open","ping_status":"open","sticky":false,"template":"","format":"standard","meta":{"footnotes":""},"categories":[26],"tags":[],"class_list":["post-112868","post","type-post","status-publish","format-standard","has-post-thumbnail","hentry","category-economia"],"yoast_head":"<!-- This site is optimized with the Yoast SEO plugin v24.8.1 - https:\/\/yoast.com\/wordpress\/plugins\/seo\/ -->\n<title>Fitur 2022 lanza el mensaje de que los viajes seguros son posibles - PotenciaRadiofonicaDominicana.com<\/title>\n<meta name=\"robots\" content=\"index, follow, max-snippet:-1, max-image-preview:large, max-video-preview:-1\" \/>\n<link rel=\"canonical\" href=\"https:\/\/potenciaradiofonicadominicana.com\/portal\/fitur-2022-lanza-el-mensaje-de-que-los-viajes-seguros-son-posibles\/\" \/>\n<meta property=\"og:locale\" content=\"es_ES\" \/>\n<meta property=\"og:type\" content=\"article\" \/>\n<meta property=\"og:title\" content=\"Fitur 2022 lanza el mensaje de que los viajes seguros son posibles - PotenciaRadiofonicaDominicana.com\" \/>\n<meta property=\"og:description\" content=\"La 42 edici\u00f3n de la\u00a0Feria Internacional del Turismo (Fitur)\u00a0de Madrid, que se celebra desde ma\u00f1ana hasta el domingo 23, reunir\u00e1 ...\" \/>\n<meta property=\"og:url\" content=\"https:\/\/potenciaradiofonicadominicana.com\/portal\/fitur-2022-lanza-el-mensaje-de-que-los-viajes-seguros-son-posibles\/\" \/>\n<meta property=\"og:site_name\" content=\"PotenciaRadiofonicaDominicana.com\" \/>\n<meta property=\"article:publisher\" content=\"https:\/\/web.facebook.com\/PotenciaRadiofonicaD\" \/>\n<meta property=\"article:published_time\" content=\"2022-01-18T14:31:00+00:00\" \/>\n<meta property=\"og:image\" content=\"https:\/\/potenciaradiofonicadominicana.com\/portal\/wp-content\/uploads\/2022\/01\/fitur-2022.jpg\" \/>\n\t<meta property=\"og:image:width\" content=\"630\" \/>\n\t<meta property=\"og:image:height\" content=\"420\" \/>\n\t<meta property=\"og:image:type\" content=\"image\/jpeg\" \/>\n<meta name=\"author\" content=\"Potencia Radiof\u00f3nica Dominicana\" \/>\n<meta name=\"twitter:card\" content=\"summary_large_image\" \/>\n<meta name=\"twitter:label1\" content=\"Escrito por\" \/>\n\t<meta name=\"twitter:data1\" content=\"Potencia Radiof\u00f3nica Dominicana\" \/>\n\t<meta name=\"twitter:label2\" content=\"Tiempo de lectura\" \/>\n\t<meta name=\"twitter:data2\" content=\"3 minutos\" \/>\n<script type=\"application\/ld+json\" class=\"yoast-schema-graph\">{\"@context\":\"https:\/\/schema.org\",\"@graph\":[{\"@type\":\"Article\",\"@id\":\"https:\/\/potenciaradiofonicadominicana.com\/portal\/fitur-2022-lanza-el-mensaje-de-que-los-viajes-seguros-son-posibles\/#article\",\"isPartOf\":{\"@id\":\"https:\/\/potenciaradiofonicadominicana.com\/portal\/fitur-2022-lanza-el-mensaje-de-que-los-viajes-seguros-son-posibles\/\"},\"author\":{\"name\":\"Potencia Radiof\u00f3nica Dominicana\",\"@id\":\"https:\/\/potenciaradiofonicadominicana.com\/portal\/#\/schema\/person\/a5cf1fea13877803ee0573ac18b03490\"},\"headline\":\"Fitur 2022 lanza el mensaje de que los viajes seguros son posibles\",\"datePublished\":\"2022-01-18T14:31:00+00:00\",\"mainEntityOfPage\":{\"@id\":\"https:\/\/potenciaradiofonicadominicana.com\/portal\/fitur-2022-lanza-el-mensaje-de-que-los-viajes-seguros-son-posibles\/\"},\"wordCount\":684,\"commentCount\":0,\"publisher\":{\"@id\":\"https:\/\/potenciaradiofonicadominicana.com\/portal\/#organization\"},\"image\":{\"@id\":\"https:\/\/potenciaradiofonicadominicana.com\/portal\/fitur-2022-lanza-el-mensaje-de-que-los-viajes-seguros-son-posibles\/#primaryimage\"},\"thumbnailUrl\":\"https:\/\/potenciaradiofonicadominicana.com\/portal\/wp-content\/uploads\/2022\/01\/fitur-2022.jpg\",\"articleSection\":[\"Econom\u00eda\"],\"inLanguage\":\"es\",\"potentialAction\":[{\"@type\":\"CommentAction\",\"name\":\"Comment\",\"target\":[\"https:\/\/potenciaradiofonicadominicana.com\/portal\/fitur-2022-lanza-el-mensaje-de-que-los-viajes-seguros-son-posibles\/#respond\"]}]},{\"@type\":\"WebPage\",\"@id\":\"https:\/\/potenciaradiofonicadominicana.com\/portal\/fitur-2022-lanza-el-mensaje-de-que-los-viajes-seguros-son-posibles\/\",\"url\":\"https:\/\/potenciaradiofonicadominicana.com\/portal\/fitur-2022-lanza-el-mensaje-de-que-los-viajes-seguros-son-posibles\/\",\"name\":\"Fitur 2022 lanza el mensaje de que los viajes seguros son posibles - PotenciaRadiofonicaDominicana.com\",\"isPartOf\":{\"@id\":\"https:\/\/potenciaradiofonicadominicana.com\/portal\/#website\"},\"primaryImageOfPage\":{\"@id\":\"https:\/\/potenciaradiofonicadominicana.com\/portal\/fitur-2022-lanza-el-mensaje-de-que-los-viajes-seguros-son-posibles\/#primaryimage\"},\"image\":{\"@id\":\"https:\/\/potenciaradiofonicadominicana.com\/portal\/fitur-2022-lanza-el-mensaje-de-que-los-viajes-seguros-son-posibles\/#primaryimage\"},\"thumbnailUrl\":\"https:\/\/potenciaradiofonicadominicana.com\/portal\/wp-content\/uploads\/2022\/01\/fitur-2022.jpg\",\"datePublished\":\"2022-01-18T14:31:00+00:00\",\"breadcrumb\":{\"@id\":\"https:\/\/potenciaradiofonicadominicana.com\/portal\/fitur-2022-lanza-el-mensaje-de-que-los-viajes-seguros-son-posibles\/#breadcrumb\"},\"inLanguage\":\"es\",\"potentialAction\":[{\"@type\":\"ReadAction\",\"target\":[\"https:\/\/potenciaradiofonicadominicana.com\/portal\/fitur-2022-lanza-el-mensaje-de-que-los-viajes-seguros-son-posibles\/\"]}]},{\"@type\":\"ImageObject\",\"inLanguage\":\"es\",\"@id\":\"https:\/\/potenciaradiofonicadominicana.com\/portal\/fitur-2022-lanza-el-mensaje-de-que-los-viajes-seguros-son-posibles\/#primaryimage\",\"url\":\"https:\/\/potenciaradiofonicadominicana.com\/portal\/wp-content\/uploads\/2022\/01\/fitur-2022.jpg\",\"contentUrl\":\"https:\/\/potenciaradiofonicadominicana.com\/portal\/wp-content\/uploads\/2022\/01\/fitur-2022.jpg\",\"width\":630,\"height\":420},{\"@type\":\"BreadcrumbList\",\"@id\":\"https:\/\/potenciaradiofonicadominicana.com\/portal\/fitur-2022-lanza-el-mensaje-de-que-los-viajes-seguros-son-posibles\/#breadcrumb\",\"itemListElement\":[{\"@type\":\"ListItem\",\"position\":1,\"name\":\"Portada\",\"item\":\"https:\/\/potenciaradiofonicadominicana.com\/portal\/\"},{\"@type\":\"ListItem\",\"position\":2,\"name\":\"Fitur 2022 lanza el mensaje de que los viajes seguros son posibles\"}]},{\"@type\":\"WebSite\",\"@id\":\"https:\/\/potenciaradiofonicadominicana.com\/portal\/#website\",\"url\":\"https:\/\/potenciaradiofonicadominicana.com\/portal\/\",\"name\":\"PotenciaRadiofonicaDominicana.com\",\"description\":\"Peri\u00f3dico Digital\",\"publisher\":{\"@id\":\"https:\/\/potenciaradiofonicadominicana.com\/portal\/#organization\"},\"potentialAction\":[{\"@type\":\"SearchAction\",\"target\":{\"@type\":\"EntryPoint\",\"urlTemplate\":\"https:\/\/potenciaradiofonicadominicana.com\/portal\/?s={search_term_string}\"},\"query-input\":{\"@type\":\"PropertyValueSpecification\",\"valueRequired\":true,\"valueName\":\"search_term_string\"}}],\"inLanguage\":\"es\"},{\"@type\":\"Organization\",\"@id\":\"https:\/\/potenciaradiofonicadominicana.com\/portal\/#organization\",\"name\":\"PotenciaRadiofonicaDominicana.com\",\"url\":\"https:\/\/potenciaradiofonicadominicana.com\/portal\/\",\"logo\":{\"@type\":\"ImageObject\",\"inLanguage\":\"es\",\"@id\":\"https:\/\/potenciaradiofonicadominicana.com\/portal\/#\/schema\/logo\/image\/\",\"url\":\"https:\/\/potenciaradiofonicadominicana.com\/portal\/wp-content\/uploads\/2022\/01\/descarga.png\",\"contentUrl\":\"https:\/\/potenciaradiofonicadominicana.com\/portal\/wp-content\/uploads\/2022\/01\/descarga.png\",\"width\":300,\"height\":100,\"caption\":\"PotenciaRadiofonicaDominicana.com\"},\"image\":{\"@id\":\"https:\/\/potenciaradiofonicadominicana.com\/portal\/#\/schema\/logo\/image\/\"},\"sameAs\":[\"https:\/\/web.facebook.com\/PotenciaRadiofonicaD\"]},{\"@type\":\"Person\",\"@id\":\"https:\/\/potenciaradiofonicadominicana.com\/portal\/#\/schema\/person\/a5cf1fea13877803ee0573ac18b03490\",\"name\":\"Potencia Radiof\u00f3nica Dominicana\",\"image\":{\"@type\":\"ImageObject\",\"inLanguage\":\"es\",\"@id\":\"https:\/\/potenciaradiofonicadominicana.com\/portal\/#\/schema\/person\/image\/\",\"url\":\"https:\/\/secure.gravatar.com\/avatar\/42a55ab9e8ccc656ba34cd791990602a?s=96&d=mm&r=g\",\"contentUrl\":\"https:\/\/secure.gravatar.com\/avatar\/42a55ab9e8ccc656ba34cd791990602a?s=96&d=mm&r=g\",\"caption\":\"Potencia Radiof\u00f3nica Dominicana\"},\"url\":\"https:\/\/potenciaradiofonicadominicana.com\/portal\/author\/johannyalmanzar\/\"}]}<\/script>\n<!-- \/ Yoast SEO plugin. -->","yoast_head_json":{"title":"Fitur 2022 lanza el mensaje de que los viajes seguros son posibles - PotenciaRadiofonicaDominicana.com","robots":{"index":"index","follow":"follow","max-snippet":"max-snippet:-1","max-image-preview":"max-image-preview:large","max-video-preview":"max-video-preview:-1"},"canonical":"https:\/\/potenciaradiofonicadominicana.com\/portal\/fitur-2022-lanza-el-mensaje-de-que-los-viajes-seguros-son-posibles\/","og_locale":"es_ES","og_type":"article","og_title":"Fitur 2022 lanza el mensaje de que los viajes seguros son posibles - PotenciaRadiofonicaDominicana.com","og_description":"La 42 edici\u00f3n de la\u00a0Feria Internacional del Turismo (Fitur)\u00a0de Madrid, que se celebra desde ma\u00f1ana hasta el domingo 23, reunir\u00e1 ...","og_url":"https:\/\/potenciaradiofonicadominicana.com\/portal\/fitur-2022-lanza-el-mensaje-de-que-los-viajes-seguros-son-posibles\/","og_site_name":"PotenciaRadiofonicaDominicana.com","article_publisher":"https:\/\/web.facebook.com\/PotenciaRadiofonicaD","article_published_time":"2022-01-18T14:31:00+00:00","og_image":[{"width":630,"height":420,"url":"https:\/\/potenciaradiofonicadominicana.com\/portal\/wp-content\/uploads\/2022\/01\/fitur-2022.jpg","type":"image\/jpeg"}],"author":"Potencia Radiof\u00f3nica Dominicana","twitter_card":"summary_large_image","twitter_misc":{"Escrito por":"Potencia Radiof\u00f3nica Dominicana","Tiempo de lectura":"3 minutos"},"schema":{"@context":"https:\/\/schema.org","@graph":[{"@type":"Article","@id":"https:\/\/potenciaradiofonicadominicana.com\/portal\/fitur-2022-lanza-el-mensaje-de-que-los-viajes-seguros-son-posibles\/#article","isPartOf":{"@id":"https:\/\/potenciaradiofonicadominicana.com\/portal\/fitur-2022-lanza-el-mensaje-de-que-los-viajes-seguros-son-posibles\/"},"author":{"name":"Potencia Radiof\u00f3nica Dominicana","@id":"https:\/\/potenciaradiofonicadominicana.com\/portal\/#\/schema\/person\/a5cf1fea13877803ee0573ac18b03490"},"headline":"Fitur 2022 lanza el mensaje de que los viajes seguros son posibles","datePublished":"2022-01-18T14:31:00+00:00","mainEntityOfPage":{"@id":"https:\/\/potenciaradiofonicadominicana.com\/portal\/fitur-2022-lanza-el-mensaje-de-que-los-viajes-seguros-son-posibles\/"},"wordCount":684,"commentCount":0,"publisher":{"@id":"https:\/\/potenciaradiofonicadominicana.com\/portal\/#organization"},"image":{"@id":"https:\/\/potenciaradiofonicadominicana.com\/portal\/fitur-2022-lanza-el-mensaje-de-que-los-viajes-seguros-son-posibles\/#primaryimage"},"thumbnailUrl":"https:\/\/potenciaradiofonicadominicana.com\/portal\/wp-content\/uploads\/2022\/01\/fitur-2022.jpg","articleSection":["Econom\u00eda"],"inLanguage":"es","potentialAction":[{"@type":"CommentAction","name":"Comment","target":["https:\/\/potenciaradiofonicadominicana.com\/portal\/fitur-2022-lanza-el-mensaje-de-que-los-viajes-seguros-son-posibles\/#respond"]}]},{"@type":"WebPage","@id":"https:\/\/potenciaradiofonicadominicana.com\/portal\/fitur-2022-lanza-el-mensaje-de-que-los-viajes-seguros-son-posibles\/","url":"https:\/\/potenciaradiofonicadominicana.com\/portal\/fitur-2022-lanza-el-mensaje-de-que-los-viajes-seguros-son-posibles\/","name":"Fitur 2022 lanza el mensaje de que los viajes seguros son posibles - PotenciaRadiofonicaDominicana.com","isPartOf":{"@id":"https:\/\/potenciaradiofonicadominicana.com\/portal\/#website"},"primaryImageOfPage":{"@id":"https:\/\/potenciaradiofonicadominicana.com\/portal\/fitur-2022-lanza-el-mensaje-de-que-los-viajes-seguros-son-posibles\/#primaryimage"},"image":{"@id":"https:\/\/potenciaradiofonicadominicana.com\/portal\/fitur-2022-lanza-el-mensaje-de-que-los-viajes-seguros-son-posibles\/#primaryimage"},"thumbnailUrl":"https:\/\/potenciaradiofonicadominicana.com\/portal\/wp-content\/uploads\/2022\/01\/fitur-2022.jpg","datePublished":"2022-01-18T14:31:00+00:00","breadcrumb":{"@id":"https:\/\/potenciaradiofonicadominicana.com\/portal\/fitur-2022-lanza-el-mensaje-de-que-los-viajes-seguros-son-posibles\/#breadcrumb"},"inLanguage":"es","potentialAction":[{"@type":"ReadAction","target":["https:\/\/potenciaradiofonicadominicana.com\/portal\/fitur-2022-lanza-el-mensaje-de-que-los-viajes-seguros-son-posibles\/"]}]},{"@type":"ImageObject","inLanguage":"es","@id":"https:\/\/potenciaradiofonicadominicana.com\/portal\/fitur-2022-lanza-el-mensaje-de-que-los-viajes-seguros-son-posibles\/#primaryimage","url":"https:\/\/potenciaradiofonicadominicana.com\/portal\/wp-content\/uploads\/2022\/01\/fitur-2022.jpg","contentUrl":"https:\/\/potenciaradiofonicadominicana.com\/portal\/wp-content\/uploads\/2022\/01\/fitur-2022.jpg","width":630,"height":420},{"@type":"BreadcrumbList","@id":"https:\/\/potenciaradiofonicadominicana.com\/portal\/fitur-2022-lanza-el-mensaje-de-que-los-viajes-seguros-son-posibles\/#breadcrumb","itemListElement":[{"@type":"ListItem","position":1,"name":"Portada","item":"https:\/\/potenciaradiofonicadominicana.com\/portal\/"},{"@type":"ListItem","position":2,"name":"Fitur 2022 lanza el mensaje de que los viajes seguros son posibles"}]},{"@type":"WebSite","@id":"https:\/\/potenciaradiofonicadominicana.com\/portal\/#website","url":"https:\/\/potenciaradiofonicadominicana.com\/portal\/","name":"PotenciaRadiofonicaDominicana.com","description":"Peri\u00f3dico Digital","publisher":{"@id":"https:\/\/potenciaradiofonicadominicana.com\/portal\/#organization"},"potentialAction":[{"@type":"SearchAction","target":{"@type":"EntryPoint","urlTemplate":"https:\/\/potenciaradiofonicadominicana.com\/portal\/?s={search_term_string}"},"query-input":{"@type":"PropertyValueSpecification","valueRequired":true,"valueName":"search_term_string"}}],"inLanguage":"es"},{"@type":"Organization","@id":"https:\/\/potenciaradiofonicadominicana.com\/portal\/#organization","name":"PotenciaRadiofonicaDominicana.com","url":"https:\/\/potenciaradiofonicadominicana.com\/portal\/","logo":{"@type":"ImageObject","inLanguage":"es","@id":"https:\/\/potenciaradiofonicadominicana.com\/portal\/#\/schema\/logo\/image\/","url":"https:\/\/potenciaradiofonicadominicana.com\/portal\/wp-content\/uploads\/2022\/01\/descarga.png","contentUrl":"https:\/\/potenciaradiofonicadominicana.com\/portal\/wp-content\/uploads\/2022\/01\/descarga.png","width":300,"height":100,"caption":"PotenciaRadiofonicaDominicana.com"},"image":{"@id":"https:\/\/potenciaradiofonicadominicana.com\/portal\/#\/schema\/logo\/image\/"},"sameAs":["https:\/\/web.facebook.com\/PotenciaRadiofonicaD"]},{"@type":"Person","@id":"https:\/\/potenciaradiofonicadominicana.com\/portal\/#\/schema\/person\/a5cf1fea13877803ee0573ac18b03490","name":"Potencia Radiof\u00f3nica Dominicana","image":{"@type":"ImageObject","inLanguage":"es","@id":"https:\/\/potenciaradiofonicadominicana.com\/portal\/#\/schema\/person\/image\/","url":"https:\/\/secure.gravatar.com\/avatar\/42a55ab9e8ccc656ba34cd791990602a?s=96&d=mm&r=g","contentUrl":"https:\/\/secure.gravatar.com\/avatar\/42a55ab9e8ccc656ba34cd791990602a?s=96&d=mm&r=g","caption":"Potencia Radiof\u00f3nica Dominicana"},"url":"https:\/\/potenciaradiofonicadominicana.com\/portal\/author\/johannyalmanzar\/"}]}},"_links":{"self":[{"href":"https:\/\/potenciaradiofonicadominicana.com\/portal\/wp-json\/wp\/v2\/posts\/112868","targetHints":{"allow":["GET"]}}],"collection":[{"href":"https:\/\/potenciaradiofonicadominicana.com\/portal\/wp-json\/wp\/v2\/posts"}],"about":[{"href":"https:\/\/potenciaradiofonicadominicana.com\/portal\/wp-json\/wp\/v2\/types\/post"}],"author":[{"embeddable":true,"href":"https:\/\/potenciaradiofonicadominicana.com\/portal\/wp-json\/wp\/v2\/users\/2"}],"replies":[{"embeddable":true,"href":"https:\/\/potenciaradiofonicadominicana.com\/portal\/wp-json\/wp\/v2\/comments?post=112868"}],"version-history":[{"count":1,"href":"https:\/\/potenciaradiofonicadominicana.com\/portal\/wp-json\/wp\/v2\/posts\/112868\/revisions"}],"predecessor-version":[{"id":112870,"href":"https:\/\/potenciaradiofonicadominicana.com\/portal\/wp-json\/wp\/v2\/posts\/112868\/revisions\/112870"}],"wp:featuredmedia":[{"embeddable":true,"href":"https:\/\/potenciaradiofonicadominicana.com\/portal\/wp-json\/wp\/v2\/media\/112869"}],"wp:attachment":[{"href":"https:\/\/potenciaradiofonicadominicana.com\/portal\/wp-json\/wp\/v2\/media?parent=112868"}],"wp:term":[{"taxonomy":"category","embeddable":true,"href":"https:\/\/potenciaradiofonicadominicana.com\/portal\/wp-json\/wp\/v2\/categories?post=112868"},{"taxonomy":"post_tag","embeddable":true,"href":"https:\/\/potenciaradiofonicadominicana.com\/portal\/wp-json\/wp\/v2\/tags?post=112868"}],"curies":[{"name":"wp","href":"https:\/\/api.w.org\/{rel}","templated":true}]}}