{"id":112845,"date":"2022-01-18T10:04:08","date_gmt":"2022-01-18T14:04:08","guid":{"rendered":"https:\/\/potenciaradiofonicadominicana.com\/portal\/?p=112845"},"modified":"2022-01-18T10:04:08","modified_gmt":"2022-01-18T14:04:08","slug":"samsung-anuncia-iniciativas-para-hacer-que-electrodomesticos-sean-mas-ecologicos","status":"publish","type":"post","link":"https:\/\/potenciaradiofonicadominicana.com\/portal\/samsung-anuncia-iniciativas-para-hacer-que-electrodomesticos-sean-mas-ecologicos\/","title":{"rendered":"Samsung anuncia iniciativas para hacer que electrodom\u00e9sticos sean m\u00e1s ecol\u00f3gicos"},"content":{"rendered":"<p><a href=\"https:\/\/potenciaradiofonicadominicana.com\/portal\/wp-content\/uploads\/2022\/01\/torre-samsung1-1024x881-1.jpg\"><img loading=\"lazy\" decoding=\"async\" class=\"alignnone size-full wp-image-112846\" src=\"https:\/\/potenciaradiofonicadominicana.com\/portal\/wp-content\/uploads\/2022\/01\/torre-samsung1-1024x881-1.jpg\" alt=\"\" width=\"1024\" height=\"881\" srcset=\"https:\/\/potenciaradiofonicadominicana.com\/portal\/wp-content\/uploads\/2022\/01\/torre-samsung1-1024x881-1.jpg 1024w, https:\/\/potenciaradiofonicadominicana.com\/portal\/wp-content\/uploads\/2022\/01\/torre-samsung1-1024x881-1-300x258.jpg 300w, https:\/\/potenciaradiofonicadominicana.com\/portal\/wp-content\/uploads\/2022\/01\/torre-samsung1-1024x881-1-768x661.jpg 768w\" sizes=\"auto, (max-width: 1024px) 100vw, 1024px\" \/><\/a><\/p>\n<p>anunci\u00f3 hoy las iniciativas de sustentabilidad de 2022 que acelerar\u00e1n el desarrollo de electrodom\u00e9sticos ecol\u00f3gicos. Con estas medidas, Samsung est\u00e1 actuando contra los problemas ambientales a trav\u00e9s de productos y servicios innovadores que pueden utilizarse en la vida cotidiana.<\/p>\n<p>\u00abEn CES 2022, describimos c\u00f3mo Samsung contribuir\u00e1 a la lucha contra algunos de los problemas ambientales y de sustentabilidad m\u00e1s urgentes del mundo\u00bb, dijo Hyesoon Yang, Vicepresidente Ejecutivo y L\u00edder de Experiencia del Cliente del Negocio de Dispositivos Digitales de Samsung Electronics. Colaboraciones para combatir la contaminaci\u00f3n por micro pl\u00e1sticos; ayudar a los consumidores a reducir su consumo de energ\u00eda; reducir los residuos mediante el uso de pl\u00e1stico reciclado y adaptar los envases ecol\u00f3gicos son algunas de las actividades en las que estamos trabajando para desarrollar varias soluciones tangibles para los problemas medioambientales y garantizar un futuro sostenible\u00bb.<\/p>\n<p>Tecnolog\u00eda para reducir la poluci\u00f3n<\/p>\n<p>En una colaboraci\u00f3n recientemente anunciada, Samsung se une a la empresa estadounidense de ropa Patagonia. Como se dio a conocer en CES 2022, esta colaboraci\u00f3n promover\u00e1 la sustentabilidad ambiental al abordar el problema de los micro pl\u00e1sticos y su impacto en el medio ambiente oce\u00e1nico. Vincent Stanley, CPO de Patagonia, comparti\u00f3 sus pensamientos durante el\u00a0<em>keynote<\/em>\u00a0de Samsung sobre la importancia de esta colaboraci\u00f3n y la direcci\u00f3n que tomar\u00e1, llam\u00e1ndola un ejemplo de c\u00f3mo las empresas pueden \u00abayudar a cambiar el curso del cambio clim\u00e1tico y restaurar la salud de la naturaleza\u00bb.<\/p>\n<p>Patagonia es conocida por su compromiso con materiales innovadores que reducen el da\u00f1o al planeta. La empresa de ropa contin\u00faa ayudando a Samsung de m\u00faltiples maneras, incluidas las pruebas de productos, el intercambio de su investigaci\u00f3n y la facilitaci\u00f3n de una introducci\u00f3n a la ONG Ocean Wise. Samsung ha perfeccionado sus productos con recursos ecol\u00f3gicos dise\u00f1ados para ayudar a superar los impactos negativos de los micro pl\u00e1sticos.<\/p>\n<p>Adem\u00e1s, el Purificador de agua Bespoke fue certificado recientemente por NSF International en los Estados Unidos por su capacidad para filtrar part\u00edculas que miden tan solo 0.5 a 1 micr\u00f3metro, que incluyen micro pl\u00e1sticos. Esto convierte a la empresa surcoreana en uno de los primeros fabricantes de purificadores de agua en recibir esta certificaci\u00f3n.<\/p>\n<p>Ahorrar m\u00e1s energ\u00eda y fomentar un uso energ\u00e9tico m\u00e1s ecol\u00f3gico<\/p>\n<p>Para contribuir a un mejor uso de la energ\u00eda y respaldar una vida sostenible, Samsung tambi\u00e9n se ha asociado con Q CELLS para establecer un nuevo recurso Zero Energy Home Integration (Integraci\u00f3n de Cero Energ\u00eda en el Hogar)\u00a0para SmartThings Energy. Esta funci\u00f3n proporciona datos de producci\u00f3n y almacenamiento de paneles solares y sistemas de almacenamiento de energ\u00eda para ayudar a los usuarios a establecer la autosuficiencia energ\u00e9tica.<\/p>\n<p>SmartThings Energy monitorea el uso de energ\u00eda de los dispositivos conectados de los consumidores y recomienda m\u00e9todos de ahorro de energ\u00eda basados en sus est\u00e1ndares de uso. Al asociarse con Wattbuy en los Estados Unidos y Uswitch en el Reino Unido, SmartThings Energy permite a los usuarios cambiar al proveedor de energ\u00eda m\u00e1s rentable en su \u00e1rea.<\/p>\n<p>Incremento del uso de pl\u00e1stico reciclado<\/p>\n<p>Samsung tambi\u00e9n aumentar\u00e1 la cantidad de pl\u00e1stico reciclado utilizado en sus electrodom\u00e9sticos. Con este fin, ampliar\u00e1 su uso desde los componentes interiores de sus electrodom\u00e9sticos como tambi\u00e9n a los elementos exteriores.<\/p>\n<p>Samsung aumentar\u00e1 su objetivo de utilizaci\u00f3n de pl\u00e1stico reciclado en sus electrodom\u00e9sticos del 5% en 2021 al 30% en 2024. Este es un aumento de 25 mil toneladas de pl\u00e1stico reciclado en 2021 a 158 mil toneladas en 2024.<\/p>\n<p>Adem\u00e1s, Samsung tambi\u00e9n ha desarrollado un nuevo tipo de pl\u00e1stico reciclado de polipropileno para sus tubos de lavadoras. Utilizando polipropileno y polietileno desechados de art\u00edculos como loncheras usadas y correas de mascarillas faciales, la empresa ha creado un nuevo tipo de resina reciclada que es m\u00e1s resistente a los golpes externos.<\/p>\n<p>Empaques m\u00e1s sostenibles<\/p>\n<p>Samsung tambi\u00e9n est\u00e1 expandiendo su uso de empaques ecol\u00f3gicos para abarcar una l\u00ednea m\u00e1s grande de productos, incluidos electrodom\u00e9sticos como aspiradoras, hornos microondas, purificadores de aire y otros. Esto habilitar\u00e1 a los consumidores a reutilizar las cajas de sus productos.<\/p>\n<p>La expansi\u00f3n se lanz\u00f3 por primera vez en Corea en 2021 y se introducir\u00e1 en los mercados globales en 2022.<\/p>\n","protected":false},"excerpt":{"rendered":"<p>anunci\u00f3 hoy las iniciativas de sustentabilidad de 2022 que acelerar\u00e1n el desarrollo de electrodom\u00e9sticos ecol\u00f3gicos. Con estas medidas, Samsung est\u00e1 &#8230;<\/p>\n","protected":false},"author":2,"featured_media":112846,"comment_status":"open","ping_status":"open","sticky":false,"template":"","format":"standard","meta":{"footnotes":""},"categories":[26],"tags":[],"class_list":["post-112845","post","type-post","status-publish","format-standard","has-post-thumbnail","hentry","category-economia"],"yoast_head":"<!-- This site is optimized with the Yoast SEO plugin v24.8.1 - https:\/\/yoast.com\/wordpress\/plugins\/seo\/ -->\n<title>Samsung anuncia iniciativas para hacer que electrodom\u00e9sticos sean m\u00e1s ecol\u00f3gicos - PotenciaRadiofonicaDominicana.com<\/title>\n<meta name=\"robots\" content=\"index, follow, max-snippet:-1, max-image-preview:large, max-video-preview:-1\" \/>\n<link rel=\"canonical\" href=\"https:\/\/potenciaradiofonicadominicana.com\/portal\/samsung-anuncia-iniciativas-para-hacer-que-electrodomesticos-sean-mas-ecologicos\/\" \/>\n<meta property=\"og:locale\" content=\"es_ES\" \/>\n<meta property=\"og:type\" content=\"article\" \/>\n<meta property=\"og:title\" content=\"Samsung anuncia iniciativas para hacer que electrodom\u00e9sticos sean m\u00e1s ecol\u00f3gicos - PotenciaRadiofonicaDominicana.com\" \/>\n<meta property=\"og:description\" content=\"anunci\u00f3 hoy las iniciativas de sustentabilidad de 2022 que acelerar\u00e1n el desarrollo de electrodom\u00e9sticos ecol\u00f3gicos. Con estas medidas, Samsung est\u00e1 ...\" \/>\n<meta property=\"og:url\" content=\"https:\/\/potenciaradiofonicadominicana.com\/portal\/samsung-anuncia-iniciativas-para-hacer-que-electrodomesticos-sean-mas-ecologicos\/\" \/>\n<meta property=\"og:site_name\" content=\"PotenciaRadiofonicaDominicana.com\" \/>\n<meta property=\"article:publisher\" content=\"https:\/\/web.facebook.com\/PotenciaRadiofonicaD\" \/>\n<meta property=\"article:published_time\" content=\"2022-01-18T14:04:08+00:00\" \/>\n<meta property=\"og:image\" content=\"https:\/\/potenciaradiofonicadominicana.com\/portal\/wp-content\/uploads\/2022\/01\/torre-samsung1-1024x881-1.jpg\" \/>\n\t<meta property=\"og:image:width\" content=\"1024\" \/>\n\t<meta property=\"og:image:height\" content=\"881\" \/>\n\t<meta property=\"og:image:type\" content=\"image\/jpeg\" \/>\n<meta name=\"author\" content=\"Potencia Radiof\u00f3nica Dominicana\" \/>\n<meta name=\"twitter:card\" content=\"summary_large_image\" \/>\n<meta name=\"twitter:label1\" content=\"Escrito por\" \/>\n\t<meta name=\"twitter:data1\" content=\"Potencia Radiof\u00f3nica Dominicana\" \/>\n\t<meta name=\"twitter:label2\" content=\"Tiempo de lectura\" \/>\n\t<meta name=\"twitter:data2\" content=\"4 minutos\" \/>\n<script type=\"application\/ld+json\" class=\"yoast-schema-graph\">{\"@context\":\"https:\/\/schema.org\",\"@graph\":[{\"@type\":\"Article\",\"@id\":\"https:\/\/potenciaradiofonicadominicana.com\/portal\/samsung-anuncia-iniciativas-para-hacer-que-electrodomesticos-sean-mas-ecologicos\/#article\",\"isPartOf\":{\"@id\":\"https:\/\/potenciaradiofonicadominicana.com\/portal\/samsung-anuncia-iniciativas-para-hacer-que-electrodomesticos-sean-mas-ecologicos\/\"},\"author\":{\"name\":\"Potencia Radiof\u00f3nica Dominicana\",\"@id\":\"https:\/\/potenciaradiofonicadominicana.com\/portal\/#\/schema\/person\/a5cf1fea13877803ee0573ac18b03490\"},\"headline\":\"Samsung anuncia iniciativas para hacer que electrodom\u00e9sticos sean m\u00e1s ecol\u00f3gicos\",\"datePublished\":\"2022-01-18T14:04:08+00:00\",\"mainEntityOfPage\":{\"@id\":\"https:\/\/potenciaradiofonicadominicana.com\/portal\/samsung-anuncia-iniciativas-para-hacer-que-electrodomesticos-sean-mas-ecologicos\/\"},\"wordCount\":756,\"commentCount\":0,\"publisher\":{\"@id\":\"https:\/\/potenciaradiofonicadominicana.com\/portal\/#organization\"},\"image\":{\"@id\":\"https:\/\/potenciaradiofonicadominicana.com\/portal\/samsung-anuncia-iniciativas-para-hacer-que-electrodomesticos-sean-mas-ecologicos\/#primaryimage\"},\"thumbnailUrl\":\"https:\/\/potenciaradiofonicadominicana.com\/portal\/wp-content\/uploads\/2022\/01\/torre-samsung1-1024x881-1.jpg\",\"articleSection\":[\"Econom\u00eda\"],\"inLanguage\":\"es\",\"potentialAction\":[{\"@type\":\"CommentAction\",\"name\":\"Comment\",\"target\":[\"https:\/\/potenciaradiofonicadominicana.com\/portal\/samsung-anuncia-iniciativas-para-hacer-que-electrodomesticos-sean-mas-ecologicos\/#respond\"]}]},{\"@type\":\"WebPage\",\"@id\":\"https:\/\/potenciaradiofonicadominicana.com\/portal\/samsung-anuncia-iniciativas-para-hacer-que-electrodomesticos-sean-mas-ecologicos\/\",\"url\":\"https:\/\/potenciaradiofonicadominicana.com\/portal\/samsung-anuncia-iniciativas-para-hacer-que-electrodomesticos-sean-mas-ecologicos\/\",\"name\":\"Samsung anuncia iniciativas para hacer que electrodom\u00e9sticos sean m\u00e1s ecol\u00f3gicos - PotenciaRadiofonicaDominicana.com\",\"isPartOf\":{\"@id\":\"https:\/\/potenciaradiofonicadominicana.com\/portal\/#website\"},\"primaryImageOfPage\":{\"@id\":\"https:\/\/potenciaradiofonicadominicana.com\/portal\/samsung-anuncia-iniciativas-para-hacer-que-electrodomesticos-sean-mas-ecologicos\/#primaryimage\"},\"image\":{\"@id\":\"https:\/\/potenciaradiofonicadominicana.com\/portal\/samsung-anuncia-iniciativas-para-hacer-que-electrodomesticos-sean-mas-ecologicos\/#primaryimage\"},\"thumbnailUrl\":\"https:\/\/potenciaradiofonicadominicana.com\/portal\/wp-content\/uploads\/2022\/01\/torre-samsung1-1024x881-1.jpg\",\"datePublished\":\"2022-01-18T14:04:08+00:00\",\"breadcrumb\":{\"@id\":\"https:\/\/potenciaradiofonicadominicana.com\/portal\/samsung-anuncia-iniciativas-para-hacer-que-electrodomesticos-sean-mas-ecologicos\/#breadcrumb\"},\"inLanguage\":\"es\",\"potentialAction\":[{\"@type\":\"ReadAction\",\"target\":[\"https:\/\/potenciaradiofonicadominicana.com\/portal\/samsung-anuncia-iniciativas-para-hacer-que-electrodomesticos-sean-mas-ecologicos\/\"]}]},{\"@type\":\"ImageObject\",\"inLanguage\":\"es\",\"@id\":\"https:\/\/potenciaradiofonicadominicana.com\/portal\/samsung-anuncia-iniciativas-para-hacer-que-electrodomesticos-sean-mas-ecologicos\/#primaryimage\",\"url\":\"https:\/\/potenciaradiofonicadominicana.com\/portal\/wp-content\/uploads\/2022\/01\/torre-samsung1-1024x881-1.jpg\",\"contentUrl\":\"https:\/\/potenciaradiofonicadominicana.com\/portal\/wp-content\/uploads\/2022\/01\/torre-samsung1-1024x881-1.jpg\",\"width\":1024,\"height\":881},{\"@type\":\"BreadcrumbList\",\"@id\":\"https:\/\/potenciaradiofonicadominicana.com\/portal\/samsung-anuncia-iniciativas-para-hacer-que-electrodomesticos-sean-mas-ecologicos\/#breadcrumb\",\"itemListElement\":[{\"@type\":\"ListItem\",\"position\":1,\"name\":\"Portada\",\"item\":\"https:\/\/potenciaradiofonicadominicana.com\/portal\/\"},{\"@type\":\"ListItem\",\"position\":2,\"name\":\"Samsung anuncia iniciativas para hacer que electrodom\u00e9sticos sean m\u00e1s ecol\u00f3gicos\"}]},{\"@type\":\"WebSite\",\"@id\":\"https:\/\/potenciaradiofonicadominicana.com\/portal\/#website\",\"url\":\"https:\/\/potenciaradiofonicadominicana.com\/portal\/\",\"name\":\"PotenciaRadiofonicaDominicana.com\",\"description\":\"Peri\u00f3dico Digital\",\"publisher\":{\"@id\":\"https:\/\/potenciaradiofonicadominicana.com\/portal\/#organization\"},\"potentialAction\":[{\"@type\":\"SearchAction\",\"target\":{\"@type\":\"EntryPoint\",\"urlTemplate\":\"https:\/\/potenciaradiofonicadominicana.com\/portal\/?s={search_term_string}\"},\"query-input\":{\"@type\":\"PropertyValueSpecification\",\"valueRequired\":true,\"valueName\":\"search_term_string\"}}],\"inLanguage\":\"es\"},{\"@type\":\"Organization\",\"@id\":\"https:\/\/potenciaradiofonicadominicana.com\/portal\/#organization\",\"name\":\"PotenciaRadiofonicaDominicana.com\",\"url\":\"https:\/\/potenciaradiofonicadominicana.com\/portal\/\",\"logo\":{\"@type\":\"ImageObject\",\"inLanguage\":\"es\",\"@id\":\"https:\/\/potenciaradiofonicadominicana.com\/portal\/#\/schema\/logo\/image\/\",\"url\":\"https:\/\/potenciaradiofonicadominicana.com\/portal\/wp-content\/uploads\/2022\/01\/descarga.png\",\"contentUrl\":\"https:\/\/potenciaradiofonicadominicana.com\/portal\/wp-content\/uploads\/2022\/01\/descarga.png\",\"width\":300,\"height\":100,\"caption\":\"PotenciaRadiofonicaDominicana.com\"},\"image\":{\"@id\":\"https:\/\/potenciaradiofonicadominicana.com\/portal\/#\/schema\/logo\/image\/\"},\"sameAs\":[\"https:\/\/web.facebook.com\/PotenciaRadiofonicaD\"]},{\"@type\":\"Person\",\"@id\":\"https:\/\/potenciaradiofonicadominicana.com\/portal\/#\/schema\/person\/a5cf1fea13877803ee0573ac18b03490\",\"name\":\"Potencia Radiof\u00f3nica Dominicana\",\"image\":{\"@type\":\"ImageObject\",\"inLanguage\":\"es\",\"@id\":\"https:\/\/potenciaradiofonicadominicana.com\/portal\/#\/schema\/person\/image\/\",\"url\":\"https:\/\/secure.gravatar.com\/avatar\/42a55ab9e8ccc656ba34cd791990602a?s=96&d=mm&r=g\",\"contentUrl\":\"https:\/\/secure.gravatar.com\/avatar\/42a55ab9e8ccc656ba34cd791990602a?s=96&d=mm&r=g\",\"caption\":\"Potencia Radiof\u00f3nica Dominicana\"},\"url\":\"https:\/\/potenciaradiofonicadominicana.com\/portal\/author\/johannyalmanzar\/\"}]}<\/script>\n<!-- \/ Yoast SEO plugin. -->","yoast_head_json":{"title":"Samsung anuncia iniciativas para hacer que electrodom\u00e9sticos sean m\u00e1s ecol\u00f3gicos - PotenciaRadiofonicaDominicana.com","robots":{"index":"index","follow":"follow","max-snippet":"max-snippet:-1","max-image-preview":"max-image-preview:large","max-video-preview":"max-video-preview:-1"},"canonical":"https:\/\/potenciaradiofonicadominicana.com\/portal\/samsung-anuncia-iniciativas-para-hacer-que-electrodomesticos-sean-mas-ecologicos\/","og_locale":"es_ES","og_type":"article","og_title":"Samsung anuncia iniciativas para hacer que electrodom\u00e9sticos sean m\u00e1s ecol\u00f3gicos - PotenciaRadiofonicaDominicana.com","og_description":"anunci\u00f3 hoy las iniciativas de sustentabilidad de 2022 que acelerar\u00e1n el desarrollo de electrodom\u00e9sticos ecol\u00f3gicos. Con estas medidas, Samsung est\u00e1 ...","og_url":"https:\/\/potenciaradiofonicadominicana.com\/portal\/samsung-anuncia-iniciativas-para-hacer-que-electrodomesticos-sean-mas-ecologicos\/","og_site_name":"PotenciaRadiofonicaDominicana.com","article_publisher":"https:\/\/web.facebook.com\/PotenciaRadiofonicaD","article_published_time":"2022-01-18T14:04:08+00:00","og_image":[{"width":1024,"height":881,"url":"https:\/\/potenciaradiofonicadominicana.com\/portal\/wp-content\/uploads\/2022\/01\/torre-samsung1-1024x881-1.jpg","type":"image\/jpeg"}],"author":"Potencia Radiof\u00f3nica Dominicana","twitter_card":"summary_large_image","twitter_misc":{"Escrito por":"Potencia Radiof\u00f3nica Dominicana","Tiempo de lectura":"4 minutos"},"schema":{"@context":"https:\/\/schema.org","@graph":[{"@type":"Article","@id":"https:\/\/potenciaradiofonicadominicana.com\/portal\/samsung-anuncia-iniciativas-para-hacer-que-electrodomesticos-sean-mas-ecologicos\/#article","isPartOf":{"@id":"https:\/\/potenciaradiofonicadominicana.com\/portal\/samsung-anuncia-iniciativas-para-hacer-que-electrodomesticos-sean-mas-ecologicos\/"},"author":{"name":"Potencia Radiof\u00f3nica Dominicana","@id":"https:\/\/potenciaradiofonicadominicana.com\/portal\/#\/schema\/person\/a5cf1fea13877803ee0573ac18b03490"},"headline":"Samsung anuncia iniciativas para hacer que electrodom\u00e9sticos sean m\u00e1s ecol\u00f3gicos","datePublished":"2022-01-18T14:04:08+00:00","mainEntityOfPage":{"@id":"https:\/\/potenciaradiofonicadominicana.com\/portal\/samsung-anuncia-iniciativas-para-hacer-que-electrodomesticos-sean-mas-ecologicos\/"},"wordCount":756,"commentCount":0,"publisher":{"@id":"https:\/\/potenciaradiofonicadominicana.com\/portal\/#organization"},"image":{"@id":"https:\/\/potenciaradiofonicadominicana.com\/portal\/samsung-anuncia-iniciativas-para-hacer-que-electrodomesticos-sean-mas-ecologicos\/#primaryimage"},"thumbnailUrl":"https:\/\/potenciaradiofonicadominicana.com\/portal\/wp-content\/uploads\/2022\/01\/torre-samsung1-1024x881-1.jpg","articleSection":["Econom\u00eda"],"inLanguage":"es","potentialAction":[{"@type":"CommentAction","name":"Comment","target":["https:\/\/potenciaradiofonicadominicana.com\/portal\/samsung-anuncia-iniciativas-para-hacer-que-electrodomesticos-sean-mas-ecologicos\/#respond"]}]},{"@type":"WebPage","@id":"https:\/\/potenciaradiofonicadominicana.com\/portal\/samsung-anuncia-iniciativas-para-hacer-que-electrodomesticos-sean-mas-ecologicos\/","url":"https:\/\/potenciaradiofonicadominicana.com\/portal\/samsung-anuncia-iniciativas-para-hacer-que-electrodomesticos-sean-mas-ecologicos\/","name":"Samsung anuncia iniciativas para hacer que electrodom\u00e9sticos sean m\u00e1s ecol\u00f3gicos - PotenciaRadiofonicaDominicana.com","isPartOf":{"@id":"https:\/\/potenciaradiofonicadominicana.com\/portal\/#website"},"primaryImageOfPage":{"@id":"https:\/\/potenciaradiofonicadominicana.com\/portal\/samsung-anuncia-iniciativas-para-hacer-que-electrodomesticos-sean-mas-ecologicos\/#primaryimage"},"image":{"@id":"https:\/\/potenciaradiofonicadominicana.com\/portal\/samsung-anuncia-iniciativas-para-hacer-que-electrodomesticos-sean-mas-ecologicos\/#primaryimage"},"thumbnailUrl":"https:\/\/potenciaradiofonicadominicana.com\/portal\/wp-content\/uploads\/2022\/01\/torre-samsung1-1024x881-1.jpg","datePublished":"2022-01-18T14:04:08+00:00","breadcrumb":{"@id":"https:\/\/potenciaradiofonicadominicana.com\/portal\/samsung-anuncia-iniciativas-para-hacer-que-electrodomesticos-sean-mas-ecologicos\/#breadcrumb"},"inLanguage":"es","potentialAction":[{"@type":"ReadAction","target":["https:\/\/potenciaradiofonicadominicana.com\/portal\/samsung-anuncia-iniciativas-para-hacer-que-electrodomesticos-sean-mas-ecologicos\/"]}]},{"@type":"ImageObject","inLanguage":"es","@id":"https:\/\/potenciaradiofonicadominicana.com\/portal\/samsung-anuncia-iniciativas-para-hacer-que-electrodomesticos-sean-mas-ecologicos\/#primaryimage","url":"https:\/\/potenciaradiofonicadominicana.com\/portal\/wp-content\/uploads\/2022\/01\/torre-samsung1-1024x881-1.jpg","contentUrl":"https:\/\/potenciaradiofonicadominicana.com\/portal\/wp-content\/uploads\/2022\/01\/torre-samsung1-1024x881-1.jpg","width":1024,"height":881},{"@type":"BreadcrumbList","@id":"https:\/\/potenciaradiofonicadominicana.com\/portal\/samsung-anuncia-iniciativas-para-hacer-que-electrodomesticos-sean-mas-ecologicos\/#breadcrumb","itemListElement":[{"@type":"ListItem","position":1,"name":"Portada","item":"https:\/\/potenciaradiofonicadominicana.com\/portal\/"},{"@type":"ListItem","position":2,"name":"Samsung anuncia iniciativas para hacer que electrodom\u00e9sticos sean m\u00e1s ecol\u00f3gicos"}]},{"@type":"WebSite","@id":"https:\/\/potenciaradiofonicadominicana.com\/portal\/#website","url":"https:\/\/potenciaradiofonicadominicana.com\/portal\/","name":"PotenciaRadiofonicaDominicana.com","description":"Peri\u00f3dico Digital","publisher":{"@id":"https:\/\/potenciaradiofonicadominicana.com\/portal\/#organization"},"potentialAction":[{"@type":"SearchAction","target":{"@type":"EntryPoint","urlTemplate":"https:\/\/potenciaradiofonicadominicana.com\/portal\/?s={search_term_string}"},"query-input":{"@type":"PropertyValueSpecification","valueRequired":true,"valueName":"search_term_string"}}],"inLanguage":"es"},{"@type":"Organization","@id":"https:\/\/potenciaradiofonicadominicana.com\/portal\/#organization","name":"PotenciaRadiofonicaDominicana.com","url":"https:\/\/potenciaradiofonicadominicana.com\/portal\/","logo":{"@type":"ImageObject","inLanguage":"es","@id":"https:\/\/potenciaradiofonicadominicana.com\/portal\/#\/schema\/logo\/image\/","url":"https:\/\/potenciaradiofonicadominicana.com\/portal\/wp-content\/uploads\/2022\/01\/descarga.png","contentUrl":"https:\/\/potenciaradiofonicadominicana.com\/portal\/wp-content\/uploads\/2022\/01\/descarga.png","width":300,"height":100,"caption":"PotenciaRadiofonicaDominicana.com"},"image":{"@id":"https:\/\/potenciaradiofonicadominicana.com\/portal\/#\/schema\/logo\/image\/"},"sameAs":["https:\/\/web.facebook.com\/PotenciaRadiofonicaD"]},{"@type":"Person","@id":"https:\/\/potenciaradiofonicadominicana.com\/portal\/#\/schema\/person\/a5cf1fea13877803ee0573ac18b03490","name":"Potencia Radiof\u00f3nica Dominicana","image":{"@type":"ImageObject","inLanguage":"es","@id":"https:\/\/potenciaradiofonicadominicana.com\/portal\/#\/schema\/person\/image\/","url":"https:\/\/secure.gravatar.com\/avatar\/42a55ab9e8ccc656ba34cd791990602a?s=96&d=mm&r=g","contentUrl":"https:\/\/secure.gravatar.com\/avatar\/42a55ab9e8ccc656ba34cd791990602a?s=96&d=mm&r=g","caption":"Potencia Radiof\u00f3nica Dominicana"},"url":"https:\/\/potenciaradiofonicadominicana.com\/portal\/author\/johannyalmanzar\/"}]}},"_links":{"self":[{"href":"https:\/\/potenciaradiofonicadominicana.com\/portal\/wp-json\/wp\/v2\/posts\/112845","targetHints":{"allow":["GET"]}}],"collection":[{"href":"https:\/\/potenciaradiofonicadominicana.com\/portal\/wp-json\/wp\/v2\/posts"}],"about":[{"href":"https:\/\/potenciaradiofonicadominicana.com\/portal\/wp-json\/wp\/v2\/types\/post"}],"author":[{"embeddable":true,"href":"https:\/\/potenciaradiofonicadominicana.com\/portal\/wp-json\/wp\/v2\/users\/2"}],"replies":[{"embeddable":true,"href":"https:\/\/potenciaradiofonicadominicana.com\/portal\/wp-json\/wp\/v2\/comments?post=112845"}],"version-history":[{"count":1,"href":"https:\/\/potenciaradiofonicadominicana.com\/portal\/wp-json\/wp\/v2\/posts\/112845\/revisions"}],"predecessor-version":[{"id":112847,"href":"https:\/\/potenciaradiofonicadominicana.com\/portal\/wp-json\/wp\/v2\/posts\/112845\/revisions\/112847"}],"wp:featuredmedia":[{"embeddable":true,"href":"https:\/\/potenciaradiofonicadominicana.com\/portal\/wp-json\/wp\/v2\/media\/112846"}],"wp:attachment":[{"href":"https:\/\/potenciaradiofonicadominicana.com\/portal\/wp-json\/wp\/v2\/media?parent=112845"}],"wp:term":[{"taxonomy":"category","embeddable":true,"href":"https:\/\/potenciaradiofonicadominicana.com\/portal\/wp-json\/wp\/v2\/categories?post=112845"},{"taxonomy":"post_tag","embeddable":true,"href":"https:\/\/potenciaradiofonicadominicana.com\/portal\/wp-json\/wp\/v2\/tags?post=112845"}],"curies":[{"name":"wp","href":"https:\/\/api.w.org\/{rel}","templated":true}]}}