{"id":112842,"date":"2022-01-18T10:00:22","date_gmt":"2022-01-18T14:00:22","guid":{"rendered":"https:\/\/potenciaradiofonicadominicana.com\/portal\/?p=112842"},"modified":"2022-01-18T10:00:22","modified_gmt":"2022-01-18T14:00:22","slug":"abinader-confiado-en-que-rd-tendra-mas-inversiones-en-el-turismo","status":"publish","type":"post","link":"https:\/\/potenciaradiofonicadominicana.com\/portal\/abinader-confiado-en-que-rd-tendra-mas-inversiones-en-el-turismo\/","title":{"rendered":"Abinader confiado en que RD tendr\u00e1 m\u00e1s inversiones en el turismo"},"content":{"rendered":"<p><a href=\"https:\/\/potenciaradiofonicadominicana.com\/portal\/wp-content\/uploads\/2022\/01\/202201171616081.jpeg\"><img loading=\"lazy\" decoding=\"async\" class=\"alignnone size-full wp-image-112843\" src=\"https:\/\/potenciaradiofonicadominicana.com\/portal\/wp-content\/uploads\/2022\/01\/202201171616081.jpeg\" alt=\"\" width=\"675\" height=\"460\" srcset=\"https:\/\/potenciaradiofonicadominicana.com\/portal\/wp-content\/uploads\/2022\/01\/202201171616081.jpeg 675w, https:\/\/potenciaradiofonicadominicana.com\/portal\/wp-content\/uploads\/2022\/01\/202201171616081-300x204.jpeg 300w\" sizes=\"auto, (max-width: 675px) 100vw, 675px\" \/><\/a><\/p>\n<p>El presidente Luis Abinader dijo que las expectativas son de consolidar el crecimiento del turismo y llegar a niveles superiores a la pre pandemia.<\/p>\n<p>Adem\u00e1s de que participar\u00e1 en varias reuniones sobre m\u00faltiples proyectos y encuentros con la banca, por lo que dijo que est\u00e1 muy optimista<\/p>\n<p>\u00abEstoy muy optimista. Vine aqu\u00ed para consolidar el turismo y llevarlo a niveles nunca vistos y eso significa muchos empleos para Rep\u00fablica Dominicana\u00bb, indic\u00f3.<\/p>\n<p>El Presidente agota una extensa agenda en Madrid, orientada a aumentar las inversiones y el empleo.<\/p>\n<p>En otro aspecto, dijo que se reunir\u00e1 con dominicanos y con el presidente espa\u00f1ol Pedro S\u00e1nchez con quien hablar\u00e1 sobre temas diversos, incluyendo la Cumbre Iberoamericana, adem\u00e1s del turismo. Y tambi\u00e9n ver\u00e1 en dos ocasiones a Su Majestad el rey de Espa\u00f1a.<\/p>\n<p>Abinader sostuvo que la FITUR tiene de particularidad de que es muy orientada a las inversiones, donde habr\u00e1 reuniones con inversionistas interesados en hacer grandes proyectos hoteleros en Rep\u00fablica Dominicana, parques tem\u00e1ticos y nuevos desarrollos inmobiliarios de gran importancia.<\/p>\n<p>Indic\u00f3 que ayer en la tarde particip\u00f3 en la mayor estructura financiera para Rep\u00fablica Dominicana, como el acuerdo entre el Grupo Pi\u00f1ero, el Banco Popular Dominicano y el BID Invest, que es el brazo financiero del Banco Interamericano de Desarrollo (BID) para el sector privado.<\/p>\n<p>El mandatario habl\u00f3 con los periodistas en el \u00e1rea de recepci\u00f3n del hotel Gran Meli\u00e1 F\u00e9nix, Madrid, Espa\u00f1a, donde tambi\u00e9n indic\u00f3 que el viernes se expondr\u00e1 el proyecto de Pedernales. Tambi\u00e9n cit\u00f3 otros proyectos como el Bergantin, con un gran proyecto en Puerto Plata; y el de Miches, donde se est\u00e1n construyendo 2,500 habitaciones.<\/p>\n<p>Abinader dijo que su agenda es interesante, aunque ya est\u00e1 acostumbrado a ese tipo de agenda y en la que todos d\u00edas ser\u00e1 dedicada a aumentar las inversiones en Rep\u00fablica Dominicana, y mejorar el turismo para que se creen m\u00e1s empleos.<\/p>\n<p>Puso como ejemplo que es precisamente por el desarrollo en el turismo que se ha mantenido la estabilidad macroecon\u00f3mica, que a su vez ha ido disminuyendo el endeudamiento en t\u00e9rmino relativo.<\/p>\n<p>Y tambi\u00e9n manteniendo unos niveles de crecimiento que permitir\u00e1n que este a\u00f1o el pa\u00eds cierre con un crecimiento superior al 12% de su producto interno bruto.<\/p>\n<p>El mandatario dijo que en este viaje se hace acompa\u00f1ar de dos ministros, Jos\u00e9 Ignacio Paliza y David Collado, con dos personas m\u00e1s y con el servicio de seguridad en respuesta a se\u00f1alamientos sobre la cantidad de personas que viajan con \u00e9l.<\/p>\n<p><strong>Acuerdos<\/strong><\/p>\n<p>El Presidente Abinader manifest\u00f3 que en esa feria se har\u00e1n muchos acuerdos. Explic\u00f3 que en esta ola del virus \u00f3micron el destino de Puerto Plata ha sido afectado en un 20% al igual que la costa Norte, y que se firmar\u00e1n acuerdos con l\u00edneas a\u00e9reas como Air Transat, la aerol\u00ednea suiza y otras de toda Europa a los que se les garantizar\u00e1 apoyo para que sigan trayendo turistas a Puerto Plata\u00a0\u00a0y a Saman\u00e1<\/p>\n<p>El mandatario indic\u00f3 que ha visitado las ferias de la FITUR en cuatro o cinco ocasiones, como dominicano, y que esta vez como Presidente porque el pa\u00eds es socio, conoce bien el sector, \u201cy est\u00e1 dedicada a Rep\u00fablica Dominicana en un momento important\u00edsimo porque se va a relanzar el turismo en todo el mundo\u201d.<\/p>\n<p>La presencia del mandatario en la 42 edici\u00f3n de la FITUR 2022 coincide con la celebraci\u00f3n del D\u00eda de la Altagracia, patrona de Rep\u00fablica Dominicana, el 21 de este mes,\u00a0\u00a0d\u00eda en el que el Presidente terminar\u00e1 su agenda en Madrid.<\/p>\n<p>Indic\u00f3 que por cada empleo directo se crean tres indirectos a favor de familias dominicanas. \u201cYo estoy muy seguro de que la virgen de la Altagracia estar\u00e1 muy contenta con eso de que estemos creando empleos y all\u00e1 estar\u00e1 represent\u00e1ndonos bastante bien la vicepresidente Raquel Pe\u00f1a\u201d.<\/p>\n<p>La FITUR 2022 se desarrollar\u00e1 del 19 al 23 de este mes en el recinto ferial de IFEMA.<\/p>\n","protected":false},"excerpt":{"rendered":"<p>El presidente Luis Abinader dijo que las expectativas son de consolidar el crecimiento del turismo y llegar a niveles superiores &#8230;<\/p>\n","protected":false},"author":2,"featured_media":112843,"comment_status":"open","ping_status":"open","sticky":false,"template":"","format":"standard","meta":{"footnotes":""},"categories":[26],"tags":[],"class_list":["post-112842","post","type-post","status-publish","format-standard","has-post-thumbnail","hentry","category-economia"],"yoast_head":"<!-- This site is optimized with the Yoast SEO plugin v24.8.1 - https:\/\/yoast.com\/wordpress\/plugins\/seo\/ -->\n<title>Abinader confiado en que RD tendr\u00e1 m\u00e1s inversiones en el turismo - PotenciaRadiofonicaDominicana.com<\/title>\n<meta name=\"robots\" content=\"index, follow, max-snippet:-1, max-image-preview:large, max-video-preview:-1\" \/>\n<link rel=\"canonical\" href=\"https:\/\/potenciaradiofonicadominicana.com\/portal\/abinader-confiado-en-que-rd-tendra-mas-inversiones-en-el-turismo\/\" \/>\n<meta property=\"og:locale\" content=\"es_ES\" \/>\n<meta property=\"og:type\" content=\"article\" \/>\n<meta property=\"og:title\" content=\"Abinader confiado en que RD tendr\u00e1 m\u00e1s inversiones en el turismo - PotenciaRadiofonicaDominicana.com\" \/>\n<meta property=\"og:description\" content=\"El presidente Luis Abinader dijo que las expectativas son de consolidar el crecimiento del turismo y llegar a niveles superiores ...\" \/>\n<meta property=\"og:url\" content=\"https:\/\/potenciaradiofonicadominicana.com\/portal\/abinader-confiado-en-que-rd-tendra-mas-inversiones-en-el-turismo\/\" \/>\n<meta property=\"og:site_name\" content=\"PotenciaRadiofonicaDominicana.com\" \/>\n<meta property=\"article:publisher\" content=\"https:\/\/web.facebook.com\/PotenciaRadiofonicaD\" \/>\n<meta property=\"article:published_time\" content=\"2022-01-18T14:00:22+00:00\" \/>\n<meta property=\"og:image\" content=\"https:\/\/potenciaradiofonicadominicana.com\/portal\/wp-content\/uploads\/2022\/01\/202201171616081.jpeg\" \/>\n\t<meta property=\"og:image:width\" content=\"675\" \/>\n\t<meta property=\"og:image:height\" content=\"460\" \/>\n\t<meta property=\"og:image:type\" content=\"image\/jpeg\" \/>\n<meta name=\"author\" content=\"Potencia Radiof\u00f3nica Dominicana\" \/>\n<meta name=\"twitter:card\" content=\"summary_large_image\" \/>\n<meta name=\"twitter:label1\" content=\"Escrito por\" \/>\n\t<meta name=\"twitter:data1\" content=\"Potencia Radiof\u00f3nica Dominicana\" \/>\n\t<meta name=\"twitter:label2\" content=\"Tiempo de lectura\" \/>\n\t<meta name=\"twitter:data2\" content=\"3 minutos\" \/>\n<script type=\"application\/ld+json\" class=\"yoast-schema-graph\">{\"@context\":\"https:\/\/schema.org\",\"@graph\":[{\"@type\":\"Article\",\"@id\":\"https:\/\/potenciaradiofonicadominicana.com\/portal\/abinader-confiado-en-que-rd-tendra-mas-inversiones-en-el-turismo\/#article\",\"isPartOf\":{\"@id\":\"https:\/\/potenciaradiofonicadominicana.com\/portal\/abinader-confiado-en-que-rd-tendra-mas-inversiones-en-el-turismo\/\"},\"author\":{\"name\":\"Potencia Radiof\u00f3nica Dominicana\",\"@id\":\"https:\/\/potenciaradiofonicadominicana.com\/portal\/#\/schema\/person\/a5cf1fea13877803ee0573ac18b03490\"},\"headline\":\"Abinader confiado en que RD tendr\u00e1 m\u00e1s inversiones en el turismo\",\"datePublished\":\"2022-01-18T14:00:22+00:00\",\"mainEntityOfPage\":{\"@id\":\"https:\/\/potenciaradiofonicadominicana.com\/portal\/abinader-confiado-en-que-rd-tendra-mas-inversiones-en-el-turismo\/\"},\"wordCount\":689,\"commentCount\":0,\"publisher\":{\"@id\":\"https:\/\/potenciaradiofonicadominicana.com\/portal\/#organization\"},\"image\":{\"@id\":\"https:\/\/potenciaradiofonicadominicana.com\/portal\/abinader-confiado-en-que-rd-tendra-mas-inversiones-en-el-turismo\/#primaryimage\"},\"thumbnailUrl\":\"https:\/\/potenciaradiofonicadominicana.com\/portal\/wp-content\/uploads\/2022\/01\/202201171616081.jpeg\",\"articleSection\":[\"Econom\u00eda\"],\"inLanguage\":\"es\",\"potentialAction\":[{\"@type\":\"CommentAction\",\"name\":\"Comment\",\"target\":[\"https:\/\/potenciaradiofonicadominicana.com\/portal\/abinader-confiado-en-que-rd-tendra-mas-inversiones-en-el-turismo\/#respond\"]}]},{\"@type\":\"WebPage\",\"@id\":\"https:\/\/potenciaradiofonicadominicana.com\/portal\/abinader-confiado-en-que-rd-tendra-mas-inversiones-en-el-turismo\/\",\"url\":\"https:\/\/potenciaradiofonicadominicana.com\/portal\/abinader-confiado-en-que-rd-tendra-mas-inversiones-en-el-turismo\/\",\"name\":\"Abinader confiado en que RD tendr\u00e1 m\u00e1s inversiones en el turismo - PotenciaRadiofonicaDominicana.com\",\"isPartOf\":{\"@id\":\"https:\/\/potenciaradiofonicadominicana.com\/portal\/#website\"},\"primaryImageOfPage\":{\"@id\":\"https:\/\/potenciaradiofonicadominicana.com\/portal\/abinader-confiado-en-que-rd-tendra-mas-inversiones-en-el-turismo\/#primaryimage\"},\"image\":{\"@id\":\"https:\/\/potenciaradiofonicadominicana.com\/portal\/abinader-confiado-en-que-rd-tendra-mas-inversiones-en-el-turismo\/#primaryimage\"},\"thumbnailUrl\":\"https:\/\/potenciaradiofonicadominicana.com\/portal\/wp-content\/uploads\/2022\/01\/202201171616081.jpeg\",\"datePublished\":\"2022-01-18T14:00:22+00:00\",\"breadcrumb\":{\"@id\":\"https:\/\/potenciaradiofonicadominicana.com\/portal\/abinader-confiado-en-que-rd-tendra-mas-inversiones-en-el-turismo\/#breadcrumb\"},\"inLanguage\":\"es\",\"potentialAction\":[{\"@type\":\"ReadAction\",\"target\":[\"https:\/\/potenciaradiofonicadominicana.com\/portal\/abinader-confiado-en-que-rd-tendra-mas-inversiones-en-el-turismo\/\"]}]},{\"@type\":\"ImageObject\",\"inLanguage\":\"es\",\"@id\":\"https:\/\/potenciaradiofonicadominicana.com\/portal\/abinader-confiado-en-que-rd-tendra-mas-inversiones-en-el-turismo\/#primaryimage\",\"url\":\"https:\/\/potenciaradiofonicadominicana.com\/portal\/wp-content\/uploads\/2022\/01\/202201171616081.jpeg\",\"contentUrl\":\"https:\/\/potenciaradiofonicadominicana.com\/portal\/wp-content\/uploads\/2022\/01\/202201171616081.jpeg\",\"width\":675,\"height\":460},{\"@type\":\"BreadcrumbList\",\"@id\":\"https:\/\/potenciaradiofonicadominicana.com\/portal\/abinader-confiado-en-que-rd-tendra-mas-inversiones-en-el-turismo\/#breadcrumb\",\"itemListElement\":[{\"@type\":\"ListItem\",\"position\":1,\"name\":\"Portada\",\"item\":\"https:\/\/potenciaradiofonicadominicana.com\/portal\/\"},{\"@type\":\"ListItem\",\"position\":2,\"name\":\"Abinader confiado en que RD tendr\u00e1 m\u00e1s inversiones en el turismo\"}]},{\"@type\":\"WebSite\",\"@id\":\"https:\/\/potenciaradiofonicadominicana.com\/portal\/#website\",\"url\":\"https:\/\/potenciaradiofonicadominicana.com\/portal\/\",\"name\":\"PotenciaRadiofonicaDominicana.com\",\"description\":\"Peri\u00f3dico Digital\",\"publisher\":{\"@id\":\"https:\/\/potenciaradiofonicadominicana.com\/portal\/#organization\"},\"potentialAction\":[{\"@type\":\"SearchAction\",\"target\":{\"@type\":\"EntryPoint\",\"urlTemplate\":\"https:\/\/potenciaradiofonicadominicana.com\/portal\/?s={search_term_string}\"},\"query-input\":{\"@type\":\"PropertyValueSpecification\",\"valueRequired\":true,\"valueName\":\"search_term_string\"}}],\"inLanguage\":\"es\"},{\"@type\":\"Organization\",\"@id\":\"https:\/\/potenciaradiofonicadominicana.com\/portal\/#organization\",\"name\":\"PotenciaRadiofonicaDominicana.com\",\"url\":\"https:\/\/potenciaradiofonicadominicana.com\/portal\/\",\"logo\":{\"@type\":\"ImageObject\",\"inLanguage\":\"es\",\"@id\":\"https:\/\/potenciaradiofonicadominicana.com\/portal\/#\/schema\/logo\/image\/\",\"url\":\"https:\/\/potenciaradiofonicadominicana.com\/portal\/wp-content\/uploads\/2022\/01\/descarga.png\",\"contentUrl\":\"https:\/\/potenciaradiofonicadominicana.com\/portal\/wp-content\/uploads\/2022\/01\/descarga.png\",\"width\":300,\"height\":100,\"caption\":\"PotenciaRadiofonicaDominicana.com\"},\"image\":{\"@id\":\"https:\/\/potenciaradiofonicadominicana.com\/portal\/#\/schema\/logo\/image\/\"},\"sameAs\":[\"https:\/\/web.facebook.com\/PotenciaRadiofonicaD\"]},{\"@type\":\"Person\",\"@id\":\"https:\/\/potenciaradiofonicadominicana.com\/portal\/#\/schema\/person\/a5cf1fea13877803ee0573ac18b03490\",\"name\":\"Potencia Radiof\u00f3nica Dominicana\",\"image\":{\"@type\":\"ImageObject\",\"inLanguage\":\"es\",\"@id\":\"https:\/\/potenciaradiofonicadominicana.com\/portal\/#\/schema\/person\/image\/\",\"url\":\"https:\/\/secure.gravatar.com\/avatar\/42a55ab9e8ccc656ba34cd791990602a?s=96&d=mm&r=g\",\"contentUrl\":\"https:\/\/secure.gravatar.com\/avatar\/42a55ab9e8ccc656ba34cd791990602a?s=96&d=mm&r=g\",\"caption\":\"Potencia Radiof\u00f3nica Dominicana\"},\"url\":\"https:\/\/potenciaradiofonicadominicana.com\/portal\/author\/johannyalmanzar\/\"}]}<\/script>\n<!-- \/ Yoast SEO plugin. -->","yoast_head_json":{"title":"Abinader confiado en que RD tendr\u00e1 m\u00e1s inversiones en el turismo - PotenciaRadiofonicaDominicana.com","robots":{"index":"index","follow":"follow","max-snippet":"max-snippet:-1","max-image-preview":"max-image-preview:large","max-video-preview":"max-video-preview:-1"},"canonical":"https:\/\/potenciaradiofonicadominicana.com\/portal\/abinader-confiado-en-que-rd-tendra-mas-inversiones-en-el-turismo\/","og_locale":"es_ES","og_type":"article","og_title":"Abinader confiado en que RD tendr\u00e1 m\u00e1s inversiones en el turismo - PotenciaRadiofonicaDominicana.com","og_description":"El presidente Luis Abinader dijo que las expectativas son de consolidar el crecimiento del turismo y llegar a niveles superiores ...","og_url":"https:\/\/potenciaradiofonicadominicana.com\/portal\/abinader-confiado-en-que-rd-tendra-mas-inversiones-en-el-turismo\/","og_site_name":"PotenciaRadiofonicaDominicana.com","article_publisher":"https:\/\/web.facebook.com\/PotenciaRadiofonicaD","article_published_time":"2022-01-18T14:00:22+00:00","og_image":[{"width":675,"height":460,"url":"https:\/\/potenciaradiofonicadominicana.com\/portal\/wp-content\/uploads\/2022\/01\/202201171616081.jpeg","type":"image\/jpeg"}],"author":"Potencia Radiof\u00f3nica Dominicana","twitter_card":"summary_large_image","twitter_misc":{"Escrito por":"Potencia Radiof\u00f3nica Dominicana","Tiempo de lectura":"3 minutos"},"schema":{"@context":"https:\/\/schema.org","@graph":[{"@type":"Article","@id":"https:\/\/potenciaradiofonicadominicana.com\/portal\/abinader-confiado-en-que-rd-tendra-mas-inversiones-en-el-turismo\/#article","isPartOf":{"@id":"https:\/\/potenciaradiofonicadominicana.com\/portal\/abinader-confiado-en-que-rd-tendra-mas-inversiones-en-el-turismo\/"},"author":{"name":"Potencia Radiof\u00f3nica Dominicana","@id":"https:\/\/potenciaradiofonicadominicana.com\/portal\/#\/schema\/person\/a5cf1fea13877803ee0573ac18b03490"},"headline":"Abinader confiado en que RD tendr\u00e1 m\u00e1s inversiones en el turismo","datePublished":"2022-01-18T14:00:22+00:00","mainEntityOfPage":{"@id":"https:\/\/potenciaradiofonicadominicana.com\/portal\/abinader-confiado-en-que-rd-tendra-mas-inversiones-en-el-turismo\/"},"wordCount":689,"commentCount":0,"publisher":{"@id":"https:\/\/potenciaradiofonicadominicana.com\/portal\/#organization"},"image":{"@id":"https:\/\/potenciaradiofonicadominicana.com\/portal\/abinader-confiado-en-que-rd-tendra-mas-inversiones-en-el-turismo\/#primaryimage"},"thumbnailUrl":"https:\/\/potenciaradiofonicadominicana.com\/portal\/wp-content\/uploads\/2022\/01\/202201171616081.jpeg","articleSection":["Econom\u00eda"],"inLanguage":"es","potentialAction":[{"@type":"CommentAction","name":"Comment","target":["https:\/\/potenciaradiofonicadominicana.com\/portal\/abinader-confiado-en-que-rd-tendra-mas-inversiones-en-el-turismo\/#respond"]}]},{"@type":"WebPage","@id":"https:\/\/potenciaradiofonicadominicana.com\/portal\/abinader-confiado-en-que-rd-tendra-mas-inversiones-en-el-turismo\/","url":"https:\/\/potenciaradiofonicadominicana.com\/portal\/abinader-confiado-en-que-rd-tendra-mas-inversiones-en-el-turismo\/","name":"Abinader confiado en que RD tendr\u00e1 m\u00e1s inversiones en el turismo - PotenciaRadiofonicaDominicana.com","isPartOf":{"@id":"https:\/\/potenciaradiofonicadominicana.com\/portal\/#website"},"primaryImageOfPage":{"@id":"https:\/\/potenciaradiofonicadominicana.com\/portal\/abinader-confiado-en-que-rd-tendra-mas-inversiones-en-el-turismo\/#primaryimage"},"image":{"@id":"https:\/\/potenciaradiofonicadominicana.com\/portal\/abinader-confiado-en-que-rd-tendra-mas-inversiones-en-el-turismo\/#primaryimage"},"thumbnailUrl":"https:\/\/potenciaradiofonicadominicana.com\/portal\/wp-content\/uploads\/2022\/01\/202201171616081.jpeg","datePublished":"2022-01-18T14:00:22+00:00","breadcrumb":{"@id":"https:\/\/potenciaradiofonicadominicana.com\/portal\/abinader-confiado-en-que-rd-tendra-mas-inversiones-en-el-turismo\/#breadcrumb"},"inLanguage":"es","potentialAction":[{"@type":"ReadAction","target":["https:\/\/potenciaradiofonicadominicana.com\/portal\/abinader-confiado-en-que-rd-tendra-mas-inversiones-en-el-turismo\/"]}]},{"@type":"ImageObject","inLanguage":"es","@id":"https:\/\/potenciaradiofonicadominicana.com\/portal\/abinader-confiado-en-que-rd-tendra-mas-inversiones-en-el-turismo\/#primaryimage","url":"https:\/\/potenciaradiofonicadominicana.com\/portal\/wp-content\/uploads\/2022\/01\/202201171616081.jpeg","contentUrl":"https:\/\/potenciaradiofonicadominicana.com\/portal\/wp-content\/uploads\/2022\/01\/202201171616081.jpeg","width":675,"height":460},{"@type":"BreadcrumbList","@id":"https:\/\/potenciaradiofonicadominicana.com\/portal\/abinader-confiado-en-que-rd-tendra-mas-inversiones-en-el-turismo\/#breadcrumb","itemListElement":[{"@type":"ListItem","position":1,"name":"Portada","item":"https:\/\/potenciaradiofonicadominicana.com\/portal\/"},{"@type":"ListItem","position":2,"name":"Abinader confiado en que RD tendr\u00e1 m\u00e1s inversiones en el turismo"}]},{"@type":"WebSite","@id":"https:\/\/potenciaradiofonicadominicana.com\/portal\/#website","url":"https:\/\/potenciaradiofonicadominicana.com\/portal\/","name":"PotenciaRadiofonicaDominicana.com","description":"Peri\u00f3dico Digital","publisher":{"@id":"https:\/\/potenciaradiofonicadominicana.com\/portal\/#organization"},"potentialAction":[{"@type":"SearchAction","target":{"@type":"EntryPoint","urlTemplate":"https:\/\/potenciaradiofonicadominicana.com\/portal\/?s={search_term_string}"},"query-input":{"@type":"PropertyValueSpecification","valueRequired":true,"valueName":"search_term_string"}}],"inLanguage":"es"},{"@type":"Organization","@id":"https:\/\/potenciaradiofonicadominicana.com\/portal\/#organization","name":"PotenciaRadiofonicaDominicana.com","url":"https:\/\/potenciaradiofonicadominicana.com\/portal\/","logo":{"@type":"ImageObject","inLanguage":"es","@id":"https:\/\/potenciaradiofonicadominicana.com\/portal\/#\/schema\/logo\/image\/","url":"https:\/\/potenciaradiofonicadominicana.com\/portal\/wp-content\/uploads\/2022\/01\/descarga.png","contentUrl":"https:\/\/potenciaradiofonicadominicana.com\/portal\/wp-content\/uploads\/2022\/01\/descarga.png","width":300,"height":100,"caption":"PotenciaRadiofonicaDominicana.com"},"image":{"@id":"https:\/\/potenciaradiofonicadominicana.com\/portal\/#\/schema\/logo\/image\/"},"sameAs":["https:\/\/web.facebook.com\/PotenciaRadiofonicaD"]},{"@type":"Person","@id":"https:\/\/potenciaradiofonicadominicana.com\/portal\/#\/schema\/person\/a5cf1fea13877803ee0573ac18b03490","name":"Potencia Radiof\u00f3nica Dominicana","image":{"@type":"ImageObject","inLanguage":"es","@id":"https:\/\/potenciaradiofonicadominicana.com\/portal\/#\/schema\/person\/image\/","url":"https:\/\/secure.gravatar.com\/avatar\/42a55ab9e8ccc656ba34cd791990602a?s=96&d=mm&r=g","contentUrl":"https:\/\/secure.gravatar.com\/avatar\/42a55ab9e8ccc656ba34cd791990602a?s=96&d=mm&r=g","caption":"Potencia Radiof\u00f3nica Dominicana"},"url":"https:\/\/potenciaradiofonicadominicana.com\/portal\/author\/johannyalmanzar\/"}]}},"_links":{"self":[{"href":"https:\/\/potenciaradiofonicadominicana.com\/portal\/wp-json\/wp\/v2\/posts\/112842","targetHints":{"allow":["GET"]}}],"collection":[{"href":"https:\/\/potenciaradiofonicadominicana.com\/portal\/wp-json\/wp\/v2\/posts"}],"about":[{"href":"https:\/\/potenciaradiofonicadominicana.com\/portal\/wp-json\/wp\/v2\/types\/post"}],"author":[{"embeddable":true,"href":"https:\/\/potenciaradiofonicadominicana.com\/portal\/wp-json\/wp\/v2\/users\/2"}],"replies":[{"embeddable":true,"href":"https:\/\/potenciaradiofonicadominicana.com\/portal\/wp-json\/wp\/v2\/comments?post=112842"}],"version-history":[{"count":1,"href":"https:\/\/potenciaradiofonicadominicana.com\/portal\/wp-json\/wp\/v2\/posts\/112842\/revisions"}],"predecessor-version":[{"id":112844,"href":"https:\/\/potenciaradiofonicadominicana.com\/portal\/wp-json\/wp\/v2\/posts\/112842\/revisions\/112844"}],"wp:featuredmedia":[{"embeddable":true,"href":"https:\/\/potenciaradiofonicadominicana.com\/portal\/wp-json\/wp\/v2\/media\/112843"}],"wp:attachment":[{"href":"https:\/\/potenciaradiofonicadominicana.com\/portal\/wp-json\/wp\/v2\/media?parent=112842"}],"wp:term":[{"taxonomy":"category","embeddable":true,"href":"https:\/\/potenciaradiofonicadominicana.com\/portal\/wp-json\/wp\/v2\/categories?post=112842"},{"taxonomy":"post_tag","embeddable":true,"href":"https:\/\/potenciaradiofonicadominicana.com\/portal\/wp-json\/wp\/v2\/tags?post=112842"}],"curies":[{"name":"wp","href":"https:\/\/api.w.org\/{rel}","templated":true}]}}