{"id":112836,"date":"2022-01-18T09:55:42","date_gmt":"2022-01-18T13:55:42","guid":{"rendered":"https:\/\/potenciaradiofonicadominicana.com\/portal\/?p=112836"},"modified":"2022-01-18T09:55:42","modified_gmt":"2022-01-18T13:55:42","slug":"constructores-de-viviendas-dicen-no-se-justifica-aumento-del-precio-del-cemento","status":"publish","type":"post","link":"https:\/\/potenciaradiofonicadominicana.com\/portal\/constructores-de-viviendas-dicen-no-se-justifica-aumento-del-precio-del-cemento\/","title":{"rendered":"Constructores de viviendas dicen no se justifica aumento del precio del cemento"},"content":{"rendered":"<p><a href=\"https:\/\/potenciaradiofonicadominicana.com\/portal\/wp-content\/uploads\/2022\/01\/construccion-viviendas-e6834436-focus-0-0-895-573.jpg\"><img loading=\"lazy\" decoding=\"async\" class=\"alignnone size-full wp-image-112837\" src=\"https:\/\/potenciaradiofonicadominicana.com\/portal\/wp-content\/uploads\/2022\/01\/construccion-viviendas-e6834436-focus-0-0-895-573.jpg\" alt=\"\" width=\"693\" height=\"370\" srcset=\"https:\/\/potenciaradiofonicadominicana.com\/portal\/wp-content\/uploads\/2022\/01\/construccion-viviendas-e6834436-focus-0-0-895-573.jpg 693w, https:\/\/potenciaradiofonicadominicana.com\/portal\/wp-content\/uploads\/2022\/01\/construccion-viviendas-e6834436-focus-0-0-895-573-300x160.jpg 300w\" sizes=\"auto, (max-width: 693px) 100vw, 693px\" \/><\/a><\/p>\n<p>La Asociaci\u00f3n de Promotores y\u00a0Constructores\u00a0de\u00a0Viviendas\u00a0del\u00a0Cibao\u00a0(Aprocovici) entiende que no hay justificaci\u00f3n para el aumento que ha experimentado en el \u00faltimo a\u00f1o el precio del\u00a0cemento\u00a0y otros materiales para la construcci\u00f3n.<\/p>\n<p>Landy Col\u00f3n, presidente de Aprocovici, dijo que ese incremento no se lo pueden atribuir al alza del d\u00f3lar ni al aumento en los fletes, \u201cporque en el caso del\u00a0cemento\u00a0se produce aqu\u00ed\u201d.<\/p>\n<p>Para enero del 2022 ese insumo se comercializa casi cien pesos m\u00e1s caro que para la misma fecha del a\u00f1o anterior. En el mercado el\u00a0cemento\u00a0se vende a RD$450 la unidad.<\/p>\n<p>El titular de Aprocovici asegur\u00f3 que el 2021 fue un a\u00f1o de constantes aumentos en los componentes principales de las edificaciones.<\/p>\n<p>\u00abNos preocupa que el alza injustificada del\u00a0cemento\u00a0derrumbe el avance que se experimenta y que respalda los sectores que hacen un gran esfuerzo para prosperar\u00bb, expres\u00f3 Col\u00f3n.<\/p>\n<p>Otros materiales que han experimentado alzas en sus precios son los del vidrio, la madera, el acero, el aluminio, productos de terminaci\u00f3n, accesorios el\u00e9ctricos, piedras naturales y marmolite.<\/p>\n<p>Landy Col\u00f3n manifest\u00f3 su preocupaci\u00f3n por la situaci\u00f3n, la cual asegura amenaza la continuidad de m\u00faltiples proyectos en marcha y los que est\u00e1n en proceso de iniciar.<\/p>\n<p>Actualmente, solo en Santiago hay m\u00e1s de 200 proyectos en construcci\u00f3n. La mayor\u00eda de adquirentes de las obras de infraestructuras son familias dominicanas residentes en Estados Unidos y Europa, conf\u00edo Landy Col\u00f3n.<\/p>\n","protected":false},"excerpt":{"rendered":"<p>La Asociaci\u00f3n de Promotores y\u00a0Constructores\u00a0de\u00a0Viviendas\u00a0del\u00a0Cibao\u00a0(Aprocovici) entiende que no hay justificaci\u00f3n para el aumento que ha experimentado en el \u00faltimo a\u00f1o &#8230;<\/p>\n","protected":false},"author":2,"featured_media":112837,"comment_status":"open","ping_status":"open","sticky":false,"template":"","format":"standard","meta":{"footnotes":""},"categories":[26],"tags":[],"class_list":["post-112836","post","type-post","status-publish","format-standard","has-post-thumbnail","hentry","category-economia"],"yoast_head":"<!-- This site is optimized with the Yoast SEO plugin v24.8.1 - https:\/\/yoast.com\/wordpress\/plugins\/seo\/ -->\n<title>Constructores de viviendas dicen no se justifica aumento del precio del cemento - PotenciaRadiofonicaDominicana.com<\/title>\n<meta name=\"robots\" content=\"index, follow, max-snippet:-1, max-image-preview:large, max-video-preview:-1\" \/>\n<link rel=\"canonical\" href=\"https:\/\/potenciaradiofonicadominicana.com\/portal\/constructores-de-viviendas-dicen-no-se-justifica-aumento-del-precio-del-cemento\/\" \/>\n<meta property=\"og:locale\" content=\"es_ES\" \/>\n<meta property=\"og:type\" content=\"article\" \/>\n<meta property=\"og:title\" content=\"Constructores de viviendas dicen no se justifica aumento del precio del cemento - PotenciaRadiofonicaDominicana.com\" \/>\n<meta property=\"og:description\" content=\"La Asociaci\u00f3n de Promotores y\u00a0Constructores\u00a0de\u00a0Viviendas\u00a0del\u00a0Cibao\u00a0(Aprocovici) entiende que no hay justificaci\u00f3n para el aumento que ha experimentado en el \u00faltimo a\u00f1o ...\" \/>\n<meta property=\"og:url\" content=\"https:\/\/potenciaradiofonicadominicana.com\/portal\/constructores-de-viviendas-dicen-no-se-justifica-aumento-del-precio-del-cemento\/\" \/>\n<meta property=\"og:site_name\" content=\"PotenciaRadiofonicaDominicana.com\" \/>\n<meta property=\"article:publisher\" content=\"https:\/\/web.facebook.com\/PotenciaRadiofonicaD\" \/>\n<meta property=\"article:published_time\" content=\"2022-01-18T13:55:42+00:00\" \/>\n<meta property=\"og:image\" content=\"https:\/\/potenciaradiofonicadominicana.com\/portal\/wp-content\/uploads\/2022\/01\/construccion-viviendas-e6834436-focus-0-0-895-573.jpg\" \/>\n\t<meta property=\"og:image:width\" content=\"693\" \/>\n\t<meta property=\"og:image:height\" content=\"370\" \/>\n\t<meta property=\"og:image:type\" content=\"image\/jpeg\" \/>\n<meta name=\"author\" content=\"Potencia Radiof\u00f3nica Dominicana\" \/>\n<meta name=\"twitter:card\" content=\"summary_large_image\" \/>\n<meta name=\"twitter:label1\" content=\"Escrito por\" \/>\n\t<meta name=\"twitter:data1\" content=\"Potencia Radiof\u00f3nica Dominicana\" \/>\n\t<meta name=\"twitter:label2\" content=\"Tiempo de lectura\" \/>\n\t<meta name=\"twitter:data2\" content=\"1 minuto\" \/>\n<script type=\"application\/ld+json\" class=\"yoast-schema-graph\">{\"@context\":\"https:\/\/schema.org\",\"@graph\":[{\"@type\":\"Article\",\"@id\":\"https:\/\/potenciaradiofonicadominicana.com\/portal\/constructores-de-viviendas-dicen-no-se-justifica-aumento-del-precio-del-cemento\/#article\",\"isPartOf\":{\"@id\":\"https:\/\/potenciaradiofonicadominicana.com\/portal\/constructores-de-viviendas-dicen-no-se-justifica-aumento-del-precio-del-cemento\/\"},\"author\":{\"name\":\"Potencia Radiof\u00f3nica Dominicana\",\"@id\":\"https:\/\/potenciaradiofonicadominicana.com\/portal\/#\/schema\/person\/a5cf1fea13877803ee0573ac18b03490\"},\"headline\":\"Constructores de viviendas dicen no se justifica aumento del precio del cemento\",\"datePublished\":\"2022-01-18T13:55:42+00:00\",\"mainEntityOfPage\":{\"@id\":\"https:\/\/potenciaradiofonicadominicana.com\/portal\/constructores-de-viviendas-dicen-no-se-justifica-aumento-del-precio-del-cemento\/\"},\"wordCount\":268,\"commentCount\":0,\"publisher\":{\"@id\":\"https:\/\/potenciaradiofonicadominicana.com\/portal\/#organization\"},\"image\":{\"@id\":\"https:\/\/potenciaradiofonicadominicana.com\/portal\/constructores-de-viviendas-dicen-no-se-justifica-aumento-del-precio-del-cemento\/#primaryimage\"},\"thumbnailUrl\":\"https:\/\/potenciaradiofonicadominicana.com\/portal\/wp-content\/uploads\/2022\/01\/construccion-viviendas-e6834436-focus-0-0-895-573.jpg\",\"articleSection\":[\"Econom\u00eda\"],\"inLanguage\":\"es\",\"potentialAction\":[{\"@type\":\"CommentAction\",\"name\":\"Comment\",\"target\":[\"https:\/\/potenciaradiofonicadominicana.com\/portal\/constructores-de-viviendas-dicen-no-se-justifica-aumento-del-precio-del-cemento\/#respond\"]}]},{\"@type\":\"WebPage\",\"@id\":\"https:\/\/potenciaradiofonicadominicana.com\/portal\/constructores-de-viviendas-dicen-no-se-justifica-aumento-del-precio-del-cemento\/\",\"url\":\"https:\/\/potenciaradiofonicadominicana.com\/portal\/constructores-de-viviendas-dicen-no-se-justifica-aumento-del-precio-del-cemento\/\",\"name\":\"Constructores de viviendas dicen no se justifica aumento del precio del cemento - PotenciaRadiofonicaDominicana.com\",\"isPartOf\":{\"@id\":\"https:\/\/potenciaradiofonicadominicana.com\/portal\/#website\"},\"primaryImageOfPage\":{\"@id\":\"https:\/\/potenciaradiofonicadominicana.com\/portal\/constructores-de-viviendas-dicen-no-se-justifica-aumento-del-precio-del-cemento\/#primaryimage\"},\"image\":{\"@id\":\"https:\/\/potenciaradiofonicadominicana.com\/portal\/constructores-de-viviendas-dicen-no-se-justifica-aumento-del-precio-del-cemento\/#primaryimage\"},\"thumbnailUrl\":\"https:\/\/potenciaradiofonicadominicana.com\/portal\/wp-content\/uploads\/2022\/01\/construccion-viviendas-e6834436-focus-0-0-895-573.jpg\",\"datePublished\":\"2022-01-18T13:55:42+00:00\",\"breadcrumb\":{\"@id\":\"https:\/\/potenciaradiofonicadominicana.com\/portal\/constructores-de-viviendas-dicen-no-se-justifica-aumento-del-precio-del-cemento\/#breadcrumb\"},\"inLanguage\":\"es\",\"potentialAction\":[{\"@type\":\"ReadAction\",\"target\":[\"https:\/\/potenciaradiofonicadominicana.com\/portal\/constructores-de-viviendas-dicen-no-se-justifica-aumento-del-precio-del-cemento\/\"]}]},{\"@type\":\"ImageObject\",\"inLanguage\":\"es\",\"@id\":\"https:\/\/potenciaradiofonicadominicana.com\/portal\/constructores-de-viviendas-dicen-no-se-justifica-aumento-del-precio-del-cemento\/#primaryimage\",\"url\":\"https:\/\/potenciaradiofonicadominicana.com\/portal\/wp-content\/uploads\/2022\/01\/construccion-viviendas-e6834436-focus-0-0-895-573.jpg\",\"contentUrl\":\"https:\/\/potenciaradiofonicadominicana.com\/portal\/wp-content\/uploads\/2022\/01\/construccion-viviendas-e6834436-focus-0-0-895-573.jpg\",\"width\":693,\"height\":370},{\"@type\":\"BreadcrumbList\",\"@id\":\"https:\/\/potenciaradiofonicadominicana.com\/portal\/constructores-de-viviendas-dicen-no-se-justifica-aumento-del-precio-del-cemento\/#breadcrumb\",\"itemListElement\":[{\"@type\":\"ListItem\",\"position\":1,\"name\":\"Portada\",\"item\":\"https:\/\/potenciaradiofonicadominicana.com\/portal\/\"},{\"@type\":\"ListItem\",\"position\":2,\"name\":\"Constructores de viviendas dicen no se justifica aumento del precio del cemento\"}]},{\"@type\":\"WebSite\",\"@id\":\"https:\/\/potenciaradiofonicadominicana.com\/portal\/#website\",\"url\":\"https:\/\/potenciaradiofonicadominicana.com\/portal\/\",\"name\":\"PotenciaRadiofonicaDominicana.com\",\"description\":\"Peri\u00f3dico Digital\",\"publisher\":{\"@id\":\"https:\/\/potenciaradiofonicadominicana.com\/portal\/#organization\"},\"potentialAction\":[{\"@type\":\"SearchAction\",\"target\":{\"@type\":\"EntryPoint\",\"urlTemplate\":\"https:\/\/potenciaradiofonicadominicana.com\/portal\/?s={search_term_string}\"},\"query-input\":{\"@type\":\"PropertyValueSpecification\",\"valueRequired\":true,\"valueName\":\"search_term_string\"}}],\"inLanguage\":\"es\"},{\"@type\":\"Organization\",\"@id\":\"https:\/\/potenciaradiofonicadominicana.com\/portal\/#organization\",\"name\":\"PotenciaRadiofonicaDominicana.com\",\"url\":\"https:\/\/potenciaradiofonicadominicana.com\/portal\/\",\"logo\":{\"@type\":\"ImageObject\",\"inLanguage\":\"es\",\"@id\":\"https:\/\/potenciaradiofonicadominicana.com\/portal\/#\/schema\/logo\/image\/\",\"url\":\"https:\/\/potenciaradiofonicadominicana.com\/portal\/wp-content\/uploads\/2022\/01\/descarga.png\",\"contentUrl\":\"https:\/\/potenciaradiofonicadominicana.com\/portal\/wp-content\/uploads\/2022\/01\/descarga.png\",\"width\":300,\"height\":100,\"caption\":\"PotenciaRadiofonicaDominicana.com\"},\"image\":{\"@id\":\"https:\/\/potenciaradiofonicadominicana.com\/portal\/#\/schema\/logo\/image\/\"},\"sameAs\":[\"https:\/\/web.facebook.com\/PotenciaRadiofonicaD\"]},{\"@type\":\"Person\",\"@id\":\"https:\/\/potenciaradiofonicadominicana.com\/portal\/#\/schema\/person\/a5cf1fea13877803ee0573ac18b03490\",\"name\":\"Potencia Radiof\u00f3nica Dominicana\",\"image\":{\"@type\":\"ImageObject\",\"inLanguage\":\"es\",\"@id\":\"https:\/\/potenciaradiofonicadominicana.com\/portal\/#\/schema\/person\/image\/\",\"url\":\"https:\/\/secure.gravatar.com\/avatar\/42a55ab9e8ccc656ba34cd791990602a?s=96&d=mm&r=g\",\"contentUrl\":\"https:\/\/secure.gravatar.com\/avatar\/42a55ab9e8ccc656ba34cd791990602a?s=96&d=mm&r=g\",\"caption\":\"Potencia Radiof\u00f3nica Dominicana\"},\"url\":\"https:\/\/potenciaradiofonicadominicana.com\/portal\/author\/johannyalmanzar\/\"}]}<\/script>\n<!-- \/ Yoast SEO plugin. -->","yoast_head_json":{"title":"Constructores de viviendas dicen no se justifica aumento del precio del cemento - PotenciaRadiofonicaDominicana.com","robots":{"index":"index","follow":"follow","max-snippet":"max-snippet:-1","max-image-preview":"max-image-preview:large","max-video-preview":"max-video-preview:-1"},"canonical":"https:\/\/potenciaradiofonicadominicana.com\/portal\/constructores-de-viviendas-dicen-no-se-justifica-aumento-del-precio-del-cemento\/","og_locale":"es_ES","og_type":"article","og_title":"Constructores de viviendas dicen no se justifica aumento del precio del cemento - PotenciaRadiofonicaDominicana.com","og_description":"La Asociaci\u00f3n de Promotores y\u00a0Constructores\u00a0de\u00a0Viviendas\u00a0del\u00a0Cibao\u00a0(Aprocovici) entiende que no hay justificaci\u00f3n para el aumento que ha experimentado en el \u00faltimo a\u00f1o ...","og_url":"https:\/\/potenciaradiofonicadominicana.com\/portal\/constructores-de-viviendas-dicen-no-se-justifica-aumento-del-precio-del-cemento\/","og_site_name":"PotenciaRadiofonicaDominicana.com","article_publisher":"https:\/\/web.facebook.com\/PotenciaRadiofonicaD","article_published_time":"2022-01-18T13:55:42+00:00","og_image":[{"width":693,"height":370,"url":"https:\/\/potenciaradiofonicadominicana.com\/portal\/wp-content\/uploads\/2022\/01\/construccion-viviendas-e6834436-focus-0-0-895-573.jpg","type":"image\/jpeg"}],"author":"Potencia Radiof\u00f3nica Dominicana","twitter_card":"summary_large_image","twitter_misc":{"Escrito por":"Potencia Radiof\u00f3nica Dominicana","Tiempo de lectura":"1 minuto"},"schema":{"@context":"https:\/\/schema.org","@graph":[{"@type":"Article","@id":"https:\/\/potenciaradiofonicadominicana.com\/portal\/constructores-de-viviendas-dicen-no-se-justifica-aumento-del-precio-del-cemento\/#article","isPartOf":{"@id":"https:\/\/potenciaradiofonicadominicana.com\/portal\/constructores-de-viviendas-dicen-no-se-justifica-aumento-del-precio-del-cemento\/"},"author":{"name":"Potencia Radiof\u00f3nica Dominicana","@id":"https:\/\/potenciaradiofonicadominicana.com\/portal\/#\/schema\/person\/a5cf1fea13877803ee0573ac18b03490"},"headline":"Constructores de viviendas dicen no se justifica aumento del precio del cemento","datePublished":"2022-01-18T13:55:42+00:00","mainEntityOfPage":{"@id":"https:\/\/potenciaradiofonicadominicana.com\/portal\/constructores-de-viviendas-dicen-no-se-justifica-aumento-del-precio-del-cemento\/"},"wordCount":268,"commentCount":0,"publisher":{"@id":"https:\/\/potenciaradiofonicadominicana.com\/portal\/#organization"},"image":{"@id":"https:\/\/potenciaradiofonicadominicana.com\/portal\/constructores-de-viviendas-dicen-no-se-justifica-aumento-del-precio-del-cemento\/#primaryimage"},"thumbnailUrl":"https:\/\/potenciaradiofonicadominicana.com\/portal\/wp-content\/uploads\/2022\/01\/construccion-viviendas-e6834436-focus-0-0-895-573.jpg","articleSection":["Econom\u00eda"],"inLanguage":"es","potentialAction":[{"@type":"CommentAction","name":"Comment","target":["https:\/\/potenciaradiofonicadominicana.com\/portal\/constructores-de-viviendas-dicen-no-se-justifica-aumento-del-precio-del-cemento\/#respond"]}]},{"@type":"WebPage","@id":"https:\/\/potenciaradiofonicadominicana.com\/portal\/constructores-de-viviendas-dicen-no-se-justifica-aumento-del-precio-del-cemento\/","url":"https:\/\/potenciaradiofonicadominicana.com\/portal\/constructores-de-viviendas-dicen-no-se-justifica-aumento-del-precio-del-cemento\/","name":"Constructores de viviendas dicen no se justifica aumento del precio del cemento - PotenciaRadiofonicaDominicana.com","isPartOf":{"@id":"https:\/\/potenciaradiofonicadominicana.com\/portal\/#website"},"primaryImageOfPage":{"@id":"https:\/\/potenciaradiofonicadominicana.com\/portal\/constructores-de-viviendas-dicen-no-se-justifica-aumento-del-precio-del-cemento\/#primaryimage"},"image":{"@id":"https:\/\/potenciaradiofonicadominicana.com\/portal\/constructores-de-viviendas-dicen-no-se-justifica-aumento-del-precio-del-cemento\/#primaryimage"},"thumbnailUrl":"https:\/\/potenciaradiofonicadominicana.com\/portal\/wp-content\/uploads\/2022\/01\/construccion-viviendas-e6834436-focus-0-0-895-573.jpg","datePublished":"2022-01-18T13:55:42+00:00","breadcrumb":{"@id":"https:\/\/potenciaradiofonicadominicana.com\/portal\/constructores-de-viviendas-dicen-no-se-justifica-aumento-del-precio-del-cemento\/#breadcrumb"},"inLanguage":"es","potentialAction":[{"@type":"ReadAction","target":["https:\/\/potenciaradiofonicadominicana.com\/portal\/constructores-de-viviendas-dicen-no-se-justifica-aumento-del-precio-del-cemento\/"]}]},{"@type":"ImageObject","inLanguage":"es","@id":"https:\/\/potenciaradiofonicadominicana.com\/portal\/constructores-de-viviendas-dicen-no-se-justifica-aumento-del-precio-del-cemento\/#primaryimage","url":"https:\/\/potenciaradiofonicadominicana.com\/portal\/wp-content\/uploads\/2022\/01\/construccion-viviendas-e6834436-focus-0-0-895-573.jpg","contentUrl":"https:\/\/potenciaradiofonicadominicana.com\/portal\/wp-content\/uploads\/2022\/01\/construccion-viviendas-e6834436-focus-0-0-895-573.jpg","width":693,"height":370},{"@type":"BreadcrumbList","@id":"https:\/\/potenciaradiofonicadominicana.com\/portal\/constructores-de-viviendas-dicen-no-se-justifica-aumento-del-precio-del-cemento\/#breadcrumb","itemListElement":[{"@type":"ListItem","position":1,"name":"Portada","item":"https:\/\/potenciaradiofonicadominicana.com\/portal\/"},{"@type":"ListItem","position":2,"name":"Constructores de viviendas dicen no se justifica aumento del precio del cemento"}]},{"@type":"WebSite","@id":"https:\/\/potenciaradiofonicadominicana.com\/portal\/#website","url":"https:\/\/potenciaradiofonicadominicana.com\/portal\/","name":"PotenciaRadiofonicaDominicana.com","description":"Peri\u00f3dico Digital","publisher":{"@id":"https:\/\/potenciaradiofonicadominicana.com\/portal\/#organization"},"potentialAction":[{"@type":"SearchAction","target":{"@type":"EntryPoint","urlTemplate":"https:\/\/potenciaradiofonicadominicana.com\/portal\/?s={search_term_string}"},"query-input":{"@type":"PropertyValueSpecification","valueRequired":true,"valueName":"search_term_string"}}],"inLanguage":"es"},{"@type":"Organization","@id":"https:\/\/potenciaradiofonicadominicana.com\/portal\/#organization","name":"PotenciaRadiofonicaDominicana.com","url":"https:\/\/potenciaradiofonicadominicana.com\/portal\/","logo":{"@type":"ImageObject","inLanguage":"es","@id":"https:\/\/potenciaradiofonicadominicana.com\/portal\/#\/schema\/logo\/image\/","url":"https:\/\/potenciaradiofonicadominicana.com\/portal\/wp-content\/uploads\/2022\/01\/descarga.png","contentUrl":"https:\/\/potenciaradiofonicadominicana.com\/portal\/wp-content\/uploads\/2022\/01\/descarga.png","width":300,"height":100,"caption":"PotenciaRadiofonicaDominicana.com"},"image":{"@id":"https:\/\/potenciaradiofonicadominicana.com\/portal\/#\/schema\/logo\/image\/"},"sameAs":["https:\/\/web.facebook.com\/PotenciaRadiofonicaD"]},{"@type":"Person","@id":"https:\/\/potenciaradiofonicadominicana.com\/portal\/#\/schema\/person\/a5cf1fea13877803ee0573ac18b03490","name":"Potencia Radiof\u00f3nica Dominicana","image":{"@type":"ImageObject","inLanguage":"es","@id":"https:\/\/potenciaradiofonicadominicana.com\/portal\/#\/schema\/person\/image\/","url":"https:\/\/secure.gravatar.com\/avatar\/42a55ab9e8ccc656ba34cd791990602a?s=96&d=mm&r=g","contentUrl":"https:\/\/secure.gravatar.com\/avatar\/42a55ab9e8ccc656ba34cd791990602a?s=96&d=mm&r=g","caption":"Potencia Radiof\u00f3nica Dominicana"},"url":"https:\/\/potenciaradiofonicadominicana.com\/portal\/author\/johannyalmanzar\/"}]}},"_links":{"self":[{"href":"https:\/\/potenciaradiofonicadominicana.com\/portal\/wp-json\/wp\/v2\/posts\/112836","targetHints":{"allow":["GET"]}}],"collection":[{"href":"https:\/\/potenciaradiofonicadominicana.com\/portal\/wp-json\/wp\/v2\/posts"}],"about":[{"href":"https:\/\/potenciaradiofonicadominicana.com\/portal\/wp-json\/wp\/v2\/types\/post"}],"author":[{"embeddable":true,"href":"https:\/\/potenciaradiofonicadominicana.com\/portal\/wp-json\/wp\/v2\/users\/2"}],"replies":[{"embeddable":true,"href":"https:\/\/potenciaradiofonicadominicana.com\/portal\/wp-json\/wp\/v2\/comments?post=112836"}],"version-history":[{"count":1,"href":"https:\/\/potenciaradiofonicadominicana.com\/portal\/wp-json\/wp\/v2\/posts\/112836\/revisions"}],"predecessor-version":[{"id":112838,"href":"https:\/\/potenciaradiofonicadominicana.com\/portal\/wp-json\/wp\/v2\/posts\/112836\/revisions\/112838"}],"wp:featuredmedia":[{"embeddable":true,"href":"https:\/\/potenciaradiofonicadominicana.com\/portal\/wp-json\/wp\/v2\/media\/112837"}],"wp:attachment":[{"href":"https:\/\/potenciaradiofonicadominicana.com\/portal\/wp-json\/wp\/v2\/media?parent=112836"}],"wp:term":[{"taxonomy":"category","embeddable":true,"href":"https:\/\/potenciaradiofonicadominicana.com\/portal\/wp-json\/wp\/v2\/categories?post=112836"},{"taxonomy":"post_tag","embeddable":true,"href":"https:\/\/potenciaradiofonicadominicana.com\/portal\/wp-json\/wp\/v2\/tags?post=112836"}],"curies":[{"name":"wp","href":"https:\/\/api.w.org\/{rel}","templated":true}]}}