{"id":112656,"date":"2022-01-17T09:01:38","date_gmt":"2022-01-17T13:01:38","guid":{"rendered":"https:\/\/potenciaradiofonicadominicana.com\/portal\/?p=112656"},"modified":"2022-01-17T09:01:38","modified_gmt":"2022-01-17T13:01:38","slug":"dice-el-2021-fue-de-cambios-para-dga","status":"publish","type":"post","link":"https:\/\/potenciaradiofonicadominicana.com\/portal\/dice-el-2021-fue-de-cambios-para-dga\/","title":{"rendered":"Dice el 2021 fue de cambios para DGA"},"content":{"rendered":"<p><a href=\"https:\/\/potenciaradiofonicadominicana.com\/portal\/wp-content\/uploads\/2022\/01\/aduanas-califica-el-mes-de-marzo-como-historico-al-superar-los-us-1000-millones-en-exportaciones.jpeg\"><img loading=\"lazy\" decoding=\"async\" class=\"alignnone size-full wp-image-112657\" src=\"https:\/\/potenciaradiofonicadominicana.com\/portal\/wp-content\/uploads\/2022\/01\/aduanas-califica-el-mes-de-marzo-como-historico-al-superar-los-us-1000-millones-en-exportaciones.jpeg\" alt=\"\" width=\"1200\" height=\"799\" srcset=\"https:\/\/potenciaradiofonicadominicana.com\/portal\/wp-content\/uploads\/2022\/01\/aduanas-califica-el-mes-de-marzo-como-historico-al-superar-los-us-1000-millones-en-exportaciones.jpeg 1200w, https:\/\/potenciaradiofonicadominicana.com\/portal\/wp-content\/uploads\/2022\/01\/aduanas-califica-el-mes-de-marzo-como-historico-al-superar-los-us-1000-millones-en-exportaciones-300x200.jpeg 300w, https:\/\/potenciaradiofonicadominicana.com\/portal\/wp-content\/uploads\/2022\/01\/aduanas-califica-el-mes-de-marzo-como-historico-al-superar-los-us-1000-millones-en-exportaciones-768x511.jpeg 768w, https:\/\/potenciaradiofonicadominicana.com\/portal\/wp-content\/uploads\/2022\/01\/aduanas-califica-el-mes-de-marzo-como-historico-al-superar-los-us-1000-millones-en-exportaciones-1024x682.jpeg 1024w\" sizes=\"auto, (max-width: 1200px) 100vw, 1200px\" \/><\/a><\/p>\n<p>El director general de Aduanas, Eduardo (Yayo) Sanz Lovat\u00f3n, afirm\u00f3 que el 2021 pasar\u00e1 a la historia como uno de los a\u00f1os de m\u00e1s transformaciones del comercio exterior de la Rep\u00fablica Dominicana.<br \/>\n<span id=\"more-1251158\"><\/span><br \/>\nInform\u00f3 que la Direcci\u00f3n General de Aduanas proporcion\u00f3 al gobierno 24 por ciento de todo el dinero que entr\u00f3 al Estado, superior al promedio de a\u00f1os anteriores que era de 18 a 19 por ciento. \u201cHemos incrementado los programas de despacho 24 horas que le economiza millones de d\u00f3lares a los importadores, a los navieros, a los almacenistas y a todo el que usa a la Rep\u00fablica Dominicana como un centro de comercio\u201d, manifest\u00f3 el funcionario.<\/p>\n<p>Despacho 24 horas<\/p>\n<p>Sanz Lovat\u00f3n dijo que ya hay m\u00e1s de 4,500 entidades que est\u00e1n despachando sus mercanc\u00edas en 24 horas. \u201cEstuvimos en Dubai donde hicimos una exposici\u00f3n presentando a la Rep\u00fablica Dominicana como un hub log\u00edstico con m\u00e1s de ocho aeropuertos internacionales, con 12 puertos y una infraestructura al servicio del comercio exterior\u201d, dijo el funcionario, entrevistado por Pablo McKinney en el programa \u201cMcKinney\u201d, por Color Visi\u00f3n.<\/p>\n<p>Inform\u00f3 que las zonas francas exportan productos y servicios durante cinco meses consecutivos por m\u00e1s de 1,000 millones de d\u00f3lares al mes. Cit\u00f3 que Good-Year sac\u00f3 de Zaragoza, Espa\u00f1a, una de sus plantas y la instal\u00f3 en Rep\u00fablica Dominicana, donde ensambla y termina sus productos para desde nuestro pa\u00eds enviarlos a todo Latinoam\u00e9rica.<\/p>\n<p>Explic\u00f3 que la econom\u00eda dominicana era esencialmente exportadora de materias primas agr\u00edcolas, luego una potencia tur\u00edstica, pero que el gobierno de Luis Abinader ha puesto en el centro la log\u00edstica.<\/p>\n<p>Dijo que con la nueva Ley General de Aduanas se ha logrado facilitar los procesos operativos, reconocer derechos de los importadores y reglamentar las atribuciones del organismo.<\/p>\n<p>DGA cobra impuestos y facilita el comercio<\/p>\n<p>Sanz Lovat\u00f3n defini\u00f3 a Aduanas como \u201cuna instituci\u00f3n que ya no solo cobra impuestos, sino que facilita el comercio\u201d. Explic\u00f3 que se han centralizado todas las gestiones en la Ventanilla \u00danica de Comercio Exterior, del Comit\u00e9 Nacional de Facilitaci\u00f3n del Comercio, donde se facilitan todos los procesos de importaci\u00f3n, en los que intervienen los ministerios que dan permisos.<\/p>\n","protected":false},"excerpt":{"rendered":"<p>El director general de Aduanas, Eduardo (Yayo) Sanz Lovat\u00f3n, afirm\u00f3 que el 2021 pasar\u00e1 a la historia como uno de &#8230;<\/p>\n","protected":false},"author":2,"featured_media":112657,"comment_status":"open","ping_status":"open","sticky":false,"template":"","format":"standard","meta":{"footnotes":""},"categories":[26],"tags":[],"class_list":["post-112656","post","type-post","status-publish","format-standard","has-post-thumbnail","hentry","category-economia"],"yoast_head":"<!-- This site is optimized with the Yoast SEO plugin v24.8.1 - https:\/\/yoast.com\/wordpress\/plugins\/seo\/ -->\n<title>Dice el 2021 fue de cambios para DGA - PotenciaRadiofonicaDominicana.com<\/title>\n<meta name=\"robots\" content=\"index, follow, max-snippet:-1, max-image-preview:large, max-video-preview:-1\" \/>\n<link rel=\"canonical\" href=\"https:\/\/potenciaradiofonicadominicana.com\/portal\/dice-el-2021-fue-de-cambios-para-dga\/\" \/>\n<meta property=\"og:locale\" content=\"es_ES\" \/>\n<meta property=\"og:type\" content=\"article\" \/>\n<meta property=\"og:title\" content=\"Dice el 2021 fue de cambios para DGA - PotenciaRadiofonicaDominicana.com\" \/>\n<meta property=\"og:description\" content=\"El director general de Aduanas, Eduardo (Yayo) Sanz Lovat\u00f3n, afirm\u00f3 que el 2021 pasar\u00e1 a la historia como uno de ...\" \/>\n<meta property=\"og:url\" content=\"https:\/\/potenciaradiofonicadominicana.com\/portal\/dice-el-2021-fue-de-cambios-para-dga\/\" \/>\n<meta property=\"og:site_name\" content=\"PotenciaRadiofonicaDominicana.com\" \/>\n<meta property=\"article:publisher\" content=\"https:\/\/web.facebook.com\/PotenciaRadiofonicaD\" \/>\n<meta property=\"article:published_time\" content=\"2022-01-17T13:01:38+00:00\" \/>\n<meta property=\"og:image\" content=\"https:\/\/potenciaradiofonicadominicana.com\/portal\/wp-content\/uploads\/2022\/01\/aduanas-califica-el-mes-de-marzo-como-historico-al-superar-los-us-1000-millones-en-exportaciones.jpeg\" \/>\n\t<meta property=\"og:image:width\" content=\"1200\" \/>\n\t<meta property=\"og:image:height\" content=\"799\" \/>\n\t<meta property=\"og:image:type\" content=\"image\/jpeg\" \/>\n<meta name=\"author\" content=\"Potencia Radiof\u00f3nica Dominicana\" \/>\n<meta name=\"twitter:card\" content=\"summary_large_image\" \/>\n<meta name=\"twitter:label1\" content=\"Escrito por\" \/>\n\t<meta name=\"twitter:data1\" content=\"Potencia Radiof\u00f3nica Dominicana\" \/>\n\t<meta name=\"twitter:label2\" content=\"Tiempo de lectura\" \/>\n\t<meta name=\"twitter:data2\" content=\"2 minutos\" \/>\n<script type=\"application\/ld+json\" class=\"yoast-schema-graph\">{\"@context\":\"https:\/\/schema.org\",\"@graph\":[{\"@type\":\"Article\",\"@id\":\"https:\/\/potenciaradiofonicadominicana.com\/portal\/dice-el-2021-fue-de-cambios-para-dga\/#article\",\"isPartOf\":{\"@id\":\"https:\/\/potenciaradiofonicadominicana.com\/portal\/dice-el-2021-fue-de-cambios-para-dga\/\"},\"author\":{\"name\":\"Potencia Radiof\u00f3nica Dominicana\",\"@id\":\"https:\/\/potenciaradiofonicadominicana.com\/portal\/#\/schema\/person\/a5cf1fea13877803ee0573ac18b03490\"},\"headline\":\"Dice el 2021 fue de cambios para DGA\",\"datePublished\":\"2022-01-17T13:01:38+00:00\",\"mainEntityOfPage\":{\"@id\":\"https:\/\/potenciaradiofonicadominicana.com\/portal\/dice-el-2021-fue-de-cambios-para-dga\/\"},\"wordCount\":379,\"commentCount\":0,\"publisher\":{\"@id\":\"https:\/\/potenciaradiofonicadominicana.com\/portal\/#organization\"},\"image\":{\"@id\":\"https:\/\/potenciaradiofonicadominicana.com\/portal\/dice-el-2021-fue-de-cambios-para-dga\/#primaryimage\"},\"thumbnailUrl\":\"https:\/\/potenciaradiofonicadominicana.com\/portal\/wp-content\/uploads\/2022\/01\/aduanas-califica-el-mes-de-marzo-como-historico-al-superar-los-us-1000-millones-en-exportaciones.jpeg\",\"articleSection\":[\"Econom\u00eda\"],\"inLanguage\":\"es\",\"potentialAction\":[{\"@type\":\"CommentAction\",\"name\":\"Comment\",\"target\":[\"https:\/\/potenciaradiofonicadominicana.com\/portal\/dice-el-2021-fue-de-cambios-para-dga\/#respond\"]}]},{\"@type\":\"WebPage\",\"@id\":\"https:\/\/potenciaradiofonicadominicana.com\/portal\/dice-el-2021-fue-de-cambios-para-dga\/\",\"url\":\"https:\/\/potenciaradiofonicadominicana.com\/portal\/dice-el-2021-fue-de-cambios-para-dga\/\",\"name\":\"Dice el 2021 fue de cambios para DGA - PotenciaRadiofonicaDominicana.com\",\"isPartOf\":{\"@id\":\"https:\/\/potenciaradiofonicadominicana.com\/portal\/#website\"},\"primaryImageOfPage\":{\"@id\":\"https:\/\/potenciaradiofonicadominicana.com\/portal\/dice-el-2021-fue-de-cambios-para-dga\/#primaryimage\"},\"image\":{\"@id\":\"https:\/\/potenciaradiofonicadominicana.com\/portal\/dice-el-2021-fue-de-cambios-para-dga\/#primaryimage\"},\"thumbnailUrl\":\"https:\/\/potenciaradiofonicadominicana.com\/portal\/wp-content\/uploads\/2022\/01\/aduanas-califica-el-mes-de-marzo-como-historico-al-superar-los-us-1000-millones-en-exportaciones.jpeg\",\"datePublished\":\"2022-01-17T13:01:38+00:00\",\"breadcrumb\":{\"@id\":\"https:\/\/potenciaradiofonicadominicana.com\/portal\/dice-el-2021-fue-de-cambios-para-dga\/#breadcrumb\"},\"inLanguage\":\"es\",\"potentialAction\":[{\"@type\":\"ReadAction\",\"target\":[\"https:\/\/potenciaradiofonicadominicana.com\/portal\/dice-el-2021-fue-de-cambios-para-dga\/\"]}]},{\"@type\":\"ImageObject\",\"inLanguage\":\"es\",\"@id\":\"https:\/\/potenciaradiofonicadominicana.com\/portal\/dice-el-2021-fue-de-cambios-para-dga\/#primaryimage\",\"url\":\"https:\/\/potenciaradiofonicadominicana.com\/portal\/wp-content\/uploads\/2022\/01\/aduanas-califica-el-mes-de-marzo-como-historico-al-superar-los-us-1000-millones-en-exportaciones.jpeg\",\"contentUrl\":\"https:\/\/potenciaradiofonicadominicana.com\/portal\/wp-content\/uploads\/2022\/01\/aduanas-califica-el-mes-de-marzo-como-historico-al-superar-los-us-1000-millones-en-exportaciones.jpeg\",\"width\":1200,\"height\":799},{\"@type\":\"BreadcrumbList\",\"@id\":\"https:\/\/potenciaradiofonicadominicana.com\/portal\/dice-el-2021-fue-de-cambios-para-dga\/#breadcrumb\",\"itemListElement\":[{\"@type\":\"ListItem\",\"position\":1,\"name\":\"Portada\",\"item\":\"https:\/\/potenciaradiofonicadominicana.com\/portal\/\"},{\"@type\":\"ListItem\",\"position\":2,\"name\":\"Dice el 2021 fue de cambios para DGA\"}]},{\"@type\":\"WebSite\",\"@id\":\"https:\/\/potenciaradiofonicadominicana.com\/portal\/#website\",\"url\":\"https:\/\/potenciaradiofonicadominicana.com\/portal\/\",\"name\":\"PotenciaRadiofonicaDominicana.com\",\"description\":\"Peri\u00f3dico Digital\",\"publisher\":{\"@id\":\"https:\/\/potenciaradiofonicadominicana.com\/portal\/#organization\"},\"potentialAction\":[{\"@type\":\"SearchAction\",\"target\":{\"@type\":\"EntryPoint\",\"urlTemplate\":\"https:\/\/potenciaradiofonicadominicana.com\/portal\/?s={search_term_string}\"},\"query-input\":{\"@type\":\"PropertyValueSpecification\",\"valueRequired\":true,\"valueName\":\"search_term_string\"}}],\"inLanguage\":\"es\"},{\"@type\":\"Organization\",\"@id\":\"https:\/\/potenciaradiofonicadominicana.com\/portal\/#organization\",\"name\":\"PotenciaRadiofonicaDominicana.com\",\"url\":\"https:\/\/potenciaradiofonicadominicana.com\/portal\/\",\"logo\":{\"@type\":\"ImageObject\",\"inLanguage\":\"es\",\"@id\":\"https:\/\/potenciaradiofonicadominicana.com\/portal\/#\/schema\/logo\/image\/\",\"url\":\"https:\/\/potenciaradiofonicadominicana.com\/portal\/wp-content\/uploads\/2022\/01\/descarga.png\",\"contentUrl\":\"https:\/\/potenciaradiofonicadominicana.com\/portal\/wp-content\/uploads\/2022\/01\/descarga.png\",\"width\":300,\"height\":100,\"caption\":\"PotenciaRadiofonicaDominicana.com\"},\"image\":{\"@id\":\"https:\/\/potenciaradiofonicadominicana.com\/portal\/#\/schema\/logo\/image\/\"},\"sameAs\":[\"https:\/\/web.facebook.com\/PotenciaRadiofonicaD\"]},{\"@type\":\"Person\",\"@id\":\"https:\/\/potenciaradiofonicadominicana.com\/portal\/#\/schema\/person\/a5cf1fea13877803ee0573ac18b03490\",\"name\":\"Potencia Radiof\u00f3nica Dominicana\",\"image\":{\"@type\":\"ImageObject\",\"inLanguage\":\"es\",\"@id\":\"https:\/\/potenciaradiofonicadominicana.com\/portal\/#\/schema\/person\/image\/\",\"url\":\"https:\/\/secure.gravatar.com\/avatar\/42a55ab9e8ccc656ba34cd791990602a?s=96&d=mm&r=g\",\"contentUrl\":\"https:\/\/secure.gravatar.com\/avatar\/42a55ab9e8ccc656ba34cd791990602a?s=96&d=mm&r=g\",\"caption\":\"Potencia Radiof\u00f3nica Dominicana\"},\"url\":\"https:\/\/potenciaradiofonicadominicana.com\/portal\/author\/johannyalmanzar\/\"}]}<\/script>\n<!-- \/ Yoast SEO plugin. -->","yoast_head_json":{"title":"Dice el 2021 fue de cambios para DGA - PotenciaRadiofonicaDominicana.com","robots":{"index":"index","follow":"follow","max-snippet":"max-snippet:-1","max-image-preview":"max-image-preview:large","max-video-preview":"max-video-preview:-1"},"canonical":"https:\/\/potenciaradiofonicadominicana.com\/portal\/dice-el-2021-fue-de-cambios-para-dga\/","og_locale":"es_ES","og_type":"article","og_title":"Dice el 2021 fue de cambios para DGA - PotenciaRadiofonicaDominicana.com","og_description":"El director general de Aduanas, Eduardo (Yayo) Sanz Lovat\u00f3n, afirm\u00f3 que el 2021 pasar\u00e1 a la historia como uno de ...","og_url":"https:\/\/potenciaradiofonicadominicana.com\/portal\/dice-el-2021-fue-de-cambios-para-dga\/","og_site_name":"PotenciaRadiofonicaDominicana.com","article_publisher":"https:\/\/web.facebook.com\/PotenciaRadiofonicaD","article_published_time":"2022-01-17T13:01:38+00:00","og_image":[{"width":1200,"height":799,"url":"https:\/\/potenciaradiofonicadominicana.com\/portal\/wp-content\/uploads\/2022\/01\/aduanas-califica-el-mes-de-marzo-como-historico-al-superar-los-us-1000-millones-en-exportaciones.jpeg","type":"image\/jpeg"}],"author":"Potencia Radiof\u00f3nica Dominicana","twitter_card":"summary_large_image","twitter_misc":{"Escrito por":"Potencia Radiof\u00f3nica Dominicana","Tiempo de lectura":"2 minutos"},"schema":{"@context":"https:\/\/schema.org","@graph":[{"@type":"Article","@id":"https:\/\/potenciaradiofonicadominicana.com\/portal\/dice-el-2021-fue-de-cambios-para-dga\/#article","isPartOf":{"@id":"https:\/\/potenciaradiofonicadominicana.com\/portal\/dice-el-2021-fue-de-cambios-para-dga\/"},"author":{"name":"Potencia Radiof\u00f3nica Dominicana","@id":"https:\/\/potenciaradiofonicadominicana.com\/portal\/#\/schema\/person\/a5cf1fea13877803ee0573ac18b03490"},"headline":"Dice el 2021 fue de cambios para DGA","datePublished":"2022-01-17T13:01:38+00:00","mainEntityOfPage":{"@id":"https:\/\/potenciaradiofonicadominicana.com\/portal\/dice-el-2021-fue-de-cambios-para-dga\/"},"wordCount":379,"commentCount":0,"publisher":{"@id":"https:\/\/potenciaradiofonicadominicana.com\/portal\/#organization"},"image":{"@id":"https:\/\/potenciaradiofonicadominicana.com\/portal\/dice-el-2021-fue-de-cambios-para-dga\/#primaryimage"},"thumbnailUrl":"https:\/\/potenciaradiofonicadominicana.com\/portal\/wp-content\/uploads\/2022\/01\/aduanas-califica-el-mes-de-marzo-como-historico-al-superar-los-us-1000-millones-en-exportaciones.jpeg","articleSection":["Econom\u00eda"],"inLanguage":"es","potentialAction":[{"@type":"CommentAction","name":"Comment","target":["https:\/\/potenciaradiofonicadominicana.com\/portal\/dice-el-2021-fue-de-cambios-para-dga\/#respond"]}]},{"@type":"WebPage","@id":"https:\/\/potenciaradiofonicadominicana.com\/portal\/dice-el-2021-fue-de-cambios-para-dga\/","url":"https:\/\/potenciaradiofonicadominicana.com\/portal\/dice-el-2021-fue-de-cambios-para-dga\/","name":"Dice el 2021 fue de cambios para DGA - PotenciaRadiofonicaDominicana.com","isPartOf":{"@id":"https:\/\/potenciaradiofonicadominicana.com\/portal\/#website"},"primaryImageOfPage":{"@id":"https:\/\/potenciaradiofonicadominicana.com\/portal\/dice-el-2021-fue-de-cambios-para-dga\/#primaryimage"},"image":{"@id":"https:\/\/potenciaradiofonicadominicana.com\/portal\/dice-el-2021-fue-de-cambios-para-dga\/#primaryimage"},"thumbnailUrl":"https:\/\/potenciaradiofonicadominicana.com\/portal\/wp-content\/uploads\/2022\/01\/aduanas-califica-el-mes-de-marzo-como-historico-al-superar-los-us-1000-millones-en-exportaciones.jpeg","datePublished":"2022-01-17T13:01:38+00:00","breadcrumb":{"@id":"https:\/\/potenciaradiofonicadominicana.com\/portal\/dice-el-2021-fue-de-cambios-para-dga\/#breadcrumb"},"inLanguage":"es","potentialAction":[{"@type":"ReadAction","target":["https:\/\/potenciaradiofonicadominicana.com\/portal\/dice-el-2021-fue-de-cambios-para-dga\/"]}]},{"@type":"ImageObject","inLanguage":"es","@id":"https:\/\/potenciaradiofonicadominicana.com\/portal\/dice-el-2021-fue-de-cambios-para-dga\/#primaryimage","url":"https:\/\/potenciaradiofonicadominicana.com\/portal\/wp-content\/uploads\/2022\/01\/aduanas-califica-el-mes-de-marzo-como-historico-al-superar-los-us-1000-millones-en-exportaciones.jpeg","contentUrl":"https:\/\/potenciaradiofonicadominicana.com\/portal\/wp-content\/uploads\/2022\/01\/aduanas-califica-el-mes-de-marzo-como-historico-al-superar-los-us-1000-millones-en-exportaciones.jpeg","width":1200,"height":799},{"@type":"BreadcrumbList","@id":"https:\/\/potenciaradiofonicadominicana.com\/portal\/dice-el-2021-fue-de-cambios-para-dga\/#breadcrumb","itemListElement":[{"@type":"ListItem","position":1,"name":"Portada","item":"https:\/\/potenciaradiofonicadominicana.com\/portal\/"},{"@type":"ListItem","position":2,"name":"Dice el 2021 fue de cambios para DGA"}]},{"@type":"WebSite","@id":"https:\/\/potenciaradiofonicadominicana.com\/portal\/#website","url":"https:\/\/potenciaradiofonicadominicana.com\/portal\/","name":"PotenciaRadiofonicaDominicana.com","description":"Peri\u00f3dico Digital","publisher":{"@id":"https:\/\/potenciaradiofonicadominicana.com\/portal\/#organization"},"potentialAction":[{"@type":"SearchAction","target":{"@type":"EntryPoint","urlTemplate":"https:\/\/potenciaradiofonicadominicana.com\/portal\/?s={search_term_string}"},"query-input":{"@type":"PropertyValueSpecification","valueRequired":true,"valueName":"search_term_string"}}],"inLanguage":"es"},{"@type":"Organization","@id":"https:\/\/potenciaradiofonicadominicana.com\/portal\/#organization","name":"PotenciaRadiofonicaDominicana.com","url":"https:\/\/potenciaradiofonicadominicana.com\/portal\/","logo":{"@type":"ImageObject","inLanguage":"es","@id":"https:\/\/potenciaradiofonicadominicana.com\/portal\/#\/schema\/logo\/image\/","url":"https:\/\/potenciaradiofonicadominicana.com\/portal\/wp-content\/uploads\/2022\/01\/descarga.png","contentUrl":"https:\/\/potenciaradiofonicadominicana.com\/portal\/wp-content\/uploads\/2022\/01\/descarga.png","width":300,"height":100,"caption":"PotenciaRadiofonicaDominicana.com"},"image":{"@id":"https:\/\/potenciaradiofonicadominicana.com\/portal\/#\/schema\/logo\/image\/"},"sameAs":["https:\/\/web.facebook.com\/PotenciaRadiofonicaD"]},{"@type":"Person","@id":"https:\/\/potenciaradiofonicadominicana.com\/portal\/#\/schema\/person\/a5cf1fea13877803ee0573ac18b03490","name":"Potencia Radiof\u00f3nica Dominicana","image":{"@type":"ImageObject","inLanguage":"es","@id":"https:\/\/potenciaradiofonicadominicana.com\/portal\/#\/schema\/person\/image\/","url":"https:\/\/secure.gravatar.com\/avatar\/42a55ab9e8ccc656ba34cd791990602a?s=96&d=mm&r=g","contentUrl":"https:\/\/secure.gravatar.com\/avatar\/42a55ab9e8ccc656ba34cd791990602a?s=96&d=mm&r=g","caption":"Potencia Radiof\u00f3nica Dominicana"},"url":"https:\/\/potenciaradiofonicadominicana.com\/portal\/author\/johannyalmanzar\/"}]}},"_links":{"self":[{"href":"https:\/\/potenciaradiofonicadominicana.com\/portal\/wp-json\/wp\/v2\/posts\/112656","targetHints":{"allow":["GET"]}}],"collection":[{"href":"https:\/\/potenciaradiofonicadominicana.com\/portal\/wp-json\/wp\/v2\/posts"}],"about":[{"href":"https:\/\/potenciaradiofonicadominicana.com\/portal\/wp-json\/wp\/v2\/types\/post"}],"author":[{"embeddable":true,"href":"https:\/\/potenciaradiofonicadominicana.com\/portal\/wp-json\/wp\/v2\/users\/2"}],"replies":[{"embeddable":true,"href":"https:\/\/potenciaradiofonicadominicana.com\/portal\/wp-json\/wp\/v2\/comments?post=112656"}],"version-history":[{"count":1,"href":"https:\/\/potenciaradiofonicadominicana.com\/portal\/wp-json\/wp\/v2\/posts\/112656\/revisions"}],"predecessor-version":[{"id":112658,"href":"https:\/\/potenciaradiofonicadominicana.com\/portal\/wp-json\/wp\/v2\/posts\/112656\/revisions\/112658"}],"wp:featuredmedia":[{"embeddable":true,"href":"https:\/\/potenciaradiofonicadominicana.com\/portal\/wp-json\/wp\/v2\/media\/112657"}],"wp:attachment":[{"href":"https:\/\/potenciaradiofonicadominicana.com\/portal\/wp-json\/wp\/v2\/media?parent=112656"}],"wp:term":[{"taxonomy":"category","embeddable":true,"href":"https:\/\/potenciaradiofonicadominicana.com\/portal\/wp-json\/wp\/v2\/categories?post=112656"},{"taxonomy":"post_tag","embeddable":true,"href":"https:\/\/potenciaradiofonicadominicana.com\/portal\/wp-json\/wp\/v2\/tags?post=112656"}],"curies":[{"name":"wp","href":"https:\/\/api.w.org\/{rel}","templated":true}]}}