{"id":112651,"date":"2022-01-17T08:59:02","date_gmt":"2022-01-17T12:59:02","guid":{"rendered":"https:\/\/potenciaradiofonicadominicana.com\/portal\/?p=112651"},"modified":"2022-01-17T08:59:02","modified_gmt":"2022-01-17T12:59:02","slug":"rijo-presbot-dice-el-pge-2022-fue-disenado-a-partir-de-mandato-end","status":"publish","type":"post","link":"https:\/\/potenciaradiofonicadominicana.com\/portal\/rijo-presbot-dice-el-pge-2022-fue-disenado-a-partir-de-mandato-end\/","title":{"rendered":"Rijo Presbot dice el PGE 2022 fue dise\u00f1ado a partir de mandato END"},"content":{"rendered":"<p><a href=\"https:\/\/potenciaradiofonicadominicana.com\/portal\/wp-content\/uploads\/2022\/01\/c648bab5-rijo-presbot-61e4bd72c3cf5-640x384.jpg\"><img loading=\"lazy\" decoding=\"async\" class=\"alignnone size-full wp-image-112653\" src=\"https:\/\/potenciaradiofonicadominicana.com\/portal\/wp-content\/uploads\/2022\/01\/c648bab5-rijo-presbot-61e4bd72c3cf5-640x384.jpg\" alt=\"\" width=\"640\" height=\"384\" srcset=\"https:\/\/potenciaradiofonicadominicana.com\/portal\/wp-content\/uploads\/2022\/01\/c648bab5-rijo-presbot-61e4bd72c3cf5-640x384.jpg 640w, https:\/\/potenciaradiofonicadominicana.com\/portal\/wp-content\/uploads\/2022\/01\/c648bab5-rijo-presbot-61e4bd72c3cf5-640x384-300x180.jpg 300w, https:\/\/potenciaradiofonicadominicana.com\/portal\/wp-content\/uploads\/2022\/01\/c648bab5-rijo-presbot-61e4bd72c3cf5-640x384-165x100.jpg 165w, https:\/\/potenciaradiofonicadominicana.com\/portal\/wp-content\/uploads\/2022\/01\/c648bab5-rijo-presbot-61e4bd72c3cf5-640x384-400x240.jpg 400w\" sizes=\"auto, (max-width: 640px) 100vw, 640px\" \/><\/a><\/p>\n<p>El director general de Presupuesto, Jos\u00e9 Rijo Presbot, dijo que por primera vez el Presupuesto General del Estado se formul\u00f3 a partir de la Estrategia Nacional de Desarrollo.<br \/>\n<span id=\"more-1251156\"><\/span><br \/>\nAsegur\u00f3 que el presupuesto de este a\u00f1o se ha ajustado a dicha estrategia colocando los recursos donde deben estar. En ese sentido, indic\u00f3 que el 15.08 % del presupuesto se ha dedicado al desarrollo institucional, partida que suma un monto de 117 mil millones de pesos.<\/p>\n<p>Presbot explic\u00f3 que la ley de presupuesto es la 345-21 y que es totalmente constitucional.<\/p>\n<p>Revel\u00f3 adem\u00e1s, que la parte m\u00e1s importante del presupuesto est\u00e1 siendo destinada al desarrollo social, con un 62.8 % de todo el presupuesto, lo que suma un total de 466 mil millones de pesos.<\/p>\n<p>\u201cEste monto est\u00e1 sujeto al 4% de la educaci\u00f3n, la salud, la protecci\u00f3n a envejecientes y otras \u00e1reas\u201d, expres\u00f3 el funcionario. \u201cPor ejemplo, este a\u00f1o se incorporaron 92,657 personas en el plan de pensi\u00f3n m\u00ednima, que son de 10 mil pesos\u201d, agreg\u00f3 el director general de Presupuesto.<\/p>\n<p>Al ser cuestionado por el periodista Adolfo Salom\u00f3n, en el programa Verdades al Aire, que se transmite los s\u00e1bados por CDN canal 37, sobre las cr\u00edticas de la oposici\u00f3n a la ejecuci\u00f3n del presupuesto del a\u00f1o pasado, dijo que se tuvo que hacer un esfuerzo enorme, pues el presupuesto aprobado no contemplaba la continuidad de los programas de ayuda por la pandemia, mismos que se extendieron por unos cuatro meses m\u00e1s.<\/p>\n<p>Explic\u00f3 que el anterior Gobierno dej\u00f3 pendiente una deuda de 72 mil millones de pesos que se arrastr\u00f3 desde el a\u00f1o del 2019, la misma sin ning\u00fan soporte.<\/p>\n<p>Indic\u00f3 adem\u00e1s, que eficientizando el gasto, es decir, eliminando duplicidad de instituciones, suprimiendo gastos innecesarios y otras medidas m\u00e1s, el Gobierno pudo ahorrarse un monto de unos RD$83 mil millones.<\/p>\n","protected":false},"excerpt":{"rendered":"<p>El director general de Presupuesto, Jos\u00e9 Rijo Presbot, dijo que por primera vez el Presupuesto General del Estado se formul\u00f3 &#8230;<\/p>\n","protected":false},"author":2,"featured_media":112653,"comment_status":"open","ping_status":"open","sticky":false,"template":"","format":"standard","meta":{"footnotes":""},"categories":[26],"tags":[],"class_list":["post-112651","post","type-post","status-publish","format-standard","has-post-thumbnail","hentry","category-economia"],"yoast_head":"<!-- This site is optimized with the Yoast SEO plugin v24.8.1 - https:\/\/yoast.com\/wordpress\/plugins\/seo\/ -->\n<title>Rijo Presbot dice el PGE 2022 fue dise\u00f1ado a partir de mandato END - PotenciaRadiofonicaDominicana.com<\/title>\n<meta name=\"robots\" content=\"index, follow, max-snippet:-1, max-image-preview:large, max-video-preview:-1\" \/>\n<link rel=\"canonical\" href=\"https:\/\/potenciaradiofonicadominicana.com\/portal\/rijo-presbot-dice-el-pge-2022-fue-disenado-a-partir-de-mandato-end\/\" \/>\n<meta property=\"og:locale\" content=\"es_ES\" \/>\n<meta property=\"og:type\" content=\"article\" \/>\n<meta property=\"og:title\" content=\"Rijo Presbot dice el PGE 2022 fue dise\u00f1ado a partir de mandato END - PotenciaRadiofonicaDominicana.com\" \/>\n<meta property=\"og:description\" content=\"El director general de Presupuesto, Jos\u00e9 Rijo Presbot, dijo que por primera vez el Presupuesto General del Estado se formul\u00f3 ...\" \/>\n<meta property=\"og:url\" content=\"https:\/\/potenciaradiofonicadominicana.com\/portal\/rijo-presbot-dice-el-pge-2022-fue-disenado-a-partir-de-mandato-end\/\" \/>\n<meta property=\"og:site_name\" content=\"PotenciaRadiofonicaDominicana.com\" \/>\n<meta property=\"article:publisher\" content=\"https:\/\/web.facebook.com\/PotenciaRadiofonicaD\" \/>\n<meta property=\"article:published_time\" content=\"2022-01-17T12:59:02+00:00\" \/>\n<meta property=\"og:image\" content=\"https:\/\/potenciaradiofonicadominicana.com\/portal\/wp-content\/uploads\/2022\/01\/c648bab5-rijo-presbot-61e4bd72c3cf5-640x384.jpg\" \/>\n\t<meta property=\"og:image:width\" content=\"640\" \/>\n\t<meta property=\"og:image:height\" content=\"384\" \/>\n\t<meta property=\"og:image:type\" content=\"image\/jpeg\" \/>\n<meta name=\"author\" content=\"Potencia Radiof\u00f3nica Dominicana\" \/>\n<meta name=\"twitter:card\" content=\"summary_large_image\" \/>\n<meta name=\"twitter:label1\" content=\"Escrito por\" \/>\n\t<meta name=\"twitter:data1\" content=\"Potencia Radiof\u00f3nica Dominicana\" \/>\n\t<meta name=\"twitter:label2\" content=\"Tiempo de lectura\" \/>\n\t<meta name=\"twitter:data2\" content=\"2 minutos\" \/>\n<script type=\"application\/ld+json\" class=\"yoast-schema-graph\">{\"@context\":\"https:\/\/schema.org\",\"@graph\":[{\"@type\":\"Article\",\"@id\":\"https:\/\/potenciaradiofonicadominicana.com\/portal\/rijo-presbot-dice-el-pge-2022-fue-disenado-a-partir-de-mandato-end\/#article\",\"isPartOf\":{\"@id\":\"https:\/\/potenciaradiofonicadominicana.com\/portal\/rijo-presbot-dice-el-pge-2022-fue-disenado-a-partir-de-mandato-end\/\"},\"author\":{\"name\":\"Potencia Radiof\u00f3nica Dominicana\",\"@id\":\"https:\/\/potenciaradiofonicadominicana.com\/portal\/#\/schema\/person\/a5cf1fea13877803ee0573ac18b03490\"},\"headline\":\"Rijo Presbot dice el PGE 2022 fue dise\u00f1ado a partir de mandato END\",\"datePublished\":\"2022-01-17T12:59:02+00:00\",\"mainEntityOfPage\":{\"@id\":\"https:\/\/potenciaradiofonicadominicana.com\/portal\/rijo-presbot-dice-el-pge-2022-fue-disenado-a-partir-de-mandato-end\/\"},\"wordCount\":319,\"commentCount\":0,\"publisher\":{\"@id\":\"https:\/\/potenciaradiofonicadominicana.com\/portal\/#organization\"},\"image\":{\"@id\":\"https:\/\/potenciaradiofonicadominicana.com\/portal\/rijo-presbot-dice-el-pge-2022-fue-disenado-a-partir-de-mandato-end\/#primaryimage\"},\"thumbnailUrl\":\"https:\/\/potenciaradiofonicadominicana.com\/portal\/wp-content\/uploads\/2022\/01\/c648bab5-rijo-presbot-61e4bd72c3cf5-640x384.jpg\",\"articleSection\":[\"Econom\u00eda\"],\"inLanguage\":\"es\",\"potentialAction\":[{\"@type\":\"CommentAction\",\"name\":\"Comment\",\"target\":[\"https:\/\/potenciaradiofonicadominicana.com\/portal\/rijo-presbot-dice-el-pge-2022-fue-disenado-a-partir-de-mandato-end\/#respond\"]}]},{\"@type\":\"WebPage\",\"@id\":\"https:\/\/potenciaradiofonicadominicana.com\/portal\/rijo-presbot-dice-el-pge-2022-fue-disenado-a-partir-de-mandato-end\/\",\"url\":\"https:\/\/potenciaradiofonicadominicana.com\/portal\/rijo-presbot-dice-el-pge-2022-fue-disenado-a-partir-de-mandato-end\/\",\"name\":\"Rijo Presbot dice el PGE 2022 fue dise\u00f1ado a partir de mandato END - PotenciaRadiofonicaDominicana.com\",\"isPartOf\":{\"@id\":\"https:\/\/potenciaradiofonicadominicana.com\/portal\/#website\"},\"primaryImageOfPage\":{\"@id\":\"https:\/\/potenciaradiofonicadominicana.com\/portal\/rijo-presbot-dice-el-pge-2022-fue-disenado-a-partir-de-mandato-end\/#primaryimage\"},\"image\":{\"@id\":\"https:\/\/potenciaradiofonicadominicana.com\/portal\/rijo-presbot-dice-el-pge-2022-fue-disenado-a-partir-de-mandato-end\/#primaryimage\"},\"thumbnailUrl\":\"https:\/\/potenciaradiofonicadominicana.com\/portal\/wp-content\/uploads\/2022\/01\/c648bab5-rijo-presbot-61e4bd72c3cf5-640x384.jpg\",\"datePublished\":\"2022-01-17T12:59:02+00:00\",\"breadcrumb\":{\"@id\":\"https:\/\/potenciaradiofonicadominicana.com\/portal\/rijo-presbot-dice-el-pge-2022-fue-disenado-a-partir-de-mandato-end\/#breadcrumb\"},\"inLanguage\":\"es\",\"potentialAction\":[{\"@type\":\"ReadAction\",\"target\":[\"https:\/\/potenciaradiofonicadominicana.com\/portal\/rijo-presbot-dice-el-pge-2022-fue-disenado-a-partir-de-mandato-end\/\"]}]},{\"@type\":\"ImageObject\",\"inLanguage\":\"es\",\"@id\":\"https:\/\/potenciaradiofonicadominicana.com\/portal\/rijo-presbot-dice-el-pge-2022-fue-disenado-a-partir-de-mandato-end\/#primaryimage\",\"url\":\"https:\/\/potenciaradiofonicadominicana.com\/portal\/wp-content\/uploads\/2022\/01\/c648bab5-rijo-presbot-61e4bd72c3cf5-640x384.jpg\",\"contentUrl\":\"https:\/\/potenciaradiofonicadominicana.com\/portal\/wp-content\/uploads\/2022\/01\/c648bab5-rijo-presbot-61e4bd72c3cf5-640x384.jpg\",\"width\":640,\"height\":384},{\"@type\":\"BreadcrumbList\",\"@id\":\"https:\/\/potenciaradiofonicadominicana.com\/portal\/rijo-presbot-dice-el-pge-2022-fue-disenado-a-partir-de-mandato-end\/#breadcrumb\",\"itemListElement\":[{\"@type\":\"ListItem\",\"position\":1,\"name\":\"Portada\",\"item\":\"https:\/\/potenciaradiofonicadominicana.com\/portal\/\"},{\"@type\":\"ListItem\",\"position\":2,\"name\":\"Rijo Presbot dice el PGE 2022 fue dise\u00f1ado a partir de mandato END\"}]},{\"@type\":\"WebSite\",\"@id\":\"https:\/\/potenciaradiofonicadominicana.com\/portal\/#website\",\"url\":\"https:\/\/potenciaradiofonicadominicana.com\/portal\/\",\"name\":\"PotenciaRadiofonicaDominicana.com\",\"description\":\"Peri\u00f3dico Digital\",\"publisher\":{\"@id\":\"https:\/\/potenciaradiofonicadominicana.com\/portal\/#organization\"},\"potentialAction\":[{\"@type\":\"SearchAction\",\"target\":{\"@type\":\"EntryPoint\",\"urlTemplate\":\"https:\/\/potenciaradiofonicadominicana.com\/portal\/?s={search_term_string}\"},\"query-input\":{\"@type\":\"PropertyValueSpecification\",\"valueRequired\":true,\"valueName\":\"search_term_string\"}}],\"inLanguage\":\"es\"},{\"@type\":\"Organization\",\"@id\":\"https:\/\/potenciaradiofonicadominicana.com\/portal\/#organization\",\"name\":\"PotenciaRadiofonicaDominicana.com\",\"url\":\"https:\/\/potenciaradiofonicadominicana.com\/portal\/\",\"logo\":{\"@type\":\"ImageObject\",\"inLanguage\":\"es\",\"@id\":\"https:\/\/potenciaradiofonicadominicana.com\/portal\/#\/schema\/logo\/image\/\",\"url\":\"https:\/\/potenciaradiofonicadominicana.com\/portal\/wp-content\/uploads\/2022\/01\/descarga.png\",\"contentUrl\":\"https:\/\/potenciaradiofonicadominicana.com\/portal\/wp-content\/uploads\/2022\/01\/descarga.png\",\"width\":300,\"height\":100,\"caption\":\"PotenciaRadiofonicaDominicana.com\"},\"image\":{\"@id\":\"https:\/\/potenciaradiofonicadominicana.com\/portal\/#\/schema\/logo\/image\/\"},\"sameAs\":[\"https:\/\/web.facebook.com\/PotenciaRadiofonicaD\"]},{\"@type\":\"Person\",\"@id\":\"https:\/\/potenciaradiofonicadominicana.com\/portal\/#\/schema\/person\/a5cf1fea13877803ee0573ac18b03490\",\"name\":\"Potencia Radiof\u00f3nica Dominicana\",\"image\":{\"@type\":\"ImageObject\",\"inLanguage\":\"es\",\"@id\":\"https:\/\/potenciaradiofonicadominicana.com\/portal\/#\/schema\/person\/image\/\",\"url\":\"https:\/\/secure.gravatar.com\/avatar\/42a55ab9e8ccc656ba34cd791990602a?s=96&d=mm&r=g\",\"contentUrl\":\"https:\/\/secure.gravatar.com\/avatar\/42a55ab9e8ccc656ba34cd791990602a?s=96&d=mm&r=g\",\"caption\":\"Potencia Radiof\u00f3nica Dominicana\"},\"url\":\"https:\/\/potenciaradiofonicadominicana.com\/portal\/author\/johannyalmanzar\/\"}]}<\/script>\n<!-- \/ Yoast SEO plugin. -->","yoast_head_json":{"title":"Rijo Presbot dice el PGE 2022 fue dise\u00f1ado a partir de mandato END - PotenciaRadiofonicaDominicana.com","robots":{"index":"index","follow":"follow","max-snippet":"max-snippet:-1","max-image-preview":"max-image-preview:large","max-video-preview":"max-video-preview:-1"},"canonical":"https:\/\/potenciaradiofonicadominicana.com\/portal\/rijo-presbot-dice-el-pge-2022-fue-disenado-a-partir-de-mandato-end\/","og_locale":"es_ES","og_type":"article","og_title":"Rijo Presbot dice el PGE 2022 fue dise\u00f1ado a partir de mandato END - PotenciaRadiofonicaDominicana.com","og_description":"El director general de Presupuesto, Jos\u00e9 Rijo Presbot, dijo que por primera vez el Presupuesto General del Estado se formul\u00f3 ...","og_url":"https:\/\/potenciaradiofonicadominicana.com\/portal\/rijo-presbot-dice-el-pge-2022-fue-disenado-a-partir-de-mandato-end\/","og_site_name":"PotenciaRadiofonicaDominicana.com","article_publisher":"https:\/\/web.facebook.com\/PotenciaRadiofonicaD","article_published_time":"2022-01-17T12:59:02+00:00","og_image":[{"width":640,"height":384,"url":"https:\/\/potenciaradiofonicadominicana.com\/portal\/wp-content\/uploads\/2022\/01\/c648bab5-rijo-presbot-61e4bd72c3cf5-640x384.jpg","type":"image\/jpeg"}],"author":"Potencia Radiof\u00f3nica Dominicana","twitter_card":"summary_large_image","twitter_misc":{"Escrito por":"Potencia Radiof\u00f3nica Dominicana","Tiempo de lectura":"2 minutos"},"schema":{"@context":"https:\/\/schema.org","@graph":[{"@type":"Article","@id":"https:\/\/potenciaradiofonicadominicana.com\/portal\/rijo-presbot-dice-el-pge-2022-fue-disenado-a-partir-de-mandato-end\/#article","isPartOf":{"@id":"https:\/\/potenciaradiofonicadominicana.com\/portal\/rijo-presbot-dice-el-pge-2022-fue-disenado-a-partir-de-mandato-end\/"},"author":{"name":"Potencia Radiof\u00f3nica Dominicana","@id":"https:\/\/potenciaradiofonicadominicana.com\/portal\/#\/schema\/person\/a5cf1fea13877803ee0573ac18b03490"},"headline":"Rijo Presbot dice el PGE 2022 fue dise\u00f1ado a partir de mandato END","datePublished":"2022-01-17T12:59:02+00:00","mainEntityOfPage":{"@id":"https:\/\/potenciaradiofonicadominicana.com\/portal\/rijo-presbot-dice-el-pge-2022-fue-disenado-a-partir-de-mandato-end\/"},"wordCount":319,"commentCount":0,"publisher":{"@id":"https:\/\/potenciaradiofonicadominicana.com\/portal\/#organization"},"image":{"@id":"https:\/\/potenciaradiofonicadominicana.com\/portal\/rijo-presbot-dice-el-pge-2022-fue-disenado-a-partir-de-mandato-end\/#primaryimage"},"thumbnailUrl":"https:\/\/potenciaradiofonicadominicana.com\/portal\/wp-content\/uploads\/2022\/01\/c648bab5-rijo-presbot-61e4bd72c3cf5-640x384.jpg","articleSection":["Econom\u00eda"],"inLanguage":"es","potentialAction":[{"@type":"CommentAction","name":"Comment","target":["https:\/\/potenciaradiofonicadominicana.com\/portal\/rijo-presbot-dice-el-pge-2022-fue-disenado-a-partir-de-mandato-end\/#respond"]}]},{"@type":"WebPage","@id":"https:\/\/potenciaradiofonicadominicana.com\/portal\/rijo-presbot-dice-el-pge-2022-fue-disenado-a-partir-de-mandato-end\/","url":"https:\/\/potenciaradiofonicadominicana.com\/portal\/rijo-presbot-dice-el-pge-2022-fue-disenado-a-partir-de-mandato-end\/","name":"Rijo Presbot dice el PGE 2022 fue dise\u00f1ado a partir de mandato END - PotenciaRadiofonicaDominicana.com","isPartOf":{"@id":"https:\/\/potenciaradiofonicadominicana.com\/portal\/#website"},"primaryImageOfPage":{"@id":"https:\/\/potenciaradiofonicadominicana.com\/portal\/rijo-presbot-dice-el-pge-2022-fue-disenado-a-partir-de-mandato-end\/#primaryimage"},"image":{"@id":"https:\/\/potenciaradiofonicadominicana.com\/portal\/rijo-presbot-dice-el-pge-2022-fue-disenado-a-partir-de-mandato-end\/#primaryimage"},"thumbnailUrl":"https:\/\/potenciaradiofonicadominicana.com\/portal\/wp-content\/uploads\/2022\/01\/c648bab5-rijo-presbot-61e4bd72c3cf5-640x384.jpg","datePublished":"2022-01-17T12:59:02+00:00","breadcrumb":{"@id":"https:\/\/potenciaradiofonicadominicana.com\/portal\/rijo-presbot-dice-el-pge-2022-fue-disenado-a-partir-de-mandato-end\/#breadcrumb"},"inLanguage":"es","potentialAction":[{"@type":"ReadAction","target":["https:\/\/potenciaradiofonicadominicana.com\/portal\/rijo-presbot-dice-el-pge-2022-fue-disenado-a-partir-de-mandato-end\/"]}]},{"@type":"ImageObject","inLanguage":"es","@id":"https:\/\/potenciaradiofonicadominicana.com\/portal\/rijo-presbot-dice-el-pge-2022-fue-disenado-a-partir-de-mandato-end\/#primaryimage","url":"https:\/\/potenciaradiofonicadominicana.com\/portal\/wp-content\/uploads\/2022\/01\/c648bab5-rijo-presbot-61e4bd72c3cf5-640x384.jpg","contentUrl":"https:\/\/potenciaradiofonicadominicana.com\/portal\/wp-content\/uploads\/2022\/01\/c648bab5-rijo-presbot-61e4bd72c3cf5-640x384.jpg","width":640,"height":384},{"@type":"BreadcrumbList","@id":"https:\/\/potenciaradiofonicadominicana.com\/portal\/rijo-presbot-dice-el-pge-2022-fue-disenado-a-partir-de-mandato-end\/#breadcrumb","itemListElement":[{"@type":"ListItem","position":1,"name":"Portada","item":"https:\/\/potenciaradiofonicadominicana.com\/portal\/"},{"@type":"ListItem","position":2,"name":"Rijo Presbot dice el PGE 2022 fue dise\u00f1ado a partir de mandato END"}]},{"@type":"WebSite","@id":"https:\/\/potenciaradiofonicadominicana.com\/portal\/#website","url":"https:\/\/potenciaradiofonicadominicana.com\/portal\/","name":"PotenciaRadiofonicaDominicana.com","description":"Peri\u00f3dico Digital","publisher":{"@id":"https:\/\/potenciaradiofonicadominicana.com\/portal\/#organization"},"potentialAction":[{"@type":"SearchAction","target":{"@type":"EntryPoint","urlTemplate":"https:\/\/potenciaradiofonicadominicana.com\/portal\/?s={search_term_string}"},"query-input":{"@type":"PropertyValueSpecification","valueRequired":true,"valueName":"search_term_string"}}],"inLanguage":"es"},{"@type":"Organization","@id":"https:\/\/potenciaradiofonicadominicana.com\/portal\/#organization","name":"PotenciaRadiofonicaDominicana.com","url":"https:\/\/potenciaradiofonicadominicana.com\/portal\/","logo":{"@type":"ImageObject","inLanguage":"es","@id":"https:\/\/potenciaradiofonicadominicana.com\/portal\/#\/schema\/logo\/image\/","url":"https:\/\/potenciaradiofonicadominicana.com\/portal\/wp-content\/uploads\/2022\/01\/descarga.png","contentUrl":"https:\/\/potenciaradiofonicadominicana.com\/portal\/wp-content\/uploads\/2022\/01\/descarga.png","width":300,"height":100,"caption":"PotenciaRadiofonicaDominicana.com"},"image":{"@id":"https:\/\/potenciaradiofonicadominicana.com\/portal\/#\/schema\/logo\/image\/"},"sameAs":["https:\/\/web.facebook.com\/PotenciaRadiofonicaD"]},{"@type":"Person","@id":"https:\/\/potenciaradiofonicadominicana.com\/portal\/#\/schema\/person\/a5cf1fea13877803ee0573ac18b03490","name":"Potencia Radiof\u00f3nica Dominicana","image":{"@type":"ImageObject","inLanguage":"es","@id":"https:\/\/potenciaradiofonicadominicana.com\/portal\/#\/schema\/person\/image\/","url":"https:\/\/secure.gravatar.com\/avatar\/42a55ab9e8ccc656ba34cd791990602a?s=96&d=mm&r=g","contentUrl":"https:\/\/secure.gravatar.com\/avatar\/42a55ab9e8ccc656ba34cd791990602a?s=96&d=mm&r=g","caption":"Potencia Radiof\u00f3nica Dominicana"},"url":"https:\/\/potenciaradiofonicadominicana.com\/portal\/author\/johannyalmanzar\/"}]}},"_links":{"self":[{"href":"https:\/\/potenciaradiofonicadominicana.com\/portal\/wp-json\/wp\/v2\/posts\/112651","targetHints":{"allow":["GET"]}}],"collection":[{"href":"https:\/\/potenciaradiofonicadominicana.com\/portal\/wp-json\/wp\/v2\/posts"}],"about":[{"href":"https:\/\/potenciaradiofonicadominicana.com\/portal\/wp-json\/wp\/v2\/types\/post"}],"author":[{"embeddable":true,"href":"https:\/\/potenciaradiofonicadominicana.com\/portal\/wp-json\/wp\/v2\/users\/2"}],"replies":[{"embeddable":true,"href":"https:\/\/potenciaradiofonicadominicana.com\/portal\/wp-json\/wp\/v2\/comments?post=112651"}],"version-history":[{"count":1,"href":"https:\/\/potenciaradiofonicadominicana.com\/portal\/wp-json\/wp\/v2\/posts\/112651\/revisions"}],"predecessor-version":[{"id":112655,"href":"https:\/\/potenciaradiofonicadominicana.com\/portal\/wp-json\/wp\/v2\/posts\/112651\/revisions\/112655"}],"wp:featuredmedia":[{"embeddable":true,"href":"https:\/\/potenciaradiofonicadominicana.com\/portal\/wp-json\/wp\/v2\/media\/112653"}],"wp:attachment":[{"href":"https:\/\/potenciaradiofonicadominicana.com\/portal\/wp-json\/wp\/v2\/media?parent=112651"}],"wp:term":[{"taxonomy":"category","embeddable":true,"href":"https:\/\/potenciaradiofonicadominicana.com\/portal\/wp-json\/wp\/v2\/categories?post=112651"},{"taxonomy":"post_tag","embeddable":true,"href":"https:\/\/potenciaradiofonicadominicana.com\/portal\/wp-json\/wp\/v2\/tags?post=112651"}],"curies":[{"name":"wp","href":"https:\/\/api.w.org\/{rel}","templated":true}]}}