{"id":112646,"date":"2022-01-17T08:57:31","date_gmt":"2022-01-17T12:57:31","guid":{"rendered":"https:\/\/potenciaradiofonicadominicana.com\/portal\/?p=112646"},"modified":"2022-01-17T08:57:31","modified_gmt":"2022-01-17T12:57:31","slug":"luis-abinader-viaja-a-espana-para-participar-en-fitur-2022","status":"publish","type":"post","link":"https:\/\/potenciaradiofonicadominicana.com\/portal\/luis-abinader-viaja-a-espana-para-participar-en-fitur-2022\/","title":{"rendered":"Luis Abinader viaja a Espa\u00f1a para participar en FITUR 2022"},"content":{"rendered":"<p><a href=\"https:\/\/potenciaradiofonicadominicana.com\/portal\/wp-content\/uploads\/2022\/01\/55aed2ae-abinader-y-david-61e4ca7c1ba3c-640x520.jpg\"><img loading=\"lazy\" decoding=\"async\" class=\"alignnone size-full wp-image-112647\" src=\"https:\/\/potenciaradiofonicadominicana.com\/portal\/wp-content\/uploads\/2022\/01\/55aed2ae-abinader-y-david-61e4ca7c1ba3c-640x520.jpg\" alt=\"\" width=\"640\" height=\"520\" srcset=\"https:\/\/potenciaradiofonicadominicana.com\/portal\/wp-content\/uploads\/2022\/01\/55aed2ae-abinader-y-david-61e4ca7c1ba3c-640x520.jpg 640w, https:\/\/potenciaradiofonicadominicana.com\/portal\/wp-content\/uploads\/2022\/01\/55aed2ae-abinader-y-david-61e4ca7c1ba3c-640x520-300x244.jpg 300w\" sizes=\"auto, (max-width: 640px) 100vw, 640px\" \/><\/a><\/p>\n<p>El presidente de la Rep\u00fablica, Luis Abinader, viaj\u00f3 anoche en la ciudad de Madrid, Espa\u00f1a, donde agotar\u00e1 una intensa agenda de trabajo y participar\u00e1 en la 42 edici\u00f3n de la Feria Internacional de Turismo (FITUR) 2022.<\/p>\n<p>La salida del mandatario hacia el pa\u00eds europeo se produjo anoche en un vuelo comercial por el aeropuerto de Punta Cana, y regresar\u00e1 al pa\u00eds el pr\u00f3ximo viernes 21 tan pronto termine con algunas actividades programadas para ese d\u00eda en Espa\u00f1a.<\/p>\n<p>Al jefe del Estado lo acompa\u00f1a una reducida comitiva, integrada por los ministros Administrativo de la Presidencia, Jos\u00e9 Ignacio Paliza y de Turismo, David Collado. Tambi\u00e9n, Eilyn Beltr\u00e1n, asistente especial y secretario del gabinete del presidente; Mercedes Pichardo, su asistente personal y el mayor general Celin Rubio, jefe del Cuerpo de Seguridad Presidencial.<\/p>\n<p>Las mayor\u00edas de las actividades plasmada en la agenda del presidente Abinader est\u00e1n relacionadas con la FITUR, la segunda feria de turismo m\u00e1s importante en el mundo, y que este a\u00f1o se desarrollar\u00e1 desde el 19 al 23 de enero en el recinto ferial IFEMA en Madrid, Espa\u00f1a.<\/p>\n<p>Agenda del presidente Abinader<\/p>\n<p>Seg\u00fan la agenda dada a conocer por la Presidencia, el gobernante dominicano, asistir\u00e1 a la 1:00 de la tarde de este lunes a un almuerzo ofrecido por el embajador dominicano en ese pa\u00eds, Juan Bol\u00edvar D\u00edaz.<\/p>\n<p>A las 3:00 de la tarde estar\u00e1 presente en una rueda de prensa con el Grupo Hotelero Bah\u00eda Pr\u00edncipe, el Banco Popular Dominicano y Banco Interamericano de Desarrollo (BID), esta actividad ser\u00e1 a las 3:00 de la tarde.<\/p>\n<p>Posteriormente sostendr\u00e1 un encuentro con dirigentes del Partido Revolucionario Moderno (PRM) de las diferentes secci\u00f3nales de Europa y luego participar\u00e1 junto a su comitiva, en una cena en el Estadio Wanda Metropolitano junto a los directivos del Atl\u00e9tico de Madrid y la Organizaci\u00f3n Mundial del Turismo (OMT).<\/p>\n<p>Mientras que para el martes el mandatario asistir\u00e1 al XI Foro de Excelencia Tur\u00edstica de EXCELTUR, \u201cNuevos Retos y Pol\u00edticas, para Abordar la Evoluci\u00f3n del Modelo Tur\u00edstico\u201d, en el que intervendr\u00e1 con el tema \u201cDominicana: Un pa\u00eds referente de la internacionalizaci\u00f3n tur\u00edstica espa\u00f1ola\u201d.<\/p>\n<p>Al mediod\u00eda, el presidente Abinader asistir\u00e1 a un acto en el Instituto de Empresas (IE), donde con el auspicio de la OMT se otorgar\u00e1n al pa\u00eds unas 100 becas para estudiantes dominicanos en la carrera de turismo.<\/p>\n<p>Posteriormente, el gobernante dominicano participar\u00e1 en un almuerzo ofrecido por el Ministerio de Turismo de espa\u00f1ol junto a la Organizaci\u00f3n Mundial del Turismo (OMT), para m\u00e1s de 300 tours operadores, hoteleros e inversionistas del mercado espa\u00f1ol, alem\u00e1n, portugu\u00e9s y franc\u00e9s.<\/p>\n<p>Luego tendr\u00e1 una intervenci\u00f3n en la inauguraci\u00f3n del IV Foro Hispano-Dominicano de Empresarios y Comerciantes de la Comunidad de Madrid<\/p>\n<p>Se reunir\u00e1 con Reyes y el presidente<\/p>\n<p>El mi\u00e9rcoles 19 de enero, Abinader participar\u00e1 junto los Reyes de Espa\u00f1a en la apertura de la Feria Internacional de Turismo (FITUR) 2022.<\/p>\n","protected":false},"excerpt":{"rendered":"<p>El presidente de la Rep\u00fablica, Luis Abinader, viaj\u00f3 anoche en la ciudad de Madrid, Espa\u00f1a, donde agotar\u00e1 una intensa agenda &#8230;<\/p>\n","protected":false},"author":2,"featured_media":112647,"comment_status":"open","ping_status":"open","sticky":false,"template":"","format":"standard","meta":{"footnotes":""},"categories":[26],"tags":[],"class_list":["post-112646","post","type-post","status-publish","format-standard","has-post-thumbnail","hentry","category-economia"],"yoast_head":"<!-- This site is optimized with the Yoast SEO plugin v24.8.1 - https:\/\/yoast.com\/wordpress\/plugins\/seo\/ -->\n<title>Luis Abinader viaja a Espa\u00f1a para participar en FITUR 2022 - PotenciaRadiofonicaDominicana.com<\/title>\n<meta name=\"robots\" content=\"index, follow, max-snippet:-1, max-image-preview:large, max-video-preview:-1\" \/>\n<link rel=\"canonical\" href=\"https:\/\/potenciaradiofonicadominicana.com\/portal\/luis-abinader-viaja-a-espana-para-participar-en-fitur-2022\/\" \/>\n<meta property=\"og:locale\" content=\"es_ES\" \/>\n<meta property=\"og:type\" content=\"article\" \/>\n<meta property=\"og:title\" content=\"Luis Abinader viaja a Espa\u00f1a para participar en FITUR 2022 - PotenciaRadiofonicaDominicana.com\" \/>\n<meta property=\"og:description\" content=\"El presidente de la Rep\u00fablica, Luis Abinader, viaj\u00f3 anoche en la ciudad de Madrid, Espa\u00f1a, donde agotar\u00e1 una intensa agenda ...\" \/>\n<meta property=\"og:url\" content=\"https:\/\/potenciaradiofonicadominicana.com\/portal\/luis-abinader-viaja-a-espana-para-participar-en-fitur-2022\/\" \/>\n<meta property=\"og:site_name\" content=\"PotenciaRadiofonicaDominicana.com\" \/>\n<meta property=\"article:publisher\" content=\"https:\/\/web.facebook.com\/PotenciaRadiofonicaD\" \/>\n<meta property=\"article:published_time\" content=\"2022-01-17T12:57:31+00:00\" \/>\n<meta property=\"og:image\" content=\"https:\/\/potenciaradiofonicadominicana.com\/portal\/wp-content\/uploads\/2022\/01\/55aed2ae-abinader-y-david-61e4ca7c1ba3c-640x520.jpg\" \/>\n\t<meta property=\"og:image:width\" content=\"640\" \/>\n\t<meta property=\"og:image:height\" content=\"520\" \/>\n\t<meta property=\"og:image:type\" content=\"image\/jpeg\" \/>\n<meta name=\"author\" content=\"Potencia Radiof\u00f3nica Dominicana\" \/>\n<meta name=\"twitter:card\" content=\"summary_large_image\" \/>\n<meta name=\"twitter:label1\" content=\"Escrito por\" \/>\n\t<meta name=\"twitter:data1\" content=\"Potencia Radiof\u00f3nica Dominicana\" \/>\n\t<meta name=\"twitter:label2\" content=\"Tiempo de lectura\" \/>\n\t<meta name=\"twitter:data2\" content=\"3 minutos\" \/>\n<script type=\"application\/ld+json\" class=\"yoast-schema-graph\">{\"@context\":\"https:\/\/schema.org\",\"@graph\":[{\"@type\":\"Article\",\"@id\":\"https:\/\/potenciaradiofonicadominicana.com\/portal\/luis-abinader-viaja-a-espana-para-participar-en-fitur-2022\/#article\",\"isPartOf\":{\"@id\":\"https:\/\/potenciaradiofonicadominicana.com\/portal\/luis-abinader-viaja-a-espana-para-participar-en-fitur-2022\/\"},\"author\":{\"name\":\"Potencia Radiof\u00f3nica Dominicana\",\"@id\":\"https:\/\/potenciaradiofonicadominicana.com\/portal\/#\/schema\/person\/a5cf1fea13877803ee0573ac18b03490\"},\"headline\":\"Luis Abinader viaja a Espa\u00f1a para participar en FITUR 2022\",\"datePublished\":\"2022-01-17T12:57:31+00:00\",\"mainEntityOfPage\":{\"@id\":\"https:\/\/potenciaradiofonicadominicana.com\/portal\/luis-abinader-viaja-a-espana-para-participar-en-fitur-2022\/\"},\"wordCount\":518,\"commentCount\":0,\"publisher\":{\"@id\":\"https:\/\/potenciaradiofonicadominicana.com\/portal\/#organization\"},\"image\":{\"@id\":\"https:\/\/potenciaradiofonicadominicana.com\/portal\/luis-abinader-viaja-a-espana-para-participar-en-fitur-2022\/#primaryimage\"},\"thumbnailUrl\":\"https:\/\/potenciaradiofonicadominicana.com\/portal\/wp-content\/uploads\/2022\/01\/55aed2ae-abinader-y-david-61e4ca7c1ba3c-640x520.jpg\",\"articleSection\":[\"Econom\u00eda\"],\"inLanguage\":\"es\",\"potentialAction\":[{\"@type\":\"CommentAction\",\"name\":\"Comment\",\"target\":[\"https:\/\/potenciaradiofonicadominicana.com\/portal\/luis-abinader-viaja-a-espana-para-participar-en-fitur-2022\/#respond\"]}]},{\"@type\":\"WebPage\",\"@id\":\"https:\/\/potenciaradiofonicadominicana.com\/portal\/luis-abinader-viaja-a-espana-para-participar-en-fitur-2022\/\",\"url\":\"https:\/\/potenciaradiofonicadominicana.com\/portal\/luis-abinader-viaja-a-espana-para-participar-en-fitur-2022\/\",\"name\":\"Luis Abinader viaja a Espa\u00f1a para participar en FITUR 2022 - PotenciaRadiofonicaDominicana.com\",\"isPartOf\":{\"@id\":\"https:\/\/potenciaradiofonicadominicana.com\/portal\/#website\"},\"primaryImageOfPage\":{\"@id\":\"https:\/\/potenciaradiofonicadominicana.com\/portal\/luis-abinader-viaja-a-espana-para-participar-en-fitur-2022\/#primaryimage\"},\"image\":{\"@id\":\"https:\/\/potenciaradiofonicadominicana.com\/portal\/luis-abinader-viaja-a-espana-para-participar-en-fitur-2022\/#primaryimage\"},\"thumbnailUrl\":\"https:\/\/potenciaradiofonicadominicana.com\/portal\/wp-content\/uploads\/2022\/01\/55aed2ae-abinader-y-david-61e4ca7c1ba3c-640x520.jpg\",\"datePublished\":\"2022-01-17T12:57:31+00:00\",\"breadcrumb\":{\"@id\":\"https:\/\/potenciaradiofonicadominicana.com\/portal\/luis-abinader-viaja-a-espana-para-participar-en-fitur-2022\/#breadcrumb\"},\"inLanguage\":\"es\",\"potentialAction\":[{\"@type\":\"ReadAction\",\"target\":[\"https:\/\/potenciaradiofonicadominicana.com\/portal\/luis-abinader-viaja-a-espana-para-participar-en-fitur-2022\/\"]}]},{\"@type\":\"ImageObject\",\"inLanguage\":\"es\",\"@id\":\"https:\/\/potenciaradiofonicadominicana.com\/portal\/luis-abinader-viaja-a-espana-para-participar-en-fitur-2022\/#primaryimage\",\"url\":\"https:\/\/potenciaradiofonicadominicana.com\/portal\/wp-content\/uploads\/2022\/01\/55aed2ae-abinader-y-david-61e4ca7c1ba3c-640x520.jpg\",\"contentUrl\":\"https:\/\/potenciaradiofonicadominicana.com\/portal\/wp-content\/uploads\/2022\/01\/55aed2ae-abinader-y-david-61e4ca7c1ba3c-640x520.jpg\",\"width\":640,\"height\":520},{\"@type\":\"BreadcrumbList\",\"@id\":\"https:\/\/potenciaradiofonicadominicana.com\/portal\/luis-abinader-viaja-a-espana-para-participar-en-fitur-2022\/#breadcrumb\",\"itemListElement\":[{\"@type\":\"ListItem\",\"position\":1,\"name\":\"Portada\",\"item\":\"https:\/\/potenciaradiofonicadominicana.com\/portal\/\"},{\"@type\":\"ListItem\",\"position\":2,\"name\":\"Luis Abinader viaja a Espa\u00f1a para participar en FITUR 2022\"}]},{\"@type\":\"WebSite\",\"@id\":\"https:\/\/potenciaradiofonicadominicana.com\/portal\/#website\",\"url\":\"https:\/\/potenciaradiofonicadominicana.com\/portal\/\",\"name\":\"PotenciaRadiofonicaDominicana.com\",\"description\":\"Peri\u00f3dico Digital\",\"publisher\":{\"@id\":\"https:\/\/potenciaradiofonicadominicana.com\/portal\/#organization\"},\"potentialAction\":[{\"@type\":\"SearchAction\",\"target\":{\"@type\":\"EntryPoint\",\"urlTemplate\":\"https:\/\/potenciaradiofonicadominicana.com\/portal\/?s={search_term_string}\"},\"query-input\":{\"@type\":\"PropertyValueSpecification\",\"valueRequired\":true,\"valueName\":\"search_term_string\"}}],\"inLanguage\":\"es\"},{\"@type\":\"Organization\",\"@id\":\"https:\/\/potenciaradiofonicadominicana.com\/portal\/#organization\",\"name\":\"PotenciaRadiofonicaDominicana.com\",\"url\":\"https:\/\/potenciaradiofonicadominicana.com\/portal\/\",\"logo\":{\"@type\":\"ImageObject\",\"inLanguage\":\"es\",\"@id\":\"https:\/\/potenciaradiofonicadominicana.com\/portal\/#\/schema\/logo\/image\/\",\"url\":\"https:\/\/potenciaradiofonicadominicana.com\/portal\/wp-content\/uploads\/2022\/01\/descarga.png\",\"contentUrl\":\"https:\/\/potenciaradiofonicadominicana.com\/portal\/wp-content\/uploads\/2022\/01\/descarga.png\",\"width\":300,\"height\":100,\"caption\":\"PotenciaRadiofonicaDominicana.com\"},\"image\":{\"@id\":\"https:\/\/potenciaradiofonicadominicana.com\/portal\/#\/schema\/logo\/image\/\"},\"sameAs\":[\"https:\/\/web.facebook.com\/PotenciaRadiofonicaD\"]},{\"@type\":\"Person\",\"@id\":\"https:\/\/potenciaradiofonicadominicana.com\/portal\/#\/schema\/person\/a5cf1fea13877803ee0573ac18b03490\",\"name\":\"Potencia Radiof\u00f3nica Dominicana\",\"image\":{\"@type\":\"ImageObject\",\"inLanguage\":\"es\",\"@id\":\"https:\/\/potenciaradiofonicadominicana.com\/portal\/#\/schema\/person\/image\/\",\"url\":\"https:\/\/secure.gravatar.com\/avatar\/42a55ab9e8ccc656ba34cd791990602a?s=96&d=mm&r=g\",\"contentUrl\":\"https:\/\/secure.gravatar.com\/avatar\/42a55ab9e8ccc656ba34cd791990602a?s=96&d=mm&r=g\",\"caption\":\"Potencia Radiof\u00f3nica Dominicana\"},\"url\":\"https:\/\/potenciaradiofonicadominicana.com\/portal\/author\/johannyalmanzar\/\"}]}<\/script>\n<!-- \/ Yoast SEO plugin. -->","yoast_head_json":{"title":"Luis Abinader viaja a Espa\u00f1a para participar en FITUR 2022 - PotenciaRadiofonicaDominicana.com","robots":{"index":"index","follow":"follow","max-snippet":"max-snippet:-1","max-image-preview":"max-image-preview:large","max-video-preview":"max-video-preview:-1"},"canonical":"https:\/\/potenciaradiofonicadominicana.com\/portal\/luis-abinader-viaja-a-espana-para-participar-en-fitur-2022\/","og_locale":"es_ES","og_type":"article","og_title":"Luis Abinader viaja a Espa\u00f1a para participar en FITUR 2022 - PotenciaRadiofonicaDominicana.com","og_description":"El presidente de la Rep\u00fablica, Luis Abinader, viaj\u00f3 anoche en la ciudad de Madrid, Espa\u00f1a, donde agotar\u00e1 una intensa agenda ...","og_url":"https:\/\/potenciaradiofonicadominicana.com\/portal\/luis-abinader-viaja-a-espana-para-participar-en-fitur-2022\/","og_site_name":"PotenciaRadiofonicaDominicana.com","article_publisher":"https:\/\/web.facebook.com\/PotenciaRadiofonicaD","article_published_time":"2022-01-17T12:57:31+00:00","og_image":[{"width":640,"height":520,"url":"https:\/\/potenciaradiofonicadominicana.com\/portal\/wp-content\/uploads\/2022\/01\/55aed2ae-abinader-y-david-61e4ca7c1ba3c-640x520.jpg","type":"image\/jpeg"}],"author":"Potencia Radiof\u00f3nica Dominicana","twitter_card":"summary_large_image","twitter_misc":{"Escrito por":"Potencia Radiof\u00f3nica Dominicana","Tiempo de lectura":"3 minutos"},"schema":{"@context":"https:\/\/schema.org","@graph":[{"@type":"Article","@id":"https:\/\/potenciaradiofonicadominicana.com\/portal\/luis-abinader-viaja-a-espana-para-participar-en-fitur-2022\/#article","isPartOf":{"@id":"https:\/\/potenciaradiofonicadominicana.com\/portal\/luis-abinader-viaja-a-espana-para-participar-en-fitur-2022\/"},"author":{"name":"Potencia Radiof\u00f3nica Dominicana","@id":"https:\/\/potenciaradiofonicadominicana.com\/portal\/#\/schema\/person\/a5cf1fea13877803ee0573ac18b03490"},"headline":"Luis Abinader viaja a Espa\u00f1a para participar en FITUR 2022","datePublished":"2022-01-17T12:57:31+00:00","mainEntityOfPage":{"@id":"https:\/\/potenciaradiofonicadominicana.com\/portal\/luis-abinader-viaja-a-espana-para-participar-en-fitur-2022\/"},"wordCount":518,"commentCount":0,"publisher":{"@id":"https:\/\/potenciaradiofonicadominicana.com\/portal\/#organization"},"image":{"@id":"https:\/\/potenciaradiofonicadominicana.com\/portal\/luis-abinader-viaja-a-espana-para-participar-en-fitur-2022\/#primaryimage"},"thumbnailUrl":"https:\/\/potenciaradiofonicadominicana.com\/portal\/wp-content\/uploads\/2022\/01\/55aed2ae-abinader-y-david-61e4ca7c1ba3c-640x520.jpg","articleSection":["Econom\u00eda"],"inLanguage":"es","potentialAction":[{"@type":"CommentAction","name":"Comment","target":["https:\/\/potenciaradiofonicadominicana.com\/portal\/luis-abinader-viaja-a-espana-para-participar-en-fitur-2022\/#respond"]}]},{"@type":"WebPage","@id":"https:\/\/potenciaradiofonicadominicana.com\/portal\/luis-abinader-viaja-a-espana-para-participar-en-fitur-2022\/","url":"https:\/\/potenciaradiofonicadominicana.com\/portal\/luis-abinader-viaja-a-espana-para-participar-en-fitur-2022\/","name":"Luis Abinader viaja a Espa\u00f1a para participar en FITUR 2022 - PotenciaRadiofonicaDominicana.com","isPartOf":{"@id":"https:\/\/potenciaradiofonicadominicana.com\/portal\/#website"},"primaryImageOfPage":{"@id":"https:\/\/potenciaradiofonicadominicana.com\/portal\/luis-abinader-viaja-a-espana-para-participar-en-fitur-2022\/#primaryimage"},"image":{"@id":"https:\/\/potenciaradiofonicadominicana.com\/portal\/luis-abinader-viaja-a-espana-para-participar-en-fitur-2022\/#primaryimage"},"thumbnailUrl":"https:\/\/potenciaradiofonicadominicana.com\/portal\/wp-content\/uploads\/2022\/01\/55aed2ae-abinader-y-david-61e4ca7c1ba3c-640x520.jpg","datePublished":"2022-01-17T12:57:31+00:00","breadcrumb":{"@id":"https:\/\/potenciaradiofonicadominicana.com\/portal\/luis-abinader-viaja-a-espana-para-participar-en-fitur-2022\/#breadcrumb"},"inLanguage":"es","potentialAction":[{"@type":"ReadAction","target":["https:\/\/potenciaradiofonicadominicana.com\/portal\/luis-abinader-viaja-a-espana-para-participar-en-fitur-2022\/"]}]},{"@type":"ImageObject","inLanguage":"es","@id":"https:\/\/potenciaradiofonicadominicana.com\/portal\/luis-abinader-viaja-a-espana-para-participar-en-fitur-2022\/#primaryimage","url":"https:\/\/potenciaradiofonicadominicana.com\/portal\/wp-content\/uploads\/2022\/01\/55aed2ae-abinader-y-david-61e4ca7c1ba3c-640x520.jpg","contentUrl":"https:\/\/potenciaradiofonicadominicana.com\/portal\/wp-content\/uploads\/2022\/01\/55aed2ae-abinader-y-david-61e4ca7c1ba3c-640x520.jpg","width":640,"height":520},{"@type":"BreadcrumbList","@id":"https:\/\/potenciaradiofonicadominicana.com\/portal\/luis-abinader-viaja-a-espana-para-participar-en-fitur-2022\/#breadcrumb","itemListElement":[{"@type":"ListItem","position":1,"name":"Portada","item":"https:\/\/potenciaradiofonicadominicana.com\/portal\/"},{"@type":"ListItem","position":2,"name":"Luis Abinader viaja a Espa\u00f1a para participar en FITUR 2022"}]},{"@type":"WebSite","@id":"https:\/\/potenciaradiofonicadominicana.com\/portal\/#website","url":"https:\/\/potenciaradiofonicadominicana.com\/portal\/","name":"PotenciaRadiofonicaDominicana.com","description":"Peri\u00f3dico Digital","publisher":{"@id":"https:\/\/potenciaradiofonicadominicana.com\/portal\/#organization"},"potentialAction":[{"@type":"SearchAction","target":{"@type":"EntryPoint","urlTemplate":"https:\/\/potenciaradiofonicadominicana.com\/portal\/?s={search_term_string}"},"query-input":{"@type":"PropertyValueSpecification","valueRequired":true,"valueName":"search_term_string"}}],"inLanguage":"es"},{"@type":"Organization","@id":"https:\/\/potenciaradiofonicadominicana.com\/portal\/#organization","name":"PotenciaRadiofonicaDominicana.com","url":"https:\/\/potenciaradiofonicadominicana.com\/portal\/","logo":{"@type":"ImageObject","inLanguage":"es","@id":"https:\/\/potenciaradiofonicadominicana.com\/portal\/#\/schema\/logo\/image\/","url":"https:\/\/potenciaradiofonicadominicana.com\/portal\/wp-content\/uploads\/2022\/01\/descarga.png","contentUrl":"https:\/\/potenciaradiofonicadominicana.com\/portal\/wp-content\/uploads\/2022\/01\/descarga.png","width":300,"height":100,"caption":"PotenciaRadiofonicaDominicana.com"},"image":{"@id":"https:\/\/potenciaradiofonicadominicana.com\/portal\/#\/schema\/logo\/image\/"},"sameAs":["https:\/\/web.facebook.com\/PotenciaRadiofonicaD"]},{"@type":"Person","@id":"https:\/\/potenciaradiofonicadominicana.com\/portal\/#\/schema\/person\/a5cf1fea13877803ee0573ac18b03490","name":"Potencia Radiof\u00f3nica Dominicana","image":{"@type":"ImageObject","inLanguage":"es","@id":"https:\/\/potenciaradiofonicadominicana.com\/portal\/#\/schema\/person\/image\/","url":"https:\/\/secure.gravatar.com\/avatar\/42a55ab9e8ccc656ba34cd791990602a?s=96&d=mm&r=g","contentUrl":"https:\/\/secure.gravatar.com\/avatar\/42a55ab9e8ccc656ba34cd791990602a?s=96&d=mm&r=g","caption":"Potencia Radiof\u00f3nica Dominicana"},"url":"https:\/\/potenciaradiofonicadominicana.com\/portal\/author\/johannyalmanzar\/"}]}},"_links":{"self":[{"href":"https:\/\/potenciaradiofonicadominicana.com\/portal\/wp-json\/wp\/v2\/posts\/112646","targetHints":{"allow":["GET"]}}],"collection":[{"href":"https:\/\/potenciaradiofonicadominicana.com\/portal\/wp-json\/wp\/v2\/posts"}],"about":[{"href":"https:\/\/potenciaradiofonicadominicana.com\/portal\/wp-json\/wp\/v2\/types\/post"}],"author":[{"embeddable":true,"href":"https:\/\/potenciaradiofonicadominicana.com\/portal\/wp-json\/wp\/v2\/users\/2"}],"replies":[{"embeddable":true,"href":"https:\/\/potenciaradiofonicadominicana.com\/portal\/wp-json\/wp\/v2\/comments?post=112646"}],"version-history":[{"count":1,"href":"https:\/\/potenciaradiofonicadominicana.com\/portal\/wp-json\/wp\/v2\/posts\/112646\/revisions"}],"predecessor-version":[{"id":112649,"href":"https:\/\/potenciaradiofonicadominicana.com\/portal\/wp-json\/wp\/v2\/posts\/112646\/revisions\/112649"}],"wp:featuredmedia":[{"embeddable":true,"href":"https:\/\/potenciaradiofonicadominicana.com\/portal\/wp-json\/wp\/v2\/media\/112647"}],"wp:attachment":[{"href":"https:\/\/potenciaradiofonicadominicana.com\/portal\/wp-json\/wp\/v2\/media?parent=112646"}],"wp:term":[{"taxonomy":"category","embeddable":true,"href":"https:\/\/potenciaradiofonicadominicana.com\/portal\/wp-json\/wp\/v2\/categories?post=112646"},{"taxonomy":"post_tag","embeddable":true,"href":"https:\/\/potenciaradiofonicadominicana.com\/portal\/wp-json\/wp\/v2\/tags?post=112646"}],"curies":[{"name":"wp","href":"https:\/\/api.w.org\/{rel}","templated":true}]}}