{"id":112637,"date":"2022-01-17T08:52:53","date_gmt":"2022-01-17T12:52:53","guid":{"rendered":"https:\/\/potenciaradiofonicadominicana.com\/portal\/?p=112637"},"modified":"2022-01-17T08:52:53","modified_gmt":"2022-01-17T12:52:53","slug":"entregan-primeras-casas-ecologicas-en-cayetano-germosen","status":"publish","type":"post","link":"https:\/\/potenciaradiofonicadominicana.com\/portal\/entregan-primeras-casas-ecologicas-en-cayetano-germosen\/","title":{"rendered":"Entregan primeras casas ecol\u00f3gicas en Cayetano Germos\u00e9n"},"content":{"rendered":"<p><a href=\"https:\/\/potenciaradiofonicadominicana.com\/portal\/wp-content\/uploads\/2022\/01\/202201162124381.jpeg\"><img loading=\"lazy\" decoding=\"async\" class=\"alignnone size-full wp-image-112638\" src=\"https:\/\/potenciaradiofonicadominicana.com\/portal\/wp-content\/uploads\/2022\/01\/202201162124381.jpeg\" alt=\"\" width=\"680\" height=\"382\" srcset=\"https:\/\/potenciaradiofonicadominicana.com\/portal\/wp-content\/uploads\/2022\/01\/202201162124381.jpeg 680w, https:\/\/potenciaradiofonicadominicana.com\/portal\/wp-content\/uploads\/2022\/01\/202201162124381-300x169.jpeg 300w\" sizes=\"auto, (max-width: 680px) 100vw, 680px\" \/><\/a><\/p>\n<p>Este domingo se entregaron las primeras diez casas del programa modelo \u201cEco-Viviendas\u201d, las cuales cuentan con paneles solares, y que beneficiar\u00e1n a igual n\u00famero de familias que viv\u00edan en condiciones de extrema pobreza en el municipio Cayetano Germos\u00e9n de la provincia Espaillat.<\/p>\n<p>Al hacer entrega de estas viviendas, el ministro encargado de Proyectos Estrat\u00e9gicos y Programas Especiales de la Presidencia (Propeep), Neney Cabrera, se\u00f1al\u00f3 que \u00e9stas son las primeras casas ecol\u00f3gicas y amigables con la naturaleza, de un total de 2,500 prometidas por el Gobierno para este a\u00f1o.<\/p>\n<p>El funcionario record\u00f3 que el presidente Luis Abinader dio los primeros palazos para construir 100 unidades similares en Azua, 50 en Barahona, 50 en San Crist\u00f3bal, 50 en El Seibo y 50 en Montecristi en terrenos donados por personalidades y alcald\u00edas municipales.<\/p>\n<p>\u201cEstas viviendas, contribuyen a reducir los efectos producidos por el cambio clim\u00e1tico, aprovechan el uso creativo de residuos s\u00f3lidos reciclados y reducen la dependencia de los agregados extra\u00eddos de las cuencas de los r\u00edos\u201d, agreg\u00f3 Cabrera.<\/p>\n<p>Adem\u00e1s, sostuvo que la entrega forma parte de las acciones a favor de la provincia Espaillat por lograr estar dentro de las tres primeras provincias del pa\u00eds que logr\u00f3 superar el 70% de vacunados con segunda dosis.<\/p>\n<p>Indic\u00f3 que cada vivienda tendr\u00e1 iluminaci\u00f3n interior y exterior soportada con un sistema de paneles solares, lo cual resalt\u00f3 que es la primera vez que se utiliza en un proyecto de viviendas sociales \u201calgo \u00fanico e innovador\u201d.<\/p>\n<p>Cabrera explic\u00f3 que el proyecto fue construido en una extensi\u00f3n de terrenos de 1,500 metros cuadrados, donados por el Ayuntamiento de Cayetano Germos\u00e9n, donde operaba un botadero de basura.<\/p>\n","protected":false},"excerpt":{"rendered":"<p>Este domingo se entregaron las primeras diez casas del programa modelo \u201cEco-Viviendas\u201d, las cuales cuentan con paneles solares, y que &#8230;<\/p>\n","protected":false},"author":2,"featured_media":112638,"comment_status":"open","ping_status":"open","sticky":false,"template":"","format":"standard","meta":{"footnotes":""},"categories":[26],"tags":[],"class_list":["post-112637","post","type-post","status-publish","format-standard","has-post-thumbnail","hentry","category-economia"],"yoast_head":"<!-- This site is optimized with the Yoast SEO plugin v24.8.1 - https:\/\/yoast.com\/wordpress\/plugins\/seo\/ -->\n<title>Entregan primeras casas ecol\u00f3gicas en Cayetano Germos\u00e9n - PotenciaRadiofonicaDominicana.com<\/title>\n<meta name=\"robots\" content=\"index, follow, max-snippet:-1, max-image-preview:large, max-video-preview:-1\" \/>\n<link rel=\"canonical\" href=\"https:\/\/potenciaradiofonicadominicana.com\/portal\/entregan-primeras-casas-ecologicas-en-cayetano-germosen\/\" \/>\n<meta property=\"og:locale\" content=\"es_ES\" \/>\n<meta property=\"og:type\" content=\"article\" \/>\n<meta property=\"og:title\" content=\"Entregan primeras casas ecol\u00f3gicas en Cayetano Germos\u00e9n - PotenciaRadiofonicaDominicana.com\" \/>\n<meta property=\"og:description\" content=\"Este domingo se entregaron las primeras diez casas del programa modelo \u201cEco-Viviendas\u201d, las cuales cuentan con paneles solares, y que ...\" \/>\n<meta property=\"og:url\" content=\"https:\/\/potenciaradiofonicadominicana.com\/portal\/entregan-primeras-casas-ecologicas-en-cayetano-germosen\/\" \/>\n<meta property=\"og:site_name\" content=\"PotenciaRadiofonicaDominicana.com\" \/>\n<meta property=\"article:publisher\" content=\"https:\/\/web.facebook.com\/PotenciaRadiofonicaD\" \/>\n<meta property=\"article:published_time\" content=\"2022-01-17T12:52:53+00:00\" \/>\n<meta property=\"og:image\" content=\"https:\/\/potenciaradiofonicadominicana.com\/portal\/wp-content\/uploads\/2022\/01\/202201162124381.jpeg\" \/>\n\t<meta property=\"og:image:width\" content=\"680\" \/>\n\t<meta property=\"og:image:height\" content=\"382\" \/>\n\t<meta property=\"og:image:type\" content=\"image\/jpeg\" \/>\n<meta name=\"author\" content=\"Potencia Radiof\u00f3nica Dominicana\" \/>\n<meta name=\"twitter:card\" content=\"summary_large_image\" \/>\n<meta name=\"twitter:label1\" content=\"Escrito por\" \/>\n\t<meta name=\"twitter:data1\" content=\"Potencia Radiof\u00f3nica Dominicana\" \/>\n\t<meta name=\"twitter:label2\" content=\"Tiempo de lectura\" \/>\n\t<meta name=\"twitter:data2\" content=\"1 minuto\" \/>\n<script type=\"application\/ld+json\" class=\"yoast-schema-graph\">{\"@context\":\"https:\/\/schema.org\",\"@graph\":[{\"@type\":\"Article\",\"@id\":\"https:\/\/potenciaradiofonicadominicana.com\/portal\/entregan-primeras-casas-ecologicas-en-cayetano-germosen\/#article\",\"isPartOf\":{\"@id\":\"https:\/\/potenciaradiofonicadominicana.com\/portal\/entregan-primeras-casas-ecologicas-en-cayetano-germosen\/\"},\"author\":{\"name\":\"Potencia Radiof\u00f3nica Dominicana\",\"@id\":\"https:\/\/potenciaradiofonicadominicana.com\/portal\/#\/schema\/person\/a5cf1fea13877803ee0573ac18b03490\"},\"headline\":\"Entregan primeras casas ecol\u00f3gicas en Cayetano Germos\u00e9n\",\"datePublished\":\"2022-01-17T12:52:53+00:00\",\"mainEntityOfPage\":{\"@id\":\"https:\/\/potenciaradiofonicadominicana.com\/portal\/entregan-primeras-casas-ecologicas-en-cayetano-germosen\/\"},\"wordCount\":289,\"commentCount\":0,\"publisher\":{\"@id\":\"https:\/\/potenciaradiofonicadominicana.com\/portal\/#organization\"},\"image\":{\"@id\":\"https:\/\/potenciaradiofonicadominicana.com\/portal\/entregan-primeras-casas-ecologicas-en-cayetano-germosen\/#primaryimage\"},\"thumbnailUrl\":\"https:\/\/potenciaradiofonicadominicana.com\/portal\/wp-content\/uploads\/2022\/01\/202201162124381.jpeg\",\"articleSection\":[\"Econom\u00eda\"],\"inLanguage\":\"es\",\"potentialAction\":[{\"@type\":\"CommentAction\",\"name\":\"Comment\",\"target\":[\"https:\/\/potenciaradiofonicadominicana.com\/portal\/entregan-primeras-casas-ecologicas-en-cayetano-germosen\/#respond\"]}]},{\"@type\":\"WebPage\",\"@id\":\"https:\/\/potenciaradiofonicadominicana.com\/portal\/entregan-primeras-casas-ecologicas-en-cayetano-germosen\/\",\"url\":\"https:\/\/potenciaradiofonicadominicana.com\/portal\/entregan-primeras-casas-ecologicas-en-cayetano-germosen\/\",\"name\":\"Entregan primeras casas ecol\u00f3gicas en Cayetano Germos\u00e9n - PotenciaRadiofonicaDominicana.com\",\"isPartOf\":{\"@id\":\"https:\/\/potenciaradiofonicadominicana.com\/portal\/#website\"},\"primaryImageOfPage\":{\"@id\":\"https:\/\/potenciaradiofonicadominicana.com\/portal\/entregan-primeras-casas-ecologicas-en-cayetano-germosen\/#primaryimage\"},\"image\":{\"@id\":\"https:\/\/potenciaradiofonicadominicana.com\/portal\/entregan-primeras-casas-ecologicas-en-cayetano-germosen\/#primaryimage\"},\"thumbnailUrl\":\"https:\/\/potenciaradiofonicadominicana.com\/portal\/wp-content\/uploads\/2022\/01\/202201162124381.jpeg\",\"datePublished\":\"2022-01-17T12:52:53+00:00\",\"breadcrumb\":{\"@id\":\"https:\/\/potenciaradiofonicadominicana.com\/portal\/entregan-primeras-casas-ecologicas-en-cayetano-germosen\/#breadcrumb\"},\"inLanguage\":\"es\",\"potentialAction\":[{\"@type\":\"ReadAction\",\"target\":[\"https:\/\/potenciaradiofonicadominicana.com\/portal\/entregan-primeras-casas-ecologicas-en-cayetano-germosen\/\"]}]},{\"@type\":\"ImageObject\",\"inLanguage\":\"es\",\"@id\":\"https:\/\/potenciaradiofonicadominicana.com\/portal\/entregan-primeras-casas-ecologicas-en-cayetano-germosen\/#primaryimage\",\"url\":\"https:\/\/potenciaradiofonicadominicana.com\/portal\/wp-content\/uploads\/2022\/01\/202201162124381.jpeg\",\"contentUrl\":\"https:\/\/potenciaradiofonicadominicana.com\/portal\/wp-content\/uploads\/2022\/01\/202201162124381.jpeg\",\"width\":680,\"height\":382},{\"@type\":\"BreadcrumbList\",\"@id\":\"https:\/\/potenciaradiofonicadominicana.com\/portal\/entregan-primeras-casas-ecologicas-en-cayetano-germosen\/#breadcrumb\",\"itemListElement\":[{\"@type\":\"ListItem\",\"position\":1,\"name\":\"Portada\",\"item\":\"https:\/\/potenciaradiofonicadominicana.com\/portal\/\"},{\"@type\":\"ListItem\",\"position\":2,\"name\":\"Entregan primeras casas ecol\u00f3gicas en Cayetano Germos\u00e9n\"}]},{\"@type\":\"WebSite\",\"@id\":\"https:\/\/potenciaradiofonicadominicana.com\/portal\/#website\",\"url\":\"https:\/\/potenciaradiofonicadominicana.com\/portal\/\",\"name\":\"PotenciaRadiofonicaDominicana.com\",\"description\":\"Peri\u00f3dico Digital\",\"publisher\":{\"@id\":\"https:\/\/potenciaradiofonicadominicana.com\/portal\/#organization\"},\"potentialAction\":[{\"@type\":\"SearchAction\",\"target\":{\"@type\":\"EntryPoint\",\"urlTemplate\":\"https:\/\/potenciaradiofonicadominicana.com\/portal\/?s={search_term_string}\"},\"query-input\":{\"@type\":\"PropertyValueSpecification\",\"valueRequired\":true,\"valueName\":\"search_term_string\"}}],\"inLanguage\":\"es\"},{\"@type\":\"Organization\",\"@id\":\"https:\/\/potenciaradiofonicadominicana.com\/portal\/#organization\",\"name\":\"PotenciaRadiofonicaDominicana.com\",\"url\":\"https:\/\/potenciaradiofonicadominicana.com\/portal\/\",\"logo\":{\"@type\":\"ImageObject\",\"inLanguage\":\"es\",\"@id\":\"https:\/\/potenciaradiofonicadominicana.com\/portal\/#\/schema\/logo\/image\/\",\"url\":\"https:\/\/potenciaradiofonicadominicana.com\/portal\/wp-content\/uploads\/2022\/01\/descarga.png\",\"contentUrl\":\"https:\/\/potenciaradiofonicadominicana.com\/portal\/wp-content\/uploads\/2022\/01\/descarga.png\",\"width\":300,\"height\":100,\"caption\":\"PotenciaRadiofonicaDominicana.com\"},\"image\":{\"@id\":\"https:\/\/potenciaradiofonicadominicana.com\/portal\/#\/schema\/logo\/image\/\"},\"sameAs\":[\"https:\/\/web.facebook.com\/PotenciaRadiofonicaD\"]},{\"@type\":\"Person\",\"@id\":\"https:\/\/potenciaradiofonicadominicana.com\/portal\/#\/schema\/person\/a5cf1fea13877803ee0573ac18b03490\",\"name\":\"Potencia Radiof\u00f3nica Dominicana\",\"image\":{\"@type\":\"ImageObject\",\"inLanguage\":\"es\",\"@id\":\"https:\/\/potenciaradiofonicadominicana.com\/portal\/#\/schema\/person\/image\/\",\"url\":\"https:\/\/secure.gravatar.com\/avatar\/42a55ab9e8ccc656ba34cd791990602a?s=96&d=mm&r=g\",\"contentUrl\":\"https:\/\/secure.gravatar.com\/avatar\/42a55ab9e8ccc656ba34cd791990602a?s=96&d=mm&r=g\",\"caption\":\"Potencia Radiof\u00f3nica Dominicana\"},\"url\":\"https:\/\/potenciaradiofonicadominicana.com\/portal\/author\/johannyalmanzar\/\"}]}<\/script>\n<!-- \/ Yoast SEO plugin. -->","yoast_head_json":{"title":"Entregan primeras casas ecol\u00f3gicas en Cayetano Germos\u00e9n - PotenciaRadiofonicaDominicana.com","robots":{"index":"index","follow":"follow","max-snippet":"max-snippet:-1","max-image-preview":"max-image-preview:large","max-video-preview":"max-video-preview:-1"},"canonical":"https:\/\/potenciaradiofonicadominicana.com\/portal\/entregan-primeras-casas-ecologicas-en-cayetano-germosen\/","og_locale":"es_ES","og_type":"article","og_title":"Entregan primeras casas ecol\u00f3gicas en Cayetano Germos\u00e9n - PotenciaRadiofonicaDominicana.com","og_description":"Este domingo se entregaron las primeras diez casas del programa modelo \u201cEco-Viviendas\u201d, las cuales cuentan con paneles solares, y que ...","og_url":"https:\/\/potenciaradiofonicadominicana.com\/portal\/entregan-primeras-casas-ecologicas-en-cayetano-germosen\/","og_site_name":"PotenciaRadiofonicaDominicana.com","article_publisher":"https:\/\/web.facebook.com\/PotenciaRadiofonicaD","article_published_time":"2022-01-17T12:52:53+00:00","og_image":[{"width":680,"height":382,"url":"https:\/\/potenciaradiofonicadominicana.com\/portal\/wp-content\/uploads\/2022\/01\/202201162124381.jpeg","type":"image\/jpeg"}],"author":"Potencia Radiof\u00f3nica Dominicana","twitter_card":"summary_large_image","twitter_misc":{"Escrito por":"Potencia Radiof\u00f3nica Dominicana","Tiempo de lectura":"1 minuto"},"schema":{"@context":"https:\/\/schema.org","@graph":[{"@type":"Article","@id":"https:\/\/potenciaradiofonicadominicana.com\/portal\/entregan-primeras-casas-ecologicas-en-cayetano-germosen\/#article","isPartOf":{"@id":"https:\/\/potenciaradiofonicadominicana.com\/portal\/entregan-primeras-casas-ecologicas-en-cayetano-germosen\/"},"author":{"name":"Potencia Radiof\u00f3nica Dominicana","@id":"https:\/\/potenciaradiofonicadominicana.com\/portal\/#\/schema\/person\/a5cf1fea13877803ee0573ac18b03490"},"headline":"Entregan primeras casas ecol\u00f3gicas en Cayetano Germos\u00e9n","datePublished":"2022-01-17T12:52:53+00:00","mainEntityOfPage":{"@id":"https:\/\/potenciaradiofonicadominicana.com\/portal\/entregan-primeras-casas-ecologicas-en-cayetano-germosen\/"},"wordCount":289,"commentCount":0,"publisher":{"@id":"https:\/\/potenciaradiofonicadominicana.com\/portal\/#organization"},"image":{"@id":"https:\/\/potenciaradiofonicadominicana.com\/portal\/entregan-primeras-casas-ecologicas-en-cayetano-germosen\/#primaryimage"},"thumbnailUrl":"https:\/\/potenciaradiofonicadominicana.com\/portal\/wp-content\/uploads\/2022\/01\/202201162124381.jpeg","articleSection":["Econom\u00eda"],"inLanguage":"es","potentialAction":[{"@type":"CommentAction","name":"Comment","target":["https:\/\/potenciaradiofonicadominicana.com\/portal\/entregan-primeras-casas-ecologicas-en-cayetano-germosen\/#respond"]}]},{"@type":"WebPage","@id":"https:\/\/potenciaradiofonicadominicana.com\/portal\/entregan-primeras-casas-ecologicas-en-cayetano-germosen\/","url":"https:\/\/potenciaradiofonicadominicana.com\/portal\/entregan-primeras-casas-ecologicas-en-cayetano-germosen\/","name":"Entregan primeras casas ecol\u00f3gicas en Cayetano Germos\u00e9n - PotenciaRadiofonicaDominicana.com","isPartOf":{"@id":"https:\/\/potenciaradiofonicadominicana.com\/portal\/#website"},"primaryImageOfPage":{"@id":"https:\/\/potenciaradiofonicadominicana.com\/portal\/entregan-primeras-casas-ecologicas-en-cayetano-germosen\/#primaryimage"},"image":{"@id":"https:\/\/potenciaradiofonicadominicana.com\/portal\/entregan-primeras-casas-ecologicas-en-cayetano-germosen\/#primaryimage"},"thumbnailUrl":"https:\/\/potenciaradiofonicadominicana.com\/portal\/wp-content\/uploads\/2022\/01\/202201162124381.jpeg","datePublished":"2022-01-17T12:52:53+00:00","breadcrumb":{"@id":"https:\/\/potenciaradiofonicadominicana.com\/portal\/entregan-primeras-casas-ecologicas-en-cayetano-germosen\/#breadcrumb"},"inLanguage":"es","potentialAction":[{"@type":"ReadAction","target":["https:\/\/potenciaradiofonicadominicana.com\/portal\/entregan-primeras-casas-ecologicas-en-cayetano-germosen\/"]}]},{"@type":"ImageObject","inLanguage":"es","@id":"https:\/\/potenciaradiofonicadominicana.com\/portal\/entregan-primeras-casas-ecologicas-en-cayetano-germosen\/#primaryimage","url":"https:\/\/potenciaradiofonicadominicana.com\/portal\/wp-content\/uploads\/2022\/01\/202201162124381.jpeg","contentUrl":"https:\/\/potenciaradiofonicadominicana.com\/portal\/wp-content\/uploads\/2022\/01\/202201162124381.jpeg","width":680,"height":382},{"@type":"BreadcrumbList","@id":"https:\/\/potenciaradiofonicadominicana.com\/portal\/entregan-primeras-casas-ecologicas-en-cayetano-germosen\/#breadcrumb","itemListElement":[{"@type":"ListItem","position":1,"name":"Portada","item":"https:\/\/potenciaradiofonicadominicana.com\/portal\/"},{"@type":"ListItem","position":2,"name":"Entregan primeras casas ecol\u00f3gicas en Cayetano Germos\u00e9n"}]},{"@type":"WebSite","@id":"https:\/\/potenciaradiofonicadominicana.com\/portal\/#website","url":"https:\/\/potenciaradiofonicadominicana.com\/portal\/","name":"PotenciaRadiofonicaDominicana.com","description":"Peri\u00f3dico Digital","publisher":{"@id":"https:\/\/potenciaradiofonicadominicana.com\/portal\/#organization"},"potentialAction":[{"@type":"SearchAction","target":{"@type":"EntryPoint","urlTemplate":"https:\/\/potenciaradiofonicadominicana.com\/portal\/?s={search_term_string}"},"query-input":{"@type":"PropertyValueSpecification","valueRequired":true,"valueName":"search_term_string"}}],"inLanguage":"es"},{"@type":"Organization","@id":"https:\/\/potenciaradiofonicadominicana.com\/portal\/#organization","name":"PotenciaRadiofonicaDominicana.com","url":"https:\/\/potenciaradiofonicadominicana.com\/portal\/","logo":{"@type":"ImageObject","inLanguage":"es","@id":"https:\/\/potenciaradiofonicadominicana.com\/portal\/#\/schema\/logo\/image\/","url":"https:\/\/potenciaradiofonicadominicana.com\/portal\/wp-content\/uploads\/2022\/01\/descarga.png","contentUrl":"https:\/\/potenciaradiofonicadominicana.com\/portal\/wp-content\/uploads\/2022\/01\/descarga.png","width":300,"height":100,"caption":"PotenciaRadiofonicaDominicana.com"},"image":{"@id":"https:\/\/potenciaradiofonicadominicana.com\/portal\/#\/schema\/logo\/image\/"},"sameAs":["https:\/\/web.facebook.com\/PotenciaRadiofonicaD"]},{"@type":"Person","@id":"https:\/\/potenciaradiofonicadominicana.com\/portal\/#\/schema\/person\/a5cf1fea13877803ee0573ac18b03490","name":"Potencia Radiof\u00f3nica Dominicana","image":{"@type":"ImageObject","inLanguage":"es","@id":"https:\/\/potenciaradiofonicadominicana.com\/portal\/#\/schema\/person\/image\/","url":"https:\/\/secure.gravatar.com\/avatar\/42a55ab9e8ccc656ba34cd791990602a?s=96&d=mm&r=g","contentUrl":"https:\/\/secure.gravatar.com\/avatar\/42a55ab9e8ccc656ba34cd791990602a?s=96&d=mm&r=g","caption":"Potencia Radiof\u00f3nica Dominicana"},"url":"https:\/\/potenciaradiofonicadominicana.com\/portal\/author\/johannyalmanzar\/"}]}},"_links":{"self":[{"href":"https:\/\/potenciaradiofonicadominicana.com\/portal\/wp-json\/wp\/v2\/posts\/112637","targetHints":{"allow":["GET"]}}],"collection":[{"href":"https:\/\/potenciaradiofonicadominicana.com\/portal\/wp-json\/wp\/v2\/posts"}],"about":[{"href":"https:\/\/potenciaradiofonicadominicana.com\/portal\/wp-json\/wp\/v2\/types\/post"}],"author":[{"embeddable":true,"href":"https:\/\/potenciaradiofonicadominicana.com\/portal\/wp-json\/wp\/v2\/users\/2"}],"replies":[{"embeddable":true,"href":"https:\/\/potenciaradiofonicadominicana.com\/portal\/wp-json\/wp\/v2\/comments?post=112637"}],"version-history":[{"count":1,"href":"https:\/\/potenciaradiofonicadominicana.com\/portal\/wp-json\/wp\/v2\/posts\/112637\/revisions"}],"predecessor-version":[{"id":112640,"href":"https:\/\/potenciaradiofonicadominicana.com\/portal\/wp-json\/wp\/v2\/posts\/112637\/revisions\/112640"}],"wp:featuredmedia":[{"embeddable":true,"href":"https:\/\/potenciaradiofonicadominicana.com\/portal\/wp-json\/wp\/v2\/media\/112638"}],"wp:attachment":[{"href":"https:\/\/potenciaradiofonicadominicana.com\/portal\/wp-json\/wp\/v2\/media?parent=112637"}],"wp:term":[{"taxonomy":"category","embeddable":true,"href":"https:\/\/potenciaradiofonicadominicana.com\/portal\/wp-json\/wp\/v2\/categories?post=112637"},{"taxonomy":"post_tag","embeddable":true,"href":"https:\/\/potenciaradiofonicadominicana.com\/portal\/wp-json\/wp\/v2\/tags?post=112637"}],"curies":[{"name":"wp","href":"https:\/\/api.w.org\/{rel}","templated":true}]}}