{"id":112632,"date":"2022-01-17T08:50:04","date_gmt":"2022-01-17T12:50:04","guid":{"rendered":"https:\/\/potenciaradiofonicadominicana.com\/portal\/?p=112632"},"modified":"2022-01-17T08:50:04","modified_gmt":"2022-01-17T12:50:04","slug":"master-plan-oficial-de-pedernales-sera-presentado-en-fitur-en-espana","status":"publish","type":"post","link":"https:\/\/potenciaradiofonicadominicana.com\/portal\/master-plan-oficial-de-pedernales-sera-presentado-en-fitur-en-espana\/","title":{"rendered":"M\u00e1ster plan oficial de Pedernales ser\u00e1 presentado en Fitur en Espa\u00f1a"},"content":{"rendered":"<p><a href=\"https:\/\/potenciaradiofonicadominicana.com\/portal\/wp-content\/uploads\/2022\/01\/muelle-cabo-rojo-actualmente-8e1ce201-focus-0-0-895-573.jpg\"><img loading=\"lazy\" decoding=\"async\" class=\"alignnone size-full wp-image-112633\" src=\"https:\/\/potenciaradiofonicadominicana.com\/portal\/wp-content\/uploads\/2022\/01\/muelle-cabo-rojo-actualmente-8e1ce201-focus-0-0-895-573.jpg\" alt=\"\" width=\"895\" height=\"573\" srcset=\"https:\/\/potenciaradiofonicadominicana.com\/portal\/wp-content\/uploads\/2022\/01\/muelle-cabo-rojo-actualmente-8e1ce201-focus-0-0-895-573.jpg 895w, https:\/\/potenciaradiofonicadominicana.com\/portal\/wp-content\/uploads\/2022\/01\/muelle-cabo-rojo-actualmente-8e1ce201-focus-0-0-895-573-300x192.jpg 300w, https:\/\/potenciaradiofonicadominicana.com\/portal\/wp-content\/uploads\/2022\/01\/muelle-cabo-rojo-actualmente-8e1ce201-focus-0-0-895-573-768x492.jpg 768w\" sizes=\"auto, (max-width: 895px) 100vw, 895px\" \/><\/a><\/p>\n<p>Con la presencia del presidente de la Rep\u00fablica,\u00a0Luis Abinader, ser\u00e1 presentado en\u00a0Madrid, en el marco de la\u00a0Feria Internacional de Turismo\u00a0(Fitur 2022), el m\u00e1ster plan oficial del Proyecto de Desarrollo Tur\u00edstico de\u00a0Pedernales, en el cual se detalla el modelo financiero y de los hoteles que se construir\u00e1n en las distintas fases del proyecto.<\/p>\n<p>La informaci\u00f3n fue ofrecida por el director ejecutivo de la Direcci\u00f3n General de Alianzas P\u00fablico Privadas (DGAPP), Sigmund Freund, quien explic\u00f3 que aunque se han ofrecido detalles del proyecto, esta es la primera vez que se presentar\u00e1 el modelo oficial que se implementar\u00e1 en este nuevo destino tur\u00edstico de Rep\u00fablica Dominicana, que promete convertirse en un destino \u00fanico y de lujo en la regi\u00f3n del Caribe.<\/p>\n<p>\u201cNosotros hemos estado trabajando por casi un a\u00f1o el m\u00e1ster plan, ya aprobado por el Presidente, y el viernes 21 de enero a las 11:00 de la ma\u00f1ana, lo estaremos dando a conocer de manera oficial en un evento que estaremos desarrollando en el hotel Villamagna en\u00a0Madrid\u201d, expuso Freund.<\/p>\n<div id=\"detalle-parrafo\"><\/div>\n<p>La\u00a0Feria Internacional de Turismo\u00a0(FITUR 2022) es la segunda feria m\u00e1s importante en el mundo y tendr\u00e1 lugar del 19 al 23 de enero en el recinto ferial IFEMA en\u00a0Madrid, Espa\u00f1a. Esta expo feria re\u00fane a m\u00e1s de 11,000 empresas de 165 pa\u00edses y a la misma asisten m\u00e1s de 250,000 personas. En esta edici\u00f3n de\u00a0Fitur, Rep\u00fablica Dominicana participar\u00e1 como pa\u00eds socio, lo que permitir\u00e1 un destacado protagonismo del pa\u00eds en la misma.<\/p>\n<p>Sigmund Freund asegur\u00f3 que con la presentaci\u00f3n del m\u00e1ster plan en\u00a0Madrid\u00a0quedar\u00e1 oficialmente iniciada la implementaci\u00f3n del proyecto \u201ccon su plan de ruta y todo lo que un modelo de ejecuci\u00f3n que procure un desarrollo optimo debe tener, esto incluye todo lo que es la planificaci\u00f3n de densidades habitacionales, infraestructuras de servicios, \u00e1reas comerciales, marina, aeropuerto, es un m\u00e1ster plan que abarca todo el desarrollo de la provincia\u201d.<\/p>\n<p>Freund asever\u00f3 que con la reciente aprobaci\u00f3n en el Congreso Nacional del contrato del fideicomiso\u00a0PRO-PEDERNALES\u00a0y la presentaci\u00f3n oficial del m\u00e1ster plan, se sentir\u00e1 un mayor dinamismo en la ejecuci\u00f3n del proyecto en Cabo Rojo.<\/p>\n<p>El director ejecutivo de la DGAPP se\u00f1al\u00f3 que durante la presentaci\u00f3n se anunciar\u00e1n las ocho cadenas hoteleras con acuerdos firmados con el Gobierno para instalarse en Cabo Rojo y que se trabaja arduamente para que, a mediados del a\u00f1o, se inicien los trabajos para establecer el primer hotel en\u00a0Pedernales.<\/p>\n<div class=\"w-full xl:w-5\/12 sm:w-5\/12 sm:pr-5 pt-2 float-left inside-related\"><span class=\"border-b border-black pb-3 mb-4 block text-center\">RELACIONADAS<\/span><\/p>\n<article class=\"border-b-2 pb-4 mb-3\">\n<figure><picture><img loading=\"lazy\" decoding=\"async\" class=\"w-full object-cover lazy loaded\" title=\"Confirman la celebraci\u00f3n del Fitur 2022 del 19 al 23 de enero\" src=\"https:\/\/diariolibre.blob.core.windows.net.optimalcdn.com\/images\/2022\/01\/04\/191021-presidente-abinader-anuncia-el-pais-sera-socio-invitado-de-fitur-2022-eddy-vittini981-31f9ca71-focus-0-0-353-227.jpg\" alt=\"Confirman la celebraci\u00f3n del Fitur 2022 del 19 al 23 de enero\" width=\"353\" height=\"227\" data-src=\"https:\/\/diariolibre.blob.core.windows.net.optimalcdn.com\/images\/2022\/01\/04\/191021-presidente-abinader-anuncia-el-pais-sera-socio-invitado-de-fitur-2022-eddy-vittini981-31f9ca71-focus-0-0-353-227.jpg\" data-was-processed=\"true\" \/><\/picture><\/figure>\n<\/article>\n<\/div>\n<p>Al referirse a la agenda que desarrollar\u00e1 la\u00a0DGAPP\u00a0en\u00a0Fitur, Sigmund Freund sostuvo que, como parte de la delegaci\u00f3n oficial del Gobierno, dar\u00e1n apoyo a todas las actividades que el Ministerio de Turismo est\u00e1 organizando, sostendr\u00e1n reuniones privadas con inversionistas interesados en el portafolio de proyectos tur\u00edsticos que se desarrollar\u00e1n en el pa\u00eds bajo el modelo de alianzas p\u00fablico-privadas.<\/p>\n<p>Asimismo, reiter\u00f3 que el viernes 21 de enero, a las 11:00 de la ma\u00f1ana se estar\u00e1 presentando por primera vez, de manera formal y con la presencia del presidente de la Rep\u00fablica, el m\u00e1ster plan de Cabo Rojo-Pedernales, \u201ctodo lo que es el proyecto hotelero que va a ser desarrollado\u201d.<\/p>\n<p>Freund agreg\u00f3 que, en el marco de la\u00a0Fitur, sostendr\u00e1 una reuni\u00f3n con el presidente del Foro de Inversiones Espa\u00f1a \u2013 Rep\u00fablica Dominicana y participar\u00e1 en los Premios de Inversiones Tur\u00edsticas organizados por el Foro.<\/p>\n<p>El funcionario expuso que esta participaci\u00f3n en\u00a0Fitur 2022\u00a0es una gran oportunidad para seguir promoviendo el pa\u00eds como el mejor destino tur\u00edstico de todo el Caribe y posicionar a\u00a0Pedernales\u00a0como la nueva apuesta del turismo dominicano.<\/p>\n","protected":false},"excerpt":{"rendered":"<p>Con la presencia del presidente de la Rep\u00fablica,\u00a0Luis Abinader, ser\u00e1 presentado en\u00a0Madrid, en el marco de la\u00a0Feria Internacional de Turismo\u00a0(Fitur &#8230;<\/p>\n","protected":false},"author":2,"featured_media":112633,"comment_status":"open","ping_status":"open","sticky":false,"template":"","format":"standard","meta":{"footnotes":""},"categories":[26],"tags":[],"class_list":["post-112632","post","type-post","status-publish","format-standard","has-post-thumbnail","hentry","category-economia"],"yoast_head":"<!-- This site is optimized with the Yoast SEO plugin v24.8.1 - https:\/\/yoast.com\/wordpress\/plugins\/seo\/ -->\n<title>M\u00e1ster plan oficial de Pedernales ser\u00e1 presentado en Fitur en Espa\u00f1a - PotenciaRadiofonicaDominicana.com<\/title>\n<meta name=\"robots\" content=\"index, follow, max-snippet:-1, max-image-preview:large, max-video-preview:-1\" \/>\n<link rel=\"canonical\" href=\"https:\/\/potenciaradiofonicadominicana.com\/portal\/master-plan-oficial-de-pedernales-sera-presentado-en-fitur-en-espana\/\" \/>\n<meta property=\"og:locale\" content=\"es_ES\" \/>\n<meta property=\"og:type\" content=\"article\" \/>\n<meta property=\"og:title\" content=\"M\u00e1ster plan oficial de Pedernales ser\u00e1 presentado en Fitur en Espa\u00f1a - PotenciaRadiofonicaDominicana.com\" \/>\n<meta property=\"og:description\" content=\"Con la presencia del presidente de la Rep\u00fablica,\u00a0Luis Abinader, ser\u00e1 presentado en\u00a0Madrid, en el marco de la\u00a0Feria Internacional de Turismo\u00a0(Fitur ...\" \/>\n<meta property=\"og:url\" content=\"https:\/\/potenciaradiofonicadominicana.com\/portal\/master-plan-oficial-de-pedernales-sera-presentado-en-fitur-en-espana\/\" \/>\n<meta property=\"og:site_name\" content=\"PotenciaRadiofonicaDominicana.com\" \/>\n<meta property=\"article:publisher\" content=\"https:\/\/web.facebook.com\/PotenciaRadiofonicaD\" \/>\n<meta property=\"article:published_time\" content=\"2022-01-17T12:50:04+00:00\" \/>\n<meta property=\"og:image\" content=\"https:\/\/potenciaradiofonicadominicana.com\/portal\/wp-content\/uploads\/2022\/01\/muelle-cabo-rojo-actualmente-8e1ce201-focus-0-0-895-573.jpg\" \/>\n\t<meta property=\"og:image:width\" content=\"895\" \/>\n\t<meta property=\"og:image:height\" content=\"573\" \/>\n\t<meta property=\"og:image:type\" content=\"image\/jpeg\" \/>\n<meta name=\"author\" content=\"Potencia Radiof\u00f3nica Dominicana\" \/>\n<meta name=\"twitter:card\" content=\"summary_large_image\" \/>\n<meta name=\"twitter:label1\" content=\"Escrito por\" \/>\n\t<meta name=\"twitter:data1\" content=\"Potencia Radiof\u00f3nica Dominicana\" \/>\n\t<meta name=\"twitter:label2\" content=\"Tiempo de lectura\" \/>\n\t<meta name=\"twitter:data2\" content=\"3 minutos\" \/>\n<script type=\"application\/ld+json\" class=\"yoast-schema-graph\">{\"@context\":\"https:\/\/schema.org\",\"@graph\":[{\"@type\":\"Article\",\"@id\":\"https:\/\/potenciaradiofonicadominicana.com\/portal\/master-plan-oficial-de-pedernales-sera-presentado-en-fitur-en-espana\/#article\",\"isPartOf\":{\"@id\":\"https:\/\/potenciaradiofonicadominicana.com\/portal\/master-plan-oficial-de-pedernales-sera-presentado-en-fitur-en-espana\/\"},\"author\":{\"name\":\"Potencia Radiof\u00f3nica Dominicana\",\"@id\":\"https:\/\/potenciaradiofonicadominicana.com\/portal\/#\/schema\/person\/a5cf1fea13877803ee0573ac18b03490\"},\"headline\":\"M\u00e1ster plan oficial de Pedernales ser\u00e1 presentado en Fitur en Espa\u00f1a\",\"datePublished\":\"2022-01-17T12:50:04+00:00\",\"mainEntityOfPage\":{\"@id\":\"https:\/\/potenciaradiofonicadominicana.com\/portal\/master-plan-oficial-de-pedernales-sera-presentado-en-fitur-en-espana\/\"},\"wordCount\":642,\"commentCount\":0,\"publisher\":{\"@id\":\"https:\/\/potenciaradiofonicadominicana.com\/portal\/#organization\"},\"image\":{\"@id\":\"https:\/\/potenciaradiofonicadominicana.com\/portal\/master-plan-oficial-de-pedernales-sera-presentado-en-fitur-en-espana\/#primaryimage\"},\"thumbnailUrl\":\"https:\/\/potenciaradiofonicadominicana.com\/portal\/wp-content\/uploads\/2022\/01\/muelle-cabo-rojo-actualmente-8e1ce201-focus-0-0-895-573.jpg\",\"articleSection\":[\"Econom\u00eda\"],\"inLanguage\":\"es\",\"potentialAction\":[{\"@type\":\"CommentAction\",\"name\":\"Comment\",\"target\":[\"https:\/\/potenciaradiofonicadominicana.com\/portal\/master-plan-oficial-de-pedernales-sera-presentado-en-fitur-en-espana\/#respond\"]}]},{\"@type\":\"WebPage\",\"@id\":\"https:\/\/potenciaradiofonicadominicana.com\/portal\/master-plan-oficial-de-pedernales-sera-presentado-en-fitur-en-espana\/\",\"url\":\"https:\/\/potenciaradiofonicadominicana.com\/portal\/master-plan-oficial-de-pedernales-sera-presentado-en-fitur-en-espana\/\",\"name\":\"M\u00e1ster plan oficial de Pedernales ser\u00e1 presentado en Fitur en Espa\u00f1a - PotenciaRadiofonicaDominicana.com\",\"isPartOf\":{\"@id\":\"https:\/\/potenciaradiofonicadominicana.com\/portal\/#website\"},\"primaryImageOfPage\":{\"@id\":\"https:\/\/potenciaradiofonicadominicana.com\/portal\/master-plan-oficial-de-pedernales-sera-presentado-en-fitur-en-espana\/#primaryimage\"},\"image\":{\"@id\":\"https:\/\/potenciaradiofonicadominicana.com\/portal\/master-plan-oficial-de-pedernales-sera-presentado-en-fitur-en-espana\/#primaryimage\"},\"thumbnailUrl\":\"https:\/\/potenciaradiofonicadominicana.com\/portal\/wp-content\/uploads\/2022\/01\/muelle-cabo-rojo-actualmente-8e1ce201-focus-0-0-895-573.jpg\",\"datePublished\":\"2022-01-17T12:50:04+00:00\",\"breadcrumb\":{\"@id\":\"https:\/\/potenciaradiofonicadominicana.com\/portal\/master-plan-oficial-de-pedernales-sera-presentado-en-fitur-en-espana\/#breadcrumb\"},\"inLanguage\":\"es\",\"potentialAction\":[{\"@type\":\"ReadAction\",\"target\":[\"https:\/\/potenciaradiofonicadominicana.com\/portal\/master-plan-oficial-de-pedernales-sera-presentado-en-fitur-en-espana\/\"]}]},{\"@type\":\"ImageObject\",\"inLanguage\":\"es\",\"@id\":\"https:\/\/potenciaradiofonicadominicana.com\/portal\/master-plan-oficial-de-pedernales-sera-presentado-en-fitur-en-espana\/#primaryimage\",\"url\":\"https:\/\/potenciaradiofonicadominicana.com\/portal\/wp-content\/uploads\/2022\/01\/muelle-cabo-rojo-actualmente-8e1ce201-focus-0-0-895-573.jpg\",\"contentUrl\":\"https:\/\/potenciaradiofonicadominicana.com\/portal\/wp-content\/uploads\/2022\/01\/muelle-cabo-rojo-actualmente-8e1ce201-focus-0-0-895-573.jpg\",\"width\":895,\"height\":573},{\"@type\":\"BreadcrumbList\",\"@id\":\"https:\/\/potenciaradiofonicadominicana.com\/portal\/master-plan-oficial-de-pedernales-sera-presentado-en-fitur-en-espana\/#breadcrumb\",\"itemListElement\":[{\"@type\":\"ListItem\",\"position\":1,\"name\":\"Portada\",\"item\":\"https:\/\/potenciaradiofonicadominicana.com\/portal\/\"},{\"@type\":\"ListItem\",\"position\":2,\"name\":\"M\u00e1ster plan oficial de Pedernales ser\u00e1 presentado en Fitur en Espa\u00f1a\"}]},{\"@type\":\"WebSite\",\"@id\":\"https:\/\/potenciaradiofonicadominicana.com\/portal\/#website\",\"url\":\"https:\/\/potenciaradiofonicadominicana.com\/portal\/\",\"name\":\"PotenciaRadiofonicaDominicana.com\",\"description\":\"Peri\u00f3dico Digital\",\"publisher\":{\"@id\":\"https:\/\/potenciaradiofonicadominicana.com\/portal\/#organization\"},\"potentialAction\":[{\"@type\":\"SearchAction\",\"target\":{\"@type\":\"EntryPoint\",\"urlTemplate\":\"https:\/\/potenciaradiofonicadominicana.com\/portal\/?s={search_term_string}\"},\"query-input\":{\"@type\":\"PropertyValueSpecification\",\"valueRequired\":true,\"valueName\":\"search_term_string\"}}],\"inLanguage\":\"es\"},{\"@type\":\"Organization\",\"@id\":\"https:\/\/potenciaradiofonicadominicana.com\/portal\/#organization\",\"name\":\"PotenciaRadiofonicaDominicana.com\",\"url\":\"https:\/\/potenciaradiofonicadominicana.com\/portal\/\",\"logo\":{\"@type\":\"ImageObject\",\"inLanguage\":\"es\",\"@id\":\"https:\/\/potenciaradiofonicadominicana.com\/portal\/#\/schema\/logo\/image\/\",\"url\":\"https:\/\/potenciaradiofonicadominicana.com\/portal\/wp-content\/uploads\/2022\/01\/descarga.png\",\"contentUrl\":\"https:\/\/potenciaradiofonicadominicana.com\/portal\/wp-content\/uploads\/2022\/01\/descarga.png\",\"width\":300,\"height\":100,\"caption\":\"PotenciaRadiofonicaDominicana.com\"},\"image\":{\"@id\":\"https:\/\/potenciaradiofonicadominicana.com\/portal\/#\/schema\/logo\/image\/\"},\"sameAs\":[\"https:\/\/web.facebook.com\/PotenciaRadiofonicaD\"]},{\"@type\":\"Person\",\"@id\":\"https:\/\/potenciaradiofonicadominicana.com\/portal\/#\/schema\/person\/a5cf1fea13877803ee0573ac18b03490\",\"name\":\"Potencia Radiof\u00f3nica Dominicana\",\"image\":{\"@type\":\"ImageObject\",\"inLanguage\":\"es\",\"@id\":\"https:\/\/potenciaradiofonicadominicana.com\/portal\/#\/schema\/person\/image\/\",\"url\":\"https:\/\/secure.gravatar.com\/avatar\/42a55ab9e8ccc656ba34cd791990602a?s=96&d=mm&r=g\",\"contentUrl\":\"https:\/\/secure.gravatar.com\/avatar\/42a55ab9e8ccc656ba34cd791990602a?s=96&d=mm&r=g\",\"caption\":\"Potencia Radiof\u00f3nica Dominicana\"},\"url\":\"https:\/\/potenciaradiofonicadominicana.com\/portal\/author\/johannyalmanzar\/\"}]}<\/script>\n<!-- \/ Yoast SEO plugin. -->","yoast_head_json":{"title":"M\u00e1ster plan oficial de Pedernales ser\u00e1 presentado en Fitur en Espa\u00f1a - PotenciaRadiofonicaDominicana.com","robots":{"index":"index","follow":"follow","max-snippet":"max-snippet:-1","max-image-preview":"max-image-preview:large","max-video-preview":"max-video-preview:-1"},"canonical":"https:\/\/potenciaradiofonicadominicana.com\/portal\/master-plan-oficial-de-pedernales-sera-presentado-en-fitur-en-espana\/","og_locale":"es_ES","og_type":"article","og_title":"M\u00e1ster plan oficial de Pedernales ser\u00e1 presentado en Fitur en Espa\u00f1a - PotenciaRadiofonicaDominicana.com","og_description":"Con la presencia del presidente de la Rep\u00fablica,\u00a0Luis Abinader, ser\u00e1 presentado en\u00a0Madrid, en el marco de la\u00a0Feria Internacional de Turismo\u00a0(Fitur ...","og_url":"https:\/\/potenciaradiofonicadominicana.com\/portal\/master-plan-oficial-de-pedernales-sera-presentado-en-fitur-en-espana\/","og_site_name":"PotenciaRadiofonicaDominicana.com","article_publisher":"https:\/\/web.facebook.com\/PotenciaRadiofonicaD","article_published_time":"2022-01-17T12:50:04+00:00","og_image":[{"width":895,"height":573,"url":"https:\/\/potenciaradiofonicadominicana.com\/portal\/wp-content\/uploads\/2022\/01\/muelle-cabo-rojo-actualmente-8e1ce201-focus-0-0-895-573.jpg","type":"image\/jpeg"}],"author":"Potencia Radiof\u00f3nica Dominicana","twitter_card":"summary_large_image","twitter_misc":{"Escrito por":"Potencia Radiof\u00f3nica Dominicana","Tiempo de lectura":"3 minutos"},"schema":{"@context":"https:\/\/schema.org","@graph":[{"@type":"Article","@id":"https:\/\/potenciaradiofonicadominicana.com\/portal\/master-plan-oficial-de-pedernales-sera-presentado-en-fitur-en-espana\/#article","isPartOf":{"@id":"https:\/\/potenciaradiofonicadominicana.com\/portal\/master-plan-oficial-de-pedernales-sera-presentado-en-fitur-en-espana\/"},"author":{"name":"Potencia Radiof\u00f3nica Dominicana","@id":"https:\/\/potenciaradiofonicadominicana.com\/portal\/#\/schema\/person\/a5cf1fea13877803ee0573ac18b03490"},"headline":"M\u00e1ster plan oficial de Pedernales ser\u00e1 presentado en Fitur en Espa\u00f1a","datePublished":"2022-01-17T12:50:04+00:00","mainEntityOfPage":{"@id":"https:\/\/potenciaradiofonicadominicana.com\/portal\/master-plan-oficial-de-pedernales-sera-presentado-en-fitur-en-espana\/"},"wordCount":642,"commentCount":0,"publisher":{"@id":"https:\/\/potenciaradiofonicadominicana.com\/portal\/#organization"},"image":{"@id":"https:\/\/potenciaradiofonicadominicana.com\/portal\/master-plan-oficial-de-pedernales-sera-presentado-en-fitur-en-espana\/#primaryimage"},"thumbnailUrl":"https:\/\/potenciaradiofonicadominicana.com\/portal\/wp-content\/uploads\/2022\/01\/muelle-cabo-rojo-actualmente-8e1ce201-focus-0-0-895-573.jpg","articleSection":["Econom\u00eda"],"inLanguage":"es","potentialAction":[{"@type":"CommentAction","name":"Comment","target":["https:\/\/potenciaradiofonicadominicana.com\/portal\/master-plan-oficial-de-pedernales-sera-presentado-en-fitur-en-espana\/#respond"]}]},{"@type":"WebPage","@id":"https:\/\/potenciaradiofonicadominicana.com\/portal\/master-plan-oficial-de-pedernales-sera-presentado-en-fitur-en-espana\/","url":"https:\/\/potenciaradiofonicadominicana.com\/portal\/master-plan-oficial-de-pedernales-sera-presentado-en-fitur-en-espana\/","name":"M\u00e1ster plan oficial de Pedernales ser\u00e1 presentado en Fitur en Espa\u00f1a - PotenciaRadiofonicaDominicana.com","isPartOf":{"@id":"https:\/\/potenciaradiofonicadominicana.com\/portal\/#website"},"primaryImageOfPage":{"@id":"https:\/\/potenciaradiofonicadominicana.com\/portal\/master-plan-oficial-de-pedernales-sera-presentado-en-fitur-en-espana\/#primaryimage"},"image":{"@id":"https:\/\/potenciaradiofonicadominicana.com\/portal\/master-plan-oficial-de-pedernales-sera-presentado-en-fitur-en-espana\/#primaryimage"},"thumbnailUrl":"https:\/\/potenciaradiofonicadominicana.com\/portal\/wp-content\/uploads\/2022\/01\/muelle-cabo-rojo-actualmente-8e1ce201-focus-0-0-895-573.jpg","datePublished":"2022-01-17T12:50:04+00:00","breadcrumb":{"@id":"https:\/\/potenciaradiofonicadominicana.com\/portal\/master-plan-oficial-de-pedernales-sera-presentado-en-fitur-en-espana\/#breadcrumb"},"inLanguage":"es","potentialAction":[{"@type":"ReadAction","target":["https:\/\/potenciaradiofonicadominicana.com\/portal\/master-plan-oficial-de-pedernales-sera-presentado-en-fitur-en-espana\/"]}]},{"@type":"ImageObject","inLanguage":"es","@id":"https:\/\/potenciaradiofonicadominicana.com\/portal\/master-plan-oficial-de-pedernales-sera-presentado-en-fitur-en-espana\/#primaryimage","url":"https:\/\/potenciaradiofonicadominicana.com\/portal\/wp-content\/uploads\/2022\/01\/muelle-cabo-rojo-actualmente-8e1ce201-focus-0-0-895-573.jpg","contentUrl":"https:\/\/potenciaradiofonicadominicana.com\/portal\/wp-content\/uploads\/2022\/01\/muelle-cabo-rojo-actualmente-8e1ce201-focus-0-0-895-573.jpg","width":895,"height":573},{"@type":"BreadcrumbList","@id":"https:\/\/potenciaradiofonicadominicana.com\/portal\/master-plan-oficial-de-pedernales-sera-presentado-en-fitur-en-espana\/#breadcrumb","itemListElement":[{"@type":"ListItem","position":1,"name":"Portada","item":"https:\/\/potenciaradiofonicadominicana.com\/portal\/"},{"@type":"ListItem","position":2,"name":"M\u00e1ster plan oficial de Pedernales ser\u00e1 presentado en Fitur en Espa\u00f1a"}]},{"@type":"WebSite","@id":"https:\/\/potenciaradiofonicadominicana.com\/portal\/#website","url":"https:\/\/potenciaradiofonicadominicana.com\/portal\/","name":"PotenciaRadiofonicaDominicana.com","description":"Peri\u00f3dico Digital","publisher":{"@id":"https:\/\/potenciaradiofonicadominicana.com\/portal\/#organization"},"potentialAction":[{"@type":"SearchAction","target":{"@type":"EntryPoint","urlTemplate":"https:\/\/potenciaradiofonicadominicana.com\/portal\/?s={search_term_string}"},"query-input":{"@type":"PropertyValueSpecification","valueRequired":true,"valueName":"search_term_string"}}],"inLanguage":"es"},{"@type":"Organization","@id":"https:\/\/potenciaradiofonicadominicana.com\/portal\/#organization","name":"PotenciaRadiofonicaDominicana.com","url":"https:\/\/potenciaradiofonicadominicana.com\/portal\/","logo":{"@type":"ImageObject","inLanguage":"es","@id":"https:\/\/potenciaradiofonicadominicana.com\/portal\/#\/schema\/logo\/image\/","url":"https:\/\/potenciaradiofonicadominicana.com\/portal\/wp-content\/uploads\/2022\/01\/descarga.png","contentUrl":"https:\/\/potenciaradiofonicadominicana.com\/portal\/wp-content\/uploads\/2022\/01\/descarga.png","width":300,"height":100,"caption":"PotenciaRadiofonicaDominicana.com"},"image":{"@id":"https:\/\/potenciaradiofonicadominicana.com\/portal\/#\/schema\/logo\/image\/"},"sameAs":["https:\/\/web.facebook.com\/PotenciaRadiofonicaD"]},{"@type":"Person","@id":"https:\/\/potenciaradiofonicadominicana.com\/portal\/#\/schema\/person\/a5cf1fea13877803ee0573ac18b03490","name":"Potencia Radiof\u00f3nica Dominicana","image":{"@type":"ImageObject","inLanguage":"es","@id":"https:\/\/potenciaradiofonicadominicana.com\/portal\/#\/schema\/person\/image\/","url":"https:\/\/secure.gravatar.com\/avatar\/42a55ab9e8ccc656ba34cd791990602a?s=96&d=mm&r=g","contentUrl":"https:\/\/secure.gravatar.com\/avatar\/42a55ab9e8ccc656ba34cd791990602a?s=96&d=mm&r=g","caption":"Potencia Radiof\u00f3nica Dominicana"},"url":"https:\/\/potenciaradiofonicadominicana.com\/portal\/author\/johannyalmanzar\/"}]}},"_links":{"self":[{"href":"https:\/\/potenciaradiofonicadominicana.com\/portal\/wp-json\/wp\/v2\/posts\/112632","targetHints":{"allow":["GET"]}}],"collection":[{"href":"https:\/\/potenciaradiofonicadominicana.com\/portal\/wp-json\/wp\/v2\/posts"}],"about":[{"href":"https:\/\/potenciaradiofonicadominicana.com\/portal\/wp-json\/wp\/v2\/types\/post"}],"author":[{"embeddable":true,"href":"https:\/\/potenciaradiofonicadominicana.com\/portal\/wp-json\/wp\/v2\/users\/2"}],"replies":[{"embeddable":true,"href":"https:\/\/potenciaradiofonicadominicana.com\/portal\/wp-json\/wp\/v2\/comments?post=112632"}],"version-history":[{"count":1,"href":"https:\/\/potenciaradiofonicadominicana.com\/portal\/wp-json\/wp\/v2\/posts\/112632\/revisions"}],"predecessor-version":[{"id":112636,"href":"https:\/\/potenciaradiofonicadominicana.com\/portal\/wp-json\/wp\/v2\/posts\/112632\/revisions\/112636"}],"wp:featuredmedia":[{"embeddable":true,"href":"https:\/\/potenciaradiofonicadominicana.com\/portal\/wp-json\/wp\/v2\/media\/112633"}],"wp:attachment":[{"href":"https:\/\/potenciaradiofonicadominicana.com\/portal\/wp-json\/wp\/v2\/media?parent=112632"}],"wp:term":[{"taxonomy":"category","embeddable":true,"href":"https:\/\/potenciaradiofonicadominicana.com\/portal\/wp-json\/wp\/v2\/categories?post=112632"},{"taxonomy":"post_tag","embeddable":true,"href":"https:\/\/potenciaradiofonicadominicana.com\/portal\/wp-json\/wp\/v2\/tags?post=112632"}],"curies":[{"name":"wp","href":"https:\/\/api.w.org\/{rel}","templated":true}]}}