{"id":112589,"date":"2022-01-17T08:25:42","date_gmt":"2022-01-17T12:25:42","guid":{"rendered":"https:\/\/potenciaradiofonicadominicana.com\/portal\/?p=112589"},"modified":"2022-01-17T08:25:42","modified_gmt":"2022-01-17T12:25:42","slug":"la-aerotermia-que-ventajas-y-desventajas-ofrece-frente-a-las-calderas-convencionales","status":"publish","type":"post","link":"https:\/\/potenciaradiofonicadominicana.com\/portal\/la-aerotermia-que-ventajas-y-desventajas-ofrece-frente-a-las-calderas-convencionales\/","title":{"rendered":"La Aerotermia, \u00bfqu\u00e9 ventajas y desventajas ofrece frente a las calderas convencionales?"},"content":{"rendered":"<p><a href=\"https:\/\/potenciaradiofonicadominicana.com\/portal\/wp-content\/uploads\/2022\/01\/7061_house-g1cd7e5434_1280.jpg\"><img loading=\"lazy\" decoding=\"async\" class=\"alignnone size-full wp-image-112590\" src=\"https:\/\/potenciaradiofonicadominicana.com\/portal\/wp-content\/uploads\/2022\/01\/7061_house-g1cd7e5434_1280.jpg\" alt=\"\" width=\"670\" height=\"424\" srcset=\"https:\/\/potenciaradiofonicadominicana.com\/portal\/wp-content\/uploads\/2022\/01\/7061_house-g1cd7e5434_1280.jpg 670w, https:\/\/potenciaradiofonicadominicana.com\/portal\/wp-content\/uploads\/2022\/01\/7061_house-g1cd7e5434_1280-300x190.jpg 300w\" sizes=\"auto, (max-width: 670px) 100vw, 670px\" \/><\/a><\/p>\n<p>A partir de enero de 2022, las calderas de carb\u00f3n estar\u00e1n prohibidas en Madrid, seg\u00fan la nueva Ordenanza de Calidad del Aire y Sostenibilidad aprobada en marzo por el Ayuntamiento. Para facilitar la transici\u00f3n hacia una ciudad con sistemas de climatizaci\u00f3n m\u00e1s eficientes, el Consistorio ha puesto en marcha un plan de subvenciones para la sustituci\u00f3n de las calderas de combustibles f\u00f3siles, como carb\u00f3n o gasoil, por otros sistemas de climatizaci\u00f3n. En esta b\u00fasqueda de alternativas, la aerotermia est\u00e1 ganando terreno en el mundo de la climatizaci\u00f3n. Esta fuente de energ\u00eda renovable y limpia permite tener calefacci\u00f3n en invierno, refrigeraci\u00f3n en verano y agua caliente todo el a\u00f1o en hogares o empresas reduciendo notablemente las facturas de la luz y gas.<\/p>\n<p>&nbsp;<\/p>\n<h2><a>\u00bfQu\u00e9 es la aerotermia?<\/a><\/h2>\n<p>&nbsp;<\/p>\n<p>La aerotermia es una tecnolog\u00eda que utiliza una bomba de calor de \u00faltima generaci\u00f3n para extraer la energ\u00eda ambiental contenida en el aire, mediante el ciclo termodin\u00e1mico, y convertirla en calefacci\u00f3n, refrigeraci\u00f3n y agua caliente sanitaria (ACS), tanto para el \u00e1mbito dom\u00e9stico como el industrial. Las bombas de calor con aerotermia extraen entre un 75% y un 80% de la energ\u00eda del aire, el 20-25% restante proviene de la electricidad, para generar fr\u00edo o calor, por lo que se trata de\u00a0<strong>uno de los sistemas de climatizaci\u00f3n m\u00e1s eficientes<\/strong>\u00a0que existen en el mercado.<\/p>\n<p>&nbsp;<\/p>\n<p>La aerotermia se considera una\u00a0<strong>energ\u00eda renovable<\/strong>, ya que captura la energ\u00eda de una fuente natural (el aire) y utiliza una peque\u00f1a porci\u00f3n de electricidad. De esta forma, este sistema de climatizaci\u00f3n se presenta como una de las mejores opciones frente a las calderas convencionales.<\/p>\n<p>&nbsp;<\/p>\n<h2><a>\u00bfCu\u00e1l es el precio de la aerotermia?<\/a><\/h2>\n<p>&nbsp;<\/p>\n<p>\u00bfCu\u00e1l es el precio de la aerotermia? Esta es la pregunta m\u00e1s repetida de las personas interesadas en este sistema de climatizaci\u00f3n.\u00a0Conoce m\u00e1s detalles sobre el precio de la aerotermia\u00a0a continuaci\u00f3n.\u00a0<strong>El coste de una instalaci\u00f3n de un sistema de aerotermia suele situarse entre los 8.000 y 24.000 euros<\/strong>. El factor con mayor peso en el precio de la instalaci\u00f3n es el tama\u00f1o de la vivienda, aunque tambi\u00e9n influyen el tipo de vivienda, la ubicaci\u00f3n y la orientaci\u00f3n de la fachada principal, entre otros muchos factores. Teniendo en cuenta los metros cuadrados, los expertos pueden calcular la potencia necesaria de la bomba de calor, la longitud de la instalaci\u00f3n hidr\u00e1ulica y los metros de suelo radiante necesarios.<\/p>\n<p>&nbsp;<\/p>\n<p>A pesar del desembolso inicial, la aerotermia proporciona un ahorro energ\u00e9tico considerable en comparaci\u00f3n con las calderas convencionales. De esta forma,\u00a0<strong>el ahorro en consumo que proporciona, hasta un 70% de la factura de la luz y gas, permite amortizar la instalaci\u00f3n en entre 5 y 12 a\u00f1os<\/strong>, por lo que el retorno de la inversi\u00f3n se produce en poco tiempo. Adem\u00e1s, los costes de mantenimiento son muy reducidos y la instalaci\u00f3n no necesita ninguna revisi\u00f3n peri\u00f3dica, como ocurre con otros sistemas de climatizaci\u00f3n.\u00a0En esta web son especialistas en aerotermia\u00a0y ofrecen todas las opciones dentro del mercado que existen para satisfacer las necesidades de la poblaci\u00f3n.<\/p>\n<p>&nbsp;<\/p>\n<h2><a>Ventajas de la aerotermia<\/a><\/h2>\n<p>&nbsp;<\/p>\n<p>Teniendo en cuenta lo mencionado anteriormente, podemos decir que la aerotermia presenta importantes ventajas.\u00a0<strong>Una de las principales ventajas de la aerotermia es el ahorro frente a las calderas convencionales<\/strong>. Al obtener la mayor parte de la energ\u00eda del aire (en torno al 70%) y solo una peque\u00f1a fracci\u00f3n de la electricidad, por lo que no utilizan combustibles f\u00f3siles, este sistema tiene un\u00a0<strong>consumo muy reducido y presenta un ahorro considerable a largo plazo<\/strong>. Esto hace que tenga una\u00a0<strong>alta tasa de retorno de la inversi\u00f3n<\/strong>, ya que los consumidores tendr\u00e1n un ahorro sustancial en su factura de energ\u00eda. Adem\u00e1s, la instalaci\u00f3n es muy sencilla, r\u00e1pida, segura y adaptable a instalaciones existentes. Por su parte, los costes de mantenimiento son muy reducidos, y no se generan residuos ni humos.<\/p>\n<p>&nbsp;<\/p>\n<p>La aerotermia cubre las demandas de calefacci\u00f3n, aire acondicionado y agua caliente con el mismo equipo. De esta forma,\u00a0<strong>este sistema ofrece una mayor comodidad en el hogar<\/strong>, ya que los usuarios pueden alcanzar la temperatura ideal en cada \u00e9poca del a\u00f1o. Todos estos aspectos hacen que la aerotermia sea una soluci\u00f3n muy atractiva y recomendada para todo tipo de viviendas, principalmente por el ahorro energ\u00e9tico y el cuidado del medio ambiente.<\/p>\n<p>&nbsp;<\/p>\n<h2><a>Desventajas de la aerotermia<\/a><\/h2>\n<p>&nbsp;<\/p>\n<p>Como ocurre en cualquier sistema de climatizaci\u00f3n, la aerotermia presenta algunas desventajas. Un primer aspecto a tener en cuenta es que tiene un\u00a0<strong>elevado coste inicial<\/strong>\u00a0en comparaci\u00f3n con otros sistemas, aunque se compensa con el ahorro en el consumo. Este sistema tambi\u00e9n\u00a0<strong>requiere una unidad exterior<\/strong>, por lo que puede generar un problema en cuesti\u00f3n de ubicaci\u00f3n y est\u00e9tica en la vivienda. Otro aspecto a tener en cuenta es que la instalaci\u00f3n de equipos de aerotermia suele implicar un\u00a0<strong>incremento en la potencia contratada de electricidad<\/strong>. Por \u00faltimo, la aerotermia\u00a0<strong>no es aconsejable en \u00e1reas clim\u00e1ticas muy fr\u00edas<\/strong>, debido a que su rendimiento es menor y debe compensarse con otros componentes. \u00a0<strong>Tampoco se recomienda en viviendas con un tama\u00f1o inferior a 90 m2<\/strong>, ya que la inversi\u00f3n no es rentable cuando el consumo es bajo.<\/p>\n","protected":false},"excerpt":{"rendered":"<p>A partir de enero de 2022, las calderas de carb\u00f3n estar\u00e1n prohibidas en Madrid, seg\u00fan la nueva Ordenanza de Calidad &#8230;<\/p>\n","protected":false},"author":2,"featured_media":112590,"comment_status":"open","ping_status":"open","sticky":false,"template":"","format":"standard","meta":{"footnotes":""},"categories":[14],"tags":[],"class_list":["post-112589","post","type-post","status-publish","format-standard","has-post-thumbnail","hentry","category-ciencia-y-tecnologia"],"yoast_head":"<!-- This site is optimized with the Yoast SEO plugin v24.8.1 - https:\/\/yoast.com\/wordpress\/plugins\/seo\/ -->\n<title>La Aerotermia, \u00bfqu\u00e9 ventajas y desventajas ofrece frente a las calderas convencionales? - PotenciaRadiofonicaDominicana.com<\/title>\n<meta name=\"robots\" content=\"index, follow, max-snippet:-1, max-image-preview:large, max-video-preview:-1\" \/>\n<link rel=\"canonical\" href=\"https:\/\/potenciaradiofonicadominicana.com\/portal\/la-aerotermia-que-ventajas-y-desventajas-ofrece-frente-a-las-calderas-convencionales\/\" \/>\n<meta property=\"og:locale\" content=\"es_ES\" \/>\n<meta property=\"og:type\" content=\"article\" \/>\n<meta property=\"og:title\" content=\"La Aerotermia, \u00bfqu\u00e9 ventajas y desventajas ofrece frente a las calderas convencionales? - PotenciaRadiofonicaDominicana.com\" \/>\n<meta property=\"og:description\" content=\"A partir de enero de 2022, las calderas de carb\u00f3n estar\u00e1n prohibidas en Madrid, seg\u00fan la nueva Ordenanza de Calidad ...\" \/>\n<meta property=\"og:url\" content=\"https:\/\/potenciaradiofonicadominicana.com\/portal\/la-aerotermia-que-ventajas-y-desventajas-ofrece-frente-a-las-calderas-convencionales\/\" \/>\n<meta property=\"og:site_name\" content=\"PotenciaRadiofonicaDominicana.com\" \/>\n<meta property=\"article:publisher\" content=\"https:\/\/web.facebook.com\/PotenciaRadiofonicaD\" \/>\n<meta property=\"article:published_time\" content=\"2022-01-17T12:25:42+00:00\" \/>\n<meta property=\"og:image\" content=\"https:\/\/potenciaradiofonicadominicana.com\/portal\/wp-content\/uploads\/2022\/01\/7061_house-g1cd7e5434_1280.jpg\" \/>\n\t<meta property=\"og:image:width\" content=\"670\" \/>\n\t<meta property=\"og:image:height\" content=\"424\" \/>\n\t<meta property=\"og:image:type\" content=\"image\/jpeg\" \/>\n<meta name=\"author\" content=\"Potencia Radiof\u00f3nica Dominicana\" \/>\n<meta name=\"twitter:card\" content=\"summary_large_image\" \/>\n<meta name=\"twitter:label1\" content=\"Escrito por\" \/>\n\t<meta name=\"twitter:data1\" content=\"Potencia Radiof\u00f3nica Dominicana\" \/>\n\t<meta name=\"twitter:label2\" content=\"Tiempo de lectura\" \/>\n\t<meta name=\"twitter:data2\" content=\"5 minutos\" \/>\n<script type=\"application\/ld+json\" class=\"yoast-schema-graph\">{\"@context\":\"https:\/\/schema.org\",\"@graph\":[{\"@type\":\"Article\",\"@id\":\"https:\/\/potenciaradiofonicadominicana.com\/portal\/la-aerotermia-que-ventajas-y-desventajas-ofrece-frente-a-las-calderas-convencionales\/#article\",\"isPartOf\":{\"@id\":\"https:\/\/potenciaradiofonicadominicana.com\/portal\/la-aerotermia-que-ventajas-y-desventajas-ofrece-frente-a-las-calderas-convencionales\/\"},\"author\":{\"name\":\"Potencia Radiof\u00f3nica Dominicana\",\"@id\":\"https:\/\/potenciaradiofonicadominicana.com\/portal\/#\/schema\/person\/a5cf1fea13877803ee0573ac18b03490\"},\"headline\":\"La Aerotermia, \u00bfqu\u00e9 ventajas y desventajas ofrece frente a las calderas convencionales?\",\"datePublished\":\"2022-01-17T12:25:42+00:00\",\"mainEntityOfPage\":{\"@id\":\"https:\/\/potenciaradiofonicadominicana.com\/portal\/la-aerotermia-que-ventajas-y-desventajas-ofrece-frente-a-las-calderas-convencionales\/\"},\"wordCount\":938,\"commentCount\":0,\"publisher\":{\"@id\":\"https:\/\/potenciaradiofonicadominicana.com\/portal\/#organization\"},\"image\":{\"@id\":\"https:\/\/potenciaradiofonicadominicana.com\/portal\/la-aerotermia-que-ventajas-y-desventajas-ofrece-frente-a-las-calderas-convencionales\/#primaryimage\"},\"thumbnailUrl\":\"https:\/\/potenciaradiofonicadominicana.com\/portal\/wp-content\/uploads\/2022\/01\/7061_house-g1cd7e5434_1280.jpg\",\"articleSection\":[\"Ciencia y Tecnolog\u00eda\"],\"inLanguage\":\"es\",\"potentialAction\":[{\"@type\":\"CommentAction\",\"name\":\"Comment\",\"target\":[\"https:\/\/potenciaradiofonicadominicana.com\/portal\/la-aerotermia-que-ventajas-y-desventajas-ofrece-frente-a-las-calderas-convencionales\/#respond\"]}]},{\"@type\":\"WebPage\",\"@id\":\"https:\/\/potenciaradiofonicadominicana.com\/portal\/la-aerotermia-que-ventajas-y-desventajas-ofrece-frente-a-las-calderas-convencionales\/\",\"url\":\"https:\/\/potenciaradiofonicadominicana.com\/portal\/la-aerotermia-que-ventajas-y-desventajas-ofrece-frente-a-las-calderas-convencionales\/\",\"name\":\"La Aerotermia, \u00bfqu\u00e9 ventajas y desventajas ofrece frente a las calderas convencionales? - PotenciaRadiofonicaDominicana.com\",\"isPartOf\":{\"@id\":\"https:\/\/potenciaradiofonicadominicana.com\/portal\/#website\"},\"primaryImageOfPage\":{\"@id\":\"https:\/\/potenciaradiofonicadominicana.com\/portal\/la-aerotermia-que-ventajas-y-desventajas-ofrece-frente-a-las-calderas-convencionales\/#primaryimage\"},\"image\":{\"@id\":\"https:\/\/potenciaradiofonicadominicana.com\/portal\/la-aerotermia-que-ventajas-y-desventajas-ofrece-frente-a-las-calderas-convencionales\/#primaryimage\"},\"thumbnailUrl\":\"https:\/\/potenciaradiofonicadominicana.com\/portal\/wp-content\/uploads\/2022\/01\/7061_house-g1cd7e5434_1280.jpg\",\"datePublished\":\"2022-01-17T12:25:42+00:00\",\"breadcrumb\":{\"@id\":\"https:\/\/potenciaradiofonicadominicana.com\/portal\/la-aerotermia-que-ventajas-y-desventajas-ofrece-frente-a-las-calderas-convencionales\/#breadcrumb\"},\"inLanguage\":\"es\",\"potentialAction\":[{\"@type\":\"ReadAction\",\"target\":[\"https:\/\/potenciaradiofonicadominicana.com\/portal\/la-aerotermia-que-ventajas-y-desventajas-ofrece-frente-a-las-calderas-convencionales\/\"]}]},{\"@type\":\"ImageObject\",\"inLanguage\":\"es\",\"@id\":\"https:\/\/potenciaradiofonicadominicana.com\/portal\/la-aerotermia-que-ventajas-y-desventajas-ofrece-frente-a-las-calderas-convencionales\/#primaryimage\",\"url\":\"https:\/\/potenciaradiofonicadominicana.com\/portal\/wp-content\/uploads\/2022\/01\/7061_house-g1cd7e5434_1280.jpg\",\"contentUrl\":\"https:\/\/potenciaradiofonicadominicana.com\/portal\/wp-content\/uploads\/2022\/01\/7061_house-g1cd7e5434_1280.jpg\",\"width\":670,\"height\":424},{\"@type\":\"BreadcrumbList\",\"@id\":\"https:\/\/potenciaradiofonicadominicana.com\/portal\/la-aerotermia-que-ventajas-y-desventajas-ofrece-frente-a-las-calderas-convencionales\/#breadcrumb\",\"itemListElement\":[{\"@type\":\"ListItem\",\"position\":1,\"name\":\"Portada\",\"item\":\"https:\/\/potenciaradiofonicadominicana.com\/portal\/\"},{\"@type\":\"ListItem\",\"position\":2,\"name\":\"La Aerotermia, \u00bfqu\u00e9 ventajas y desventajas ofrece frente a las calderas convencionales?\"}]},{\"@type\":\"WebSite\",\"@id\":\"https:\/\/potenciaradiofonicadominicana.com\/portal\/#website\",\"url\":\"https:\/\/potenciaradiofonicadominicana.com\/portal\/\",\"name\":\"PotenciaRadiofonicaDominicana.com\",\"description\":\"Peri\u00f3dico Digital\",\"publisher\":{\"@id\":\"https:\/\/potenciaradiofonicadominicana.com\/portal\/#organization\"},\"potentialAction\":[{\"@type\":\"SearchAction\",\"target\":{\"@type\":\"EntryPoint\",\"urlTemplate\":\"https:\/\/potenciaradiofonicadominicana.com\/portal\/?s={search_term_string}\"},\"query-input\":{\"@type\":\"PropertyValueSpecification\",\"valueRequired\":true,\"valueName\":\"search_term_string\"}}],\"inLanguage\":\"es\"},{\"@type\":\"Organization\",\"@id\":\"https:\/\/potenciaradiofonicadominicana.com\/portal\/#organization\",\"name\":\"PotenciaRadiofonicaDominicana.com\",\"url\":\"https:\/\/potenciaradiofonicadominicana.com\/portal\/\",\"logo\":{\"@type\":\"ImageObject\",\"inLanguage\":\"es\",\"@id\":\"https:\/\/potenciaradiofonicadominicana.com\/portal\/#\/schema\/logo\/image\/\",\"url\":\"https:\/\/potenciaradiofonicadominicana.com\/portal\/wp-content\/uploads\/2022\/01\/descarga.png\",\"contentUrl\":\"https:\/\/potenciaradiofonicadominicana.com\/portal\/wp-content\/uploads\/2022\/01\/descarga.png\",\"width\":300,\"height\":100,\"caption\":\"PotenciaRadiofonicaDominicana.com\"},\"image\":{\"@id\":\"https:\/\/potenciaradiofonicadominicana.com\/portal\/#\/schema\/logo\/image\/\"},\"sameAs\":[\"https:\/\/web.facebook.com\/PotenciaRadiofonicaD\"]},{\"@type\":\"Person\",\"@id\":\"https:\/\/potenciaradiofonicadominicana.com\/portal\/#\/schema\/person\/a5cf1fea13877803ee0573ac18b03490\",\"name\":\"Potencia Radiof\u00f3nica Dominicana\",\"image\":{\"@type\":\"ImageObject\",\"inLanguage\":\"es\",\"@id\":\"https:\/\/potenciaradiofonicadominicana.com\/portal\/#\/schema\/person\/image\/\",\"url\":\"https:\/\/secure.gravatar.com\/avatar\/42a55ab9e8ccc656ba34cd791990602a?s=96&d=mm&r=g\",\"contentUrl\":\"https:\/\/secure.gravatar.com\/avatar\/42a55ab9e8ccc656ba34cd791990602a?s=96&d=mm&r=g\",\"caption\":\"Potencia Radiof\u00f3nica Dominicana\"},\"url\":\"https:\/\/potenciaradiofonicadominicana.com\/portal\/author\/johannyalmanzar\/\"}]}<\/script>\n<!-- \/ Yoast SEO plugin. -->","yoast_head_json":{"title":"La Aerotermia, \u00bfqu\u00e9 ventajas y desventajas ofrece frente a las calderas convencionales? - PotenciaRadiofonicaDominicana.com","robots":{"index":"index","follow":"follow","max-snippet":"max-snippet:-1","max-image-preview":"max-image-preview:large","max-video-preview":"max-video-preview:-1"},"canonical":"https:\/\/potenciaradiofonicadominicana.com\/portal\/la-aerotermia-que-ventajas-y-desventajas-ofrece-frente-a-las-calderas-convencionales\/","og_locale":"es_ES","og_type":"article","og_title":"La Aerotermia, \u00bfqu\u00e9 ventajas y desventajas ofrece frente a las calderas convencionales? - PotenciaRadiofonicaDominicana.com","og_description":"A partir de enero de 2022, las calderas de carb\u00f3n estar\u00e1n prohibidas en Madrid, seg\u00fan la nueva Ordenanza de Calidad ...","og_url":"https:\/\/potenciaradiofonicadominicana.com\/portal\/la-aerotermia-que-ventajas-y-desventajas-ofrece-frente-a-las-calderas-convencionales\/","og_site_name":"PotenciaRadiofonicaDominicana.com","article_publisher":"https:\/\/web.facebook.com\/PotenciaRadiofonicaD","article_published_time":"2022-01-17T12:25:42+00:00","og_image":[{"width":670,"height":424,"url":"https:\/\/potenciaradiofonicadominicana.com\/portal\/wp-content\/uploads\/2022\/01\/7061_house-g1cd7e5434_1280.jpg","type":"image\/jpeg"}],"author":"Potencia Radiof\u00f3nica Dominicana","twitter_card":"summary_large_image","twitter_misc":{"Escrito por":"Potencia Radiof\u00f3nica Dominicana","Tiempo de lectura":"5 minutos"},"schema":{"@context":"https:\/\/schema.org","@graph":[{"@type":"Article","@id":"https:\/\/potenciaradiofonicadominicana.com\/portal\/la-aerotermia-que-ventajas-y-desventajas-ofrece-frente-a-las-calderas-convencionales\/#article","isPartOf":{"@id":"https:\/\/potenciaradiofonicadominicana.com\/portal\/la-aerotermia-que-ventajas-y-desventajas-ofrece-frente-a-las-calderas-convencionales\/"},"author":{"name":"Potencia Radiof\u00f3nica Dominicana","@id":"https:\/\/potenciaradiofonicadominicana.com\/portal\/#\/schema\/person\/a5cf1fea13877803ee0573ac18b03490"},"headline":"La Aerotermia, \u00bfqu\u00e9 ventajas y desventajas ofrece frente a las calderas convencionales?","datePublished":"2022-01-17T12:25:42+00:00","mainEntityOfPage":{"@id":"https:\/\/potenciaradiofonicadominicana.com\/portal\/la-aerotermia-que-ventajas-y-desventajas-ofrece-frente-a-las-calderas-convencionales\/"},"wordCount":938,"commentCount":0,"publisher":{"@id":"https:\/\/potenciaradiofonicadominicana.com\/portal\/#organization"},"image":{"@id":"https:\/\/potenciaradiofonicadominicana.com\/portal\/la-aerotermia-que-ventajas-y-desventajas-ofrece-frente-a-las-calderas-convencionales\/#primaryimage"},"thumbnailUrl":"https:\/\/potenciaradiofonicadominicana.com\/portal\/wp-content\/uploads\/2022\/01\/7061_house-g1cd7e5434_1280.jpg","articleSection":["Ciencia y Tecnolog\u00eda"],"inLanguage":"es","potentialAction":[{"@type":"CommentAction","name":"Comment","target":["https:\/\/potenciaradiofonicadominicana.com\/portal\/la-aerotermia-que-ventajas-y-desventajas-ofrece-frente-a-las-calderas-convencionales\/#respond"]}]},{"@type":"WebPage","@id":"https:\/\/potenciaradiofonicadominicana.com\/portal\/la-aerotermia-que-ventajas-y-desventajas-ofrece-frente-a-las-calderas-convencionales\/","url":"https:\/\/potenciaradiofonicadominicana.com\/portal\/la-aerotermia-que-ventajas-y-desventajas-ofrece-frente-a-las-calderas-convencionales\/","name":"La Aerotermia, \u00bfqu\u00e9 ventajas y desventajas ofrece frente a las calderas convencionales? - PotenciaRadiofonicaDominicana.com","isPartOf":{"@id":"https:\/\/potenciaradiofonicadominicana.com\/portal\/#website"},"primaryImageOfPage":{"@id":"https:\/\/potenciaradiofonicadominicana.com\/portal\/la-aerotermia-que-ventajas-y-desventajas-ofrece-frente-a-las-calderas-convencionales\/#primaryimage"},"image":{"@id":"https:\/\/potenciaradiofonicadominicana.com\/portal\/la-aerotermia-que-ventajas-y-desventajas-ofrece-frente-a-las-calderas-convencionales\/#primaryimage"},"thumbnailUrl":"https:\/\/potenciaradiofonicadominicana.com\/portal\/wp-content\/uploads\/2022\/01\/7061_house-g1cd7e5434_1280.jpg","datePublished":"2022-01-17T12:25:42+00:00","breadcrumb":{"@id":"https:\/\/potenciaradiofonicadominicana.com\/portal\/la-aerotermia-que-ventajas-y-desventajas-ofrece-frente-a-las-calderas-convencionales\/#breadcrumb"},"inLanguage":"es","potentialAction":[{"@type":"ReadAction","target":["https:\/\/potenciaradiofonicadominicana.com\/portal\/la-aerotermia-que-ventajas-y-desventajas-ofrece-frente-a-las-calderas-convencionales\/"]}]},{"@type":"ImageObject","inLanguage":"es","@id":"https:\/\/potenciaradiofonicadominicana.com\/portal\/la-aerotermia-que-ventajas-y-desventajas-ofrece-frente-a-las-calderas-convencionales\/#primaryimage","url":"https:\/\/potenciaradiofonicadominicana.com\/portal\/wp-content\/uploads\/2022\/01\/7061_house-g1cd7e5434_1280.jpg","contentUrl":"https:\/\/potenciaradiofonicadominicana.com\/portal\/wp-content\/uploads\/2022\/01\/7061_house-g1cd7e5434_1280.jpg","width":670,"height":424},{"@type":"BreadcrumbList","@id":"https:\/\/potenciaradiofonicadominicana.com\/portal\/la-aerotermia-que-ventajas-y-desventajas-ofrece-frente-a-las-calderas-convencionales\/#breadcrumb","itemListElement":[{"@type":"ListItem","position":1,"name":"Portada","item":"https:\/\/potenciaradiofonicadominicana.com\/portal\/"},{"@type":"ListItem","position":2,"name":"La Aerotermia, \u00bfqu\u00e9 ventajas y desventajas ofrece frente a las calderas convencionales?"}]},{"@type":"WebSite","@id":"https:\/\/potenciaradiofonicadominicana.com\/portal\/#website","url":"https:\/\/potenciaradiofonicadominicana.com\/portal\/","name":"PotenciaRadiofonicaDominicana.com","description":"Peri\u00f3dico Digital","publisher":{"@id":"https:\/\/potenciaradiofonicadominicana.com\/portal\/#organization"},"potentialAction":[{"@type":"SearchAction","target":{"@type":"EntryPoint","urlTemplate":"https:\/\/potenciaradiofonicadominicana.com\/portal\/?s={search_term_string}"},"query-input":{"@type":"PropertyValueSpecification","valueRequired":true,"valueName":"search_term_string"}}],"inLanguage":"es"},{"@type":"Organization","@id":"https:\/\/potenciaradiofonicadominicana.com\/portal\/#organization","name":"PotenciaRadiofonicaDominicana.com","url":"https:\/\/potenciaradiofonicadominicana.com\/portal\/","logo":{"@type":"ImageObject","inLanguage":"es","@id":"https:\/\/potenciaradiofonicadominicana.com\/portal\/#\/schema\/logo\/image\/","url":"https:\/\/potenciaradiofonicadominicana.com\/portal\/wp-content\/uploads\/2022\/01\/descarga.png","contentUrl":"https:\/\/potenciaradiofonicadominicana.com\/portal\/wp-content\/uploads\/2022\/01\/descarga.png","width":300,"height":100,"caption":"PotenciaRadiofonicaDominicana.com"},"image":{"@id":"https:\/\/potenciaradiofonicadominicana.com\/portal\/#\/schema\/logo\/image\/"},"sameAs":["https:\/\/web.facebook.com\/PotenciaRadiofonicaD"]},{"@type":"Person","@id":"https:\/\/potenciaradiofonicadominicana.com\/portal\/#\/schema\/person\/a5cf1fea13877803ee0573ac18b03490","name":"Potencia Radiof\u00f3nica Dominicana","image":{"@type":"ImageObject","inLanguage":"es","@id":"https:\/\/potenciaradiofonicadominicana.com\/portal\/#\/schema\/person\/image\/","url":"https:\/\/secure.gravatar.com\/avatar\/42a55ab9e8ccc656ba34cd791990602a?s=96&d=mm&r=g","contentUrl":"https:\/\/secure.gravatar.com\/avatar\/42a55ab9e8ccc656ba34cd791990602a?s=96&d=mm&r=g","caption":"Potencia Radiof\u00f3nica Dominicana"},"url":"https:\/\/potenciaradiofonicadominicana.com\/portal\/author\/johannyalmanzar\/"}]}},"_links":{"self":[{"href":"https:\/\/potenciaradiofonicadominicana.com\/portal\/wp-json\/wp\/v2\/posts\/112589","targetHints":{"allow":["GET"]}}],"collection":[{"href":"https:\/\/potenciaradiofonicadominicana.com\/portal\/wp-json\/wp\/v2\/posts"}],"about":[{"href":"https:\/\/potenciaradiofonicadominicana.com\/portal\/wp-json\/wp\/v2\/types\/post"}],"author":[{"embeddable":true,"href":"https:\/\/potenciaradiofonicadominicana.com\/portal\/wp-json\/wp\/v2\/users\/2"}],"replies":[{"embeddable":true,"href":"https:\/\/potenciaradiofonicadominicana.com\/portal\/wp-json\/wp\/v2\/comments?post=112589"}],"version-history":[{"count":1,"href":"https:\/\/potenciaradiofonicadominicana.com\/portal\/wp-json\/wp\/v2\/posts\/112589\/revisions"}],"predecessor-version":[{"id":112591,"href":"https:\/\/potenciaradiofonicadominicana.com\/portal\/wp-json\/wp\/v2\/posts\/112589\/revisions\/112591"}],"wp:featuredmedia":[{"embeddable":true,"href":"https:\/\/potenciaradiofonicadominicana.com\/portal\/wp-json\/wp\/v2\/media\/112590"}],"wp:attachment":[{"href":"https:\/\/potenciaradiofonicadominicana.com\/portal\/wp-json\/wp\/v2\/media?parent=112589"}],"wp:term":[{"taxonomy":"category","embeddable":true,"href":"https:\/\/potenciaradiofonicadominicana.com\/portal\/wp-json\/wp\/v2\/categories?post=112589"},{"taxonomy":"post_tag","embeddable":true,"href":"https:\/\/potenciaradiofonicadominicana.com\/portal\/wp-json\/wp\/v2\/tags?post=112589"}],"curies":[{"name":"wp","href":"https:\/\/api.w.org\/{rel}","templated":true}]}}