{"id":112558,"date":"2022-01-17T08:01:09","date_gmt":"2022-01-17T12:01:09","guid":{"rendered":"https:\/\/potenciaradiofonicadominicana.com\/portal\/?p=112558"},"modified":"2022-01-17T08:01:09","modified_gmt":"2022-01-17T12:01:09","slug":"exoesqueleto-para-casos-de-paralisis-cerebral","status":"publish","type":"post","link":"https:\/\/potenciaradiofonicadominicana.com\/portal\/exoesqueleto-para-casos-de-paralisis-cerebral\/","title":{"rendered":"Exoesqueleto para casos de par\u00e1lisis cerebral"},"content":{"rendered":"<p><a href=\"https:\/\/potenciaradiofonicadominicana.com\/portal\/wp-content\/uploads\/2022\/01\/8699_exoesqueleto-para-casos-de-paralisis-cerebral.jpg\"><img loading=\"lazy\" decoding=\"async\" class=\"alignnone size-full wp-image-112559\" src=\"https:\/\/potenciaradiofonicadominicana.com\/portal\/wp-content\/uploads\/2022\/01\/8699_exoesqueleto-para-casos-de-paralisis-cerebral.jpg\" alt=\"\" width=\"670\" height=\"446\" srcset=\"https:\/\/potenciaradiofonicadominicana.com\/portal\/wp-content\/uploads\/2022\/01\/8699_exoesqueleto-para-casos-de-paralisis-cerebral.jpg 670w, https:\/\/potenciaradiofonicadominicana.com\/portal\/wp-content\/uploads\/2022\/01\/8699_exoesqueleto-para-casos-de-paralisis-cerebral-300x200.jpg 300w\" sizes=\"auto, (max-width: 670px) 100vw, 670px\" \/><\/a><\/p>\n<p>Un dispositivo rob\u00f3tico ligero y port\u00e1til proporciona entrenamiento neuromuscular para ni\u00f1os con par\u00e1lisis cerebral y les ayuda a caminar.<\/p>\n<p>El exoesqueleto es obra del ingeniero mec\u00e1nico e inventor Zach Lerner, profesor en la Universidad del Norte de Arizona en Estados Unidos.<\/p>\n<p>Casi 4 de cada 1.000 ni\u00f1os padecen par\u00e1lisis cerebral, un trastorno neurol\u00f3gico que afecta al control y a la coordinaci\u00f3n de los m\u00fasculos y que a menudo dificulta mucho el acto de caminar.<\/p>\n<p>Aunque la mayor\u00eda de las estrategias de tratamiento han resultado insuficientes, una de las nuevas opciones terap\u00e9uticas m\u00e1s prometedoras es el uso de robots port\u00e1tiles alimentados por bater\u00edas. Estos robots son exoesqueletos que ayudan a caminar a la persona a la que van sujetos y contribuyen a su mejora neuromuscular en casa, sin depender tanto de las sesiones realizadas en gimnasios especializados.<\/p>\n<p>Esta nueva clase de dispositivos tiene el potencial de revolucionar la rehabilitaci\u00f3n de los pacientes con deficiencias neuromusculares, disminuyendo significativamente su problem\u00e1tica.<\/p>\n<p>Pronto comenzar\u00e1 un ensayo cl\u00ednico de cinco a\u00f1os para probar una estrategia de tratamiento para ni\u00f1os con par\u00e1lisis cerebral utilizando el nuevo exoesqueleto de tobillo adaptable dise\u00f1ado por Lerner.<\/p>\n<p>&nbsp;<\/p>\n<p><span class=\"RichTextAlignCenter citewrapper\"><img decoding=\"async\" class=\"RichTextAlignCenter\" src=\"https:\/\/noticiasdelaciencia.com\/upload\/images\/01_2022\/8699_exoesqueleto-para-casos-de-paralisis-cerebral.jpg\" alt=\"[Img #65490]\" \/><\/span><\/p>\n<div class=\"imagefooterprint\"><\/div>\n<p>El exoesqueleto de tobillo inventado por Zach Lerner. (Foto: Northern Arizona University)<\/p>\n<p>\u00abExiste un amplio consenso cl\u00ednico de que la disfunci\u00f3n de los flexores plantares, o m\u00fasculos de la pantorrilla, es un factor que contribuye en buen grado a los patrones de marcha lenta, ineficiente y agachada en individuos con par\u00e1lisis cerebral\u00bb, explica Lerner. \u00abNuestro estudio se centrar\u00e1 en dos hip\u00f3tesis: que el entrenamiento especializado de resistencia del tobillo producir\u00e1 mayores mejoras en el control motor de las extremidades inferiores, la mec\u00e1nica de la marcha y las medidas cl\u00ednicas de movilidad, en comparaci\u00f3n con la terapia f\u00edsica est\u00e1ndar y el entrenamiento est\u00e1ndar para andar; y que la ayuda adaptable al tobillo dar\u00e1 lugar a una capacidad y un rendimiento significativamente mayores en comparaci\u00f3n con caminar llevando ortesis de tobillo y con caminar llevando solo zapatos\u201d.<\/p>\n<p>&nbsp;<\/p>\n<p>(Fuente:\u00a0NCYT de Amazings)<\/p>\n","protected":false},"excerpt":{"rendered":"<p>Un dispositivo rob\u00f3tico ligero y port\u00e1til proporciona entrenamiento neuromuscular para ni\u00f1os con par\u00e1lisis cerebral y les ayuda a caminar. El &#8230;<\/p>\n","protected":false},"author":2,"featured_media":112559,"comment_status":"open","ping_status":"open","sticky":false,"template":"","format":"standard","meta":{"footnotes":""},"categories":[14],"tags":[],"class_list":["post-112558","post","type-post","status-publish","format-standard","has-post-thumbnail","hentry","category-ciencia-y-tecnologia"],"yoast_head":"<!-- This site is optimized with the Yoast SEO plugin v24.8.1 - https:\/\/yoast.com\/wordpress\/plugins\/seo\/ -->\n<title>Exoesqueleto para casos de par\u00e1lisis cerebral - PotenciaRadiofonicaDominicana.com<\/title>\n<meta name=\"robots\" content=\"index, follow, max-snippet:-1, max-image-preview:large, max-video-preview:-1\" \/>\n<link rel=\"canonical\" href=\"https:\/\/potenciaradiofonicadominicana.com\/portal\/exoesqueleto-para-casos-de-paralisis-cerebral\/\" \/>\n<meta property=\"og:locale\" content=\"es_ES\" \/>\n<meta property=\"og:type\" content=\"article\" \/>\n<meta property=\"og:title\" content=\"Exoesqueleto para casos de par\u00e1lisis cerebral - PotenciaRadiofonicaDominicana.com\" \/>\n<meta property=\"og:description\" content=\"Un dispositivo rob\u00f3tico ligero y port\u00e1til proporciona entrenamiento neuromuscular para ni\u00f1os con par\u00e1lisis cerebral y les ayuda a caminar. El ...\" \/>\n<meta property=\"og:url\" content=\"https:\/\/potenciaradiofonicadominicana.com\/portal\/exoesqueleto-para-casos-de-paralisis-cerebral\/\" \/>\n<meta property=\"og:site_name\" content=\"PotenciaRadiofonicaDominicana.com\" \/>\n<meta property=\"article:publisher\" content=\"https:\/\/web.facebook.com\/PotenciaRadiofonicaD\" \/>\n<meta property=\"article:published_time\" content=\"2022-01-17T12:01:09+00:00\" \/>\n<meta property=\"og:image\" content=\"https:\/\/potenciaradiofonicadominicana.com\/portal\/wp-content\/uploads\/2022\/01\/8699_exoesqueleto-para-casos-de-paralisis-cerebral.jpg\" \/>\n\t<meta property=\"og:image:width\" content=\"670\" \/>\n\t<meta property=\"og:image:height\" content=\"446\" \/>\n\t<meta property=\"og:image:type\" content=\"image\/jpeg\" \/>\n<meta name=\"author\" content=\"Potencia Radiof\u00f3nica Dominicana\" \/>\n<meta name=\"twitter:card\" content=\"summary_large_image\" \/>\n<meta name=\"twitter:label1\" content=\"Escrito por\" \/>\n\t<meta name=\"twitter:data1\" content=\"Potencia Radiof\u00f3nica Dominicana\" \/>\n\t<meta name=\"twitter:label2\" content=\"Tiempo de lectura\" \/>\n\t<meta name=\"twitter:data2\" content=\"2 minutos\" \/>\n<script type=\"application\/ld+json\" class=\"yoast-schema-graph\">{\"@context\":\"https:\/\/schema.org\",\"@graph\":[{\"@type\":\"Article\",\"@id\":\"https:\/\/potenciaradiofonicadominicana.com\/portal\/exoesqueleto-para-casos-de-paralisis-cerebral\/#article\",\"isPartOf\":{\"@id\":\"https:\/\/potenciaradiofonicadominicana.com\/portal\/exoesqueleto-para-casos-de-paralisis-cerebral\/\"},\"author\":{\"name\":\"Potencia Radiof\u00f3nica Dominicana\",\"@id\":\"https:\/\/potenciaradiofonicadominicana.com\/portal\/#\/schema\/person\/a5cf1fea13877803ee0573ac18b03490\"},\"headline\":\"Exoesqueleto para casos de par\u00e1lisis cerebral\",\"datePublished\":\"2022-01-17T12:01:09+00:00\",\"mainEntityOfPage\":{\"@id\":\"https:\/\/potenciaradiofonicadominicana.com\/portal\/exoesqueleto-para-casos-de-paralisis-cerebral\/\"},\"wordCount\":367,\"commentCount\":0,\"publisher\":{\"@id\":\"https:\/\/potenciaradiofonicadominicana.com\/portal\/#organization\"},\"image\":{\"@id\":\"https:\/\/potenciaradiofonicadominicana.com\/portal\/exoesqueleto-para-casos-de-paralisis-cerebral\/#primaryimage\"},\"thumbnailUrl\":\"https:\/\/potenciaradiofonicadominicana.com\/portal\/wp-content\/uploads\/2022\/01\/8699_exoesqueleto-para-casos-de-paralisis-cerebral.jpg\",\"articleSection\":[\"Ciencia y Tecnolog\u00eda\"],\"inLanguage\":\"es\",\"potentialAction\":[{\"@type\":\"CommentAction\",\"name\":\"Comment\",\"target\":[\"https:\/\/potenciaradiofonicadominicana.com\/portal\/exoesqueleto-para-casos-de-paralisis-cerebral\/#respond\"]}]},{\"@type\":\"WebPage\",\"@id\":\"https:\/\/potenciaradiofonicadominicana.com\/portal\/exoesqueleto-para-casos-de-paralisis-cerebral\/\",\"url\":\"https:\/\/potenciaradiofonicadominicana.com\/portal\/exoesqueleto-para-casos-de-paralisis-cerebral\/\",\"name\":\"Exoesqueleto para casos de par\u00e1lisis cerebral - PotenciaRadiofonicaDominicana.com\",\"isPartOf\":{\"@id\":\"https:\/\/potenciaradiofonicadominicana.com\/portal\/#website\"},\"primaryImageOfPage\":{\"@id\":\"https:\/\/potenciaradiofonicadominicana.com\/portal\/exoesqueleto-para-casos-de-paralisis-cerebral\/#primaryimage\"},\"image\":{\"@id\":\"https:\/\/potenciaradiofonicadominicana.com\/portal\/exoesqueleto-para-casos-de-paralisis-cerebral\/#primaryimage\"},\"thumbnailUrl\":\"https:\/\/potenciaradiofonicadominicana.com\/portal\/wp-content\/uploads\/2022\/01\/8699_exoesqueleto-para-casos-de-paralisis-cerebral.jpg\",\"datePublished\":\"2022-01-17T12:01:09+00:00\",\"breadcrumb\":{\"@id\":\"https:\/\/potenciaradiofonicadominicana.com\/portal\/exoesqueleto-para-casos-de-paralisis-cerebral\/#breadcrumb\"},\"inLanguage\":\"es\",\"potentialAction\":[{\"@type\":\"ReadAction\",\"target\":[\"https:\/\/potenciaradiofonicadominicana.com\/portal\/exoesqueleto-para-casos-de-paralisis-cerebral\/\"]}]},{\"@type\":\"ImageObject\",\"inLanguage\":\"es\",\"@id\":\"https:\/\/potenciaradiofonicadominicana.com\/portal\/exoesqueleto-para-casos-de-paralisis-cerebral\/#primaryimage\",\"url\":\"https:\/\/potenciaradiofonicadominicana.com\/portal\/wp-content\/uploads\/2022\/01\/8699_exoesqueleto-para-casos-de-paralisis-cerebral.jpg\",\"contentUrl\":\"https:\/\/potenciaradiofonicadominicana.com\/portal\/wp-content\/uploads\/2022\/01\/8699_exoesqueleto-para-casos-de-paralisis-cerebral.jpg\",\"width\":670,\"height\":446},{\"@type\":\"BreadcrumbList\",\"@id\":\"https:\/\/potenciaradiofonicadominicana.com\/portal\/exoesqueleto-para-casos-de-paralisis-cerebral\/#breadcrumb\",\"itemListElement\":[{\"@type\":\"ListItem\",\"position\":1,\"name\":\"Portada\",\"item\":\"https:\/\/potenciaradiofonicadominicana.com\/portal\/\"},{\"@type\":\"ListItem\",\"position\":2,\"name\":\"Exoesqueleto para casos de par\u00e1lisis cerebral\"}]},{\"@type\":\"WebSite\",\"@id\":\"https:\/\/potenciaradiofonicadominicana.com\/portal\/#website\",\"url\":\"https:\/\/potenciaradiofonicadominicana.com\/portal\/\",\"name\":\"PotenciaRadiofonicaDominicana.com\",\"description\":\"Peri\u00f3dico Digital\",\"publisher\":{\"@id\":\"https:\/\/potenciaradiofonicadominicana.com\/portal\/#organization\"},\"potentialAction\":[{\"@type\":\"SearchAction\",\"target\":{\"@type\":\"EntryPoint\",\"urlTemplate\":\"https:\/\/potenciaradiofonicadominicana.com\/portal\/?s={search_term_string}\"},\"query-input\":{\"@type\":\"PropertyValueSpecification\",\"valueRequired\":true,\"valueName\":\"search_term_string\"}}],\"inLanguage\":\"es\"},{\"@type\":\"Organization\",\"@id\":\"https:\/\/potenciaradiofonicadominicana.com\/portal\/#organization\",\"name\":\"PotenciaRadiofonicaDominicana.com\",\"url\":\"https:\/\/potenciaradiofonicadominicana.com\/portal\/\",\"logo\":{\"@type\":\"ImageObject\",\"inLanguage\":\"es\",\"@id\":\"https:\/\/potenciaradiofonicadominicana.com\/portal\/#\/schema\/logo\/image\/\",\"url\":\"https:\/\/potenciaradiofonicadominicana.com\/portal\/wp-content\/uploads\/2022\/01\/descarga.png\",\"contentUrl\":\"https:\/\/potenciaradiofonicadominicana.com\/portal\/wp-content\/uploads\/2022\/01\/descarga.png\",\"width\":300,\"height\":100,\"caption\":\"PotenciaRadiofonicaDominicana.com\"},\"image\":{\"@id\":\"https:\/\/potenciaradiofonicadominicana.com\/portal\/#\/schema\/logo\/image\/\"},\"sameAs\":[\"https:\/\/web.facebook.com\/PotenciaRadiofonicaD\"]},{\"@type\":\"Person\",\"@id\":\"https:\/\/potenciaradiofonicadominicana.com\/portal\/#\/schema\/person\/a5cf1fea13877803ee0573ac18b03490\",\"name\":\"Potencia Radiof\u00f3nica Dominicana\",\"image\":{\"@type\":\"ImageObject\",\"inLanguage\":\"es\",\"@id\":\"https:\/\/potenciaradiofonicadominicana.com\/portal\/#\/schema\/person\/image\/\",\"url\":\"https:\/\/secure.gravatar.com\/avatar\/42a55ab9e8ccc656ba34cd791990602a?s=96&d=mm&r=g\",\"contentUrl\":\"https:\/\/secure.gravatar.com\/avatar\/42a55ab9e8ccc656ba34cd791990602a?s=96&d=mm&r=g\",\"caption\":\"Potencia Radiof\u00f3nica Dominicana\"},\"url\":\"https:\/\/potenciaradiofonicadominicana.com\/portal\/author\/johannyalmanzar\/\"}]}<\/script>\n<!-- \/ Yoast SEO plugin. -->","yoast_head_json":{"title":"Exoesqueleto para casos de par\u00e1lisis cerebral - PotenciaRadiofonicaDominicana.com","robots":{"index":"index","follow":"follow","max-snippet":"max-snippet:-1","max-image-preview":"max-image-preview:large","max-video-preview":"max-video-preview:-1"},"canonical":"https:\/\/potenciaradiofonicadominicana.com\/portal\/exoesqueleto-para-casos-de-paralisis-cerebral\/","og_locale":"es_ES","og_type":"article","og_title":"Exoesqueleto para casos de par\u00e1lisis cerebral - PotenciaRadiofonicaDominicana.com","og_description":"Un dispositivo rob\u00f3tico ligero y port\u00e1til proporciona entrenamiento neuromuscular para ni\u00f1os con par\u00e1lisis cerebral y les ayuda a caminar. El ...","og_url":"https:\/\/potenciaradiofonicadominicana.com\/portal\/exoesqueleto-para-casos-de-paralisis-cerebral\/","og_site_name":"PotenciaRadiofonicaDominicana.com","article_publisher":"https:\/\/web.facebook.com\/PotenciaRadiofonicaD","article_published_time":"2022-01-17T12:01:09+00:00","og_image":[{"width":670,"height":446,"url":"https:\/\/potenciaradiofonicadominicana.com\/portal\/wp-content\/uploads\/2022\/01\/8699_exoesqueleto-para-casos-de-paralisis-cerebral.jpg","type":"image\/jpeg"}],"author":"Potencia Radiof\u00f3nica Dominicana","twitter_card":"summary_large_image","twitter_misc":{"Escrito por":"Potencia Radiof\u00f3nica Dominicana","Tiempo de lectura":"2 minutos"},"schema":{"@context":"https:\/\/schema.org","@graph":[{"@type":"Article","@id":"https:\/\/potenciaradiofonicadominicana.com\/portal\/exoesqueleto-para-casos-de-paralisis-cerebral\/#article","isPartOf":{"@id":"https:\/\/potenciaradiofonicadominicana.com\/portal\/exoesqueleto-para-casos-de-paralisis-cerebral\/"},"author":{"name":"Potencia Radiof\u00f3nica Dominicana","@id":"https:\/\/potenciaradiofonicadominicana.com\/portal\/#\/schema\/person\/a5cf1fea13877803ee0573ac18b03490"},"headline":"Exoesqueleto para casos de par\u00e1lisis cerebral","datePublished":"2022-01-17T12:01:09+00:00","mainEntityOfPage":{"@id":"https:\/\/potenciaradiofonicadominicana.com\/portal\/exoesqueleto-para-casos-de-paralisis-cerebral\/"},"wordCount":367,"commentCount":0,"publisher":{"@id":"https:\/\/potenciaradiofonicadominicana.com\/portal\/#organization"},"image":{"@id":"https:\/\/potenciaradiofonicadominicana.com\/portal\/exoesqueleto-para-casos-de-paralisis-cerebral\/#primaryimage"},"thumbnailUrl":"https:\/\/potenciaradiofonicadominicana.com\/portal\/wp-content\/uploads\/2022\/01\/8699_exoesqueleto-para-casos-de-paralisis-cerebral.jpg","articleSection":["Ciencia y Tecnolog\u00eda"],"inLanguage":"es","potentialAction":[{"@type":"CommentAction","name":"Comment","target":["https:\/\/potenciaradiofonicadominicana.com\/portal\/exoesqueleto-para-casos-de-paralisis-cerebral\/#respond"]}]},{"@type":"WebPage","@id":"https:\/\/potenciaradiofonicadominicana.com\/portal\/exoesqueleto-para-casos-de-paralisis-cerebral\/","url":"https:\/\/potenciaradiofonicadominicana.com\/portal\/exoesqueleto-para-casos-de-paralisis-cerebral\/","name":"Exoesqueleto para casos de par\u00e1lisis cerebral - PotenciaRadiofonicaDominicana.com","isPartOf":{"@id":"https:\/\/potenciaradiofonicadominicana.com\/portal\/#website"},"primaryImageOfPage":{"@id":"https:\/\/potenciaradiofonicadominicana.com\/portal\/exoesqueleto-para-casos-de-paralisis-cerebral\/#primaryimage"},"image":{"@id":"https:\/\/potenciaradiofonicadominicana.com\/portal\/exoesqueleto-para-casos-de-paralisis-cerebral\/#primaryimage"},"thumbnailUrl":"https:\/\/potenciaradiofonicadominicana.com\/portal\/wp-content\/uploads\/2022\/01\/8699_exoesqueleto-para-casos-de-paralisis-cerebral.jpg","datePublished":"2022-01-17T12:01:09+00:00","breadcrumb":{"@id":"https:\/\/potenciaradiofonicadominicana.com\/portal\/exoesqueleto-para-casos-de-paralisis-cerebral\/#breadcrumb"},"inLanguage":"es","potentialAction":[{"@type":"ReadAction","target":["https:\/\/potenciaradiofonicadominicana.com\/portal\/exoesqueleto-para-casos-de-paralisis-cerebral\/"]}]},{"@type":"ImageObject","inLanguage":"es","@id":"https:\/\/potenciaradiofonicadominicana.com\/portal\/exoesqueleto-para-casos-de-paralisis-cerebral\/#primaryimage","url":"https:\/\/potenciaradiofonicadominicana.com\/portal\/wp-content\/uploads\/2022\/01\/8699_exoesqueleto-para-casos-de-paralisis-cerebral.jpg","contentUrl":"https:\/\/potenciaradiofonicadominicana.com\/portal\/wp-content\/uploads\/2022\/01\/8699_exoesqueleto-para-casos-de-paralisis-cerebral.jpg","width":670,"height":446},{"@type":"BreadcrumbList","@id":"https:\/\/potenciaradiofonicadominicana.com\/portal\/exoesqueleto-para-casos-de-paralisis-cerebral\/#breadcrumb","itemListElement":[{"@type":"ListItem","position":1,"name":"Portada","item":"https:\/\/potenciaradiofonicadominicana.com\/portal\/"},{"@type":"ListItem","position":2,"name":"Exoesqueleto para casos de par\u00e1lisis cerebral"}]},{"@type":"WebSite","@id":"https:\/\/potenciaradiofonicadominicana.com\/portal\/#website","url":"https:\/\/potenciaradiofonicadominicana.com\/portal\/","name":"PotenciaRadiofonicaDominicana.com","description":"Peri\u00f3dico Digital","publisher":{"@id":"https:\/\/potenciaradiofonicadominicana.com\/portal\/#organization"},"potentialAction":[{"@type":"SearchAction","target":{"@type":"EntryPoint","urlTemplate":"https:\/\/potenciaradiofonicadominicana.com\/portal\/?s={search_term_string}"},"query-input":{"@type":"PropertyValueSpecification","valueRequired":true,"valueName":"search_term_string"}}],"inLanguage":"es"},{"@type":"Organization","@id":"https:\/\/potenciaradiofonicadominicana.com\/portal\/#organization","name":"PotenciaRadiofonicaDominicana.com","url":"https:\/\/potenciaradiofonicadominicana.com\/portal\/","logo":{"@type":"ImageObject","inLanguage":"es","@id":"https:\/\/potenciaradiofonicadominicana.com\/portal\/#\/schema\/logo\/image\/","url":"https:\/\/potenciaradiofonicadominicana.com\/portal\/wp-content\/uploads\/2022\/01\/descarga.png","contentUrl":"https:\/\/potenciaradiofonicadominicana.com\/portal\/wp-content\/uploads\/2022\/01\/descarga.png","width":300,"height":100,"caption":"PotenciaRadiofonicaDominicana.com"},"image":{"@id":"https:\/\/potenciaradiofonicadominicana.com\/portal\/#\/schema\/logo\/image\/"},"sameAs":["https:\/\/web.facebook.com\/PotenciaRadiofonicaD"]},{"@type":"Person","@id":"https:\/\/potenciaradiofonicadominicana.com\/portal\/#\/schema\/person\/a5cf1fea13877803ee0573ac18b03490","name":"Potencia Radiof\u00f3nica Dominicana","image":{"@type":"ImageObject","inLanguage":"es","@id":"https:\/\/potenciaradiofonicadominicana.com\/portal\/#\/schema\/person\/image\/","url":"https:\/\/secure.gravatar.com\/avatar\/42a55ab9e8ccc656ba34cd791990602a?s=96&d=mm&r=g","contentUrl":"https:\/\/secure.gravatar.com\/avatar\/42a55ab9e8ccc656ba34cd791990602a?s=96&d=mm&r=g","caption":"Potencia Radiof\u00f3nica Dominicana"},"url":"https:\/\/potenciaradiofonicadominicana.com\/portal\/author\/johannyalmanzar\/"}]}},"_links":{"self":[{"href":"https:\/\/potenciaradiofonicadominicana.com\/portal\/wp-json\/wp\/v2\/posts\/112558","targetHints":{"allow":["GET"]}}],"collection":[{"href":"https:\/\/potenciaradiofonicadominicana.com\/portal\/wp-json\/wp\/v2\/posts"}],"about":[{"href":"https:\/\/potenciaradiofonicadominicana.com\/portal\/wp-json\/wp\/v2\/types\/post"}],"author":[{"embeddable":true,"href":"https:\/\/potenciaradiofonicadominicana.com\/portal\/wp-json\/wp\/v2\/users\/2"}],"replies":[{"embeddable":true,"href":"https:\/\/potenciaradiofonicadominicana.com\/portal\/wp-json\/wp\/v2\/comments?post=112558"}],"version-history":[{"count":1,"href":"https:\/\/potenciaradiofonicadominicana.com\/portal\/wp-json\/wp\/v2\/posts\/112558\/revisions"}],"predecessor-version":[{"id":112560,"href":"https:\/\/potenciaradiofonicadominicana.com\/portal\/wp-json\/wp\/v2\/posts\/112558\/revisions\/112560"}],"wp:featuredmedia":[{"embeddable":true,"href":"https:\/\/potenciaradiofonicadominicana.com\/portal\/wp-json\/wp\/v2\/media\/112559"}],"wp:attachment":[{"href":"https:\/\/potenciaradiofonicadominicana.com\/portal\/wp-json\/wp\/v2\/media?parent=112558"}],"wp:term":[{"taxonomy":"category","embeddable":true,"href":"https:\/\/potenciaradiofonicadominicana.com\/portal\/wp-json\/wp\/v2\/categories?post=112558"},{"taxonomy":"post_tag","embeddable":true,"href":"https:\/\/potenciaradiofonicadominicana.com\/portal\/wp-json\/wp\/v2\/tags?post=112558"}],"curies":[{"name":"wp","href":"https:\/\/api.w.org\/{rel}","templated":true}]}}