{"id":112548,"date":"2022-01-17T07:46:52","date_gmt":"2022-01-17T11:46:52","guid":{"rendered":"https:\/\/potenciaradiofonicadominicana.com\/portal\/?p=112548"},"modified":"2022-01-17T08:23:08","modified_gmt":"2022-01-17T12:23:08","slug":"estrella-convirtiendose-en-enana-blanca-junto-a-un-pulsar","status":"publish","type":"post","link":"https:\/\/potenciaradiofonicadominicana.com\/portal\/estrella-convirtiendose-en-enana-blanca-junto-a-un-pulsar\/","title":{"rendered":"Tu patinete el\u00e9ctrico puede permitirte ahorrar en el recibo de la luz"},"content":{"rendered":"<p>&nbsp;<\/p>\n<p><a href=\"https:\/\/potenciaradiofonicadominicana.com\/portal\/wp-content\/uploads\/2022\/01\/7434_tu-patinete-electrico-puede-permitirte-ahorrar.jpg\"><img loading=\"lazy\" decoding=\"async\" class=\"alignnone size-full wp-image-112585\" src=\"https:\/\/potenciaradiofonicadominicana.com\/portal\/wp-content\/uploads\/2022\/01\/7434_tu-patinete-electrico-puede-permitirte-ahorrar.jpg\" alt=\"\" width=\"670\" height=\"322\" srcset=\"https:\/\/potenciaradiofonicadominicana.com\/portal\/wp-content\/uploads\/2022\/01\/7434_tu-patinete-electrico-puede-permitirte-ahorrar.jpg 670w, https:\/\/potenciaradiofonicadominicana.com\/portal\/wp-content\/uploads\/2022\/01\/7434_tu-patinete-electrico-puede-permitirte-ahorrar-300x144.jpg 300w\" sizes=\"auto, (max-width: 670px) 100vw, 670px\" \/><\/a><\/p>\n<p>Los resultados de una investigaci\u00f3n reciente revelan que las bater\u00edas de bicicletas y patinetes el\u00e9ctricos se pueden adaptar para ser una soluci\u00f3n perfecta y sostenible al problema del almacenamiento de la energ\u00eda solar.<\/p>\n<p>Este avance es obra de cient\u00edficos de la Universitat Polit\u00e8cnica de Val\u00e8ncia (UPV) en Espa\u00f1a, pertenecientes al Centro de Tecnolog\u00eda Nanofot\u00f3nica (NTC).<\/p>\n<p>En el marco del proyecto europeo Lions2Life, han desarrollado una nueva bater\u00eda que, a simple vista, parece una bater\u00eda de litio de altas prestaciones, como otras muchas que hay en el mercado. Sin embargo, es diferente, porque est\u00e1 fabricada completamente a partir de bater\u00edas de litio recuperadas de bicicletas y patinetes el\u00e9ctricos \u2013en concreto, provienen de un conocido servicio de bicicletas el\u00e9ctricas compartidas. Esta bater\u00eda, conectada a los paneles fotovoltaicos, permite ahorrar en el recibo de la luz, y puede funcionar de forma aut\u00f3noma con la energ\u00eda del Sol.<\/p>\n<p>\u201cEstamos entrando en un momento en el que tenemos que ser capaces de almacenar la energ\u00eda del Sol a un precio competitivo, reutilizando los materiales que son escasos si queremos hacer realidad la transici\u00f3n verde\u201d, destaca Guillermo S\u00e1nchez, investigador principal del proyecto.<\/p>\n<p>En el proyecto Lions2Life participan tambi\u00e9n AVAESEN y las empresas Recyclia, Erion y Mosaik Urban Sytems, adem\u00e1s de varios ayuntamientos, en un proyecto de econom\u00eda circular pionero.<\/p>\n<p>&nbsp;<\/p>\n<p><span class=\"RichTextAlignCenter citewrapper\"><img decoding=\"async\" class=\"RichTextAlignCenter\" src=\"https:\/\/noticiasdelaciencia.com\/upload\/images\/12_2021\/7434_tu-patinete-electrico-puede-permitirte-ahorrar.jpg\" alt=\"[Img #65398]\" \/><\/span><\/p>\n<div class=\"imagefooterprint\"><\/div>\n<p>Los investigadores de la UPV est\u00e1n desarrollando nuevas bater\u00edas de segunda vida a partir de otras recuperadas de bicis y patinetes el\u00e9ctricos. (Foto: UPV)<\/p>\n<p>Las bater\u00edas desarrolladas por el equipo del NTC-UPV se presentaron p\u00fablicamente el 10 de diciembre pasado, en las instalaciones de La Pinada Lab en Valterna.<\/p>\n<p>\u201cQueremos mostrar a los ciudadanos que este tipo de soluciones de econom\u00eda circular son posibles, que el uso de bicicletas y patinetes el\u00e9ctricos es bueno para el medio ambiente y para el ahorro econ\u00f3mico y de combustible, y que las bater\u00edas podr\u00e1n usarse despu\u00e9s para fabricar este tipo de soluciones\u201d, explica S\u00e1nchez.<\/p>\n<p>Actualmente este equipo de investigadores de la UPV est\u00e1 volcado en desarrollar una versi\u00f3n industrializable de dicha bater\u00eda. \u201cDesarrollar tecnolog\u00eda competitiva no es suficiente hoy en d\u00eda\u201d, afirma Guillermo S\u00e1nchez, \u201ces necesario adem\u00e1s que dicha tecnolog\u00eda sea respetuosa con el medio ambiente, eficiente en el uso de recursos naturales y se integre como parte de un esquema de econom\u00eda circular\u201d.<\/p>\n<p>Recyclia, uno de los principales agentes de gesti\u00f3n de residuos de Espa\u00f1a, est\u00e1 aportando las bater\u00edas para este proyecto, y trabajando, junto con su hom\u00f3logo italiano ERION para asegurar que el flujo de bater\u00edas sea estable tambi\u00e9n en el futuro.<\/p>\n<p>Mientras, Mosaik Urban Systems desde sus instalaciones de la Pinada Lab va a incluir esta bater\u00eda entre sus ofertas a los ciudadanos que buscan un estilo sostenible de vida. Y AVAESEN (Asociaci\u00f3n Valenciana de Empresas de la Energ\u00eda) est\u00e1 trabajando con los ayuntamientos y empresas de la regi\u00f3n para promover servicios de movilidad sostenible y soluciones de energ\u00eda.<\/p>\n<p>&nbsp;<\/p>\n<p>&nbsp;<\/p>\n<p>(Fuente: UPV)<\/p>\n","protected":false},"excerpt":{"rendered":"<p>&nbsp; Los resultados de una investigaci\u00f3n reciente revelan que las bater\u00edas de bicicletas y patinetes el\u00e9ctricos se pueden adaptar para &#8230;<\/p>\n","protected":false},"author":2,"featured_media":112585,"comment_status":"open","ping_status":"open","sticky":false,"template":"","format":"standard","meta":{"footnotes":""},"categories":[14],"tags":[],"class_list":["post-112548","post","type-post","status-publish","format-standard","has-post-thumbnail","hentry","category-ciencia-y-tecnologia"],"yoast_head":"<!-- This site is optimized with the Yoast SEO plugin v24.8.1 - https:\/\/yoast.com\/wordpress\/plugins\/seo\/ -->\n<title>Tu patinete el\u00e9ctrico puede permitirte ahorrar en el recibo de la luz - PotenciaRadiofonicaDominicana.com<\/title>\n<meta name=\"robots\" content=\"index, follow, max-snippet:-1, max-image-preview:large, max-video-preview:-1\" \/>\n<link rel=\"canonical\" href=\"https:\/\/potenciaradiofonicadominicana.com\/portal\/estrella-convirtiendose-en-enana-blanca-junto-a-un-pulsar\/\" \/>\n<meta property=\"og:locale\" content=\"es_ES\" \/>\n<meta property=\"og:type\" content=\"article\" \/>\n<meta property=\"og:title\" content=\"Tu patinete el\u00e9ctrico puede permitirte ahorrar en el recibo de la luz - PotenciaRadiofonicaDominicana.com\" \/>\n<meta property=\"og:description\" content=\"&nbsp; Los resultados de una investigaci\u00f3n reciente revelan que las bater\u00edas de bicicletas y patinetes el\u00e9ctricos se pueden adaptar para ...\" \/>\n<meta property=\"og:url\" content=\"https:\/\/potenciaradiofonicadominicana.com\/portal\/estrella-convirtiendose-en-enana-blanca-junto-a-un-pulsar\/\" \/>\n<meta property=\"og:site_name\" content=\"PotenciaRadiofonicaDominicana.com\" \/>\n<meta property=\"article:publisher\" content=\"https:\/\/web.facebook.com\/PotenciaRadiofonicaD\" \/>\n<meta property=\"article:published_time\" content=\"2022-01-17T11:46:52+00:00\" \/>\n<meta property=\"article:modified_time\" content=\"2022-01-17T12:23:08+00:00\" \/>\n<meta property=\"og:image\" content=\"https:\/\/potenciaradiofonicadominicana.com\/portal\/wp-content\/uploads\/2022\/01\/7434_tu-patinete-electrico-puede-permitirte-ahorrar.jpg\" \/>\n\t<meta property=\"og:image:width\" content=\"670\" \/>\n\t<meta property=\"og:image:height\" content=\"322\" \/>\n\t<meta property=\"og:image:type\" content=\"image\/jpeg\" \/>\n<meta name=\"author\" content=\"Potencia Radiof\u00f3nica Dominicana\" \/>\n<meta name=\"twitter:card\" content=\"summary_large_image\" \/>\n<meta name=\"twitter:label1\" content=\"Escrito por\" \/>\n\t<meta name=\"twitter:data1\" content=\"Potencia Radiof\u00f3nica Dominicana\" \/>\n\t<meta name=\"twitter:label2\" content=\"Tiempo de lectura\" \/>\n\t<meta name=\"twitter:data2\" content=\"3 minutos\" \/>\n<script type=\"application\/ld+json\" class=\"yoast-schema-graph\">{\"@context\":\"https:\/\/schema.org\",\"@graph\":[{\"@type\":\"Article\",\"@id\":\"https:\/\/potenciaradiofonicadominicana.com\/portal\/estrella-convirtiendose-en-enana-blanca-junto-a-un-pulsar\/#article\",\"isPartOf\":{\"@id\":\"https:\/\/potenciaradiofonicadominicana.com\/portal\/estrella-convirtiendose-en-enana-blanca-junto-a-un-pulsar\/\"},\"author\":{\"name\":\"Potencia Radiof\u00f3nica Dominicana\",\"@id\":\"https:\/\/potenciaradiofonicadominicana.com\/portal\/#\/schema\/person\/a5cf1fea13877803ee0573ac18b03490\"},\"headline\":\"Tu patinete el\u00e9ctrico puede permitirte ahorrar en el recibo de la luz\",\"datePublished\":\"2022-01-17T11:46:52+00:00\",\"dateModified\":\"2022-01-17T12:23:08+00:00\",\"mainEntityOfPage\":{\"@id\":\"https:\/\/potenciaradiofonicadominicana.com\/portal\/estrella-convirtiendose-en-enana-blanca-junto-a-un-pulsar\/\"},\"wordCount\":548,\"commentCount\":0,\"publisher\":{\"@id\":\"https:\/\/potenciaradiofonicadominicana.com\/portal\/#organization\"},\"image\":{\"@id\":\"https:\/\/potenciaradiofonicadominicana.com\/portal\/estrella-convirtiendose-en-enana-blanca-junto-a-un-pulsar\/#primaryimage\"},\"thumbnailUrl\":\"https:\/\/potenciaradiofonicadominicana.com\/portal\/wp-content\/uploads\/2022\/01\/7434_tu-patinete-electrico-puede-permitirte-ahorrar.jpg\",\"articleSection\":[\"Ciencia y Tecnolog\u00eda\"],\"inLanguage\":\"es\",\"potentialAction\":[{\"@type\":\"CommentAction\",\"name\":\"Comment\",\"target\":[\"https:\/\/potenciaradiofonicadominicana.com\/portal\/estrella-convirtiendose-en-enana-blanca-junto-a-un-pulsar\/#respond\"]}]},{\"@type\":\"WebPage\",\"@id\":\"https:\/\/potenciaradiofonicadominicana.com\/portal\/estrella-convirtiendose-en-enana-blanca-junto-a-un-pulsar\/\",\"url\":\"https:\/\/potenciaradiofonicadominicana.com\/portal\/estrella-convirtiendose-en-enana-blanca-junto-a-un-pulsar\/\",\"name\":\"Tu patinete el\u00e9ctrico puede permitirte ahorrar en el recibo de la luz - PotenciaRadiofonicaDominicana.com\",\"isPartOf\":{\"@id\":\"https:\/\/potenciaradiofonicadominicana.com\/portal\/#website\"},\"primaryImageOfPage\":{\"@id\":\"https:\/\/potenciaradiofonicadominicana.com\/portal\/estrella-convirtiendose-en-enana-blanca-junto-a-un-pulsar\/#primaryimage\"},\"image\":{\"@id\":\"https:\/\/potenciaradiofonicadominicana.com\/portal\/estrella-convirtiendose-en-enana-blanca-junto-a-un-pulsar\/#primaryimage\"},\"thumbnailUrl\":\"https:\/\/potenciaradiofonicadominicana.com\/portal\/wp-content\/uploads\/2022\/01\/7434_tu-patinete-electrico-puede-permitirte-ahorrar.jpg\",\"datePublished\":\"2022-01-17T11:46:52+00:00\",\"dateModified\":\"2022-01-17T12:23:08+00:00\",\"breadcrumb\":{\"@id\":\"https:\/\/potenciaradiofonicadominicana.com\/portal\/estrella-convirtiendose-en-enana-blanca-junto-a-un-pulsar\/#breadcrumb\"},\"inLanguage\":\"es\",\"potentialAction\":[{\"@type\":\"ReadAction\",\"target\":[\"https:\/\/potenciaradiofonicadominicana.com\/portal\/estrella-convirtiendose-en-enana-blanca-junto-a-un-pulsar\/\"]}]},{\"@type\":\"ImageObject\",\"inLanguage\":\"es\",\"@id\":\"https:\/\/potenciaradiofonicadominicana.com\/portal\/estrella-convirtiendose-en-enana-blanca-junto-a-un-pulsar\/#primaryimage\",\"url\":\"https:\/\/potenciaradiofonicadominicana.com\/portal\/wp-content\/uploads\/2022\/01\/7434_tu-patinete-electrico-puede-permitirte-ahorrar.jpg\",\"contentUrl\":\"https:\/\/potenciaradiofonicadominicana.com\/portal\/wp-content\/uploads\/2022\/01\/7434_tu-patinete-electrico-puede-permitirte-ahorrar.jpg\",\"width\":670,\"height\":322},{\"@type\":\"BreadcrumbList\",\"@id\":\"https:\/\/potenciaradiofonicadominicana.com\/portal\/estrella-convirtiendose-en-enana-blanca-junto-a-un-pulsar\/#breadcrumb\",\"itemListElement\":[{\"@type\":\"ListItem\",\"position\":1,\"name\":\"Portada\",\"item\":\"https:\/\/potenciaradiofonicadominicana.com\/portal\/\"},{\"@type\":\"ListItem\",\"position\":2,\"name\":\"Tu patinete el\u00e9ctrico puede permitirte ahorrar en el recibo de la luz\"}]},{\"@type\":\"WebSite\",\"@id\":\"https:\/\/potenciaradiofonicadominicana.com\/portal\/#website\",\"url\":\"https:\/\/potenciaradiofonicadominicana.com\/portal\/\",\"name\":\"PotenciaRadiofonicaDominicana.com\",\"description\":\"Peri\u00f3dico Digital\",\"publisher\":{\"@id\":\"https:\/\/potenciaradiofonicadominicana.com\/portal\/#organization\"},\"potentialAction\":[{\"@type\":\"SearchAction\",\"target\":{\"@type\":\"EntryPoint\",\"urlTemplate\":\"https:\/\/potenciaradiofonicadominicana.com\/portal\/?s={search_term_string}\"},\"query-input\":{\"@type\":\"PropertyValueSpecification\",\"valueRequired\":true,\"valueName\":\"search_term_string\"}}],\"inLanguage\":\"es\"},{\"@type\":\"Organization\",\"@id\":\"https:\/\/potenciaradiofonicadominicana.com\/portal\/#organization\",\"name\":\"PotenciaRadiofonicaDominicana.com\",\"url\":\"https:\/\/potenciaradiofonicadominicana.com\/portal\/\",\"logo\":{\"@type\":\"ImageObject\",\"inLanguage\":\"es\",\"@id\":\"https:\/\/potenciaradiofonicadominicana.com\/portal\/#\/schema\/logo\/image\/\",\"url\":\"https:\/\/potenciaradiofonicadominicana.com\/portal\/wp-content\/uploads\/2022\/01\/descarga.png\",\"contentUrl\":\"https:\/\/potenciaradiofonicadominicana.com\/portal\/wp-content\/uploads\/2022\/01\/descarga.png\",\"width\":300,\"height\":100,\"caption\":\"PotenciaRadiofonicaDominicana.com\"},\"image\":{\"@id\":\"https:\/\/potenciaradiofonicadominicana.com\/portal\/#\/schema\/logo\/image\/\"},\"sameAs\":[\"https:\/\/web.facebook.com\/PotenciaRadiofonicaD\"]},{\"@type\":\"Person\",\"@id\":\"https:\/\/potenciaradiofonicadominicana.com\/portal\/#\/schema\/person\/a5cf1fea13877803ee0573ac18b03490\",\"name\":\"Potencia Radiof\u00f3nica Dominicana\",\"image\":{\"@type\":\"ImageObject\",\"inLanguage\":\"es\",\"@id\":\"https:\/\/potenciaradiofonicadominicana.com\/portal\/#\/schema\/person\/image\/\",\"url\":\"https:\/\/secure.gravatar.com\/avatar\/42a55ab9e8ccc656ba34cd791990602a?s=96&d=mm&r=g\",\"contentUrl\":\"https:\/\/secure.gravatar.com\/avatar\/42a55ab9e8ccc656ba34cd791990602a?s=96&d=mm&r=g\",\"caption\":\"Potencia Radiof\u00f3nica Dominicana\"},\"url\":\"https:\/\/potenciaradiofonicadominicana.com\/portal\/author\/johannyalmanzar\/\"}]}<\/script>\n<!-- \/ Yoast SEO plugin. -->","yoast_head_json":{"title":"Tu patinete el\u00e9ctrico puede permitirte ahorrar en el recibo de la luz - PotenciaRadiofonicaDominicana.com","robots":{"index":"index","follow":"follow","max-snippet":"max-snippet:-1","max-image-preview":"max-image-preview:large","max-video-preview":"max-video-preview:-1"},"canonical":"https:\/\/potenciaradiofonicadominicana.com\/portal\/estrella-convirtiendose-en-enana-blanca-junto-a-un-pulsar\/","og_locale":"es_ES","og_type":"article","og_title":"Tu patinete el\u00e9ctrico puede permitirte ahorrar en el recibo de la luz - PotenciaRadiofonicaDominicana.com","og_description":"&nbsp; Los resultados de una investigaci\u00f3n reciente revelan que las bater\u00edas de bicicletas y patinetes el\u00e9ctricos se pueden adaptar para ...","og_url":"https:\/\/potenciaradiofonicadominicana.com\/portal\/estrella-convirtiendose-en-enana-blanca-junto-a-un-pulsar\/","og_site_name":"PotenciaRadiofonicaDominicana.com","article_publisher":"https:\/\/web.facebook.com\/PotenciaRadiofonicaD","article_published_time":"2022-01-17T11:46:52+00:00","article_modified_time":"2022-01-17T12:23:08+00:00","og_image":[{"width":670,"height":322,"url":"https:\/\/potenciaradiofonicadominicana.com\/portal\/wp-content\/uploads\/2022\/01\/7434_tu-patinete-electrico-puede-permitirte-ahorrar.jpg","type":"image\/jpeg"}],"author":"Potencia Radiof\u00f3nica Dominicana","twitter_card":"summary_large_image","twitter_misc":{"Escrito por":"Potencia Radiof\u00f3nica Dominicana","Tiempo de lectura":"3 minutos"},"schema":{"@context":"https:\/\/schema.org","@graph":[{"@type":"Article","@id":"https:\/\/potenciaradiofonicadominicana.com\/portal\/estrella-convirtiendose-en-enana-blanca-junto-a-un-pulsar\/#article","isPartOf":{"@id":"https:\/\/potenciaradiofonicadominicana.com\/portal\/estrella-convirtiendose-en-enana-blanca-junto-a-un-pulsar\/"},"author":{"name":"Potencia Radiof\u00f3nica Dominicana","@id":"https:\/\/potenciaradiofonicadominicana.com\/portal\/#\/schema\/person\/a5cf1fea13877803ee0573ac18b03490"},"headline":"Tu patinete el\u00e9ctrico puede permitirte ahorrar en el recibo de la luz","datePublished":"2022-01-17T11:46:52+00:00","dateModified":"2022-01-17T12:23:08+00:00","mainEntityOfPage":{"@id":"https:\/\/potenciaradiofonicadominicana.com\/portal\/estrella-convirtiendose-en-enana-blanca-junto-a-un-pulsar\/"},"wordCount":548,"commentCount":0,"publisher":{"@id":"https:\/\/potenciaradiofonicadominicana.com\/portal\/#organization"},"image":{"@id":"https:\/\/potenciaradiofonicadominicana.com\/portal\/estrella-convirtiendose-en-enana-blanca-junto-a-un-pulsar\/#primaryimage"},"thumbnailUrl":"https:\/\/potenciaradiofonicadominicana.com\/portal\/wp-content\/uploads\/2022\/01\/7434_tu-patinete-electrico-puede-permitirte-ahorrar.jpg","articleSection":["Ciencia y Tecnolog\u00eda"],"inLanguage":"es","potentialAction":[{"@type":"CommentAction","name":"Comment","target":["https:\/\/potenciaradiofonicadominicana.com\/portal\/estrella-convirtiendose-en-enana-blanca-junto-a-un-pulsar\/#respond"]}]},{"@type":"WebPage","@id":"https:\/\/potenciaradiofonicadominicana.com\/portal\/estrella-convirtiendose-en-enana-blanca-junto-a-un-pulsar\/","url":"https:\/\/potenciaradiofonicadominicana.com\/portal\/estrella-convirtiendose-en-enana-blanca-junto-a-un-pulsar\/","name":"Tu patinete el\u00e9ctrico puede permitirte ahorrar en el recibo de la luz - PotenciaRadiofonicaDominicana.com","isPartOf":{"@id":"https:\/\/potenciaradiofonicadominicana.com\/portal\/#website"},"primaryImageOfPage":{"@id":"https:\/\/potenciaradiofonicadominicana.com\/portal\/estrella-convirtiendose-en-enana-blanca-junto-a-un-pulsar\/#primaryimage"},"image":{"@id":"https:\/\/potenciaradiofonicadominicana.com\/portal\/estrella-convirtiendose-en-enana-blanca-junto-a-un-pulsar\/#primaryimage"},"thumbnailUrl":"https:\/\/potenciaradiofonicadominicana.com\/portal\/wp-content\/uploads\/2022\/01\/7434_tu-patinete-electrico-puede-permitirte-ahorrar.jpg","datePublished":"2022-01-17T11:46:52+00:00","dateModified":"2022-01-17T12:23:08+00:00","breadcrumb":{"@id":"https:\/\/potenciaradiofonicadominicana.com\/portal\/estrella-convirtiendose-en-enana-blanca-junto-a-un-pulsar\/#breadcrumb"},"inLanguage":"es","potentialAction":[{"@type":"ReadAction","target":["https:\/\/potenciaradiofonicadominicana.com\/portal\/estrella-convirtiendose-en-enana-blanca-junto-a-un-pulsar\/"]}]},{"@type":"ImageObject","inLanguage":"es","@id":"https:\/\/potenciaradiofonicadominicana.com\/portal\/estrella-convirtiendose-en-enana-blanca-junto-a-un-pulsar\/#primaryimage","url":"https:\/\/potenciaradiofonicadominicana.com\/portal\/wp-content\/uploads\/2022\/01\/7434_tu-patinete-electrico-puede-permitirte-ahorrar.jpg","contentUrl":"https:\/\/potenciaradiofonicadominicana.com\/portal\/wp-content\/uploads\/2022\/01\/7434_tu-patinete-electrico-puede-permitirte-ahorrar.jpg","width":670,"height":322},{"@type":"BreadcrumbList","@id":"https:\/\/potenciaradiofonicadominicana.com\/portal\/estrella-convirtiendose-en-enana-blanca-junto-a-un-pulsar\/#breadcrumb","itemListElement":[{"@type":"ListItem","position":1,"name":"Portada","item":"https:\/\/potenciaradiofonicadominicana.com\/portal\/"},{"@type":"ListItem","position":2,"name":"Tu patinete el\u00e9ctrico puede permitirte ahorrar en el recibo de la luz"}]},{"@type":"WebSite","@id":"https:\/\/potenciaradiofonicadominicana.com\/portal\/#website","url":"https:\/\/potenciaradiofonicadominicana.com\/portal\/","name":"PotenciaRadiofonicaDominicana.com","description":"Peri\u00f3dico Digital","publisher":{"@id":"https:\/\/potenciaradiofonicadominicana.com\/portal\/#organization"},"potentialAction":[{"@type":"SearchAction","target":{"@type":"EntryPoint","urlTemplate":"https:\/\/potenciaradiofonicadominicana.com\/portal\/?s={search_term_string}"},"query-input":{"@type":"PropertyValueSpecification","valueRequired":true,"valueName":"search_term_string"}}],"inLanguage":"es"},{"@type":"Organization","@id":"https:\/\/potenciaradiofonicadominicana.com\/portal\/#organization","name":"PotenciaRadiofonicaDominicana.com","url":"https:\/\/potenciaradiofonicadominicana.com\/portal\/","logo":{"@type":"ImageObject","inLanguage":"es","@id":"https:\/\/potenciaradiofonicadominicana.com\/portal\/#\/schema\/logo\/image\/","url":"https:\/\/potenciaradiofonicadominicana.com\/portal\/wp-content\/uploads\/2022\/01\/descarga.png","contentUrl":"https:\/\/potenciaradiofonicadominicana.com\/portal\/wp-content\/uploads\/2022\/01\/descarga.png","width":300,"height":100,"caption":"PotenciaRadiofonicaDominicana.com"},"image":{"@id":"https:\/\/potenciaradiofonicadominicana.com\/portal\/#\/schema\/logo\/image\/"},"sameAs":["https:\/\/web.facebook.com\/PotenciaRadiofonicaD"]},{"@type":"Person","@id":"https:\/\/potenciaradiofonicadominicana.com\/portal\/#\/schema\/person\/a5cf1fea13877803ee0573ac18b03490","name":"Potencia Radiof\u00f3nica Dominicana","image":{"@type":"ImageObject","inLanguage":"es","@id":"https:\/\/potenciaradiofonicadominicana.com\/portal\/#\/schema\/person\/image\/","url":"https:\/\/secure.gravatar.com\/avatar\/42a55ab9e8ccc656ba34cd791990602a?s=96&d=mm&r=g","contentUrl":"https:\/\/secure.gravatar.com\/avatar\/42a55ab9e8ccc656ba34cd791990602a?s=96&d=mm&r=g","caption":"Potencia Radiof\u00f3nica Dominicana"},"url":"https:\/\/potenciaradiofonicadominicana.com\/portal\/author\/johannyalmanzar\/"}]}},"_links":{"self":[{"href":"https:\/\/potenciaradiofonicadominicana.com\/portal\/wp-json\/wp\/v2\/posts\/112548","targetHints":{"allow":["GET"]}}],"collection":[{"href":"https:\/\/potenciaradiofonicadominicana.com\/portal\/wp-json\/wp\/v2\/posts"}],"about":[{"href":"https:\/\/potenciaradiofonicadominicana.com\/portal\/wp-json\/wp\/v2\/types\/post"}],"author":[{"embeddable":true,"href":"https:\/\/potenciaradiofonicadominicana.com\/portal\/wp-json\/wp\/v2\/users\/2"}],"replies":[{"embeddable":true,"href":"https:\/\/potenciaradiofonicadominicana.com\/portal\/wp-json\/wp\/v2\/comments?post=112548"}],"version-history":[{"count":3,"href":"https:\/\/potenciaradiofonicadominicana.com\/portal\/wp-json\/wp\/v2\/posts\/112548\/revisions"}],"predecessor-version":[{"id":112588,"href":"https:\/\/potenciaradiofonicadominicana.com\/portal\/wp-json\/wp\/v2\/posts\/112548\/revisions\/112588"}],"wp:featuredmedia":[{"embeddable":true,"href":"https:\/\/potenciaradiofonicadominicana.com\/portal\/wp-json\/wp\/v2\/media\/112585"}],"wp:attachment":[{"href":"https:\/\/potenciaradiofonicadominicana.com\/portal\/wp-json\/wp\/v2\/media?parent=112548"}],"wp:term":[{"taxonomy":"category","embeddable":true,"href":"https:\/\/potenciaradiofonicadominicana.com\/portal\/wp-json\/wp\/v2\/categories?post=112548"},{"taxonomy":"post_tag","embeddable":true,"href":"https:\/\/potenciaradiofonicadominicana.com\/portal\/wp-json\/wp\/v2\/tags?post=112548"}],"curies":[{"name":"wp","href":"https:\/\/api.w.org\/{rel}","templated":true}]}}