{"id":112481,"date":"2022-01-16T20:08:25","date_gmt":"2022-01-17T00:08:25","guid":{"rendered":"https:\/\/potenciaradiofonicadominicana.com\/portal\/?p=112481"},"modified":"2022-01-16T20:08:25","modified_gmt":"2022-01-17T00:08:25","slug":"estados-unidos-registra-su-mayor-inflacion-en-40-anos","status":"publish","type":"post","link":"https:\/\/potenciaradiofonicadominicana.com\/portal\/estados-unidos-registra-su-mayor-inflacion-en-40-anos\/","title":{"rendered":"Estados Unidos registra su mayor inflaci\u00f3n en 40 a\u00f1os"},"content":{"rendered":"<p><a href=\"https:\/\/potenciaradiofonicadominicana.com\/portal\/wp-content\/uploads\/2022\/01\/alimentos-72ed8f7c-focus-0-0-895-573.jpg\"><img loading=\"lazy\" decoding=\"async\" class=\"alignnone size-full wp-image-112482\" src=\"https:\/\/potenciaradiofonicadominicana.com\/portal\/wp-content\/uploads\/2022\/01\/alimentos-72ed8f7c-focus-0-0-895-573.jpg\" alt=\"\" width=\"895\" height=\"573\" srcset=\"https:\/\/potenciaradiofonicadominicana.com\/portal\/wp-content\/uploads\/2022\/01\/alimentos-72ed8f7c-focus-0-0-895-573.jpg 895w, https:\/\/potenciaradiofonicadominicana.com\/portal\/wp-content\/uploads\/2022\/01\/alimentos-72ed8f7c-focus-0-0-895-573-300x192.jpg 300w, https:\/\/potenciaradiofonicadominicana.com\/portal\/wp-content\/uploads\/2022\/01\/alimentos-72ed8f7c-focus-0-0-895-573-768x492.jpg 768w\" sizes=\"auto, (max-width: 895px) 100vw, 895px\" \/><\/a><\/p>\n<p>La\u00a0<strong>inflaci\u00f3n<\/strong>\u00a0en\u00a0<strong>Estados Unidos<\/strong>\u00a0creci\u00f3 en el \u00faltimo mes a su ritmo m\u00e1s acelerado en casi 40 a\u00f1os, un incremento del 7 % respecto al a\u00f1o anterior que ha disparado los gastos de las familias, se ha comido los aumentos salariales y colocado presi\u00f3n sobre el presidente\u00a0<strong>Joe Biden<\/strong>\u00a0y la\u00a0<strong>Reserva Federal<\/strong>\u00a0para atender lo que se ha convertido en la mayor amenaza para la econom\u00eda estadounidense.<\/p>\n<p>Los precios de veh\u00edculos, gasolina, alimentos y muebles aumentaron considerablemente en 2021 como parte de una r\u00e1pida recuperaci\u00f3n a la recesi\u00f3n causada por la pandemia. Las enormes inyecciones de ayuda gubernamental y las tasas de inter\u00e9s extremadamente bajas ayudaron a impulsar la demanda de productos, mientras que las vacunas le dieron confianza a la poblaci\u00f3n para salir a cenar o de vacaciones.<\/p>\n<p>Mientras los estadounidenses aumentaban sus gastos, las cadenas de suministro pasaban apuros ante la escasez de mano de obra y materia prima, y esto magnific\u00f3 las presiones sobre los precios.<\/p>\n<p>El Departamento del Trabajo report\u00f3 el mi\u00e9rcoles que una medida de la\u00a0<strong>inflaci\u00f3n<\/strong>\u00a0que excluye los vol\u00e1tiles precios de los alimentos y la gasolina aument\u00f3 5.5 % en diciembre, tambi\u00e9n la mayor cifra en varias d\u00e9cadas. La\u00a0<strong>inflaci\u00f3n<\/strong>\u00a0general subi\u00f3 0.5 % respecto a noviembre, debajo del 0.8 % del mes anterior.<\/p>\n<p>Los aumentos de precios podr\u00edan desacelerarse en el futuro, una vez que se solucionen los problemas en las cadenas de suministro, pero la mayor\u00eda de los economistas coinciden en que la\u00a0<strong>inflaci\u00f3n<\/strong>\u00a0no volver\u00e1 pronto a los niveles previos a la llegada de la pandemia.<\/p>\n<p>\u201cNo hay indicios de reducci\u00f3n de la presi\u00f3n inflacionaria en\u00a0<strong>Estados Unidos<\/strong>\u201d, dijo James Knightley, economista internacional en jefe de la compa\u00f1\u00eda de servicios financieros ING. \u201cNo ha sido tan elevada desde los d\u00edas de Thatcher y Reagan. Podr\u00edamos estar cerca del punto m\u00e1s alto, pero existe el riesgo de que la\u00a0<strong>inflaci\u00f3n<\/strong>\u00a0siga m\u00e1s elevada por m\u00e1s tiempo\u201d.<\/p>\n<p>La elevada\u00a0<strong>inflaci\u00f3n<\/strong>\u00a0no es un problema exclusivo de\u00a0<strong>Estados Unidos<\/strong>. En los 19 pa\u00edses europeos que utilizan el euro como moneda, la\u00a0<strong>inflaci\u00f3n<\/strong>\u00a0aument\u00f3 5 % durante diciembre en comparaci\u00f3n con el a\u00f1o anterior, el mayor aumento del que se tenga registro.<\/p>\n<p>Compa\u00f1\u00edas de todos los tama\u00f1os hacen lo que pueden para adaptarse.<\/p>\n<p>Nicole Pomije, propietaria de una pasteler\u00eda en el \u00e1rea metropolitana de Minneapolis, dijo que planea subir el precio de sus galletas debido al alza en los costos de los ingredientes.<\/p>\n<p>Sus galletas b\u00e1sicas costaban 99 centavos cada una, mientras que las versiones premium se vend\u00edan a 1.50 d\u00f3lares. Pero Pomije dijo que el precio de las galletas b\u00e1sicas tendr\u00e1 que aumentar al costo de las galletas premium.<\/p>\n<p>\u201cTenemos que ganar algo de dinero\u201d, manifest\u00f3. \u201cNo queremos perder a nuestros clientes. Pero creo que podr\u00eda suceder\u201d.<\/p>\n","protected":false},"excerpt":{"rendered":"<p>La\u00a0inflaci\u00f3n\u00a0en\u00a0Estados Unidos\u00a0creci\u00f3 en el \u00faltimo mes a su ritmo m\u00e1s acelerado en casi 40 a\u00f1os, un incremento del 7 % &#8230;<\/p>\n","protected":false},"author":2,"featured_media":112482,"comment_status":"open","ping_status":"open","sticky":false,"template":"","format":"standard","meta":{"footnotes":""},"categories":[26],"tags":[],"class_list":["post-112481","post","type-post","status-publish","format-standard","has-post-thumbnail","hentry","category-economia"],"yoast_head":"<!-- This site is optimized with the Yoast SEO plugin v24.8.1 - https:\/\/yoast.com\/wordpress\/plugins\/seo\/ -->\n<title>Estados Unidos registra su mayor inflaci\u00f3n en 40 a\u00f1os - PotenciaRadiofonicaDominicana.com<\/title>\n<meta name=\"robots\" content=\"index, follow, max-snippet:-1, max-image-preview:large, max-video-preview:-1\" \/>\n<link rel=\"canonical\" href=\"https:\/\/potenciaradiofonicadominicana.com\/portal\/estados-unidos-registra-su-mayor-inflacion-en-40-anos\/\" \/>\n<meta property=\"og:locale\" content=\"es_ES\" \/>\n<meta property=\"og:type\" content=\"article\" \/>\n<meta property=\"og:title\" content=\"Estados Unidos registra su mayor inflaci\u00f3n en 40 a\u00f1os - PotenciaRadiofonicaDominicana.com\" \/>\n<meta property=\"og:description\" content=\"La\u00a0inflaci\u00f3n\u00a0en\u00a0Estados Unidos\u00a0creci\u00f3 en el \u00faltimo mes a su ritmo m\u00e1s acelerado en casi 40 a\u00f1os, un incremento del 7 % ...\" \/>\n<meta property=\"og:url\" content=\"https:\/\/potenciaradiofonicadominicana.com\/portal\/estados-unidos-registra-su-mayor-inflacion-en-40-anos\/\" \/>\n<meta property=\"og:site_name\" content=\"PotenciaRadiofonicaDominicana.com\" \/>\n<meta property=\"article:publisher\" content=\"https:\/\/web.facebook.com\/PotenciaRadiofonicaD\" \/>\n<meta property=\"article:published_time\" content=\"2022-01-17T00:08:25+00:00\" \/>\n<meta property=\"og:image\" content=\"https:\/\/potenciaradiofonicadominicana.com\/portal\/wp-content\/uploads\/2022\/01\/alimentos-72ed8f7c-focus-0-0-895-573.jpg\" \/>\n\t<meta property=\"og:image:width\" content=\"895\" \/>\n\t<meta property=\"og:image:height\" content=\"573\" \/>\n\t<meta property=\"og:image:type\" content=\"image\/jpeg\" \/>\n<meta name=\"author\" content=\"Potencia Radiof\u00f3nica Dominicana\" \/>\n<meta name=\"twitter:card\" content=\"summary_large_image\" \/>\n<meta name=\"twitter:label1\" content=\"Escrito por\" \/>\n\t<meta name=\"twitter:data1\" content=\"Potencia Radiof\u00f3nica Dominicana\" \/>\n\t<meta name=\"twitter:label2\" content=\"Tiempo de lectura\" \/>\n\t<meta name=\"twitter:data2\" content=\"2 minutos\" \/>\n<script type=\"application\/ld+json\" class=\"yoast-schema-graph\">{\"@context\":\"https:\/\/schema.org\",\"@graph\":[{\"@type\":\"Article\",\"@id\":\"https:\/\/potenciaradiofonicadominicana.com\/portal\/estados-unidos-registra-su-mayor-inflacion-en-40-anos\/#article\",\"isPartOf\":{\"@id\":\"https:\/\/potenciaradiofonicadominicana.com\/portal\/estados-unidos-registra-su-mayor-inflacion-en-40-anos\/\"},\"author\":{\"name\":\"Potencia Radiof\u00f3nica Dominicana\",\"@id\":\"https:\/\/potenciaradiofonicadominicana.com\/portal\/#\/schema\/person\/a5cf1fea13877803ee0573ac18b03490\"},\"headline\":\"Estados Unidos registra su mayor inflaci\u00f3n en 40 a\u00f1os\",\"datePublished\":\"2022-01-17T00:08:25+00:00\",\"mainEntityOfPage\":{\"@id\":\"https:\/\/potenciaradiofonicadominicana.com\/portal\/estados-unidos-registra-su-mayor-inflacion-en-40-anos\/\"},\"wordCount\":494,\"commentCount\":0,\"publisher\":{\"@id\":\"https:\/\/potenciaradiofonicadominicana.com\/portal\/#organization\"},\"image\":{\"@id\":\"https:\/\/potenciaradiofonicadominicana.com\/portal\/estados-unidos-registra-su-mayor-inflacion-en-40-anos\/#primaryimage\"},\"thumbnailUrl\":\"https:\/\/potenciaradiofonicadominicana.com\/portal\/wp-content\/uploads\/2022\/01\/alimentos-72ed8f7c-focus-0-0-895-573.jpg\",\"articleSection\":[\"Econom\u00eda\"],\"inLanguage\":\"es\",\"potentialAction\":[{\"@type\":\"CommentAction\",\"name\":\"Comment\",\"target\":[\"https:\/\/potenciaradiofonicadominicana.com\/portal\/estados-unidos-registra-su-mayor-inflacion-en-40-anos\/#respond\"]}]},{\"@type\":\"WebPage\",\"@id\":\"https:\/\/potenciaradiofonicadominicana.com\/portal\/estados-unidos-registra-su-mayor-inflacion-en-40-anos\/\",\"url\":\"https:\/\/potenciaradiofonicadominicana.com\/portal\/estados-unidos-registra-su-mayor-inflacion-en-40-anos\/\",\"name\":\"Estados Unidos registra su mayor inflaci\u00f3n en 40 a\u00f1os - PotenciaRadiofonicaDominicana.com\",\"isPartOf\":{\"@id\":\"https:\/\/potenciaradiofonicadominicana.com\/portal\/#website\"},\"primaryImageOfPage\":{\"@id\":\"https:\/\/potenciaradiofonicadominicana.com\/portal\/estados-unidos-registra-su-mayor-inflacion-en-40-anos\/#primaryimage\"},\"image\":{\"@id\":\"https:\/\/potenciaradiofonicadominicana.com\/portal\/estados-unidos-registra-su-mayor-inflacion-en-40-anos\/#primaryimage\"},\"thumbnailUrl\":\"https:\/\/potenciaradiofonicadominicana.com\/portal\/wp-content\/uploads\/2022\/01\/alimentos-72ed8f7c-focus-0-0-895-573.jpg\",\"datePublished\":\"2022-01-17T00:08:25+00:00\",\"breadcrumb\":{\"@id\":\"https:\/\/potenciaradiofonicadominicana.com\/portal\/estados-unidos-registra-su-mayor-inflacion-en-40-anos\/#breadcrumb\"},\"inLanguage\":\"es\",\"potentialAction\":[{\"@type\":\"ReadAction\",\"target\":[\"https:\/\/potenciaradiofonicadominicana.com\/portal\/estados-unidos-registra-su-mayor-inflacion-en-40-anos\/\"]}]},{\"@type\":\"ImageObject\",\"inLanguage\":\"es\",\"@id\":\"https:\/\/potenciaradiofonicadominicana.com\/portal\/estados-unidos-registra-su-mayor-inflacion-en-40-anos\/#primaryimage\",\"url\":\"https:\/\/potenciaradiofonicadominicana.com\/portal\/wp-content\/uploads\/2022\/01\/alimentos-72ed8f7c-focus-0-0-895-573.jpg\",\"contentUrl\":\"https:\/\/potenciaradiofonicadominicana.com\/portal\/wp-content\/uploads\/2022\/01\/alimentos-72ed8f7c-focus-0-0-895-573.jpg\",\"width\":895,\"height\":573},{\"@type\":\"BreadcrumbList\",\"@id\":\"https:\/\/potenciaradiofonicadominicana.com\/portal\/estados-unidos-registra-su-mayor-inflacion-en-40-anos\/#breadcrumb\",\"itemListElement\":[{\"@type\":\"ListItem\",\"position\":1,\"name\":\"Portada\",\"item\":\"https:\/\/potenciaradiofonicadominicana.com\/portal\/\"},{\"@type\":\"ListItem\",\"position\":2,\"name\":\"Estados Unidos registra su mayor inflaci\u00f3n en 40 a\u00f1os\"}]},{\"@type\":\"WebSite\",\"@id\":\"https:\/\/potenciaradiofonicadominicana.com\/portal\/#website\",\"url\":\"https:\/\/potenciaradiofonicadominicana.com\/portal\/\",\"name\":\"PotenciaRadiofonicaDominicana.com\",\"description\":\"Peri\u00f3dico Digital\",\"publisher\":{\"@id\":\"https:\/\/potenciaradiofonicadominicana.com\/portal\/#organization\"},\"potentialAction\":[{\"@type\":\"SearchAction\",\"target\":{\"@type\":\"EntryPoint\",\"urlTemplate\":\"https:\/\/potenciaradiofonicadominicana.com\/portal\/?s={search_term_string}\"},\"query-input\":{\"@type\":\"PropertyValueSpecification\",\"valueRequired\":true,\"valueName\":\"search_term_string\"}}],\"inLanguage\":\"es\"},{\"@type\":\"Organization\",\"@id\":\"https:\/\/potenciaradiofonicadominicana.com\/portal\/#organization\",\"name\":\"PotenciaRadiofonicaDominicana.com\",\"url\":\"https:\/\/potenciaradiofonicadominicana.com\/portal\/\",\"logo\":{\"@type\":\"ImageObject\",\"inLanguage\":\"es\",\"@id\":\"https:\/\/potenciaradiofonicadominicana.com\/portal\/#\/schema\/logo\/image\/\",\"url\":\"https:\/\/potenciaradiofonicadominicana.com\/portal\/wp-content\/uploads\/2022\/01\/descarga.png\",\"contentUrl\":\"https:\/\/potenciaradiofonicadominicana.com\/portal\/wp-content\/uploads\/2022\/01\/descarga.png\",\"width\":300,\"height\":100,\"caption\":\"PotenciaRadiofonicaDominicana.com\"},\"image\":{\"@id\":\"https:\/\/potenciaradiofonicadominicana.com\/portal\/#\/schema\/logo\/image\/\"},\"sameAs\":[\"https:\/\/web.facebook.com\/PotenciaRadiofonicaD\"]},{\"@type\":\"Person\",\"@id\":\"https:\/\/potenciaradiofonicadominicana.com\/portal\/#\/schema\/person\/a5cf1fea13877803ee0573ac18b03490\",\"name\":\"Potencia Radiof\u00f3nica Dominicana\",\"image\":{\"@type\":\"ImageObject\",\"inLanguage\":\"es\",\"@id\":\"https:\/\/potenciaradiofonicadominicana.com\/portal\/#\/schema\/person\/image\/\",\"url\":\"https:\/\/secure.gravatar.com\/avatar\/42a55ab9e8ccc656ba34cd791990602a?s=96&d=mm&r=g\",\"contentUrl\":\"https:\/\/secure.gravatar.com\/avatar\/42a55ab9e8ccc656ba34cd791990602a?s=96&d=mm&r=g\",\"caption\":\"Potencia Radiof\u00f3nica Dominicana\"},\"url\":\"https:\/\/potenciaradiofonicadominicana.com\/portal\/author\/johannyalmanzar\/\"}]}<\/script>\n<!-- \/ Yoast SEO plugin. -->","yoast_head_json":{"title":"Estados Unidos registra su mayor inflaci\u00f3n en 40 a\u00f1os - PotenciaRadiofonicaDominicana.com","robots":{"index":"index","follow":"follow","max-snippet":"max-snippet:-1","max-image-preview":"max-image-preview:large","max-video-preview":"max-video-preview:-1"},"canonical":"https:\/\/potenciaradiofonicadominicana.com\/portal\/estados-unidos-registra-su-mayor-inflacion-en-40-anos\/","og_locale":"es_ES","og_type":"article","og_title":"Estados Unidos registra su mayor inflaci\u00f3n en 40 a\u00f1os - PotenciaRadiofonicaDominicana.com","og_description":"La\u00a0inflaci\u00f3n\u00a0en\u00a0Estados Unidos\u00a0creci\u00f3 en el \u00faltimo mes a su ritmo m\u00e1s acelerado en casi 40 a\u00f1os, un incremento del 7 % ...","og_url":"https:\/\/potenciaradiofonicadominicana.com\/portal\/estados-unidos-registra-su-mayor-inflacion-en-40-anos\/","og_site_name":"PotenciaRadiofonicaDominicana.com","article_publisher":"https:\/\/web.facebook.com\/PotenciaRadiofonicaD","article_published_time":"2022-01-17T00:08:25+00:00","og_image":[{"width":895,"height":573,"url":"https:\/\/potenciaradiofonicadominicana.com\/portal\/wp-content\/uploads\/2022\/01\/alimentos-72ed8f7c-focus-0-0-895-573.jpg","type":"image\/jpeg"}],"author":"Potencia Radiof\u00f3nica Dominicana","twitter_card":"summary_large_image","twitter_misc":{"Escrito por":"Potencia Radiof\u00f3nica Dominicana","Tiempo de lectura":"2 minutos"},"schema":{"@context":"https:\/\/schema.org","@graph":[{"@type":"Article","@id":"https:\/\/potenciaradiofonicadominicana.com\/portal\/estados-unidos-registra-su-mayor-inflacion-en-40-anos\/#article","isPartOf":{"@id":"https:\/\/potenciaradiofonicadominicana.com\/portal\/estados-unidos-registra-su-mayor-inflacion-en-40-anos\/"},"author":{"name":"Potencia Radiof\u00f3nica Dominicana","@id":"https:\/\/potenciaradiofonicadominicana.com\/portal\/#\/schema\/person\/a5cf1fea13877803ee0573ac18b03490"},"headline":"Estados Unidos registra su mayor inflaci\u00f3n en 40 a\u00f1os","datePublished":"2022-01-17T00:08:25+00:00","mainEntityOfPage":{"@id":"https:\/\/potenciaradiofonicadominicana.com\/portal\/estados-unidos-registra-su-mayor-inflacion-en-40-anos\/"},"wordCount":494,"commentCount":0,"publisher":{"@id":"https:\/\/potenciaradiofonicadominicana.com\/portal\/#organization"},"image":{"@id":"https:\/\/potenciaradiofonicadominicana.com\/portal\/estados-unidos-registra-su-mayor-inflacion-en-40-anos\/#primaryimage"},"thumbnailUrl":"https:\/\/potenciaradiofonicadominicana.com\/portal\/wp-content\/uploads\/2022\/01\/alimentos-72ed8f7c-focus-0-0-895-573.jpg","articleSection":["Econom\u00eda"],"inLanguage":"es","potentialAction":[{"@type":"CommentAction","name":"Comment","target":["https:\/\/potenciaradiofonicadominicana.com\/portal\/estados-unidos-registra-su-mayor-inflacion-en-40-anos\/#respond"]}]},{"@type":"WebPage","@id":"https:\/\/potenciaradiofonicadominicana.com\/portal\/estados-unidos-registra-su-mayor-inflacion-en-40-anos\/","url":"https:\/\/potenciaradiofonicadominicana.com\/portal\/estados-unidos-registra-su-mayor-inflacion-en-40-anos\/","name":"Estados Unidos registra su mayor inflaci\u00f3n en 40 a\u00f1os - PotenciaRadiofonicaDominicana.com","isPartOf":{"@id":"https:\/\/potenciaradiofonicadominicana.com\/portal\/#website"},"primaryImageOfPage":{"@id":"https:\/\/potenciaradiofonicadominicana.com\/portal\/estados-unidos-registra-su-mayor-inflacion-en-40-anos\/#primaryimage"},"image":{"@id":"https:\/\/potenciaradiofonicadominicana.com\/portal\/estados-unidos-registra-su-mayor-inflacion-en-40-anos\/#primaryimage"},"thumbnailUrl":"https:\/\/potenciaradiofonicadominicana.com\/portal\/wp-content\/uploads\/2022\/01\/alimentos-72ed8f7c-focus-0-0-895-573.jpg","datePublished":"2022-01-17T00:08:25+00:00","breadcrumb":{"@id":"https:\/\/potenciaradiofonicadominicana.com\/portal\/estados-unidos-registra-su-mayor-inflacion-en-40-anos\/#breadcrumb"},"inLanguage":"es","potentialAction":[{"@type":"ReadAction","target":["https:\/\/potenciaradiofonicadominicana.com\/portal\/estados-unidos-registra-su-mayor-inflacion-en-40-anos\/"]}]},{"@type":"ImageObject","inLanguage":"es","@id":"https:\/\/potenciaradiofonicadominicana.com\/portal\/estados-unidos-registra-su-mayor-inflacion-en-40-anos\/#primaryimage","url":"https:\/\/potenciaradiofonicadominicana.com\/portal\/wp-content\/uploads\/2022\/01\/alimentos-72ed8f7c-focus-0-0-895-573.jpg","contentUrl":"https:\/\/potenciaradiofonicadominicana.com\/portal\/wp-content\/uploads\/2022\/01\/alimentos-72ed8f7c-focus-0-0-895-573.jpg","width":895,"height":573},{"@type":"BreadcrumbList","@id":"https:\/\/potenciaradiofonicadominicana.com\/portal\/estados-unidos-registra-su-mayor-inflacion-en-40-anos\/#breadcrumb","itemListElement":[{"@type":"ListItem","position":1,"name":"Portada","item":"https:\/\/potenciaradiofonicadominicana.com\/portal\/"},{"@type":"ListItem","position":2,"name":"Estados Unidos registra su mayor inflaci\u00f3n en 40 a\u00f1os"}]},{"@type":"WebSite","@id":"https:\/\/potenciaradiofonicadominicana.com\/portal\/#website","url":"https:\/\/potenciaradiofonicadominicana.com\/portal\/","name":"PotenciaRadiofonicaDominicana.com","description":"Peri\u00f3dico Digital","publisher":{"@id":"https:\/\/potenciaradiofonicadominicana.com\/portal\/#organization"},"potentialAction":[{"@type":"SearchAction","target":{"@type":"EntryPoint","urlTemplate":"https:\/\/potenciaradiofonicadominicana.com\/portal\/?s={search_term_string}"},"query-input":{"@type":"PropertyValueSpecification","valueRequired":true,"valueName":"search_term_string"}}],"inLanguage":"es"},{"@type":"Organization","@id":"https:\/\/potenciaradiofonicadominicana.com\/portal\/#organization","name":"PotenciaRadiofonicaDominicana.com","url":"https:\/\/potenciaradiofonicadominicana.com\/portal\/","logo":{"@type":"ImageObject","inLanguage":"es","@id":"https:\/\/potenciaradiofonicadominicana.com\/portal\/#\/schema\/logo\/image\/","url":"https:\/\/potenciaradiofonicadominicana.com\/portal\/wp-content\/uploads\/2022\/01\/descarga.png","contentUrl":"https:\/\/potenciaradiofonicadominicana.com\/portal\/wp-content\/uploads\/2022\/01\/descarga.png","width":300,"height":100,"caption":"PotenciaRadiofonicaDominicana.com"},"image":{"@id":"https:\/\/potenciaradiofonicadominicana.com\/portal\/#\/schema\/logo\/image\/"},"sameAs":["https:\/\/web.facebook.com\/PotenciaRadiofonicaD"]},{"@type":"Person","@id":"https:\/\/potenciaradiofonicadominicana.com\/portal\/#\/schema\/person\/a5cf1fea13877803ee0573ac18b03490","name":"Potencia Radiof\u00f3nica Dominicana","image":{"@type":"ImageObject","inLanguage":"es","@id":"https:\/\/potenciaradiofonicadominicana.com\/portal\/#\/schema\/person\/image\/","url":"https:\/\/secure.gravatar.com\/avatar\/42a55ab9e8ccc656ba34cd791990602a?s=96&d=mm&r=g","contentUrl":"https:\/\/secure.gravatar.com\/avatar\/42a55ab9e8ccc656ba34cd791990602a?s=96&d=mm&r=g","caption":"Potencia Radiof\u00f3nica Dominicana"},"url":"https:\/\/potenciaradiofonicadominicana.com\/portal\/author\/johannyalmanzar\/"}]}},"_links":{"self":[{"href":"https:\/\/potenciaradiofonicadominicana.com\/portal\/wp-json\/wp\/v2\/posts\/112481","targetHints":{"allow":["GET"]}}],"collection":[{"href":"https:\/\/potenciaradiofonicadominicana.com\/portal\/wp-json\/wp\/v2\/posts"}],"about":[{"href":"https:\/\/potenciaradiofonicadominicana.com\/portal\/wp-json\/wp\/v2\/types\/post"}],"author":[{"embeddable":true,"href":"https:\/\/potenciaradiofonicadominicana.com\/portal\/wp-json\/wp\/v2\/users\/2"}],"replies":[{"embeddable":true,"href":"https:\/\/potenciaradiofonicadominicana.com\/portal\/wp-json\/wp\/v2\/comments?post=112481"}],"version-history":[{"count":1,"href":"https:\/\/potenciaradiofonicadominicana.com\/portal\/wp-json\/wp\/v2\/posts\/112481\/revisions"}],"predecessor-version":[{"id":112483,"href":"https:\/\/potenciaradiofonicadominicana.com\/portal\/wp-json\/wp\/v2\/posts\/112481\/revisions\/112483"}],"wp:featuredmedia":[{"embeddable":true,"href":"https:\/\/potenciaradiofonicadominicana.com\/portal\/wp-json\/wp\/v2\/media\/112482"}],"wp:attachment":[{"href":"https:\/\/potenciaradiofonicadominicana.com\/portal\/wp-json\/wp\/v2\/media?parent=112481"}],"wp:term":[{"taxonomy":"category","embeddable":true,"href":"https:\/\/potenciaradiofonicadominicana.com\/portal\/wp-json\/wp\/v2\/categories?post=112481"},{"taxonomy":"post_tag","embeddable":true,"href":"https:\/\/potenciaradiofonicadominicana.com\/portal\/wp-json\/wp\/v2\/tags?post=112481"}],"curies":[{"name":"wp","href":"https:\/\/api.w.org\/{rel}","templated":true}]}}