{"id":112478,"date":"2022-01-16T20:06:56","date_gmt":"2022-01-17T00:06:56","guid":{"rendered":"https:\/\/potenciaradiofonicadominicana.com\/portal\/?p=112478"},"modified":"2022-01-16T20:06:56","modified_gmt":"2022-01-17T00:06:56","slug":"el-eurogrupo-iniciara-2022-con-un-nuevo-debate-sobre-las-reglas-fiscales","status":"publish","type":"post","link":"https:\/\/potenciaradiofonicadominicana.com\/portal\/el-eurogrupo-iniciara-2022-con-un-nuevo-debate-sobre-las-reglas-fiscales\/","title":{"rendered":"El Eurogrupo iniciar\u00e1 2022 con un nuevo debate sobre las reglas fiscales"},"content":{"rendered":"<p><a href=\"https:\/\/potenciaradiofonicadominicana.com\/portal\/wp-content\/uploads\/2022\/01\/euros-shutterstock-6acd6085-focus-0-0-895-573.jpg\"><img loading=\"lazy\" decoding=\"async\" class=\"alignnone size-full wp-image-112479\" src=\"https:\/\/potenciaradiofonicadominicana.com\/portal\/wp-content\/uploads\/2022\/01\/euros-shutterstock-6acd6085-focus-0-0-895-573.jpg\" alt=\"\" width=\"693\" height=\"370\" srcset=\"https:\/\/potenciaradiofonicadominicana.com\/portal\/wp-content\/uploads\/2022\/01\/euros-shutterstock-6acd6085-focus-0-0-895-573.jpg 693w, https:\/\/potenciaradiofonicadominicana.com\/portal\/wp-content\/uploads\/2022\/01\/euros-shutterstock-6acd6085-focus-0-0-895-573-300x160.jpg 300w\" sizes=\"auto, (max-width: 693px) 100vw, 693px\" \/><\/a><\/p>\n<p>Los\u00a0<strong>ministros de Econom\u00eda y Finanzas<\/strong>\u00a0de la\u00a0<strong>zona euro<\/strong>\u00a0(<strong>Eurogrupo<\/strong>) estrenan este lunes sus reuniones de 2022 con un nuevo debate sobre el futuro de la gobernanza econ\u00f3mica de la moneda com\u00fan, que incluye la revisi\u00f3n de las reglas fiscales, con el foco puesto en elementos como los planes presupuestarios que cada a\u00f1o tienen que enviar las capitales a Bruselas y su vigilancia.<\/p>\n<p>El encuentro, en el que participar\u00e1 la vicepresidenta espa\u00f1ola de Asuntos Econ\u00f3micos, Nadia Calvi\u00f1o, servir\u00e1 tambi\u00e9n para que los\u00a0<strong>responsables econ\u00f3micos<\/strong>\u00a0de los Diecinueve hagan una vez m\u00e1s balance de las medidas adoptadas en el bloque para apoyar la recuperaci\u00f3n postpandemia.<\/p>\n<p>De esta forma, el\u00a0<strong>Eurogrupo<\/strong>\u00a0inicia el a\u00f1o con uno de los temas que m\u00e1s divisiones genera entre los socios del euro como es la reforma de las reglas fiscales, suspendidas desde el inicio de la pandemia y que volver\u00e1n a aplicarse a partir de 2023.<\/p>\n<p>Los pa\u00edses del norte y del centro del bloque -Alemania, Austria, Pa\u00edses Bajos y los n\u00f3rdicos- siempre han defendido unas reglas estrictas que den prioridad a la consolidaci\u00f3n fiscal, mientras que los socios del sur, como Francia, Espa\u00f1a e Italia, piden m\u00e1s flexibilidad y un nuevo dise\u00f1o que favorezca las inversiones en las transiciones verde y digital.<\/p>\n<p>Con esta divisi\u00f3n de bloques conocida desde hace tiempo, el\u00a0<strong>Eurogrupo<\/strong>\u00a0debatir\u00e1 este lunes sobre aquellos elementos del Pacto de Estabilidad y Crecimiento que implican a la\u00a0<strong>zona euro<\/strong>, como el papel de los planes presupuestarios anuales o las sanciones ante posibles incumplimientos de los l\u00edmites de d\u00e9ficit y deuda.<\/p>\n<p>No se esperan grandes decisiones sobre este asunto este lunes y el inter\u00e9s reside en que ser\u00e1 la primera discusi\u00f3n sobre las reglas fiscales con los nuevos ministros de Finanzas de Alemania, el liberal Christian Lindner, y Pa\u00edses Bajos, la socioliberal Sigrid Kaag.<\/p>\n<p>Sobre el segundo de estos pa\u00edses, uno de los m\u00e1s pa\u00edses m\u00e1s duros tradicionalmente, fuentes diplom\u00e1ticas afirman que el reciente acuerdo de coalici\u00f3n deja \u201cmucho m\u00e1s margen para la inversi\u00f3n\u201d en las reglas europeas, aunque el pa\u00eds seguir\u00e1 apostando por la sostenibilidad de las cuentas p\u00fablicas.<\/p>\n<p>Otro punto en la agenda del\u00a0<strong>Eurogrupo<\/strong>\u00a0se centrar\u00e1 en evaluar la marcha de la recuperaci\u00f3n econ\u00f3mica, un debate muy recurrente en las \u00faltimas reuniones de los ministros de Finanzas de la eurozona.<\/p>\n<p>En este caso, los Diecinueve evaluar\u00e1n la eficacia de las medidas desplegadas tanto a nivel nacional como europeo para contrarrestar el impacto econ\u00f3mico que ha provocado el virus durante los \u00faltimos dos a\u00f1os.<\/p>\n<p>Con respecto a esto, un alto funcionario europeo recuerda las \u201ccr\u00edticas\u201d dirigidas el a\u00f1o pasado a la UE y las \u201ccomparaciones\u201d que se hicieron con Estados Unidos, pero subraya que ahora \u201cla evaluaci\u00f3n ha cambiado\u201d y \u201cparece que la eurozona calibr\u00f3 bastante bien su pol\u00edtica\u201d, manteniendo la capacidad productiva y no \u201csobrecalentando\u201d la econom\u00eda.<\/p>\n<p>Por otro lado, el\u00a0<strong>Eurogrupo<\/strong>\u00a0volver\u00e1 a examinar las \u201cvulnerabilidades\u201d del sector empresarial en otro punto de la agenda que es habitual en las \u00faltimas reuniones, puesto que preocupa entre los socios del euro que la retirada de las ayudas aumente las quiebras de empresas.<\/p>\n<p>El objetivo es \u201cprepararse para distintos escenarios\u201d, apuntan las mismas fuentes, que a\u00f1aden sin embargo que el n\u00famero de insolvencias sigue siendo \u201csorprendentemente bajo\u201d, lo que es \u201ctestimonio\u201d de la eficacia de las medidas de apoyo adoptadas.<\/p>\n<p>Por \u00faltimo, el\u00a0<strong>Eurogrupo<\/strong>\u00a0analizar\u00e1, acompa\u00f1ado del resto de\u00a0<strong>ministros de Econom\u00eda y Finanzas<\/strong>\u00a0de la UE, los progresos conseguidos para completar la Uni\u00f3n Bancaria, en especial la ratificaci\u00f3n del nuevo tratado del fondo europeo de rescates (MEDE).<\/p>\n","protected":false},"excerpt":{"rendered":"<p>Los\u00a0ministros de Econom\u00eda y Finanzas\u00a0de la\u00a0zona euro\u00a0(Eurogrupo) estrenan este lunes sus reuniones de 2022 con un nuevo debate sobre el &#8230;<\/p>\n","protected":false},"author":2,"featured_media":112479,"comment_status":"open","ping_status":"open","sticky":false,"template":"","format":"standard","meta":{"footnotes":""},"categories":[26],"tags":[],"class_list":["post-112478","post","type-post","status-publish","format-standard","has-post-thumbnail","hentry","category-economia"],"yoast_head":"<!-- This site is optimized with the Yoast SEO plugin v24.8.1 - https:\/\/yoast.com\/wordpress\/plugins\/seo\/ -->\n<title>El Eurogrupo iniciar\u00e1 2022 con un nuevo debate sobre las reglas fiscales - PotenciaRadiofonicaDominicana.com<\/title>\n<meta name=\"robots\" content=\"index, follow, max-snippet:-1, max-image-preview:large, max-video-preview:-1\" \/>\n<link rel=\"canonical\" href=\"https:\/\/potenciaradiofonicadominicana.com\/portal\/el-eurogrupo-iniciara-2022-con-un-nuevo-debate-sobre-las-reglas-fiscales\/\" \/>\n<meta property=\"og:locale\" content=\"es_ES\" \/>\n<meta property=\"og:type\" content=\"article\" \/>\n<meta property=\"og:title\" content=\"El Eurogrupo iniciar\u00e1 2022 con un nuevo debate sobre las reglas fiscales - PotenciaRadiofonicaDominicana.com\" \/>\n<meta property=\"og:description\" content=\"Los\u00a0ministros de Econom\u00eda y Finanzas\u00a0de la\u00a0zona euro\u00a0(Eurogrupo) estrenan este lunes sus reuniones de 2022 con un nuevo debate sobre el ...\" \/>\n<meta property=\"og:url\" content=\"https:\/\/potenciaradiofonicadominicana.com\/portal\/el-eurogrupo-iniciara-2022-con-un-nuevo-debate-sobre-las-reglas-fiscales\/\" \/>\n<meta property=\"og:site_name\" content=\"PotenciaRadiofonicaDominicana.com\" \/>\n<meta property=\"article:publisher\" content=\"https:\/\/web.facebook.com\/PotenciaRadiofonicaD\" \/>\n<meta property=\"article:published_time\" content=\"2022-01-17T00:06:56+00:00\" \/>\n<meta property=\"og:image\" content=\"https:\/\/potenciaradiofonicadominicana.com\/portal\/wp-content\/uploads\/2022\/01\/euros-shutterstock-6acd6085-focus-0-0-895-573.jpg\" \/>\n\t<meta property=\"og:image:width\" content=\"693\" \/>\n\t<meta property=\"og:image:height\" content=\"370\" \/>\n\t<meta property=\"og:image:type\" content=\"image\/jpeg\" \/>\n<meta name=\"author\" content=\"Potencia Radiof\u00f3nica Dominicana\" \/>\n<meta name=\"twitter:card\" content=\"summary_large_image\" \/>\n<meta name=\"twitter:label1\" content=\"Escrito por\" \/>\n\t<meta name=\"twitter:data1\" content=\"Potencia Radiof\u00f3nica Dominicana\" \/>\n\t<meta name=\"twitter:label2\" content=\"Tiempo de lectura\" \/>\n\t<meta name=\"twitter:data2\" content=\"3 minutos\" \/>\n<script type=\"application\/ld+json\" class=\"yoast-schema-graph\">{\"@context\":\"https:\/\/schema.org\",\"@graph\":[{\"@type\":\"Article\",\"@id\":\"https:\/\/potenciaradiofonicadominicana.com\/portal\/el-eurogrupo-iniciara-2022-con-un-nuevo-debate-sobre-las-reglas-fiscales\/#article\",\"isPartOf\":{\"@id\":\"https:\/\/potenciaradiofonicadominicana.com\/portal\/el-eurogrupo-iniciara-2022-con-un-nuevo-debate-sobre-las-reglas-fiscales\/\"},\"author\":{\"name\":\"Potencia Radiof\u00f3nica Dominicana\",\"@id\":\"https:\/\/potenciaradiofonicadominicana.com\/portal\/#\/schema\/person\/a5cf1fea13877803ee0573ac18b03490\"},\"headline\":\"El Eurogrupo iniciar\u00e1 2022 con un nuevo debate sobre las reglas fiscales\",\"datePublished\":\"2022-01-17T00:06:56+00:00\",\"mainEntityOfPage\":{\"@id\":\"https:\/\/potenciaradiofonicadominicana.com\/portal\/el-eurogrupo-iniciara-2022-con-un-nuevo-debate-sobre-las-reglas-fiscales\/\"},\"wordCount\":650,\"commentCount\":0,\"publisher\":{\"@id\":\"https:\/\/potenciaradiofonicadominicana.com\/portal\/#organization\"},\"image\":{\"@id\":\"https:\/\/potenciaradiofonicadominicana.com\/portal\/el-eurogrupo-iniciara-2022-con-un-nuevo-debate-sobre-las-reglas-fiscales\/#primaryimage\"},\"thumbnailUrl\":\"https:\/\/potenciaradiofonicadominicana.com\/portal\/wp-content\/uploads\/2022\/01\/euros-shutterstock-6acd6085-focus-0-0-895-573.jpg\",\"articleSection\":[\"Econom\u00eda\"],\"inLanguage\":\"es\",\"potentialAction\":[{\"@type\":\"CommentAction\",\"name\":\"Comment\",\"target\":[\"https:\/\/potenciaradiofonicadominicana.com\/portal\/el-eurogrupo-iniciara-2022-con-un-nuevo-debate-sobre-las-reglas-fiscales\/#respond\"]}]},{\"@type\":\"WebPage\",\"@id\":\"https:\/\/potenciaradiofonicadominicana.com\/portal\/el-eurogrupo-iniciara-2022-con-un-nuevo-debate-sobre-las-reglas-fiscales\/\",\"url\":\"https:\/\/potenciaradiofonicadominicana.com\/portal\/el-eurogrupo-iniciara-2022-con-un-nuevo-debate-sobre-las-reglas-fiscales\/\",\"name\":\"El Eurogrupo iniciar\u00e1 2022 con un nuevo debate sobre las reglas fiscales - PotenciaRadiofonicaDominicana.com\",\"isPartOf\":{\"@id\":\"https:\/\/potenciaradiofonicadominicana.com\/portal\/#website\"},\"primaryImageOfPage\":{\"@id\":\"https:\/\/potenciaradiofonicadominicana.com\/portal\/el-eurogrupo-iniciara-2022-con-un-nuevo-debate-sobre-las-reglas-fiscales\/#primaryimage\"},\"image\":{\"@id\":\"https:\/\/potenciaradiofonicadominicana.com\/portal\/el-eurogrupo-iniciara-2022-con-un-nuevo-debate-sobre-las-reglas-fiscales\/#primaryimage\"},\"thumbnailUrl\":\"https:\/\/potenciaradiofonicadominicana.com\/portal\/wp-content\/uploads\/2022\/01\/euros-shutterstock-6acd6085-focus-0-0-895-573.jpg\",\"datePublished\":\"2022-01-17T00:06:56+00:00\",\"breadcrumb\":{\"@id\":\"https:\/\/potenciaradiofonicadominicana.com\/portal\/el-eurogrupo-iniciara-2022-con-un-nuevo-debate-sobre-las-reglas-fiscales\/#breadcrumb\"},\"inLanguage\":\"es\",\"potentialAction\":[{\"@type\":\"ReadAction\",\"target\":[\"https:\/\/potenciaradiofonicadominicana.com\/portal\/el-eurogrupo-iniciara-2022-con-un-nuevo-debate-sobre-las-reglas-fiscales\/\"]}]},{\"@type\":\"ImageObject\",\"inLanguage\":\"es\",\"@id\":\"https:\/\/potenciaradiofonicadominicana.com\/portal\/el-eurogrupo-iniciara-2022-con-un-nuevo-debate-sobre-las-reglas-fiscales\/#primaryimage\",\"url\":\"https:\/\/potenciaradiofonicadominicana.com\/portal\/wp-content\/uploads\/2022\/01\/euros-shutterstock-6acd6085-focus-0-0-895-573.jpg\",\"contentUrl\":\"https:\/\/potenciaradiofonicadominicana.com\/portal\/wp-content\/uploads\/2022\/01\/euros-shutterstock-6acd6085-focus-0-0-895-573.jpg\",\"width\":693,\"height\":370},{\"@type\":\"BreadcrumbList\",\"@id\":\"https:\/\/potenciaradiofonicadominicana.com\/portal\/el-eurogrupo-iniciara-2022-con-un-nuevo-debate-sobre-las-reglas-fiscales\/#breadcrumb\",\"itemListElement\":[{\"@type\":\"ListItem\",\"position\":1,\"name\":\"Portada\",\"item\":\"https:\/\/potenciaradiofonicadominicana.com\/portal\/\"},{\"@type\":\"ListItem\",\"position\":2,\"name\":\"El Eurogrupo iniciar\u00e1 2022 con un nuevo debate sobre las reglas fiscales\"}]},{\"@type\":\"WebSite\",\"@id\":\"https:\/\/potenciaradiofonicadominicana.com\/portal\/#website\",\"url\":\"https:\/\/potenciaradiofonicadominicana.com\/portal\/\",\"name\":\"PotenciaRadiofonicaDominicana.com\",\"description\":\"Peri\u00f3dico Digital\",\"publisher\":{\"@id\":\"https:\/\/potenciaradiofonicadominicana.com\/portal\/#organization\"},\"potentialAction\":[{\"@type\":\"SearchAction\",\"target\":{\"@type\":\"EntryPoint\",\"urlTemplate\":\"https:\/\/potenciaradiofonicadominicana.com\/portal\/?s={search_term_string}\"},\"query-input\":{\"@type\":\"PropertyValueSpecification\",\"valueRequired\":true,\"valueName\":\"search_term_string\"}}],\"inLanguage\":\"es\"},{\"@type\":\"Organization\",\"@id\":\"https:\/\/potenciaradiofonicadominicana.com\/portal\/#organization\",\"name\":\"PotenciaRadiofonicaDominicana.com\",\"url\":\"https:\/\/potenciaradiofonicadominicana.com\/portal\/\",\"logo\":{\"@type\":\"ImageObject\",\"inLanguage\":\"es\",\"@id\":\"https:\/\/potenciaradiofonicadominicana.com\/portal\/#\/schema\/logo\/image\/\",\"url\":\"https:\/\/potenciaradiofonicadominicana.com\/portal\/wp-content\/uploads\/2022\/01\/descarga.png\",\"contentUrl\":\"https:\/\/potenciaradiofonicadominicana.com\/portal\/wp-content\/uploads\/2022\/01\/descarga.png\",\"width\":300,\"height\":100,\"caption\":\"PotenciaRadiofonicaDominicana.com\"},\"image\":{\"@id\":\"https:\/\/potenciaradiofonicadominicana.com\/portal\/#\/schema\/logo\/image\/\"},\"sameAs\":[\"https:\/\/web.facebook.com\/PotenciaRadiofonicaD\"]},{\"@type\":\"Person\",\"@id\":\"https:\/\/potenciaradiofonicadominicana.com\/portal\/#\/schema\/person\/a5cf1fea13877803ee0573ac18b03490\",\"name\":\"Potencia Radiof\u00f3nica Dominicana\",\"image\":{\"@type\":\"ImageObject\",\"inLanguage\":\"es\",\"@id\":\"https:\/\/potenciaradiofonicadominicana.com\/portal\/#\/schema\/person\/image\/\",\"url\":\"https:\/\/secure.gravatar.com\/avatar\/42a55ab9e8ccc656ba34cd791990602a?s=96&d=mm&r=g\",\"contentUrl\":\"https:\/\/secure.gravatar.com\/avatar\/42a55ab9e8ccc656ba34cd791990602a?s=96&d=mm&r=g\",\"caption\":\"Potencia Radiof\u00f3nica Dominicana\"},\"url\":\"https:\/\/potenciaradiofonicadominicana.com\/portal\/author\/johannyalmanzar\/\"}]}<\/script>\n<!-- \/ Yoast SEO plugin. -->","yoast_head_json":{"title":"El Eurogrupo iniciar\u00e1 2022 con un nuevo debate sobre las reglas fiscales - PotenciaRadiofonicaDominicana.com","robots":{"index":"index","follow":"follow","max-snippet":"max-snippet:-1","max-image-preview":"max-image-preview:large","max-video-preview":"max-video-preview:-1"},"canonical":"https:\/\/potenciaradiofonicadominicana.com\/portal\/el-eurogrupo-iniciara-2022-con-un-nuevo-debate-sobre-las-reglas-fiscales\/","og_locale":"es_ES","og_type":"article","og_title":"El Eurogrupo iniciar\u00e1 2022 con un nuevo debate sobre las reglas fiscales - PotenciaRadiofonicaDominicana.com","og_description":"Los\u00a0ministros de Econom\u00eda y Finanzas\u00a0de la\u00a0zona euro\u00a0(Eurogrupo) estrenan este lunes sus reuniones de 2022 con un nuevo debate sobre el ...","og_url":"https:\/\/potenciaradiofonicadominicana.com\/portal\/el-eurogrupo-iniciara-2022-con-un-nuevo-debate-sobre-las-reglas-fiscales\/","og_site_name":"PotenciaRadiofonicaDominicana.com","article_publisher":"https:\/\/web.facebook.com\/PotenciaRadiofonicaD","article_published_time":"2022-01-17T00:06:56+00:00","og_image":[{"width":693,"height":370,"url":"https:\/\/potenciaradiofonicadominicana.com\/portal\/wp-content\/uploads\/2022\/01\/euros-shutterstock-6acd6085-focus-0-0-895-573.jpg","type":"image\/jpeg"}],"author":"Potencia Radiof\u00f3nica Dominicana","twitter_card":"summary_large_image","twitter_misc":{"Escrito por":"Potencia Radiof\u00f3nica Dominicana","Tiempo de lectura":"3 minutos"},"schema":{"@context":"https:\/\/schema.org","@graph":[{"@type":"Article","@id":"https:\/\/potenciaradiofonicadominicana.com\/portal\/el-eurogrupo-iniciara-2022-con-un-nuevo-debate-sobre-las-reglas-fiscales\/#article","isPartOf":{"@id":"https:\/\/potenciaradiofonicadominicana.com\/portal\/el-eurogrupo-iniciara-2022-con-un-nuevo-debate-sobre-las-reglas-fiscales\/"},"author":{"name":"Potencia Radiof\u00f3nica Dominicana","@id":"https:\/\/potenciaradiofonicadominicana.com\/portal\/#\/schema\/person\/a5cf1fea13877803ee0573ac18b03490"},"headline":"El Eurogrupo iniciar\u00e1 2022 con un nuevo debate sobre las reglas fiscales","datePublished":"2022-01-17T00:06:56+00:00","mainEntityOfPage":{"@id":"https:\/\/potenciaradiofonicadominicana.com\/portal\/el-eurogrupo-iniciara-2022-con-un-nuevo-debate-sobre-las-reglas-fiscales\/"},"wordCount":650,"commentCount":0,"publisher":{"@id":"https:\/\/potenciaradiofonicadominicana.com\/portal\/#organization"},"image":{"@id":"https:\/\/potenciaradiofonicadominicana.com\/portal\/el-eurogrupo-iniciara-2022-con-un-nuevo-debate-sobre-las-reglas-fiscales\/#primaryimage"},"thumbnailUrl":"https:\/\/potenciaradiofonicadominicana.com\/portal\/wp-content\/uploads\/2022\/01\/euros-shutterstock-6acd6085-focus-0-0-895-573.jpg","articleSection":["Econom\u00eda"],"inLanguage":"es","potentialAction":[{"@type":"CommentAction","name":"Comment","target":["https:\/\/potenciaradiofonicadominicana.com\/portal\/el-eurogrupo-iniciara-2022-con-un-nuevo-debate-sobre-las-reglas-fiscales\/#respond"]}]},{"@type":"WebPage","@id":"https:\/\/potenciaradiofonicadominicana.com\/portal\/el-eurogrupo-iniciara-2022-con-un-nuevo-debate-sobre-las-reglas-fiscales\/","url":"https:\/\/potenciaradiofonicadominicana.com\/portal\/el-eurogrupo-iniciara-2022-con-un-nuevo-debate-sobre-las-reglas-fiscales\/","name":"El Eurogrupo iniciar\u00e1 2022 con un nuevo debate sobre las reglas fiscales - PotenciaRadiofonicaDominicana.com","isPartOf":{"@id":"https:\/\/potenciaradiofonicadominicana.com\/portal\/#website"},"primaryImageOfPage":{"@id":"https:\/\/potenciaradiofonicadominicana.com\/portal\/el-eurogrupo-iniciara-2022-con-un-nuevo-debate-sobre-las-reglas-fiscales\/#primaryimage"},"image":{"@id":"https:\/\/potenciaradiofonicadominicana.com\/portal\/el-eurogrupo-iniciara-2022-con-un-nuevo-debate-sobre-las-reglas-fiscales\/#primaryimage"},"thumbnailUrl":"https:\/\/potenciaradiofonicadominicana.com\/portal\/wp-content\/uploads\/2022\/01\/euros-shutterstock-6acd6085-focus-0-0-895-573.jpg","datePublished":"2022-01-17T00:06:56+00:00","breadcrumb":{"@id":"https:\/\/potenciaradiofonicadominicana.com\/portal\/el-eurogrupo-iniciara-2022-con-un-nuevo-debate-sobre-las-reglas-fiscales\/#breadcrumb"},"inLanguage":"es","potentialAction":[{"@type":"ReadAction","target":["https:\/\/potenciaradiofonicadominicana.com\/portal\/el-eurogrupo-iniciara-2022-con-un-nuevo-debate-sobre-las-reglas-fiscales\/"]}]},{"@type":"ImageObject","inLanguage":"es","@id":"https:\/\/potenciaradiofonicadominicana.com\/portal\/el-eurogrupo-iniciara-2022-con-un-nuevo-debate-sobre-las-reglas-fiscales\/#primaryimage","url":"https:\/\/potenciaradiofonicadominicana.com\/portal\/wp-content\/uploads\/2022\/01\/euros-shutterstock-6acd6085-focus-0-0-895-573.jpg","contentUrl":"https:\/\/potenciaradiofonicadominicana.com\/portal\/wp-content\/uploads\/2022\/01\/euros-shutterstock-6acd6085-focus-0-0-895-573.jpg","width":693,"height":370},{"@type":"BreadcrumbList","@id":"https:\/\/potenciaradiofonicadominicana.com\/portal\/el-eurogrupo-iniciara-2022-con-un-nuevo-debate-sobre-las-reglas-fiscales\/#breadcrumb","itemListElement":[{"@type":"ListItem","position":1,"name":"Portada","item":"https:\/\/potenciaradiofonicadominicana.com\/portal\/"},{"@type":"ListItem","position":2,"name":"El Eurogrupo iniciar\u00e1 2022 con un nuevo debate sobre las reglas fiscales"}]},{"@type":"WebSite","@id":"https:\/\/potenciaradiofonicadominicana.com\/portal\/#website","url":"https:\/\/potenciaradiofonicadominicana.com\/portal\/","name":"PotenciaRadiofonicaDominicana.com","description":"Peri\u00f3dico Digital","publisher":{"@id":"https:\/\/potenciaradiofonicadominicana.com\/portal\/#organization"},"potentialAction":[{"@type":"SearchAction","target":{"@type":"EntryPoint","urlTemplate":"https:\/\/potenciaradiofonicadominicana.com\/portal\/?s={search_term_string}"},"query-input":{"@type":"PropertyValueSpecification","valueRequired":true,"valueName":"search_term_string"}}],"inLanguage":"es"},{"@type":"Organization","@id":"https:\/\/potenciaradiofonicadominicana.com\/portal\/#organization","name":"PotenciaRadiofonicaDominicana.com","url":"https:\/\/potenciaradiofonicadominicana.com\/portal\/","logo":{"@type":"ImageObject","inLanguage":"es","@id":"https:\/\/potenciaradiofonicadominicana.com\/portal\/#\/schema\/logo\/image\/","url":"https:\/\/potenciaradiofonicadominicana.com\/portal\/wp-content\/uploads\/2022\/01\/descarga.png","contentUrl":"https:\/\/potenciaradiofonicadominicana.com\/portal\/wp-content\/uploads\/2022\/01\/descarga.png","width":300,"height":100,"caption":"PotenciaRadiofonicaDominicana.com"},"image":{"@id":"https:\/\/potenciaradiofonicadominicana.com\/portal\/#\/schema\/logo\/image\/"},"sameAs":["https:\/\/web.facebook.com\/PotenciaRadiofonicaD"]},{"@type":"Person","@id":"https:\/\/potenciaradiofonicadominicana.com\/portal\/#\/schema\/person\/a5cf1fea13877803ee0573ac18b03490","name":"Potencia Radiof\u00f3nica Dominicana","image":{"@type":"ImageObject","inLanguage":"es","@id":"https:\/\/potenciaradiofonicadominicana.com\/portal\/#\/schema\/person\/image\/","url":"https:\/\/secure.gravatar.com\/avatar\/42a55ab9e8ccc656ba34cd791990602a?s=96&d=mm&r=g","contentUrl":"https:\/\/secure.gravatar.com\/avatar\/42a55ab9e8ccc656ba34cd791990602a?s=96&d=mm&r=g","caption":"Potencia Radiof\u00f3nica Dominicana"},"url":"https:\/\/potenciaradiofonicadominicana.com\/portal\/author\/johannyalmanzar\/"}]}},"_links":{"self":[{"href":"https:\/\/potenciaradiofonicadominicana.com\/portal\/wp-json\/wp\/v2\/posts\/112478","targetHints":{"allow":["GET"]}}],"collection":[{"href":"https:\/\/potenciaradiofonicadominicana.com\/portal\/wp-json\/wp\/v2\/posts"}],"about":[{"href":"https:\/\/potenciaradiofonicadominicana.com\/portal\/wp-json\/wp\/v2\/types\/post"}],"author":[{"embeddable":true,"href":"https:\/\/potenciaradiofonicadominicana.com\/portal\/wp-json\/wp\/v2\/users\/2"}],"replies":[{"embeddable":true,"href":"https:\/\/potenciaradiofonicadominicana.com\/portal\/wp-json\/wp\/v2\/comments?post=112478"}],"version-history":[{"count":1,"href":"https:\/\/potenciaradiofonicadominicana.com\/portal\/wp-json\/wp\/v2\/posts\/112478\/revisions"}],"predecessor-version":[{"id":112480,"href":"https:\/\/potenciaradiofonicadominicana.com\/portal\/wp-json\/wp\/v2\/posts\/112478\/revisions\/112480"}],"wp:featuredmedia":[{"embeddable":true,"href":"https:\/\/potenciaradiofonicadominicana.com\/portal\/wp-json\/wp\/v2\/media\/112479"}],"wp:attachment":[{"href":"https:\/\/potenciaradiofonicadominicana.com\/portal\/wp-json\/wp\/v2\/media?parent=112478"}],"wp:term":[{"taxonomy":"category","embeddable":true,"href":"https:\/\/potenciaradiofonicadominicana.com\/portal\/wp-json\/wp\/v2\/categories?post=112478"},{"taxonomy":"post_tag","embeddable":true,"href":"https:\/\/potenciaradiofonicadominicana.com\/portal\/wp-json\/wp\/v2\/tags?post=112478"}],"curies":[{"name":"wp","href":"https:\/\/api.w.org\/{rel}","templated":true}]}}