{"id":112475,"date":"2022-01-16T20:02:45","date_gmt":"2022-01-17T00:02:45","guid":{"rendered":"https:\/\/potenciaradiofonicadominicana.com\/portal\/?p=112475"},"modified":"2022-01-16T20:02:45","modified_gmt":"2022-01-17T00:02:45","slug":"los-principales-riesgos-del-mundo-a-largo-plazo-se-relacionan-con-el-clima","status":"publish","type":"post","link":"https:\/\/potenciaradiofonicadominicana.com\/portal\/los-principales-riesgos-del-mundo-a-largo-plazo-se-relacionan-con-el-clima\/","title":{"rendered":"Los principales riesgos del mundo a largo plazo se relacionan con el clima"},"content":{"rendered":"<p><a href=\"https:\/\/potenciaradiofonicadominicana.com\/portal\/wp-content\/uploads\/2022\/01\/202201152328441.jpeg\"><img loading=\"lazy\" decoding=\"async\" class=\"alignnone size-full wp-image-112476\" src=\"https:\/\/potenciaradiofonicadominicana.com\/portal\/wp-content\/uploads\/2022\/01\/202201152328441.jpeg\" alt=\"\" width=\"648\" height=\"460\" srcset=\"https:\/\/potenciaradiofonicadominicana.com\/portal\/wp-content\/uploads\/2022\/01\/202201152328441.jpeg 648w, https:\/\/potenciaradiofonicadominicana.com\/portal\/wp-content\/uploads\/2022\/01\/202201152328441-300x213.jpeg 300w\" sizes=\"auto, (max-width: 648px) 100vw, 648px\" \/><\/a><\/p>\n<p>Los riesgos clim\u00e1ticos dominan las preocupaciones mundiales a medida que el mundo entra en el tercer a\u00f1o de pandemia. De acuerdo con\u00a0el\u00a0<strong>Informe de Riesgos Globales 2022<\/strong>, mientras\u00a0<strong>los principales riesgos a largo plazo se relacionan con el clima, las principales preocupaciones globales a corto plazo incluyen las diferencias sociales, las crisis de formas de subsistencia y el deterioro de la salud mental.\u00a0<\/strong>Adem\u00e1s, la mayor\u00eda de los expertos creen que la recuperaci\u00f3n econ\u00f3mica global ser\u00e1 vol\u00e1til y desigual en los pr\u00f3ximos tres a\u00f1os.<\/p>\n<p>Ahora, en su edici\u00f3n n\u00famero 17, el informe anima a los l\u00edderes a pensar fuera del ciclo de informes trimestrales y a crear pol\u00edticas que gestionen los riesgos y den forma a la agenda para los pr\u00f3ximos a\u00f1os.\u00a0<strong>Explora cuatro \u00e1reas de riesgo emergente: ciberseguridad, competencia en el espacio, transici\u00f3n clim\u00e1tica desordenada y presiones migratorias<\/strong>, cada una de las cuales requiere una coordinaci\u00f3n global para una gesti\u00f3n exitosa.<\/p>\n<p>\u201cLos desajustes econ\u00f3micos y sanitarios est\u00e1n agravando las divisiones sociales. Esto crea tensiones en un momento en el que la colaboraci\u00f3n dentro de las sociedades y entre la comunidad internacional ser\u00e1 fundamental para garantizar una recuperaci\u00f3n mundial m\u00e1s r\u00e1pida y uniforme.<\/p>\n<p>Los l\u00edderes mundiales deben unirse y adoptar un enfoque coordinado multisectorial para abordar los incesantes retos mundiales y crear resiliencia antes de la pr\u00f3xima crisis, destac\u00f3 Saadia Zahidi, Managing Director del Foro Econ\u00f3mico Mundial (WEF por sus siglas en ingl\u00e9s).<\/p>\n<p>C\u00e9sar Rodr\u00edguez, vicepresidente senior l\u00edder de Consultor\u00eda en Marsh Advisory para Rep\u00fablica Dominicana en Marsh Franco Acra,\u00a0coment\u00f3 que la falla en las acciones para contrarrestar el cambio clim\u00e1tico sigue siendo una de las principales amenazas globales de corto, mediano y largo plazo.<\/p>\n<p>Agreg\u00f3 que Rep\u00fablica Dominicana como estado insular y uno de los m\u00e1s expuestos a los efectos del cambio clim\u00e1tico, se ha vinculado a estas iniciativas como l\u00edder emergente en la lucha contra el cambio clim\u00e1tico, por lo que las acciones a realizar deben estar muy bien elaboradas desde los frentes de adaptaci\u00f3n y mitigaci\u00f3n, vincular a todos los actores de la sociedad, se deben contar con los recursos suficientes para lograr este fin, a pesar que los compromisos que se asumieron en COP26 podr\u00edan no ser suficientes para el objetivo de 1.5 grados celsius.<\/p>\n<p>\u201cEs importante contar con una regulaci\u00f3n clara que se implemente y monitoree el avance en la ejecuci\u00f3n de estos planes y\u00a0<strong>se debe contar con el compromiso del sector privado para que se realicen acciones voluntarias m\u00e1s all\u00e1 de la regulaci\u00f3n que pudiera generarse<\/strong>. Es all\u00ed donde el sector p\u00fablico y privado deben trabajar juntos para lograr los objetivos planteados\u201d,\u00a0agreg\u00f3 Rodr\u00edguez.<\/p>\n<p>Enrique Valdez, presidente y CEO de Marsh Franco Acra, dijo\u00a0que con las amenazas cibern\u00e9ticas ahora creciendo m\u00e1s r\u00e1pido que la capacidad para erradicarlas de forma permanente, los desaf\u00edos del cambio clim\u00e1tico y la actual crisis social, es el mejor momento para que las empresas se preparen y act\u00faen de forma proactiva ante los posibles escenarios de riesgo, con el objetivo no solo de salvaguardar el negocio, sino adem\u00e1s de cuidar al personal humano que los acompa\u00f1a.<\/p>\n","protected":false},"excerpt":{"rendered":"<p>Los riesgos clim\u00e1ticos dominan las preocupaciones mundiales a medida que el mundo entra en el tercer a\u00f1o de pandemia. De &#8230;<\/p>\n","protected":false},"author":2,"featured_media":112476,"comment_status":"open","ping_status":"open","sticky":false,"template":"","format":"standard","meta":{"footnotes":""},"categories":[26],"tags":[],"class_list":["post-112475","post","type-post","status-publish","format-standard","has-post-thumbnail","hentry","category-economia"],"yoast_head":"<!-- This site is optimized with the Yoast SEO plugin v24.8.1 - https:\/\/yoast.com\/wordpress\/plugins\/seo\/ -->\n<title>Los principales riesgos del mundo a largo plazo se relacionan con el clima - PotenciaRadiofonicaDominicana.com<\/title>\n<meta name=\"robots\" content=\"index, follow, max-snippet:-1, max-image-preview:large, max-video-preview:-1\" \/>\n<link rel=\"canonical\" href=\"https:\/\/potenciaradiofonicadominicana.com\/portal\/los-principales-riesgos-del-mundo-a-largo-plazo-se-relacionan-con-el-clima\/\" \/>\n<meta property=\"og:locale\" content=\"es_ES\" \/>\n<meta property=\"og:type\" content=\"article\" \/>\n<meta property=\"og:title\" content=\"Los principales riesgos del mundo a largo plazo se relacionan con el clima - PotenciaRadiofonicaDominicana.com\" \/>\n<meta property=\"og:description\" content=\"Los riesgos clim\u00e1ticos dominan las preocupaciones mundiales a medida que el mundo entra en el tercer a\u00f1o de pandemia. De ...\" \/>\n<meta property=\"og:url\" content=\"https:\/\/potenciaradiofonicadominicana.com\/portal\/los-principales-riesgos-del-mundo-a-largo-plazo-se-relacionan-con-el-clima\/\" \/>\n<meta property=\"og:site_name\" content=\"PotenciaRadiofonicaDominicana.com\" \/>\n<meta property=\"article:publisher\" content=\"https:\/\/web.facebook.com\/PotenciaRadiofonicaD\" \/>\n<meta property=\"article:published_time\" content=\"2022-01-17T00:02:45+00:00\" \/>\n<meta property=\"og:image\" content=\"https:\/\/potenciaradiofonicadominicana.com\/portal\/wp-content\/uploads\/2022\/01\/202201152328441.jpeg\" \/>\n\t<meta property=\"og:image:width\" content=\"648\" \/>\n\t<meta property=\"og:image:height\" content=\"460\" \/>\n\t<meta property=\"og:image:type\" content=\"image\/jpeg\" \/>\n<meta name=\"author\" content=\"Potencia Radiof\u00f3nica Dominicana\" \/>\n<meta name=\"twitter:card\" content=\"summary_large_image\" \/>\n<meta name=\"twitter:label1\" content=\"Escrito por\" \/>\n\t<meta name=\"twitter:data1\" content=\"Potencia Radiof\u00f3nica Dominicana\" \/>\n\t<meta name=\"twitter:label2\" content=\"Tiempo de lectura\" \/>\n\t<meta name=\"twitter:data2\" content=\"3 minutos\" \/>\n<script type=\"application\/ld+json\" class=\"yoast-schema-graph\">{\"@context\":\"https:\/\/schema.org\",\"@graph\":[{\"@type\":\"Article\",\"@id\":\"https:\/\/potenciaradiofonicadominicana.com\/portal\/los-principales-riesgos-del-mundo-a-largo-plazo-se-relacionan-con-el-clima\/#article\",\"isPartOf\":{\"@id\":\"https:\/\/potenciaradiofonicadominicana.com\/portal\/los-principales-riesgos-del-mundo-a-largo-plazo-se-relacionan-con-el-clima\/\"},\"author\":{\"name\":\"Potencia Radiof\u00f3nica Dominicana\",\"@id\":\"https:\/\/potenciaradiofonicadominicana.com\/portal\/#\/schema\/person\/a5cf1fea13877803ee0573ac18b03490\"},\"headline\":\"Los principales riesgos del mundo a largo plazo se relacionan con el clima\",\"datePublished\":\"2022-01-17T00:02:45+00:00\",\"mainEntityOfPage\":{\"@id\":\"https:\/\/potenciaradiofonicadominicana.com\/portal\/los-principales-riesgos-del-mundo-a-largo-plazo-se-relacionan-con-el-clima\/\"},\"wordCount\":577,\"commentCount\":0,\"publisher\":{\"@id\":\"https:\/\/potenciaradiofonicadominicana.com\/portal\/#organization\"},\"image\":{\"@id\":\"https:\/\/potenciaradiofonicadominicana.com\/portal\/los-principales-riesgos-del-mundo-a-largo-plazo-se-relacionan-con-el-clima\/#primaryimage\"},\"thumbnailUrl\":\"https:\/\/potenciaradiofonicadominicana.com\/portal\/wp-content\/uploads\/2022\/01\/202201152328441.jpeg\",\"articleSection\":[\"Econom\u00eda\"],\"inLanguage\":\"es\",\"potentialAction\":[{\"@type\":\"CommentAction\",\"name\":\"Comment\",\"target\":[\"https:\/\/potenciaradiofonicadominicana.com\/portal\/los-principales-riesgos-del-mundo-a-largo-plazo-se-relacionan-con-el-clima\/#respond\"]}]},{\"@type\":\"WebPage\",\"@id\":\"https:\/\/potenciaradiofonicadominicana.com\/portal\/los-principales-riesgos-del-mundo-a-largo-plazo-se-relacionan-con-el-clima\/\",\"url\":\"https:\/\/potenciaradiofonicadominicana.com\/portal\/los-principales-riesgos-del-mundo-a-largo-plazo-se-relacionan-con-el-clima\/\",\"name\":\"Los principales riesgos del mundo a largo plazo se relacionan con el clima - PotenciaRadiofonicaDominicana.com\",\"isPartOf\":{\"@id\":\"https:\/\/potenciaradiofonicadominicana.com\/portal\/#website\"},\"primaryImageOfPage\":{\"@id\":\"https:\/\/potenciaradiofonicadominicana.com\/portal\/los-principales-riesgos-del-mundo-a-largo-plazo-se-relacionan-con-el-clima\/#primaryimage\"},\"image\":{\"@id\":\"https:\/\/potenciaradiofonicadominicana.com\/portal\/los-principales-riesgos-del-mundo-a-largo-plazo-se-relacionan-con-el-clima\/#primaryimage\"},\"thumbnailUrl\":\"https:\/\/potenciaradiofonicadominicana.com\/portal\/wp-content\/uploads\/2022\/01\/202201152328441.jpeg\",\"datePublished\":\"2022-01-17T00:02:45+00:00\",\"breadcrumb\":{\"@id\":\"https:\/\/potenciaradiofonicadominicana.com\/portal\/los-principales-riesgos-del-mundo-a-largo-plazo-se-relacionan-con-el-clima\/#breadcrumb\"},\"inLanguage\":\"es\",\"potentialAction\":[{\"@type\":\"ReadAction\",\"target\":[\"https:\/\/potenciaradiofonicadominicana.com\/portal\/los-principales-riesgos-del-mundo-a-largo-plazo-se-relacionan-con-el-clima\/\"]}]},{\"@type\":\"ImageObject\",\"inLanguage\":\"es\",\"@id\":\"https:\/\/potenciaradiofonicadominicana.com\/portal\/los-principales-riesgos-del-mundo-a-largo-plazo-se-relacionan-con-el-clima\/#primaryimage\",\"url\":\"https:\/\/potenciaradiofonicadominicana.com\/portal\/wp-content\/uploads\/2022\/01\/202201152328441.jpeg\",\"contentUrl\":\"https:\/\/potenciaradiofonicadominicana.com\/portal\/wp-content\/uploads\/2022\/01\/202201152328441.jpeg\",\"width\":648,\"height\":460},{\"@type\":\"BreadcrumbList\",\"@id\":\"https:\/\/potenciaradiofonicadominicana.com\/portal\/los-principales-riesgos-del-mundo-a-largo-plazo-se-relacionan-con-el-clima\/#breadcrumb\",\"itemListElement\":[{\"@type\":\"ListItem\",\"position\":1,\"name\":\"Portada\",\"item\":\"https:\/\/potenciaradiofonicadominicana.com\/portal\/\"},{\"@type\":\"ListItem\",\"position\":2,\"name\":\"Los principales riesgos del mundo a largo plazo se relacionan con el clima\"}]},{\"@type\":\"WebSite\",\"@id\":\"https:\/\/potenciaradiofonicadominicana.com\/portal\/#website\",\"url\":\"https:\/\/potenciaradiofonicadominicana.com\/portal\/\",\"name\":\"PotenciaRadiofonicaDominicana.com\",\"description\":\"Peri\u00f3dico Digital\",\"publisher\":{\"@id\":\"https:\/\/potenciaradiofonicadominicana.com\/portal\/#organization\"},\"potentialAction\":[{\"@type\":\"SearchAction\",\"target\":{\"@type\":\"EntryPoint\",\"urlTemplate\":\"https:\/\/potenciaradiofonicadominicana.com\/portal\/?s={search_term_string}\"},\"query-input\":{\"@type\":\"PropertyValueSpecification\",\"valueRequired\":true,\"valueName\":\"search_term_string\"}}],\"inLanguage\":\"es\"},{\"@type\":\"Organization\",\"@id\":\"https:\/\/potenciaradiofonicadominicana.com\/portal\/#organization\",\"name\":\"PotenciaRadiofonicaDominicana.com\",\"url\":\"https:\/\/potenciaradiofonicadominicana.com\/portal\/\",\"logo\":{\"@type\":\"ImageObject\",\"inLanguage\":\"es\",\"@id\":\"https:\/\/potenciaradiofonicadominicana.com\/portal\/#\/schema\/logo\/image\/\",\"url\":\"https:\/\/potenciaradiofonicadominicana.com\/portal\/wp-content\/uploads\/2022\/01\/descarga.png\",\"contentUrl\":\"https:\/\/potenciaradiofonicadominicana.com\/portal\/wp-content\/uploads\/2022\/01\/descarga.png\",\"width\":300,\"height\":100,\"caption\":\"PotenciaRadiofonicaDominicana.com\"},\"image\":{\"@id\":\"https:\/\/potenciaradiofonicadominicana.com\/portal\/#\/schema\/logo\/image\/\"},\"sameAs\":[\"https:\/\/web.facebook.com\/PotenciaRadiofonicaD\"]},{\"@type\":\"Person\",\"@id\":\"https:\/\/potenciaradiofonicadominicana.com\/portal\/#\/schema\/person\/a5cf1fea13877803ee0573ac18b03490\",\"name\":\"Potencia Radiof\u00f3nica Dominicana\",\"image\":{\"@type\":\"ImageObject\",\"inLanguage\":\"es\",\"@id\":\"https:\/\/potenciaradiofonicadominicana.com\/portal\/#\/schema\/person\/image\/\",\"url\":\"https:\/\/secure.gravatar.com\/avatar\/42a55ab9e8ccc656ba34cd791990602a?s=96&d=mm&r=g\",\"contentUrl\":\"https:\/\/secure.gravatar.com\/avatar\/42a55ab9e8ccc656ba34cd791990602a?s=96&d=mm&r=g\",\"caption\":\"Potencia Radiof\u00f3nica Dominicana\"},\"url\":\"https:\/\/potenciaradiofonicadominicana.com\/portal\/author\/johannyalmanzar\/\"}]}<\/script>\n<!-- \/ Yoast SEO plugin. -->","yoast_head_json":{"title":"Los principales riesgos del mundo a largo plazo se relacionan con el clima - PotenciaRadiofonicaDominicana.com","robots":{"index":"index","follow":"follow","max-snippet":"max-snippet:-1","max-image-preview":"max-image-preview:large","max-video-preview":"max-video-preview:-1"},"canonical":"https:\/\/potenciaradiofonicadominicana.com\/portal\/los-principales-riesgos-del-mundo-a-largo-plazo-se-relacionan-con-el-clima\/","og_locale":"es_ES","og_type":"article","og_title":"Los principales riesgos del mundo a largo plazo se relacionan con el clima - PotenciaRadiofonicaDominicana.com","og_description":"Los riesgos clim\u00e1ticos dominan las preocupaciones mundiales a medida que el mundo entra en el tercer a\u00f1o de pandemia. De ...","og_url":"https:\/\/potenciaradiofonicadominicana.com\/portal\/los-principales-riesgos-del-mundo-a-largo-plazo-se-relacionan-con-el-clima\/","og_site_name":"PotenciaRadiofonicaDominicana.com","article_publisher":"https:\/\/web.facebook.com\/PotenciaRadiofonicaD","article_published_time":"2022-01-17T00:02:45+00:00","og_image":[{"width":648,"height":460,"url":"https:\/\/potenciaradiofonicadominicana.com\/portal\/wp-content\/uploads\/2022\/01\/202201152328441.jpeg","type":"image\/jpeg"}],"author":"Potencia Radiof\u00f3nica Dominicana","twitter_card":"summary_large_image","twitter_misc":{"Escrito por":"Potencia Radiof\u00f3nica Dominicana","Tiempo de lectura":"3 minutos"},"schema":{"@context":"https:\/\/schema.org","@graph":[{"@type":"Article","@id":"https:\/\/potenciaradiofonicadominicana.com\/portal\/los-principales-riesgos-del-mundo-a-largo-plazo-se-relacionan-con-el-clima\/#article","isPartOf":{"@id":"https:\/\/potenciaradiofonicadominicana.com\/portal\/los-principales-riesgos-del-mundo-a-largo-plazo-se-relacionan-con-el-clima\/"},"author":{"name":"Potencia Radiof\u00f3nica Dominicana","@id":"https:\/\/potenciaradiofonicadominicana.com\/portal\/#\/schema\/person\/a5cf1fea13877803ee0573ac18b03490"},"headline":"Los principales riesgos del mundo a largo plazo se relacionan con el clima","datePublished":"2022-01-17T00:02:45+00:00","mainEntityOfPage":{"@id":"https:\/\/potenciaradiofonicadominicana.com\/portal\/los-principales-riesgos-del-mundo-a-largo-plazo-se-relacionan-con-el-clima\/"},"wordCount":577,"commentCount":0,"publisher":{"@id":"https:\/\/potenciaradiofonicadominicana.com\/portal\/#organization"},"image":{"@id":"https:\/\/potenciaradiofonicadominicana.com\/portal\/los-principales-riesgos-del-mundo-a-largo-plazo-se-relacionan-con-el-clima\/#primaryimage"},"thumbnailUrl":"https:\/\/potenciaradiofonicadominicana.com\/portal\/wp-content\/uploads\/2022\/01\/202201152328441.jpeg","articleSection":["Econom\u00eda"],"inLanguage":"es","potentialAction":[{"@type":"CommentAction","name":"Comment","target":["https:\/\/potenciaradiofonicadominicana.com\/portal\/los-principales-riesgos-del-mundo-a-largo-plazo-se-relacionan-con-el-clima\/#respond"]}]},{"@type":"WebPage","@id":"https:\/\/potenciaradiofonicadominicana.com\/portal\/los-principales-riesgos-del-mundo-a-largo-plazo-se-relacionan-con-el-clima\/","url":"https:\/\/potenciaradiofonicadominicana.com\/portal\/los-principales-riesgos-del-mundo-a-largo-plazo-se-relacionan-con-el-clima\/","name":"Los principales riesgos del mundo a largo plazo se relacionan con el clima - PotenciaRadiofonicaDominicana.com","isPartOf":{"@id":"https:\/\/potenciaradiofonicadominicana.com\/portal\/#website"},"primaryImageOfPage":{"@id":"https:\/\/potenciaradiofonicadominicana.com\/portal\/los-principales-riesgos-del-mundo-a-largo-plazo-se-relacionan-con-el-clima\/#primaryimage"},"image":{"@id":"https:\/\/potenciaradiofonicadominicana.com\/portal\/los-principales-riesgos-del-mundo-a-largo-plazo-se-relacionan-con-el-clima\/#primaryimage"},"thumbnailUrl":"https:\/\/potenciaradiofonicadominicana.com\/portal\/wp-content\/uploads\/2022\/01\/202201152328441.jpeg","datePublished":"2022-01-17T00:02:45+00:00","breadcrumb":{"@id":"https:\/\/potenciaradiofonicadominicana.com\/portal\/los-principales-riesgos-del-mundo-a-largo-plazo-se-relacionan-con-el-clima\/#breadcrumb"},"inLanguage":"es","potentialAction":[{"@type":"ReadAction","target":["https:\/\/potenciaradiofonicadominicana.com\/portal\/los-principales-riesgos-del-mundo-a-largo-plazo-se-relacionan-con-el-clima\/"]}]},{"@type":"ImageObject","inLanguage":"es","@id":"https:\/\/potenciaradiofonicadominicana.com\/portal\/los-principales-riesgos-del-mundo-a-largo-plazo-se-relacionan-con-el-clima\/#primaryimage","url":"https:\/\/potenciaradiofonicadominicana.com\/portal\/wp-content\/uploads\/2022\/01\/202201152328441.jpeg","contentUrl":"https:\/\/potenciaradiofonicadominicana.com\/portal\/wp-content\/uploads\/2022\/01\/202201152328441.jpeg","width":648,"height":460},{"@type":"BreadcrumbList","@id":"https:\/\/potenciaradiofonicadominicana.com\/portal\/los-principales-riesgos-del-mundo-a-largo-plazo-se-relacionan-con-el-clima\/#breadcrumb","itemListElement":[{"@type":"ListItem","position":1,"name":"Portada","item":"https:\/\/potenciaradiofonicadominicana.com\/portal\/"},{"@type":"ListItem","position":2,"name":"Los principales riesgos del mundo a largo plazo se relacionan con el clima"}]},{"@type":"WebSite","@id":"https:\/\/potenciaradiofonicadominicana.com\/portal\/#website","url":"https:\/\/potenciaradiofonicadominicana.com\/portal\/","name":"PotenciaRadiofonicaDominicana.com","description":"Peri\u00f3dico Digital","publisher":{"@id":"https:\/\/potenciaradiofonicadominicana.com\/portal\/#organization"},"potentialAction":[{"@type":"SearchAction","target":{"@type":"EntryPoint","urlTemplate":"https:\/\/potenciaradiofonicadominicana.com\/portal\/?s={search_term_string}"},"query-input":{"@type":"PropertyValueSpecification","valueRequired":true,"valueName":"search_term_string"}}],"inLanguage":"es"},{"@type":"Organization","@id":"https:\/\/potenciaradiofonicadominicana.com\/portal\/#organization","name":"PotenciaRadiofonicaDominicana.com","url":"https:\/\/potenciaradiofonicadominicana.com\/portal\/","logo":{"@type":"ImageObject","inLanguage":"es","@id":"https:\/\/potenciaradiofonicadominicana.com\/portal\/#\/schema\/logo\/image\/","url":"https:\/\/potenciaradiofonicadominicana.com\/portal\/wp-content\/uploads\/2022\/01\/descarga.png","contentUrl":"https:\/\/potenciaradiofonicadominicana.com\/portal\/wp-content\/uploads\/2022\/01\/descarga.png","width":300,"height":100,"caption":"PotenciaRadiofonicaDominicana.com"},"image":{"@id":"https:\/\/potenciaradiofonicadominicana.com\/portal\/#\/schema\/logo\/image\/"},"sameAs":["https:\/\/web.facebook.com\/PotenciaRadiofonicaD"]},{"@type":"Person","@id":"https:\/\/potenciaradiofonicadominicana.com\/portal\/#\/schema\/person\/a5cf1fea13877803ee0573ac18b03490","name":"Potencia Radiof\u00f3nica Dominicana","image":{"@type":"ImageObject","inLanguage":"es","@id":"https:\/\/potenciaradiofonicadominicana.com\/portal\/#\/schema\/person\/image\/","url":"https:\/\/secure.gravatar.com\/avatar\/42a55ab9e8ccc656ba34cd791990602a?s=96&d=mm&r=g","contentUrl":"https:\/\/secure.gravatar.com\/avatar\/42a55ab9e8ccc656ba34cd791990602a?s=96&d=mm&r=g","caption":"Potencia Radiof\u00f3nica Dominicana"},"url":"https:\/\/potenciaradiofonicadominicana.com\/portal\/author\/johannyalmanzar\/"}]}},"_links":{"self":[{"href":"https:\/\/potenciaradiofonicadominicana.com\/portal\/wp-json\/wp\/v2\/posts\/112475","targetHints":{"allow":["GET"]}}],"collection":[{"href":"https:\/\/potenciaradiofonicadominicana.com\/portal\/wp-json\/wp\/v2\/posts"}],"about":[{"href":"https:\/\/potenciaradiofonicadominicana.com\/portal\/wp-json\/wp\/v2\/types\/post"}],"author":[{"embeddable":true,"href":"https:\/\/potenciaradiofonicadominicana.com\/portal\/wp-json\/wp\/v2\/users\/2"}],"replies":[{"embeddable":true,"href":"https:\/\/potenciaradiofonicadominicana.com\/portal\/wp-json\/wp\/v2\/comments?post=112475"}],"version-history":[{"count":1,"href":"https:\/\/potenciaradiofonicadominicana.com\/portal\/wp-json\/wp\/v2\/posts\/112475\/revisions"}],"predecessor-version":[{"id":112477,"href":"https:\/\/potenciaradiofonicadominicana.com\/portal\/wp-json\/wp\/v2\/posts\/112475\/revisions\/112477"}],"wp:featuredmedia":[{"embeddable":true,"href":"https:\/\/potenciaradiofonicadominicana.com\/portal\/wp-json\/wp\/v2\/media\/112476"}],"wp:attachment":[{"href":"https:\/\/potenciaradiofonicadominicana.com\/portal\/wp-json\/wp\/v2\/media?parent=112475"}],"wp:term":[{"taxonomy":"category","embeddable":true,"href":"https:\/\/potenciaradiofonicadominicana.com\/portal\/wp-json\/wp\/v2\/categories?post=112475"},{"taxonomy":"post_tag","embeddable":true,"href":"https:\/\/potenciaradiofonicadominicana.com\/portal\/wp-json\/wp\/v2\/tags?post=112475"}],"curies":[{"name":"wp","href":"https:\/\/api.w.org\/{rel}","templated":true}]}}