{"id":112469,"date":"2022-01-16T19:59:00","date_gmt":"2022-01-16T23:59:00","guid":{"rendered":"https:\/\/potenciaradiofonicadominicana.com\/portal\/?p=112469"},"modified":"2022-01-16T19:59:00","modified_gmt":"2022-01-16T23:59:00","slug":"argentina-expone-ante-el-fmi-su-nuevo-acuerdo-de-precios-contra-la-inflacion","status":"publish","type":"post","link":"https:\/\/potenciaradiofonicadominicana.com\/portal\/argentina-expone-ante-el-fmi-su-nuevo-acuerdo-de-precios-contra-la-inflacion\/","title":{"rendered":"Argentina expone ante el FMI su nuevo acuerdo de precios contra la inflaci\u00f3n"},"content":{"rendered":"<p><a href=\"https:\/\/potenciaradiofonicadominicana.com\/portal\/wp-content\/uploads\/2022\/01\/argentina-expone-ante-el-fmi-su-nuevo-acuerdo-de-precios-contra-la-inflacion.jpeg\"><img loading=\"lazy\" decoding=\"async\" class=\"alignnone size-full wp-image-112470\" src=\"https:\/\/potenciaradiofonicadominicana.com\/portal\/wp-content\/uploads\/2022\/01\/argentina-expone-ante-el-fmi-su-nuevo-acuerdo-de-precios-contra-la-inflacion.jpeg\" alt=\"\" width=\"613\" height=\"460\" srcset=\"https:\/\/potenciaradiofonicadominicana.com\/portal\/wp-content\/uploads\/2022\/01\/argentina-expone-ante-el-fmi-su-nuevo-acuerdo-de-precios-contra-la-inflacion.jpeg 613w, https:\/\/potenciaradiofonicadominicana.com\/portal\/wp-content\/uploads\/2022\/01\/argentina-expone-ante-el-fmi-su-nuevo-acuerdo-de-precios-contra-la-inflacion-300x225.jpeg 300w\" sizes=\"auto, (max-width: 613px) 100vw, 613px\" \/><\/a><\/p>\n<p>El ministro de Econom\u00eda de Argentina, Mart\u00edn Guzm\u00e1n, se reuni\u00f3 este viernes con un equipo del Fondo Monetario Internacional (FMI) para seguir avanzando en las negociaciones por la deuda de m\u00e1s de US$40,000 millones que el pa\u00eds tiene con el organismo y donde expuso el nuevo acuerdo de precios para combatir la inflaci\u00f3n.<\/p>\n<p>Seg\u00fan portavoces de Econom\u00eda, en la reuni\u00f3n virtual estuvo presente el secretario de Comercio Interior de Argentina, Roberto Feletti, cuya cartera negoci\u00f3 la nueva etapa del programa de \u00abPrecios Cuidados\u00bb, que contempla una canasta de 1,321 productos de consumo masivo con precios acordados con m\u00e1s de un centenar de empresas, que se revisan trimestralmente.<\/p>\n<p>Guzm\u00e1n destac\u00f3 que el programa Precios Cuidados \u201cconstituye un elemento importante\u00bb para \u00abatacar el fen\u00f3meno inflacionario en la Argentina\u201d y \u00abque va a servir como un elemento m\u00e1s para anclar expectativas\u201d.<\/p>\n<p>Argentina tiene un problema hist\u00f3rico de inflaci\u00f3n, que en 2021 fue del 50.9% y solo en la divisi\u00f3n de alimentos y bebidas no alcoh\u00f3licas los precios subieron el 50.3% el a\u00f1o pasado.<\/p>\n<p>En la reuni\u00f3n, Guzm\u00e1n indic\u00f3 que el Gobierno de Alberto Fern\u00e1ndez est\u00e1 trabajando \u00absobre la base de una estrategia integral\u201d para atacar las causas estructurales del problema inflacionario.<\/p>\n<p>Adem\u00e1s, el ministro que encabeza las negociaciones con el FMI hizo hincapi\u00e9 en la importancia de \u201ctener pol\u00edticas de precios-ingresos que garanticen que el salario real pueda ir aumentando al mismo tiempo que se tranquilizan las expectativas inflacionarias\u201d.<\/p>\n<p>En esta l\u00ednea, Guzm\u00e1n sostuvo que \u201ces muy importante atacar el tema de las expectativas en una sociedad que se acostumbr\u00f3 a vivir con inflaci\u00f3n\u201d.<\/p>\n<p>El pasado 10 de diciembre, el FMI hab\u00eda indicado que \u00ababordar la persistente y alta inflaci\u00f3n requiere un enfoque m\u00faltiple que implique una reducci\u00f3n del financiamiento monetario del d\u00e9ficit fiscal, una pol\u00edtica monetaria adecuada con tasas de inter\u00e9s reales positivas y una coordinaci\u00f3n de precios y salarios\u00bb, tras reuniones con representantes del Banco Central y del Ministerio de Econom\u00eda argentinos.<\/p>\n<p>Argentina busca sellar con el FMI un acuerdo de facilidades extendidas para refinanciar las deudas contra\u00eddas a partir del acuerdo de auxilio financiero firmado en 2018 entre el organismo y el entonces Gobierno del conservador Mauricio Macri (2015-2019), que actualmente ronda los US$41,000 millones.<\/p>\n<p>Seg\u00fan el acuerdo de 2018, Argentina deber\u00eda pagar al organismo, entre capital e intereses, 19,020 millones de d\u00f3lares este a\u00f1o, 19,270 millones en 2023 y 4.856 millones en 2024, unos vencimientos que el Gobierno del peronista Alberto Fern\u00e1ndez ya ha dicho que el pa\u00eds, que atraviesa desequilibrios macroecon\u00f3micos, no est\u00e1 en condiciones de afrontar.<\/p>\n<p>Los compromisos m\u00e1s voluminosos de este a\u00f1o empiezan a operar en marzo, cuando Argentina deber\u00eda pagar US$2,838 millones, metiendo a\u00fan m\u00e1s presi\u00f3n sobre el bajo nivel de reservas monetarias netas del pa\u00eds.<\/p>\n","protected":false},"excerpt":{"rendered":"<p>El ministro de Econom\u00eda de Argentina, Mart\u00edn Guzm\u00e1n, se reuni\u00f3 este viernes con un equipo del Fondo Monetario Internacional (FMI) &#8230;<\/p>\n","protected":false},"author":2,"featured_media":112470,"comment_status":"open","ping_status":"open","sticky":false,"template":"","format":"standard","meta":{"footnotes":""},"categories":[26],"tags":[],"class_list":["post-112469","post","type-post","status-publish","format-standard","has-post-thumbnail","hentry","category-economia"],"yoast_head":"<!-- This site is optimized with the Yoast SEO plugin v24.8.1 - https:\/\/yoast.com\/wordpress\/plugins\/seo\/ -->\n<title>Argentina expone ante el FMI su nuevo acuerdo de precios contra la inflaci\u00f3n - PotenciaRadiofonicaDominicana.com<\/title>\n<meta name=\"robots\" content=\"index, follow, max-snippet:-1, max-image-preview:large, max-video-preview:-1\" \/>\n<link rel=\"canonical\" href=\"https:\/\/potenciaradiofonicadominicana.com\/portal\/argentina-expone-ante-el-fmi-su-nuevo-acuerdo-de-precios-contra-la-inflacion\/\" \/>\n<meta property=\"og:locale\" content=\"es_ES\" \/>\n<meta property=\"og:type\" content=\"article\" \/>\n<meta property=\"og:title\" content=\"Argentina expone ante el FMI su nuevo acuerdo de precios contra la inflaci\u00f3n - PotenciaRadiofonicaDominicana.com\" \/>\n<meta property=\"og:description\" content=\"El ministro de Econom\u00eda de Argentina, Mart\u00edn Guzm\u00e1n, se reuni\u00f3 este viernes con un equipo del Fondo Monetario Internacional (FMI) ...\" \/>\n<meta property=\"og:url\" content=\"https:\/\/potenciaradiofonicadominicana.com\/portal\/argentina-expone-ante-el-fmi-su-nuevo-acuerdo-de-precios-contra-la-inflacion\/\" \/>\n<meta property=\"og:site_name\" content=\"PotenciaRadiofonicaDominicana.com\" \/>\n<meta property=\"article:publisher\" content=\"https:\/\/web.facebook.com\/PotenciaRadiofonicaD\" \/>\n<meta property=\"article:published_time\" content=\"2022-01-16T23:59:00+00:00\" \/>\n<meta property=\"og:image\" content=\"https:\/\/potenciaradiofonicadominicana.com\/portal\/wp-content\/uploads\/2022\/01\/argentina-expone-ante-el-fmi-su-nuevo-acuerdo-de-precios-contra-la-inflacion.jpeg\" \/>\n\t<meta property=\"og:image:width\" content=\"613\" \/>\n\t<meta property=\"og:image:height\" content=\"460\" \/>\n\t<meta property=\"og:image:type\" content=\"image\/jpeg\" \/>\n<meta name=\"author\" content=\"Potencia Radiof\u00f3nica Dominicana\" \/>\n<meta name=\"twitter:card\" content=\"summary_large_image\" \/>\n<meta name=\"twitter:label1\" content=\"Escrito por\" \/>\n\t<meta name=\"twitter:data1\" content=\"Potencia Radiof\u00f3nica Dominicana\" \/>\n\t<meta name=\"twitter:label2\" content=\"Tiempo de lectura\" \/>\n\t<meta name=\"twitter:data2\" content=\"2 minutos\" \/>\n<script type=\"application\/ld+json\" class=\"yoast-schema-graph\">{\"@context\":\"https:\/\/schema.org\",\"@graph\":[{\"@type\":\"Article\",\"@id\":\"https:\/\/potenciaradiofonicadominicana.com\/portal\/argentina-expone-ante-el-fmi-su-nuevo-acuerdo-de-precios-contra-la-inflacion\/#article\",\"isPartOf\":{\"@id\":\"https:\/\/potenciaradiofonicadominicana.com\/portal\/argentina-expone-ante-el-fmi-su-nuevo-acuerdo-de-precios-contra-la-inflacion\/\"},\"author\":{\"name\":\"Potencia Radiof\u00f3nica Dominicana\",\"@id\":\"https:\/\/potenciaradiofonicadominicana.com\/portal\/#\/schema\/person\/a5cf1fea13877803ee0573ac18b03490\"},\"headline\":\"Argentina expone ante el FMI su nuevo acuerdo de precios contra la inflaci\u00f3n\",\"datePublished\":\"2022-01-16T23:59:00+00:00\",\"mainEntityOfPage\":{\"@id\":\"https:\/\/potenciaradiofonicadominicana.com\/portal\/argentina-expone-ante-el-fmi-su-nuevo-acuerdo-de-precios-contra-la-inflacion\/\"},\"wordCount\":503,\"commentCount\":0,\"publisher\":{\"@id\":\"https:\/\/potenciaradiofonicadominicana.com\/portal\/#organization\"},\"image\":{\"@id\":\"https:\/\/potenciaradiofonicadominicana.com\/portal\/argentina-expone-ante-el-fmi-su-nuevo-acuerdo-de-precios-contra-la-inflacion\/#primaryimage\"},\"thumbnailUrl\":\"https:\/\/potenciaradiofonicadominicana.com\/portal\/wp-content\/uploads\/2022\/01\/argentina-expone-ante-el-fmi-su-nuevo-acuerdo-de-precios-contra-la-inflacion.jpeg\",\"articleSection\":[\"Econom\u00eda\"],\"inLanguage\":\"es\",\"potentialAction\":[{\"@type\":\"CommentAction\",\"name\":\"Comment\",\"target\":[\"https:\/\/potenciaradiofonicadominicana.com\/portal\/argentina-expone-ante-el-fmi-su-nuevo-acuerdo-de-precios-contra-la-inflacion\/#respond\"]}]},{\"@type\":\"WebPage\",\"@id\":\"https:\/\/potenciaradiofonicadominicana.com\/portal\/argentina-expone-ante-el-fmi-su-nuevo-acuerdo-de-precios-contra-la-inflacion\/\",\"url\":\"https:\/\/potenciaradiofonicadominicana.com\/portal\/argentina-expone-ante-el-fmi-su-nuevo-acuerdo-de-precios-contra-la-inflacion\/\",\"name\":\"Argentina expone ante el FMI su nuevo acuerdo de precios contra la inflaci\u00f3n - PotenciaRadiofonicaDominicana.com\",\"isPartOf\":{\"@id\":\"https:\/\/potenciaradiofonicadominicana.com\/portal\/#website\"},\"primaryImageOfPage\":{\"@id\":\"https:\/\/potenciaradiofonicadominicana.com\/portal\/argentina-expone-ante-el-fmi-su-nuevo-acuerdo-de-precios-contra-la-inflacion\/#primaryimage\"},\"image\":{\"@id\":\"https:\/\/potenciaradiofonicadominicana.com\/portal\/argentina-expone-ante-el-fmi-su-nuevo-acuerdo-de-precios-contra-la-inflacion\/#primaryimage\"},\"thumbnailUrl\":\"https:\/\/potenciaradiofonicadominicana.com\/portal\/wp-content\/uploads\/2022\/01\/argentina-expone-ante-el-fmi-su-nuevo-acuerdo-de-precios-contra-la-inflacion.jpeg\",\"datePublished\":\"2022-01-16T23:59:00+00:00\",\"breadcrumb\":{\"@id\":\"https:\/\/potenciaradiofonicadominicana.com\/portal\/argentina-expone-ante-el-fmi-su-nuevo-acuerdo-de-precios-contra-la-inflacion\/#breadcrumb\"},\"inLanguage\":\"es\",\"potentialAction\":[{\"@type\":\"ReadAction\",\"target\":[\"https:\/\/potenciaradiofonicadominicana.com\/portal\/argentina-expone-ante-el-fmi-su-nuevo-acuerdo-de-precios-contra-la-inflacion\/\"]}]},{\"@type\":\"ImageObject\",\"inLanguage\":\"es\",\"@id\":\"https:\/\/potenciaradiofonicadominicana.com\/portal\/argentina-expone-ante-el-fmi-su-nuevo-acuerdo-de-precios-contra-la-inflacion\/#primaryimage\",\"url\":\"https:\/\/potenciaradiofonicadominicana.com\/portal\/wp-content\/uploads\/2022\/01\/argentina-expone-ante-el-fmi-su-nuevo-acuerdo-de-precios-contra-la-inflacion.jpeg\",\"contentUrl\":\"https:\/\/potenciaradiofonicadominicana.com\/portal\/wp-content\/uploads\/2022\/01\/argentina-expone-ante-el-fmi-su-nuevo-acuerdo-de-precios-contra-la-inflacion.jpeg\",\"width\":613,\"height\":460},{\"@type\":\"BreadcrumbList\",\"@id\":\"https:\/\/potenciaradiofonicadominicana.com\/portal\/argentina-expone-ante-el-fmi-su-nuevo-acuerdo-de-precios-contra-la-inflacion\/#breadcrumb\",\"itemListElement\":[{\"@type\":\"ListItem\",\"position\":1,\"name\":\"Portada\",\"item\":\"https:\/\/potenciaradiofonicadominicana.com\/portal\/\"},{\"@type\":\"ListItem\",\"position\":2,\"name\":\"Argentina expone ante el FMI su nuevo acuerdo de precios contra la inflaci\u00f3n\"}]},{\"@type\":\"WebSite\",\"@id\":\"https:\/\/potenciaradiofonicadominicana.com\/portal\/#website\",\"url\":\"https:\/\/potenciaradiofonicadominicana.com\/portal\/\",\"name\":\"PotenciaRadiofonicaDominicana.com\",\"description\":\"Peri\u00f3dico Digital\",\"publisher\":{\"@id\":\"https:\/\/potenciaradiofonicadominicana.com\/portal\/#organization\"},\"potentialAction\":[{\"@type\":\"SearchAction\",\"target\":{\"@type\":\"EntryPoint\",\"urlTemplate\":\"https:\/\/potenciaradiofonicadominicana.com\/portal\/?s={search_term_string}\"},\"query-input\":{\"@type\":\"PropertyValueSpecification\",\"valueRequired\":true,\"valueName\":\"search_term_string\"}}],\"inLanguage\":\"es\"},{\"@type\":\"Organization\",\"@id\":\"https:\/\/potenciaradiofonicadominicana.com\/portal\/#organization\",\"name\":\"PotenciaRadiofonicaDominicana.com\",\"url\":\"https:\/\/potenciaradiofonicadominicana.com\/portal\/\",\"logo\":{\"@type\":\"ImageObject\",\"inLanguage\":\"es\",\"@id\":\"https:\/\/potenciaradiofonicadominicana.com\/portal\/#\/schema\/logo\/image\/\",\"url\":\"https:\/\/potenciaradiofonicadominicana.com\/portal\/wp-content\/uploads\/2022\/01\/descarga.png\",\"contentUrl\":\"https:\/\/potenciaradiofonicadominicana.com\/portal\/wp-content\/uploads\/2022\/01\/descarga.png\",\"width\":300,\"height\":100,\"caption\":\"PotenciaRadiofonicaDominicana.com\"},\"image\":{\"@id\":\"https:\/\/potenciaradiofonicadominicana.com\/portal\/#\/schema\/logo\/image\/\"},\"sameAs\":[\"https:\/\/web.facebook.com\/PotenciaRadiofonicaD\"]},{\"@type\":\"Person\",\"@id\":\"https:\/\/potenciaradiofonicadominicana.com\/portal\/#\/schema\/person\/a5cf1fea13877803ee0573ac18b03490\",\"name\":\"Potencia Radiof\u00f3nica Dominicana\",\"image\":{\"@type\":\"ImageObject\",\"inLanguage\":\"es\",\"@id\":\"https:\/\/potenciaradiofonicadominicana.com\/portal\/#\/schema\/person\/image\/\",\"url\":\"https:\/\/secure.gravatar.com\/avatar\/42a55ab9e8ccc656ba34cd791990602a?s=96&d=mm&r=g\",\"contentUrl\":\"https:\/\/secure.gravatar.com\/avatar\/42a55ab9e8ccc656ba34cd791990602a?s=96&d=mm&r=g\",\"caption\":\"Potencia Radiof\u00f3nica Dominicana\"},\"url\":\"https:\/\/potenciaradiofonicadominicana.com\/portal\/author\/johannyalmanzar\/\"}]}<\/script>\n<!-- \/ Yoast SEO plugin. -->","yoast_head_json":{"title":"Argentina expone ante el FMI su nuevo acuerdo de precios contra la inflaci\u00f3n - PotenciaRadiofonicaDominicana.com","robots":{"index":"index","follow":"follow","max-snippet":"max-snippet:-1","max-image-preview":"max-image-preview:large","max-video-preview":"max-video-preview:-1"},"canonical":"https:\/\/potenciaradiofonicadominicana.com\/portal\/argentina-expone-ante-el-fmi-su-nuevo-acuerdo-de-precios-contra-la-inflacion\/","og_locale":"es_ES","og_type":"article","og_title":"Argentina expone ante el FMI su nuevo acuerdo de precios contra la inflaci\u00f3n - PotenciaRadiofonicaDominicana.com","og_description":"El ministro de Econom\u00eda de Argentina, Mart\u00edn Guzm\u00e1n, se reuni\u00f3 este viernes con un equipo del Fondo Monetario Internacional (FMI) ...","og_url":"https:\/\/potenciaradiofonicadominicana.com\/portal\/argentina-expone-ante-el-fmi-su-nuevo-acuerdo-de-precios-contra-la-inflacion\/","og_site_name":"PotenciaRadiofonicaDominicana.com","article_publisher":"https:\/\/web.facebook.com\/PotenciaRadiofonicaD","article_published_time":"2022-01-16T23:59:00+00:00","og_image":[{"width":613,"height":460,"url":"https:\/\/potenciaradiofonicadominicana.com\/portal\/wp-content\/uploads\/2022\/01\/argentina-expone-ante-el-fmi-su-nuevo-acuerdo-de-precios-contra-la-inflacion.jpeg","type":"image\/jpeg"}],"author":"Potencia Radiof\u00f3nica Dominicana","twitter_card":"summary_large_image","twitter_misc":{"Escrito por":"Potencia Radiof\u00f3nica Dominicana","Tiempo de lectura":"2 minutos"},"schema":{"@context":"https:\/\/schema.org","@graph":[{"@type":"Article","@id":"https:\/\/potenciaradiofonicadominicana.com\/portal\/argentina-expone-ante-el-fmi-su-nuevo-acuerdo-de-precios-contra-la-inflacion\/#article","isPartOf":{"@id":"https:\/\/potenciaradiofonicadominicana.com\/portal\/argentina-expone-ante-el-fmi-su-nuevo-acuerdo-de-precios-contra-la-inflacion\/"},"author":{"name":"Potencia Radiof\u00f3nica Dominicana","@id":"https:\/\/potenciaradiofonicadominicana.com\/portal\/#\/schema\/person\/a5cf1fea13877803ee0573ac18b03490"},"headline":"Argentina expone ante el FMI su nuevo acuerdo de precios contra la inflaci\u00f3n","datePublished":"2022-01-16T23:59:00+00:00","mainEntityOfPage":{"@id":"https:\/\/potenciaradiofonicadominicana.com\/portal\/argentina-expone-ante-el-fmi-su-nuevo-acuerdo-de-precios-contra-la-inflacion\/"},"wordCount":503,"commentCount":0,"publisher":{"@id":"https:\/\/potenciaradiofonicadominicana.com\/portal\/#organization"},"image":{"@id":"https:\/\/potenciaradiofonicadominicana.com\/portal\/argentina-expone-ante-el-fmi-su-nuevo-acuerdo-de-precios-contra-la-inflacion\/#primaryimage"},"thumbnailUrl":"https:\/\/potenciaradiofonicadominicana.com\/portal\/wp-content\/uploads\/2022\/01\/argentina-expone-ante-el-fmi-su-nuevo-acuerdo-de-precios-contra-la-inflacion.jpeg","articleSection":["Econom\u00eda"],"inLanguage":"es","potentialAction":[{"@type":"CommentAction","name":"Comment","target":["https:\/\/potenciaradiofonicadominicana.com\/portal\/argentina-expone-ante-el-fmi-su-nuevo-acuerdo-de-precios-contra-la-inflacion\/#respond"]}]},{"@type":"WebPage","@id":"https:\/\/potenciaradiofonicadominicana.com\/portal\/argentina-expone-ante-el-fmi-su-nuevo-acuerdo-de-precios-contra-la-inflacion\/","url":"https:\/\/potenciaradiofonicadominicana.com\/portal\/argentina-expone-ante-el-fmi-su-nuevo-acuerdo-de-precios-contra-la-inflacion\/","name":"Argentina expone ante el FMI su nuevo acuerdo de precios contra la inflaci\u00f3n - PotenciaRadiofonicaDominicana.com","isPartOf":{"@id":"https:\/\/potenciaradiofonicadominicana.com\/portal\/#website"},"primaryImageOfPage":{"@id":"https:\/\/potenciaradiofonicadominicana.com\/portal\/argentina-expone-ante-el-fmi-su-nuevo-acuerdo-de-precios-contra-la-inflacion\/#primaryimage"},"image":{"@id":"https:\/\/potenciaradiofonicadominicana.com\/portal\/argentina-expone-ante-el-fmi-su-nuevo-acuerdo-de-precios-contra-la-inflacion\/#primaryimage"},"thumbnailUrl":"https:\/\/potenciaradiofonicadominicana.com\/portal\/wp-content\/uploads\/2022\/01\/argentina-expone-ante-el-fmi-su-nuevo-acuerdo-de-precios-contra-la-inflacion.jpeg","datePublished":"2022-01-16T23:59:00+00:00","breadcrumb":{"@id":"https:\/\/potenciaradiofonicadominicana.com\/portal\/argentina-expone-ante-el-fmi-su-nuevo-acuerdo-de-precios-contra-la-inflacion\/#breadcrumb"},"inLanguage":"es","potentialAction":[{"@type":"ReadAction","target":["https:\/\/potenciaradiofonicadominicana.com\/portal\/argentina-expone-ante-el-fmi-su-nuevo-acuerdo-de-precios-contra-la-inflacion\/"]}]},{"@type":"ImageObject","inLanguage":"es","@id":"https:\/\/potenciaradiofonicadominicana.com\/portal\/argentina-expone-ante-el-fmi-su-nuevo-acuerdo-de-precios-contra-la-inflacion\/#primaryimage","url":"https:\/\/potenciaradiofonicadominicana.com\/portal\/wp-content\/uploads\/2022\/01\/argentina-expone-ante-el-fmi-su-nuevo-acuerdo-de-precios-contra-la-inflacion.jpeg","contentUrl":"https:\/\/potenciaradiofonicadominicana.com\/portal\/wp-content\/uploads\/2022\/01\/argentina-expone-ante-el-fmi-su-nuevo-acuerdo-de-precios-contra-la-inflacion.jpeg","width":613,"height":460},{"@type":"BreadcrumbList","@id":"https:\/\/potenciaradiofonicadominicana.com\/portal\/argentina-expone-ante-el-fmi-su-nuevo-acuerdo-de-precios-contra-la-inflacion\/#breadcrumb","itemListElement":[{"@type":"ListItem","position":1,"name":"Portada","item":"https:\/\/potenciaradiofonicadominicana.com\/portal\/"},{"@type":"ListItem","position":2,"name":"Argentina expone ante el FMI su nuevo acuerdo de precios contra la inflaci\u00f3n"}]},{"@type":"WebSite","@id":"https:\/\/potenciaradiofonicadominicana.com\/portal\/#website","url":"https:\/\/potenciaradiofonicadominicana.com\/portal\/","name":"PotenciaRadiofonicaDominicana.com","description":"Peri\u00f3dico Digital","publisher":{"@id":"https:\/\/potenciaradiofonicadominicana.com\/portal\/#organization"},"potentialAction":[{"@type":"SearchAction","target":{"@type":"EntryPoint","urlTemplate":"https:\/\/potenciaradiofonicadominicana.com\/portal\/?s={search_term_string}"},"query-input":{"@type":"PropertyValueSpecification","valueRequired":true,"valueName":"search_term_string"}}],"inLanguage":"es"},{"@type":"Organization","@id":"https:\/\/potenciaradiofonicadominicana.com\/portal\/#organization","name":"PotenciaRadiofonicaDominicana.com","url":"https:\/\/potenciaradiofonicadominicana.com\/portal\/","logo":{"@type":"ImageObject","inLanguage":"es","@id":"https:\/\/potenciaradiofonicadominicana.com\/portal\/#\/schema\/logo\/image\/","url":"https:\/\/potenciaradiofonicadominicana.com\/portal\/wp-content\/uploads\/2022\/01\/descarga.png","contentUrl":"https:\/\/potenciaradiofonicadominicana.com\/portal\/wp-content\/uploads\/2022\/01\/descarga.png","width":300,"height":100,"caption":"PotenciaRadiofonicaDominicana.com"},"image":{"@id":"https:\/\/potenciaradiofonicadominicana.com\/portal\/#\/schema\/logo\/image\/"},"sameAs":["https:\/\/web.facebook.com\/PotenciaRadiofonicaD"]},{"@type":"Person","@id":"https:\/\/potenciaradiofonicadominicana.com\/portal\/#\/schema\/person\/a5cf1fea13877803ee0573ac18b03490","name":"Potencia Radiof\u00f3nica Dominicana","image":{"@type":"ImageObject","inLanguage":"es","@id":"https:\/\/potenciaradiofonicadominicana.com\/portal\/#\/schema\/person\/image\/","url":"https:\/\/secure.gravatar.com\/avatar\/42a55ab9e8ccc656ba34cd791990602a?s=96&d=mm&r=g","contentUrl":"https:\/\/secure.gravatar.com\/avatar\/42a55ab9e8ccc656ba34cd791990602a?s=96&d=mm&r=g","caption":"Potencia Radiof\u00f3nica Dominicana"},"url":"https:\/\/potenciaradiofonicadominicana.com\/portal\/author\/johannyalmanzar\/"}]}},"_links":{"self":[{"href":"https:\/\/potenciaradiofonicadominicana.com\/portal\/wp-json\/wp\/v2\/posts\/112469","targetHints":{"allow":["GET"]}}],"collection":[{"href":"https:\/\/potenciaradiofonicadominicana.com\/portal\/wp-json\/wp\/v2\/posts"}],"about":[{"href":"https:\/\/potenciaradiofonicadominicana.com\/portal\/wp-json\/wp\/v2\/types\/post"}],"author":[{"embeddable":true,"href":"https:\/\/potenciaradiofonicadominicana.com\/portal\/wp-json\/wp\/v2\/users\/2"}],"replies":[{"embeddable":true,"href":"https:\/\/potenciaradiofonicadominicana.com\/portal\/wp-json\/wp\/v2\/comments?post=112469"}],"version-history":[{"count":1,"href":"https:\/\/potenciaradiofonicadominicana.com\/portal\/wp-json\/wp\/v2\/posts\/112469\/revisions"}],"predecessor-version":[{"id":112471,"href":"https:\/\/potenciaradiofonicadominicana.com\/portal\/wp-json\/wp\/v2\/posts\/112469\/revisions\/112471"}],"wp:featuredmedia":[{"embeddable":true,"href":"https:\/\/potenciaradiofonicadominicana.com\/portal\/wp-json\/wp\/v2\/media\/112470"}],"wp:attachment":[{"href":"https:\/\/potenciaradiofonicadominicana.com\/portal\/wp-json\/wp\/v2\/media?parent=112469"}],"wp:term":[{"taxonomy":"category","embeddable":true,"href":"https:\/\/potenciaradiofonicadominicana.com\/portal\/wp-json\/wp\/v2\/categories?post=112469"},{"taxonomy":"post_tag","embeddable":true,"href":"https:\/\/potenciaradiofonicadominicana.com\/portal\/wp-json\/wp\/v2\/tags?post=112469"}],"curies":[{"name":"wp","href":"https:\/\/api.w.org\/{rel}","templated":true}]}}