{"id":112462,"date":"2022-01-16T19:54:44","date_gmt":"2022-01-16T23:54:44","guid":{"rendered":"https:\/\/potenciaradiofonicadominicana.com\/portal\/?p=112462"},"modified":"2022-01-16T19:54:44","modified_gmt":"2022-01-16T23:54:44","slug":"mueren-unas-400-000-gallinas-en-tres-dias-por-la-ola-de-calor-en-uruguay","status":"publish","type":"post","link":"https:\/\/potenciaradiofonicadominicana.com\/portal\/mueren-unas-400-000-gallinas-en-tres-dias-por-la-ola-de-calor-en-uruguay\/","title":{"rendered":"Mueren unas 400.000 gallinas en tres d\u00edas por la ola de calor en Uruguay"},"content":{"rendered":"<p><a href=\"https:\/\/potenciaradiofonicadominicana.com\/portal\/wp-content\/uploads\/2022\/01\/201809100353181.jpeg\"><img loading=\"lazy\" decoding=\"async\" class=\"alignnone size-full wp-image-112464\" src=\"https:\/\/potenciaradiofonicadominicana.com\/portal\/wp-content\/uploads\/2022\/01\/201809100353181.jpeg\" alt=\"\" width=\"680\" height=\"422\" srcset=\"https:\/\/potenciaradiofonicadominicana.com\/portal\/wp-content\/uploads\/2022\/01\/201809100353181.jpeg 680w, https:\/\/potenciaradiofonicadominicana.com\/portal\/wp-content\/uploads\/2022\/01\/201809100353181-300x186.jpeg 300w\" sizes=\"auto, (max-width: 680px) 100vw, 680px\" \/><\/a><\/p>\n<p>Montevideo,\u00a0 (EFE) &#8211; Unas 400.000 gallinas murieron en Uruguay entre el jueves y el s\u00e1bado debido a la ola de calor que hubo en el pa\u00eds sudamericano, seg\u00fan inform\u00f3\u00a0 el presidente de la Asociaci\u00f3n de Productores Av\u00edcolas Sur, Joaqu\u00edn Fern\u00e1ndez.<\/p>\n<p>Por esto, indic\u00f3 que la producci\u00f3n bajar\u00e1 entre un 10 y un 12 por ciento y explic\u00f3 que las p\u00e9rdidas solamente hablando de animales son de aproximadamente 1,5 millones de d\u00f3lares.<\/p>\n<p>Al ser consultado por las consecuencias que deber\u00e1n afrontar los consumidores, Fern\u00e1ndez apunt\u00f3 que el pa\u00eds sudamericano no se ver\u00e1 desabastecido.<\/p>\n<p>Aunque resalt\u00f3 que el precio de los huevos tendr\u00e1 una suba que ser\u00e1 \u00abrazonable\u00bb y no \u00ababusiva\u00bb.<\/p>\n<p>Por otra parte, el presidente de la Asociaci\u00f3n de Productores Av\u00edcolas Sur, quien trabaja en este rubro desde hace 43 a\u00f1os, cont\u00f3 que no recuerda un episodio de este tipo en Uruguay.<\/p>\n<p>\u00abRecuerdo hace quiz\u00e1s 15 a\u00f1os o algo m\u00e1s, creo que fue un 23 de diciembre con una tarde espantosa que se hab\u00edan muerto una cantidad, pero nada parecido a esto. Esto es absolutamente hist\u00f3rico\u00bb, dijo.<\/p>\n<p>Asever\u00f3 que ya se contact\u00f3 con autoridades del Ministerio de Ganader\u00eda, Agricultura y Pesca para plantear esta situaci\u00f3n.<\/p>\n<p>Indic\u00f3 que en los pr\u00f3ximos d\u00edas ser\u00e1n recibidos para buscar soluciones a esta problem\u00e1tica.<\/p>\n<p>En los \u00faltimos d\u00edas el pa\u00eds sudamericano sufri\u00f3 una ola de calor.<\/p>\n<p>De hecho, el departamento (provincia) de Florida (sur) igual\u00f3 con 44 grados cent\u00edgrados la temperatura m\u00e1s alta en la historia de Uruguay.<\/p>\n<p>No obstante, el Instituto Uruguayo de Meteorolog\u00eda comunic\u00f3 este viernes que dicha ola culminar\u00e1 este fin de semana y que comenzar\u00e1 un per\u00edodo de \u00abinestabilidad atmosf\u00e9rica\u00bb.<\/p>\n","protected":false},"excerpt":{"rendered":"<p>Montevideo,\u00a0 (EFE) &#8211; Unas 400.000 gallinas murieron en Uruguay entre el jueves y el s\u00e1bado debido a la ola de &#8230;<\/p>\n","protected":false},"author":2,"featured_media":112464,"comment_status":"open","ping_status":"open","sticky":false,"template":"","format":"standard","meta":{"footnotes":""},"categories":[26,30],"tags":[],"class_list":["post-112462","post","type-post","status-publish","format-standard","has-post-thumbnail","hentry","category-economia","category-internacional"],"yoast_head":"<!-- This site is optimized with the Yoast SEO plugin v24.8.1 - https:\/\/yoast.com\/wordpress\/plugins\/seo\/ -->\n<title>Mueren unas 400.000 gallinas en tres d\u00edas por la ola de calor en Uruguay - PotenciaRadiofonicaDominicana.com<\/title>\n<meta name=\"robots\" content=\"index, follow, max-snippet:-1, max-image-preview:large, max-video-preview:-1\" \/>\n<link rel=\"canonical\" href=\"https:\/\/potenciaradiofonicadominicana.com\/portal\/mueren-unas-400-000-gallinas-en-tres-dias-por-la-ola-de-calor-en-uruguay\/\" \/>\n<meta property=\"og:locale\" content=\"es_ES\" \/>\n<meta property=\"og:type\" content=\"article\" \/>\n<meta property=\"og:title\" content=\"Mueren unas 400.000 gallinas en tres d\u00edas por la ola de calor en Uruguay - PotenciaRadiofonicaDominicana.com\" \/>\n<meta property=\"og:description\" content=\"Montevideo,\u00a0 (EFE) &#8211; Unas 400.000 gallinas murieron en Uruguay entre el jueves y el s\u00e1bado debido a la ola de ...\" \/>\n<meta property=\"og:url\" content=\"https:\/\/potenciaradiofonicadominicana.com\/portal\/mueren-unas-400-000-gallinas-en-tres-dias-por-la-ola-de-calor-en-uruguay\/\" \/>\n<meta property=\"og:site_name\" content=\"PotenciaRadiofonicaDominicana.com\" \/>\n<meta property=\"article:publisher\" content=\"https:\/\/web.facebook.com\/PotenciaRadiofonicaD\" \/>\n<meta property=\"article:published_time\" content=\"2022-01-16T23:54:44+00:00\" \/>\n<meta property=\"og:image\" content=\"https:\/\/potenciaradiofonicadominicana.com\/portal\/wp-content\/uploads\/2022\/01\/201809100353181.jpeg\" \/>\n\t<meta property=\"og:image:width\" content=\"680\" \/>\n\t<meta property=\"og:image:height\" content=\"422\" \/>\n\t<meta property=\"og:image:type\" content=\"image\/jpeg\" \/>\n<meta name=\"author\" content=\"Potencia Radiof\u00f3nica Dominicana\" \/>\n<meta name=\"twitter:card\" content=\"summary_large_image\" \/>\n<meta name=\"twitter:label1\" content=\"Escrito por\" \/>\n\t<meta name=\"twitter:data1\" content=\"Potencia Radiof\u00f3nica Dominicana\" \/>\n\t<meta name=\"twitter:label2\" content=\"Tiempo de lectura\" \/>\n\t<meta name=\"twitter:data2\" content=\"1 minuto\" \/>\n<script type=\"application\/ld+json\" class=\"yoast-schema-graph\">{\"@context\":\"https:\/\/schema.org\",\"@graph\":[{\"@type\":\"Article\",\"@id\":\"https:\/\/potenciaradiofonicadominicana.com\/portal\/mueren-unas-400-000-gallinas-en-tres-dias-por-la-ola-de-calor-en-uruguay\/#article\",\"isPartOf\":{\"@id\":\"https:\/\/potenciaradiofonicadominicana.com\/portal\/mueren-unas-400-000-gallinas-en-tres-dias-por-la-ola-de-calor-en-uruguay\/\"},\"author\":{\"name\":\"Potencia Radiof\u00f3nica Dominicana\",\"@id\":\"https:\/\/potenciaradiofonicadominicana.com\/portal\/#\/schema\/person\/a5cf1fea13877803ee0573ac18b03490\"},\"headline\":\"Mueren unas 400.000 gallinas en tres d\u00edas por la ola de calor en Uruguay\",\"datePublished\":\"2022-01-16T23:54:44+00:00\",\"mainEntityOfPage\":{\"@id\":\"https:\/\/potenciaradiofonicadominicana.com\/portal\/mueren-unas-400-000-gallinas-en-tres-dias-por-la-ola-de-calor-en-uruguay\/\"},\"wordCount\":308,\"commentCount\":0,\"publisher\":{\"@id\":\"https:\/\/potenciaradiofonicadominicana.com\/portal\/#organization\"},\"image\":{\"@id\":\"https:\/\/potenciaradiofonicadominicana.com\/portal\/mueren-unas-400-000-gallinas-en-tres-dias-por-la-ola-de-calor-en-uruguay\/#primaryimage\"},\"thumbnailUrl\":\"https:\/\/potenciaradiofonicadominicana.com\/portal\/wp-content\/uploads\/2022\/01\/201809100353181.jpeg\",\"articleSection\":[\"Econom\u00eda\",\"Internacional\"],\"inLanguage\":\"es\",\"potentialAction\":[{\"@type\":\"CommentAction\",\"name\":\"Comment\",\"target\":[\"https:\/\/potenciaradiofonicadominicana.com\/portal\/mueren-unas-400-000-gallinas-en-tres-dias-por-la-ola-de-calor-en-uruguay\/#respond\"]}]},{\"@type\":\"WebPage\",\"@id\":\"https:\/\/potenciaradiofonicadominicana.com\/portal\/mueren-unas-400-000-gallinas-en-tres-dias-por-la-ola-de-calor-en-uruguay\/\",\"url\":\"https:\/\/potenciaradiofonicadominicana.com\/portal\/mueren-unas-400-000-gallinas-en-tres-dias-por-la-ola-de-calor-en-uruguay\/\",\"name\":\"Mueren unas 400.000 gallinas en tres d\u00edas por la ola de calor en Uruguay - PotenciaRadiofonicaDominicana.com\",\"isPartOf\":{\"@id\":\"https:\/\/potenciaradiofonicadominicana.com\/portal\/#website\"},\"primaryImageOfPage\":{\"@id\":\"https:\/\/potenciaradiofonicadominicana.com\/portal\/mueren-unas-400-000-gallinas-en-tres-dias-por-la-ola-de-calor-en-uruguay\/#primaryimage\"},\"image\":{\"@id\":\"https:\/\/potenciaradiofonicadominicana.com\/portal\/mueren-unas-400-000-gallinas-en-tres-dias-por-la-ola-de-calor-en-uruguay\/#primaryimage\"},\"thumbnailUrl\":\"https:\/\/potenciaradiofonicadominicana.com\/portal\/wp-content\/uploads\/2022\/01\/201809100353181.jpeg\",\"datePublished\":\"2022-01-16T23:54:44+00:00\",\"breadcrumb\":{\"@id\":\"https:\/\/potenciaradiofonicadominicana.com\/portal\/mueren-unas-400-000-gallinas-en-tres-dias-por-la-ola-de-calor-en-uruguay\/#breadcrumb\"},\"inLanguage\":\"es\",\"potentialAction\":[{\"@type\":\"ReadAction\",\"target\":[\"https:\/\/potenciaradiofonicadominicana.com\/portal\/mueren-unas-400-000-gallinas-en-tres-dias-por-la-ola-de-calor-en-uruguay\/\"]}]},{\"@type\":\"ImageObject\",\"inLanguage\":\"es\",\"@id\":\"https:\/\/potenciaradiofonicadominicana.com\/portal\/mueren-unas-400-000-gallinas-en-tres-dias-por-la-ola-de-calor-en-uruguay\/#primaryimage\",\"url\":\"https:\/\/potenciaradiofonicadominicana.com\/portal\/wp-content\/uploads\/2022\/01\/201809100353181.jpeg\",\"contentUrl\":\"https:\/\/potenciaradiofonicadominicana.com\/portal\/wp-content\/uploads\/2022\/01\/201809100353181.jpeg\",\"width\":680,\"height\":422},{\"@type\":\"BreadcrumbList\",\"@id\":\"https:\/\/potenciaradiofonicadominicana.com\/portal\/mueren-unas-400-000-gallinas-en-tres-dias-por-la-ola-de-calor-en-uruguay\/#breadcrumb\",\"itemListElement\":[{\"@type\":\"ListItem\",\"position\":1,\"name\":\"Portada\",\"item\":\"https:\/\/potenciaradiofonicadominicana.com\/portal\/\"},{\"@type\":\"ListItem\",\"position\":2,\"name\":\"Mueren unas 400.000 gallinas en tres d\u00edas por la ola de calor en Uruguay\"}]},{\"@type\":\"WebSite\",\"@id\":\"https:\/\/potenciaradiofonicadominicana.com\/portal\/#website\",\"url\":\"https:\/\/potenciaradiofonicadominicana.com\/portal\/\",\"name\":\"PotenciaRadiofonicaDominicana.com\",\"description\":\"Peri\u00f3dico Digital\",\"publisher\":{\"@id\":\"https:\/\/potenciaradiofonicadominicana.com\/portal\/#organization\"},\"potentialAction\":[{\"@type\":\"SearchAction\",\"target\":{\"@type\":\"EntryPoint\",\"urlTemplate\":\"https:\/\/potenciaradiofonicadominicana.com\/portal\/?s={search_term_string}\"},\"query-input\":{\"@type\":\"PropertyValueSpecification\",\"valueRequired\":true,\"valueName\":\"search_term_string\"}}],\"inLanguage\":\"es\"},{\"@type\":\"Organization\",\"@id\":\"https:\/\/potenciaradiofonicadominicana.com\/portal\/#organization\",\"name\":\"PotenciaRadiofonicaDominicana.com\",\"url\":\"https:\/\/potenciaradiofonicadominicana.com\/portal\/\",\"logo\":{\"@type\":\"ImageObject\",\"inLanguage\":\"es\",\"@id\":\"https:\/\/potenciaradiofonicadominicana.com\/portal\/#\/schema\/logo\/image\/\",\"url\":\"https:\/\/potenciaradiofonicadominicana.com\/portal\/wp-content\/uploads\/2022\/01\/descarga.png\",\"contentUrl\":\"https:\/\/potenciaradiofonicadominicana.com\/portal\/wp-content\/uploads\/2022\/01\/descarga.png\",\"width\":300,\"height\":100,\"caption\":\"PotenciaRadiofonicaDominicana.com\"},\"image\":{\"@id\":\"https:\/\/potenciaradiofonicadominicana.com\/portal\/#\/schema\/logo\/image\/\"},\"sameAs\":[\"https:\/\/web.facebook.com\/PotenciaRadiofonicaD\"]},{\"@type\":\"Person\",\"@id\":\"https:\/\/potenciaradiofonicadominicana.com\/portal\/#\/schema\/person\/a5cf1fea13877803ee0573ac18b03490\",\"name\":\"Potencia Radiof\u00f3nica Dominicana\",\"image\":{\"@type\":\"ImageObject\",\"inLanguage\":\"es\",\"@id\":\"https:\/\/potenciaradiofonicadominicana.com\/portal\/#\/schema\/person\/image\/\",\"url\":\"https:\/\/secure.gravatar.com\/avatar\/42a55ab9e8ccc656ba34cd791990602a?s=96&d=mm&r=g\",\"contentUrl\":\"https:\/\/secure.gravatar.com\/avatar\/42a55ab9e8ccc656ba34cd791990602a?s=96&d=mm&r=g\",\"caption\":\"Potencia Radiof\u00f3nica Dominicana\"},\"url\":\"https:\/\/potenciaradiofonicadominicana.com\/portal\/author\/johannyalmanzar\/\"}]}<\/script>\n<!-- \/ Yoast SEO plugin. -->","yoast_head_json":{"title":"Mueren unas 400.000 gallinas en tres d\u00edas por la ola de calor en Uruguay - PotenciaRadiofonicaDominicana.com","robots":{"index":"index","follow":"follow","max-snippet":"max-snippet:-1","max-image-preview":"max-image-preview:large","max-video-preview":"max-video-preview:-1"},"canonical":"https:\/\/potenciaradiofonicadominicana.com\/portal\/mueren-unas-400-000-gallinas-en-tres-dias-por-la-ola-de-calor-en-uruguay\/","og_locale":"es_ES","og_type":"article","og_title":"Mueren unas 400.000 gallinas en tres d\u00edas por la ola de calor en Uruguay - PotenciaRadiofonicaDominicana.com","og_description":"Montevideo,\u00a0 (EFE) &#8211; Unas 400.000 gallinas murieron en Uruguay entre el jueves y el s\u00e1bado debido a la ola de ...","og_url":"https:\/\/potenciaradiofonicadominicana.com\/portal\/mueren-unas-400-000-gallinas-en-tres-dias-por-la-ola-de-calor-en-uruguay\/","og_site_name":"PotenciaRadiofonicaDominicana.com","article_publisher":"https:\/\/web.facebook.com\/PotenciaRadiofonicaD","article_published_time":"2022-01-16T23:54:44+00:00","og_image":[{"width":680,"height":422,"url":"https:\/\/potenciaradiofonicadominicana.com\/portal\/wp-content\/uploads\/2022\/01\/201809100353181.jpeg","type":"image\/jpeg"}],"author":"Potencia Radiof\u00f3nica Dominicana","twitter_card":"summary_large_image","twitter_misc":{"Escrito por":"Potencia Radiof\u00f3nica Dominicana","Tiempo de lectura":"1 minuto"},"schema":{"@context":"https:\/\/schema.org","@graph":[{"@type":"Article","@id":"https:\/\/potenciaradiofonicadominicana.com\/portal\/mueren-unas-400-000-gallinas-en-tres-dias-por-la-ola-de-calor-en-uruguay\/#article","isPartOf":{"@id":"https:\/\/potenciaradiofonicadominicana.com\/portal\/mueren-unas-400-000-gallinas-en-tres-dias-por-la-ola-de-calor-en-uruguay\/"},"author":{"name":"Potencia Radiof\u00f3nica Dominicana","@id":"https:\/\/potenciaradiofonicadominicana.com\/portal\/#\/schema\/person\/a5cf1fea13877803ee0573ac18b03490"},"headline":"Mueren unas 400.000 gallinas en tres d\u00edas por la ola de calor en Uruguay","datePublished":"2022-01-16T23:54:44+00:00","mainEntityOfPage":{"@id":"https:\/\/potenciaradiofonicadominicana.com\/portal\/mueren-unas-400-000-gallinas-en-tres-dias-por-la-ola-de-calor-en-uruguay\/"},"wordCount":308,"commentCount":0,"publisher":{"@id":"https:\/\/potenciaradiofonicadominicana.com\/portal\/#organization"},"image":{"@id":"https:\/\/potenciaradiofonicadominicana.com\/portal\/mueren-unas-400-000-gallinas-en-tres-dias-por-la-ola-de-calor-en-uruguay\/#primaryimage"},"thumbnailUrl":"https:\/\/potenciaradiofonicadominicana.com\/portal\/wp-content\/uploads\/2022\/01\/201809100353181.jpeg","articleSection":["Econom\u00eda","Internacional"],"inLanguage":"es","potentialAction":[{"@type":"CommentAction","name":"Comment","target":["https:\/\/potenciaradiofonicadominicana.com\/portal\/mueren-unas-400-000-gallinas-en-tres-dias-por-la-ola-de-calor-en-uruguay\/#respond"]}]},{"@type":"WebPage","@id":"https:\/\/potenciaradiofonicadominicana.com\/portal\/mueren-unas-400-000-gallinas-en-tres-dias-por-la-ola-de-calor-en-uruguay\/","url":"https:\/\/potenciaradiofonicadominicana.com\/portal\/mueren-unas-400-000-gallinas-en-tres-dias-por-la-ola-de-calor-en-uruguay\/","name":"Mueren unas 400.000 gallinas en tres d\u00edas por la ola de calor en Uruguay - PotenciaRadiofonicaDominicana.com","isPartOf":{"@id":"https:\/\/potenciaradiofonicadominicana.com\/portal\/#website"},"primaryImageOfPage":{"@id":"https:\/\/potenciaradiofonicadominicana.com\/portal\/mueren-unas-400-000-gallinas-en-tres-dias-por-la-ola-de-calor-en-uruguay\/#primaryimage"},"image":{"@id":"https:\/\/potenciaradiofonicadominicana.com\/portal\/mueren-unas-400-000-gallinas-en-tres-dias-por-la-ola-de-calor-en-uruguay\/#primaryimage"},"thumbnailUrl":"https:\/\/potenciaradiofonicadominicana.com\/portal\/wp-content\/uploads\/2022\/01\/201809100353181.jpeg","datePublished":"2022-01-16T23:54:44+00:00","breadcrumb":{"@id":"https:\/\/potenciaradiofonicadominicana.com\/portal\/mueren-unas-400-000-gallinas-en-tres-dias-por-la-ola-de-calor-en-uruguay\/#breadcrumb"},"inLanguage":"es","potentialAction":[{"@type":"ReadAction","target":["https:\/\/potenciaradiofonicadominicana.com\/portal\/mueren-unas-400-000-gallinas-en-tres-dias-por-la-ola-de-calor-en-uruguay\/"]}]},{"@type":"ImageObject","inLanguage":"es","@id":"https:\/\/potenciaradiofonicadominicana.com\/portal\/mueren-unas-400-000-gallinas-en-tres-dias-por-la-ola-de-calor-en-uruguay\/#primaryimage","url":"https:\/\/potenciaradiofonicadominicana.com\/portal\/wp-content\/uploads\/2022\/01\/201809100353181.jpeg","contentUrl":"https:\/\/potenciaradiofonicadominicana.com\/portal\/wp-content\/uploads\/2022\/01\/201809100353181.jpeg","width":680,"height":422},{"@type":"BreadcrumbList","@id":"https:\/\/potenciaradiofonicadominicana.com\/portal\/mueren-unas-400-000-gallinas-en-tres-dias-por-la-ola-de-calor-en-uruguay\/#breadcrumb","itemListElement":[{"@type":"ListItem","position":1,"name":"Portada","item":"https:\/\/potenciaradiofonicadominicana.com\/portal\/"},{"@type":"ListItem","position":2,"name":"Mueren unas 400.000 gallinas en tres d\u00edas por la ola de calor en Uruguay"}]},{"@type":"WebSite","@id":"https:\/\/potenciaradiofonicadominicana.com\/portal\/#website","url":"https:\/\/potenciaradiofonicadominicana.com\/portal\/","name":"PotenciaRadiofonicaDominicana.com","description":"Peri\u00f3dico Digital","publisher":{"@id":"https:\/\/potenciaradiofonicadominicana.com\/portal\/#organization"},"potentialAction":[{"@type":"SearchAction","target":{"@type":"EntryPoint","urlTemplate":"https:\/\/potenciaradiofonicadominicana.com\/portal\/?s={search_term_string}"},"query-input":{"@type":"PropertyValueSpecification","valueRequired":true,"valueName":"search_term_string"}}],"inLanguage":"es"},{"@type":"Organization","@id":"https:\/\/potenciaradiofonicadominicana.com\/portal\/#organization","name":"PotenciaRadiofonicaDominicana.com","url":"https:\/\/potenciaradiofonicadominicana.com\/portal\/","logo":{"@type":"ImageObject","inLanguage":"es","@id":"https:\/\/potenciaradiofonicadominicana.com\/portal\/#\/schema\/logo\/image\/","url":"https:\/\/potenciaradiofonicadominicana.com\/portal\/wp-content\/uploads\/2022\/01\/descarga.png","contentUrl":"https:\/\/potenciaradiofonicadominicana.com\/portal\/wp-content\/uploads\/2022\/01\/descarga.png","width":300,"height":100,"caption":"PotenciaRadiofonicaDominicana.com"},"image":{"@id":"https:\/\/potenciaradiofonicadominicana.com\/portal\/#\/schema\/logo\/image\/"},"sameAs":["https:\/\/web.facebook.com\/PotenciaRadiofonicaD"]},{"@type":"Person","@id":"https:\/\/potenciaradiofonicadominicana.com\/portal\/#\/schema\/person\/a5cf1fea13877803ee0573ac18b03490","name":"Potencia Radiof\u00f3nica Dominicana","image":{"@type":"ImageObject","inLanguage":"es","@id":"https:\/\/potenciaradiofonicadominicana.com\/portal\/#\/schema\/person\/image\/","url":"https:\/\/secure.gravatar.com\/avatar\/42a55ab9e8ccc656ba34cd791990602a?s=96&d=mm&r=g","contentUrl":"https:\/\/secure.gravatar.com\/avatar\/42a55ab9e8ccc656ba34cd791990602a?s=96&d=mm&r=g","caption":"Potencia Radiof\u00f3nica Dominicana"},"url":"https:\/\/potenciaradiofonicadominicana.com\/portal\/author\/johannyalmanzar\/"}]}},"_links":{"self":[{"href":"https:\/\/potenciaradiofonicadominicana.com\/portal\/wp-json\/wp\/v2\/posts\/112462","targetHints":{"allow":["GET"]}}],"collection":[{"href":"https:\/\/potenciaradiofonicadominicana.com\/portal\/wp-json\/wp\/v2\/posts"}],"about":[{"href":"https:\/\/potenciaradiofonicadominicana.com\/portal\/wp-json\/wp\/v2\/types\/post"}],"author":[{"embeddable":true,"href":"https:\/\/potenciaradiofonicadominicana.com\/portal\/wp-json\/wp\/v2\/users\/2"}],"replies":[{"embeddable":true,"href":"https:\/\/potenciaradiofonicadominicana.com\/portal\/wp-json\/wp\/v2\/comments?post=112462"}],"version-history":[{"count":1,"href":"https:\/\/potenciaradiofonicadominicana.com\/portal\/wp-json\/wp\/v2\/posts\/112462\/revisions"}],"predecessor-version":[{"id":112465,"href":"https:\/\/potenciaradiofonicadominicana.com\/portal\/wp-json\/wp\/v2\/posts\/112462\/revisions\/112465"}],"wp:featuredmedia":[{"embeddable":true,"href":"https:\/\/potenciaradiofonicadominicana.com\/portal\/wp-json\/wp\/v2\/media\/112464"}],"wp:attachment":[{"href":"https:\/\/potenciaradiofonicadominicana.com\/portal\/wp-json\/wp\/v2\/media?parent=112462"}],"wp:term":[{"taxonomy":"category","embeddable":true,"href":"https:\/\/potenciaradiofonicadominicana.com\/portal\/wp-json\/wp\/v2\/categories?post=112462"},{"taxonomy":"post_tag","embeddable":true,"href":"https:\/\/potenciaradiofonicadominicana.com\/portal\/wp-json\/wp\/v2\/tags?post=112462"}],"curies":[{"name":"wp","href":"https:\/\/api.w.org\/{rel}","templated":true}]}}