{"id":112367,"date":"2022-01-15T14:10:55","date_gmt":"2022-01-15T18:10:55","guid":{"rendered":"https:\/\/potenciaradiofonicadominicana.com\/portal\/?p=112367"},"modified":"2022-01-15T14:10:55","modified_gmt":"2022-01-15T18:10:55","slug":"cardi-b-confeso-ante-tribunal-que-contemplo-el-suicidio-al-sentirse-difamada-por-youtuber","status":"publish","type":"post","link":"https:\/\/potenciaradiofonicadominicana.com\/portal\/cardi-b-confeso-ante-tribunal-que-contemplo-el-suicidio-al-sentirse-difamada-por-youtuber\/","title":{"rendered":"Cardi B confes\u00f3 ante tribunal que contempl\u00f3 el suicidio al sentirse difamada por Youtuber"},"content":{"rendered":"<p><a href=\"https:\/\/potenciaradiofonicadominicana.com\/portal\/wp-content\/uploads\/2022\/01\/900cardib-unas2-770x513.jpg\"><img loading=\"lazy\" decoding=\"async\" class=\"alignnone size-full wp-image-112368\" src=\"https:\/\/potenciaradiofonicadominicana.com\/portal\/wp-content\/uploads\/2022\/01\/900cardib-unas2-770x513.jpg\" alt=\"\" width=\"770\" height=\"513\" srcset=\"https:\/\/potenciaradiofonicadominicana.com\/portal\/wp-content\/uploads\/2022\/01\/900cardib-unas2-770x513.jpg 770w, https:\/\/potenciaradiofonicadominicana.com\/portal\/wp-content\/uploads\/2022\/01\/900cardib-unas2-770x513-300x200.jpg 300w, https:\/\/potenciaradiofonicadominicana.com\/portal\/wp-content\/uploads\/2022\/01\/900cardib-unas2-770x513-768x512.jpg 768w\" sizes=\"auto, (max-width: 770px) 100vw, 770px\" \/><\/a><\/p>\n<p>Cardi B mostr\u00f3 su lado m\u00e1s vulnerable ante un tribunal en el que confes\u00f3, entre sollozos, que lleg\u00f3 a contemplar la idea de suicidarse al sentirse difamada po la youtuber Latasha Kebe, conocida como\u00a0Tasha K, quien coment\u00f3 entre 2018 y 2019 que la rapera de origen dominicano segu\u00eda ejerciendo la prostituci\u00f3n, que ten\u00eda enfermedades de transmisi\u00f3n sexual y que consum\u00eda drogas de forma regular.<\/p>\n<p>\u00abQuer\u00eda suicidarme. Me sent\u00ed derrotada y deprimida y no quer\u00eda acostarme con mi esposo (Offset)\u00bb, dijo Cardi B entre l\u00e1grimas en el estrado de un tribunal federal de Georgia, seg\u00fan public\u00f3 el portal TMZ.<\/p>\n<p>Belcalis Marlenis Alm\u00e1nzar, nombre real de la rapera, acudi\u00f3 al tribunal en Georgia, en el que quebr\u00f3 en llanto en varias ocasiones y revel\u00f3, adem\u00e1s, que ha sufrido migra\u00f1as, ansiedad y fatiga debido a la tensi\u00f3n derivada de tantas injurias, rese\u00f1\u00f3 el portal del peri\u00f3dico El Diario de New York.<\/p>\n<p>Cardi B expres\u00f3 que a pesar de las dificultades que ha atravesado a lo largo de su vida, como la falta de recursos econ\u00f3micos y el abuso f\u00edsico, pero que las afirmaciones de Kebe hab\u00edan sido profundamente hirientes.<\/p>\n<p>La artista exige a la demandada una indemnizaci\u00f3n econ\u00f3mica y que se retracte de las \u201cinformaciones falsas y difamatorias\u201d que ella difundi\u00f3.<\/p>\n","protected":false},"excerpt":{"rendered":"<p>Cardi B mostr\u00f3 su lado m\u00e1s vulnerable ante un tribunal en el que confes\u00f3, entre sollozos, que lleg\u00f3 a contemplar &#8230;<\/p>\n","protected":false},"author":2,"featured_media":112368,"comment_status":"open","ping_status":"open","sticky":false,"template":"","format":"standard","meta":{"footnotes":""},"categories":[31],"tags":[],"class_list":["post-112367","post","type-post","status-publish","format-standard","has-post-thumbnail","hentry","category-arte-y-espectaculo"],"yoast_head":"<!-- This site is optimized with the Yoast SEO plugin v24.8.1 - https:\/\/yoast.com\/wordpress\/plugins\/seo\/ -->\n<title>Cardi B confes\u00f3 ante tribunal que contempl\u00f3 el suicidio al sentirse difamada por Youtuber - PotenciaRadiofonicaDominicana.com<\/title>\n<meta name=\"robots\" content=\"index, follow, max-snippet:-1, max-image-preview:large, max-video-preview:-1\" \/>\n<link rel=\"canonical\" href=\"https:\/\/potenciaradiofonicadominicana.com\/portal\/cardi-b-confeso-ante-tribunal-que-contemplo-el-suicidio-al-sentirse-difamada-por-youtuber\/\" \/>\n<meta property=\"og:locale\" content=\"es_ES\" \/>\n<meta property=\"og:type\" content=\"article\" \/>\n<meta property=\"og:title\" content=\"Cardi B confes\u00f3 ante tribunal que contempl\u00f3 el suicidio al sentirse difamada por Youtuber - PotenciaRadiofonicaDominicana.com\" \/>\n<meta property=\"og:description\" content=\"Cardi B mostr\u00f3 su lado m\u00e1s vulnerable ante un tribunal en el que confes\u00f3, entre sollozos, que lleg\u00f3 a contemplar ...\" \/>\n<meta property=\"og:url\" content=\"https:\/\/potenciaradiofonicadominicana.com\/portal\/cardi-b-confeso-ante-tribunal-que-contemplo-el-suicidio-al-sentirse-difamada-por-youtuber\/\" \/>\n<meta property=\"og:site_name\" content=\"PotenciaRadiofonicaDominicana.com\" \/>\n<meta property=\"article:publisher\" content=\"https:\/\/web.facebook.com\/PotenciaRadiofonicaD\" \/>\n<meta property=\"article:published_time\" content=\"2022-01-15T18:10:55+00:00\" \/>\n<meta property=\"og:image\" content=\"https:\/\/potenciaradiofonicadominicana.com\/portal\/wp-content\/uploads\/2022\/01\/900cardib-unas2-770x513.jpg\" \/>\n\t<meta property=\"og:image:width\" content=\"770\" \/>\n\t<meta property=\"og:image:height\" content=\"513\" \/>\n\t<meta property=\"og:image:type\" content=\"image\/jpeg\" \/>\n<meta name=\"author\" content=\"Potencia Radiof\u00f3nica Dominicana\" \/>\n<meta name=\"twitter:card\" content=\"summary_large_image\" \/>\n<meta name=\"twitter:label1\" content=\"Escrito por\" \/>\n\t<meta name=\"twitter:data1\" content=\"Potencia Radiof\u00f3nica Dominicana\" \/>\n\t<meta name=\"twitter:label2\" content=\"Tiempo de lectura\" \/>\n\t<meta name=\"twitter:data2\" content=\"1 minuto\" \/>\n<script type=\"application\/ld+json\" class=\"yoast-schema-graph\">{\"@context\":\"https:\/\/schema.org\",\"@graph\":[{\"@type\":\"Article\",\"@id\":\"https:\/\/potenciaradiofonicadominicana.com\/portal\/cardi-b-confeso-ante-tribunal-que-contemplo-el-suicidio-al-sentirse-difamada-por-youtuber\/#article\",\"isPartOf\":{\"@id\":\"https:\/\/potenciaradiofonicadominicana.com\/portal\/cardi-b-confeso-ante-tribunal-que-contemplo-el-suicidio-al-sentirse-difamada-por-youtuber\/\"},\"author\":{\"name\":\"Potencia Radiof\u00f3nica Dominicana\",\"@id\":\"https:\/\/potenciaradiofonicadominicana.com\/portal\/#\/schema\/person\/a5cf1fea13877803ee0573ac18b03490\"},\"headline\":\"Cardi B confes\u00f3 ante tribunal que contempl\u00f3 el suicidio al sentirse difamada por Youtuber\",\"datePublished\":\"2022-01-15T18:10:55+00:00\",\"mainEntityOfPage\":{\"@id\":\"https:\/\/potenciaradiofonicadominicana.com\/portal\/cardi-b-confeso-ante-tribunal-que-contemplo-el-suicidio-al-sentirse-difamada-por-youtuber\/\"},\"wordCount\":241,\"commentCount\":0,\"publisher\":{\"@id\":\"https:\/\/potenciaradiofonicadominicana.com\/portal\/#organization\"},\"image\":{\"@id\":\"https:\/\/potenciaradiofonicadominicana.com\/portal\/cardi-b-confeso-ante-tribunal-que-contemplo-el-suicidio-al-sentirse-difamada-por-youtuber\/#primaryimage\"},\"thumbnailUrl\":\"https:\/\/potenciaradiofonicadominicana.com\/portal\/wp-content\/uploads\/2022\/01\/900cardib-unas2-770x513.jpg\",\"articleSection\":[\"Arte y Espectaculo\"],\"inLanguage\":\"es\",\"potentialAction\":[{\"@type\":\"CommentAction\",\"name\":\"Comment\",\"target\":[\"https:\/\/potenciaradiofonicadominicana.com\/portal\/cardi-b-confeso-ante-tribunal-que-contemplo-el-suicidio-al-sentirse-difamada-por-youtuber\/#respond\"]}]},{\"@type\":\"WebPage\",\"@id\":\"https:\/\/potenciaradiofonicadominicana.com\/portal\/cardi-b-confeso-ante-tribunal-que-contemplo-el-suicidio-al-sentirse-difamada-por-youtuber\/\",\"url\":\"https:\/\/potenciaradiofonicadominicana.com\/portal\/cardi-b-confeso-ante-tribunal-que-contemplo-el-suicidio-al-sentirse-difamada-por-youtuber\/\",\"name\":\"Cardi B confes\u00f3 ante tribunal que contempl\u00f3 el suicidio al sentirse difamada por Youtuber - PotenciaRadiofonicaDominicana.com\",\"isPartOf\":{\"@id\":\"https:\/\/potenciaradiofonicadominicana.com\/portal\/#website\"},\"primaryImageOfPage\":{\"@id\":\"https:\/\/potenciaradiofonicadominicana.com\/portal\/cardi-b-confeso-ante-tribunal-que-contemplo-el-suicidio-al-sentirse-difamada-por-youtuber\/#primaryimage\"},\"image\":{\"@id\":\"https:\/\/potenciaradiofonicadominicana.com\/portal\/cardi-b-confeso-ante-tribunal-que-contemplo-el-suicidio-al-sentirse-difamada-por-youtuber\/#primaryimage\"},\"thumbnailUrl\":\"https:\/\/potenciaradiofonicadominicana.com\/portal\/wp-content\/uploads\/2022\/01\/900cardib-unas2-770x513.jpg\",\"datePublished\":\"2022-01-15T18:10:55+00:00\",\"breadcrumb\":{\"@id\":\"https:\/\/potenciaradiofonicadominicana.com\/portal\/cardi-b-confeso-ante-tribunal-que-contemplo-el-suicidio-al-sentirse-difamada-por-youtuber\/#breadcrumb\"},\"inLanguage\":\"es\",\"potentialAction\":[{\"@type\":\"ReadAction\",\"target\":[\"https:\/\/potenciaradiofonicadominicana.com\/portal\/cardi-b-confeso-ante-tribunal-que-contemplo-el-suicidio-al-sentirse-difamada-por-youtuber\/\"]}]},{\"@type\":\"ImageObject\",\"inLanguage\":\"es\",\"@id\":\"https:\/\/potenciaradiofonicadominicana.com\/portal\/cardi-b-confeso-ante-tribunal-que-contemplo-el-suicidio-al-sentirse-difamada-por-youtuber\/#primaryimage\",\"url\":\"https:\/\/potenciaradiofonicadominicana.com\/portal\/wp-content\/uploads\/2022\/01\/900cardib-unas2-770x513.jpg\",\"contentUrl\":\"https:\/\/potenciaradiofonicadominicana.com\/portal\/wp-content\/uploads\/2022\/01\/900cardib-unas2-770x513.jpg\",\"width\":770,\"height\":513},{\"@type\":\"BreadcrumbList\",\"@id\":\"https:\/\/potenciaradiofonicadominicana.com\/portal\/cardi-b-confeso-ante-tribunal-que-contemplo-el-suicidio-al-sentirse-difamada-por-youtuber\/#breadcrumb\",\"itemListElement\":[{\"@type\":\"ListItem\",\"position\":1,\"name\":\"Portada\",\"item\":\"https:\/\/potenciaradiofonicadominicana.com\/portal\/\"},{\"@type\":\"ListItem\",\"position\":2,\"name\":\"Cardi B confes\u00f3 ante tribunal que contempl\u00f3 el suicidio al sentirse difamada por Youtuber\"}]},{\"@type\":\"WebSite\",\"@id\":\"https:\/\/potenciaradiofonicadominicana.com\/portal\/#website\",\"url\":\"https:\/\/potenciaradiofonicadominicana.com\/portal\/\",\"name\":\"PotenciaRadiofonicaDominicana.com\",\"description\":\"Peri\u00f3dico Digital\",\"publisher\":{\"@id\":\"https:\/\/potenciaradiofonicadominicana.com\/portal\/#organization\"},\"potentialAction\":[{\"@type\":\"SearchAction\",\"target\":{\"@type\":\"EntryPoint\",\"urlTemplate\":\"https:\/\/potenciaradiofonicadominicana.com\/portal\/?s={search_term_string}\"},\"query-input\":{\"@type\":\"PropertyValueSpecification\",\"valueRequired\":true,\"valueName\":\"search_term_string\"}}],\"inLanguage\":\"es\"},{\"@type\":\"Organization\",\"@id\":\"https:\/\/potenciaradiofonicadominicana.com\/portal\/#organization\",\"name\":\"PotenciaRadiofonicaDominicana.com\",\"url\":\"https:\/\/potenciaradiofonicadominicana.com\/portal\/\",\"logo\":{\"@type\":\"ImageObject\",\"inLanguage\":\"es\",\"@id\":\"https:\/\/potenciaradiofonicadominicana.com\/portal\/#\/schema\/logo\/image\/\",\"url\":\"https:\/\/potenciaradiofonicadominicana.com\/portal\/wp-content\/uploads\/2022\/01\/descarga.png\",\"contentUrl\":\"https:\/\/potenciaradiofonicadominicana.com\/portal\/wp-content\/uploads\/2022\/01\/descarga.png\",\"width\":300,\"height\":100,\"caption\":\"PotenciaRadiofonicaDominicana.com\"},\"image\":{\"@id\":\"https:\/\/potenciaradiofonicadominicana.com\/portal\/#\/schema\/logo\/image\/\"},\"sameAs\":[\"https:\/\/web.facebook.com\/PotenciaRadiofonicaD\"]},{\"@type\":\"Person\",\"@id\":\"https:\/\/potenciaradiofonicadominicana.com\/portal\/#\/schema\/person\/a5cf1fea13877803ee0573ac18b03490\",\"name\":\"Potencia Radiof\u00f3nica Dominicana\",\"image\":{\"@type\":\"ImageObject\",\"inLanguage\":\"es\",\"@id\":\"https:\/\/potenciaradiofonicadominicana.com\/portal\/#\/schema\/person\/image\/\",\"url\":\"https:\/\/secure.gravatar.com\/avatar\/42a55ab9e8ccc656ba34cd791990602a?s=96&d=mm&r=g\",\"contentUrl\":\"https:\/\/secure.gravatar.com\/avatar\/42a55ab9e8ccc656ba34cd791990602a?s=96&d=mm&r=g\",\"caption\":\"Potencia Radiof\u00f3nica Dominicana\"},\"url\":\"https:\/\/potenciaradiofonicadominicana.com\/portal\/author\/johannyalmanzar\/\"}]}<\/script>\n<!-- \/ Yoast SEO plugin. -->","yoast_head_json":{"title":"Cardi B confes\u00f3 ante tribunal que contempl\u00f3 el suicidio al sentirse difamada por Youtuber - PotenciaRadiofonicaDominicana.com","robots":{"index":"index","follow":"follow","max-snippet":"max-snippet:-1","max-image-preview":"max-image-preview:large","max-video-preview":"max-video-preview:-1"},"canonical":"https:\/\/potenciaradiofonicadominicana.com\/portal\/cardi-b-confeso-ante-tribunal-que-contemplo-el-suicidio-al-sentirse-difamada-por-youtuber\/","og_locale":"es_ES","og_type":"article","og_title":"Cardi B confes\u00f3 ante tribunal que contempl\u00f3 el suicidio al sentirse difamada por Youtuber - PotenciaRadiofonicaDominicana.com","og_description":"Cardi B mostr\u00f3 su lado m\u00e1s vulnerable ante un tribunal en el que confes\u00f3, entre sollozos, que lleg\u00f3 a contemplar ...","og_url":"https:\/\/potenciaradiofonicadominicana.com\/portal\/cardi-b-confeso-ante-tribunal-que-contemplo-el-suicidio-al-sentirse-difamada-por-youtuber\/","og_site_name":"PotenciaRadiofonicaDominicana.com","article_publisher":"https:\/\/web.facebook.com\/PotenciaRadiofonicaD","article_published_time":"2022-01-15T18:10:55+00:00","og_image":[{"width":770,"height":513,"url":"https:\/\/potenciaradiofonicadominicana.com\/portal\/wp-content\/uploads\/2022\/01\/900cardib-unas2-770x513.jpg","type":"image\/jpeg"}],"author":"Potencia Radiof\u00f3nica Dominicana","twitter_card":"summary_large_image","twitter_misc":{"Escrito por":"Potencia Radiof\u00f3nica Dominicana","Tiempo de lectura":"1 minuto"},"schema":{"@context":"https:\/\/schema.org","@graph":[{"@type":"Article","@id":"https:\/\/potenciaradiofonicadominicana.com\/portal\/cardi-b-confeso-ante-tribunal-que-contemplo-el-suicidio-al-sentirse-difamada-por-youtuber\/#article","isPartOf":{"@id":"https:\/\/potenciaradiofonicadominicana.com\/portal\/cardi-b-confeso-ante-tribunal-que-contemplo-el-suicidio-al-sentirse-difamada-por-youtuber\/"},"author":{"name":"Potencia Radiof\u00f3nica Dominicana","@id":"https:\/\/potenciaradiofonicadominicana.com\/portal\/#\/schema\/person\/a5cf1fea13877803ee0573ac18b03490"},"headline":"Cardi B confes\u00f3 ante tribunal que contempl\u00f3 el suicidio al sentirse difamada por Youtuber","datePublished":"2022-01-15T18:10:55+00:00","mainEntityOfPage":{"@id":"https:\/\/potenciaradiofonicadominicana.com\/portal\/cardi-b-confeso-ante-tribunal-que-contemplo-el-suicidio-al-sentirse-difamada-por-youtuber\/"},"wordCount":241,"commentCount":0,"publisher":{"@id":"https:\/\/potenciaradiofonicadominicana.com\/portal\/#organization"},"image":{"@id":"https:\/\/potenciaradiofonicadominicana.com\/portal\/cardi-b-confeso-ante-tribunal-que-contemplo-el-suicidio-al-sentirse-difamada-por-youtuber\/#primaryimage"},"thumbnailUrl":"https:\/\/potenciaradiofonicadominicana.com\/portal\/wp-content\/uploads\/2022\/01\/900cardib-unas2-770x513.jpg","articleSection":["Arte y Espectaculo"],"inLanguage":"es","potentialAction":[{"@type":"CommentAction","name":"Comment","target":["https:\/\/potenciaradiofonicadominicana.com\/portal\/cardi-b-confeso-ante-tribunal-que-contemplo-el-suicidio-al-sentirse-difamada-por-youtuber\/#respond"]}]},{"@type":"WebPage","@id":"https:\/\/potenciaradiofonicadominicana.com\/portal\/cardi-b-confeso-ante-tribunal-que-contemplo-el-suicidio-al-sentirse-difamada-por-youtuber\/","url":"https:\/\/potenciaradiofonicadominicana.com\/portal\/cardi-b-confeso-ante-tribunal-que-contemplo-el-suicidio-al-sentirse-difamada-por-youtuber\/","name":"Cardi B confes\u00f3 ante tribunal que contempl\u00f3 el suicidio al sentirse difamada por Youtuber - PotenciaRadiofonicaDominicana.com","isPartOf":{"@id":"https:\/\/potenciaradiofonicadominicana.com\/portal\/#website"},"primaryImageOfPage":{"@id":"https:\/\/potenciaradiofonicadominicana.com\/portal\/cardi-b-confeso-ante-tribunal-que-contemplo-el-suicidio-al-sentirse-difamada-por-youtuber\/#primaryimage"},"image":{"@id":"https:\/\/potenciaradiofonicadominicana.com\/portal\/cardi-b-confeso-ante-tribunal-que-contemplo-el-suicidio-al-sentirse-difamada-por-youtuber\/#primaryimage"},"thumbnailUrl":"https:\/\/potenciaradiofonicadominicana.com\/portal\/wp-content\/uploads\/2022\/01\/900cardib-unas2-770x513.jpg","datePublished":"2022-01-15T18:10:55+00:00","breadcrumb":{"@id":"https:\/\/potenciaradiofonicadominicana.com\/portal\/cardi-b-confeso-ante-tribunal-que-contemplo-el-suicidio-al-sentirse-difamada-por-youtuber\/#breadcrumb"},"inLanguage":"es","potentialAction":[{"@type":"ReadAction","target":["https:\/\/potenciaradiofonicadominicana.com\/portal\/cardi-b-confeso-ante-tribunal-que-contemplo-el-suicidio-al-sentirse-difamada-por-youtuber\/"]}]},{"@type":"ImageObject","inLanguage":"es","@id":"https:\/\/potenciaradiofonicadominicana.com\/portal\/cardi-b-confeso-ante-tribunal-que-contemplo-el-suicidio-al-sentirse-difamada-por-youtuber\/#primaryimage","url":"https:\/\/potenciaradiofonicadominicana.com\/portal\/wp-content\/uploads\/2022\/01\/900cardib-unas2-770x513.jpg","contentUrl":"https:\/\/potenciaradiofonicadominicana.com\/portal\/wp-content\/uploads\/2022\/01\/900cardib-unas2-770x513.jpg","width":770,"height":513},{"@type":"BreadcrumbList","@id":"https:\/\/potenciaradiofonicadominicana.com\/portal\/cardi-b-confeso-ante-tribunal-que-contemplo-el-suicidio-al-sentirse-difamada-por-youtuber\/#breadcrumb","itemListElement":[{"@type":"ListItem","position":1,"name":"Portada","item":"https:\/\/potenciaradiofonicadominicana.com\/portal\/"},{"@type":"ListItem","position":2,"name":"Cardi B confes\u00f3 ante tribunal que contempl\u00f3 el suicidio al sentirse difamada por Youtuber"}]},{"@type":"WebSite","@id":"https:\/\/potenciaradiofonicadominicana.com\/portal\/#website","url":"https:\/\/potenciaradiofonicadominicana.com\/portal\/","name":"PotenciaRadiofonicaDominicana.com","description":"Peri\u00f3dico Digital","publisher":{"@id":"https:\/\/potenciaradiofonicadominicana.com\/portal\/#organization"},"potentialAction":[{"@type":"SearchAction","target":{"@type":"EntryPoint","urlTemplate":"https:\/\/potenciaradiofonicadominicana.com\/portal\/?s={search_term_string}"},"query-input":{"@type":"PropertyValueSpecification","valueRequired":true,"valueName":"search_term_string"}}],"inLanguage":"es"},{"@type":"Organization","@id":"https:\/\/potenciaradiofonicadominicana.com\/portal\/#organization","name":"PotenciaRadiofonicaDominicana.com","url":"https:\/\/potenciaradiofonicadominicana.com\/portal\/","logo":{"@type":"ImageObject","inLanguage":"es","@id":"https:\/\/potenciaradiofonicadominicana.com\/portal\/#\/schema\/logo\/image\/","url":"https:\/\/potenciaradiofonicadominicana.com\/portal\/wp-content\/uploads\/2022\/01\/descarga.png","contentUrl":"https:\/\/potenciaradiofonicadominicana.com\/portal\/wp-content\/uploads\/2022\/01\/descarga.png","width":300,"height":100,"caption":"PotenciaRadiofonicaDominicana.com"},"image":{"@id":"https:\/\/potenciaradiofonicadominicana.com\/portal\/#\/schema\/logo\/image\/"},"sameAs":["https:\/\/web.facebook.com\/PotenciaRadiofonicaD"]},{"@type":"Person","@id":"https:\/\/potenciaradiofonicadominicana.com\/portal\/#\/schema\/person\/a5cf1fea13877803ee0573ac18b03490","name":"Potencia Radiof\u00f3nica Dominicana","image":{"@type":"ImageObject","inLanguage":"es","@id":"https:\/\/potenciaradiofonicadominicana.com\/portal\/#\/schema\/person\/image\/","url":"https:\/\/secure.gravatar.com\/avatar\/42a55ab9e8ccc656ba34cd791990602a?s=96&d=mm&r=g","contentUrl":"https:\/\/secure.gravatar.com\/avatar\/42a55ab9e8ccc656ba34cd791990602a?s=96&d=mm&r=g","caption":"Potencia Radiof\u00f3nica Dominicana"},"url":"https:\/\/potenciaradiofonicadominicana.com\/portal\/author\/johannyalmanzar\/"}]}},"_links":{"self":[{"href":"https:\/\/potenciaradiofonicadominicana.com\/portal\/wp-json\/wp\/v2\/posts\/112367","targetHints":{"allow":["GET"]}}],"collection":[{"href":"https:\/\/potenciaradiofonicadominicana.com\/portal\/wp-json\/wp\/v2\/posts"}],"about":[{"href":"https:\/\/potenciaradiofonicadominicana.com\/portal\/wp-json\/wp\/v2\/types\/post"}],"author":[{"embeddable":true,"href":"https:\/\/potenciaradiofonicadominicana.com\/portal\/wp-json\/wp\/v2\/users\/2"}],"replies":[{"embeddable":true,"href":"https:\/\/potenciaradiofonicadominicana.com\/portal\/wp-json\/wp\/v2\/comments?post=112367"}],"version-history":[{"count":1,"href":"https:\/\/potenciaradiofonicadominicana.com\/portal\/wp-json\/wp\/v2\/posts\/112367\/revisions"}],"predecessor-version":[{"id":112369,"href":"https:\/\/potenciaradiofonicadominicana.com\/portal\/wp-json\/wp\/v2\/posts\/112367\/revisions\/112369"}],"wp:featuredmedia":[{"embeddable":true,"href":"https:\/\/potenciaradiofonicadominicana.com\/portal\/wp-json\/wp\/v2\/media\/112368"}],"wp:attachment":[{"href":"https:\/\/potenciaradiofonicadominicana.com\/portal\/wp-json\/wp\/v2\/media?parent=112367"}],"wp:term":[{"taxonomy":"category","embeddable":true,"href":"https:\/\/potenciaradiofonicadominicana.com\/portal\/wp-json\/wp\/v2\/categories?post=112367"},{"taxonomy":"post_tag","embeddable":true,"href":"https:\/\/potenciaradiofonicadominicana.com\/portal\/wp-json\/wp\/v2\/tags?post=112367"}],"curies":[{"name":"wp","href":"https:\/\/api.w.org\/{rel}","templated":true}]}}