{"id":112360,"date":"2022-01-15T14:06:14","date_gmt":"2022-01-15T18:06:14","guid":{"rendered":"https:\/\/potenciaradiofonicadominicana.com\/portal\/?p=112360"},"modified":"2022-01-15T14:06:14","modified_gmt":"2022-01-15T18:06:14","slug":"platanos-huevos-limones-y-otros-alimentos-los-que-mas-aumentaron-de-precio-en-diciembre-de-2021","status":"publish","type":"post","link":"https:\/\/potenciaradiofonicadominicana.com\/portal\/platanos-huevos-limones-y-otros-alimentos-los-que-mas-aumentaron-de-precio-en-diciembre-de-2021\/","title":{"rendered":"Pl\u00e1tanos, huevos, limones y otros alimentos, los que m\u00e1s aumentaron de precio en diciembre de 2021"},"content":{"rendered":"<p><a href=\"https:\/\/potenciaradiofonicadominicana.com\/portal\/wp-content\/uploads\/2022\/01\/exportacion-de-platanos.jpg\"><img loading=\"lazy\" decoding=\"async\" class=\"alignnone size-full wp-image-112361\" src=\"https:\/\/potenciaradiofonicadominicana.com\/portal\/wp-content\/uploads\/2022\/01\/exportacion-de-platanos.jpg\" alt=\"\" width=\"1200\" height=\"756\" srcset=\"https:\/\/potenciaradiofonicadominicana.com\/portal\/wp-content\/uploads\/2022\/01\/exportacion-de-platanos.jpg 1200w, https:\/\/potenciaradiofonicadominicana.com\/portal\/wp-content\/uploads\/2022\/01\/exportacion-de-platanos-300x189.jpg 300w, https:\/\/potenciaradiofonicadominicana.com\/portal\/wp-content\/uploads\/2022\/01\/exportacion-de-platanos-768x484.jpg 768w, https:\/\/potenciaradiofonicadominicana.com\/portal\/wp-content\/uploads\/2022\/01\/exportacion-de-platanos-1024x645.jpg 1024w\" sizes=\"auto, (max-width: 1200px) 100vw, 1200px\" \/><\/a><\/p>\n<p>El Banco Central inform\u00f3 que el \u00cdndice de Precios al Consumidor (IPC) del grupo Alimentos y Bebidas No Alcoh\u00f3licas registr\u00f3 una variaci\u00f3n de 0.81%, uno de los que m\u00e1s aument\u00f3 en diciembre de 2021, debido a\u00a0\u00a0los aumentos en los precios del caf\u00e9 (9.10%), los huevos (3.57%), pl\u00e1tanos verdes (3.32%), entre otros.<\/p>\n<p>Asimismo, otros productos que presentaron alzas fueron las papas (7.86%), limones agrios (25.94%), guineos verdes (3.42%), carne de cerdo (2.00%), pasta de tomate (3.03%), cebollas rojas (3.16%), aguacates (7.01%), carne de res (1.24%), auyama (7.32%), bacalao (1.72%) y zanahorias (7.45%) entre otros.<\/p>\n<p>No obstante, algunos bienes alimenticios registraron bajas de precios tales como guandules verdes (-19.24%) y aj\u00edes (-2.96%), refiri\u00f3 la entidad<\/p>\n<p>En general, el IPC de ese mes\u00a0fue de 0.73 %, colocando\u00a0la inflaci\u00f3n interanual, medida desde diciembre 2020 a diciembre 2021, en 8.50 %.<\/p>\n<p>Variaci\u00f3n por grupos<\/p>\n<p>La inflaci\u00f3n del grupo\u00a0Transporte<strong>\u00a0<\/strong>en el mes de diciembre de 2021 fue de 0.80%. La misma obedece principalmente a los incrementos de precios de los pasajes a\u00e9reos (14.65%), gas licuado (GLP) para veh\u00edculos (2.78%), gasolina regular (0.27%) y gasoil (1.27%), debido a los ajustes semanales dispuestos por el Ministerio de Industria, Comercio y Mipymes (MICM), en cumplimiento a la Ley 112-00 sobre Hidrocarburos. Adem\u00e1s, aport\u00f3 el aumento en los precios de los servicios de transporte terrestre en motoconcho (1.52%), en taxi (3.10%), en carro p\u00fablico (0.65%), autom\u00f3viles (0.61%) y servicios de reparaci\u00f3n de veh\u00edculos (0.53%).<\/p>\n<p>El \u00edndice de precios correspondiente al grupo\u00a0Vivienda\u00a0reflej\u00f3 una variaci\u00f3n de 0.90% en diciembre de 2021, explicada en mayor medida por el alza de 2.78% en el precio del gas licuado de petr\u00f3leo de uso dom\u00e9stico (GLP), el servicio de alquiler de vivienda (0.58%) y de algunos art\u00edculos de conservaci\u00f3n y reparaci\u00f3n de la vivienda (0.96%), tales como pintura (1.35%) y servicios de mantenimiento de la vivienda (0.75%).<\/p>\n<p>En cuanto al IPC del grupo\u00a0Bienes y Servicios Diversos, el BCRD indica que el mismo creci\u00f3 0.85% en diciembre 2021, debido fundamentalmente a los incrementos de precios en los servicios de cuidado personal, como el corte de pelo para hombre (2.22%), lavado y peinado de pelo (1.23%), en los art\u00edculos de cuidado personal como papel higi\u00e9nico (0.71%), pa\u00f1ales desechables (0.54%), desodorantes (0.49%), pasta dental (0.33%), toallas sanitarias (0.52%) y rasuradora (0.52%), adem\u00e1s de los seguros de veh\u00edculos (1.06%).<\/p>\n<p>El crecimiento de 0.94% del \u00edndice de precios del grupo\u00a0Restaurantes y Hoteles, responde b\u00e1sicamente al aumento de los precios de algunos servicios de comidas preparadas fuera del hogar, como el plato del d\u00eda (0.91%), el servicio de pollo (1.44%), los servicios de v\u00edveres con acompa\u00f1amiento (0.52%), sandwiches (0.75%), empanadas (1.24%) y pizza (0.80%).<\/p>\n<p>El BCRD destaca que el alza de precios observado en el IPC de este grupo es resultado de los incrementos de los insumos b\u00e1sicos para su elaboraci\u00f3n, entre ellos las carnes, los aceites, el arroz, los panes, los embutidos, el queso, el gas, entre otros, que de manera directa inciden en el incremento de los precios de estos servicios de comida.<\/p>\n","protected":false},"excerpt":{"rendered":"<p>El Banco Central inform\u00f3 que el \u00cdndice de Precios al Consumidor (IPC) del grupo Alimentos y Bebidas No Alcoh\u00f3licas registr\u00f3 &#8230;<\/p>\n","protected":false},"author":2,"featured_media":112361,"comment_status":"open","ping_status":"open","sticky":false,"template":"","format":"standard","meta":{"footnotes":""},"categories":[26],"tags":[],"class_list":["post-112360","post","type-post","status-publish","format-standard","has-post-thumbnail","hentry","category-economia"],"yoast_head":"<!-- This site is optimized with the Yoast SEO plugin v24.8.1 - https:\/\/yoast.com\/wordpress\/plugins\/seo\/ -->\n<title>Pl\u00e1tanos, huevos, limones y otros alimentos, los que m\u00e1s aumentaron de precio en diciembre de 2021 - PotenciaRadiofonicaDominicana.com<\/title>\n<meta name=\"robots\" content=\"index, follow, max-snippet:-1, max-image-preview:large, max-video-preview:-1\" \/>\n<link rel=\"canonical\" href=\"https:\/\/potenciaradiofonicadominicana.com\/portal\/platanos-huevos-limones-y-otros-alimentos-los-que-mas-aumentaron-de-precio-en-diciembre-de-2021\/\" \/>\n<meta property=\"og:locale\" content=\"es_ES\" \/>\n<meta property=\"og:type\" content=\"article\" \/>\n<meta property=\"og:title\" content=\"Pl\u00e1tanos, huevos, limones y otros alimentos, los que m\u00e1s aumentaron de precio en diciembre de 2021 - PotenciaRadiofonicaDominicana.com\" \/>\n<meta property=\"og:description\" content=\"El Banco Central inform\u00f3 que el \u00cdndice de Precios al Consumidor (IPC) del grupo Alimentos y Bebidas No Alcoh\u00f3licas registr\u00f3 ...\" \/>\n<meta property=\"og:url\" content=\"https:\/\/potenciaradiofonicadominicana.com\/portal\/platanos-huevos-limones-y-otros-alimentos-los-que-mas-aumentaron-de-precio-en-diciembre-de-2021\/\" \/>\n<meta property=\"og:site_name\" content=\"PotenciaRadiofonicaDominicana.com\" \/>\n<meta property=\"article:publisher\" content=\"https:\/\/web.facebook.com\/PotenciaRadiofonicaD\" \/>\n<meta property=\"article:published_time\" content=\"2022-01-15T18:06:14+00:00\" \/>\n<meta property=\"og:image\" content=\"https:\/\/potenciaradiofonicadominicana.com\/portal\/wp-content\/uploads\/2022\/01\/exportacion-de-platanos.jpg\" \/>\n\t<meta property=\"og:image:width\" content=\"1200\" \/>\n\t<meta property=\"og:image:height\" content=\"756\" \/>\n\t<meta property=\"og:image:type\" content=\"image\/jpeg\" \/>\n<meta name=\"author\" content=\"Potencia Radiof\u00f3nica Dominicana\" \/>\n<meta name=\"twitter:card\" content=\"summary_large_image\" \/>\n<meta name=\"twitter:label1\" content=\"Escrito por\" \/>\n\t<meta name=\"twitter:data1\" content=\"Potencia Radiof\u00f3nica Dominicana\" \/>\n\t<meta name=\"twitter:label2\" content=\"Tiempo de lectura\" \/>\n\t<meta name=\"twitter:data2\" content=\"2 minutos\" \/>\n<script type=\"application\/ld+json\" class=\"yoast-schema-graph\">{\"@context\":\"https:\/\/schema.org\",\"@graph\":[{\"@type\":\"Article\",\"@id\":\"https:\/\/potenciaradiofonicadominicana.com\/portal\/platanos-huevos-limones-y-otros-alimentos-los-que-mas-aumentaron-de-precio-en-diciembre-de-2021\/#article\",\"isPartOf\":{\"@id\":\"https:\/\/potenciaradiofonicadominicana.com\/portal\/platanos-huevos-limones-y-otros-alimentos-los-que-mas-aumentaron-de-precio-en-diciembre-de-2021\/\"},\"author\":{\"name\":\"Potencia Radiof\u00f3nica Dominicana\",\"@id\":\"https:\/\/potenciaradiofonicadominicana.com\/portal\/#\/schema\/person\/a5cf1fea13877803ee0573ac18b03490\"},\"headline\":\"Pl\u00e1tanos, huevos, limones y otros alimentos, los que m\u00e1s aumentaron de precio en diciembre de 2021\",\"datePublished\":\"2022-01-15T18:06:14+00:00\",\"mainEntityOfPage\":{\"@id\":\"https:\/\/potenciaradiofonicadominicana.com\/portal\/platanos-huevos-limones-y-otros-alimentos-los-que-mas-aumentaron-de-precio-en-diciembre-de-2021\/\"},\"wordCount\":492,\"commentCount\":0,\"publisher\":{\"@id\":\"https:\/\/potenciaradiofonicadominicana.com\/portal\/#organization\"},\"image\":{\"@id\":\"https:\/\/potenciaradiofonicadominicana.com\/portal\/platanos-huevos-limones-y-otros-alimentos-los-que-mas-aumentaron-de-precio-en-diciembre-de-2021\/#primaryimage\"},\"thumbnailUrl\":\"https:\/\/potenciaradiofonicadominicana.com\/portal\/wp-content\/uploads\/2022\/01\/exportacion-de-platanos.jpg\",\"articleSection\":[\"Econom\u00eda\"],\"inLanguage\":\"es\",\"potentialAction\":[{\"@type\":\"CommentAction\",\"name\":\"Comment\",\"target\":[\"https:\/\/potenciaradiofonicadominicana.com\/portal\/platanos-huevos-limones-y-otros-alimentos-los-que-mas-aumentaron-de-precio-en-diciembre-de-2021\/#respond\"]}]},{\"@type\":\"WebPage\",\"@id\":\"https:\/\/potenciaradiofonicadominicana.com\/portal\/platanos-huevos-limones-y-otros-alimentos-los-que-mas-aumentaron-de-precio-en-diciembre-de-2021\/\",\"url\":\"https:\/\/potenciaradiofonicadominicana.com\/portal\/platanos-huevos-limones-y-otros-alimentos-los-que-mas-aumentaron-de-precio-en-diciembre-de-2021\/\",\"name\":\"Pl\u00e1tanos, huevos, limones y otros alimentos, los que m\u00e1s aumentaron de precio en diciembre de 2021 - PotenciaRadiofonicaDominicana.com\",\"isPartOf\":{\"@id\":\"https:\/\/potenciaradiofonicadominicana.com\/portal\/#website\"},\"primaryImageOfPage\":{\"@id\":\"https:\/\/potenciaradiofonicadominicana.com\/portal\/platanos-huevos-limones-y-otros-alimentos-los-que-mas-aumentaron-de-precio-en-diciembre-de-2021\/#primaryimage\"},\"image\":{\"@id\":\"https:\/\/potenciaradiofonicadominicana.com\/portal\/platanos-huevos-limones-y-otros-alimentos-los-que-mas-aumentaron-de-precio-en-diciembre-de-2021\/#primaryimage\"},\"thumbnailUrl\":\"https:\/\/potenciaradiofonicadominicana.com\/portal\/wp-content\/uploads\/2022\/01\/exportacion-de-platanos.jpg\",\"datePublished\":\"2022-01-15T18:06:14+00:00\",\"breadcrumb\":{\"@id\":\"https:\/\/potenciaradiofonicadominicana.com\/portal\/platanos-huevos-limones-y-otros-alimentos-los-que-mas-aumentaron-de-precio-en-diciembre-de-2021\/#breadcrumb\"},\"inLanguage\":\"es\",\"potentialAction\":[{\"@type\":\"ReadAction\",\"target\":[\"https:\/\/potenciaradiofonicadominicana.com\/portal\/platanos-huevos-limones-y-otros-alimentos-los-que-mas-aumentaron-de-precio-en-diciembre-de-2021\/\"]}]},{\"@type\":\"ImageObject\",\"inLanguage\":\"es\",\"@id\":\"https:\/\/potenciaradiofonicadominicana.com\/portal\/platanos-huevos-limones-y-otros-alimentos-los-que-mas-aumentaron-de-precio-en-diciembre-de-2021\/#primaryimage\",\"url\":\"https:\/\/potenciaradiofonicadominicana.com\/portal\/wp-content\/uploads\/2022\/01\/exportacion-de-platanos.jpg\",\"contentUrl\":\"https:\/\/potenciaradiofonicadominicana.com\/portal\/wp-content\/uploads\/2022\/01\/exportacion-de-platanos.jpg\",\"width\":1200,\"height\":756},{\"@type\":\"BreadcrumbList\",\"@id\":\"https:\/\/potenciaradiofonicadominicana.com\/portal\/platanos-huevos-limones-y-otros-alimentos-los-que-mas-aumentaron-de-precio-en-diciembre-de-2021\/#breadcrumb\",\"itemListElement\":[{\"@type\":\"ListItem\",\"position\":1,\"name\":\"Portada\",\"item\":\"https:\/\/potenciaradiofonicadominicana.com\/portal\/\"},{\"@type\":\"ListItem\",\"position\":2,\"name\":\"Pl\u00e1tanos, huevos, limones y otros alimentos, los que m\u00e1s aumentaron de precio en diciembre de 2021\"}]},{\"@type\":\"WebSite\",\"@id\":\"https:\/\/potenciaradiofonicadominicana.com\/portal\/#website\",\"url\":\"https:\/\/potenciaradiofonicadominicana.com\/portal\/\",\"name\":\"PotenciaRadiofonicaDominicana.com\",\"description\":\"Peri\u00f3dico Digital\",\"publisher\":{\"@id\":\"https:\/\/potenciaradiofonicadominicana.com\/portal\/#organization\"},\"potentialAction\":[{\"@type\":\"SearchAction\",\"target\":{\"@type\":\"EntryPoint\",\"urlTemplate\":\"https:\/\/potenciaradiofonicadominicana.com\/portal\/?s={search_term_string}\"},\"query-input\":{\"@type\":\"PropertyValueSpecification\",\"valueRequired\":true,\"valueName\":\"search_term_string\"}}],\"inLanguage\":\"es\"},{\"@type\":\"Organization\",\"@id\":\"https:\/\/potenciaradiofonicadominicana.com\/portal\/#organization\",\"name\":\"PotenciaRadiofonicaDominicana.com\",\"url\":\"https:\/\/potenciaradiofonicadominicana.com\/portal\/\",\"logo\":{\"@type\":\"ImageObject\",\"inLanguage\":\"es\",\"@id\":\"https:\/\/potenciaradiofonicadominicana.com\/portal\/#\/schema\/logo\/image\/\",\"url\":\"https:\/\/potenciaradiofonicadominicana.com\/portal\/wp-content\/uploads\/2022\/01\/descarga.png\",\"contentUrl\":\"https:\/\/potenciaradiofonicadominicana.com\/portal\/wp-content\/uploads\/2022\/01\/descarga.png\",\"width\":300,\"height\":100,\"caption\":\"PotenciaRadiofonicaDominicana.com\"},\"image\":{\"@id\":\"https:\/\/potenciaradiofonicadominicana.com\/portal\/#\/schema\/logo\/image\/\"},\"sameAs\":[\"https:\/\/web.facebook.com\/PotenciaRadiofonicaD\"]},{\"@type\":\"Person\",\"@id\":\"https:\/\/potenciaradiofonicadominicana.com\/portal\/#\/schema\/person\/a5cf1fea13877803ee0573ac18b03490\",\"name\":\"Potencia Radiof\u00f3nica Dominicana\",\"image\":{\"@type\":\"ImageObject\",\"inLanguage\":\"es\",\"@id\":\"https:\/\/potenciaradiofonicadominicana.com\/portal\/#\/schema\/person\/image\/\",\"url\":\"https:\/\/secure.gravatar.com\/avatar\/42a55ab9e8ccc656ba34cd791990602a?s=96&d=mm&r=g\",\"contentUrl\":\"https:\/\/secure.gravatar.com\/avatar\/42a55ab9e8ccc656ba34cd791990602a?s=96&d=mm&r=g\",\"caption\":\"Potencia Radiof\u00f3nica Dominicana\"},\"url\":\"https:\/\/potenciaradiofonicadominicana.com\/portal\/author\/johannyalmanzar\/\"}]}<\/script>\n<!-- \/ Yoast SEO plugin. -->","yoast_head_json":{"title":"Pl\u00e1tanos, huevos, limones y otros alimentos, los que m\u00e1s aumentaron de precio en diciembre de 2021 - PotenciaRadiofonicaDominicana.com","robots":{"index":"index","follow":"follow","max-snippet":"max-snippet:-1","max-image-preview":"max-image-preview:large","max-video-preview":"max-video-preview:-1"},"canonical":"https:\/\/potenciaradiofonicadominicana.com\/portal\/platanos-huevos-limones-y-otros-alimentos-los-que-mas-aumentaron-de-precio-en-diciembre-de-2021\/","og_locale":"es_ES","og_type":"article","og_title":"Pl\u00e1tanos, huevos, limones y otros alimentos, los que m\u00e1s aumentaron de precio en diciembre de 2021 - PotenciaRadiofonicaDominicana.com","og_description":"El Banco Central inform\u00f3 que el \u00cdndice de Precios al Consumidor (IPC) del grupo Alimentos y Bebidas No Alcoh\u00f3licas registr\u00f3 ...","og_url":"https:\/\/potenciaradiofonicadominicana.com\/portal\/platanos-huevos-limones-y-otros-alimentos-los-que-mas-aumentaron-de-precio-en-diciembre-de-2021\/","og_site_name":"PotenciaRadiofonicaDominicana.com","article_publisher":"https:\/\/web.facebook.com\/PotenciaRadiofonicaD","article_published_time":"2022-01-15T18:06:14+00:00","og_image":[{"width":1200,"height":756,"url":"https:\/\/potenciaradiofonicadominicana.com\/portal\/wp-content\/uploads\/2022\/01\/exportacion-de-platanos.jpg","type":"image\/jpeg"}],"author":"Potencia Radiof\u00f3nica Dominicana","twitter_card":"summary_large_image","twitter_misc":{"Escrito por":"Potencia Radiof\u00f3nica Dominicana","Tiempo de lectura":"2 minutos"},"schema":{"@context":"https:\/\/schema.org","@graph":[{"@type":"Article","@id":"https:\/\/potenciaradiofonicadominicana.com\/portal\/platanos-huevos-limones-y-otros-alimentos-los-que-mas-aumentaron-de-precio-en-diciembre-de-2021\/#article","isPartOf":{"@id":"https:\/\/potenciaradiofonicadominicana.com\/portal\/platanos-huevos-limones-y-otros-alimentos-los-que-mas-aumentaron-de-precio-en-diciembre-de-2021\/"},"author":{"name":"Potencia Radiof\u00f3nica Dominicana","@id":"https:\/\/potenciaradiofonicadominicana.com\/portal\/#\/schema\/person\/a5cf1fea13877803ee0573ac18b03490"},"headline":"Pl\u00e1tanos, huevos, limones y otros alimentos, los que m\u00e1s aumentaron de precio en diciembre de 2021","datePublished":"2022-01-15T18:06:14+00:00","mainEntityOfPage":{"@id":"https:\/\/potenciaradiofonicadominicana.com\/portal\/platanos-huevos-limones-y-otros-alimentos-los-que-mas-aumentaron-de-precio-en-diciembre-de-2021\/"},"wordCount":492,"commentCount":0,"publisher":{"@id":"https:\/\/potenciaradiofonicadominicana.com\/portal\/#organization"},"image":{"@id":"https:\/\/potenciaradiofonicadominicana.com\/portal\/platanos-huevos-limones-y-otros-alimentos-los-que-mas-aumentaron-de-precio-en-diciembre-de-2021\/#primaryimage"},"thumbnailUrl":"https:\/\/potenciaradiofonicadominicana.com\/portal\/wp-content\/uploads\/2022\/01\/exportacion-de-platanos.jpg","articleSection":["Econom\u00eda"],"inLanguage":"es","potentialAction":[{"@type":"CommentAction","name":"Comment","target":["https:\/\/potenciaradiofonicadominicana.com\/portal\/platanos-huevos-limones-y-otros-alimentos-los-que-mas-aumentaron-de-precio-en-diciembre-de-2021\/#respond"]}]},{"@type":"WebPage","@id":"https:\/\/potenciaradiofonicadominicana.com\/portal\/platanos-huevos-limones-y-otros-alimentos-los-que-mas-aumentaron-de-precio-en-diciembre-de-2021\/","url":"https:\/\/potenciaradiofonicadominicana.com\/portal\/platanos-huevos-limones-y-otros-alimentos-los-que-mas-aumentaron-de-precio-en-diciembre-de-2021\/","name":"Pl\u00e1tanos, huevos, limones y otros alimentos, los que m\u00e1s aumentaron de precio en diciembre de 2021 - PotenciaRadiofonicaDominicana.com","isPartOf":{"@id":"https:\/\/potenciaradiofonicadominicana.com\/portal\/#website"},"primaryImageOfPage":{"@id":"https:\/\/potenciaradiofonicadominicana.com\/portal\/platanos-huevos-limones-y-otros-alimentos-los-que-mas-aumentaron-de-precio-en-diciembre-de-2021\/#primaryimage"},"image":{"@id":"https:\/\/potenciaradiofonicadominicana.com\/portal\/platanos-huevos-limones-y-otros-alimentos-los-que-mas-aumentaron-de-precio-en-diciembre-de-2021\/#primaryimage"},"thumbnailUrl":"https:\/\/potenciaradiofonicadominicana.com\/portal\/wp-content\/uploads\/2022\/01\/exportacion-de-platanos.jpg","datePublished":"2022-01-15T18:06:14+00:00","breadcrumb":{"@id":"https:\/\/potenciaradiofonicadominicana.com\/portal\/platanos-huevos-limones-y-otros-alimentos-los-que-mas-aumentaron-de-precio-en-diciembre-de-2021\/#breadcrumb"},"inLanguage":"es","potentialAction":[{"@type":"ReadAction","target":["https:\/\/potenciaradiofonicadominicana.com\/portal\/platanos-huevos-limones-y-otros-alimentos-los-que-mas-aumentaron-de-precio-en-diciembre-de-2021\/"]}]},{"@type":"ImageObject","inLanguage":"es","@id":"https:\/\/potenciaradiofonicadominicana.com\/portal\/platanos-huevos-limones-y-otros-alimentos-los-que-mas-aumentaron-de-precio-en-diciembre-de-2021\/#primaryimage","url":"https:\/\/potenciaradiofonicadominicana.com\/portal\/wp-content\/uploads\/2022\/01\/exportacion-de-platanos.jpg","contentUrl":"https:\/\/potenciaradiofonicadominicana.com\/portal\/wp-content\/uploads\/2022\/01\/exportacion-de-platanos.jpg","width":1200,"height":756},{"@type":"BreadcrumbList","@id":"https:\/\/potenciaradiofonicadominicana.com\/portal\/platanos-huevos-limones-y-otros-alimentos-los-que-mas-aumentaron-de-precio-en-diciembre-de-2021\/#breadcrumb","itemListElement":[{"@type":"ListItem","position":1,"name":"Portada","item":"https:\/\/potenciaradiofonicadominicana.com\/portal\/"},{"@type":"ListItem","position":2,"name":"Pl\u00e1tanos, huevos, limones y otros alimentos, los que m\u00e1s aumentaron de precio en diciembre de 2021"}]},{"@type":"WebSite","@id":"https:\/\/potenciaradiofonicadominicana.com\/portal\/#website","url":"https:\/\/potenciaradiofonicadominicana.com\/portal\/","name":"PotenciaRadiofonicaDominicana.com","description":"Peri\u00f3dico Digital","publisher":{"@id":"https:\/\/potenciaradiofonicadominicana.com\/portal\/#organization"},"potentialAction":[{"@type":"SearchAction","target":{"@type":"EntryPoint","urlTemplate":"https:\/\/potenciaradiofonicadominicana.com\/portal\/?s={search_term_string}"},"query-input":{"@type":"PropertyValueSpecification","valueRequired":true,"valueName":"search_term_string"}}],"inLanguage":"es"},{"@type":"Organization","@id":"https:\/\/potenciaradiofonicadominicana.com\/portal\/#organization","name":"PotenciaRadiofonicaDominicana.com","url":"https:\/\/potenciaradiofonicadominicana.com\/portal\/","logo":{"@type":"ImageObject","inLanguage":"es","@id":"https:\/\/potenciaradiofonicadominicana.com\/portal\/#\/schema\/logo\/image\/","url":"https:\/\/potenciaradiofonicadominicana.com\/portal\/wp-content\/uploads\/2022\/01\/descarga.png","contentUrl":"https:\/\/potenciaradiofonicadominicana.com\/portal\/wp-content\/uploads\/2022\/01\/descarga.png","width":300,"height":100,"caption":"PotenciaRadiofonicaDominicana.com"},"image":{"@id":"https:\/\/potenciaradiofonicadominicana.com\/portal\/#\/schema\/logo\/image\/"},"sameAs":["https:\/\/web.facebook.com\/PotenciaRadiofonicaD"]},{"@type":"Person","@id":"https:\/\/potenciaradiofonicadominicana.com\/portal\/#\/schema\/person\/a5cf1fea13877803ee0573ac18b03490","name":"Potencia Radiof\u00f3nica Dominicana","image":{"@type":"ImageObject","inLanguage":"es","@id":"https:\/\/potenciaradiofonicadominicana.com\/portal\/#\/schema\/person\/image\/","url":"https:\/\/secure.gravatar.com\/avatar\/42a55ab9e8ccc656ba34cd791990602a?s=96&d=mm&r=g","contentUrl":"https:\/\/secure.gravatar.com\/avatar\/42a55ab9e8ccc656ba34cd791990602a?s=96&d=mm&r=g","caption":"Potencia Radiof\u00f3nica Dominicana"},"url":"https:\/\/potenciaradiofonicadominicana.com\/portal\/author\/johannyalmanzar\/"}]}},"_links":{"self":[{"href":"https:\/\/potenciaradiofonicadominicana.com\/portal\/wp-json\/wp\/v2\/posts\/112360","targetHints":{"allow":["GET"]}}],"collection":[{"href":"https:\/\/potenciaradiofonicadominicana.com\/portal\/wp-json\/wp\/v2\/posts"}],"about":[{"href":"https:\/\/potenciaradiofonicadominicana.com\/portal\/wp-json\/wp\/v2\/types\/post"}],"author":[{"embeddable":true,"href":"https:\/\/potenciaradiofonicadominicana.com\/portal\/wp-json\/wp\/v2\/users\/2"}],"replies":[{"embeddable":true,"href":"https:\/\/potenciaradiofonicadominicana.com\/portal\/wp-json\/wp\/v2\/comments?post=112360"}],"version-history":[{"count":1,"href":"https:\/\/potenciaradiofonicadominicana.com\/portal\/wp-json\/wp\/v2\/posts\/112360\/revisions"}],"predecessor-version":[{"id":112362,"href":"https:\/\/potenciaradiofonicadominicana.com\/portal\/wp-json\/wp\/v2\/posts\/112360\/revisions\/112362"}],"wp:featuredmedia":[{"embeddable":true,"href":"https:\/\/potenciaradiofonicadominicana.com\/portal\/wp-json\/wp\/v2\/media\/112361"}],"wp:attachment":[{"href":"https:\/\/potenciaradiofonicadominicana.com\/portal\/wp-json\/wp\/v2\/media?parent=112360"}],"wp:term":[{"taxonomy":"category","embeddable":true,"href":"https:\/\/potenciaradiofonicadominicana.com\/portal\/wp-json\/wp\/v2\/categories?post=112360"},{"taxonomy":"post_tag","embeddable":true,"href":"https:\/\/potenciaradiofonicadominicana.com\/portal\/wp-json\/wp\/v2\/tags?post=112360"}],"curies":[{"name":"wp","href":"https:\/\/api.w.org\/{rel}","templated":true}]}}