{"id":112355,"date":"2022-01-15T14:02:13","date_gmt":"2022-01-15T18:02:13","guid":{"rendered":"https:\/\/potenciaradiofonicadominicana.com\/portal\/?p=112355"},"modified":"2022-01-15T14:02:27","modified_gmt":"2022-01-15T18:02:27","slug":"banco-popular-tendra-presencia-destacada-en-la-fitur-2022","status":"publish","type":"post","link":"https:\/\/potenciaradiofonicadominicana.com\/portal\/banco-popular-tendra-presencia-destacada-en-la-fitur-2022\/","title":{"rendered":"Banco Popular tendr\u00e1 presencia destacada en la Fitur 2022"},"content":{"rendered":"<p><a href=\"https:\/\/potenciaradiofonicadominicana.com\/portal\/wp-content\/uploads\/2022\/01\/fitur-82a2276d-focus-0-0-895-573.jpg\"><img loading=\"lazy\" decoding=\"async\" class=\"alignnone size-full wp-image-112357\" src=\"https:\/\/potenciaradiofonicadominicana.com\/portal\/wp-content\/uploads\/2022\/01\/fitur-82a2276d-focus-0-0-895-573.jpg\" alt=\"\" width=\"895\" height=\"573\" srcset=\"https:\/\/potenciaradiofonicadominicana.com\/portal\/wp-content\/uploads\/2022\/01\/fitur-82a2276d-focus-0-0-895-573.jpg 895w, https:\/\/potenciaradiofonicadominicana.com\/portal\/wp-content\/uploads\/2022\/01\/fitur-82a2276d-focus-0-0-895-573-300x192.jpg 300w, https:\/\/potenciaradiofonicadominicana.com\/portal\/wp-content\/uploads\/2022\/01\/fitur-82a2276d-focus-0-0-895-573-768x492.jpg 768w\" sizes=\"auto, (max-width: 895px) 100vw, 895px\" \/><\/a><\/p>\n<p>El\u00a0<strong>Banco Popular Dominicano<\/strong>\u00a0tendr\u00e1 una participaci\u00f3n destacada en la 42 edici\u00f3n de la\u00a0Feria Internacional de Turismo\u00a0(Fitur), en el marco de la cual la entidad remarcar\u00e1 su liderazgo como principal financiador hist\u00f3rico del sector y su rol como agente dinamizador para la recuperaci\u00f3n de la actividad tur\u00edstica en el pa\u00eds.<\/p>\n<p>En concreto, la delegaci\u00f3n del Banco Popular presente en la\u00a0Fitur\u00a0agotar\u00e1 30 reuniones con inversionistas y hoteleros internacionales con intereses en la Rep\u00fablica Dominicana. En estos encuentros se eval\u00faan planes de negocios y proyectos de expansi\u00f3n, as\u00ed como se fortalece la relaci\u00f3n comercial con cada cliente de forma particular.<\/p>\n<p>La feria sirve tambi\u00e9n de escenario para el anuncio de iniciativas de impacto, con la expectativa de que esta edici\u00f3n marcar\u00e1 hitos en el\u00a0turismo\u00a0nacional al ser la Rep\u00fablica Dominicana pa\u00eds socio en 2022.<\/p>\n<p>El Popular es uno de los actores promotores de los cambios a favor del sector, ya que su apoyo financiero representa casi la mitad de la cartera de financiamiento al\u00a0turismo\u00a0de toda la banca dominicana, establece una nota de prensa.<\/p>\n<p>La cartera de cr\u00e9ditos del Popular al\u00a0turismo\u00a0ascend\u00eda, a septiembre de 2021, a m\u00e1s del 44 % del financiamiento otorgado por todo el sistema financiero nacional, con cerca de 800 clientes, distribuidos en toda la cadena de valor que integra este sector.<\/p>\n<p>Desde el inicio de la pandemia, en respaldo a sus clientes hoteleros, el banco despleg\u00f3 un conjunto de iniciativas de est\u00edmulo, entre ellas, aplazamiento de cuotas, consolidaciones de deuda, refinanciaciones y reestructuraciones, incremento en la cobertura de garant\u00eda y nuevas facilidades para capital de trabajo, tanto para operaciones puntuales como para financiamiento de nuevos proyectos, seg\u00fan una nota de prensa.<\/p>\n<p>En adici\u00f3n, el Popular apoya al sector con cursos y talleres de educaci\u00f3n financiera personal para la fuerza laboral de sus clientes hoteleros, dentro de su visi\u00f3n sostenible y su modelo de banca responsable.<\/p>\n<p>La entidad financiera tambi\u00e9n participa de forma habitual en foros tur\u00edsticos nacionales e internacionales, como la\u00a0Fitur, considerada la primera cita anual para los profesionales del\u00a0<strong>turismo<\/strong>\u00a0mundial y la feria l\u00edder para los mercados receptores y emisores de Iberoam\u00e9rica.<\/p>\n","protected":false},"excerpt":{"rendered":"<p>El\u00a0Banco Popular Dominicano\u00a0tendr\u00e1 una participaci\u00f3n destacada en la 42 edici\u00f3n de la\u00a0Feria Internacional de Turismo\u00a0(Fitur), en el marco de la &#8230;<\/p>\n","protected":false},"author":2,"featured_media":112357,"comment_status":"open","ping_status":"open","sticky":false,"template":"","format":"standard","meta":{"footnotes":""},"categories":[26],"tags":[],"class_list":["post-112355","post","type-post","status-publish","format-standard","has-post-thumbnail","hentry","category-economia"],"yoast_head":"<!-- This site is optimized with the Yoast SEO plugin v24.8.1 - https:\/\/yoast.com\/wordpress\/plugins\/seo\/ -->\n<title>Banco Popular tendr\u00e1 presencia destacada en la Fitur 2022 - PotenciaRadiofonicaDominicana.com<\/title>\n<meta name=\"robots\" content=\"index, follow, max-snippet:-1, max-image-preview:large, max-video-preview:-1\" \/>\n<link rel=\"canonical\" href=\"https:\/\/potenciaradiofonicadominicana.com\/portal\/banco-popular-tendra-presencia-destacada-en-la-fitur-2022\/\" \/>\n<meta property=\"og:locale\" content=\"es_ES\" \/>\n<meta property=\"og:type\" content=\"article\" \/>\n<meta property=\"og:title\" content=\"Banco Popular tendr\u00e1 presencia destacada en la Fitur 2022 - PotenciaRadiofonicaDominicana.com\" \/>\n<meta property=\"og:description\" content=\"El\u00a0Banco Popular Dominicano\u00a0tendr\u00e1 una participaci\u00f3n destacada en la 42 edici\u00f3n de la\u00a0Feria Internacional de Turismo\u00a0(Fitur), en el marco de la ...\" \/>\n<meta property=\"og:url\" content=\"https:\/\/potenciaradiofonicadominicana.com\/portal\/banco-popular-tendra-presencia-destacada-en-la-fitur-2022\/\" \/>\n<meta property=\"og:site_name\" content=\"PotenciaRadiofonicaDominicana.com\" \/>\n<meta property=\"article:publisher\" content=\"https:\/\/web.facebook.com\/PotenciaRadiofonicaD\" \/>\n<meta property=\"article:published_time\" content=\"2022-01-15T18:02:13+00:00\" \/>\n<meta property=\"article:modified_time\" content=\"2022-01-15T18:02:27+00:00\" \/>\n<meta property=\"og:image\" content=\"https:\/\/potenciaradiofonicadominicana.com\/portal\/wp-content\/uploads\/2022\/01\/fitur-82a2276d-focus-0-0-895-573.jpg\" \/>\n\t<meta property=\"og:image:width\" content=\"895\" \/>\n\t<meta property=\"og:image:height\" content=\"573\" \/>\n\t<meta property=\"og:image:type\" content=\"image\/jpeg\" \/>\n<meta name=\"author\" content=\"Potencia Radiof\u00f3nica Dominicana\" \/>\n<meta name=\"twitter:card\" content=\"summary_large_image\" \/>\n<meta name=\"twitter:label1\" content=\"Escrito por\" \/>\n\t<meta name=\"twitter:data1\" content=\"Potencia Radiof\u00f3nica Dominicana\" \/>\n\t<meta name=\"twitter:label2\" content=\"Tiempo de lectura\" \/>\n\t<meta name=\"twitter:data2\" content=\"2 minutos\" \/>\n<script type=\"application\/ld+json\" class=\"yoast-schema-graph\">{\"@context\":\"https:\/\/schema.org\",\"@graph\":[{\"@type\":\"Article\",\"@id\":\"https:\/\/potenciaradiofonicadominicana.com\/portal\/banco-popular-tendra-presencia-destacada-en-la-fitur-2022\/#article\",\"isPartOf\":{\"@id\":\"https:\/\/potenciaradiofonicadominicana.com\/portal\/banco-popular-tendra-presencia-destacada-en-la-fitur-2022\/\"},\"author\":{\"name\":\"Potencia Radiof\u00f3nica Dominicana\",\"@id\":\"https:\/\/potenciaradiofonicadominicana.com\/portal\/#\/schema\/person\/a5cf1fea13877803ee0573ac18b03490\"},\"headline\":\"Banco Popular tendr\u00e1 presencia destacada en la Fitur 2022\",\"datePublished\":\"2022-01-15T18:02:13+00:00\",\"dateModified\":\"2022-01-15T18:02:27+00:00\",\"mainEntityOfPage\":{\"@id\":\"https:\/\/potenciaradiofonicadominicana.com\/portal\/banco-popular-tendra-presencia-destacada-en-la-fitur-2022\/\"},\"wordCount\":384,\"commentCount\":0,\"publisher\":{\"@id\":\"https:\/\/potenciaradiofonicadominicana.com\/portal\/#organization\"},\"image\":{\"@id\":\"https:\/\/potenciaradiofonicadominicana.com\/portal\/banco-popular-tendra-presencia-destacada-en-la-fitur-2022\/#primaryimage\"},\"thumbnailUrl\":\"https:\/\/potenciaradiofonicadominicana.com\/portal\/wp-content\/uploads\/2022\/01\/fitur-82a2276d-focus-0-0-895-573.jpg\",\"articleSection\":[\"Econom\u00eda\"],\"inLanguage\":\"es\",\"potentialAction\":[{\"@type\":\"CommentAction\",\"name\":\"Comment\",\"target\":[\"https:\/\/potenciaradiofonicadominicana.com\/portal\/banco-popular-tendra-presencia-destacada-en-la-fitur-2022\/#respond\"]}]},{\"@type\":\"WebPage\",\"@id\":\"https:\/\/potenciaradiofonicadominicana.com\/portal\/banco-popular-tendra-presencia-destacada-en-la-fitur-2022\/\",\"url\":\"https:\/\/potenciaradiofonicadominicana.com\/portal\/banco-popular-tendra-presencia-destacada-en-la-fitur-2022\/\",\"name\":\"Banco Popular tendr\u00e1 presencia destacada en la Fitur 2022 - PotenciaRadiofonicaDominicana.com\",\"isPartOf\":{\"@id\":\"https:\/\/potenciaradiofonicadominicana.com\/portal\/#website\"},\"primaryImageOfPage\":{\"@id\":\"https:\/\/potenciaradiofonicadominicana.com\/portal\/banco-popular-tendra-presencia-destacada-en-la-fitur-2022\/#primaryimage\"},\"image\":{\"@id\":\"https:\/\/potenciaradiofonicadominicana.com\/portal\/banco-popular-tendra-presencia-destacada-en-la-fitur-2022\/#primaryimage\"},\"thumbnailUrl\":\"https:\/\/potenciaradiofonicadominicana.com\/portal\/wp-content\/uploads\/2022\/01\/fitur-82a2276d-focus-0-0-895-573.jpg\",\"datePublished\":\"2022-01-15T18:02:13+00:00\",\"dateModified\":\"2022-01-15T18:02:27+00:00\",\"breadcrumb\":{\"@id\":\"https:\/\/potenciaradiofonicadominicana.com\/portal\/banco-popular-tendra-presencia-destacada-en-la-fitur-2022\/#breadcrumb\"},\"inLanguage\":\"es\",\"potentialAction\":[{\"@type\":\"ReadAction\",\"target\":[\"https:\/\/potenciaradiofonicadominicana.com\/portal\/banco-popular-tendra-presencia-destacada-en-la-fitur-2022\/\"]}]},{\"@type\":\"ImageObject\",\"inLanguage\":\"es\",\"@id\":\"https:\/\/potenciaradiofonicadominicana.com\/portal\/banco-popular-tendra-presencia-destacada-en-la-fitur-2022\/#primaryimage\",\"url\":\"https:\/\/potenciaradiofonicadominicana.com\/portal\/wp-content\/uploads\/2022\/01\/fitur-82a2276d-focus-0-0-895-573.jpg\",\"contentUrl\":\"https:\/\/potenciaradiofonicadominicana.com\/portal\/wp-content\/uploads\/2022\/01\/fitur-82a2276d-focus-0-0-895-573.jpg\",\"width\":895,\"height\":573},{\"@type\":\"BreadcrumbList\",\"@id\":\"https:\/\/potenciaradiofonicadominicana.com\/portal\/banco-popular-tendra-presencia-destacada-en-la-fitur-2022\/#breadcrumb\",\"itemListElement\":[{\"@type\":\"ListItem\",\"position\":1,\"name\":\"Portada\",\"item\":\"https:\/\/potenciaradiofonicadominicana.com\/portal\/\"},{\"@type\":\"ListItem\",\"position\":2,\"name\":\"Banco Popular tendr\u00e1 presencia destacada en la Fitur 2022\"}]},{\"@type\":\"WebSite\",\"@id\":\"https:\/\/potenciaradiofonicadominicana.com\/portal\/#website\",\"url\":\"https:\/\/potenciaradiofonicadominicana.com\/portal\/\",\"name\":\"PotenciaRadiofonicaDominicana.com\",\"description\":\"Peri\u00f3dico Digital\",\"publisher\":{\"@id\":\"https:\/\/potenciaradiofonicadominicana.com\/portal\/#organization\"},\"potentialAction\":[{\"@type\":\"SearchAction\",\"target\":{\"@type\":\"EntryPoint\",\"urlTemplate\":\"https:\/\/potenciaradiofonicadominicana.com\/portal\/?s={search_term_string}\"},\"query-input\":{\"@type\":\"PropertyValueSpecification\",\"valueRequired\":true,\"valueName\":\"search_term_string\"}}],\"inLanguage\":\"es\"},{\"@type\":\"Organization\",\"@id\":\"https:\/\/potenciaradiofonicadominicana.com\/portal\/#organization\",\"name\":\"PotenciaRadiofonicaDominicana.com\",\"url\":\"https:\/\/potenciaradiofonicadominicana.com\/portal\/\",\"logo\":{\"@type\":\"ImageObject\",\"inLanguage\":\"es\",\"@id\":\"https:\/\/potenciaradiofonicadominicana.com\/portal\/#\/schema\/logo\/image\/\",\"url\":\"https:\/\/potenciaradiofonicadominicana.com\/portal\/wp-content\/uploads\/2022\/01\/descarga.png\",\"contentUrl\":\"https:\/\/potenciaradiofonicadominicana.com\/portal\/wp-content\/uploads\/2022\/01\/descarga.png\",\"width\":300,\"height\":100,\"caption\":\"PotenciaRadiofonicaDominicana.com\"},\"image\":{\"@id\":\"https:\/\/potenciaradiofonicadominicana.com\/portal\/#\/schema\/logo\/image\/\"},\"sameAs\":[\"https:\/\/web.facebook.com\/PotenciaRadiofonicaD\"]},{\"@type\":\"Person\",\"@id\":\"https:\/\/potenciaradiofonicadominicana.com\/portal\/#\/schema\/person\/a5cf1fea13877803ee0573ac18b03490\",\"name\":\"Potencia Radiof\u00f3nica Dominicana\",\"image\":{\"@type\":\"ImageObject\",\"inLanguage\":\"es\",\"@id\":\"https:\/\/potenciaradiofonicadominicana.com\/portal\/#\/schema\/person\/image\/\",\"url\":\"https:\/\/secure.gravatar.com\/avatar\/42a55ab9e8ccc656ba34cd791990602a?s=96&d=mm&r=g\",\"contentUrl\":\"https:\/\/secure.gravatar.com\/avatar\/42a55ab9e8ccc656ba34cd791990602a?s=96&d=mm&r=g\",\"caption\":\"Potencia Radiof\u00f3nica Dominicana\"},\"url\":\"https:\/\/potenciaradiofonicadominicana.com\/portal\/author\/johannyalmanzar\/\"}]}<\/script>\n<!-- \/ Yoast SEO plugin. -->","yoast_head_json":{"title":"Banco Popular tendr\u00e1 presencia destacada en la Fitur 2022 - PotenciaRadiofonicaDominicana.com","robots":{"index":"index","follow":"follow","max-snippet":"max-snippet:-1","max-image-preview":"max-image-preview:large","max-video-preview":"max-video-preview:-1"},"canonical":"https:\/\/potenciaradiofonicadominicana.com\/portal\/banco-popular-tendra-presencia-destacada-en-la-fitur-2022\/","og_locale":"es_ES","og_type":"article","og_title":"Banco Popular tendr\u00e1 presencia destacada en la Fitur 2022 - PotenciaRadiofonicaDominicana.com","og_description":"El\u00a0Banco Popular Dominicano\u00a0tendr\u00e1 una participaci\u00f3n destacada en la 42 edici\u00f3n de la\u00a0Feria Internacional de Turismo\u00a0(Fitur), en el marco de la ...","og_url":"https:\/\/potenciaradiofonicadominicana.com\/portal\/banco-popular-tendra-presencia-destacada-en-la-fitur-2022\/","og_site_name":"PotenciaRadiofonicaDominicana.com","article_publisher":"https:\/\/web.facebook.com\/PotenciaRadiofonicaD","article_published_time":"2022-01-15T18:02:13+00:00","article_modified_time":"2022-01-15T18:02:27+00:00","og_image":[{"width":895,"height":573,"url":"https:\/\/potenciaradiofonicadominicana.com\/portal\/wp-content\/uploads\/2022\/01\/fitur-82a2276d-focus-0-0-895-573.jpg","type":"image\/jpeg"}],"author":"Potencia Radiof\u00f3nica Dominicana","twitter_card":"summary_large_image","twitter_misc":{"Escrito por":"Potencia Radiof\u00f3nica Dominicana","Tiempo de lectura":"2 minutos"},"schema":{"@context":"https:\/\/schema.org","@graph":[{"@type":"Article","@id":"https:\/\/potenciaradiofonicadominicana.com\/portal\/banco-popular-tendra-presencia-destacada-en-la-fitur-2022\/#article","isPartOf":{"@id":"https:\/\/potenciaradiofonicadominicana.com\/portal\/banco-popular-tendra-presencia-destacada-en-la-fitur-2022\/"},"author":{"name":"Potencia Radiof\u00f3nica Dominicana","@id":"https:\/\/potenciaradiofonicadominicana.com\/portal\/#\/schema\/person\/a5cf1fea13877803ee0573ac18b03490"},"headline":"Banco Popular tendr\u00e1 presencia destacada en la Fitur 2022","datePublished":"2022-01-15T18:02:13+00:00","dateModified":"2022-01-15T18:02:27+00:00","mainEntityOfPage":{"@id":"https:\/\/potenciaradiofonicadominicana.com\/portal\/banco-popular-tendra-presencia-destacada-en-la-fitur-2022\/"},"wordCount":384,"commentCount":0,"publisher":{"@id":"https:\/\/potenciaradiofonicadominicana.com\/portal\/#organization"},"image":{"@id":"https:\/\/potenciaradiofonicadominicana.com\/portal\/banco-popular-tendra-presencia-destacada-en-la-fitur-2022\/#primaryimage"},"thumbnailUrl":"https:\/\/potenciaradiofonicadominicana.com\/portal\/wp-content\/uploads\/2022\/01\/fitur-82a2276d-focus-0-0-895-573.jpg","articleSection":["Econom\u00eda"],"inLanguage":"es","potentialAction":[{"@type":"CommentAction","name":"Comment","target":["https:\/\/potenciaradiofonicadominicana.com\/portal\/banco-popular-tendra-presencia-destacada-en-la-fitur-2022\/#respond"]}]},{"@type":"WebPage","@id":"https:\/\/potenciaradiofonicadominicana.com\/portal\/banco-popular-tendra-presencia-destacada-en-la-fitur-2022\/","url":"https:\/\/potenciaradiofonicadominicana.com\/portal\/banco-popular-tendra-presencia-destacada-en-la-fitur-2022\/","name":"Banco Popular tendr\u00e1 presencia destacada en la Fitur 2022 - PotenciaRadiofonicaDominicana.com","isPartOf":{"@id":"https:\/\/potenciaradiofonicadominicana.com\/portal\/#website"},"primaryImageOfPage":{"@id":"https:\/\/potenciaradiofonicadominicana.com\/portal\/banco-popular-tendra-presencia-destacada-en-la-fitur-2022\/#primaryimage"},"image":{"@id":"https:\/\/potenciaradiofonicadominicana.com\/portal\/banco-popular-tendra-presencia-destacada-en-la-fitur-2022\/#primaryimage"},"thumbnailUrl":"https:\/\/potenciaradiofonicadominicana.com\/portal\/wp-content\/uploads\/2022\/01\/fitur-82a2276d-focus-0-0-895-573.jpg","datePublished":"2022-01-15T18:02:13+00:00","dateModified":"2022-01-15T18:02:27+00:00","breadcrumb":{"@id":"https:\/\/potenciaradiofonicadominicana.com\/portal\/banco-popular-tendra-presencia-destacada-en-la-fitur-2022\/#breadcrumb"},"inLanguage":"es","potentialAction":[{"@type":"ReadAction","target":["https:\/\/potenciaradiofonicadominicana.com\/portal\/banco-popular-tendra-presencia-destacada-en-la-fitur-2022\/"]}]},{"@type":"ImageObject","inLanguage":"es","@id":"https:\/\/potenciaradiofonicadominicana.com\/portal\/banco-popular-tendra-presencia-destacada-en-la-fitur-2022\/#primaryimage","url":"https:\/\/potenciaradiofonicadominicana.com\/portal\/wp-content\/uploads\/2022\/01\/fitur-82a2276d-focus-0-0-895-573.jpg","contentUrl":"https:\/\/potenciaradiofonicadominicana.com\/portal\/wp-content\/uploads\/2022\/01\/fitur-82a2276d-focus-0-0-895-573.jpg","width":895,"height":573},{"@type":"BreadcrumbList","@id":"https:\/\/potenciaradiofonicadominicana.com\/portal\/banco-popular-tendra-presencia-destacada-en-la-fitur-2022\/#breadcrumb","itemListElement":[{"@type":"ListItem","position":1,"name":"Portada","item":"https:\/\/potenciaradiofonicadominicana.com\/portal\/"},{"@type":"ListItem","position":2,"name":"Banco Popular tendr\u00e1 presencia destacada en la Fitur 2022"}]},{"@type":"WebSite","@id":"https:\/\/potenciaradiofonicadominicana.com\/portal\/#website","url":"https:\/\/potenciaradiofonicadominicana.com\/portal\/","name":"PotenciaRadiofonicaDominicana.com","description":"Peri\u00f3dico Digital","publisher":{"@id":"https:\/\/potenciaradiofonicadominicana.com\/portal\/#organization"},"potentialAction":[{"@type":"SearchAction","target":{"@type":"EntryPoint","urlTemplate":"https:\/\/potenciaradiofonicadominicana.com\/portal\/?s={search_term_string}"},"query-input":{"@type":"PropertyValueSpecification","valueRequired":true,"valueName":"search_term_string"}}],"inLanguage":"es"},{"@type":"Organization","@id":"https:\/\/potenciaradiofonicadominicana.com\/portal\/#organization","name":"PotenciaRadiofonicaDominicana.com","url":"https:\/\/potenciaradiofonicadominicana.com\/portal\/","logo":{"@type":"ImageObject","inLanguage":"es","@id":"https:\/\/potenciaradiofonicadominicana.com\/portal\/#\/schema\/logo\/image\/","url":"https:\/\/potenciaradiofonicadominicana.com\/portal\/wp-content\/uploads\/2022\/01\/descarga.png","contentUrl":"https:\/\/potenciaradiofonicadominicana.com\/portal\/wp-content\/uploads\/2022\/01\/descarga.png","width":300,"height":100,"caption":"PotenciaRadiofonicaDominicana.com"},"image":{"@id":"https:\/\/potenciaradiofonicadominicana.com\/portal\/#\/schema\/logo\/image\/"},"sameAs":["https:\/\/web.facebook.com\/PotenciaRadiofonicaD"]},{"@type":"Person","@id":"https:\/\/potenciaradiofonicadominicana.com\/portal\/#\/schema\/person\/a5cf1fea13877803ee0573ac18b03490","name":"Potencia Radiof\u00f3nica Dominicana","image":{"@type":"ImageObject","inLanguage":"es","@id":"https:\/\/potenciaradiofonicadominicana.com\/portal\/#\/schema\/person\/image\/","url":"https:\/\/secure.gravatar.com\/avatar\/42a55ab9e8ccc656ba34cd791990602a?s=96&d=mm&r=g","contentUrl":"https:\/\/secure.gravatar.com\/avatar\/42a55ab9e8ccc656ba34cd791990602a?s=96&d=mm&r=g","caption":"Potencia Radiof\u00f3nica Dominicana"},"url":"https:\/\/potenciaradiofonicadominicana.com\/portal\/author\/johannyalmanzar\/"}]}},"_links":{"self":[{"href":"https:\/\/potenciaradiofonicadominicana.com\/portal\/wp-json\/wp\/v2\/posts\/112355","targetHints":{"allow":["GET"]}}],"collection":[{"href":"https:\/\/potenciaradiofonicadominicana.com\/portal\/wp-json\/wp\/v2\/posts"}],"about":[{"href":"https:\/\/potenciaradiofonicadominicana.com\/portal\/wp-json\/wp\/v2\/types\/post"}],"author":[{"embeddable":true,"href":"https:\/\/potenciaradiofonicadominicana.com\/portal\/wp-json\/wp\/v2\/users\/2"}],"replies":[{"embeddable":true,"href":"https:\/\/potenciaradiofonicadominicana.com\/portal\/wp-json\/wp\/v2\/comments?post=112355"}],"version-history":[{"count":2,"href":"https:\/\/potenciaradiofonicadominicana.com\/portal\/wp-json\/wp\/v2\/posts\/112355\/revisions"}],"predecessor-version":[{"id":112359,"href":"https:\/\/potenciaradiofonicadominicana.com\/portal\/wp-json\/wp\/v2\/posts\/112355\/revisions\/112359"}],"wp:featuredmedia":[{"embeddable":true,"href":"https:\/\/potenciaradiofonicadominicana.com\/portal\/wp-json\/wp\/v2\/media\/112357"}],"wp:attachment":[{"href":"https:\/\/potenciaradiofonicadominicana.com\/portal\/wp-json\/wp\/v2\/media?parent=112355"}],"wp:term":[{"taxonomy":"category","embeddable":true,"href":"https:\/\/potenciaradiofonicadominicana.com\/portal\/wp-json\/wp\/v2\/categories?post=112355"},{"taxonomy":"post_tag","embeddable":true,"href":"https:\/\/potenciaradiofonicadominicana.com\/portal\/wp-json\/wp\/v2\/tags?post=112355"}],"curies":[{"name":"wp","href":"https:\/\/api.w.org\/{rel}","templated":true}]}}