{"id":112352,"date":"2022-01-15T13:56:31","date_gmt":"2022-01-15T17:56:31","guid":{"rendered":"https:\/\/potenciaradiofonicadominicana.com\/portal\/?p=112352"},"modified":"2022-01-15T13:56:31","modified_gmt":"2022-01-15T17:56:31","slug":"deuda-publica-de-republica-dominicana-aumenta-12-puntos","status":"publish","type":"post","link":"https:\/\/potenciaradiofonicadominicana.com\/portal\/deuda-publica-de-republica-dominicana-aumenta-12-puntos\/","title":{"rendered":"Deuda p\u00fablica de Rep\u00fablica Dominicana aumenta 12 puntos"},"content":{"rendered":"<p><a href=\"https:\/\/potenciaradiofonicadominicana.com\/portal\/wp-content\/uploads\/2022\/01\/11_Nac1_6p01.jpg\"><img loading=\"lazy\" decoding=\"async\" class=\"alignnone size-full wp-image-112353\" src=\"https:\/\/potenciaradiofonicadominicana.com\/portal\/wp-content\/uploads\/2022\/01\/11_Nac1_6p01.jpg\" alt=\"\" width=\"831\" height=\"518\" srcset=\"https:\/\/potenciaradiofonicadominicana.com\/portal\/wp-content\/uploads\/2022\/01\/11_Nac1_6p01.jpg 831w, https:\/\/potenciaradiofonicadominicana.com\/portal\/wp-content\/uploads\/2022\/01\/11_Nac1_6p01-300x187.jpg 300w, https:\/\/potenciaradiofonicadominicana.com\/portal\/wp-content\/uploads\/2022\/01\/11_Nac1_6p01-768x479.jpg 768w\" sizes=\"auto, (max-width: 831px) 100vw, 831px\" \/><\/a><\/p>\n<p>Santo Domingo &#8211;\u00a0El economista Jaime Aristy Escuder indic\u00f3 este viernes que la\u00a0<strong>deuda p\u00fablica<\/strong>\u00a0increment\u00f3 12 puntos porcentuales del 2019 al 2021, pasando de 40 a 52 por ciento del Producto Interno Bruto. \u201cLa deuda nacional pas\u00f3 de 35, 942 millones, que era el monto en el 2019, a 47, 618 millones de d\u00f3lares en el 2021\u201d, precis\u00f3 durante una entrevista en el programa Despierta con CDN. En t\u00e9rminos absolutos, el aumento fue de US$11,676 millones.<\/p>\n<p>El economista sostuvo que el transcurso de agosto del 2020 -agosto del 2021 se refleja un incremento de 8 mil millones de d\u00f3lares de la deuda producto a los gastos ligados al covid-19.<\/p>\n<p>\u00abEn el a\u00f1o 2019 la deuda total era de 35, 942 millones en los primeros meses de 2020 sigue la evoluci\u00f3n normal pero comienza a cambiar a partir de agosto\u201d.<\/p>\n<p>Aristy Escuder manifest\u00f3 que la evoluci\u00f3n de la deuda a lo largo de los \u00faltimos a\u00f1os era de un promedio de entre 2,500 y 3,000 millones de d\u00f3lares.<\/p>\n<p>Expres\u00f3 que los bonos soberanos son el principal factor de endeudamiento del pa\u00eds.<\/p>\n<p>\u201cLos bonos soberanos son la principal figura de endeudamiento del pa\u00eds y subieron 8 mil millones de d\u00f3lares, pasando a 24 mil 600 millones de d\u00f3lares\u201d, explic\u00f3.<\/p>\n<p>Sostuvo que la estructura del gasto del presupuesto del 2022 es parecida a los a\u00f1os anteriores, no obstante, asegura que refleja un ligero aumento del gasto corriente en comparaci\u00f3n del gasto de capital.<\/p>\n<p>\u201cEn los primeros 10 meses del 2021 el promedio de la inversi\u00f3n p\u00fablica fue la mitad de lo que debi\u00f3 ejecutarse en un promedio mensual. Por ejemplo, se debi\u00f3 haber ejecutado 10 mil millones de pesos al mes de inversi\u00f3n p\u00fablica y se invert\u00eda en promedio cinco mil millones\u201d, detall\u00f3.<\/p>\n<p>Explic\u00f3 que entre noviembre y diciembre del 2021 subi\u00f3 48 mil millones de pesos la inversi\u00f3n p\u00fablica.<\/p>\n<p>\u201cLo que muy probablemente haya sucedido es que se haya endeudado el gobierno, haya financiado el d\u00e9ficit, luego registre el pago por transferencia y el proceso no se ejecut\u00f3\u201d, dijo en caso hipot\u00e9tico.<\/p>\n<h3><strong>Petr\u00f3leo<\/strong><\/h3>\n<p>Afirm\u00f3 que durante las pr\u00f3ximas semanas el aumento del petr\u00f3leo generar\u00e1 un alza en los combustibles en el mercado dom\u00e9sticos.<\/p>\n<p>\u201cHay un 80 por ciento de probabilidad de que se registre un aumento en los combustibles.<\/p>\n<p>Esta semana el presidente Luis Abinader advirti\u00f3 que es imposible para el Gobierno continuar con los subsidios para mantener bajos los precios de los combustibles, que el a\u00f1o pasado costaron m\u00e1s de 13 mil millones de pesos.<\/p>\n<p>\u201cEs imposible continuar con eso. Si siguen aumentando (los precios del petr\u00f3leo) llegar\u00e1 el momento en que habr\u00e1 que hablar con el pa\u00eds\u201d, se\u00f1al\u00f3 el primer mandatario.<\/p>\n","protected":false},"excerpt":{"rendered":"<p>Santo Domingo &#8211;\u00a0El economista Jaime Aristy Escuder indic\u00f3 este viernes que la\u00a0deuda p\u00fablica\u00a0increment\u00f3 12 puntos porcentuales del 2019 al 2021, &#8230;<\/p>\n","protected":false},"author":2,"featured_media":112353,"comment_status":"open","ping_status":"open","sticky":false,"template":"","format":"standard","meta":{"footnotes":""},"categories":[26],"tags":[],"class_list":["post-112352","post","type-post","status-publish","format-standard","has-post-thumbnail","hentry","category-economia"],"yoast_head":"<!-- This site is optimized with the Yoast SEO plugin v24.8.1 - https:\/\/yoast.com\/wordpress\/plugins\/seo\/ -->\n<title>Deuda p\u00fablica de Rep\u00fablica Dominicana aumenta 12 puntos - PotenciaRadiofonicaDominicana.com<\/title>\n<meta name=\"robots\" content=\"index, follow, max-snippet:-1, max-image-preview:large, max-video-preview:-1\" \/>\n<link rel=\"canonical\" href=\"https:\/\/potenciaradiofonicadominicana.com\/portal\/deuda-publica-de-republica-dominicana-aumenta-12-puntos\/\" \/>\n<meta property=\"og:locale\" content=\"es_ES\" \/>\n<meta property=\"og:type\" content=\"article\" \/>\n<meta property=\"og:title\" content=\"Deuda p\u00fablica de Rep\u00fablica Dominicana aumenta 12 puntos - PotenciaRadiofonicaDominicana.com\" \/>\n<meta property=\"og:description\" content=\"Santo Domingo &#8211;\u00a0El economista Jaime Aristy Escuder indic\u00f3 este viernes que la\u00a0deuda p\u00fablica\u00a0increment\u00f3 12 puntos porcentuales del 2019 al 2021, ...\" \/>\n<meta property=\"og:url\" content=\"https:\/\/potenciaradiofonicadominicana.com\/portal\/deuda-publica-de-republica-dominicana-aumenta-12-puntos\/\" \/>\n<meta property=\"og:site_name\" content=\"PotenciaRadiofonicaDominicana.com\" \/>\n<meta property=\"article:publisher\" content=\"https:\/\/web.facebook.com\/PotenciaRadiofonicaD\" \/>\n<meta property=\"article:published_time\" content=\"2022-01-15T17:56:31+00:00\" \/>\n<meta property=\"og:image\" content=\"https:\/\/potenciaradiofonicadominicana.com\/portal\/wp-content\/uploads\/2022\/01\/11_Nac1_6p01.jpg\" \/>\n\t<meta property=\"og:image:width\" content=\"831\" \/>\n\t<meta property=\"og:image:height\" content=\"518\" \/>\n\t<meta property=\"og:image:type\" content=\"image\/jpeg\" \/>\n<meta name=\"author\" content=\"Potencia Radiof\u00f3nica Dominicana\" \/>\n<meta name=\"twitter:card\" content=\"summary_large_image\" \/>\n<meta name=\"twitter:label1\" content=\"Escrito por\" \/>\n\t<meta name=\"twitter:data1\" content=\"Potencia Radiof\u00f3nica Dominicana\" \/>\n\t<meta name=\"twitter:label2\" content=\"Tiempo de lectura\" \/>\n\t<meta name=\"twitter:data2\" content=\"2 minutos\" \/>\n<script type=\"application\/ld+json\" class=\"yoast-schema-graph\">{\"@context\":\"https:\/\/schema.org\",\"@graph\":[{\"@type\":\"Article\",\"@id\":\"https:\/\/potenciaradiofonicadominicana.com\/portal\/deuda-publica-de-republica-dominicana-aumenta-12-puntos\/#article\",\"isPartOf\":{\"@id\":\"https:\/\/potenciaradiofonicadominicana.com\/portal\/deuda-publica-de-republica-dominicana-aumenta-12-puntos\/\"},\"author\":{\"name\":\"Potencia Radiof\u00f3nica Dominicana\",\"@id\":\"https:\/\/potenciaradiofonicadominicana.com\/portal\/#\/schema\/person\/a5cf1fea13877803ee0573ac18b03490\"},\"headline\":\"Deuda p\u00fablica de Rep\u00fablica Dominicana aumenta 12 puntos\",\"datePublished\":\"2022-01-15T17:56:31+00:00\",\"mainEntityOfPage\":{\"@id\":\"https:\/\/potenciaradiofonicadominicana.com\/portal\/deuda-publica-de-republica-dominicana-aumenta-12-puntos\/\"},\"wordCount\":453,\"commentCount\":0,\"publisher\":{\"@id\":\"https:\/\/potenciaradiofonicadominicana.com\/portal\/#organization\"},\"image\":{\"@id\":\"https:\/\/potenciaradiofonicadominicana.com\/portal\/deuda-publica-de-republica-dominicana-aumenta-12-puntos\/#primaryimage\"},\"thumbnailUrl\":\"https:\/\/potenciaradiofonicadominicana.com\/portal\/wp-content\/uploads\/2022\/01\/11_Nac1_6p01.jpg\",\"articleSection\":[\"Econom\u00eda\"],\"inLanguage\":\"es\",\"potentialAction\":[{\"@type\":\"CommentAction\",\"name\":\"Comment\",\"target\":[\"https:\/\/potenciaradiofonicadominicana.com\/portal\/deuda-publica-de-republica-dominicana-aumenta-12-puntos\/#respond\"]}]},{\"@type\":\"WebPage\",\"@id\":\"https:\/\/potenciaradiofonicadominicana.com\/portal\/deuda-publica-de-republica-dominicana-aumenta-12-puntos\/\",\"url\":\"https:\/\/potenciaradiofonicadominicana.com\/portal\/deuda-publica-de-republica-dominicana-aumenta-12-puntos\/\",\"name\":\"Deuda p\u00fablica de Rep\u00fablica Dominicana aumenta 12 puntos - PotenciaRadiofonicaDominicana.com\",\"isPartOf\":{\"@id\":\"https:\/\/potenciaradiofonicadominicana.com\/portal\/#website\"},\"primaryImageOfPage\":{\"@id\":\"https:\/\/potenciaradiofonicadominicana.com\/portal\/deuda-publica-de-republica-dominicana-aumenta-12-puntos\/#primaryimage\"},\"image\":{\"@id\":\"https:\/\/potenciaradiofonicadominicana.com\/portal\/deuda-publica-de-republica-dominicana-aumenta-12-puntos\/#primaryimage\"},\"thumbnailUrl\":\"https:\/\/potenciaradiofonicadominicana.com\/portal\/wp-content\/uploads\/2022\/01\/11_Nac1_6p01.jpg\",\"datePublished\":\"2022-01-15T17:56:31+00:00\",\"breadcrumb\":{\"@id\":\"https:\/\/potenciaradiofonicadominicana.com\/portal\/deuda-publica-de-republica-dominicana-aumenta-12-puntos\/#breadcrumb\"},\"inLanguage\":\"es\",\"potentialAction\":[{\"@type\":\"ReadAction\",\"target\":[\"https:\/\/potenciaradiofonicadominicana.com\/portal\/deuda-publica-de-republica-dominicana-aumenta-12-puntos\/\"]}]},{\"@type\":\"ImageObject\",\"inLanguage\":\"es\",\"@id\":\"https:\/\/potenciaradiofonicadominicana.com\/portal\/deuda-publica-de-republica-dominicana-aumenta-12-puntos\/#primaryimage\",\"url\":\"https:\/\/potenciaradiofonicadominicana.com\/portal\/wp-content\/uploads\/2022\/01\/11_Nac1_6p01.jpg\",\"contentUrl\":\"https:\/\/potenciaradiofonicadominicana.com\/portal\/wp-content\/uploads\/2022\/01\/11_Nac1_6p01.jpg\",\"width\":831,\"height\":518},{\"@type\":\"BreadcrumbList\",\"@id\":\"https:\/\/potenciaradiofonicadominicana.com\/portal\/deuda-publica-de-republica-dominicana-aumenta-12-puntos\/#breadcrumb\",\"itemListElement\":[{\"@type\":\"ListItem\",\"position\":1,\"name\":\"Portada\",\"item\":\"https:\/\/potenciaradiofonicadominicana.com\/portal\/\"},{\"@type\":\"ListItem\",\"position\":2,\"name\":\"Deuda p\u00fablica de Rep\u00fablica Dominicana aumenta 12 puntos\"}]},{\"@type\":\"WebSite\",\"@id\":\"https:\/\/potenciaradiofonicadominicana.com\/portal\/#website\",\"url\":\"https:\/\/potenciaradiofonicadominicana.com\/portal\/\",\"name\":\"PotenciaRadiofonicaDominicana.com\",\"description\":\"Peri\u00f3dico Digital\",\"publisher\":{\"@id\":\"https:\/\/potenciaradiofonicadominicana.com\/portal\/#organization\"},\"potentialAction\":[{\"@type\":\"SearchAction\",\"target\":{\"@type\":\"EntryPoint\",\"urlTemplate\":\"https:\/\/potenciaradiofonicadominicana.com\/portal\/?s={search_term_string}\"},\"query-input\":{\"@type\":\"PropertyValueSpecification\",\"valueRequired\":true,\"valueName\":\"search_term_string\"}}],\"inLanguage\":\"es\"},{\"@type\":\"Organization\",\"@id\":\"https:\/\/potenciaradiofonicadominicana.com\/portal\/#organization\",\"name\":\"PotenciaRadiofonicaDominicana.com\",\"url\":\"https:\/\/potenciaradiofonicadominicana.com\/portal\/\",\"logo\":{\"@type\":\"ImageObject\",\"inLanguage\":\"es\",\"@id\":\"https:\/\/potenciaradiofonicadominicana.com\/portal\/#\/schema\/logo\/image\/\",\"url\":\"https:\/\/potenciaradiofonicadominicana.com\/portal\/wp-content\/uploads\/2022\/01\/descarga.png\",\"contentUrl\":\"https:\/\/potenciaradiofonicadominicana.com\/portal\/wp-content\/uploads\/2022\/01\/descarga.png\",\"width\":300,\"height\":100,\"caption\":\"PotenciaRadiofonicaDominicana.com\"},\"image\":{\"@id\":\"https:\/\/potenciaradiofonicadominicana.com\/portal\/#\/schema\/logo\/image\/\"},\"sameAs\":[\"https:\/\/web.facebook.com\/PotenciaRadiofonicaD\"]},{\"@type\":\"Person\",\"@id\":\"https:\/\/potenciaradiofonicadominicana.com\/portal\/#\/schema\/person\/a5cf1fea13877803ee0573ac18b03490\",\"name\":\"Potencia Radiof\u00f3nica Dominicana\",\"image\":{\"@type\":\"ImageObject\",\"inLanguage\":\"es\",\"@id\":\"https:\/\/potenciaradiofonicadominicana.com\/portal\/#\/schema\/person\/image\/\",\"url\":\"https:\/\/secure.gravatar.com\/avatar\/42a55ab9e8ccc656ba34cd791990602a?s=96&d=mm&r=g\",\"contentUrl\":\"https:\/\/secure.gravatar.com\/avatar\/42a55ab9e8ccc656ba34cd791990602a?s=96&d=mm&r=g\",\"caption\":\"Potencia Radiof\u00f3nica Dominicana\"},\"url\":\"https:\/\/potenciaradiofonicadominicana.com\/portal\/author\/johannyalmanzar\/\"}]}<\/script>\n<!-- \/ Yoast SEO plugin. -->","yoast_head_json":{"title":"Deuda p\u00fablica de Rep\u00fablica Dominicana aumenta 12 puntos - PotenciaRadiofonicaDominicana.com","robots":{"index":"index","follow":"follow","max-snippet":"max-snippet:-1","max-image-preview":"max-image-preview:large","max-video-preview":"max-video-preview:-1"},"canonical":"https:\/\/potenciaradiofonicadominicana.com\/portal\/deuda-publica-de-republica-dominicana-aumenta-12-puntos\/","og_locale":"es_ES","og_type":"article","og_title":"Deuda p\u00fablica de Rep\u00fablica Dominicana aumenta 12 puntos - PotenciaRadiofonicaDominicana.com","og_description":"Santo Domingo &#8211;\u00a0El economista Jaime Aristy Escuder indic\u00f3 este viernes que la\u00a0deuda p\u00fablica\u00a0increment\u00f3 12 puntos porcentuales del 2019 al 2021, ...","og_url":"https:\/\/potenciaradiofonicadominicana.com\/portal\/deuda-publica-de-republica-dominicana-aumenta-12-puntos\/","og_site_name":"PotenciaRadiofonicaDominicana.com","article_publisher":"https:\/\/web.facebook.com\/PotenciaRadiofonicaD","article_published_time":"2022-01-15T17:56:31+00:00","og_image":[{"width":831,"height":518,"url":"https:\/\/potenciaradiofonicadominicana.com\/portal\/wp-content\/uploads\/2022\/01\/11_Nac1_6p01.jpg","type":"image\/jpeg"}],"author":"Potencia Radiof\u00f3nica Dominicana","twitter_card":"summary_large_image","twitter_misc":{"Escrito por":"Potencia Radiof\u00f3nica Dominicana","Tiempo de lectura":"2 minutos"},"schema":{"@context":"https:\/\/schema.org","@graph":[{"@type":"Article","@id":"https:\/\/potenciaradiofonicadominicana.com\/portal\/deuda-publica-de-republica-dominicana-aumenta-12-puntos\/#article","isPartOf":{"@id":"https:\/\/potenciaradiofonicadominicana.com\/portal\/deuda-publica-de-republica-dominicana-aumenta-12-puntos\/"},"author":{"name":"Potencia Radiof\u00f3nica Dominicana","@id":"https:\/\/potenciaradiofonicadominicana.com\/portal\/#\/schema\/person\/a5cf1fea13877803ee0573ac18b03490"},"headline":"Deuda p\u00fablica de Rep\u00fablica Dominicana aumenta 12 puntos","datePublished":"2022-01-15T17:56:31+00:00","mainEntityOfPage":{"@id":"https:\/\/potenciaradiofonicadominicana.com\/portal\/deuda-publica-de-republica-dominicana-aumenta-12-puntos\/"},"wordCount":453,"commentCount":0,"publisher":{"@id":"https:\/\/potenciaradiofonicadominicana.com\/portal\/#organization"},"image":{"@id":"https:\/\/potenciaradiofonicadominicana.com\/portal\/deuda-publica-de-republica-dominicana-aumenta-12-puntos\/#primaryimage"},"thumbnailUrl":"https:\/\/potenciaradiofonicadominicana.com\/portal\/wp-content\/uploads\/2022\/01\/11_Nac1_6p01.jpg","articleSection":["Econom\u00eda"],"inLanguage":"es","potentialAction":[{"@type":"CommentAction","name":"Comment","target":["https:\/\/potenciaradiofonicadominicana.com\/portal\/deuda-publica-de-republica-dominicana-aumenta-12-puntos\/#respond"]}]},{"@type":"WebPage","@id":"https:\/\/potenciaradiofonicadominicana.com\/portal\/deuda-publica-de-republica-dominicana-aumenta-12-puntos\/","url":"https:\/\/potenciaradiofonicadominicana.com\/portal\/deuda-publica-de-republica-dominicana-aumenta-12-puntos\/","name":"Deuda p\u00fablica de Rep\u00fablica Dominicana aumenta 12 puntos - PotenciaRadiofonicaDominicana.com","isPartOf":{"@id":"https:\/\/potenciaradiofonicadominicana.com\/portal\/#website"},"primaryImageOfPage":{"@id":"https:\/\/potenciaradiofonicadominicana.com\/portal\/deuda-publica-de-republica-dominicana-aumenta-12-puntos\/#primaryimage"},"image":{"@id":"https:\/\/potenciaradiofonicadominicana.com\/portal\/deuda-publica-de-republica-dominicana-aumenta-12-puntos\/#primaryimage"},"thumbnailUrl":"https:\/\/potenciaradiofonicadominicana.com\/portal\/wp-content\/uploads\/2022\/01\/11_Nac1_6p01.jpg","datePublished":"2022-01-15T17:56:31+00:00","breadcrumb":{"@id":"https:\/\/potenciaradiofonicadominicana.com\/portal\/deuda-publica-de-republica-dominicana-aumenta-12-puntos\/#breadcrumb"},"inLanguage":"es","potentialAction":[{"@type":"ReadAction","target":["https:\/\/potenciaradiofonicadominicana.com\/portal\/deuda-publica-de-republica-dominicana-aumenta-12-puntos\/"]}]},{"@type":"ImageObject","inLanguage":"es","@id":"https:\/\/potenciaradiofonicadominicana.com\/portal\/deuda-publica-de-republica-dominicana-aumenta-12-puntos\/#primaryimage","url":"https:\/\/potenciaradiofonicadominicana.com\/portal\/wp-content\/uploads\/2022\/01\/11_Nac1_6p01.jpg","contentUrl":"https:\/\/potenciaradiofonicadominicana.com\/portal\/wp-content\/uploads\/2022\/01\/11_Nac1_6p01.jpg","width":831,"height":518},{"@type":"BreadcrumbList","@id":"https:\/\/potenciaradiofonicadominicana.com\/portal\/deuda-publica-de-republica-dominicana-aumenta-12-puntos\/#breadcrumb","itemListElement":[{"@type":"ListItem","position":1,"name":"Portada","item":"https:\/\/potenciaradiofonicadominicana.com\/portal\/"},{"@type":"ListItem","position":2,"name":"Deuda p\u00fablica de Rep\u00fablica Dominicana aumenta 12 puntos"}]},{"@type":"WebSite","@id":"https:\/\/potenciaradiofonicadominicana.com\/portal\/#website","url":"https:\/\/potenciaradiofonicadominicana.com\/portal\/","name":"PotenciaRadiofonicaDominicana.com","description":"Peri\u00f3dico Digital","publisher":{"@id":"https:\/\/potenciaradiofonicadominicana.com\/portal\/#organization"},"potentialAction":[{"@type":"SearchAction","target":{"@type":"EntryPoint","urlTemplate":"https:\/\/potenciaradiofonicadominicana.com\/portal\/?s={search_term_string}"},"query-input":{"@type":"PropertyValueSpecification","valueRequired":true,"valueName":"search_term_string"}}],"inLanguage":"es"},{"@type":"Organization","@id":"https:\/\/potenciaradiofonicadominicana.com\/portal\/#organization","name":"PotenciaRadiofonicaDominicana.com","url":"https:\/\/potenciaradiofonicadominicana.com\/portal\/","logo":{"@type":"ImageObject","inLanguage":"es","@id":"https:\/\/potenciaradiofonicadominicana.com\/portal\/#\/schema\/logo\/image\/","url":"https:\/\/potenciaradiofonicadominicana.com\/portal\/wp-content\/uploads\/2022\/01\/descarga.png","contentUrl":"https:\/\/potenciaradiofonicadominicana.com\/portal\/wp-content\/uploads\/2022\/01\/descarga.png","width":300,"height":100,"caption":"PotenciaRadiofonicaDominicana.com"},"image":{"@id":"https:\/\/potenciaradiofonicadominicana.com\/portal\/#\/schema\/logo\/image\/"},"sameAs":["https:\/\/web.facebook.com\/PotenciaRadiofonicaD"]},{"@type":"Person","@id":"https:\/\/potenciaradiofonicadominicana.com\/portal\/#\/schema\/person\/a5cf1fea13877803ee0573ac18b03490","name":"Potencia Radiof\u00f3nica Dominicana","image":{"@type":"ImageObject","inLanguage":"es","@id":"https:\/\/potenciaradiofonicadominicana.com\/portal\/#\/schema\/person\/image\/","url":"https:\/\/secure.gravatar.com\/avatar\/42a55ab9e8ccc656ba34cd791990602a?s=96&d=mm&r=g","contentUrl":"https:\/\/secure.gravatar.com\/avatar\/42a55ab9e8ccc656ba34cd791990602a?s=96&d=mm&r=g","caption":"Potencia Radiof\u00f3nica Dominicana"},"url":"https:\/\/potenciaradiofonicadominicana.com\/portal\/author\/johannyalmanzar\/"}]}},"_links":{"self":[{"href":"https:\/\/potenciaradiofonicadominicana.com\/portal\/wp-json\/wp\/v2\/posts\/112352","targetHints":{"allow":["GET"]}}],"collection":[{"href":"https:\/\/potenciaradiofonicadominicana.com\/portal\/wp-json\/wp\/v2\/posts"}],"about":[{"href":"https:\/\/potenciaradiofonicadominicana.com\/portal\/wp-json\/wp\/v2\/types\/post"}],"author":[{"embeddable":true,"href":"https:\/\/potenciaradiofonicadominicana.com\/portal\/wp-json\/wp\/v2\/users\/2"}],"replies":[{"embeddable":true,"href":"https:\/\/potenciaradiofonicadominicana.com\/portal\/wp-json\/wp\/v2\/comments?post=112352"}],"version-history":[{"count":1,"href":"https:\/\/potenciaradiofonicadominicana.com\/portal\/wp-json\/wp\/v2\/posts\/112352\/revisions"}],"predecessor-version":[{"id":112354,"href":"https:\/\/potenciaradiofonicadominicana.com\/portal\/wp-json\/wp\/v2\/posts\/112352\/revisions\/112354"}],"wp:featuredmedia":[{"embeddable":true,"href":"https:\/\/potenciaradiofonicadominicana.com\/portal\/wp-json\/wp\/v2\/media\/112353"}],"wp:attachment":[{"href":"https:\/\/potenciaradiofonicadominicana.com\/portal\/wp-json\/wp\/v2\/media?parent=112352"}],"wp:term":[{"taxonomy":"category","embeddable":true,"href":"https:\/\/potenciaradiofonicadominicana.com\/portal\/wp-json\/wp\/v2\/categories?post=112352"},{"taxonomy":"post_tag","embeddable":true,"href":"https:\/\/potenciaradiofonicadominicana.com\/portal\/wp-json\/wp\/v2\/tags?post=112352"}],"curies":[{"name":"wp","href":"https:\/\/api.w.org\/{rel}","templated":true}]}}