{"id":112337,"date":"2022-01-15T13:39:17","date_gmt":"2022-01-15T17:39:17","guid":{"rendered":"https:\/\/potenciaradiofonicadominicana.com\/portal\/?p=112337"},"modified":"2022-01-15T13:39:17","modified_gmt":"2022-01-15T17:39:17","slug":"fitur-2022-el-reto-de-poner-a-convivir-turismo-y-pandemia","status":"publish","type":"post","link":"https:\/\/potenciaradiofonicadominicana.com\/portal\/fitur-2022-el-reto-de-poner-a-convivir-turismo-y-pandemia\/","title":{"rendered":"Fitur 2022: El reto de poner a convivir turismo y pandemia"},"content":{"rendered":"<p><a href=\"https:\/\/potenciaradiofonicadominicana.com\/portal\/wp-content\/uploads\/2022\/01\/1540497734923.jpg\"><img loading=\"lazy\" decoding=\"async\" class=\"alignnone size-full wp-image-112338\" src=\"https:\/\/potenciaradiofonicadominicana.com\/portal\/wp-content\/uploads\/2022\/01\/1540497734923.jpg\" alt=\"\" width=\"1899\" height=\"1266\" srcset=\"https:\/\/potenciaradiofonicadominicana.com\/portal\/wp-content\/uploads\/2022\/01\/1540497734923.jpg 1899w, https:\/\/potenciaradiofonicadominicana.com\/portal\/wp-content\/uploads\/2022\/01\/1540497734923-300x200.jpg 300w, https:\/\/potenciaradiofonicadominicana.com\/portal\/wp-content\/uploads\/2022\/01\/1540497734923-768x512.jpg 768w, https:\/\/potenciaradiofonicadominicana.com\/portal\/wp-content\/uploads\/2022\/01\/1540497734923-1024x683.jpg 1024w\" sizes=\"auto, (max-width: 1899px) 100vw, 1899px\" \/><\/a><\/p>\n<p>&nbsp;<\/p>\n<p>&nbsp;<\/p>\n<h5><em>La feria se realizar\u00e1 en la capital espa\u00f1ola por segundo a\u00f1o en medio de una crisis sanitaria; Rep\u00fablica Dominicana es Pa\u00eds Socio en esta versi\u00f3n y el presidente Abinader asistir\u00e1<\/em><\/h5>\n<p>Por segundo a\u00f1o consecutivo, la Feria Internacional de Turismo (Fitur), se celebrar\u00e1 en medio de la pandemia de covid-19 y con medidas y controles r\u00edgidos, en procura de evitar contagios. Hacerlo representa un reto, pero a la vez env\u00eda el mensaje de que \u201chay que convivir con la crisis sanitaria\u201d.<\/p>\n<p>De acuerdo con los organizadores, todo est\u00e1 listo para recibir a quienes entre el 19 y el 23 de enero acudir\u00e1n al Instituto Ferial de Madrid (Ifema), el lugar donde tradicionalmente es acogido el evento.<\/p>\n<p>La edici\u00f3n de este a\u00f1o -la n\u00famero 42- reunir\u00e1 a un total de 6,933 participantes con presencia de todas las comunidades aut\u00f3nomas, empresas y destinos de 107 pa\u00edses, 70 de ellos con representaci\u00f3n oficial internacional, encabezados por Rep\u00fablica Dominicana, que esta vez participa como Pa\u00eds Socio Fitur 2022. Habr\u00e1 600 expositores; se espera la presencia del presidente dominicano Luis Abinader.<\/p>\n<p>El Ifema ha dicho que para garantizar la normal celebraci\u00f3n reforzar\u00e1 los controles sanitarios y extremar\u00e1 las medidas de seguridad: Exigir\u00e1 a todos los participantes de pa\u00edses adscritos el certificado covid digital europeo, su presentaci\u00f3n y, a participantes de terceros pa\u00edses, el mismo requisito solicitado en frontera para obtener el \u201cQR Spain Health\u201d que permite la entrada en Espa\u00f1a.<\/p>\n<p>Tambi\u00e9n realizar\u00e1 control de aforos en todos los pabellones, con sistemas automatizados de conteo de personas, y con un sistema inteligente digital para el an\u00e1lisis de espacios, aforos y comportamiento de asistentes, controlando las aglomeraciones.<\/p>\n<p>Exigir\u00e1 la obligatoriedad del uso de mascarilla en el interior de las instalaciones y los controles de toma de temperatura.<\/p>\n<p>Atreverse a realizar Fitur busca \u2013adicionalmente- lanzar el mensaje de que el turismo debe recuperar su liderazgo como pilar de desarrollo. Se ha informado que se dotar\u00e1 las instalaciones de un avanzado y potente sistema de ventilaci\u00f3n que garantiza la eliminaci\u00f3n de la recirculaci\u00f3n del aire, su filtraci\u00f3n y completa renovaci\u00f3n cada 20 minutos.<\/p>\n<p>Fitur, que en 2021 se realiz\u00f3 en mayo, y no en enero, como es tradici\u00f3n, cerr\u00f3 para entonces con la participaci\u00f3n de 5,000 empresas de los cinco continentes, la presencia de 55 pa\u00edses -37 de ellos con representaci\u00f3n oficial-, as\u00ed como de las 17 comunidades aut\u00f3nomas de Espa\u00f1a.<\/p>\n<p>Se cont\u00f3 con cifras que superaron los 62,000 asistentes, 42,000 profesionales y una estimaci\u00f3n de m\u00e1s de 20,000 visitas del p\u00fablico durante el fin de semana.<\/p>\n<p>Fue un movimiento de llegadas a Madrid con motivo del evento que gener\u00f3 en la ciudad un impacto econ\u00f3mico de aproximadamente 100 millones de euros, de acuerdo con estimaciones oficiales.<\/p>\n<p>A los n\u00fameros de la pasada versi\u00f3n de la feria hay que a\u00f1adir los visitantes digitales, que sumaron m\u00e1s de 40,000, gracias al lanzamiento de esa primera edici\u00f3n h\u00edbrida de la actividad, que lleg\u00f3 a contribuir sustancialmente a otorgar mayor alcance internacional a Fitur, con presencia de casi un centenar de pa\u00edses representados y a ofrecer posibilidades de \u201cnetworking\u201d o reuniones de negocios y profesional.<\/p>\n<p>La actividad tuvo una amplia cobertura, si se toma en cuenta que se acreditaron para entonces cerca de 2,500 periodistas de 33 pa\u00edses. Fitur es la primera cita anual para los profesionales del turismo mundial y la feria l\u00edder para los mercados receptivos y emisores de Iberoam\u00e9rica.<\/p>\n<p>Constituye un foro \u00fanico para promocionar las marcas, presentar nuevos productos y para conocer las \u00faltimas tendencias en materia del sector tur\u00edstico. Esta vez, Fitur ocupar\u00e1 ocho pabellones de Ifema, donde se congregar\u00e1n representantes de unos 100 pa\u00edses.<\/p>\n<p>Jos\u00e9 Vicente de los Mozos, presidente del Comit\u00e9 Ejecutivo de Ifema, ha dicho a los medios de comunicaci\u00f3n que esta edici\u00f3n de Fitur marcar\u00e1 un punto de inflexi\u00f3n en la actividad tur\u00edstica, y a\u00fan m\u00e1s en el arranque de un a\u00f1o en el que se han depositado grandes esperanzas para el despegue del negocio tur\u00edstico a nivel global.<\/p>\n<p><strong>Socio invitado \u00bfQu\u00e9 significa?<\/strong><\/p>\n<p>En esta versi\u00f3n de 2022, en la que Rep\u00fablica Dominicana es Pa\u00eds Socio, la naci\u00f3n caribe\u00f1a tiene una estrategia de expansi\u00f3n tur\u00edstica apoyada en su Marca Pa\u00eds, que desplegar\u00e1 en ese espacio.<\/p>\n<p>Adem\u00e1s del presidente Luis Abinader asistir\u00e1 el ministro de Turismo, David Collado. Este \u00faltimo estuvo ya en Madrid en d\u00edas pasados, en asuntos propios del montaje y preparaci\u00f3n, incluyendo una conferencia de prensa. Collado, en un mensaje colgado en su Instagram el jueves, inform\u00f3 que desde Turismo se redujo la delegaci\u00f3n oficial a 12 personas, y dej\u00f3 claro que la instituci\u00f3n no cubrir\u00e1 gastos de medios de comunicaci\u00f3n, periodistas o empresarios, pero ha facilitado acreditaciones a los profesionales que lo necesiten.<\/p>\n<p>La figura de \u201cSocio Fitur\u201d, que se viene incorporando hace varios a\u00f1os, establece un amplio campo de actuaci\u00f3n conjunta en los \u00e1mbitos de promoci\u00f3n y comunicaci\u00f3n m\u00e1s significativos del evento de la industria tur\u00edstica. La colaboraci\u00f3n de Pa\u00eds Socio contribuye a crear un estrecho v\u00ednculo con la suma de las marcas \u201cRep\u00fablica Dominicana, Lo tiene Todo\u201d y Fitur, lo que le permitir\u00e1 al pa\u00eds aprovechar y rentabilizar, a\u00fan m\u00e1s, el potencial promocional del encuentro de cara al mundo.<\/p>\n<p>As\u00ed, Rep\u00fablica Dominicana, que en 2019 hab\u00eda sido ya socio de la feria, contar\u00e1 con el mejor escaparate internacional para promover los valores como destino tur\u00edstico y poner de relieve la calidez de su clima y la hospitalidad de su gente y su conectividad con m\u00e1s de 1,400 aeropuertos de m\u00e1s de 170 pa\u00edses.<\/p>\n<p><strong>Respaldo del Popular<\/strong><\/p>\n<p>El Banco Popular Dominicano ha reafirmado su compromiso con la reactivaci\u00f3n del turismo de Rep\u00fablica Dominicana. El Popular es el banco l\u00edder en financiamiento a la industria tur\u00edstica en la naci\u00f3n caribe\u00f1a. Al mes de mayo del a\u00f1o 2021 (cuando se realiz\u00f3 la versi\u00f3n 41 de la Fitur) contaba con una cartera de financiamiento para el sector turismo superior a los RD$51,500 millones.<\/p>\n<p>Esa cartera de cr\u00e9ditos del Popular al turismo ascend\u00eda, a septiembre de 2021, a m\u00e1s del 44 % del financiamiento otorgado por todo el sistema financiero nacional, con cerca de 800 clientes, distribuidos en toda la cadena de valor que integra este sector. En concreto, esta vez la delegaci\u00f3n del Banco Popular presente en la feria agotar\u00e1 una treintena de reuniones con inversionistas y hoteleros internacionales con intereses en la Rep\u00fablica Dominicana.<\/p>\n<p>Del pa\u00eds asiste este a\u00f1o a la Fitur una importante delegaci\u00f3n compuesta por empresarios hoteleros, de la banca m\u00faltiple y funcionarios del Gobierno, entre ellos del Ministerio de Turismo y del Departamento Aeroportuario (DA).<\/p>\n","protected":false},"excerpt":{"rendered":"<p>&nbsp; &nbsp; La feria se realizar\u00e1 en la capital espa\u00f1ola por segundo a\u00f1o en medio de una crisis sanitaria; Rep\u00fablica &#8230;<\/p>\n","protected":false},"author":2,"featured_media":112338,"comment_status":"open","ping_status":"open","sticky":false,"template":"","format":"standard","meta":{"footnotes":""},"categories":[26],"tags":[],"class_list":["post-112337","post","type-post","status-publish","format-standard","has-post-thumbnail","hentry","category-economia"],"yoast_head":"<!-- This site is optimized with the Yoast SEO plugin v24.8.1 - https:\/\/yoast.com\/wordpress\/plugins\/seo\/ -->\n<title>Fitur 2022: El reto de poner a convivir turismo y pandemia - PotenciaRadiofonicaDominicana.com<\/title>\n<meta name=\"robots\" content=\"index, follow, max-snippet:-1, max-image-preview:large, max-video-preview:-1\" \/>\n<link rel=\"canonical\" href=\"https:\/\/potenciaradiofonicadominicana.com\/portal\/fitur-2022-el-reto-de-poner-a-convivir-turismo-y-pandemia\/\" \/>\n<meta property=\"og:locale\" content=\"es_ES\" \/>\n<meta property=\"og:type\" content=\"article\" \/>\n<meta property=\"og:title\" content=\"Fitur 2022: El reto de poner a convivir turismo y pandemia - PotenciaRadiofonicaDominicana.com\" \/>\n<meta property=\"og:description\" content=\"&nbsp; &nbsp; La feria se realizar\u00e1 en la capital espa\u00f1ola por segundo a\u00f1o en medio de una crisis sanitaria; Rep\u00fablica ...\" \/>\n<meta property=\"og:url\" content=\"https:\/\/potenciaradiofonicadominicana.com\/portal\/fitur-2022-el-reto-de-poner-a-convivir-turismo-y-pandemia\/\" \/>\n<meta property=\"og:site_name\" content=\"PotenciaRadiofonicaDominicana.com\" \/>\n<meta property=\"article:publisher\" content=\"https:\/\/web.facebook.com\/PotenciaRadiofonicaD\" \/>\n<meta property=\"article:published_time\" content=\"2022-01-15T17:39:17+00:00\" \/>\n<meta property=\"og:image\" content=\"https:\/\/potenciaradiofonicadominicana.com\/portal\/wp-content\/uploads\/2022\/01\/1540497734923.jpg\" \/>\n\t<meta property=\"og:image:width\" content=\"1899\" \/>\n\t<meta property=\"og:image:height\" content=\"1266\" \/>\n\t<meta property=\"og:image:type\" content=\"image\/jpeg\" \/>\n<meta name=\"author\" content=\"Potencia Radiof\u00f3nica Dominicana\" \/>\n<meta name=\"twitter:card\" content=\"summary_large_image\" \/>\n<meta name=\"twitter:label1\" content=\"Escrito por\" \/>\n\t<meta name=\"twitter:data1\" content=\"Potencia Radiof\u00f3nica Dominicana\" \/>\n\t<meta name=\"twitter:label2\" content=\"Tiempo de lectura\" \/>\n\t<meta name=\"twitter:data2\" content=\"6 minutos\" \/>\n<script type=\"application\/ld+json\" class=\"yoast-schema-graph\">{\"@context\":\"https:\/\/schema.org\",\"@graph\":[{\"@type\":\"Article\",\"@id\":\"https:\/\/potenciaradiofonicadominicana.com\/portal\/fitur-2022-el-reto-de-poner-a-convivir-turismo-y-pandemia\/#article\",\"isPartOf\":{\"@id\":\"https:\/\/potenciaradiofonicadominicana.com\/portal\/fitur-2022-el-reto-de-poner-a-convivir-turismo-y-pandemia\/\"},\"author\":{\"name\":\"Potencia Radiof\u00f3nica Dominicana\",\"@id\":\"https:\/\/potenciaradiofonicadominicana.com\/portal\/#\/schema\/person\/a5cf1fea13877803ee0573ac18b03490\"},\"headline\":\"Fitur 2022: El reto de poner a convivir turismo y pandemia\",\"datePublished\":\"2022-01-15T17:39:17+00:00\",\"mainEntityOfPage\":{\"@id\":\"https:\/\/potenciaradiofonicadominicana.com\/portal\/fitur-2022-el-reto-de-poner-a-convivir-turismo-y-pandemia\/\"},\"wordCount\":1167,\"commentCount\":0,\"publisher\":{\"@id\":\"https:\/\/potenciaradiofonicadominicana.com\/portal\/#organization\"},\"image\":{\"@id\":\"https:\/\/potenciaradiofonicadominicana.com\/portal\/fitur-2022-el-reto-de-poner-a-convivir-turismo-y-pandemia\/#primaryimage\"},\"thumbnailUrl\":\"https:\/\/potenciaradiofonicadominicana.com\/portal\/wp-content\/uploads\/2022\/01\/1540497734923.jpg\",\"articleSection\":[\"Econom\u00eda\"],\"inLanguage\":\"es\",\"potentialAction\":[{\"@type\":\"CommentAction\",\"name\":\"Comment\",\"target\":[\"https:\/\/potenciaradiofonicadominicana.com\/portal\/fitur-2022-el-reto-de-poner-a-convivir-turismo-y-pandemia\/#respond\"]}]},{\"@type\":\"WebPage\",\"@id\":\"https:\/\/potenciaradiofonicadominicana.com\/portal\/fitur-2022-el-reto-de-poner-a-convivir-turismo-y-pandemia\/\",\"url\":\"https:\/\/potenciaradiofonicadominicana.com\/portal\/fitur-2022-el-reto-de-poner-a-convivir-turismo-y-pandemia\/\",\"name\":\"Fitur 2022: El reto de poner a convivir turismo y pandemia - PotenciaRadiofonicaDominicana.com\",\"isPartOf\":{\"@id\":\"https:\/\/potenciaradiofonicadominicana.com\/portal\/#website\"},\"primaryImageOfPage\":{\"@id\":\"https:\/\/potenciaradiofonicadominicana.com\/portal\/fitur-2022-el-reto-de-poner-a-convivir-turismo-y-pandemia\/#primaryimage\"},\"image\":{\"@id\":\"https:\/\/potenciaradiofonicadominicana.com\/portal\/fitur-2022-el-reto-de-poner-a-convivir-turismo-y-pandemia\/#primaryimage\"},\"thumbnailUrl\":\"https:\/\/potenciaradiofonicadominicana.com\/portal\/wp-content\/uploads\/2022\/01\/1540497734923.jpg\",\"datePublished\":\"2022-01-15T17:39:17+00:00\",\"breadcrumb\":{\"@id\":\"https:\/\/potenciaradiofonicadominicana.com\/portal\/fitur-2022-el-reto-de-poner-a-convivir-turismo-y-pandemia\/#breadcrumb\"},\"inLanguage\":\"es\",\"potentialAction\":[{\"@type\":\"ReadAction\",\"target\":[\"https:\/\/potenciaradiofonicadominicana.com\/portal\/fitur-2022-el-reto-de-poner-a-convivir-turismo-y-pandemia\/\"]}]},{\"@type\":\"ImageObject\",\"inLanguage\":\"es\",\"@id\":\"https:\/\/potenciaradiofonicadominicana.com\/portal\/fitur-2022-el-reto-de-poner-a-convivir-turismo-y-pandemia\/#primaryimage\",\"url\":\"https:\/\/potenciaradiofonicadominicana.com\/portal\/wp-content\/uploads\/2022\/01\/1540497734923.jpg\",\"contentUrl\":\"https:\/\/potenciaradiofonicadominicana.com\/portal\/wp-content\/uploads\/2022\/01\/1540497734923.jpg\",\"width\":1899,\"height\":1266},{\"@type\":\"BreadcrumbList\",\"@id\":\"https:\/\/potenciaradiofonicadominicana.com\/portal\/fitur-2022-el-reto-de-poner-a-convivir-turismo-y-pandemia\/#breadcrumb\",\"itemListElement\":[{\"@type\":\"ListItem\",\"position\":1,\"name\":\"Portada\",\"item\":\"https:\/\/potenciaradiofonicadominicana.com\/portal\/\"},{\"@type\":\"ListItem\",\"position\":2,\"name\":\"Fitur 2022: El reto de poner a convivir turismo y pandemia\"}]},{\"@type\":\"WebSite\",\"@id\":\"https:\/\/potenciaradiofonicadominicana.com\/portal\/#website\",\"url\":\"https:\/\/potenciaradiofonicadominicana.com\/portal\/\",\"name\":\"PotenciaRadiofonicaDominicana.com\",\"description\":\"Peri\u00f3dico Digital\",\"publisher\":{\"@id\":\"https:\/\/potenciaradiofonicadominicana.com\/portal\/#organization\"},\"potentialAction\":[{\"@type\":\"SearchAction\",\"target\":{\"@type\":\"EntryPoint\",\"urlTemplate\":\"https:\/\/potenciaradiofonicadominicana.com\/portal\/?s={search_term_string}\"},\"query-input\":{\"@type\":\"PropertyValueSpecification\",\"valueRequired\":true,\"valueName\":\"search_term_string\"}}],\"inLanguage\":\"es\"},{\"@type\":\"Organization\",\"@id\":\"https:\/\/potenciaradiofonicadominicana.com\/portal\/#organization\",\"name\":\"PotenciaRadiofonicaDominicana.com\",\"url\":\"https:\/\/potenciaradiofonicadominicana.com\/portal\/\",\"logo\":{\"@type\":\"ImageObject\",\"inLanguage\":\"es\",\"@id\":\"https:\/\/potenciaradiofonicadominicana.com\/portal\/#\/schema\/logo\/image\/\",\"url\":\"https:\/\/potenciaradiofonicadominicana.com\/portal\/wp-content\/uploads\/2022\/01\/descarga.png\",\"contentUrl\":\"https:\/\/potenciaradiofonicadominicana.com\/portal\/wp-content\/uploads\/2022\/01\/descarga.png\",\"width\":300,\"height\":100,\"caption\":\"PotenciaRadiofonicaDominicana.com\"},\"image\":{\"@id\":\"https:\/\/potenciaradiofonicadominicana.com\/portal\/#\/schema\/logo\/image\/\"},\"sameAs\":[\"https:\/\/web.facebook.com\/PotenciaRadiofonicaD\"]},{\"@type\":\"Person\",\"@id\":\"https:\/\/potenciaradiofonicadominicana.com\/portal\/#\/schema\/person\/a5cf1fea13877803ee0573ac18b03490\",\"name\":\"Potencia Radiof\u00f3nica Dominicana\",\"image\":{\"@type\":\"ImageObject\",\"inLanguage\":\"es\",\"@id\":\"https:\/\/potenciaradiofonicadominicana.com\/portal\/#\/schema\/person\/image\/\",\"url\":\"https:\/\/secure.gravatar.com\/avatar\/42a55ab9e8ccc656ba34cd791990602a?s=96&d=mm&r=g\",\"contentUrl\":\"https:\/\/secure.gravatar.com\/avatar\/42a55ab9e8ccc656ba34cd791990602a?s=96&d=mm&r=g\",\"caption\":\"Potencia Radiof\u00f3nica Dominicana\"},\"url\":\"https:\/\/potenciaradiofonicadominicana.com\/portal\/author\/johannyalmanzar\/\"}]}<\/script>\n<!-- \/ Yoast SEO plugin. -->","yoast_head_json":{"title":"Fitur 2022: El reto de poner a convivir turismo y pandemia - PotenciaRadiofonicaDominicana.com","robots":{"index":"index","follow":"follow","max-snippet":"max-snippet:-1","max-image-preview":"max-image-preview:large","max-video-preview":"max-video-preview:-1"},"canonical":"https:\/\/potenciaradiofonicadominicana.com\/portal\/fitur-2022-el-reto-de-poner-a-convivir-turismo-y-pandemia\/","og_locale":"es_ES","og_type":"article","og_title":"Fitur 2022: El reto de poner a convivir turismo y pandemia - PotenciaRadiofonicaDominicana.com","og_description":"&nbsp; &nbsp; La feria se realizar\u00e1 en la capital espa\u00f1ola por segundo a\u00f1o en medio de una crisis sanitaria; Rep\u00fablica ...","og_url":"https:\/\/potenciaradiofonicadominicana.com\/portal\/fitur-2022-el-reto-de-poner-a-convivir-turismo-y-pandemia\/","og_site_name":"PotenciaRadiofonicaDominicana.com","article_publisher":"https:\/\/web.facebook.com\/PotenciaRadiofonicaD","article_published_time":"2022-01-15T17:39:17+00:00","og_image":[{"width":1899,"height":1266,"url":"https:\/\/potenciaradiofonicadominicana.com\/portal\/wp-content\/uploads\/2022\/01\/1540497734923.jpg","type":"image\/jpeg"}],"author":"Potencia Radiof\u00f3nica Dominicana","twitter_card":"summary_large_image","twitter_misc":{"Escrito por":"Potencia Radiof\u00f3nica Dominicana","Tiempo de lectura":"6 minutos"},"schema":{"@context":"https:\/\/schema.org","@graph":[{"@type":"Article","@id":"https:\/\/potenciaradiofonicadominicana.com\/portal\/fitur-2022-el-reto-de-poner-a-convivir-turismo-y-pandemia\/#article","isPartOf":{"@id":"https:\/\/potenciaradiofonicadominicana.com\/portal\/fitur-2022-el-reto-de-poner-a-convivir-turismo-y-pandemia\/"},"author":{"name":"Potencia Radiof\u00f3nica Dominicana","@id":"https:\/\/potenciaradiofonicadominicana.com\/portal\/#\/schema\/person\/a5cf1fea13877803ee0573ac18b03490"},"headline":"Fitur 2022: El reto de poner a convivir turismo y pandemia","datePublished":"2022-01-15T17:39:17+00:00","mainEntityOfPage":{"@id":"https:\/\/potenciaradiofonicadominicana.com\/portal\/fitur-2022-el-reto-de-poner-a-convivir-turismo-y-pandemia\/"},"wordCount":1167,"commentCount":0,"publisher":{"@id":"https:\/\/potenciaradiofonicadominicana.com\/portal\/#organization"},"image":{"@id":"https:\/\/potenciaradiofonicadominicana.com\/portal\/fitur-2022-el-reto-de-poner-a-convivir-turismo-y-pandemia\/#primaryimage"},"thumbnailUrl":"https:\/\/potenciaradiofonicadominicana.com\/portal\/wp-content\/uploads\/2022\/01\/1540497734923.jpg","articleSection":["Econom\u00eda"],"inLanguage":"es","potentialAction":[{"@type":"CommentAction","name":"Comment","target":["https:\/\/potenciaradiofonicadominicana.com\/portal\/fitur-2022-el-reto-de-poner-a-convivir-turismo-y-pandemia\/#respond"]}]},{"@type":"WebPage","@id":"https:\/\/potenciaradiofonicadominicana.com\/portal\/fitur-2022-el-reto-de-poner-a-convivir-turismo-y-pandemia\/","url":"https:\/\/potenciaradiofonicadominicana.com\/portal\/fitur-2022-el-reto-de-poner-a-convivir-turismo-y-pandemia\/","name":"Fitur 2022: El reto de poner a convivir turismo y pandemia - PotenciaRadiofonicaDominicana.com","isPartOf":{"@id":"https:\/\/potenciaradiofonicadominicana.com\/portal\/#website"},"primaryImageOfPage":{"@id":"https:\/\/potenciaradiofonicadominicana.com\/portal\/fitur-2022-el-reto-de-poner-a-convivir-turismo-y-pandemia\/#primaryimage"},"image":{"@id":"https:\/\/potenciaradiofonicadominicana.com\/portal\/fitur-2022-el-reto-de-poner-a-convivir-turismo-y-pandemia\/#primaryimage"},"thumbnailUrl":"https:\/\/potenciaradiofonicadominicana.com\/portal\/wp-content\/uploads\/2022\/01\/1540497734923.jpg","datePublished":"2022-01-15T17:39:17+00:00","breadcrumb":{"@id":"https:\/\/potenciaradiofonicadominicana.com\/portal\/fitur-2022-el-reto-de-poner-a-convivir-turismo-y-pandemia\/#breadcrumb"},"inLanguage":"es","potentialAction":[{"@type":"ReadAction","target":["https:\/\/potenciaradiofonicadominicana.com\/portal\/fitur-2022-el-reto-de-poner-a-convivir-turismo-y-pandemia\/"]}]},{"@type":"ImageObject","inLanguage":"es","@id":"https:\/\/potenciaradiofonicadominicana.com\/portal\/fitur-2022-el-reto-de-poner-a-convivir-turismo-y-pandemia\/#primaryimage","url":"https:\/\/potenciaradiofonicadominicana.com\/portal\/wp-content\/uploads\/2022\/01\/1540497734923.jpg","contentUrl":"https:\/\/potenciaradiofonicadominicana.com\/portal\/wp-content\/uploads\/2022\/01\/1540497734923.jpg","width":1899,"height":1266},{"@type":"BreadcrumbList","@id":"https:\/\/potenciaradiofonicadominicana.com\/portal\/fitur-2022-el-reto-de-poner-a-convivir-turismo-y-pandemia\/#breadcrumb","itemListElement":[{"@type":"ListItem","position":1,"name":"Portada","item":"https:\/\/potenciaradiofonicadominicana.com\/portal\/"},{"@type":"ListItem","position":2,"name":"Fitur 2022: El reto de poner a convivir turismo y pandemia"}]},{"@type":"WebSite","@id":"https:\/\/potenciaradiofonicadominicana.com\/portal\/#website","url":"https:\/\/potenciaradiofonicadominicana.com\/portal\/","name":"PotenciaRadiofonicaDominicana.com","description":"Peri\u00f3dico Digital","publisher":{"@id":"https:\/\/potenciaradiofonicadominicana.com\/portal\/#organization"},"potentialAction":[{"@type":"SearchAction","target":{"@type":"EntryPoint","urlTemplate":"https:\/\/potenciaradiofonicadominicana.com\/portal\/?s={search_term_string}"},"query-input":{"@type":"PropertyValueSpecification","valueRequired":true,"valueName":"search_term_string"}}],"inLanguage":"es"},{"@type":"Organization","@id":"https:\/\/potenciaradiofonicadominicana.com\/portal\/#organization","name":"PotenciaRadiofonicaDominicana.com","url":"https:\/\/potenciaradiofonicadominicana.com\/portal\/","logo":{"@type":"ImageObject","inLanguage":"es","@id":"https:\/\/potenciaradiofonicadominicana.com\/portal\/#\/schema\/logo\/image\/","url":"https:\/\/potenciaradiofonicadominicana.com\/portal\/wp-content\/uploads\/2022\/01\/descarga.png","contentUrl":"https:\/\/potenciaradiofonicadominicana.com\/portal\/wp-content\/uploads\/2022\/01\/descarga.png","width":300,"height":100,"caption":"PotenciaRadiofonicaDominicana.com"},"image":{"@id":"https:\/\/potenciaradiofonicadominicana.com\/portal\/#\/schema\/logo\/image\/"},"sameAs":["https:\/\/web.facebook.com\/PotenciaRadiofonicaD"]},{"@type":"Person","@id":"https:\/\/potenciaradiofonicadominicana.com\/portal\/#\/schema\/person\/a5cf1fea13877803ee0573ac18b03490","name":"Potencia Radiof\u00f3nica Dominicana","image":{"@type":"ImageObject","inLanguage":"es","@id":"https:\/\/potenciaradiofonicadominicana.com\/portal\/#\/schema\/person\/image\/","url":"https:\/\/secure.gravatar.com\/avatar\/42a55ab9e8ccc656ba34cd791990602a?s=96&d=mm&r=g","contentUrl":"https:\/\/secure.gravatar.com\/avatar\/42a55ab9e8ccc656ba34cd791990602a?s=96&d=mm&r=g","caption":"Potencia Radiof\u00f3nica Dominicana"},"url":"https:\/\/potenciaradiofonicadominicana.com\/portal\/author\/johannyalmanzar\/"}]}},"_links":{"self":[{"href":"https:\/\/potenciaradiofonicadominicana.com\/portal\/wp-json\/wp\/v2\/posts\/112337","targetHints":{"allow":["GET"]}}],"collection":[{"href":"https:\/\/potenciaradiofonicadominicana.com\/portal\/wp-json\/wp\/v2\/posts"}],"about":[{"href":"https:\/\/potenciaradiofonicadominicana.com\/portal\/wp-json\/wp\/v2\/types\/post"}],"author":[{"embeddable":true,"href":"https:\/\/potenciaradiofonicadominicana.com\/portal\/wp-json\/wp\/v2\/users\/2"}],"replies":[{"embeddable":true,"href":"https:\/\/potenciaradiofonicadominicana.com\/portal\/wp-json\/wp\/v2\/comments?post=112337"}],"version-history":[{"count":1,"href":"https:\/\/potenciaradiofonicadominicana.com\/portal\/wp-json\/wp\/v2\/posts\/112337\/revisions"}],"predecessor-version":[{"id":112339,"href":"https:\/\/potenciaradiofonicadominicana.com\/portal\/wp-json\/wp\/v2\/posts\/112337\/revisions\/112339"}],"wp:featuredmedia":[{"embeddable":true,"href":"https:\/\/potenciaradiofonicadominicana.com\/portal\/wp-json\/wp\/v2\/media\/112338"}],"wp:attachment":[{"href":"https:\/\/potenciaradiofonicadominicana.com\/portal\/wp-json\/wp\/v2\/media?parent=112337"}],"wp:term":[{"taxonomy":"category","embeddable":true,"href":"https:\/\/potenciaradiofonicadominicana.com\/portal\/wp-json\/wp\/v2\/categories?post=112337"},{"taxonomy":"post_tag","embeddable":true,"href":"https:\/\/potenciaradiofonicadominicana.com\/portal\/wp-json\/wp\/v2\/tags?post=112337"}],"curies":[{"name":"wp","href":"https:\/\/api.w.org\/{rel}","templated":true}]}}