{"id":112334,"date":"2022-01-15T13:28:43","date_gmt":"2022-01-15T17:28:43","guid":{"rendered":"https:\/\/potenciaradiofonicadominicana.com\/portal\/?p=112334"},"modified":"2022-01-15T13:28:43","modified_gmt":"2022-01-15T17:28:43","slug":"sacha-duran-la-mercadologa-que-emprende-con-exfoliantes-naturales","status":"publish","type":"post","link":"https:\/\/potenciaradiofonicadominicana.com\/portal\/sacha-duran-la-mercadologa-que-emprende-con-exfoliantes-naturales\/","title":{"rendered":"Sacha Dur\u00e1n, la mercad\u00f3loga que emprende con exfoliantes naturales"},"content":{"rendered":"<p><a href=\"https:\/\/potenciaradiofonicadominicana.com\/portal\/wp-content\/uploads\/2022\/01\/89c89461-emprendedosr7-61e208b2792d4.jpg\"><img loading=\"lazy\" decoding=\"async\" class=\"alignnone size-full wp-image-112335\" src=\"https:\/\/potenciaradiofonicadominicana.com\/portal\/wp-content\/uploads\/2022\/01\/89c89461-emprendedosr7-61e208b2792d4.jpg\" alt=\"\" width=\"1000\" height=\"600\" srcset=\"https:\/\/potenciaradiofonicadominicana.com\/portal\/wp-content\/uploads\/2022\/01\/89c89461-emprendedosr7-61e208b2792d4.jpg 1000w, https:\/\/potenciaradiofonicadominicana.com\/portal\/wp-content\/uploads\/2022\/01\/89c89461-emprendedosr7-61e208b2792d4-300x180.jpg 300w, https:\/\/potenciaradiofonicadominicana.com\/portal\/wp-content\/uploads\/2022\/01\/89c89461-emprendedosr7-61e208b2792d4-768x461.jpg 768w, https:\/\/potenciaradiofonicadominicana.com\/portal\/wp-content\/uploads\/2022\/01\/89c89461-emprendedosr7-61e208b2792d4-165x100.jpg 165w, https:\/\/potenciaradiofonicadominicana.com\/portal\/wp-content\/uploads\/2022\/01\/89c89461-emprendedosr7-61e208b2792d4-400x240.jpg 400w\" sizes=\"auto, (max-width: 1000px) 100vw, 1000px\" \/><\/a><\/p>\n<p>El cuidado de la piel es esencial para el ser humano debido a que este \u00f3rgano est\u00e1 expuesto a agentes que pueden generar cambios perjudiciales para la salud. El polvo, la exposici\u00f3n al sol, y el clima son factores que causan el desgaste en nuestra piel, por ello es muy importante tener una rutina de limpieza y cuidado.<\/p>\n<p>Consciente de la importancia de la hidrataci\u00f3n de la piel, la emprendedora Sacha Dur\u00e1n, inicia su proyecto Snas Organic, una iniciativa que busca proporcionar a los clientes las herramientas necesarias para la buena salud de la piel a trav\u00e9s de jabones artesanales y exfoliantes.<\/p>\n<p>De acuerdo con la joven empresaria, quien es licenciada en Mercadeo, sus productos son elaborados con ingredientes 100 por ciento naturales y est\u00e1n libres de conservantes y colorantes.<br \/>\nSasha cuenta a elCaribe que decide emprender este negocio luego de realizar varios talleres de producci\u00f3n de jabones artesanales, conocimiento que reforz\u00f3 con videos de YouTube.<\/p>\n<p>\u201cUna tarde en mi casa pens\u00e9 que necesitaba hacer algo con el que generara ingresos extras, y ah\u00ed fue que decid\u00ed hacer un curso de productos capilares. No obstante, por la experiencia de unas amigas que lo hac\u00edan, vi que no era rentable\u2026y dije no, quiero algo que est\u00e9 menos quemado, los jabones artesanales\u201d, narr\u00f3. La negociante encontr\u00f3 un taller que no solo le ense\u00f1\u00f3 a preparar los jabones, sino tambi\u00e9n exfoliantes faciales y corporales.<\/p>\n<p>Entre sus variedades tiene jabones de coco, lim\u00f3n, rosa mosqueta, caf\u00e9 y fresas. \u201cYo quede encantada con mi taller y de inmediato empec\u00e9 a producir y a vender por unidad y al por mayor para chicas que quisieran vender\u201d, manifiesta<br \/>\nPrecis\u00f3 adem\u00e1s que se encarga de fabricar los productos y los clientes que compran grandes cantidades le colocan las etiquetas. Sacha cuenta que estas ventas al por mayor han cambiado significativamente sus ingresos por la demanda de clientes que tiene en el interior del pa\u00eds.<\/p>\n<p>Puedes comunicarte con Dur\u00e1n mediante la red de Instagram en @Snasorganic07 o en el n\u00famero 849-797-6298.<\/p>\n<p>Adem\u00e1s de los jabones, Sacha prepara sales de ba\u00f1o, Bath Boms, velas arom\u00e1ticas y terap\u00e9uticas; cremas blanqueadoras, y goteros para el cabello anti ca\u00edda y crecimiento.<\/p>\n<p>La joven de 29 a\u00f1os, quien es oriunda de Cayetano Germos\u00e9n, municipio de Moca, rememora su infancia como una etapa divertida llena de experiencias inolvidables creadas junto a madre, hermanos y abuelos. \u201cMi pap\u00e1 nos llevaba siempre a la playa los domingos\u2026 No hab\u00eda un fin de semana que no nos sacara a pasear\u201d, dice con nostalgia.<\/p>\n<p>Narra que a la edad de ocho a\u00f1os su padre viaj\u00f3 con ella y sus cuatro hermanos a la ciudad de Santo Domingo, donde iniciaron una nueva residencia. Sacha, quien era la mayor de cinco hermanos, expresa que sus progenitores le inculcaron el amor por el trabajo, la responsabilidad y la disciplina de luchar por los sue\u00f1os.<\/p>\n<p>Afirma que desde ni\u00f1a fue muy trabajadora, obteniendo su primer empleo a los 13 a\u00f1os como modelo de una tienda de ropa. \u201cCon lo poco que me pagaban en la tienda compraba cosas para vender, como maquillajes, cremas, ropa interior entre otras cosas, siempre me mantuve vendiendo\u201d, enfatiz\u00f3.<\/p>\n<p>La emprendedora, al graduarse de la universidad, decide trabajar en el sal\u00f3n de belleza de su hermana como administradora y en la realizaci\u00f3n de u\u00f1as acr\u00edlicas.<\/p>\n<p>Define su iniciativa Snac Organic como un proyecto de productos naturales para cuidar la piel de sus clientes. \u201cEleg\u00ed el nombre SNAS porque son las iniciales de los nombres de mis hijos m\u00eda y mi hermana, Sacha, Natacha, Alysa y Sebastian\u201d, explica.<\/p>\n","protected":false},"excerpt":{"rendered":"<p>El cuidado de la piel es esencial para el ser humano debido a que este \u00f3rgano est\u00e1 expuesto a agentes &#8230;<\/p>\n","protected":false},"author":2,"featured_media":112335,"comment_status":"open","ping_status":"open","sticky":false,"template":"","format":"standard","meta":{"footnotes":""},"categories":[26],"tags":[],"class_list":["post-112334","post","type-post","status-publish","format-standard","has-post-thumbnail","hentry","category-economia"],"yoast_head":"<!-- This site is optimized with the Yoast SEO plugin v24.8.1 - https:\/\/yoast.com\/wordpress\/plugins\/seo\/ -->\n<title>Sacha Dur\u00e1n, la mercad\u00f3loga que emprende con exfoliantes naturales - PotenciaRadiofonicaDominicana.com<\/title>\n<meta name=\"robots\" content=\"index, follow, max-snippet:-1, max-image-preview:large, max-video-preview:-1\" \/>\n<link rel=\"canonical\" href=\"https:\/\/potenciaradiofonicadominicana.com\/portal\/sacha-duran-la-mercadologa-que-emprende-con-exfoliantes-naturales\/\" \/>\n<meta property=\"og:locale\" content=\"es_ES\" \/>\n<meta property=\"og:type\" content=\"article\" \/>\n<meta property=\"og:title\" content=\"Sacha Dur\u00e1n, la mercad\u00f3loga que emprende con exfoliantes naturales - PotenciaRadiofonicaDominicana.com\" \/>\n<meta property=\"og:description\" content=\"El cuidado de la piel es esencial para el ser humano debido a que este \u00f3rgano est\u00e1 expuesto a agentes ...\" \/>\n<meta property=\"og:url\" content=\"https:\/\/potenciaradiofonicadominicana.com\/portal\/sacha-duran-la-mercadologa-que-emprende-con-exfoliantes-naturales\/\" \/>\n<meta property=\"og:site_name\" content=\"PotenciaRadiofonicaDominicana.com\" \/>\n<meta property=\"article:publisher\" content=\"https:\/\/web.facebook.com\/PotenciaRadiofonicaD\" \/>\n<meta property=\"article:published_time\" content=\"2022-01-15T17:28:43+00:00\" \/>\n<meta property=\"og:image\" content=\"https:\/\/potenciaradiofonicadominicana.com\/portal\/wp-content\/uploads\/2022\/01\/89c89461-emprendedosr7-61e208b2792d4.jpg\" \/>\n\t<meta property=\"og:image:width\" content=\"1000\" \/>\n\t<meta property=\"og:image:height\" content=\"600\" \/>\n\t<meta property=\"og:image:type\" content=\"image\/jpeg\" \/>\n<meta name=\"author\" content=\"Potencia Radiof\u00f3nica Dominicana\" \/>\n<meta name=\"twitter:card\" content=\"summary_large_image\" \/>\n<meta name=\"twitter:label1\" content=\"Escrito por\" \/>\n\t<meta name=\"twitter:data1\" content=\"Potencia Radiof\u00f3nica Dominicana\" \/>\n\t<meta name=\"twitter:label2\" content=\"Tiempo de lectura\" \/>\n\t<meta name=\"twitter:data2\" content=\"3 minutos\" \/>\n<script type=\"application\/ld+json\" class=\"yoast-schema-graph\">{\"@context\":\"https:\/\/schema.org\",\"@graph\":[{\"@type\":\"Article\",\"@id\":\"https:\/\/potenciaradiofonicadominicana.com\/portal\/sacha-duran-la-mercadologa-que-emprende-con-exfoliantes-naturales\/#article\",\"isPartOf\":{\"@id\":\"https:\/\/potenciaradiofonicadominicana.com\/portal\/sacha-duran-la-mercadologa-que-emprende-con-exfoliantes-naturales\/\"},\"author\":{\"name\":\"Potencia Radiof\u00f3nica Dominicana\",\"@id\":\"https:\/\/potenciaradiofonicadominicana.com\/portal\/#\/schema\/person\/a5cf1fea13877803ee0573ac18b03490\"},\"headline\":\"Sacha Dur\u00e1n, la mercad\u00f3loga que emprende con exfoliantes naturales\",\"datePublished\":\"2022-01-15T17:28:43+00:00\",\"mainEntityOfPage\":{\"@id\":\"https:\/\/potenciaradiofonicadominicana.com\/portal\/sacha-duran-la-mercadologa-que-emprende-con-exfoliantes-naturales\/\"},\"wordCount\":628,\"commentCount\":0,\"publisher\":{\"@id\":\"https:\/\/potenciaradiofonicadominicana.com\/portal\/#organization\"},\"image\":{\"@id\":\"https:\/\/potenciaradiofonicadominicana.com\/portal\/sacha-duran-la-mercadologa-que-emprende-con-exfoliantes-naturales\/#primaryimage\"},\"thumbnailUrl\":\"https:\/\/potenciaradiofonicadominicana.com\/portal\/wp-content\/uploads\/2022\/01\/89c89461-emprendedosr7-61e208b2792d4.jpg\",\"articleSection\":[\"Econom\u00eda\"],\"inLanguage\":\"es\",\"potentialAction\":[{\"@type\":\"CommentAction\",\"name\":\"Comment\",\"target\":[\"https:\/\/potenciaradiofonicadominicana.com\/portal\/sacha-duran-la-mercadologa-que-emprende-con-exfoliantes-naturales\/#respond\"]}]},{\"@type\":\"WebPage\",\"@id\":\"https:\/\/potenciaradiofonicadominicana.com\/portal\/sacha-duran-la-mercadologa-que-emprende-con-exfoliantes-naturales\/\",\"url\":\"https:\/\/potenciaradiofonicadominicana.com\/portal\/sacha-duran-la-mercadologa-que-emprende-con-exfoliantes-naturales\/\",\"name\":\"Sacha Dur\u00e1n, la mercad\u00f3loga que emprende con exfoliantes naturales - PotenciaRadiofonicaDominicana.com\",\"isPartOf\":{\"@id\":\"https:\/\/potenciaradiofonicadominicana.com\/portal\/#website\"},\"primaryImageOfPage\":{\"@id\":\"https:\/\/potenciaradiofonicadominicana.com\/portal\/sacha-duran-la-mercadologa-que-emprende-con-exfoliantes-naturales\/#primaryimage\"},\"image\":{\"@id\":\"https:\/\/potenciaradiofonicadominicana.com\/portal\/sacha-duran-la-mercadologa-que-emprende-con-exfoliantes-naturales\/#primaryimage\"},\"thumbnailUrl\":\"https:\/\/potenciaradiofonicadominicana.com\/portal\/wp-content\/uploads\/2022\/01\/89c89461-emprendedosr7-61e208b2792d4.jpg\",\"datePublished\":\"2022-01-15T17:28:43+00:00\",\"breadcrumb\":{\"@id\":\"https:\/\/potenciaradiofonicadominicana.com\/portal\/sacha-duran-la-mercadologa-que-emprende-con-exfoliantes-naturales\/#breadcrumb\"},\"inLanguage\":\"es\",\"potentialAction\":[{\"@type\":\"ReadAction\",\"target\":[\"https:\/\/potenciaradiofonicadominicana.com\/portal\/sacha-duran-la-mercadologa-que-emprende-con-exfoliantes-naturales\/\"]}]},{\"@type\":\"ImageObject\",\"inLanguage\":\"es\",\"@id\":\"https:\/\/potenciaradiofonicadominicana.com\/portal\/sacha-duran-la-mercadologa-que-emprende-con-exfoliantes-naturales\/#primaryimage\",\"url\":\"https:\/\/potenciaradiofonicadominicana.com\/portal\/wp-content\/uploads\/2022\/01\/89c89461-emprendedosr7-61e208b2792d4.jpg\",\"contentUrl\":\"https:\/\/potenciaradiofonicadominicana.com\/portal\/wp-content\/uploads\/2022\/01\/89c89461-emprendedosr7-61e208b2792d4.jpg\",\"width\":1000,\"height\":600},{\"@type\":\"BreadcrumbList\",\"@id\":\"https:\/\/potenciaradiofonicadominicana.com\/portal\/sacha-duran-la-mercadologa-que-emprende-con-exfoliantes-naturales\/#breadcrumb\",\"itemListElement\":[{\"@type\":\"ListItem\",\"position\":1,\"name\":\"Portada\",\"item\":\"https:\/\/potenciaradiofonicadominicana.com\/portal\/\"},{\"@type\":\"ListItem\",\"position\":2,\"name\":\"Sacha Dur\u00e1n, la mercad\u00f3loga que emprende con exfoliantes naturales\"}]},{\"@type\":\"WebSite\",\"@id\":\"https:\/\/potenciaradiofonicadominicana.com\/portal\/#website\",\"url\":\"https:\/\/potenciaradiofonicadominicana.com\/portal\/\",\"name\":\"PotenciaRadiofonicaDominicana.com\",\"description\":\"Peri\u00f3dico Digital\",\"publisher\":{\"@id\":\"https:\/\/potenciaradiofonicadominicana.com\/portal\/#organization\"},\"potentialAction\":[{\"@type\":\"SearchAction\",\"target\":{\"@type\":\"EntryPoint\",\"urlTemplate\":\"https:\/\/potenciaradiofonicadominicana.com\/portal\/?s={search_term_string}\"},\"query-input\":{\"@type\":\"PropertyValueSpecification\",\"valueRequired\":true,\"valueName\":\"search_term_string\"}}],\"inLanguage\":\"es\"},{\"@type\":\"Organization\",\"@id\":\"https:\/\/potenciaradiofonicadominicana.com\/portal\/#organization\",\"name\":\"PotenciaRadiofonicaDominicana.com\",\"url\":\"https:\/\/potenciaradiofonicadominicana.com\/portal\/\",\"logo\":{\"@type\":\"ImageObject\",\"inLanguage\":\"es\",\"@id\":\"https:\/\/potenciaradiofonicadominicana.com\/portal\/#\/schema\/logo\/image\/\",\"url\":\"https:\/\/potenciaradiofonicadominicana.com\/portal\/wp-content\/uploads\/2022\/01\/descarga.png\",\"contentUrl\":\"https:\/\/potenciaradiofonicadominicana.com\/portal\/wp-content\/uploads\/2022\/01\/descarga.png\",\"width\":300,\"height\":100,\"caption\":\"PotenciaRadiofonicaDominicana.com\"},\"image\":{\"@id\":\"https:\/\/potenciaradiofonicadominicana.com\/portal\/#\/schema\/logo\/image\/\"},\"sameAs\":[\"https:\/\/web.facebook.com\/PotenciaRadiofonicaD\"]},{\"@type\":\"Person\",\"@id\":\"https:\/\/potenciaradiofonicadominicana.com\/portal\/#\/schema\/person\/a5cf1fea13877803ee0573ac18b03490\",\"name\":\"Potencia Radiof\u00f3nica Dominicana\",\"image\":{\"@type\":\"ImageObject\",\"inLanguage\":\"es\",\"@id\":\"https:\/\/potenciaradiofonicadominicana.com\/portal\/#\/schema\/person\/image\/\",\"url\":\"https:\/\/secure.gravatar.com\/avatar\/42a55ab9e8ccc656ba34cd791990602a?s=96&d=mm&r=g\",\"contentUrl\":\"https:\/\/secure.gravatar.com\/avatar\/42a55ab9e8ccc656ba34cd791990602a?s=96&d=mm&r=g\",\"caption\":\"Potencia Radiof\u00f3nica Dominicana\"},\"url\":\"https:\/\/potenciaradiofonicadominicana.com\/portal\/author\/johannyalmanzar\/\"}]}<\/script>\n<!-- \/ Yoast SEO plugin. -->","yoast_head_json":{"title":"Sacha Dur\u00e1n, la mercad\u00f3loga que emprende con exfoliantes naturales - PotenciaRadiofonicaDominicana.com","robots":{"index":"index","follow":"follow","max-snippet":"max-snippet:-1","max-image-preview":"max-image-preview:large","max-video-preview":"max-video-preview:-1"},"canonical":"https:\/\/potenciaradiofonicadominicana.com\/portal\/sacha-duran-la-mercadologa-que-emprende-con-exfoliantes-naturales\/","og_locale":"es_ES","og_type":"article","og_title":"Sacha Dur\u00e1n, la mercad\u00f3loga que emprende con exfoliantes naturales - PotenciaRadiofonicaDominicana.com","og_description":"El cuidado de la piel es esencial para el ser humano debido a que este \u00f3rgano est\u00e1 expuesto a agentes ...","og_url":"https:\/\/potenciaradiofonicadominicana.com\/portal\/sacha-duran-la-mercadologa-que-emprende-con-exfoliantes-naturales\/","og_site_name":"PotenciaRadiofonicaDominicana.com","article_publisher":"https:\/\/web.facebook.com\/PotenciaRadiofonicaD","article_published_time":"2022-01-15T17:28:43+00:00","og_image":[{"width":1000,"height":600,"url":"https:\/\/potenciaradiofonicadominicana.com\/portal\/wp-content\/uploads\/2022\/01\/89c89461-emprendedosr7-61e208b2792d4.jpg","type":"image\/jpeg"}],"author":"Potencia Radiof\u00f3nica Dominicana","twitter_card":"summary_large_image","twitter_misc":{"Escrito por":"Potencia Radiof\u00f3nica Dominicana","Tiempo de lectura":"3 minutos"},"schema":{"@context":"https:\/\/schema.org","@graph":[{"@type":"Article","@id":"https:\/\/potenciaradiofonicadominicana.com\/portal\/sacha-duran-la-mercadologa-que-emprende-con-exfoliantes-naturales\/#article","isPartOf":{"@id":"https:\/\/potenciaradiofonicadominicana.com\/portal\/sacha-duran-la-mercadologa-que-emprende-con-exfoliantes-naturales\/"},"author":{"name":"Potencia Radiof\u00f3nica Dominicana","@id":"https:\/\/potenciaradiofonicadominicana.com\/portal\/#\/schema\/person\/a5cf1fea13877803ee0573ac18b03490"},"headline":"Sacha Dur\u00e1n, la mercad\u00f3loga que emprende con exfoliantes naturales","datePublished":"2022-01-15T17:28:43+00:00","mainEntityOfPage":{"@id":"https:\/\/potenciaradiofonicadominicana.com\/portal\/sacha-duran-la-mercadologa-que-emprende-con-exfoliantes-naturales\/"},"wordCount":628,"commentCount":0,"publisher":{"@id":"https:\/\/potenciaradiofonicadominicana.com\/portal\/#organization"},"image":{"@id":"https:\/\/potenciaradiofonicadominicana.com\/portal\/sacha-duran-la-mercadologa-que-emprende-con-exfoliantes-naturales\/#primaryimage"},"thumbnailUrl":"https:\/\/potenciaradiofonicadominicana.com\/portal\/wp-content\/uploads\/2022\/01\/89c89461-emprendedosr7-61e208b2792d4.jpg","articleSection":["Econom\u00eda"],"inLanguage":"es","potentialAction":[{"@type":"CommentAction","name":"Comment","target":["https:\/\/potenciaradiofonicadominicana.com\/portal\/sacha-duran-la-mercadologa-que-emprende-con-exfoliantes-naturales\/#respond"]}]},{"@type":"WebPage","@id":"https:\/\/potenciaradiofonicadominicana.com\/portal\/sacha-duran-la-mercadologa-que-emprende-con-exfoliantes-naturales\/","url":"https:\/\/potenciaradiofonicadominicana.com\/portal\/sacha-duran-la-mercadologa-que-emprende-con-exfoliantes-naturales\/","name":"Sacha Dur\u00e1n, la mercad\u00f3loga que emprende con exfoliantes naturales - PotenciaRadiofonicaDominicana.com","isPartOf":{"@id":"https:\/\/potenciaradiofonicadominicana.com\/portal\/#website"},"primaryImageOfPage":{"@id":"https:\/\/potenciaradiofonicadominicana.com\/portal\/sacha-duran-la-mercadologa-que-emprende-con-exfoliantes-naturales\/#primaryimage"},"image":{"@id":"https:\/\/potenciaradiofonicadominicana.com\/portal\/sacha-duran-la-mercadologa-que-emprende-con-exfoliantes-naturales\/#primaryimage"},"thumbnailUrl":"https:\/\/potenciaradiofonicadominicana.com\/portal\/wp-content\/uploads\/2022\/01\/89c89461-emprendedosr7-61e208b2792d4.jpg","datePublished":"2022-01-15T17:28:43+00:00","breadcrumb":{"@id":"https:\/\/potenciaradiofonicadominicana.com\/portal\/sacha-duran-la-mercadologa-que-emprende-con-exfoliantes-naturales\/#breadcrumb"},"inLanguage":"es","potentialAction":[{"@type":"ReadAction","target":["https:\/\/potenciaradiofonicadominicana.com\/portal\/sacha-duran-la-mercadologa-que-emprende-con-exfoliantes-naturales\/"]}]},{"@type":"ImageObject","inLanguage":"es","@id":"https:\/\/potenciaradiofonicadominicana.com\/portal\/sacha-duran-la-mercadologa-que-emprende-con-exfoliantes-naturales\/#primaryimage","url":"https:\/\/potenciaradiofonicadominicana.com\/portal\/wp-content\/uploads\/2022\/01\/89c89461-emprendedosr7-61e208b2792d4.jpg","contentUrl":"https:\/\/potenciaradiofonicadominicana.com\/portal\/wp-content\/uploads\/2022\/01\/89c89461-emprendedosr7-61e208b2792d4.jpg","width":1000,"height":600},{"@type":"BreadcrumbList","@id":"https:\/\/potenciaradiofonicadominicana.com\/portal\/sacha-duran-la-mercadologa-que-emprende-con-exfoliantes-naturales\/#breadcrumb","itemListElement":[{"@type":"ListItem","position":1,"name":"Portada","item":"https:\/\/potenciaradiofonicadominicana.com\/portal\/"},{"@type":"ListItem","position":2,"name":"Sacha Dur\u00e1n, la mercad\u00f3loga que emprende con exfoliantes naturales"}]},{"@type":"WebSite","@id":"https:\/\/potenciaradiofonicadominicana.com\/portal\/#website","url":"https:\/\/potenciaradiofonicadominicana.com\/portal\/","name":"PotenciaRadiofonicaDominicana.com","description":"Peri\u00f3dico Digital","publisher":{"@id":"https:\/\/potenciaradiofonicadominicana.com\/portal\/#organization"},"potentialAction":[{"@type":"SearchAction","target":{"@type":"EntryPoint","urlTemplate":"https:\/\/potenciaradiofonicadominicana.com\/portal\/?s={search_term_string}"},"query-input":{"@type":"PropertyValueSpecification","valueRequired":true,"valueName":"search_term_string"}}],"inLanguage":"es"},{"@type":"Organization","@id":"https:\/\/potenciaradiofonicadominicana.com\/portal\/#organization","name":"PotenciaRadiofonicaDominicana.com","url":"https:\/\/potenciaradiofonicadominicana.com\/portal\/","logo":{"@type":"ImageObject","inLanguage":"es","@id":"https:\/\/potenciaradiofonicadominicana.com\/portal\/#\/schema\/logo\/image\/","url":"https:\/\/potenciaradiofonicadominicana.com\/portal\/wp-content\/uploads\/2022\/01\/descarga.png","contentUrl":"https:\/\/potenciaradiofonicadominicana.com\/portal\/wp-content\/uploads\/2022\/01\/descarga.png","width":300,"height":100,"caption":"PotenciaRadiofonicaDominicana.com"},"image":{"@id":"https:\/\/potenciaradiofonicadominicana.com\/portal\/#\/schema\/logo\/image\/"},"sameAs":["https:\/\/web.facebook.com\/PotenciaRadiofonicaD"]},{"@type":"Person","@id":"https:\/\/potenciaradiofonicadominicana.com\/portal\/#\/schema\/person\/a5cf1fea13877803ee0573ac18b03490","name":"Potencia Radiof\u00f3nica Dominicana","image":{"@type":"ImageObject","inLanguage":"es","@id":"https:\/\/potenciaradiofonicadominicana.com\/portal\/#\/schema\/person\/image\/","url":"https:\/\/secure.gravatar.com\/avatar\/42a55ab9e8ccc656ba34cd791990602a?s=96&d=mm&r=g","contentUrl":"https:\/\/secure.gravatar.com\/avatar\/42a55ab9e8ccc656ba34cd791990602a?s=96&d=mm&r=g","caption":"Potencia Radiof\u00f3nica Dominicana"},"url":"https:\/\/potenciaradiofonicadominicana.com\/portal\/author\/johannyalmanzar\/"}]}},"_links":{"self":[{"href":"https:\/\/potenciaradiofonicadominicana.com\/portal\/wp-json\/wp\/v2\/posts\/112334","targetHints":{"allow":["GET"]}}],"collection":[{"href":"https:\/\/potenciaradiofonicadominicana.com\/portal\/wp-json\/wp\/v2\/posts"}],"about":[{"href":"https:\/\/potenciaradiofonicadominicana.com\/portal\/wp-json\/wp\/v2\/types\/post"}],"author":[{"embeddable":true,"href":"https:\/\/potenciaradiofonicadominicana.com\/portal\/wp-json\/wp\/v2\/users\/2"}],"replies":[{"embeddable":true,"href":"https:\/\/potenciaradiofonicadominicana.com\/portal\/wp-json\/wp\/v2\/comments?post=112334"}],"version-history":[{"count":1,"href":"https:\/\/potenciaradiofonicadominicana.com\/portal\/wp-json\/wp\/v2\/posts\/112334\/revisions"}],"predecessor-version":[{"id":112336,"href":"https:\/\/potenciaradiofonicadominicana.com\/portal\/wp-json\/wp\/v2\/posts\/112334\/revisions\/112336"}],"wp:featuredmedia":[{"embeddable":true,"href":"https:\/\/potenciaradiofonicadominicana.com\/portal\/wp-json\/wp\/v2\/media\/112335"}],"wp:attachment":[{"href":"https:\/\/potenciaradiofonicadominicana.com\/portal\/wp-json\/wp\/v2\/media?parent=112334"}],"wp:term":[{"taxonomy":"category","embeddable":true,"href":"https:\/\/potenciaradiofonicadominicana.com\/portal\/wp-json\/wp\/v2\/categories?post=112334"},{"taxonomy":"post_tag","embeddable":true,"href":"https:\/\/potenciaradiofonicadominicana.com\/portal\/wp-json\/wp\/v2\/tags?post=112334"}],"curies":[{"name":"wp","href":"https:\/\/api.w.org\/{rel}","templated":true}]}}