{"id":112259,"date":"2022-01-15T11:56:59","date_gmt":"2022-01-15T15:56:59","guid":{"rendered":"https:\/\/potenciaradiofonicadominicana.com\/portal\/?p=112259"},"modified":"2022-01-15T11:56:59","modified_gmt":"2022-01-15T15:56:59","slug":"energia-y-minas-asegura-que-punta-catalina-se-mantendra-como-propiedad-del-estado","status":"publish","type":"post","link":"https:\/\/potenciaradiofonicadominicana.com\/portal\/energia-y-minas-asegura-que-punta-catalina-se-mantendra-como-propiedad-del-estado\/","title":{"rendered":"Energ\u00eda y Minas asegura que Punta Catalina se mantendr\u00e1 como propiedad del Estado"},"content":{"rendered":"<p><a href=\"https:\/\/potenciaradiofonicadominicana.com\/portal\/wp-content\/uploads\/2022\/01\/Fuente-Externa-1.jpg\"><img loading=\"lazy\" decoding=\"async\" class=\"alignnone size-full wp-image-112260\" src=\"https:\/\/potenciaradiofonicadominicana.com\/portal\/wp-content\/uploads\/2022\/01\/Fuente-Externa-1.jpg\" alt=\"\" width=\"1140\" height=\"632\" srcset=\"https:\/\/potenciaradiofonicadominicana.com\/portal\/wp-content\/uploads\/2022\/01\/Fuente-Externa-1.jpg 1140w, https:\/\/potenciaradiofonicadominicana.com\/portal\/wp-content\/uploads\/2022\/01\/Fuente-Externa-1-300x166.jpg 300w, https:\/\/potenciaradiofonicadominicana.com\/portal\/wp-content\/uploads\/2022\/01\/Fuente-Externa-1-768x426.jpg 768w, https:\/\/potenciaradiofonicadominicana.com\/portal\/wp-content\/uploads\/2022\/01\/Fuente-Externa-1-1024x568.jpg 1024w\" sizes=\"auto, (max-width: 1140px) 100vw, 1140px\" \/><\/a><\/p>\n<p>El Ministerio de Energ\u00eda y Minas asegur\u00f3 que la Central Termoel\u00e9ctrica\u00a0<strong>Punta Catalina<\/strong>\u00a0seguir\u00e1 siendo propiedad enteramente estatal, p\u00fablica.<\/p>\n<p>En un comunicado se inform\u00f3 que es completamente falso e infundado afirmar que Punta Catalina se est\u00e1 privatizando o cediendo a alg\u00fan grupo empresarial o a personas particulares.<\/p>\n<p>\u201cDebido a que por ley un ministerio no puede ser propietario de una empresa ni realizar operaciones comerciales y, consciente de la conveniencia de que la Central Punta Catalina participe de manera independiente en el mercado el\u00e9ctrico nacional produciendo y vendiendo energ\u00eda, el Gobierno ha decidido constituir la central en un Fideicomiso P\u00fablico cuya administraci\u00f3n financiera recaer\u00e1 en el banco estatal Banreservas por medio de la fiduciaria del mismo nombre\u201d, indic\u00f3 la nota.<\/p>\n<p>En otras palabras, Punta Catalina, que es propiedad del Estado dominicano, pasa ahora a ser administrada financieramente por el banco emblem\u00e1tico del Estado, el Banco de Reservas y su fiduciaria.<\/p>\n<p>Es decir, Punta Catalina no ha sido puesta en venta por el Gobierno, ni hay planes ni prop\u00f3sitos de hacerlo.<\/p>\n<p>Por otro lado, la nota aclar\u00f3 que para garantizar que la operaci\u00f3n t\u00e9cnica de la central sea rigurosamente profesional y eficiente el gobierno contratar\u00e1 mediante licitaci\u00f3n una firma que se har\u00e1 cargo\u00a0 de la operaci\u00f3n y mantenimiento de las dos plantas el\u00e9ctricas.<\/p>\n<p>Seg\u00fan el comunicado, el monto de 2,340.54 millones de d\u00f3lares indicados como valor de Punta Catalina en el contrato del fideicomiso se dice es \u201cconforme a lo establecido en el contrato EPC y en el Acuerdo para la Resoluci\u00f3n Definitiva de Disputas Existentes y Finalizaci\u00f3n del Proyecto (\u2026)\u201d, firmado el tres (3) de marzo del a\u00f1o 2020 por el gobierno de Danilo Medina.<\/p>\n","protected":false},"excerpt":{"rendered":"<p>El Ministerio de Energ\u00eda y Minas asegur\u00f3 que la Central Termoel\u00e9ctrica\u00a0Punta Catalina\u00a0seguir\u00e1 siendo propiedad enteramente estatal, p\u00fablica. En un comunicado &#8230;<\/p>\n","protected":false},"author":2,"featured_media":112260,"comment_status":"open","ping_status":"open","sticky":false,"template":"","format":"standard","meta":{"footnotes":""},"categories":[26,25],"tags":[],"class_list":["post-112259","post","type-post","status-publish","format-standard","has-post-thumbnail","hentry","category-economia","category-noticias"],"yoast_head":"<!-- This site is optimized with the Yoast SEO plugin v24.8.1 - https:\/\/yoast.com\/wordpress\/plugins\/seo\/ -->\n<title>Energ\u00eda y Minas asegura que Punta Catalina se mantendr\u00e1 como propiedad del Estado - PotenciaRadiofonicaDominicana.com<\/title>\n<meta name=\"robots\" content=\"index, follow, max-snippet:-1, max-image-preview:large, max-video-preview:-1\" \/>\n<link rel=\"canonical\" href=\"https:\/\/potenciaradiofonicadominicana.com\/portal\/energia-y-minas-asegura-que-punta-catalina-se-mantendra-como-propiedad-del-estado\/\" \/>\n<meta property=\"og:locale\" content=\"es_ES\" \/>\n<meta property=\"og:type\" content=\"article\" \/>\n<meta property=\"og:title\" content=\"Energ\u00eda y Minas asegura que Punta Catalina se mantendr\u00e1 como propiedad del Estado - PotenciaRadiofonicaDominicana.com\" \/>\n<meta property=\"og:description\" content=\"El Ministerio de Energ\u00eda y Minas asegur\u00f3 que la Central Termoel\u00e9ctrica\u00a0Punta Catalina\u00a0seguir\u00e1 siendo propiedad enteramente estatal, p\u00fablica. En un comunicado ...\" \/>\n<meta property=\"og:url\" content=\"https:\/\/potenciaradiofonicadominicana.com\/portal\/energia-y-minas-asegura-que-punta-catalina-se-mantendra-como-propiedad-del-estado\/\" \/>\n<meta property=\"og:site_name\" content=\"PotenciaRadiofonicaDominicana.com\" \/>\n<meta property=\"article:publisher\" content=\"https:\/\/web.facebook.com\/PotenciaRadiofonicaD\" \/>\n<meta property=\"article:published_time\" content=\"2022-01-15T15:56:59+00:00\" \/>\n<meta property=\"og:image\" content=\"https:\/\/potenciaradiofonicadominicana.com\/portal\/wp-content\/uploads\/2022\/01\/Fuente-Externa-1.jpg\" \/>\n\t<meta property=\"og:image:width\" content=\"1140\" \/>\n\t<meta property=\"og:image:height\" content=\"632\" \/>\n\t<meta property=\"og:image:type\" content=\"image\/jpeg\" \/>\n<meta name=\"author\" content=\"Potencia Radiof\u00f3nica Dominicana\" \/>\n<meta name=\"twitter:card\" content=\"summary_large_image\" \/>\n<meta name=\"twitter:label1\" content=\"Escrito por\" \/>\n\t<meta name=\"twitter:data1\" content=\"Potencia Radiof\u00f3nica Dominicana\" \/>\n\t<meta name=\"twitter:label2\" content=\"Tiempo de lectura\" \/>\n\t<meta name=\"twitter:data2\" content=\"1 minuto\" \/>\n<script type=\"application\/ld+json\" class=\"yoast-schema-graph\">{\"@context\":\"https:\/\/schema.org\",\"@graph\":[{\"@type\":\"Article\",\"@id\":\"https:\/\/potenciaradiofonicadominicana.com\/portal\/energia-y-minas-asegura-que-punta-catalina-se-mantendra-como-propiedad-del-estado\/#article\",\"isPartOf\":{\"@id\":\"https:\/\/potenciaradiofonicadominicana.com\/portal\/energia-y-minas-asegura-que-punta-catalina-se-mantendra-como-propiedad-del-estado\/\"},\"author\":{\"name\":\"Potencia Radiof\u00f3nica Dominicana\",\"@id\":\"https:\/\/potenciaradiofonicadominicana.com\/portal\/#\/schema\/person\/a5cf1fea13877803ee0573ac18b03490\"},\"headline\":\"Energ\u00eda y Minas asegura que Punta Catalina se mantendr\u00e1 como propiedad del Estado\",\"datePublished\":\"2022-01-15T15:56:59+00:00\",\"mainEntityOfPage\":{\"@id\":\"https:\/\/potenciaradiofonicadominicana.com\/portal\/energia-y-minas-asegura-que-punta-catalina-se-mantendra-como-propiedad-del-estado\/\"},\"wordCount\":305,\"commentCount\":0,\"publisher\":{\"@id\":\"https:\/\/potenciaradiofonicadominicana.com\/portal\/#organization\"},\"image\":{\"@id\":\"https:\/\/potenciaradiofonicadominicana.com\/portal\/energia-y-minas-asegura-que-punta-catalina-se-mantendra-como-propiedad-del-estado\/#primaryimage\"},\"thumbnailUrl\":\"https:\/\/potenciaradiofonicadominicana.com\/portal\/wp-content\/uploads\/2022\/01\/Fuente-Externa-1.jpg\",\"articleSection\":[\"Econom\u00eda\",\"Noticias\"],\"inLanguage\":\"es\",\"potentialAction\":[{\"@type\":\"CommentAction\",\"name\":\"Comment\",\"target\":[\"https:\/\/potenciaradiofonicadominicana.com\/portal\/energia-y-minas-asegura-que-punta-catalina-se-mantendra-como-propiedad-del-estado\/#respond\"]}]},{\"@type\":\"WebPage\",\"@id\":\"https:\/\/potenciaradiofonicadominicana.com\/portal\/energia-y-minas-asegura-que-punta-catalina-se-mantendra-como-propiedad-del-estado\/\",\"url\":\"https:\/\/potenciaradiofonicadominicana.com\/portal\/energia-y-minas-asegura-que-punta-catalina-se-mantendra-como-propiedad-del-estado\/\",\"name\":\"Energ\u00eda y Minas asegura que Punta Catalina se mantendr\u00e1 como propiedad del Estado - PotenciaRadiofonicaDominicana.com\",\"isPartOf\":{\"@id\":\"https:\/\/potenciaradiofonicadominicana.com\/portal\/#website\"},\"primaryImageOfPage\":{\"@id\":\"https:\/\/potenciaradiofonicadominicana.com\/portal\/energia-y-minas-asegura-que-punta-catalina-se-mantendra-como-propiedad-del-estado\/#primaryimage\"},\"image\":{\"@id\":\"https:\/\/potenciaradiofonicadominicana.com\/portal\/energia-y-minas-asegura-que-punta-catalina-se-mantendra-como-propiedad-del-estado\/#primaryimage\"},\"thumbnailUrl\":\"https:\/\/potenciaradiofonicadominicana.com\/portal\/wp-content\/uploads\/2022\/01\/Fuente-Externa-1.jpg\",\"datePublished\":\"2022-01-15T15:56:59+00:00\",\"breadcrumb\":{\"@id\":\"https:\/\/potenciaradiofonicadominicana.com\/portal\/energia-y-minas-asegura-que-punta-catalina-se-mantendra-como-propiedad-del-estado\/#breadcrumb\"},\"inLanguage\":\"es\",\"potentialAction\":[{\"@type\":\"ReadAction\",\"target\":[\"https:\/\/potenciaradiofonicadominicana.com\/portal\/energia-y-minas-asegura-que-punta-catalina-se-mantendra-como-propiedad-del-estado\/\"]}]},{\"@type\":\"ImageObject\",\"inLanguage\":\"es\",\"@id\":\"https:\/\/potenciaradiofonicadominicana.com\/portal\/energia-y-minas-asegura-que-punta-catalina-se-mantendra-como-propiedad-del-estado\/#primaryimage\",\"url\":\"https:\/\/potenciaradiofonicadominicana.com\/portal\/wp-content\/uploads\/2022\/01\/Fuente-Externa-1.jpg\",\"contentUrl\":\"https:\/\/potenciaradiofonicadominicana.com\/portal\/wp-content\/uploads\/2022\/01\/Fuente-Externa-1.jpg\",\"width\":1140,\"height\":632},{\"@type\":\"BreadcrumbList\",\"@id\":\"https:\/\/potenciaradiofonicadominicana.com\/portal\/energia-y-minas-asegura-que-punta-catalina-se-mantendra-como-propiedad-del-estado\/#breadcrumb\",\"itemListElement\":[{\"@type\":\"ListItem\",\"position\":1,\"name\":\"Portada\",\"item\":\"https:\/\/potenciaradiofonicadominicana.com\/portal\/\"},{\"@type\":\"ListItem\",\"position\":2,\"name\":\"Energ\u00eda y Minas asegura que Punta Catalina se mantendr\u00e1 como propiedad del Estado\"}]},{\"@type\":\"WebSite\",\"@id\":\"https:\/\/potenciaradiofonicadominicana.com\/portal\/#website\",\"url\":\"https:\/\/potenciaradiofonicadominicana.com\/portal\/\",\"name\":\"PotenciaRadiofonicaDominicana.com\",\"description\":\"Peri\u00f3dico Digital\",\"publisher\":{\"@id\":\"https:\/\/potenciaradiofonicadominicana.com\/portal\/#organization\"},\"potentialAction\":[{\"@type\":\"SearchAction\",\"target\":{\"@type\":\"EntryPoint\",\"urlTemplate\":\"https:\/\/potenciaradiofonicadominicana.com\/portal\/?s={search_term_string}\"},\"query-input\":{\"@type\":\"PropertyValueSpecification\",\"valueRequired\":true,\"valueName\":\"search_term_string\"}}],\"inLanguage\":\"es\"},{\"@type\":\"Organization\",\"@id\":\"https:\/\/potenciaradiofonicadominicana.com\/portal\/#organization\",\"name\":\"PotenciaRadiofonicaDominicana.com\",\"url\":\"https:\/\/potenciaradiofonicadominicana.com\/portal\/\",\"logo\":{\"@type\":\"ImageObject\",\"inLanguage\":\"es\",\"@id\":\"https:\/\/potenciaradiofonicadominicana.com\/portal\/#\/schema\/logo\/image\/\",\"url\":\"https:\/\/potenciaradiofonicadominicana.com\/portal\/wp-content\/uploads\/2022\/01\/descarga.png\",\"contentUrl\":\"https:\/\/potenciaradiofonicadominicana.com\/portal\/wp-content\/uploads\/2022\/01\/descarga.png\",\"width\":300,\"height\":100,\"caption\":\"PotenciaRadiofonicaDominicana.com\"},\"image\":{\"@id\":\"https:\/\/potenciaradiofonicadominicana.com\/portal\/#\/schema\/logo\/image\/\"},\"sameAs\":[\"https:\/\/web.facebook.com\/PotenciaRadiofonicaD\"]},{\"@type\":\"Person\",\"@id\":\"https:\/\/potenciaradiofonicadominicana.com\/portal\/#\/schema\/person\/a5cf1fea13877803ee0573ac18b03490\",\"name\":\"Potencia Radiof\u00f3nica Dominicana\",\"image\":{\"@type\":\"ImageObject\",\"inLanguage\":\"es\",\"@id\":\"https:\/\/potenciaradiofonicadominicana.com\/portal\/#\/schema\/person\/image\/\",\"url\":\"https:\/\/secure.gravatar.com\/avatar\/42a55ab9e8ccc656ba34cd791990602a?s=96&d=mm&r=g\",\"contentUrl\":\"https:\/\/secure.gravatar.com\/avatar\/42a55ab9e8ccc656ba34cd791990602a?s=96&d=mm&r=g\",\"caption\":\"Potencia Radiof\u00f3nica Dominicana\"},\"url\":\"https:\/\/potenciaradiofonicadominicana.com\/portal\/author\/johannyalmanzar\/\"}]}<\/script>\n<!-- \/ Yoast SEO plugin. -->","yoast_head_json":{"title":"Energ\u00eda y Minas asegura que Punta Catalina se mantendr\u00e1 como propiedad del Estado - PotenciaRadiofonicaDominicana.com","robots":{"index":"index","follow":"follow","max-snippet":"max-snippet:-1","max-image-preview":"max-image-preview:large","max-video-preview":"max-video-preview:-1"},"canonical":"https:\/\/potenciaradiofonicadominicana.com\/portal\/energia-y-minas-asegura-que-punta-catalina-se-mantendra-como-propiedad-del-estado\/","og_locale":"es_ES","og_type":"article","og_title":"Energ\u00eda y Minas asegura que Punta Catalina se mantendr\u00e1 como propiedad del Estado - PotenciaRadiofonicaDominicana.com","og_description":"El Ministerio de Energ\u00eda y Minas asegur\u00f3 que la Central Termoel\u00e9ctrica\u00a0Punta Catalina\u00a0seguir\u00e1 siendo propiedad enteramente estatal, p\u00fablica. En un comunicado ...","og_url":"https:\/\/potenciaradiofonicadominicana.com\/portal\/energia-y-minas-asegura-que-punta-catalina-se-mantendra-como-propiedad-del-estado\/","og_site_name":"PotenciaRadiofonicaDominicana.com","article_publisher":"https:\/\/web.facebook.com\/PotenciaRadiofonicaD","article_published_time":"2022-01-15T15:56:59+00:00","og_image":[{"width":1140,"height":632,"url":"https:\/\/potenciaradiofonicadominicana.com\/portal\/wp-content\/uploads\/2022\/01\/Fuente-Externa-1.jpg","type":"image\/jpeg"}],"author":"Potencia Radiof\u00f3nica Dominicana","twitter_card":"summary_large_image","twitter_misc":{"Escrito por":"Potencia Radiof\u00f3nica Dominicana","Tiempo de lectura":"1 minuto"},"schema":{"@context":"https:\/\/schema.org","@graph":[{"@type":"Article","@id":"https:\/\/potenciaradiofonicadominicana.com\/portal\/energia-y-minas-asegura-que-punta-catalina-se-mantendra-como-propiedad-del-estado\/#article","isPartOf":{"@id":"https:\/\/potenciaradiofonicadominicana.com\/portal\/energia-y-minas-asegura-que-punta-catalina-se-mantendra-como-propiedad-del-estado\/"},"author":{"name":"Potencia Radiof\u00f3nica Dominicana","@id":"https:\/\/potenciaradiofonicadominicana.com\/portal\/#\/schema\/person\/a5cf1fea13877803ee0573ac18b03490"},"headline":"Energ\u00eda y Minas asegura que Punta Catalina se mantendr\u00e1 como propiedad del Estado","datePublished":"2022-01-15T15:56:59+00:00","mainEntityOfPage":{"@id":"https:\/\/potenciaradiofonicadominicana.com\/portal\/energia-y-minas-asegura-que-punta-catalina-se-mantendra-como-propiedad-del-estado\/"},"wordCount":305,"commentCount":0,"publisher":{"@id":"https:\/\/potenciaradiofonicadominicana.com\/portal\/#organization"},"image":{"@id":"https:\/\/potenciaradiofonicadominicana.com\/portal\/energia-y-minas-asegura-que-punta-catalina-se-mantendra-como-propiedad-del-estado\/#primaryimage"},"thumbnailUrl":"https:\/\/potenciaradiofonicadominicana.com\/portal\/wp-content\/uploads\/2022\/01\/Fuente-Externa-1.jpg","articleSection":["Econom\u00eda","Noticias"],"inLanguage":"es","potentialAction":[{"@type":"CommentAction","name":"Comment","target":["https:\/\/potenciaradiofonicadominicana.com\/portal\/energia-y-minas-asegura-que-punta-catalina-se-mantendra-como-propiedad-del-estado\/#respond"]}]},{"@type":"WebPage","@id":"https:\/\/potenciaradiofonicadominicana.com\/portal\/energia-y-minas-asegura-que-punta-catalina-se-mantendra-como-propiedad-del-estado\/","url":"https:\/\/potenciaradiofonicadominicana.com\/portal\/energia-y-minas-asegura-que-punta-catalina-se-mantendra-como-propiedad-del-estado\/","name":"Energ\u00eda y Minas asegura que Punta Catalina se mantendr\u00e1 como propiedad del Estado - PotenciaRadiofonicaDominicana.com","isPartOf":{"@id":"https:\/\/potenciaradiofonicadominicana.com\/portal\/#website"},"primaryImageOfPage":{"@id":"https:\/\/potenciaradiofonicadominicana.com\/portal\/energia-y-minas-asegura-que-punta-catalina-se-mantendra-como-propiedad-del-estado\/#primaryimage"},"image":{"@id":"https:\/\/potenciaradiofonicadominicana.com\/portal\/energia-y-minas-asegura-que-punta-catalina-se-mantendra-como-propiedad-del-estado\/#primaryimage"},"thumbnailUrl":"https:\/\/potenciaradiofonicadominicana.com\/portal\/wp-content\/uploads\/2022\/01\/Fuente-Externa-1.jpg","datePublished":"2022-01-15T15:56:59+00:00","breadcrumb":{"@id":"https:\/\/potenciaradiofonicadominicana.com\/portal\/energia-y-minas-asegura-que-punta-catalina-se-mantendra-como-propiedad-del-estado\/#breadcrumb"},"inLanguage":"es","potentialAction":[{"@type":"ReadAction","target":["https:\/\/potenciaradiofonicadominicana.com\/portal\/energia-y-minas-asegura-que-punta-catalina-se-mantendra-como-propiedad-del-estado\/"]}]},{"@type":"ImageObject","inLanguage":"es","@id":"https:\/\/potenciaradiofonicadominicana.com\/portal\/energia-y-minas-asegura-que-punta-catalina-se-mantendra-como-propiedad-del-estado\/#primaryimage","url":"https:\/\/potenciaradiofonicadominicana.com\/portal\/wp-content\/uploads\/2022\/01\/Fuente-Externa-1.jpg","contentUrl":"https:\/\/potenciaradiofonicadominicana.com\/portal\/wp-content\/uploads\/2022\/01\/Fuente-Externa-1.jpg","width":1140,"height":632},{"@type":"BreadcrumbList","@id":"https:\/\/potenciaradiofonicadominicana.com\/portal\/energia-y-minas-asegura-que-punta-catalina-se-mantendra-como-propiedad-del-estado\/#breadcrumb","itemListElement":[{"@type":"ListItem","position":1,"name":"Portada","item":"https:\/\/potenciaradiofonicadominicana.com\/portal\/"},{"@type":"ListItem","position":2,"name":"Energ\u00eda y Minas asegura que Punta Catalina se mantendr\u00e1 como propiedad del Estado"}]},{"@type":"WebSite","@id":"https:\/\/potenciaradiofonicadominicana.com\/portal\/#website","url":"https:\/\/potenciaradiofonicadominicana.com\/portal\/","name":"PotenciaRadiofonicaDominicana.com","description":"Peri\u00f3dico Digital","publisher":{"@id":"https:\/\/potenciaradiofonicadominicana.com\/portal\/#organization"},"potentialAction":[{"@type":"SearchAction","target":{"@type":"EntryPoint","urlTemplate":"https:\/\/potenciaradiofonicadominicana.com\/portal\/?s={search_term_string}"},"query-input":{"@type":"PropertyValueSpecification","valueRequired":true,"valueName":"search_term_string"}}],"inLanguage":"es"},{"@type":"Organization","@id":"https:\/\/potenciaradiofonicadominicana.com\/portal\/#organization","name":"PotenciaRadiofonicaDominicana.com","url":"https:\/\/potenciaradiofonicadominicana.com\/portal\/","logo":{"@type":"ImageObject","inLanguage":"es","@id":"https:\/\/potenciaradiofonicadominicana.com\/portal\/#\/schema\/logo\/image\/","url":"https:\/\/potenciaradiofonicadominicana.com\/portal\/wp-content\/uploads\/2022\/01\/descarga.png","contentUrl":"https:\/\/potenciaradiofonicadominicana.com\/portal\/wp-content\/uploads\/2022\/01\/descarga.png","width":300,"height":100,"caption":"PotenciaRadiofonicaDominicana.com"},"image":{"@id":"https:\/\/potenciaradiofonicadominicana.com\/portal\/#\/schema\/logo\/image\/"},"sameAs":["https:\/\/web.facebook.com\/PotenciaRadiofonicaD"]},{"@type":"Person","@id":"https:\/\/potenciaradiofonicadominicana.com\/portal\/#\/schema\/person\/a5cf1fea13877803ee0573ac18b03490","name":"Potencia Radiof\u00f3nica Dominicana","image":{"@type":"ImageObject","inLanguage":"es","@id":"https:\/\/potenciaradiofonicadominicana.com\/portal\/#\/schema\/person\/image\/","url":"https:\/\/secure.gravatar.com\/avatar\/42a55ab9e8ccc656ba34cd791990602a?s=96&d=mm&r=g","contentUrl":"https:\/\/secure.gravatar.com\/avatar\/42a55ab9e8ccc656ba34cd791990602a?s=96&d=mm&r=g","caption":"Potencia Radiof\u00f3nica Dominicana"},"url":"https:\/\/potenciaradiofonicadominicana.com\/portal\/author\/johannyalmanzar\/"}]}},"_links":{"self":[{"href":"https:\/\/potenciaradiofonicadominicana.com\/portal\/wp-json\/wp\/v2\/posts\/112259","targetHints":{"allow":["GET"]}}],"collection":[{"href":"https:\/\/potenciaradiofonicadominicana.com\/portal\/wp-json\/wp\/v2\/posts"}],"about":[{"href":"https:\/\/potenciaradiofonicadominicana.com\/portal\/wp-json\/wp\/v2\/types\/post"}],"author":[{"embeddable":true,"href":"https:\/\/potenciaradiofonicadominicana.com\/portal\/wp-json\/wp\/v2\/users\/2"}],"replies":[{"embeddable":true,"href":"https:\/\/potenciaradiofonicadominicana.com\/portal\/wp-json\/wp\/v2\/comments?post=112259"}],"version-history":[{"count":1,"href":"https:\/\/potenciaradiofonicadominicana.com\/portal\/wp-json\/wp\/v2\/posts\/112259\/revisions"}],"predecessor-version":[{"id":112261,"href":"https:\/\/potenciaradiofonicadominicana.com\/portal\/wp-json\/wp\/v2\/posts\/112259\/revisions\/112261"}],"wp:featuredmedia":[{"embeddable":true,"href":"https:\/\/potenciaradiofonicadominicana.com\/portal\/wp-json\/wp\/v2\/media\/112260"}],"wp:attachment":[{"href":"https:\/\/potenciaradiofonicadominicana.com\/portal\/wp-json\/wp\/v2\/media?parent=112259"}],"wp:term":[{"taxonomy":"category","embeddable":true,"href":"https:\/\/potenciaradiofonicadominicana.com\/portal\/wp-json\/wp\/v2\/categories?post=112259"},{"taxonomy":"post_tag","embeddable":true,"href":"https:\/\/potenciaradiofonicadominicana.com\/portal\/wp-json\/wp\/v2\/tags?post=112259"}],"curies":[{"name":"wp","href":"https:\/\/api.w.org\/{rel}","templated":true}]}}