{"id":112249,"date":"2022-01-13T21:18:08","date_gmt":"2022-01-14T01:18:08","guid":{"rendered":"https:\/\/potenciaradiofonicadominicana.com\/portal\/?p=112249"},"modified":"2022-01-13T21:18:08","modified_gmt":"2022-01-14T01:18:08","slug":"aeropuerto-punta-cana-incorpora-79-vuelos-mensuales-con-nuevas-rutas","status":"publish","type":"post","link":"https:\/\/potenciaradiofonicadominicana.com\/portal\/aeropuerto-punta-cana-incorpora-79-vuelos-mensuales-con-nuevas-rutas\/","title":{"rendered":"Aeropuerto Punta Cana incorpora 79 vuelos mensuales con nuevas rutas"},"content":{"rendered":"<p><a href=\"https:\/\/potenciaradiofonicadominicana.com\/portal\/wp-content\/uploads\/2022\/01\/202201121530331-1.jpeg\"><img loading=\"lazy\" decoding=\"async\" class=\"alignnone size-full wp-image-112250\" src=\"https:\/\/potenciaradiofonicadominicana.com\/portal\/wp-content\/uploads\/2022\/01\/202201121530331-1.jpeg\" alt=\"\" width=\"680\" height=\"453\" srcset=\"https:\/\/potenciaradiofonicadominicana.com\/portal\/wp-content\/uploads\/2022\/01\/202201121530331-1.jpeg 680w, https:\/\/potenciaradiofonicadominicana.com\/portal\/wp-content\/uploads\/2022\/01\/202201121530331-1-300x200.jpeg 300w\" sizes=\"auto, (max-width: 680px) 100vw, 680px\" \/><\/a><\/p>\n<p>La Altagracia.\u00a0El Aeropuerto Internacional de Punta Cana (AIPC) incorpor\u00f3 79 vuelos mensuales en 7 nuevas rutas y en otras que ya exist\u00edan.<br \/>\nAdicionalmente, se increment\u00f3 la frecuencia, entre agosto de 2020 y la primera semana de enero de 2022, y adem\u00e1s report\u00f3 la reactivaci\u00f3n de 7 rutas canceladas por el impacto inicial de la pandemia de la covid-19 en la actividad tur\u00edstica.<\/p>\n<p>La direcci\u00f3n del AIPC inform\u00f3 que las nuevas rutas incluyen las ciudades rusas de Kazan, Novosibirsk, Ufa, Rostov Oblast y Krasnoyarsk, de las aerol\u00edneas Ikar Airlines y Azur Air, con 3 vuelos mensuales desde cada ciudad. Adem\u00e1s, para Estados Unidos, 4 vuelos semanales de American Airlines que se originan en Austin, Texas, y un vuelo semanal de Frontier Airlines desde Atlanta, Georgia.<\/p>\n<p>Tambi\u00e9n, iniciaron frecuencia hacia Punta Cana Tap Portugal con 3 vuelos semanales desde Lisboa, Portugal; Swoop con 3 vuelos semanales desde Toronto, Canad\u00e1; Air Belgium con 2 vuelos por semana de Bruselas, B\u00e9lgica; y Sky Airlines Per\u00fa con 3 vuelos por semana partiendo de Lima, Per\u00fa.<\/p>\n<p>Las aerol\u00edneas que reactivaron sus vuelos en el mismo per\u00edodo son Royal Flight Airlines, con 2 a 5 vuelos semanales desde Mosc\u00fa, Rusia; Aeroflot con 3 a 4 vuelos por semana tambi\u00e9n desde la capital rusa; Tui Netherlands con 2 semanales desde Amsterdam, Holanda; Tui Airways, con 6 vuelos semanales que conectan las ciudades inglesas Londres, Manchester y Birmingham con Punta Cana; Gol Transportes A\u00e9reos con 3 vuelos por semana procedentes de Sao Paulo, Brasil; Level con un vuelo por semana desde Barcelona, Espa\u00f1a; y Corsair, con 3 vuelos por semana a Par\u00eds, Orly.<\/p>\n<p>Frank El\u00edas Rainieri, presidente de Grupo Puntacana, dijo que los nuevos vuelos y la reanudaci\u00f3n de otros suspendidos muestran que se mantiene la aceptaci\u00f3n de importantes mercados en la oferta tur\u00edstica dominicana.<\/p>\n","protected":false},"excerpt":{"rendered":"<p>La Altagracia.\u00a0El Aeropuerto Internacional de Punta Cana (AIPC) incorpor\u00f3 79 vuelos mensuales en 7 nuevas rutas y en otras que &#8230;<\/p>\n","protected":false},"author":2,"featured_media":112250,"comment_status":"open","ping_status":"open","sticky":false,"template":"","format":"standard","meta":{"footnotes":""},"categories":[26],"tags":[],"class_list":["post-112249","post","type-post","status-publish","format-standard","has-post-thumbnail","hentry","category-economia"],"yoast_head":"<!-- This site is optimized with the Yoast SEO plugin v24.8.1 - https:\/\/yoast.com\/wordpress\/plugins\/seo\/ -->\n<title>Aeropuerto Punta Cana incorpora 79 vuelos mensuales con nuevas rutas - PotenciaRadiofonicaDominicana.com<\/title>\n<meta name=\"robots\" content=\"index, follow, max-snippet:-1, max-image-preview:large, max-video-preview:-1\" \/>\n<link rel=\"canonical\" href=\"https:\/\/potenciaradiofonicadominicana.com\/portal\/aeropuerto-punta-cana-incorpora-79-vuelos-mensuales-con-nuevas-rutas\/\" \/>\n<meta property=\"og:locale\" content=\"es_ES\" \/>\n<meta property=\"og:type\" content=\"article\" \/>\n<meta property=\"og:title\" content=\"Aeropuerto Punta Cana incorpora 79 vuelos mensuales con nuevas rutas - PotenciaRadiofonicaDominicana.com\" \/>\n<meta property=\"og:description\" content=\"La Altagracia.\u00a0El Aeropuerto Internacional de Punta Cana (AIPC) incorpor\u00f3 79 vuelos mensuales en 7 nuevas rutas y en otras que ...\" \/>\n<meta property=\"og:url\" content=\"https:\/\/potenciaradiofonicadominicana.com\/portal\/aeropuerto-punta-cana-incorpora-79-vuelos-mensuales-con-nuevas-rutas\/\" \/>\n<meta property=\"og:site_name\" content=\"PotenciaRadiofonicaDominicana.com\" \/>\n<meta property=\"article:publisher\" content=\"https:\/\/web.facebook.com\/PotenciaRadiofonicaD\" \/>\n<meta property=\"article:published_time\" content=\"2022-01-14T01:18:08+00:00\" \/>\n<meta property=\"og:image\" content=\"https:\/\/potenciaradiofonicadominicana.com\/portal\/wp-content\/uploads\/2022\/01\/202201121530331-1.jpeg\" \/>\n\t<meta property=\"og:image:width\" content=\"680\" \/>\n\t<meta property=\"og:image:height\" content=\"453\" \/>\n\t<meta property=\"og:image:type\" content=\"image\/jpeg\" \/>\n<meta name=\"author\" content=\"Potencia Radiof\u00f3nica Dominicana\" \/>\n<meta name=\"twitter:card\" content=\"summary_large_image\" \/>\n<meta name=\"twitter:label1\" content=\"Escrito por\" \/>\n\t<meta name=\"twitter:data1\" content=\"Potencia Radiof\u00f3nica Dominicana\" \/>\n\t<meta name=\"twitter:label2\" content=\"Tiempo de lectura\" \/>\n\t<meta name=\"twitter:data2\" content=\"1 minuto\" \/>\n<script type=\"application\/ld+json\" class=\"yoast-schema-graph\">{\"@context\":\"https:\/\/schema.org\",\"@graph\":[{\"@type\":\"Article\",\"@id\":\"https:\/\/potenciaradiofonicadominicana.com\/portal\/aeropuerto-punta-cana-incorpora-79-vuelos-mensuales-con-nuevas-rutas\/#article\",\"isPartOf\":{\"@id\":\"https:\/\/potenciaradiofonicadominicana.com\/portal\/aeropuerto-punta-cana-incorpora-79-vuelos-mensuales-con-nuevas-rutas\/\"},\"author\":{\"name\":\"Potencia Radiof\u00f3nica Dominicana\",\"@id\":\"https:\/\/potenciaradiofonicadominicana.com\/portal\/#\/schema\/person\/a5cf1fea13877803ee0573ac18b03490\"},\"headline\":\"Aeropuerto Punta Cana incorpora 79 vuelos mensuales con nuevas rutas\",\"datePublished\":\"2022-01-14T01:18:08+00:00\",\"mainEntityOfPage\":{\"@id\":\"https:\/\/potenciaradiofonicadominicana.com\/portal\/aeropuerto-punta-cana-incorpora-79-vuelos-mensuales-con-nuevas-rutas\/\"},\"wordCount\":306,\"commentCount\":0,\"publisher\":{\"@id\":\"https:\/\/potenciaradiofonicadominicana.com\/portal\/#organization\"},\"image\":{\"@id\":\"https:\/\/potenciaradiofonicadominicana.com\/portal\/aeropuerto-punta-cana-incorpora-79-vuelos-mensuales-con-nuevas-rutas\/#primaryimage\"},\"thumbnailUrl\":\"https:\/\/potenciaradiofonicadominicana.com\/portal\/wp-content\/uploads\/2022\/01\/202201121530331-1.jpeg\",\"articleSection\":[\"Econom\u00eda\"],\"inLanguage\":\"es\",\"potentialAction\":[{\"@type\":\"CommentAction\",\"name\":\"Comment\",\"target\":[\"https:\/\/potenciaradiofonicadominicana.com\/portal\/aeropuerto-punta-cana-incorpora-79-vuelos-mensuales-con-nuevas-rutas\/#respond\"]}]},{\"@type\":\"WebPage\",\"@id\":\"https:\/\/potenciaradiofonicadominicana.com\/portal\/aeropuerto-punta-cana-incorpora-79-vuelos-mensuales-con-nuevas-rutas\/\",\"url\":\"https:\/\/potenciaradiofonicadominicana.com\/portal\/aeropuerto-punta-cana-incorpora-79-vuelos-mensuales-con-nuevas-rutas\/\",\"name\":\"Aeropuerto Punta Cana incorpora 79 vuelos mensuales con nuevas rutas - PotenciaRadiofonicaDominicana.com\",\"isPartOf\":{\"@id\":\"https:\/\/potenciaradiofonicadominicana.com\/portal\/#website\"},\"primaryImageOfPage\":{\"@id\":\"https:\/\/potenciaradiofonicadominicana.com\/portal\/aeropuerto-punta-cana-incorpora-79-vuelos-mensuales-con-nuevas-rutas\/#primaryimage\"},\"image\":{\"@id\":\"https:\/\/potenciaradiofonicadominicana.com\/portal\/aeropuerto-punta-cana-incorpora-79-vuelos-mensuales-con-nuevas-rutas\/#primaryimage\"},\"thumbnailUrl\":\"https:\/\/potenciaradiofonicadominicana.com\/portal\/wp-content\/uploads\/2022\/01\/202201121530331-1.jpeg\",\"datePublished\":\"2022-01-14T01:18:08+00:00\",\"breadcrumb\":{\"@id\":\"https:\/\/potenciaradiofonicadominicana.com\/portal\/aeropuerto-punta-cana-incorpora-79-vuelos-mensuales-con-nuevas-rutas\/#breadcrumb\"},\"inLanguage\":\"es\",\"potentialAction\":[{\"@type\":\"ReadAction\",\"target\":[\"https:\/\/potenciaradiofonicadominicana.com\/portal\/aeropuerto-punta-cana-incorpora-79-vuelos-mensuales-con-nuevas-rutas\/\"]}]},{\"@type\":\"ImageObject\",\"inLanguage\":\"es\",\"@id\":\"https:\/\/potenciaradiofonicadominicana.com\/portal\/aeropuerto-punta-cana-incorpora-79-vuelos-mensuales-con-nuevas-rutas\/#primaryimage\",\"url\":\"https:\/\/potenciaradiofonicadominicana.com\/portal\/wp-content\/uploads\/2022\/01\/202201121530331-1.jpeg\",\"contentUrl\":\"https:\/\/potenciaradiofonicadominicana.com\/portal\/wp-content\/uploads\/2022\/01\/202201121530331-1.jpeg\",\"width\":680,\"height\":453},{\"@type\":\"BreadcrumbList\",\"@id\":\"https:\/\/potenciaradiofonicadominicana.com\/portal\/aeropuerto-punta-cana-incorpora-79-vuelos-mensuales-con-nuevas-rutas\/#breadcrumb\",\"itemListElement\":[{\"@type\":\"ListItem\",\"position\":1,\"name\":\"Portada\",\"item\":\"https:\/\/potenciaradiofonicadominicana.com\/portal\/\"},{\"@type\":\"ListItem\",\"position\":2,\"name\":\"Aeropuerto Punta Cana incorpora 79 vuelos mensuales con nuevas rutas\"}]},{\"@type\":\"WebSite\",\"@id\":\"https:\/\/potenciaradiofonicadominicana.com\/portal\/#website\",\"url\":\"https:\/\/potenciaradiofonicadominicana.com\/portal\/\",\"name\":\"PotenciaRadiofonicaDominicana.com\",\"description\":\"Peri\u00f3dico Digital\",\"publisher\":{\"@id\":\"https:\/\/potenciaradiofonicadominicana.com\/portal\/#organization\"},\"potentialAction\":[{\"@type\":\"SearchAction\",\"target\":{\"@type\":\"EntryPoint\",\"urlTemplate\":\"https:\/\/potenciaradiofonicadominicana.com\/portal\/?s={search_term_string}\"},\"query-input\":{\"@type\":\"PropertyValueSpecification\",\"valueRequired\":true,\"valueName\":\"search_term_string\"}}],\"inLanguage\":\"es\"},{\"@type\":\"Organization\",\"@id\":\"https:\/\/potenciaradiofonicadominicana.com\/portal\/#organization\",\"name\":\"PotenciaRadiofonicaDominicana.com\",\"url\":\"https:\/\/potenciaradiofonicadominicana.com\/portal\/\",\"logo\":{\"@type\":\"ImageObject\",\"inLanguage\":\"es\",\"@id\":\"https:\/\/potenciaradiofonicadominicana.com\/portal\/#\/schema\/logo\/image\/\",\"url\":\"https:\/\/potenciaradiofonicadominicana.com\/portal\/wp-content\/uploads\/2022\/01\/descarga.png\",\"contentUrl\":\"https:\/\/potenciaradiofonicadominicana.com\/portal\/wp-content\/uploads\/2022\/01\/descarga.png\",\"width\":300,\"height\":100,\"caption\":\"PotenciaRadiofonicaDominicana.com\"},\"image\":{\"@id\":\"https:\/\/potenciaradiofonicadominicana.com\/portal\/#\/schema\/logo\/image\/\"},\"sameAs\":[\"https:\/\/web.facebook.com\/PotenciaRadiofonicaD\"]},{\"@type\":\"Person\",\"@id\":\"https:\/\/potenciaradiofonicadominicana.com\/portal\/#\/schema\/person\/a5cf1fea13877803ee0573ac18b03490\",\"name\":\"Potencia Radiof\u00f3nica Dominicana\",\"image\":{\"@type\":\"ImageObject\",\"inLanguage\":\"es\",\"@id\":\"https:\/\/potenciaradiofonicadominicana.com\/portal\/#\/schema\/person\/image\/\",\"url\":\"https:\/\/secure.gravatar.com\/avatar\/42a55ab9e8ccc656ba34cd791990602a?s=96&d=mm&r=g\",\"contentUrl\":\"https:\/\/secure.gravatar.com\/avatar\/42a55ab9e8ccc656ba34cd791990602a?s=96&d=mm&r=g\",\"caption\":\"Potencia Radiof\u00f3nica Dominicana\"},\"url\":\"https:\/\/potenciaradiofonicadominicana.com\/portal\/author\/johannyalmanzar\/\"}]}<\/script>\n<!-- \/ Yoast SEO plugin. -->","yoast_head_json":{"title":"Aeropuerto Punta Cana incorpora 79 vuelos mensuales con nuevas rutas - PotenciaRadiofonicaDominicana.com","robots":{"index":"index","follow":"follow","max-snippet":"max-snippet:-1","max-image-preview":"max-image-preview:large","max-video-preview":"max-video-preview:-1"},"canonical":"https:\/\/potenciaradiofonicadominicana.com\/portal\/aeropuerto-punta-cana-incorpora-79-vuelos-mensuales-con-nuevas-rutas\/","og_locale":"es_ES","og_type":"article","og_title":"Aeropuerto Punta Cana incorpora 79 vuelos mensuales con nuevas rutas - PotenciaRadiofonicaDominicana.com","og_description":"La Altagracia.\u00a0El Aeropuerto Internacional de Punta Cana (AIPC) incorpor\u00f3 79 vuelos mensuales en 7 nuevas rutas y en otras que ...","og_url":"https:\/\/potenciaradiofonicadominicana.com\/portal\/aeropuerto-punta-cana-incorpora-79-vuelos-mensuales-con-nuevas-rutas\/","og_site_name":"PotenciaRadiofonicaDominicana.com","article_publisher":"https:\/\/web.facebook.com\/PotenciaRadiofonicaD","article_published_time":"2022-01-14T01:18:08+00:00","og_image":[{"width":680,"height":453,"url":"https:\/\/potenciaradiofonicadominicana.com\/portal\/wp-content\/uploads\/2022\/01\/202201121530331-1.jpeg","type":"image\/jpeg"}],"author":"Potencia Radiof\u00f3nica Dominicana","twitter_card":"summary_large_image","twitter_misc":{"Escrito por":"Potencia Radiof\u00f3nica Dominicana","Tiempo de lectura":"1 minuto"},"schema":{"@context":"https:\/\/schema.org","@graph":[{"@type":"Article","@id":"https:\/\/potenciaradiofonicadominicana.com\/portal\/aeropuerto-punta-cana-incorpora-79-vuelos-mensuales-con-nuevas-rutas\/#article","isPartOf":{"@id":"https:\/\/potenciaradiofonicadominicana.com\/portal\/aeropuerto-punta-cana-incorpora-79-vuelos-mensuales-con-nuevas-rutas\/"},"author":{"name":"Potencia Radiof\u00f3nica Dominicana","@id":"https:\/\/potenciaradiofonicadominicana.com\/portal\/#\/schema\/person\/a5cf1fea13877803ee0573ac18b03490"},"headline":"Aeropuerto Punta Cana incorpora 79 vuelos mensuales con nuevas rutas","datePublished":"2022-01-14T01:18:08+00:00","mainEntityOfPage":{"@id":"https:\/\/potenciaradiofonicadominicana.com\/portal\/aeropuerto-punta-cana-incorpora-79-vuelos-mensuales-con-nuevas-rutas\/"},"wordCount":306,"commentCount":0,"publisher":{"@id":"https:\/\/potenciaradiofonicadominicana.com\/portal\/#organization"},"image":{"@id":"https:\/\/potenciaradiofonicadominicana.com\/portal\/aeropuerto-punta-cana-incorpora-79-vuelos-mensuales-con-nuevas-rutas\/#primaryimage"},"thumbnailUrl":"https:\/\/potenciaradiofonicadominicana.com\/portal\/wp-content\/uploads\/2022\/01\/202201121530331-1.jpeg","articleSection":["Econom\u00eda"],"inLanguage":"es","potentialAction":[{"@type":"CommentAction","name":"Comment","target":["https:\/\/potenciaradiofonicadominicana.com\/portal\/aeropuerto-punta-cana-incorpora-79-vuelos-mensuales-con-nuevas-rutas\/#respond"]}]},{"@type":"WebPage","@id":"https:\/\/potenciaradiofonicadominicana.com\/portal\/aeropuerto-punta-cana-incorpora-79-vuelos-mensuales-con-nuevas-rutas\/","url":"https:\/\/potenciaradiofonicadominicana.com\/portal\/aeropuerto-punta-cana-incorpora-79-vuelos-mensuales-con-nuevas-rutas\/","name":"Aeropuerto Punta Cana incorpora 79 vuelos mensuales con nuevas rutas - PotenciaRadiofonicaDominicana.com","isPartOf":{"@id":"https:\/\/potenciaradiofonicadominicana.com\/portal\/#website"},"primaryImageOfPage":{"@id":"https:\/\/potenciaradiofonicadominicana.com\/portal\/aeropuerto-punta-cana-incorpora-79-vuelos-mensuales-con-nuevas-rutas\/#primaryimage"},"image":{"@id":"https:\/\/potenciaradiofonicadominicana.com\/portal\/aeropuerto-punta-cana-incorpora-79-vuelos-mensuales-con-nuevas-rutas\/#primaryimage"},"thumbnailUrl":"https:\/\/potenciaradiofonicadominicana.com\/portal\/wp-content\/uploads\/2022\/01\/202201121530331-1.jpeg","datePublished":"2022-01-14T01:18:08+00:00","breadcrumb":{"@id":"https:\/\/potenciaradiofonicadominicana.com\/portal\/aeropuerto-punta-cana-incorpora-79-vuelos-mensuales-con-nuevas-rutas\/#breadcrumb"},"inLanguage":"es","potentialAction":[{"@type":"ReadAction","target":["https:\/\/potenciaradiofonicadominicana.com\/portal\/aeropuerto-punta-cana-incorpora-79-vuelos-mensuales-con-nuevas-rutas\/"]}]},{"@type":"ImageObject","inLanguage":"es","@id":"https:\/\/potenciaradiofonicadominicana.com\/portal\/aeropuerto-punta-cana-incorpora-79-vuelos-mensuales-con-nuevas-rutas\/#primaryimage","url":"https:\/\/potenciaradiofonicadominicana.com\/portal\/wp-content\/uploads\/2022\/01\/202201121530331-1.jpeg","contentUrl":"https:\/\/potenciaradiofonicadominicana.com\/portal\/wp-content\/uploads\/2022\/01\/202201121530331-1.jpeg","width":680,"height":453},{"@type":"BreadcrumbList","@id":"https:\/\/potenciaradiofonicadominicana.com\/portal\/aeropuerto-punta-cana-incorpora-79-vuelos-mensuales-con-nuevas-rutas\/#breadcrumb","itemListElement":[{"@type":"ListItem","position":1,"name":"Portada","item":"https:\/\/potenciaradiofonicadominicana.com\/portal\/"},{"@type":"ListItem","position":2,"name":"Aeropuerto Punta Cana incorpora 79 vuelos mensuales con nuevas rutas"}]},{"@type":"WebSite","@id":"https:\/\/potenciaradiofonicadominicana.com\/portal\/#website","url":"https:\/\/potenciaradiofonicadominicana.com\/portal\/","name":"PotenciaRadiofonicaDominicana.com","description":"Peri\u00f3dico Digital","publisher":{"@id":"https:\/\/potenciaradiofonicadominicana.com\/portal\/#organization"},"potentialAction":[{"@type":"SearchAction","target":{"@type":"EntryPoint","urlTemplate":"https:\/\/potenciaradiofonicadominicana.com\/portal\/?s={search_term_string}"},"query-input":{"@type":"PropertyValueSpecification","valueRequired":true,"valueName":"search_term_string"}}],"inLanguage":"es"},{"@type":"Organization","@id":"https:\/\/potenciaradiofonicadominicana.com\/portal\/#organization","name":"PotenciaRadiofonicaDominicana.com","url":"https:\/\/potenciaradiofonicadominicana.com\/portal\/","logo":{"@type":"ImageObject","inLanguage":"es","@id":"https:\/\/potenciaradiofonicadominicana.com\/portal\/#\/schema\/logo\/image\/","url":"https:\/\/potenciaradiofonicadominicana.com\/portal\/wp-content\/uploads\/2022\/01\/descarga.png","contentUrl":"https:\/\/potenciaradiofonicadominicana.com\/portal\/wp-content\/uploads\/2022\/01\/descarga.png","width":300,"height":100,"caption":"PotenciaRadiofonicaDominicana.com"},"image":{"@id":"https:\/\/potenciaradiofonicadominicana.com\/portal\/#\/schema\/logo\/image\/"},"sameAs":["https:\/\/web.facebook.com\/PotenciaRadiofonicaD"]},{"@type":"Person","@id":"https:\/\/potenciaradiofonicadominicana.com\/portal\/#\/schema\/person\/a5cf1fea13877803ee0573ac18b03490","name":"Potencia Radiof\u00f3nica Dominicana","image":{"@type":"ImageObject","inLanguage":"es","@id":"https:\/\/potenciaradiofonicadominicana.com\/portal\/#\/schema\/person\/image\/","url":"https:\/\/secure.gravatar.com\/avatar\/42a55ab9e8ccc656ba34cd791990602a?s=96&d=mm&r=g","contentUrl":"https:\/\/secure.gravatar.com\/avatar\/42a55ab9e8ccc656ba34cd791990602a?s=96&d=mm&r=g","caption":"Potencia Radiof\u00f3nica Dominicana"},"url":"https:\/\/potenciaradiofonicadominicana.com\/portal\/author\/johannyalmanzar\/"}]}},"_links":{"self":[{"href":"https:\/\/potenciaradiofonicadominicana.com\/portal\/wp-json\/wp\/v2\/posts\/112249","targetHints":{"allow":["GET"]}}],"collection":[{"href":"https:\/\/potenciaradiofonicadominicana.com\/portal\/wp-json\/wp\/v2\/posts"}],"about":[{"href":"https:\/\/potenciaradiofonicadominicana.com\/portal\/wp-json\/wp\/v2\/types\/post"}],"author":[{"embeddable":true,"href":"https:\/\/potenciaradiofonicadominicana.com\/portal\/wp-json\/wp\/v2\/users\/2"}],"replies":[{"embeddable":true,"href":"https:\/\/potenciaradiofonicadominicana.com\/portal\/wp-json\/wp\/v2\/comments?post=112249"}],"version-history":[{"count":1,"href":"https:\/\/potenciaradiofonicadominicana.com\/portal\/wp-json\/wp\/v2\/posts\/112249\/revisions"}],"predecessor-version":[{"id":112251,"href":"https:\/\/potenciaradiofonicadominicana.com\/portal\/wp-json\/wp\/v2\/posts\/112249\/revisions\/112251"}],"wp:featuredmedia":[{"embeddable":true,"href":"https:\/\/potenciaradiofonicadominicana.com\/portal\/wp-json\/wp\/v2\/media\/112250"}],"wp:attachment":[{"href":"https:\/\/potenciaradiofonicadominicana.com\/portal\/wp-json\/wp\/v2\/media?parent=112249"}],"wp:term":[{"taxonomy":"category","embeddable":true,"href":"https:\/\/potenciaradiofonicadominicana.com\/portal\/wp-json\/wp\/v2\/categories?post=112249"},{"taxonomy":"post_tag","embeddable":true,"href":"https:\/\/potenciaradiofonicadominicana.com\/portal\/wp-json\/wp\/v2\/tags?post=112249"}],"curies":[{"name":"wp","href":"https:\/\/api.w.org\/{rel}","templated":true}]}}