{"id":112246,"date":"2022-01-13T21:14:48","date_gmt":"2022-01-14T01:14:48","guid":{"rendered":"https:\/\/potenciaradiofonicadominicana.com\/portal\/?p=112246"},"modified":"2022-01-13T21:14:48","modified_gmt":"2022-01-14T01:14:48","slug":"cepal-latinoamerica-sufrira-desaceleracion-economica-y-asimetrias-en-2022","status":"publish","type":"post","link":"https:\/\/potenciaradiofonicadominicana.com\/portal\/cepal-latinoamerica-sufrira-desaceleracion-economica-y-asimetrias-en-2022\/","title":{"rendered":"Cepal: Latinoam\u00e9rica sufrir\u00e1 desaceleraci\u00f3n econ\u00f3mica y asimetr\u00edas en 2022"},"content":{"rendered":"<p><a href=\"https:\/\/potenciaradiofonicadominicana.com\/portal\/wp-content\/uploads\/2022\/01\/alicia-barcena-secretaria-ejecutiva-de-la-cepal-foto-efe-jose-mendez120520-1024x683.jpg\"><img loading=\"lazy\" decoding=\"async\" class=\"alignnone size-full wp-image-112247\" src=\"https:\/\/potenciaradiofonicadominicana.com\/portal\/wp-content\/uploads\/2022\/01\/alicia-barcena-secretaria-ejecutiva-de-la-cepal-foto-efe-jose-mendez120520-1024x683.jpg\" alt=\"\" width=\"1024\" height=\"683\" srcset=\"https:\/\/potenciaradiofonicadominicana.com\/portal\/wp-content\/uploads\/2022\/01\/alicia-barcena-secretaria-ejecutiva-de-la-cepal-foto-efe-jose-mendez120520-1024x683.jpg 1024w, https:\/\/potenciaradiofonicadominicana.com\/portal\/wp-content\/uploads\/2022\/01\/alicia-barcena-secretaria-ejecutiva-de-la-cepal-foto-efe-jose-mendez120520-1024x683-300x200.jpg 300w, https:\/\/potenciaradiofonicadominicana.com\/portal\/wp-content\/uploads\/2022\/01\/alicia-barcena-secretaria-ejecutiva-de-la-cepal-foto-efe-jose-mendez120520-1024x683-768x512.jpg 768w\" sizes=\"auto, (max-width: 1024px) 100vw, 1024px\" \/><\/a><\/p>\n<p>La econom\u00eda de Latinoam\u00e9rica, la regi\u00f3n m\u00e1s afectada por la pandemia, creci\u00f3 un 6,2 % en 2021, pero 2022 estar\u00e1 marcado por las asimetr\u00edas entre pa\u00edses y una desaceleraci\u00f3n incentivada por la incertidumbre, estim\u00f3 este mi\u00e9rcoles la Comisi\u00f3n Econ\u00f3mica para Am\u00e9rica Latina y el Caribe (Cepal).<\/p>\n<p>En el informe de \u201cBalance Preliminar de las Econom\u00edas de Am\u00e9rica Latina y el Caribe\u201d, que se present\u00f3 en Ciudad de M\u00e9xico, el organismo elev\u00f3 su c\u00e1lculo del producto interior bruto (PIB) de 2021 tras su estimaci\u00f3n del 5,9 % hecha en agosto pasado, pero redujo su pron\u00f3stico para 2022, que antes era del 2,9 % y ahora pasa a un 2,1 %.<\/p>\n<p>Adem\u00e1s, el crecimiento de 2021 lleg\u00f3 tras una hist\u00f3rica ca\u00edda de 6,8 % en 2020, la contracci\u00f3n m\u00e1s alta en 125 a\u00f1os, advirti\u00f3 Alicia B\u00e1rcena, secretaria ejecutiva de la Cepal, al presentar el informe.<\/p>\n<p>\u201cEn este a\u00f1o (2021) hay un gran impulso del crecimiento al 6,2 %, lo que ha llevado en cierta medida a tener un optimismo que yo llamar\u00eda un tanto desmedido, un poco de euforia de que el crecimiento es alto. Lo interesante es si este crecimiento se puede o no sostener\u201d, observ\u00f3.<\/p>\n<p><strong>ASIMETR\u00cdAS<\/strong><\/p>\n<p>El reporte refleja el impacto desproporcionado de la pandemia en Latinoam\u00e9rica, la zona m\u00e1s afectada en t\u00e9rminos econ\u00f3micos y sanitarios por la covid-19, que ha dejado cerca de 50 millones de casos y m\u00e1s de 1,5 millones de muertes en la regi\u00f3n con Brasil, M\u00e9xico, Per\u00fa y Colombia y Argentina a la cabeza.<\/p>\n<p>\u201cLa pandemia ha infligido un da\u00f1o duradero al crecimiento de las econom\u00edas en gran parte de la regi\u00f3n, lo cual se agrava con los problemas estructurales que tiene nuestra regi\u00f3n desde antes de la crisis, estos problemas de baja inversi\u00f3n, de baja productividad y de informalidad\u201d, afirm\u00f3 B\u00e1rcena.<\/p>\n<p>La titular de la Cepal advirti\u00f3 de \u201casimetr\u00edas\u201d frente a los pa\u00edses desarrollados, al citar que en los 19 pa\u00edses latinoamericanos solo 61,5 % cuenta con la vacuna completa anticovid por falta de acceso al f\u00e1rmaco, frente a un porcentaje de casi 70 % de la Uni\u00f3n Europea (UE).<\/p>\n<p>El informe tambi\u00e9n se\u00f1al\u00f3 las diferencias econ\u00f3micas internas, al estimar que las econom\u00edas con mayor crecimiento en 2021 son Per\u00fa (13,5 %), Panam\u00e1 (12,4 %), Chile (11,8 %), Rep\u00fablica Dominicana (10,4 %), El Salvador (10 %), Argentina (9,8 %), Colombia (9,5 %) y Honduras (9 %).<\/p>\n<p>En contraste, las de menor desempe\u00f1o fueron Uruguay (3,9 %), Ecuador (3,1 %), las islas del Caribe (3 %), Cuba (0,5 %), Hait\u00ed (-1,3 %) y Venezuela (-3 %).<\/p>\n<p>Mientras que en el medio est\u00e1n Nicaragua (7,4 %), M\u00e9xico (5,8 %), Costa Rica (5,5 %), Guatemala (5,4 %), Bolivia (5,2 %), Brasil (4,7 %) y Paraguay (4,6 %).<\/p>\n<p>\u201cAquellas econom\u00edas que estaban creciendo con gran dinamismo, pues van a tener una desaceleraci\u00f3n muy importante\u201d, avis\u00f3 B\u00e1rcena para 2022.<\/p>\n<p><strong>ENTRE INFLACI\u00d3N Y OTROS RIESGOS<\/strong><\/p>\n<p>El organismo de la ONU, con sede en Santiago de Chile, tambi\u00e9n report\u00f3 una inflaci\u00f3n general de 7,2 % para la regi\u00f3n en 2021, sin contar los pa\u00edses con inflaci\u00f3n cr\u00f3nica, como Argentina, Hait\u00ed, Surinam y Venezuela.<\/p>\n<p>Esta alza generalizada de precios al consumidor es m\u00e1s del doble si se compara con la subida del 3 % registrada en 2020.<\/p>\n<p>\u201cMuchos analistas esperaban que la inflaci\u00f3n y las presiones inflacionarias fueran temporales, en gran medida adjudicadas a problemas de oferta m\u00e1s que de demanda, sin embargo se registra persistencia en las presiones inflacionarias, se ve que los precios siguen aumentando\u201d, coment\u00f3 B\u00e1rcena.<\/p>\n<p>Para 2022, la secretaria de la Cepal avizor\u00f3 cinco riesgos: la desaceleraci\u00f3n del crecimiento econ\u00f3mico, las presiones inflacionarias, mayores tasas de inter\u00e9s, las depreciaciones del tipo de cambio y posibles deteriores en las calificaciones crediticias.<\/p>\n<p>La funcionaria internacional se\u00f1al\u00f3 que en 2021 a\u00fan no se recuperaban 30 % de los empleos perdidos en 2020.<\/p>\n<p>La Cepal tambi\u00e9n expuso que, en los primeros diez meses de 2021, 16 monedas de la regi\u00f3n se depreciaron ante el d\u00f3lar estadounidense frente a 2020.<\/p>\n<p>Tambi\u00e9n lament\u00f3 que la inversi\u00f3n total como porcentaje del PIB se mantenga en 19,5 % en Latinoam\u00e9rica, por debajo del promedio mundial de 26,8 % y de 33,2 % en las econom\u00edas en desarrollo y mercados emergentes.<\/p>\n<p>\u201cEstamos ante un periodo de enorme incertidumbre, donde se profundizan las asimetr\u00edas, donde vamos a enfrentar menor crecimiento, tanto del PIB como del comercio, vamos a tener un contexto menos favorable para la regi\u00f3n, yo creo que eso hay que tenerlo claro\u201d, concluy\u00f3 B\u00e1rcena.<\/p>\n","protected":false},"excerpt":{"rendered":"<p>La econom\u00eda de Latinoam\u00e9rica, la regi\u00f3n m\u00e1s afectada por la pandemia, creci\u00f3 un 6,2 % en 2021, pero 2022 estar\u00e1 &#8230;<\/p>\n","protected":false},"author":2,"featured_media":112247,"comment_status":"open","ping_status":"open","sticky":false,"template":"","format":"standard","meta":{"footnotes":""},"categories":[26],"tags":[],"class_list":["post-112246","post","type-post","status-publish","format-standard","has-post-thumbnail","hentry","category-economia"],"yoast_head":"<!-- This site is optimized with the Yoast SEO plugin v24.8.1 - https:\/\/yoast.com\/wordpress\/plugins\/seo\/ -->\n<title>Cepal: Latinoam\u00e9rica sufrir\u00e1 desaceleraci\u00f3n econ\u00f3mica y asimetr\u00edas en 2022 - PotenciaRadiofonicaDominicana.com<\/title>\n<meta name=\"robots\" content=\"index, follow, max-snippet:-1, max-image-preview:large, max-video-preview:-1\" \/>\n<link rel=\"canonical\" href=\"https:\/\/potenciaradiofonicadominicana.com\/portal\/cepal-latinoamerica-sufrira-desaceleracion-economica-y-asimetrias-en-2022\/\" \/>\n<meta property=\"og:locale\" content=\"es_ES\" \/>\n<meta property=\"og:type\" content=\"article\" \/>\n<meta property=\"og:title\" content=\"Cepal: Latinoam\u00e9rica sufrir\u00e1 desaceleraci\u00f3n econ\u00f3mica y asimetr\u00edas en 2022 - PotenciaRadiofonicaDominicana.com\" \/>\n<meta property=\"og:description\" content=\"La econom\u00eda de Latinoam\u00e9rica, la regi\u00f3n m\u00e1s afectada por la pandemia, creci\u00f3 un 6,2 % en 2021, pero 2022 estar\u00e1 ...\" \/>\n<meta property=\"og:url\" content=\"https:\/\/potenciaradiofonicadominicana.com\/portal\/cepal-latinoamerica-sufrira-desaceleracion-economica-y-asimetrias-en-2022\/\" \/>\n<meta property=\"og:site_name\" content=\"PotenciaRadiofonicaDominicana.com\" \/>\n<meta property=\"article:publisher\" content=\"https:\/\/web.facebook.com\/PotenciaRadiofonicaD\" \/>\n<meta property=\"article:published_time\" content=\"2022-01-14T01:14:48+00:00\" \/>\n<meta property=\"og:image\" content=\"https:\/\/potenciaradiofonicadominicana.com\/portal\/wp-content\/uploads\/2022\/01\/alicia-barcena-secretaria-ejecutiva-de-la-cepal-foto-efe-jose-mendez120520-1024x683.jpg\" \/>\n\t<meta property=\"og:image:width\" content=\"1024\" \/>\n\t<meta property=\"og:image:height\" content=\"683\" \/>\n\t<meta property=\"og:image:type\" content=\"image\/jpeg\" \/>\n<meta name=\"author\" content=\"Potencia Radiof\u00f3nica Dominicana\" \/>\n<meta name=\"twitter:card\" content=\"summary_large_image\" \/>\n<meta name=\"twitter:label1\" content=\"Escrito por\" \/>\n\t<meta name=\"twitter:data1\" content=\"Potencia Radiof\u00f3nica Dominicana\" \/>\n\t<meta name=\"twitter:label2\" content=\"Tiempo de lectura\" \/>\n\t<meta name=\"twitter:data2\" content=\"4 minutos\" \/>\n<script type=\"application\/ld+json\" class=\"yoast-schema-graph\">{\"@context\":\"https:\/\/schema.org\",\"@graph\":[{\"@type\":\"Article\",\"@id\":\"https:\/\/potenciaradiofonicadominicana.com\/portal\/cepal-latinoamerica-sufrira-desaceleracion-economica-y-asimetrias-en-2022\/#article\",\"isPartOf\":{\"@id\":\"https:\/\/potenciaradiofonicadominicana.com\/portal\/cepal-latinoamerica-sufrira-desaceleracion-economica-y-asimetrias-en-2022\/\"},\"author\":{\"name\":\"Potencia Radiof\u00f3nica Dominicana\",\"@id\":\"https:\/\/potenciaradiofonicadominicana.com\/portal\/#\/schema\/person\/a5cf1fea13877803ee0573ac18b03490\"},\"headline\":\"Cepal: Latinoam\u00e9rica sufrir\u00e1 desaceleraci\u00f3n econ\u00f3mica y asimetr\u00edas en 2022\",\"datePublished\":\"2022-01-14T01:14:48+00:00\",\"mainEntityOfPage\":{\"@id\":\"https:\/\/potenciaradiofonicadominicana.com\/portal\/cepal-latinoamerica-sufrira-desaceleracion-economica-y-asimetrias-en-2022\/\"},\"wordCount\":743,\"commentCount\":0,\"publisher\":{\"@id\":\"https:\/\/potenciaradiofonicadominicana.com\/portal\/#organization\"},\"image\":{\"@id\":\"https:\/\/potenciaradiofonicadominicana.com\/portal\/cepal-latinoamerica-sufrira-desaceleracion-economica-y-asimetrias-en-2022\/#primaryimage\"},\"thumbnailUrl\":\"https:\/\/potenciaradiofonicadominicana.com\/portal\/wp-content\/uploads\/2022\/01\/alicia-barcena-secretaria-ejecutiva-de-la-cepal-foto-efe-jose-mendez120520-1024x683.jpg\",\"articleSection\":[\"Econom\u00eda\"],\"inLanguage\":\"es\",\"potentialAction\":[{\"@type\":\"CommentAction\",\"name\":\"Comment\",\"target\":[\"https:\/\/potenciaradiofonicadominicana.com\/portal\/cepal-latinoamerica-sufrira-desaceleracion-economica-y-asimetrias-en-2022\/#respond\"]}]},{\"@type\":\"WebPage\",\"@id\":\"https:\/\/potenciaradiofonicadominicana.com\/portal\/cepal-latinoamerica-sufrira-desaceleracion-economica-y-asimetrias-en-2022\/\",\"url\":\"https:\/\/potenciaradiofonicadominicana.com\/portal\/cepal-latinoamerica-sufrira-desaceleracion-economica-y-asimetrias-en-2022\/\",\"name\":\"Cepal: Latinoam\u00e9rica sufrir\u00e1 desaceleraci\u00f3n econ\u00f3mica y asimetr\u00edas en 2022 - PotenciaRadiofonicaDominicana.com\",\"isPartOf\":{\"@id\":\"https:\/\/potenciaradiofonicadominicana.com\/portal\/#website\"},\"primaryImageOfPage\":{\"@id\":\"https:\/\/potenciaradiofonicadominicana.com\/portal\/cepal-latinoamerica-sufrira-desaceleracion-economica-y-asimetrias-en-2022\/#primaryimage\"},\"image\":{\"@id\":\"https:\/\/potenciaradiofonicadominicana.com\/portal\/cepal-latinoamerica-sufrira-desaceleracion-economica-y-asimetrias-en-2022\/#primaryimage\"},\"thumbnailUrl\":\"https:\/\/potenciaradiofonicadominicana.com\/portal\/wp-content\/uploads\/2022\/01\/alicia-barcena-secretaria-ejecutiva-de-la-cepal-foto-efe-jose-mendez120520-1024x683.jpg\",\"datePublished\":\"2022-01-14T01:14:48+00:00\",\"breadcrumb\":{\"@id\":\"https:\/\/potenciaradiofonicadominicana.com\/portal\/cepal-latinoamerica-sufrira-desaceleracion-economica-y-asimetrias-en-2022\/#breadcrumb\"},\"inLanguage\":\"es\",\"potentialAction\":[{\"@type\":\"ReadAction\",\"target\":[\"https:\/\/potenciaradiofonicadominicana.com\/portal\/cepal-latinoamerica-sufrira-desaceleracion-economica-y-asimetrias-en-2022\/\"]}]},{\"@type\":\"ImageObject\",\"inLanguage\":\"es\",\"@id\":\"https:\/\/potenciaradiofonicadominicana.com\/portal\/cepal-latinoamerica-sufrira-desaceleracion-economica-y-asimetrias-en-2022\/#primaryimage\",\"url\":\"https:\/\/potenciaradiofonicadominicana.com\/portal\/wp-content\/uploads\/2022\/01\/alicia-barcena-secretaria-ejecutiva-de-la-cepal-foto-efe-jose-mendez120520-1024x683.jpg\",\"contentUrl\":\"https:\/\/potenciaradiofonicadominicana.com\/portal\/wp-content\/uploads\/2022\/01\/alicia-barcena-secretaria-ejecutiva-de-la-cepal-foto-efe-jose-mendez120520-1024x683.jpg\",\"width\":1024,\"height\":683},{\"@type\":\"BreadcrumbList\",\"@id\":\"https:\/\/potenciaradiofonicadominicana.com\/portal\/cepal-latinoamerica-sufrira-desaceleracion-economica-y-asimetrias-en-2022\/#breadcrumb\",\"itemListElement\":[{\"@type\":\"ListItem\",\"position\":1,\"name\":\"Portada\",\"item\":\"https:\/\/potenciaradiofonicadominicana.com\/portal\/\"},{\"@type\":\"ListItem\",\"position\":2,\"name\":\"Cepal: Latinoam\u00e9rica sufrir\u00e1 desaceleraci\u00f3n econ\u00f3mica y asimetr\u00edas en 2022\"}]},{\"@type\":\"WebSite\",\"@id\":\"https:\/\/potenciaradiofonicadominicana.com\/portal\/#website\",\"url\":\"https:\/\/potenciaradiofonicadominicana.com\/portal\/\",\"name\":\"PotenciaRadiofonicaDominicana.com\",\"description\":\"Peri\u00f3dico Digital\",\"publisher\":{\"@id\":\"https:\/\/potenciaradiofonicadominicana.com\/portal\/#organization\"},\"potentialAction\":[{\"@type\":\"SearchAction\",\"target\":{\"@type\":\"EntryPoint\",\"urlTemplate\":\"https:\/\/potenciaradiofonicadominicana.com\/portal\/?s={search_term_string}\"},\"query-input\":{\"@type\":\"PropertyValueSpecification\",\"valueRequired\":true,\"valueName\":\"search_term_string\"}}],\"inLanguage\":\"es\"},{\"@type\":\"Organization\",\"@id\":\"https:\/\/potenciaradiofonicadominicana.com\/portal\/#organization\",\"name\":\"PotenciaRadiofonicaDominicana.com\",\"url\":\"https:\/\/potenciaradiofonicadominicana.com\/portal\/\",\"logo\":{\"@type\":\"ImageObject\",\"inLanguage\":\"es\",\"@id\":\"https:\/\/potenciaradiofonicadominicana.com\/portal\/#\/schema\/logo\/image\/\",\"url\":\"https:\/\/potenciaradiofonicadominicana.com\/portal\/wp-content\/uploads\/2022\/01\/descarga.png\",\"contentUrl\":\"https:\/\/potenciaradiofonicadominicana.com\/portal\/wp-content\/uploads\/2022\/01\/descarga.png\",\"width\":300,\"height\":100,\"caption\":\"PotenciaRadiofonicaDominicana.com\"},\"image\":{\"@id\":\"https:\/\/potenciaradiofonicadominicana.com\/portal\/#\/schema\/logo\/image\/\"},\"sameAs\":[\"https:\/\/web.facebook.com\/PotenciaRadiofonicaD\"]},{\"@type\":\"Person\",\"@id\":\"https:\/\/potenciaradiofonicadominicana.com\/portal\/#\/schema\/person\/a5cf1fea13877803ee0573ac18b03490\",\"name\":\"Potencia Radiof\u00f3nica Dominicana\",\"image\":{\"@type\":\"ImageObject\",\"inLanguage\":\"es\",\"@id\":\"https:\/\/potenciaradiofonicadominicana.com\/portal\/#\/schema\/person\/image\/\",\"url\":\"https:\/\/secure.gravatar.com\/avatar\/42a55ab9e8ccc656ba34cd791990602a?s=96&d=mm&r=g\",\"contentUrl\":\"https:\/\/secure.gravatar.com\/avatar\/42a55ab9e8ccc656ba34cd791990602a?s=96&d=mm&r=g\",\"caption\":\"Potencia Radiof\u00f3nica Dominicana\"},\"url\":\"https:\/\/potenciaradiofonicadominicana.com\/portal\/author\/johannyalmanzar\/\"}]}<\/script>\n<!-- \/ Yoast SEO plugin. -->","yoast_head_json":{"title":"Cepal: Latinoam\u00e9rica sufrir\u00e1 desaceleraci\u00f3n econ\u00f3mica y asimetr\u00edas en 2022 - PotenciaRadiofonicaDominicana.com","robots":{"index":"index","follow":"follow","max-snippet":"max-snippet:-1","max-image-preview":"max-image-preview:large","max-video-preview":"max-video-preview:-1"},"canonical":"https:\/\/potenciaradiofonicadominicana.com\/portal\/cepal-latinoamerica-sufrira-desaceleracion-economica-y-asimetrias-en-2022\/","og_locale":"es_ES","og_type":"article","og_title":"Cepal: Latinoam\u00e9rica sufrir\u00e1 desaceleraci\u00f3n econ\u00f3mica y asimetr\u00edas en 2022 - PotenciaRadiofonicaDominicana.com","og_description":"La econom\u00eda de Latinoam\u00e9rica, la regi\u00f3n m\u00e1s afectada por la pandemia, creci\u00f3 un 6,2 % en 2021, pero 2022 estar\u00e1 ...","og_url":"https:\/\/potenciaradiofonicadominicana.com\/portal\/cepal-latinoamerica-sufrira-desaceleracion-economica-y-asimetrias-en-2022\/","og_site_name":"PotenciaRadiofonicaDominicana.com","article_publisher":"https:\/\/web.facebook.com\/PotenciaRadiofonicaD","article_published_time":"2022-01-14T01:14:48+00:00","og_image":[{"width":1024,"height":683,"url":"https:\/\/potenciaradiofonicadominicana.com\/portal\/wp-content\/uploads\/2022\/01\/alicia-barcena-secretaria-ejecutiva-de-la-cepal-foto-efe-jose-mendez120520-1024x683.jpg","type":"image\/jpeg"}],"author":"Potencia Radiof\u00f3nica Dominicana","twitter_card":"summary_large_image","twitter_misc":{"Escrito por":"Potencia Radiof\u00f3nica Dominicana","Tiempo de lectura":"4 minutos"},"schema":{"@context":"https:\/\/schema.org","@graph":[{"@type":"Article","@id":"https:\/\/potenciaradiofonicadominicana.com\/portal\/cepal-latinoamerica-sufrira-desaceleracion-economica-y-asimetrias-en-2022\/#article","isPartOf":{"@id":"https:\/\/potenciaradiofonicadominicana.com\/portal\/cepal-latinoamerica-sufrira-desaceleracion-economica-y-asimetrias-en-2022\/"},"author":{"name":"Potencia Radiof\u00f3nica Dominicana","@id":"https:\/\/potenciaradiofonicadominicana.com\/portal\/#\/schema\/person\/a5cf1fea13877803ee0573ac18b03490"},"headline":"Cepal: Latinoam\u00e9rica sufrir\u00e1 desaceleraci\u00f3n econ\u00f3mica y asimetr\u00edas en 2022","datePublished":"2022-01-14T01:14:48+00:00","mainEntityOfPage":{"@id":"https:\/\/potenciaradiofonicadominicana.com\/portal\/cepal-latinoamerica-sufrira-desaceleracion-economica-y-asimetrias-en-2022\/"},"wordCount":743,"commentCount":0,"publisher":{"@id":"https:\/\/potenciaradiofonicadominicana.com\/portal\/#organization"},"image":{"@id":"https:\/\/potenciaradiofonicadominicana.com\/portal\/cepal-latinoamerica-sufrira-desaceleracion-economica-y-asimetrias-en-2022\/#primaryimage"},"thumbnailUrl":"https:\/\/potenciaradiofonicadominicana.com\/portal\/wp-content\/uploads\/2022\/01\/alicia-barcena-secretaria-ejecutiva-de-la-cepal-foto-efe-jose-mendez120520-1024x683.jpg","articleSection":["Econom\u00eda"],"inLanguage":"es","potentialAction":[{"@type":"CommentAction","name":"Comment","target":["https:\/\/potenciaradiofonicadominicana.com\/portal\/cepal-latinoamerica-sufrira-desaceleracion-economica-y-asimetrias-en-2022\/#respond"]}]},{"@type":"WebPage","@id":"https:\/\/potenciaradiofonicadominicana.com\/portal\/cepal-latinoamerica-sufrira-desaceleracion-economica-y-asimetrias-en-2022\/","url":"https:\/\/potenciaradiofonicadominicana.com\/portal\/cepal-latinoamerica-sufrira-desaceleracion-economica-y-asimetrias-en-2022\/","name":"Cepal: Latinoam\u00e9rica sufrir\u00e1 desaceleraci\u00f3n econ\u00f3mica y asimetr\u00edas en 2022 - PotenciaRadiofonicaDominicana.com","isPartOf":{"@id":"https:\/\/potenciaradiofonicadominicana.com\/portal\/#website"},"primaryImageOfPage":{"@id":"https:\/\/potenciaradiofonicadominicana.com\/portal\/cepal-latinoamerica-sufrira-desaceleracion-economica-y-asimetrias-en-2022\/#primaryimage"},"image":{"@id":"https:\/\/potenciaradiofonicadominicana.com\/portal\/cepal-latinoamerica-sufrira-desaceleracion-economica-y-asimetrias-en-2022\/#primaryimage"},"thumbnailUrl":"https:\/\/potenciaradiofonicadominicana.com\/portal\/wp-content\/uploads\/2022\/01\/alicia-barcena-secretaria-ejecutiva-de-la-cepal-foto-efe-jose-mendez120520-1024x683.jpg","datePublished":"2022-01-14T01:14:48+00:00","breadcrumb":{"@id":"https:\/\/potenciaradiofonicadominicana.com\/portal\/cepal-latinoamerica-sufrira-desaceleracion-economica-y-asimetrias-en-2022\/#breadcrumb"},"inLanguage":"es","potentialAction":[{"@type":"ReadAction","target":["https:\/\/potenciaradiofonicadominicana.com\/portal\/cepal-latinoamerica-sufrira-desaceleracion-economica-y-asimetrias-en-2022\/"]}]},{"@type":"ImageObject","inLanguage":"es","@id":"https:\/\/potenciaradiofonicadominicana.com\/portal\/cepal-latinoamerica-sufrira-desaceleracion-economica-y-asimetrias-en-2022\/#primaryimage","url":"https:\/\/potenciaradiofonicadominicana.com\/portal\/wp-content\/uploads\/2022\/01\/alicia-barcena-secretaria-ejecutiva-de-la-cepal-foto-efe-jose-mendez120520-1024x683.jpg","contentUrl":"https:\/\/potenciaradiofonicadominicana.com\/portal\/wp-content\/uploads\/2022\/01\/alicia-barcena-secretaria-ejecutiva-de-la-cepal-foto-efe-jose-mendez120520-1024x683.jpg","width":1024,"height":683},{"@type":"BreadcrumbList","@id":"https:\/\/potenciaradiofonicadominicana.com\/portal\/cepal-latinoamerica-sufrira-desaceleracion-economica-y-asimetrias-en-2022\/#breadcrumb","itemListElement":[{"@type":"ListItem","position":1,"name":"Portada","item":"https:\/\/potenciaradiofonicadominicana.com\/portal\/"},{"@type":"ListItem","position":2,"name":"Cepal: Latinoam\u00e9rica sufrir\u00e1 desaceleraci\u00f3n econ\u00f3mica y asimetr\u00edas en 2022"}]},{"@type":"WebSite","@id":"https:\/\/potenciaradiofonicadominicana.com\/portal\/#website","url":"https:\/\/potenciaradiofonicadominicana.com\/portal\/","name":"PotenciaRadiofonicaDominicana.com","description":"Peri\u00f3dico Digital","publisher":{"@id":"https:\/\/potenciaradiofonicadominicana.com\/portal\/#organization"},"potentialAction":[{"@type":"SearchAction","target":{"@type":"EntryPoint","urlTemplate":"https:\/\/potenciaradiofonicadominicana.com\/portal\/?s={search_term_string}"},"query-input":{"@type":"PropertyValueSpecification","valueRequired":true,"valueName":"search_term_string"}}],"inLanguage":"es"},{"@type":"Organization","@id":"https:\/\/potenciaradiofonicadominicana.com\/portal\/#organization","name":"PotenciaRadiofonicaDominicana.com","url":"https:\/\/potenciaradiofonicadominicana.com\/portal\/","logo":{"@type":"ImageObject","inLanguage":"es","@id":"https:\/\/potenciaradiofonicadominicana.com\/portal\/#\/schema\/logo\/image\/","url":"https:\/\/potenciaradiofonicadominicana.com\/portal\/wp-content\/uploads\/2022\/01\/descarga.png","contentUrl":"https:\/\/potenciaradiofonicadominicana.com\/portal\/wp-content\/uploads\/2022\/01\/descarga.png","width":300,"height":100,"caption":"PotenciaRadiofonicaDominicana.com"},"image":{"@id":"https:\/\/potenciaradiofonicadominicana.com\/portal\/#\/schema\/logo\/image\/"},"sameAs":["https:\/\/web.facebook.com\/PotenciaRadiofonicaD"]},{"@type":"Person","@id":"https:\/\/potenciaradiofonicadominicana.com\/portal\/#\/schema\/person\/a5cf1fea13877803ee0573ac18b03490","name":"Potencia Radiof\u00f3nica Dominicana","image":{"@type":"ImageObject","inLanguage":"es","@id":"https:\/\/potenciaradiofonicadominicana.com\/portal\/#\/schema\/person\/image\/","url":"https:\/\/secure.gravatar.com\/avatar\/42a55ab9e8ccc656ba34cd791990602a?s=96&d=mm&r=g","contentUrl":"https:\/\/secure.gravatar.com\/avatar\/42a55ab9e8ccc656ba34cd791990602a?s=96&d=mm&r=g","caption":"Potencia Radiof\u00f3nica Dominicana"},"url":"https:\/\/potenciaradiofonicadominicana.com\/portal\/author\/johannyalmanzar\/"}]}},"_links":{"self":[{"href":"https:\/\/potenciaradiofonicadominicana.com\/portal\/wp-json\/wp\/v2\/posts\/112246","targetHints":{"allow":["GET"]}}],"collection":[{"href":"https:\/\/potenciaradiofonicadominicana.com\/portal\/wp-json\/wp\/v2\/posts"}],"about":[{"href":"https:\/\/potenciaradiofonicadominicana.com\/portal\/wp-json\/wp\/v2\/types\/post"}],"author":[{"embeddable":true,"href":"https:\/\/potenciaradiofonicadominicana.com\/portal\/wp-json\/wp\/v2\/users\/2"}],"replies":[{"embeddable":true,"href":"https:\/\/potenciaradiofonicadominicana.com\/portal\/wp-json\/wp\/v2\/comments?post=112246"}],"version-history":[{"count":1,"href":"https:\/\/potenciaradiofonicadominicana.com\/portal\/wp-json\/wp\/v2\/posts\/112246\/revisions"}],"predecessor-version":[{"id":112248,"href":"https:\/\/potenciaradiofonicadominicana.com\/portal\/wp-json\/wp\/v2\/posts\/112246\/revisions\/112248"}],"wp:featuredmedia":[{"embeddable":true,"href":"https:\/\/potenciaradiofonicadominicana.com\/portal\/wp-json\/wp\/v2\/media\/112247"}],"wp:attachment":[{"href":"https:\/\/potenciaradiofonicadominicana.com\/portal\/wp-json\/wp\/v2\/media?parent=112246"}],"wp:term":[{"taxonomy":"category","embeddable":true,"href":"https:\/\/potenciaradiofonicadominicana.com\/portal\/wp-json\/wp\/v2\/categories?post=112246"},{"taxonomy":"post_tag","embeddable":true,"href":"https:\/\/potenciaradiofonicadominicana.com\/portal\/wp-json\/wp\/v2\/tags?post=112246"}],"curies":[{"name":"wp","href":"https:\/\/api.w.org\/{rel}","templated":true}]}}