{"id":112228,"date":"2022-01-13T20:43:12","date_gmt":"2022-01-14T00:43:12","guid":{"rendered":"https:\/\/potenciaradiofonicadominicana.com\/portal\/?p=112228"},"modified":"2022-01-13T20:43:12","modified_gmt":"2022-01-14T00:43:12","slug":"rd-presenta-un-amplio-calendario-competitivo","status":"publish","type":"post","link":"https:\/\/potenciaradiofonicadominicana.com\/portal\/rd-presenta-un-amplio-calendario-competitivo\/","title":{"rendered":"RD presenta un amplio calendario competitivo"},"content":{"rendered":"<p><a href=\"https:\/\/potenciaradiofonicadominicana.com\/portal\/wp-content\/uploads\/2022\/01\/2a51a566-marileidy-paulino-61df71982b20b-640x640.jpg\"><img loading=\"lazy\" decoding=\"async\" class=\"alignnone size-full wp-image-112229\" src=\"https:\/\/potenciaradiofonicadominicana.com\/portal\/wp-content\/uploads\/2022\/01\/2a51a566-marileidy-paulino-61df71982b20b-640x640.jpg\" alt=\"\" width=\"640\" height=\"640\" srcset=\"https:\/\/potenciaradiofonicadominicana.com\/portal\/wp-content\/uploads\/2022\/01\/2a51a566-marileidy-paulino-61df71982b20b-640x640.jpg 640w, https:\/\/potenciaradiofonicadominicana.com\/portal\/wp-content\/uploads\/2022\/01\/2a51a566-marileidy-paulino-61df71982b20b-640x640-150x150.jpg 150w, https:\/\/potenciaradiofonicadominicana.com\/portal\/wp-content\/uploads\/2022\/01\/2a51a566-marileidy-paulino-61df71982b20b-640x640-300x300.jpg 300w, https:\/\/potenciaradiofonicadominicana.com\/portal\/wp-content\/uploads\/2022\/01\/2a51a566-marileidy-paulino-61df71982b20b-640x640-80x80.jpg 80w, https:\/\/potenciaradiofonicadominicana.com\/portal\/wp-content\/uploads\/2022\/01\/2a51a566-marileidy-paulino-61df71982b20b-640x640-600x600.jpg 600w\" sizes=\"auto, (max-width: 640px) 100vw, 640px\" \/><\/a><\/p>\n<p>La Serie del Caribe, los Juegos Caribe\u00f1os y los Juegos Bolivarianos se enmarcan dentro del programa de competencias en el que Rep\u00fablica Dominicana estar\u00e1 presente en este 2022.<\/p>\n<p>La Vuelta Independencia y varios mundiales, como el de atletismo, tambi\u00e9n se inscriben en el cronograma a seguir con miras al 2023, a\u00f1o en que se realizar\u00e1n, por vez primera dos cert\u00e1menes de suma importancia como son los Juegos Centroamericanos y del Caribe y los Juegos Panamericanos.<br \/>\nEl pa\u00eds ser\u00e1 sede de la edici\u00f3n n\u00famero 64 de la Serie del Caribe, a celebrarse del 28 del presente mes al 3 de febrero pr\u00f3ximo con la presencia de los campeones oto\u00f1o-invernales de Puerto Rico, Venezuela, M\u00e9xico, Colombia, Panam\u00e1 y Rep\u00fablica Dominicana. Actualmente, cada pa\u00eds est\u00e1 en proceso de desarrollo de sus series semifinales. Asimismo, est\u00e1 en agenda la celebraci\u00f3n de la Vuelta Independencia en su versi\u00f3n 43 se\u00f1alada para realizarse a finales del mes de febrero.<\/p>\n<p>Otro certamen, que debi\u00f3 celebrarse en 2021, pero fuero movido para este a\u00f1o debido a la propagaci\u00f3n del COVID-19, son los primeros Juegos Caribe\u00f1os, organizados por la Asociaci\u00f3n Caribe\u00f1a de Comit\u00e9s Ol\u00edmpicos Nacionales (CANOC por sus siglas en ingl\u00e9s). La sede ser\u00e1 Islas Guadalupe y su inauguraci\u00f3n se realizar\u00e1 en junio.<\/p>\n<p>Estos juegos tendr\u00e1n un programa de competencias en siete deportes, entre ellos el baloncesto 3\u00d73, futsal, atletismo, judo, nataci\u00f3n, ciclismo y netball (un deporte femenino, similar al korfball holand\u00e9s y parecido al baloncesto). Esta justa albergar\u00e1 todos los pa\u00edses del Caribe, entre estos Antigua y Barbuda, Aruba, Bahamas, Barbados, Belice, Bermudas, Islas V\u00edrgenes Brit\u00e1nicas, Cuba, Curazao, Dominica, Granada, Guyana y Hait\u00ed. Tambi\u00e9n estar\u00e1n Jamaica, Martinica, Puerto Rico, San Vicente y las Granadinas, Trinidad &amp; Tobago, Anguila, Santa Luc\u00eda, Islas V\u00edrgenes estadounidenses, Islas Caim\u00e1n, Monserrat, Guayana Francesa, Turcos y Caicos, Saint Kitts &amp; Nevis, Surinam y Guadalupe que es el pa\u00eds sede.<\/p>\n<p>Los atletas dominicanos tambi\u00e9n dir\u00e1n presentes en los XIX Juegos Bolivarianos Valledupar 2022 de Colombia con la presencia de delegaciones de Bolivia, Chile, Colombia, Ecuador, El Salvador, Guatemala, Panam\u00e1, Paraguay, Per\u00fa, Rep\u00fablica Dominicana y Venezuela. La fecha de competencia es del 24 de junio al 5 de julio. Se estar\u00e1 compitiendo en 45 disciplinas. Ser\u00e1 la tercera ocasi\u00f3n que el pa\u00eds estar\u00e1 presente en este certamen. En 2013 particip\u00f3 por vez primera conquistando 79 medallas, repartidas en 18 de oro, 17 de plata y 44 de bronce. En 2017 volvieron a accionar, llev\u00e1ndose un total de 68 preseas (18-16-34).<\/p>\n<p><strong>Mundial de Atletismo<br \/>\n<\/strong><br \/>\nOtra competencia de suma importancia para el deporte dominicano es el Mundial de Atletismo, que se realizar\u00e1 entre el 15 y el 24 de julio venidero en Eugene, Oregon, Estados Unidos. All\u00ed, el pa\u00eds tendr\u00e1 la oportunidad de ver a Marileidy Paulino, doble medallista de los pasados Juegos Ol\u00edmpicos de Tokio.<\/p>\n<p>El deporte de pesas local tendr\u00e1 su primer gran compromiso en el torneo internacional \u201cManuel Su\u00e1rez In Memoriam\u201d, a efectuarse del 13 al 20 de marzo en C\u00e1rdenas, Cuba.<br \/>\nEn el plano local, est\u00e1 programada la celebraci\u00f3n de los torneos de baloncesto superior, Liga Nacional de Baloncesto (LNB), Liga Dominicana de F\u00fatbol (LDF), y la Liga Nacional de Baloncesto Femenino (LNBF), entre otros torneos.<\/p>\n<p>&nbsp;<\/p>\n<p>&nbsp;<\/p>\n<p>&nbsp;<\/p>\n","protected":false},"excerpt":{"rendered":"<p>La Serie del Caribe, los Juegos Caribe\u00f1os y los Juegos Bolivarianos se enmarcan dentro del programa de competencias en el &#8230;<\/p>\n","protected":false},"author":2,"featured_media":112229,"comment_status":"open","ping_status":"open","sticky":false,"template":"","format":"standard","meta":{"footnotes":""},"categories":[28],"tags":[],"class_list":["post-112228","post","type-post","status-publish","format-standard","has-post-thumbnail","hentry","category-deportes"],"yoast_head":"<!-- This site is optimized with the Yoast SEO plugin v24.8.1 - https:\/\/yoast.com\/wordpress\/plugins\/seo\/ -->\n<title>RD presenta un amplio calendario competitivo - PotenciaRadiofonicaDominicana.com<\/title>\n<meta name=\"robots\" content=\"index, follow, max-snippet:-1, max-image-preview:large, max-video-preview:-1\" \/>\n<link rel=\"canonical\" href=\"https:\/\/potenciaradiofonicadominicana.com\/portal\/rd-presenta-un-amplio-calendario-competitivo\/\" \/>\n<meta property=\"og:locale\" content=\"es_ES\" \/>\n<meta property=\"og:type\" content=\"article\" \/>\n<meta property=\"og:title\" content=\"RD presenta un amplio calendario competitivo - PotenciaRadiofonicaDominicana.com\" \/>\n<meta property=\"og:description\" content=\"La Serie del Caribe, los Juegos Caribe\u00f1os y los Juegos Bolivarianos se enmarcan dentro del programa de competencias en el ...\" \/>\n<meta property=\"og:url\" content=\"https:\/\/potenciaradiofonicadominicana.com\/portal\/rd-presenta-un-amplio-calendario-competitivo\/\" \/>\n<meta property=\"og:site_name\" content=\"PotenciaRadiofonicaDominicana.com\" \/>\n<meta property=\"article:publisher\" content=\"https:\/\/web.facebook.com\/PotenciaRadiofonicaD\" \/>\n<meta property=\"article:published_time\" content=\"2022-01-14T00:43:12+00:00\" \/>\n<meta property=\"og:image\" content=\"https:\/\/potenciaradiofonicadominicana.com\/portal\/wp-content\/uploads\/2022\/01\/2a51a566-marileidy-paulino-61df71982b20b-640x640.jpg\" \/>\n\t<meta property=\"og:image:width\" content=\"640\" \/>\n\t<meta property=\"og:image:height\" content=\"640\" \/>\n\t<meta property=\"og:image:type\" content=\"image\/jpeg\" \/>\n<meta name=\"author\" content=\"Potencia Radiof\u00f3nica Dominicana\" \/>\n<meta name=\"twitter:card\" content=\"summary_large_image\" \/>\n<meta name=\"twitter:label1\" content=\"Escrito por\" \/>\n\t<meta name=\"twitter:data1\" content=\"Potencia Radiof\u00f3nica Dominicana\" \/>\n\t<meta name=\"twitter:label2\" content=\"Tiempo de lectura\" \/>\n\t<meta name=\"twitter:data2\" content=\"3 minutos\" \/>\n<script type=\"application\/ld+json\" class=\"yoast-schema-graph\">{\"@context\":\"https:\/\/schema.org\",\"@graph\":[{\"@type\":\"Article\",\"@id\":\"https:\/\/potenciaradiofonicadominicana.com\/portal\/rd-presenta-un-amplio-calendario-competitivo\/#article\",\"isPartOf\":{\"@id\":\"https:\/\/potenciaradiofonicadominicana.com\/portal\/rd-presenta-un-amplio-calendario-competitivo\/\"},\"author\":{\"name\":\"Potencia Radiof\u00f3nica Dominicana\",\"@id\":\"https:\/\/potenciaradiofonicadominicana.com\/portal\/#\/schema\/person\/a5cf1fea13877803ee0573ac18b03490\"},\"headline\":\"RD presenta un amplio calendario competitivo\",\"datePublished\":\"2022-01-14T00:43:12+00:00\",\"mainEntityOfPage\":{\"@id\":\"https:\/\/potenciaradiofonicadominicana.com\/portal\/rd-presenta-un-amplio-calendario-competitivo\/\"},\"wordCount\":559,\"commentCount\":0,\"publisher\":{\"@id\":\"https:\/\/potenciaradiofonicadominicana.com\/portal\/#organization\"},\"image\":{\"@id\":\"https:\/\/potenciaradiofonicadominicana.com\/portal\/rd-presenta-un-amplio-calendario-competitivo\/#primaryimage\"},\"thumbnailUrl\":\"https:\/\/potenciaradiofonicadominicana.com\/portal\/wp-content\/uploads\/2022\/01\/2a51a566-marileidy-paulino-61df71982b20b-640x640.jpg\",\"articleSection\":[\"Deportes\"],\"inLanguage\":\"es\",\"potentialAction\":[{\"@type\":\"CommentAction\",\"name\":\"Comment\",\"target\":[\"https:\/\/potenciaradiofonicadominicana.com\/portal\/rd-presenta-un-amplio-calendario-competitivo\/#respond\"]}]},{\"@type\":\"WebPage\",\"@id\":\"https:\/\/potenciaradiofonicadominicana.com\/portal\/rd-presenta-un-amplio-calendario-competitivo\/\",\"url\":\"https:\/\/potenciaradiofonicadominicana.com\/portal\/rd-presenta-un-amplio-calendario-competitivo\/\",\"name\":\"RD presenta un amplio calendario competitivo - PotenciaRadiofonicaDominicana.com\",\"isPartOf\":{\"@id\":\"https:\/\/potenciaradiofonicadominicana.com\/portal\/#website\"},\"primaryImageOfPage\":{\"@id\":\"https:\/\/potenciaradiofonicadominicana.com\/portal\/rd-presenta-un-amplio-calendario-competitivo\/#primaryimage\"},\"image\":{\"@id\":\"https:\/\/potenciaradiofonicadominicana.com\/portal\/rd-presenta-un-amplio-calendario-competitivo\/#primaryimage\"},\"thumbnailUrl\":\"https:\/\/potenciaradiofonicadominicana.com\/portal\/wp-content\/uploads\/2022\/01\/2a51a566-marileidy-paulino-61df71982b20b-640x640.jpg\",\"datePublished\":\"2022-01-14T00:43:12+00:00\",\"breadcrumb\":{\"@id\":\"https:\/\/potenciaradiofonicadominicana.com\/portal\/rd-presenta-un-amplio-calendario-competitivo\/#breadcrumb\"},\"inLanguage\":\"es\",\"potentialAction\":[{\"@type\":\"ReadAction\",\"target\":[\"https:\/\/potenciaradiofonicadominicana.com\/portal\/rd-presenta-un-amplio-calendario-competitivo\/\"]}]},{\"@type\":\"ImageObject\",\"inLanguage\":\"es\",\"@id\":\"https:\/\/potenciaradiofonicadominicana.com\/portal\/rd-presenta-un-amplio-calendario-competitivo\/#primaryimage\",\"url\":\"https:\/\/potenciaradiofonicadominicana.com\/portal\/wp-content\/uploads\/2022\/01\/2a51a566-marileidy-paulino-61df71982b20b-640x640.jpg\",\"contentUrl\":\"https:\/\/potenciaradiofonicadominicana.com\/portal\/wp-content\/uploads\/2022\/01\/2a51a566-marileidy-paulino-61df71982b20b-640x640.jpg\",\"width\":640,\"height\":640},{\"@type\":\"BreadcrumbList\",\"@id\":\"https:\/\/potenciaradiofonicadominicana.com\/portal\/rd-presenta-un-amplio-calendario-competitivo\/#breadcrumb\",\"itemListElement\":[{\"@type\":\"ListItem\",\"position\":1,\"name\":\"Portada\",\"item\":\"https:\/\/potenciaradiofonicadominicana.com\/portal\/\"},{\"@type\":\"ListItem\",\"position\":2,\"name\":\"RD presenta un amplio calendario competitivo\"}]},{\"@type\":\"WebSite\",\"@id\":\"https:\/\/potenciaradiofonicadominicana.com\/portal\/#website\",\"url\":\"https:\/\/potenciaradiofonicadominicana.com\/portal\/\",\"name\":\"PotenciaRadiofonicaDominicana.com\",\"description\":\"Peri\u00f3dico Digital\",\"publisher\":{\"@id\":\"https:\/\/potenciaradiofonicadominicana.com\/portal\/#organization\"},\"potentialAction\":[{\"@type\":\"SearchAction\",\"target\":{\"@type\":\"EntryPoint\",\"urlTemplate\":\"https:\/\/potenciaradiofonicadominicana.com\/portal\/?s={search_term_string}\"},\"query-input\":{\"@type\":\"PropertyValueSpecification\",\"valueRequired\":true,\"valueName\":\"search_term_string\"}}],\"inLanguage\":\"es\"},{\"@type\":\"Organization\",\"@id\":\"https:\/\/potenciaradiofonicadominicana.com\/portal\/#organization\",\"name\":\"PotenciaRadiofonicaDominicana.com\",\"url\":\"https:\/\/potenciaradiofonicadominicana.com\/portal\/\",\"logo\":{\"@type\":\"ImageObject\",\"inLanguage\":\"es\",\"@id\":\"https:\/\/potenciaradiofonicadominicana.com\/portal\/#\/schema\/logo\/image\/\",\"url\":\"https:\/\/potenciaradiofonicadominicana.com\/portal\/wp-content\/uploads\/2022\/01\/descarga.png\",\"contentUrl\":\"https:\/\/potenciaradiofonicadominicana.com\/portal\/wp-content\/uploads\/2022\/01\/descarga.png\",\"width\":300,\"height\":100,\"caption\":\"PotenciaRadiofonicaDominicana.com\"},\"image\":{\"@id\":\"https:\/\/potenciaradiofonicadominicana.com\/portal\/#\/schema\/logo\/image\/\"},\"sameAs\":[\"https:\/\/web.facebook.com\/PotenciaRadiofonicaD\"]},{\"@type\":\"Person\",\"@id\":\"https:\/\/potenciaradiofonicadominicana.com\/portal\/#\/schema\/person\/a5cf1fea13877803ee0573ac18b03490\",\"name\":\"Potencia Radiof\u00f3nica Dominicana\",\"image\":{\"@type\":\"ImageObject\",\"inLanguage\":\"es\",\"@id\":\"https:\/\/potenciaradiofonicadominicana.com\/portal\/#\/schema\/person\/image\/\",\"url\":\"https:\/\/secure.gravatar.com\/avatar\/42a55ab9e8ccc656ba34cd791990602a?s=96&d=mm&r=g\",\"contentUrl\":\"https:\/\/secure.gravatar.com\/avatar\/42a55ab9e8ccc656ba34cd791990602a?s=96&d=mm&r=g\",\"caption\":\"Potencia Radiof\u00f3nica Dominicana\"},\"url\":\"https:\/\/potenciaradiofonicadominicana.com\/portal\/author\/johannyalmanzar\/\"}]}<\/script>\n<!-- \/ Yoast SEO plugin. -->","yoast_head_json":{"title":"RD presenta un amplio calendario competitivo - PotenciaRadiofonicaDominicana.com","robots":{"index":"index","follow":"follow","max-snippet":"max-snippet:-1","max-image-preview":"max-image-preview:large","max-video-preview":"max-video-preview:-1"},"canonical":"https:\/\/potenciaradiofonicadominicana.com\/portal\/rd-presenta-un-amplio-calendario-competitivo\/","og_locale":"es_ES","og_type":"article","og_title":"RD presenta un amplio calendario competitivo - PotenciaRadiofonicaDominicana.com","og_description":"La Serie del Caribe, los Juegos Caribe\u00f1os y los Juegos Bolivarianos se enmarcan dentro del programa de competencias en el ...","og_url":"https:\/\/potenciaradiofonicadominicana.com\/portal\/rd-presenta-un-amplio-calendario-competitivo\/","og_site_name":"PotenciaRadiofonicaDominicana.com","article_publisher":"https:\/\/web.facebook.com\/PotenciaRadiofonicaD","article_published_time":"2022-01-14T00:43:12+00:00","og_image":[{"width":640,"height":640,"url":"https:\/\/potenciaradiofonicadominicana.com\/portal\/wp-content\/uploads\/2022\/01\/2a51a566-marileidy-paulino-61df71982b20b-640x640.jpg","type":"image\/jpeg"}],"author":"Potencia Radiof\u00f3nica Dominicana","twitter_card":"summary_large_image","twitter_misc":{"Escrito por":"Potencia Radiof\u00f3nica Dominicana","Tiempo de lectura":"3 minutos"},"schema":{"@context":"https:\/\/schema.org","@graph":[{"@type":"Article","@id":"https:\/\/potenciaradiofonicadominicana.com\/portal\/rd-presenta-un-amplio-calendario-competitivo\/#article","isPartOf":{"@id":"https:\/\/potenciaradiofonicadominicana.com\/portal\/rd-presenta-un-amplio-calendario-competitivo\/"},"author":{"name":"Potencia Radiof\u00f3nica Dominicana","@id":"https:\/\/potenciaradiofonicadominicana.com\/portal\/#\/schema\/person\/a5cf1fea13877803ee0573ac18b03490"},"headline":"RD presenta un amplio calendario competitivo","datePublished":"2022-01-14T00:43:12+00:00","mainEntityOfPage":{"@id":"https:\/\/potenciaradiofonicadominicana.com\/portal\/rd-presenta-un-amplio-calendario-competitivo\/"},"wordCount":559,"commentCount":0,"publisher":{"@id":"https:\/\/potenciaradiofonicadominicana.com\/portal\/#organization"},"image":{"@id":"https:\/\/potenciaradiofonicadominicana.com\/portal\/rd-presenta-un-amplio-calendario-competitivo\/#primaryimage"},"thumbnailUrl":"https:\/\/potenciaradiofonicadominicana.com\/portal\/wp-content\/uploads\/2022\/01\/2a51a566-marileidy-paulino-61df71982b20b-640x640.jpg","articleSection":["Deportes"],"inLanguage":"es","potentialAction":[{"@type":"CommentAction","name":"Comment","target":["https:\/\/potenciaradiofonicadominicana.com\/portal\/rd-presenta-un-amplio-calendario-competitivo\/#respond"]}]},{"@type":"WebPage","@id":"https:\/\/potenciaradiofonicadominicana.com\/portal\/rd-presenta-un-amplio-calendario-competitivo\/","url":"https:\/\/potenciaradiofonicadominicana.com\/portal\/rd-presenta-un-amplio-calendario-competitivo\/","name":"RD presenta un amplio calendario competitivo - PotenciaRadiofonicaDominicana.com","isPartOf":{"@id":"https:\/\/potenciaradiofonicadominicana.com\/portal\/#website"},"primaryImageOfPage":{"@id":"https:\/\/potenciaradiofonicadominicana.com\/portal\/rd-presenta-un-amplio-calendario-competitivo\/#primaryimage"},"image":{"@id":"https:\/\/potenciaradiofonicadominicana.com\/portal\/rd-presenta-un-amplio-calendario-competitivo\/#primaryimage"},"thumbnailUrl":"https:\/\/potenciaradiofonicadominicana.com\/portal\/wp-content\/uploads\/2022\/01\/2a51a566-marileidy-paulino-61df71982b20b-640x640.jpg","datePublished":"2022-01-14T00:43:12+00:00","breadcrumb":{"@id":"https:\/\/potenciaradiofonicadominicana.com\/portal\/rd-presenta-un-amplio-calendario-competitivo\/#breadcrumb"},"inLanguage":"es","potentialAction":[{"@type":"ReadAction","target":["https:\/\/potenciaradiofonicadominicana.com\/portal\/rd-presenta-un-amplio-calendario-competitivo\/"]}]},{"@type":"ImageObject","inLanguage":"es","@id":"https:\/\/potenciaradiofonicadominicana.com\/portal\/rd-presenta-un-amplio-calendario-competitivo\/#primaryimage","url":"https:\/\/potenciaradiofonicadominicana.com\/portal\/wp-content\/uploads\/2022\/01\/2a51a566-marileidy-paulino-61df71982b20b-640x640.jpg","contentUrl":"https:\/\/potenciaradiofonicadominicana.com\/portal\/wp-content\/uploads\/2022\/01\/2a51a566-marileidy-paulino-61df71982b20b-640x640.jpg","width":640,"height":640},{"@type":"BreadcrumbList","@id":"https:\/\/potenciaradiofonicadominicana.com\/portal\/rd-presenta-un-amplio-calendario-competitivo\/#breadcrumb","itemListElement":[{"@type":"ListItem","position":1,"name":"Portada","item":"https:\/\/potenciaradiofonicadominicana.com\/portal\/"},{"@type":"ListItem","position":2,"name":"RD presenta un amplio calendario competitivo"}]},{"@type":"WebSite","@id":"https:\/\/potenciaradiofonicadominicana.com\/portal\/#website","url":"https:\/\/potenciaradiofonicadominicana.com\/portal\/","name":"PotenciaRadiofonicaDominicana.com","description":"Peri\u00f3dico Digital","publisher":{"@id":"https:\/\/potenciaradiofonicadominicana.com\/portal\/#organization"},"potentialAction":[{"@type":"SearchAction","target":{"@type":"EntryPoint","urlTemplate":"https:\/\/potenciaradiofonicadominicana.com\/portal\/?s={search_term_string}"},"query-input":{"@type":"PropertyValueSpecification","valueRequired":true,"valueName":"search_term_string"}}],"inLanguage":"es"},{"@type":"Organization","@id":"https:\/\/potenciaradiofonicadominicana.com\/portal\/#organization","name":"PotenciaRadiofonicaDominicana.com","url":"https:\/\/potenciaradiofonicadominicana.com\/portal\/","logo":{"@type":"ImageObject","inLanguage":"es","@id":"https:\/\/potenciaradiofonicadominicana.com\/portal\/#\/schema\/logo\/image\/","url":"https:\/\/potenciaradiofonicadominicana.com\/portal\/wp-content\/uploads\/2022\/01\/descarga.png","contentUrl":"https:\/\/potenciaradiofonicadominicana.com\/portal\/wp-content\/uploads\/2022\/01\/descarga.png","width":300,"height":100,"caption":"PotenciaRadiofonicaDominicana.com"},"image":{"@id":"https:\/\/potenciaradiofonicadominicana.com\/portal\/#\/schema\/logo\/image\/"},"sameAs":["https:\/\/web.facebook.com\/PotenciaRadiofonicaD"]},{"@type":"Person","@id":"https:\/\/potenciaradiofonicadominicana.com\/portal\/#\/schema\/person\/a5cf1fea13877803ee0573ac18b03490","name":"Potencia Radiof\u00f3nica Dominicana","image":{"@type":"ImageObject","inLanguage":"es","@id":"https:\/\/potenciaradiofonicadominicana.com\/portal\/#\/schema\/person\/image\/","url":"https:\/\/secure.gravatar.com\/avatar\/42a55ab9e8ccc656ba34cd791990602a?s=96&d=mm&r=g","contentUrl":"https:\/\/secure.gravatar.com\/avatar\/42a55ab9e8ccc656ba34cd791990602a?s=96&d=mm&r=g","caption":"Potencia Radiof\u00f3nica Dominicana"},"url":"https:\/\/potenciaradiofonicadominicana.com\/portal\/author\/johannyalmanzar\/"}]}},"_links":{"self":[{"href":"https:\/\/potenciaradiofonicadominicana.com\/portal\/wp-json\/wp\/v2\/posts\/112228","targetHints":{"allow":["GET"]}}],"collection":[{"href":"https:\/\/potenciaradiofonicadominicana.com\/portal\/wp-json\/wp\/v2\/posts"}],"about":[{"href":"https:\/\/potenciaradiofonicadominicana.com\/portal\/wp-json\/wp\/v2\/types\/post"}],"author":[{"embeddable":true,"href":"https:\/\/potenciaradiofonicadominicana.com\/portal\/wp-json\/wp\/v2\/users\/2"}],"replies":[{"embeddable":true,"href":"https:\/\/potenciaradiofonicadominicana.com\/portal\/wp-json\/wp\/v2\/comments?post=112228"}],"version-history":[{"count":1,"href":"https:\/\/potenciaradiofonicadominicana.com\/portal\/wp-json\/wp\/v2\/posts\/112228\/revisions"}],"predecessor-version":[{"id":112230,"href":"https:\/\/potenciaradiofonicadominicana.com\/portal\/wp-json\/wp\/v2\/posts\/112228\/revisions\/112230"}],"wp:featuredmedia":[{"embeddable":true,"href":"https:\/\/potenciaradiofonicadominicana.com\/portal\/wp-json\/wp\/v2\/media\/112229"}],"wp:attachment":[{"href":"https:\/\/potenciaradiofonicadominicana.com\/portal\/wp-json\/wp\/v2\/media?parent=112228"}],"wp:term":[{"taxonomy":"category","embeddable":true,"href":"https:\/\/potenciaradiofonicadominicana.com\/portal\/wp-json\/wp\/v2\/categories?post=112228"},{"taxonomy":"post_tag","embeddable":true,"href":"https:\/\/potenciaradiofonicadominicana.com\/portal\/wp-json\/wp\/v2\/tags?post=112228"}],"curies":[{"name":"wp","href":"https:\/\/api.w.org\/{rel}","templated":true}]}}