{"id":112208,"date":"2022-01-13T14:37:08","date_gmt":"2022-01-13T18:37:08","guid":{"rendered":"https:\/\/potenciaradiofonicadominicana.com\/portal\/?p=112208"},"modified":"2022-01-13T14:37:08","modified_gmt":"2022-01-13T18:37:08","slug":"melina-leon-actuara-en-festival-del-parque-epcot-de-disney","status":"publish","type":"post","link":"https:\/\/potenciaradiofonicadominicana.com\/portal\/melina-leon-actuara-en-festival-del-parque-epcot-de-disney\/","title":{"rendered":"Melina Le\u00f3n actuar\u00e1 en festival del parque Epcot de Disney"},"content":{"rendered":"<p><a href=\"https:\/\/potenciaradiofonicadominicana.com\/portal\/wp-content\/uploads\/2022\/01\/melina-leon-a5641ef6-focus-0-0-895-573.jpg\"><img loading=\"lazy\" decoding=\"async\" class=\"alignnone size-full wp-image-112209\" src=\"https:\/\/potenciaradiofonicadominicana.com\/portal\/wp-content\/uploads\/2022\/01\/melina-leon-a5641ef6-focus-0-0-895-573.jpg\" alt=\"\" width=\"895\" height=\"573\" srcset=\"https:\/\/potenciaradiofonicadominicana.com\/portal\/wp-content\/uploads\/2022\/01\/melina-leon-a5641ef6-focus-0-0-895-573.jpg 895w, https:\/\/potenciaradiofonicadominicana.com\/portal\/wp-content\/uploads\/2022\/01\/melina-leon-a5641ef6-focus-0-0-895-573-300x192.jpg 300w, https:\/\/potenciaradiofonicadominicana.com\/portal\/wp-content\/uploads\/2022\/01\/melina-leon-a5641ef6-focus-0-0-895-573-768x492.jpg 768w\" sizes=\"auto, (max-width: 895px) 100vw, 895px\" \/><\/a><\/p>\n<p>La cantante puertorrique\u00f1a\u00a0Melina Le\u00f3n\u00a0estar\u00e1 entre las figuras internacionales que actuar\u00e1n en el Epcot International Flower &amp; Garden Festival, que entre marzo y junio ofrecer\u00e1 en Orlando (EE.UU.) una serie de\u00a0conciertos\u00a0a cargo de artistas reconocidos, inform\u00f3 este mi\u00e9rcoles\u00a0Walt Disney World.<\/p>\n<p>La int\u00e9rprete de temas como \u00abMujeres Liberadas\u00bb y \u00abMe Voy de Fiesta\u00bb subir\u00e1 al escenario del American Gardens Theater, en el citado parque tem\u00e1tico de Disney ubicado en el centro de Florida, los d\u00edas 11 y 12 de marzo pr\u00f3ximos, en el que ser\u00e1 su debut en este festival.<\/p>\n<p>Entre los artistas que se presentar\u00e1n en los\u00a0conciertos\u00a0del Garden Rocks, que forman parte del festival que se celebra durante los meses de primavera, figura tambi\u00e9n la cantante brasilera Claudia Leitte, quien igualmente debutar\u00e1 en este evento.<\/p>\n<p>Adem\u00e1s de m\u00fasicos y bandas locales, la lista de artistas que ser\u00e1n parte de la programaci\u00f3n incluye a solistas y grupos como Kool &amp; The Gang, The Guess Who, Simple Plan, Rick Springfield, The Pointer Sisters, Berlin y A Flock Of Seagulls.<\/p>\n<p>Durante los meses que dura el festival, el parque tem\u00e1tico Epcot estar\u00e1 cubierto con flores y topiarios de personajes ic\u00f3nicos de Disney como Mickey Mouse, Minnie Mouse, y se han programado varias actividades, seg\u00fan\u00a0Walt Disney World.<\/p>\n<p>Este a\u00f1o, el festival se enmarca dentro de las celebraciones por el 50 aniversario de\u00a0Walt Disney World, que empezaron en octubre de 2021 y se extienden a lo largo de 18 meses tambi\u00e9n en los parque tem\u00e1ticos Magic Kingdom, Disney&#8217;s Hollywood Studios y Disney&#8217;s Animal Kingdom, todos ubicados en Florida.<\/p>\n<p>Con motivo de estas bodas de oro, el parque Epcot, inaugurado en 1982, fue objeto de un remodelaci\u00f3n para hacerlo \u00abm\u00e1s Disney, atemporal, relevante y familiar\u00bb, como dijo el a\u00f1o pasado Bob Chapek, el m\u00e1ximo ejecutivo de Disney<\/p>\n","protected":false},"excerpt":{"rendered":"<p>La cantante puertorrique\u00f1a\u00a0Melina Le\u00f3n\u00a0estar\u00e1 entre las figuras internacionales que actuar\u00e1n en el Epcot International Flower &amp; Garden Festival, que entre &#8230;<\/p>\n","protected":false},"author":2,"featured_media":112209,"comment_status":"open","ping_status":"open","sticky":false,"template":"","format":"standard","meta":{"footnotes":""},"categories":[31],"tags":[],"class_list":["post-112208","post","type-post","status-publish","format-standard","has-post-thumbnail","hentry","category-arte-y-espectaculo"],"yoast_head":"<!-- This site is optimized with the Yoast SEO plugin v24.8.1 - https:\/\/yoast.com\/wordpress\/plugins\/seo\/ -->\n<title>Melina Le\u00f3n actuar\u00e1 en festival del parque Epcot de Disney - PotenciaRadiofonicaDominicana.com<\/title>\n<meta name=\"robots\" content=\"index, follow, max-snippet:-1, max-image-preview:large, max-video-preview:-1\" \/>\n<link rel=\"canonical\" href=\"https:\/\/potenciaradiofonicadominicana.com\/portal\/melina-leon-actuara-en-festival-del-parque-epcot-de-disney\/\" \/>\n<meta property=\"og:locale\" content=\"es_ES\" \/>\n<meta property=\"og:type\" content=\"article\" \/>\n<meta property=\"og:title\" content=\"Melina Le\u00f3n actuar\u00e1 en festival del parque Epcot de Disney - PotenciaRadiofonicaDominicana.com\" \/>\n<meta property=\"og:description\" content=\"La cantante puertorrique\u00f1a\u00a0Melina Le\u00f3n\u00a0estar\u00e1 entre las figuras internacionales que actuar\u00e1n en el Epcot International Flower &amp; Garden Festival, que entre ...\" \/>\n<meta property=\"og:url\" content=\"https:\/\/potenciaradiofonicadominicana.com\/portal\/melina-leon-actuara-en-festival-del-parque-epcot-de-disney\/\" \/>\n<meta property=\"og:site_name\" content=\"PotenciaRadiofonicaDominicana.com\" \/>\n<meta property=\"article:publisher\" content=\"https:\/\/web.facebook.com\/PotenciaRadiofonicaD\" \/>\n<meta property=\"article:published_time\" content=\"2022-01-13T18:37:08+00:00\" \/>\n<meta property=\"og:image\" content=\"https:\/\/potenciaradiofonicadominicana.com\/portal\/wp-content\/uploads\/2022\/01\/melina-leon-a5641ef6-focus-0-0-895-573.jpg\" \/>\n\t<meta property=\"og:image:width\" content=\"895\" \/>\n\t<meta property=\"og:image:height\" content=\"573\" \/>\n\t<meta property=\"og:image:type\" content=\"image\/jpeg\" \/>\n<meta name=\"author\" content=\"Potencia Radiof\u00f3nica Dominicana\" \/>\n<meta name=\"twitter:card\" content=\"summary_large_image\" \/>\n<meta name=\"twitter:label1\" content=\"Escrito por\" \/>\n\t<meta name=\"twitter:data1\" content=\"Potencia Radiof\u00f3nica Dominicana\" \/>\n\t<meta name=\"twitter:label2\" content=\"Tiempo de lectura\" \/>\n\t<meta name=\"twitter:data2\" content=\"2 minutos\" \/>\n<script type=\"application\/ld+json\" class=\"yoast-schema-graph\">{\"@context\":\"https:\/\/schema.org\",\"@graph\":[{\"@type\":\"Article\",\"@id\":\"https:\/\/potenciaradiofonicadominicana.com\/portal\/melina-leon-actuara-en-festival-del-parque-epcot-de-disney\/#article\",\"isPartOf\":{\"@id\":\"https:\/\/potenciaradiofonicadominicana.com\/portal\/melina-leon-actuara-en-festival-del-parque-epcot-de-disney\/\"},\"author\":{\"name\":\"Potencia Radiof\u00f3nica Dominicana\",\"@id\":\"https:\/\/potenciaradiofonicadominicana.com\/portal\/#\/schema\/person\/a5cf1fea13877803ee0573ac18b03490\"},\"headline\":\"Melina Le\u00f3n actuar\u00e1 en festival del parque Epcot de Disney\",\"datePublished\":\"2022-01-13T18:37:08+00:00\",\"mainEntityOfPage\":{\"@id\":\"https:\/\/potenciaradiofonicadominicana.com\/portal\/melina-leon-actuara-en-festival-del-parque-epcot-de-disney\/\"},\"wordCount\":329,\"commentCount\":0,\"publisher\":{\"@id\":\"https:\/\/potenciaradiofonicadominicana.com\/portal\/#organization\"},\"image\":{\"@id\":\"https:\/\/potenciaradiofonicadominicana.com\/portal\/melina-leon-actuara-en-festival-del-parque-epcot-de-disney\/#primaryimage\"},\"thumbnailUrl\":\"https:\/\/potenciaradiofonicadominicana.com\/portal\/wp-content\/uploads\/2022\/01\/melina-leon-a5641ef6-focus-0-0-895-573.jpg\",\"articleSection\":[\"Arte y Espectaculo\"],\"inLanguage\":\"es\",\"potentialAction\":[{\"@type\":\"CommentAction\",\"name\":\"Comment\",\"target\":[\"https:\/\/potenciaradiofonicadominicana.com\/portal\/melina-leon-actuara-en-festival-del-parque-epcot-de-disney\/#respond\"]}]},{\"@type\":\"WebPage\",\"@id\":\"https:\/\/potenciaradiofonicadominicana.com\/portal\/melina-leon-actuara-en-festival-del-parque-epcot-de-disney\/\",\"url\":\"https:\/\/potenciaradiofonicadominicana.com\/portal\/melina-leon-actuara-en-festival-del-parque-epcot-de-disney\/\",\"name\":\"Melina Le\u00f3n actuar\u00e1 en festival del parque Epcot de Disney - PotenciaRadiofonicaDominicana.com\",\"isPartOf\":{\"@id\":\"https:\/\/potenciaradiofonicadominicana.com\/portal\/#website\"},\"primaryImageOfPage\":{\"@id\":\"https:\/\/potenciaradiofonicadominicana.com\/portal\/melina-leon-actuara-en-festival-del-parque-epcot-de-disney\/#primaryimage\"},\"image\":{\"@id\":\"https:\/\/potenciaradiofonicadominicana.com\/portal\/melina-leon-actuara-en-festival-del-parque-epcot-de-disney\/#primaryimage\"},\"thumbnailUrl\":\"https:\/\/potenciaradiofonicadominicana.com\/portal\/wp-content\/uploads\/2022\/01\/melina-leon-a5641ef6-focus-0-0-895-573.jpg\",\"datePublished\":\"2022-01-13T18:37:08+00:00\",\"breadcrumb\":{\"@id\":\"https:\/\/potenciaradiofonicadominicana.com\/portal\/melina-leon-actuara-en-festival-del-parque-epcot-de-disney\/#breadcrumb\"},\"inLanguage\":\"es\",\"potentialAction\":[{\"@type\":\"ReadAction\",\"target\":[\"https:\/\/potenciaradiofonicadominicana.com\/portal\/melina-leon-actuara-en-festival-del-parque-epcot-de-disney\/\"]}]},{\"@type\":\"ImageObject\",\"inLanguage\":\"es\",\"@id\":\"https:\/\/potenciaradiofonicadominicana.com\/portal\/melina-leon-actuara-en-festival-del-parque-epcot-de-disney\/#primaryimage\",\"url\":\"https:\/\/potenciaradiofonicadominicana.com\/portal\/wp-content\/uploads\/2022\/01\/melina-leon-a5641ef6-focus-0-0-895-573.jpg\",\"contentUrl\":\"https:\/\/potenciaradiofonicadominicana.com\/portal\/wp-content\/uploads\/2022\/01\/melina-leon-a5641ef6-focus-0-0-895-573.jpg\",\"width\":895,\"height\":573},{\"@type\":\"BreadcrumbList\",\"@id\":\"https:\/\/potenciaradiofonicadominicana.com\/portal\/melina-leon-actuara-en-festival-del-parque-epcot-de-disney\/#breadcrumb\",\"itemListElement\":[{\"@type\":\"ListItem\",\"position\":1,\"name\":\"Portada\",\"item\":\"https:\/\/potenciaradiofonicadominicana.com\/portal\/\"},{\"@type\":\"ListItem\",\"position\":2,\"name\":\"Melina Le\u00f3n actuar\u00e1 en festival del parque Epcot de Disney\"}]},{\"@type\":\"WebSite\",\"@id\":\"https:\/\/potenciaradiofonicadominicana.com\/portal\/#website\",\"url\":\"https:\/\/potenciaradiofonicadominicana.com\/portal\/\",\"name\":\"PotenciaRadiofonicaDominicana.com\",\"description\":\"Peri\u00f3dico Digital\",\"publisher\":{\"@id\":\"https:\/\/potenciaradiofonicadominicana.com\/portal\/#organization\"},\"potentialAction\":[{\"@type\":\"SearchAction\",\"target\":{\"@type\":\"EntryPoint\",\"urlTemplate\":\"https:\/\/potenciaradiofonicadominicana.com\/portal\/?s={search_term_string}\"},\"query-input\":{\"@type\":\"PropertyValueSpecification\",\"valueRequired\":true,\"valueName\":\"search_term_string\"}}],\"inLanguage\":\"es\"},{\"@type\":\"Organization\",\"@id\":\"https:\/\/potenciaradiofonicadominicana.com\/portal\/#organization\",\"name\":\"PotenciaRadiofonicaDominicana.com\",\"url\":\"https:\/\/potenciaradiofonicadominicana.com\/portal\/\",\"logo\":{\"@type\":\"ImageObject\",\"inLanguage\":\"es\",\"@id\":\"https:\/\/potenciaradiofonicadominicana.com\/portal\/#\/schema\/logo\/image\/\",\"url\":\"https:\/\/potenciaradiofonicadominicana.com\/portal\/wp-content\/uploads\/2022\/01\/descarga.png\",\"contentUrl\":\"https:\/\/potenciaradiofonicadominicana.com\/portal\/wp-content\/uploads\/2022\/01\/descarga.png\",\"width\":300,\"height\":100,\"caption\":\"PotenciaRadiofonicaDominicana.com\"},\"image\":{\"@id\":\"https:\/\/potenciaradiofonicadominicana.com\/portal\/#\/schema\/logo\/image\/\"},\"sameAs\":[\"https:\/\/web.facebook.com\/PotenciaRadiofonicaD\"]},{\"@type\":\"Person\",\"@id\":\"https:\/\/potenciaradiofonicadominicana.com\/portal\/#\/schema\/person\/a5cf1fea13877803ee0573ac18b03490\",\"name\":\"Potencia Radiof\u00f3nica Dominicana\",\"image\":{\"@type\":\"ImageObject\",\"inLanguage\":\"es\",\"@id\":\"https:\/\/potenciaradiofonicadominicana.com\/portal\/#\/schema\/person\/image\/\",\"url\":\"https:\/\/secure.gravatar.com\/avatar\/42a55ab9e8ccc656ba34cd791990602a?s=96&d=mm&r=g\",\"contentUrl\":\"https:\/\/secure.gravatar.com\/avatar\/42a55ab9e8ccc656ba34cd791990602a?s=96&d=mm&r=g\",\"caption\":\"Potencia Radiof\u00f3nica Dominicana\"},\"url\":\"https:\/\/potenciaradiofonicadominicana.com\/portal\/author\/johannyalmanzar\/\"}]}<\/script>\n<!-- \/ Yoast SEO plugin. -->","yoast_head_json":{"title":"Melina Le\u00f3n actuar\u00e1 en festival del parque Epcot de Disney - PotenciaRadiofonicaDominicana.com","robots":{"index":"index","follow":"follow","max-snippet":"max-snippet:-1","max-image-preview":"max-image-preview:large","max-video-preview":"max-video-preview:-1"},"canonical":"https:\/\/potenciaradiofonicadominicana.com\/portal\/melina-leon-actuara-en-festival-del-parque-epcot-de-disney\/","og_locale":"es_ES","og_type":"article","og_title":"Melina Le\u00f3n actuar\u00e1 en festival del parque Epcot de Disney - PotenciaRadiofonicaDominicana.com","og_description":"La cantante puertorrique\u00f1a\u00a0Melina Le\u00f3n\u00a0estar\u00e1 entre las figuras internacionales que actuar\u00e1n en el Epcot International Flower &amp; Garden Festival, que entre ...","og_url":"https:\/\/potenciaradiofonicadominicana.com\/portal\/melina-leon-actuara-en-festival-del-parque-epcot-de-disney\/","og_site_name":"PotenciaRadiofonicaDominicana.com","article_publisher":"https:\/\/web.facebook.com\/PotenciaRadiofonicaD","article_published_time":"2022-01-13T18:37:08+00:00","og_image":[{"width":895,"height":573,"url":"https:\/\/potenciaradiofonicadominicana.com\/portal\/wp-content\/uploads\/2022\/01\/melina-leon-a5641ef6-focus-0-0-895-573.jpg","type":"image\/jpeg"}],"author":"Potencia Radiof\u00f3nica Dominicana","twitter_card":"summary_large_image","twitter_misc":{"Escrito por":"Potencia Radiof\u00f3nica Dominicana","Tiempo de lectura":"2 minutos"},"schema":{"@context":"https:\/\/schema.org","@graph":[{"@type":"Article","@id":"https:\/\/potenciaradiofonicadominicana.com\/portal\/melina-leon-actuara-en-festival-del-parque-epcot-de-disney\/#article","isPartOf":{"@id":"https:\/\/potenciaradiofonicadominicana.com\/portal\/melina-leon-actuara-en-festival-del-parque-epcot-de-disney\/"},"author":{"name":"Potencia Radiof\u00f3nica Dominicana","@id":"https:\/\/potenciaradiofonicadominicana.com\/portal\/#\/schema\/person\/a5cf1fea13877803ee0573ac18b03490"},"headline":"Melina Le\u00f3n actuar\u00e1 en festival del parque Epcot de Disney","datePublished":"2022-01-13T18:37:08+00:00","mainEntityOfPage":{"@id":"https:\/\/potenciaradiofonicadominicana.com\/portal\/melina-leon-actuara-en-festival-del-parque-epcot-de-disney\/"},"wordCount":329,"commentCount":0,"publisher":{"@id":"https:\/\/potenciaradiofonicadominicana.com\/portal\/#organization"},"image":{"@id":"https:\/\/potenciaradiofonicadominicana.com\/portal\/melina-leon-actuara-en-festival-del-parque-epcot-de-disney\/#primaryimage"},"thumbnailUrl":"https:\/\/potenciaradiofonicadominicana.com\/portal\/wp-content\/uploads\/2022\/01\/melina-leon-a5641ef6-focus-0-0-895-573.jpg","articleSection":["Arte y Espectaculo"],"inLanguage":"es","potentialAction":[{"@type":"CommentAction","name":"Comment","target":["https:\/\/potenciaradiofonicadominicana.com\/portal\/melina-leon-actuara-en-festival-del-parque-epcot-de-disney\/#respond"]}]},{"@type":"WebPage","@id":"https:\/\/potenciaradiofonicadominicana.com\/portal\/melina-leon-actuara-en-festival-del-parque-epcot-de-disney\/","url":"https:\/\/potenciaradiofonicadominicana.com\/portal\/melina-leon-actuara-en-festival-del-parque-epcot-de-disney\/","name":"Melina Le\u00f3n actuar\u00e1 en festival del parque Epcot de Disney - PotenciaRadiofonicaDominicana.com","isPartOf":{"@id":"https:\/\/potenciaradiofonicadominicana.com\/portal\/#website"},"primaryImageOfPage":{"@id":"https:\/\/potenciaradiofonicadominicana.com\/portal\/melina-leon-actuara-en-festival-del-parque-epcot-de-disney\/#primaryimage"},"image":{"@id":"https:\/\/potenciaradiofonicadominicana.com\/portal\/melina-leon-actuara-en-festival-del-parque-epcot-de-disney\/#primaryimage"},"thumbnailUrl":"https:\/\/potenciaradiofonicadominicana.com\/portal\/wp-content\/uploads\/2022\/01\/melina-leon-a5641ef6-focus-0-0-895-573.jpg","datePublished":"2022-01-13T18:37:08+00:00","breadcrumb":{"@id":"https:\/\/potenciaradiofonicadominicana.com\/portal\/melina-leon-actuara-en-festival-del-parque-epcot-de-disney\/#breadcrumb"},"inLanguage":"es","potentialAction":[{"@type":"ReadAction","target":["https:\/\/potenciaradiofonicadominicana.com\/portal\/melina-leon-actuara-en-festival-del-parque-epcot-de-disney\/"]}]},{"@type":"ImageObject","inLanguage":"es","@id":"https:\/\/potenciaradiofonicadominicana.com\/portal\/melina-leon-actuara-en-festival-del-parque-epcot-de-disney\/#primaryimage","url":"https:\/\/potenciaradiofonicadominicana.com\/portal\/wp-content\/uploads\/2022\/01\/melina-leon-a5641ef6-focus-0-0-895-573.jpg","contentUrl":"https:\/\/potenciaradiofonicadominicana.com\/portal\/wp-content\/uploads\/2022\/01\/melina-leon-a5641ef6-focus-0-0-895-573.jpg","width":895,"height":573},{"@type":"BreadcrumbList","@id":"https:\/\/potenciaradiofonicadominicana.com\/portal\/melina-leon-actuara-en-festival-del-parque-epcot-de-disney\/#breadcrumb","itemListElement":[{"@type":"ListItem","position":1,"name":"Portada","item":"https:\/\/potenciaradiofonicadominicana.com\/portal\/"},{"@type":"ListItem","position":2,"name":"Melina Le\u00f3n actuar\u00e1 en festival del parque Epcot de Disney"}]},{"@type":"WebSite","@id":"https:\/\/potenciaradiofonicadominicana.com\/portal\/#website","url":"https:\/\/potenciaradiofonicadominicana.com\/portal\/","name":"PotenciaRadiofonicaDominicana.com","description":"Peri\u00f3dico Digital","publisher":{"@id":"https:\/\/potenciaradiofonicadominicana.com\/portal\/#organization"},"potentialAction":[{"@type":"SearchAction","target":{"@type":"EntryPoint","urlTemplate":"https:\/\/potenciaradiofonicadominicana.com\/portal\/?s={search_term_string}"},"query-input":{"@type":"PropertyValueSpecification","valueRequired":true,"valueName":"search_term_string"}}],"inLanguage":"es"},{"@type":"Organization","@id":"https:\/\/potenciaradiofonicadominicana.com\/portal\/#organization","name":"PotenciaRadiofonicaDominicana.com","url":"https:\/\/potenciaradiofonicadominicana.com\/portal\/","logo":{"@type":"ImageObject","inLanguage":"es","@id":"https:\/\/potenciaradiofonicadominicana.com\/portal\/#\/schema\/logo\/image\/","url":"https:\/\/potenciaradiofonicadominicana.com\/portal\/wp-content\/uploads\/2022\/01\/descarga.png","contentUrl":"https:\/\/potenciaradiofonicadominicana.com\/portal\/wp-content\/uploads\/2022\/01\/descarga.png","width":300,"height":100,"caption":"PotenciaRadiofonicaDominicana.com"},"image":{"@id":"https:\/\/potenciaradiofonicadominicana.com\/portal\/#\/schema\/logo\/image\/"},"sameAs":["https:\/\/web.facebook.com\/PotenciaRadiofonicaD"]},{"@type":"Person","@id":"https:\/\/potenciaradiofonicadominicana.com\/portal\/#\/schema\/person\/a5cf1fea13877803ee0573ac18b03490","name":"Potencia Radiof\u00f3nica Dominicana","image":{"@type":"ImageObject","inLanguage":"es","@id":"https:\/\/potenciaradiofonicadominicana.com\/portal\/#\/schema\/person\/image\/","url":"https:\/\/secure.gravatar.com\/avatar\/42a55ab9e8ccc656ba34cd791990602a?s=96&d=mm&r=g","contentUrl":"https:\/\/secure.gravatar.com\/avatar\/42a55ab9e8ccc656ba34cd791990602a?s=96&d=mm&r=g","caption":"Potencia Radiof\u00f3nica Dominicana"},"url":"https:\/\/potenciaradiofonicadominicana.com\/portal\/author\/johannyalmanzar\/"}]}},"_links":{"self":[{"href":"https:\/\/potenciaradiofonicadominicana.com\/portal\/wp-json\/wp\/v2\/posts\/112208","targetHints":{"allow":["GET"]}}],"collection":[{"href":"https:\/\/potenciaradiofonicadominicana.com\/portal\/wp-json\/wp\/v2\/posts"}],"about":[{"href":"https:\/\/potenciaradiofonicadominicana.com\/portal\/wp-json\/wp\/v2\/types\/post"}],"author":[{"embeddable":true,"href":"https:\/\/potenciaradiofonicadominicana.com\/portal\/wp-json\/wp\/v2\/users\/2"}],"replies":[{"embeddable":true,"href":"https:\/\/potenciaradiofonicadominicana.com\/portal\/wp-json\/wp\/v2\/comments?post=112208"}],"version-history":[{"count":1,"href":"https:\/\/potenciaradiofonicadominicana.com\/portal\/wp-json\/wp\/v2\/posts\/112208\/revisions"}],"predecessor-version":[{"id":112210,"href":"https:\/\/potenciaradiofonicadominicana.com\/portal\/wp-json\/wp\/v2\/posts\/112208\/revisions\/112210"}],"wp:featuredmedia":[{"embeddable":true,"href":"https:\/\/potenciaradiofonicadominicana.com\/portal\/wp-json\/wp\/v2\/media\/112209"}],"wp:attachment":[{"href":"https:\/\/potenciaradiofonicadominicana.com\/portal\/wp-json\/wp\/v2\/media?parent=112208"}],"wp:term":[{"taxonomy":"category","embeddable":true,"href":"https:\/\/potenciaradiofonicadominicana.com\/portal\/wp-json\/wp\/v2\/categories?post=112208"},{"taxonomy":"post_tag","embeddable":true,"href":"https:\/\/potenciaradiofonicadominicana.com\/portal\/wp-json\/wp\/v2\/tags?post=112208"}],"curies":[{"name":"wp","href":"https:\/\/api.w.org\/{rel}","templated":true}]}}