{"id":112189,"date":"2022-01-13T14:23:29","date_gmt":"2022-01-13T18:23:29","guid":{"rendered":"https:\/\/potenciaradiofonicadominicana.com\/portal\/?p=112189"},"modified":"2022-01-13T14:23:29","modified_gmt":"2022-01-13T18:23:29","slug":"angeline-moncayo-actriz-de-sin-senos-no-hay-paraiso-que-vive-un-infierno-por-implantes","status":"publish","type":"post","link":"https:\/\/potenciaradiofonicadominicana.com\/portal\/angeline-moncayo-actriz-de-sin-senos-no-hay-paraiso-que-vive-un-infierno-por-implantes\/","title":{"rendered":"Angeline Moncayo, actriz de \u00abSin senos no hay para\u00edso\u00bb que vive un infierno por implantes"},"content":{"rendered":"<p><a href=\"https:\/\/potenciaradiofonicadominicana.com\/portal\/wp-content\/uploads\/2022\/01\/angeline-moncayo-actriz-de-sin-senos-no-hay-paraiso-que-vive-un-infierno-por-implantes.jpeg\"><img loading=\"lazy\" decoding=\"async\" class=\"alignnone size-full wp-image-112190\" src=\"https:\/\/potenciaradiofonicadominicana.com\/portal\/wp-content\/uploads\/2022\/01\/angeline-moncayo-actriz-de-sin-senos-no-hay-paraiso-que-vive-un-infierno-por-implantes.jpeg\" alt=\"\" width=\"680\" height=\"400\" srcset=\"https:\/\/potenciaradiofonicadominicana.com\/portal\/wp-content\/uploads\/2022\/01\/angeline-moncayo-actriz-de-sin-senos-no-hay-paraiso-que-vive-un-infierno-por-implantes.jpeg 680w, https:\/\/potenciaradiofonicadominicana.com\/portal\/wp-content\/uploads\/2022\/01\/angeline-moncayo-actriz-de-sin-senos-no-hay-paraiso-que-vive-un-infierno-por-implantes-300x176.jpeg 300w\" sizes=\"auto, (max-width: 680px) 100vw, 680px\" \/><\/a><\/p>\n<p>Angeline Moncayo, conocida por su rol en la telenovela \u00abSin senos no hay para\u00edso\u00bb, vive un infierno en la Tierra. La actriz colombiana sufre las consecuencias de someterse a un aumento de busto y desarrollar una enfermedad conocida como s\u00edndrome Asia.<\/p>\n<p>La tambi\u00e9n actriz de \u00abCoraz\u00f3n valiente\u00bb y \u00abYo soy Betty la fea\u00bb relat\u00f3 que en 2019 comenz\u00f3 a experimentar diversos s\u00edntomas como inflamaciones, alergias, dolores de cabeza, espalda, v\u00e9rtigo, entre otras.<\/p>\n<p>\u00abTengo un miedo horrible porque ahora que me duele tanto el pecho yo s\u00e9 que tienen que drenar ese l\u00edquido y hacer una prueba para ver si hay linfoma\u00bb, cont\u00f3 ella llorosa, public\u00f3 el portal de People en Espa\u00f1ol.<br \/>\nLuego agreg\u00f3: \u00abYo tengo una beb\u00e9 de once meses y tengo mucho miedo\u00bb.<\/p>\n<p>La actriz cont\u00f3 que uno de sus senos se llen\u00f3 de l\u00edquido que tuvieron que drenar para descartar que fuera un linfoma, es decir, un tipo de enfermedad neopl\u00e1sica.<\/p>\n<p>Moncayo tambi\u00e9n habl\u00f3 en el programa \u00abDespierta Am\u00e9rica\u00bb (Univision) sobre los s\u00edntomas que padece: \u00abEs fatiga cr\u00f3nica en extremo, es estar constantemente en diferentes m\u00e9dicos pregunt\u00e1ndoles por qu\u00e9, porque todos los ex\u00e1menes est\u00e1n bien y t\u00fa no te sientes ni te ves bien\u00bb.<\/p>\n<p>M\u00e1s secuelas: \u00abEs levantarte por las ma\u00f1anas con los ojos y la cara totalmente inflamados, es despertarte a las 4 a.m. con dolores y calambres en las manos o en los pies\u00bb<\/p>\n<p>La actriz, quien ha tenido p\u00e9rdida de cabello, a\u00f1ade: \u00abEs tener migra\u00f1as d\u00edas y d\u00edas\u00bb.<\/p>\n<p>La ense\u00f1anza: \u00abTenemos que aprender a aceptarnos como somos\u00bb.<\/p>\n<p>A ra\u00edz de esta dura experiencia, Angeline Moncayo se\u00f1ala que su concepto de la belleza ha cambiado totalmente y pide que, de alguna forma, las mujeres dejen de ejercer presi\u00f3n entre ellas para \u201clograr ser perfectas\u201d.<\/p>\n","protected":false},"excerpt":{"rendered":"<p>Angeline Moncayo, conocida por su rol en la telenovela \u00abSin senos no hay para\u00edso\u00bb, vive un infierno en la Tierra. &#8230;<\/p>\n","protected":false},"author":2,"featured_media":112190,"comment_status":"open","ping_status":"open","sticky":false,"template":"","format":"standard","meta":{"footnotes":""},"categories":[31],"tags":[],"class_list":["post-112189","post","type-post","status-publish","format-standard","has-post-thumbnail","hentry","category-arte-y-espectaculo"],"yoast_head":"<!-- This site is optimized with the Yoast SEO plugin v24.8.1 - https:\/\/yoast.com\/wordpress\/plugins\/seo\/ -->\n<title>Angeline Moncayo, actriz de &quot;Sin senos no hay para\u00edso&quot; que vive un infierno por implantes - PotenciaRadiofonicaDominicana.com<\/title>\n<meta name=\"robots\" content=\"index, follow, max-snippet:-1, max-image-preview:large, max-video-preview:-1\" \/>\n<link rel=\"canonical\" href=\"https:\/\/potenciaradiofonicadominicana.com\/portal\/angeline-moncayo-actriz-de-sin-senos-no-hay-paraiso-que-vive-un-infierno-por-implantes\/\" \/>\n<meta property=\"og:locale\" content=\"es_ES\" \/>\n<meta property=\"og:type\" content=\"article\" \/>\n<meta property=\"og:title\" content=\"Angeline Moncayo, actriz de &quot;Sin senos no hay para\u00edso&quot; que vive un infierno por implantes - PotenciaRadiofonicaDominicana.com\" \/>\n<meta property=\"og:description\" content=\"Angeline Moncayo, conocida por su rol en la telenovela \u00abSin senos no hay para\u00edso\u00bb, vive un infierno en la Tierra. ...\" \/>\n<meta property=\"og:url\" content=\"https:\/\/potenciaradiofonicadominicana.com\/portal\/angeline-moncayo-actriz-de-sin-senos-no-hay-paraiso-que-vive-un-infierno-por-implantes\/\" \/>\n<meta property=\"og:site_name\" content=\"PotenciaRadiofonicaDominicana.com\" \/>\n<meta property=\"article:publisher\" content=\"https:\/\/web.facebook.com\/PotenciaRadiofonicaD\" \/>\n<meta property=\"article:published_time\" content=\"2022-01-13T18:23:29+00:00\" \/>\n<meta property=\"og:image\" content=\"https:\/\/potenciaradiofonicadominicana.com\/portal\/wp-content\/uploads\/2022\/01\/angeline-moncayo-actriz-de-sin-senos-no-hay-paraiso-que-vive-un-infierno-por-implantes.jpeg\" \/>\n\t<meta property=\"og:image:width\" content=\"680\" \/>\n\t<meta property=\"og:image:height\" content=\"400\" \/>\n\t<meta property=\"og:image:type\" content=\"image\/jpeg\" \/>\n<meta name=\"author\" content=\"Potencia Radiof\u00f3nica Dominicana\" \/>\n<meta name=\"twitter:card\" content=\"summary_large_image\" \/>\n<meta name=\"twitter:label1\" content=\"Escrito por\" \/>\n\t<meta name=\"twitter:data1\" content=\"Potencia Radiof\u00f3nica Dominicana\" \/>\n\t<meta name=\"twitter:label2\" content=\"Tiempo de lectura\" \/>\n\t<meta name=\"twitter:data2\" content=\"2 minutos\" \/>\n<script type=\"application\/ld+json\" class=\"yoast-schema-graph\">{\"@context\":\"https:\/\/schema.org\",\"@graph\":[{\"@type\":\"Article\",\"@id\":\"https:\/\/potenciaradiofonicadominicana.com\/portal\/angeline-moncayo-actriz-de-sin-senos-no-hay-paraiso-que-vive-un-infierno-por-implantes\/#article\",\"isPartOf\":{\"@id\":\"https:\/\/potenciaradiofonicadominicana.com\/portal\/angeline-moncayo-actriz-de-sin-senos-no-hay-paraiso-que-vive-un-infierno-por-implantes\/\"},\"author\":{\"name\":\"Potencia Radiof\u00f3nica Dominicana\",\"@id\":\"https:\/\/potenciaradiofonicadominicana.com\/portal\/#\/schema\/person\/a5cf1fea13877803ee0573ac18b03490\"},\"headline\":\"Angeline Moncayo, actriz de \u00abSin senos no hay para\u00edso\u00bb que vive un infierno por implantes\",\"datePublished\":\"2022-01-13T18:23:29+00:00\",\"mainEntityOfPage\":{\"@id\":\"https:\/\/potenciaradiofonicadominicana.com\/portal\/angeline-moncayo-actriz-de-sin-senos-no-hay-paraiso-que-vive-un-infierno-por-implantes\/\"},\"wordCount\":332,\"commentCount\":0,\"publisher\":{\"@id\":\"https:\/\/potenciaradiofonicadominicana.com\/portal\/#organization\"},\"image\":{\"@id\":\"https:\/\/potenciaradiofonicadominicana.com\/portal\/angeline-moncayo-actriz-de-sin-senos-no-hay-paraiso-que-vive-un-infierno-por-implantes\/#primaryimage\"},\"thumbnailUrl\":\"https:\/\/potenciaradiofonicadominicana.com\/portal\/wp-content\/uploads\/2022\/01\/angeline-moncayo-actriz-de-sin-senos-no-hay-paraiso-que-vive-un-infierno-por-implantes.jpeg\",\"articleSection\":[\"Arte y Espectaculo\"],\"inLanguage\":\"es\",\"potentialAction\":[{\"@type\":\"CommentAction\",\"name\":\"Comment\",\"target\":[\"https:\/\/potenciaradiofonicadominicana.com\/portal\/angeline-moncayo-actriz-de-sin-senos-no-hay-paraiso-que-vive-un-infierno-por-implantes\/#respond\"]}]},{\"@type\":\"WebPage\",\"@id\":\"https:\/\/potenciaradiofonicadominicana.com\/portal\/angeline-moncayo-actriz-de-sin-senos-no-hay-paraiso-que-vive-un-infierno-por-implantes\/\",\"url\":\"https:\/\/potenciaradiofonicadominicana.com\/portal\/angeline-moncayo-actriz-de-sin-senos-no-hay-paraiso-que-vive-un-infierno-por-implantes\/\",\"name\":\"Angeline Moncayo, actriz de \\\"Sin senos no hay para\u00edso\\\" que vive un infierno por implantes - PotenciaRadiofonicaDominicana.com\",\"isPartOf\":{\"@id\":\"https:\/\/potenciaradiofonicadominicana.com\/portal\/#website\"},\"primaryImageOfPage\":{\"@id\":\"https:\/\/potenciaradiofonicadominicana.com\/portal\/angeline-moncayo-actriz-de-sin-senos-no-hay-paraiso-que-vive-un-infierno-por-implantes\/#primaryimage\"},\"image\":{\"@id\":\"https:\/\/potenciaradiofonicadominicana.com\/portal\/angeline-moncayo-actriz-de-sin-senos-no-hay-paraiso-que-vive-un-infierno-por-implantes\/#primaryimage\"},\"thumbnailUrl\":\"https:\/\/potenciaradiofonicadominicana.com\/portal\/wp-content\/uploads\/2022\/01\/angeline-moncayo-actriz-de-sin-senos-no-hay-paraiso-que-vive-un-infierno-por-implantes.jpeg\",\"datePublished\":\"2022-01-13T18:23:29+00:00\",\"breadcrumb\":{\"@id\":\"https:\/\/potenciaradiofonicadominicana.com\/portal\/angeline-moncayo-actriz-de-sin-senos-no-hay-paraiso-que-vive-un-infierno-por-implantes\/#breadcrumb\"},\"inLanguage\":\"es\",\"potentialAction\":[{\"@type\":\"ReadAction\",\"target\":[\"https:\/\/potenciaradiofonicadominicana.com\/portal\/angeline-moncayo-actriz-de-sin-senos-no-hay-paraiso-que-vive-un-infierno-por-implantes\/\"]}]},{\"@type\":\"ImageObject\",\"inLanguage\":\"es\",\"@id\":\"https:\/\/potenciaradiofonicadominicana.com\/portal\/angeline-moncayo-actriz-de-sin-senos-no-hay-paraiso-que-vive-un-infierno-por-implantes\/#primaryimage\",\"url\":\"https:\/\/potenciaradiofonicadominicana.com\/portal\/wp-content\/uploads\/2022\/01\/angeline-moncayo-actriz-de-sin-senos-no-hay-paraiso-que-vive-un-infierno-por-implantes.jpeg\",\"contentUrl\":\"https:\/\/potenciaradiofonicadominicana.com\/portal\/wp-content\/uploads\/2022\/01\/angeline-moncayo-actriz-de-sin-senos-no-hay-paraiso-que-vive-un-infierno-por-implantes.jpeg\",\"width\":680,\"height\":400},{\"@type\":\"BreadcrumbList\",\"@id\":\"https:\/\/potenciaradiofonicadominicana.com\/portal\/angeline-moncayo-actriz-de-sin-senos-no-hay-paraiso-que-vive-un-infierno-por-implantes\/#breadcrumb\",\"itemListElement\":[{\"@type\":\"ListItem\",\"position\":1,\"name\":\"Portada\",\"item\":\"https:\/\/potenciaradiofonicadominicana.com\/portal\/\"},{\"@type\":\"ListItem\",\"position\":2,\"name\":\"Angeline Moncayo, actriz de \u00abSin senos no hay para\u00edso\u00bb que vive un infierno por implantes\"}]},{\"@type\":\"WebSite\",\"@id\":\"https:\/\/potenciaradiofonicadominicana.com\/portal\/#website\",\"url\":\"https:\/\/potenciaradiofonicadominicana.com\/portal\/\",\"name\":\"PotenciaRadiofonicaDominicana.com\",\"description\":\"Peri\u00f3dico Digital\",\"publisher\":{\"@id\":\"https:\/\/potenciaradiofonicadominicana.com\/portal\/#organization\"},\"potentialAction\":[{\"@type\":\"SearchAction\",\"target\":{\"@type\":\"EntryPoint\",\"urlTemplate\":\"https:\/\/potenciaradiofonicadominicana.com\/portal\/?s={search_term_string}\"},\"query-input\":{\"@type\":\"PropertyValueSpecification\",\"valueRequired\":true,\"valueName\":\"search_term_string\"}}],\"inLanguage\":\"es\"},{\"@type\":\"Organization\",\"@id\":\"https:\/\/potenciaradiofonicadominicana.com\/portal\/#organization\",\"name\":\"PotenciaRadiofonicaDominicana.com\",\"url\":\"https:\/\/potenciaradiofonicadominicana.com\/portal\/\",\"logo\":{\"@type\":\"ImageObject\",\"inLanguage\":\"es\",\"@id\":\"https:\/\/potenciaradiofonicadominicana.com\/portal\/#\/schema\/logo\/image\/\",\"url\":\"https:\/\/potenciaradiofonicadominicana.com\/portal\/wp-content\/uploads\/2022\/01\/descarga.png\",\"contentUrl\":\"https:\/\/potenciaradiofonicadominicana.com\/portal\/wp-content\/uploads\/2022\/01\/descarga.png\",\"width\":300,\"height\":100,\"caption\":\"PotenciaRadiofonicaDominicana.com\"},\"image\":{\"@id\":\"https:\/\/potenciaradiofonicadominicana.com\/portal\/#\/schema\/logo\/image\/\"},\"sameAs\":[\"https:\/\/web.facebook.com\/PotenciaRadiofonicaD\"]},{\"@type\":\"Person\",\"@id\":\"https:\/\/potenciaradiofonicadominicana.com\/portal\/#\/schema\/person\/a5cf1fea13877803ee0573ac18b03490\",\"name\":\"Potencia Radiof\u00f3nica Dominicana\",\"image\":{\"@type\":\"ImageObject\",\"inLanguage\":\"es\",\"@id\":\"https:\/\/potenciaradiofonicadominicana.com\/portal\/#\/schema\/person\/image\/\",\"url\":\"https:\/\/secure.gravatar.com\/avatar\/42a55ab9e8ccc656ba34cd791990602a?s=96&d=mm&r=g\",\"contentUrl\":\"https:\/\/secure.gravatar.com\/avatar\/42a55ab9e8ccc656ba34cd791990602a?s=96&d=mm&r=g\",\"caption\":\"Potencia Radiof\u00f3nica Dominicana\"},\"url\":\"https:\/\/potenciaradiofonicadominicana.com\/portal\/author\/johannyalmanzar\/\"}]}<\/script>\n<!-- \/ Yoast SEO plugin. -->","yoast_head_json":{"title":"Angeline Moncayo, actriz de \"Sin senos no hay para\u00edso\" que vive un infierno por implantes - PotenciaRadiofonicaDominicana.com","robots":{"index":"index","follow":"follow","max-snippet":"max-snippet:-1","max-image-preview":"max-image-preview:large","max-video-preview":"max-video-preview:-1"},"canonical":"https:\/\/potenciaradiofonicadominicana.com\/portal\/angeline-moncayo-actriz-de-sin-senos-no-hay-paraiso-que-vive-un-infierno-por-implantes\/","og_locale":"es_ES","og_type":"article","og_title":"Angeline Moncayo, actriz de \"Sin senos no hay para\u00edso\" que vive un infierno por implantes - PotenciaRadiofonicaDominicana.com","og_description":"Angeline Moncayo, conocida por su rol en la telenovela \u00abSin senos no hay para\u00edso\u00bb, vive un infierno en la Tierra. ...","og_url":"https:\/\/potenciaradiofonicadominicana.com\/portal\/angeline-moncayo-actriz-de-sin-senos-no-hay-paraiso-que-vive-un-infierno-por-implantes\/","og_site_name":"PotenciaRadiofonicaDominicana.com","article_publisher":"https:\/\/web.facebook.com\/PotenciaRadiofonicaD","article_published_time":"2022-01-13T18:23:29+00:00","og_image":[{"width":680,"height":400,"url":"https:\/\/potenciaradiofonicadominicana.com\/portal\/wp-content\/uploads\/2022\/01\/angeline-moncayo-actriz-de-sin-senos-no-hay-paraiso-que-vive-un-infierno-por-implantes.jpeg","type":"image\/jpeg"}],"author":"Potencia Radiof\u00f3nica Dominicana","twitter_card":"summary_large_image","twitter_misc":{"Escrito por":"Potencia Radiof\u00f3nica Dominicana","Tiempo de lectura":"2 minutos"},"schema":{"@context":"https:\/\/schema.org","@graph":[{"@type":"Article","@id":"https:\/\/potenciaradiofonicadominicana.com\/portal\/angeline-moncayo-actriz-de-sin-senos-no-hay-paraiso-que-vive-un-infierno-por-implantes\/#article","isPartOf":{"@id":"https:\/\/potenciaradiofonicadominicana.com\/portal\/angeline-moncayo-actriz-de-sin-senos-no-hay-paraiso-que-vive-un-infierno-por-implantes\/"},"author":{"name":"Potencia Radiof\u00f3nica Dominicana","@id":"https:\/\/potenciaradiofonicadominicana.com\/portal\/#\/schema\/person\/a5cf1fea13877803ee0573ac18b03490"},"headline":"Angeline Moncayo, actriz de \u00abSin senos no hay para\u00edso\u00bb que vive un infierno por implantes","datePublished":"2022-01-13T18:23:29+00:00","mainEntityOfPage":{"@id":"https:\/\/potenciaradiofonicadominicana.com\/portal\/angeline-moncayo-actriz-de-sin-senos-no-hay-paraiso-que-vive-un-infierno-por-implantes\/"},"wordCount":332,"commentCount":0,"publisher":{"@id":"https:\/\/potenciaradiofonicadominicana.com\/portal\/#organization"},"image":{"@id":"https:\/\/potenciaradiofonicadominicana.com\/portal\/angeline-moncayo-actriz-de-sin-senos-no-hay-paraiso-que-vive-un-infierno-por-implantes\/#primaryimage"},"thumbnailUrl":"https:\/\/potenciaradiofonicadominicana.com\/portal\/wp-content\/uploads\/2022\/01\/angeline-moncayo-actriz-de-sin-senos-no-hay-paraiso-que-vive-un-infierno-por-implantes.jpeg","articleSection":["Arte y Espectaculo"],"inLanguage":"es","potentialAction":[{"@type":"CommentAction","name":"Comment","target":["https:\/\/potenciaradiofonicadominicana.com\/portal\/angeline-moncayo-actriz-de-sin-senos-no-hay-paraiso-que-vive-un-infierno-por-implantes\/#respond"]}]},{"@type":"WebPage","@id":"https:\/\/potenciaradiofonicadominicana.com\/portal\/angeline-moncayo-actriz-de-sin-senos-no-hay-paraiso-que-vive-un-infierno-por-implantes\/","url":"https:\/\/potenciaradiofonicadominicana.com\/portal\/angeline-moncayo-actriz-de-sin-senos-no-hay-paraiso-que-vive-un-infierno-por-implantes\/","name":"Angeline Moncayo, actriz de \"Sin senos no hay para\u00edso\" que vive un infierno por implantes - PotenciaRadiofonicaDominicana.com","isPartOf":{"@id":"https:\/\/potenciaradiofonicadominicana.com\/portal\/#website"},"primaryImageOfPage":{"@id":"https:\/\/potenciaradiofonicadominicana.com\/portal\/angeline-moncayo-actriz-de-sin-senos-no-hay-paraiso-que-vive-un-infierno-por-implantes\/#primaryimage"},"image":{"@id":"https:\/\/potenciaradiofonicadominicana.com\/portal\/angeline-moncayo-actriz-de-sin-senos-no-hay-paraiso-que-vive-un-infierno-por-implantes\/#primaryimage"},"thumbnailUrl":"https:\/\/potenciaradiofonicadominicana.com\/portal\/wp-content\/uploads\/2022\/01\/angeline-moncayo-actriz-de-sin-senos-no-hay-paraiso-que-vive-un-infierno-por-implantes.jpeg","datePublished":"2022-01-13T18:23:29+00:00","breadcrumb":{"@id":"https:\/\/potenciaradiofonicadominicana.com\/portal\/angeline-moncayo-actriz-de-sin-senos-no-hay-paraiso-que-vive-un-infierno-por-implantes\/#breadcrumb"},"inLanguage":"es","potentialAction":[{"@type":"ReadAction","target":["https:\/\/potenciaradiofonicadominicana.com\/portal\/angeline-moncayo-actriz-de-sin-senos-no-hay-paraiso-que-vive-un-infierno-por-implantes\/"]}]},{"@type":"ImageObject","inLanguage":"es","@id":"https:\/\/potenciaradiofonicadominicana.com\/portal\/angeline-moncayo-actriz-de-sin-senos-no-hay-paraiso-que-vive-un-infierno-por-implantes\/#primaryimage","url":"https:\/\/potenciaradiofonicadominicana.com\/portal\/wp-content\/uploads\/2022\/01\/angeline-moncayo-actriz-de-sin-senos-no-hay-paraiso-que-vive-un-infierno-por-implantes.jpeg","contentUrl":"https:\/\/potenciaradiofonicadominicana.com\/portal\/wp-content\/uploads\/2022\/01\/angeline-moncayo-actriz-de-sin-senos-no-hay-paraiso-que-vive-un-infierno-por-implantes.jpeg","width":680,"height":400},{"@type":"BreadcrumbList","@id":"https:\/\/potenciaradiofonicadominicana.com\/portal\/angeline-moncayo-actriz-de-sin-senos-no-hay-paraiso-que-vive-un-infierno-por-implantes\/#breadcrumb","itemListElement":[{"@type":"ListItem","position":1,"name":"Portada","item":"https:\/\/potenciaradiofonicadominicana.com\/portal\/"},{"@type":"ListItem","position":2,"name":"Angeline Moncayo, actriz de \u00abSin senos no hay para\u00edso\u00bb que vive un infierno por implantes"}]},{"@type":"WebSite","@id":"https:\/\/potenciaradiofonicadominicana.com\/portal\/#website","url":"https:\/\/potenciaradiofonicadominicana.com\/portal\/","name":"PotenciaRadiofonicaDominicana.com","description":"Peri\u00f3dico Digital","publisher":{"@id":"https:\/\/potenciaradiofonicadominicana.com\/portal\/#organization"},"potentialAction":[{"@type":"SearchAction","target":{"@type":"EntryPoint","urlTemplate":"https:\/\/potenciaradiofonicadominicana.com\/portal\/?s={search_term_string}"},"query-input":{"@type":"PropertyValueSpecification","valueRequired":true,"valueName":"search_term_string"}}],"inLanguage":"es"},{"@type":"Organization","@id":"https:\/\/potenciaradiofonicadominicana.com\/portal\/#organization","name":"PotenciaRadiofonicaDominicana.com","url":"https:\/\/potenciaradiofonicadominicana.com\/portal\/","logo":{"@type":"ImageObject","inLanguage":"es","@id":"https:\/\/potenciaradiofonicadominicana.com\/portal\/#\/schema\/logo\/image\/","url":"https:\/\/potenciaradiofonicadominicana.com\/portal\/wp-content\/uploads\/2022\/01\/descarga.png","contentUrl":"https:\/\/potenciaradiofonicadominicana.com\/portal\/wp-content\/uploads\/2022\/01\/descarga.png","width":300,"height":100,"caption":"PotenciaRadiofonicaDominicana.com"},"image":{"@id":"https:\/\/potenciaradiofonicadominicana.com\/portal\/#\/schema\/logo\/image\/"},"sameAs":["https:\/\/web.facebook.com\/PotenciaRadiofonicaD"]},{"@type":"Person","@id":"https:\/\/potenciaradiofonicadominicana.com\/portal\/#\/schema\/person\/a5cf1fea13877803ee0573ac18b03490","name":"Potencia Radiof\u00f3nica Dominicana","image":{"@type":"ImageObject","inLanguage":"es","@id":"https:\/\/potenciaradiofonicadominicana.com\/portal\/#\/schema\/person\/image\/","url":"https:\/\/secure.gravatar.com\/avatar\/42a55ab9e8ccc656ba34cd791990602a?s=96&d=mm&r=g","contentUrl":"https:\/\/secure.gravatar.com\/avatar\/42a55ab9e8ccc656ba34cd791990602a?s=96&d=mm&r=g","caption":"Potencia Radiof\u00f3nica Dominicana"},"url":"https:\/\/potenciaradiofonicadominicana.com\/portal\/author\/johannyalmanzar\/"}]}},"_links":{"self":[{"href":"https:\/\/potenciaradiofonicadominicana.com\/portal\/wp-json\/wp\/v2\/posts\/112189","targetHints":{"allow":["GET"]}}],"collection":[{"href":"https:\/\/potenciaradiofonicadominicana.com\/portal\/wp-json\/wp\/v2\/posts"}],"about":[{"href":"https:\/\/potenciaradiofonicadominicana.com\/portal\/wp-json\/wp\/v2\/types\/post"}],"author":[{"embeddable":true,"href":"https:\/\/potenciaradiofonicadominicana.com\/portal\/wp-json\/wp\/v2\/users\/2"}],"replies":[{"embeddable":true,"href":"https:\/\/potenciaradiofonicadominicana.com\/portal\/wp-json\/wp\/v2\/comments?post=112189"}],"version-history":[{"count":1,"href":"https:\/\/potenciaradiofonicadominicana.com\/portal\/wp-json\/wp\/v2\/posts\/112189\/revisions"}],"predecessor-version":[{"id":112191,"href":"https:\/\/potenciaradiofonicadominicana.com\/portal\/wp-json\/wp\/v2\/posts\/112189\/revisions\/112191"}],"wp:featuredmedia":[{"embeddable":true,"href":"https:\/\/potenciaradiofonicadominicana.com\/portal\/wp-json\/wp\/v2\/media\/112190"}],"wp:attachment":[{"href":"https:\/\/potenciaradiofonicadominicana.com\/portal\/wp-json\/wp\/v2\/media?parent=112189"}],"wp:term":[{"taxonomy":"category","embeddable":true,"href":"https:\/\/potenciaradiofonicadominicana.com\/portal\/wp-json\/wp\/v2\/categories?post=112189"},{"taxonomy":"post_tag","embeddable":true,"href":"https:\/\/potenciaradiofonicadominicana.com\/portal\/wp-json\/wp\/v2\/tags?post=112189"}],"curies":[{"name":"wp","href":"https:\/\/api.w.org\/{rel}","templated":true}]}}