{"id":112185,"date":"2022-01-13T14:22:11","date_gmt":"2022-01-13T18:22:11","guid":{"rendered":"https:\/\/potenciaradiofonicadominicana.com\/portal\/?p=112185"},"modified":"2022-01-13T14:22:11","modified_gmt":"2022-01-13T18:22:11","slug":"joven-dominicano-cumple-su-sueno-de-estudiar-en-berklee-habia-solicitado-ayuda","status":"publish","type":"post","link":"https:\/\/potenciaradiofonicadominicana.com\/portal\/joven-dominicano-cumple-su-sueno-de-estudiar-en-berklee-habia-solicitado-ayuda\/","title":{"rendered":"Joven dominicano cumple su sue\u00f1o de estudiar en Berklee; hab\u00eda solicitado ayuda"},"content":{"rendered":"<p><a href=\"https:\/\/potenciaradiofonicadominicana.com\/portal\/wp-content\/uploads\/2022\/01\/2715225302936593761209968702703061974737561n-a8fac234-focus-min0.04-min0.15-895-573.jpg\"><img loading=\"lazy\" decoding=\"async\" class=\"alignnone size-full wp-image-112186\" src=\"https:\/\/potenciaradiofonicadominicana.com\/portal\/wp-content\/uploads\/2022\/01\/2715225302936593761209968702703061974737561n-a8fac234-focus-min0.04-min0.15-895-573.jpg\" alt=\"\" width=\"895\" height=\"573\" srcset=\"https:\/\/potenciaradiofonicadominicana.com\/portal\/wp-content\/uploads\/2022\/01\/2715225302936593761209968702703061974737561n-a8fac234-focus-min0.04-min0.15-895-573.jpg 895w, https:\/\/potenciaradiofonicadominicana.com\/portal\/wp-content\/uploads\/2022\/01\/2715225302936593761209968702703061974737561n-a8fac234-focus-min0.04-min0.15-895-573-300x192.jpg 300w, https:\/\/potenciaradiofonicadominicana.com\/portal\/wp-content\/uploads\/2022\/01\/2715225302936593761209968702703061974737561n-a8fac234-focus-min0.04-min0.15-895-573-768x492.jpg 768w\" sizes=\"auto, (max-width: 895px) 100vw, 895px\" \/><\/a><\/p>\n<p>Gracias a su talento, perseverancia y enfoque,\u00a0Gabriel Arvelo\u00a0ya est\u00e1 logrando su sue\u00f1o de estudiar en\u00a0Berklee College of Music.<\/p>\n<p>Fue aceptado, y aunque siempre cont\u00f3 con el apoyo de sus\u00a0familiares\u00a0los recursos no eran suficientes, pero \u00e9l no estaba dispuesto a dejar escapar esta oportunidad;\u00a0\u00a0el joven de 17 a\u00f1os se puso manos a la obra y toc\u00f3 puertas, \u00a1muchas!\u00a0 Abri\u00f3 una cuenta en \u201cGofundme\u201d\u00a0con el objetivo de completar el dinero que le hac\u00eda falta para iniciar su formaci\u00f3n.<\/p>\n<p>\u201cSoy un m\u00fasico de 17 a\u00f1os de la Rep\u00fablica Dominicana y me aceptaron en\u00a0Berklee College of Music., pero me falta una gran parte del dinero para la matr\u00edcula e ir a\u00a0Berklee\u00a0siempre ha sido mi sue\u00f1o. He completado el paso m\u00e1s importante, \u00bfme ayudar\u00edas a conseguirlo?\u201d, fue la motivaci\u00f3n que hizo el m\u00fasico en su solicitud de ayuda en la plataforma de donaci\u00f3n. \u00a1Y el sue\u00f1o se logr\u00f3!<\/p>\n<p>Hoy, desde la prestigiosa casa de estudios Gabriel da inicio a su proceso formativo, uno que seg\u00fan dijo a Diario Libre, aprovechar\u00e1 al m\u00e1ximo.<\/p>\n<p>\u201c<em>Is this the real life? Is this just fantasy?<\/em>\u00a0Primero quiero agradecer a Dios por darme la paciencia, la dedicaci\u00f3n y la energ\u00eda de seguir adelante para lograr este gran sue\u00f1o que siempre he querido. Estoy extremadamente agradecido de ustedes por haberme ayudado a dar a conocer mi caso comparti\u00e9ndolo en todos lados\u00bb, escribi\u00f3 junto a una imagen con una bandera dominicana y varios cortes donde se le ve en las instalaciones de\u00a0Berklee.<\/p>\n","protected":false},"excerpt":{"rendered":"<p>Gracias a su talento, perseverancia y enfoque,\u00a0Gabriel Arvelo\u00a0ya est\u00e1 logrando su sue\u00f1o de estudiar en\u00a0Berklee College of Music. Fue aceptado, &#8230;<\/p>\n","protected":false},"author":2,"featured_media":112186,"comment_status":"open","ping_status":"open","sticky":false,"template":"","format":"standard","meta":{"footnotes":""},"categories":[31],"tags":[],"class_list":["post-112185","post","type-post","status-publish","format-standard","has-post-thumbnail","hentry","category-arte-y-espectaculo"],"yoast_head":"<!-- This site is optimized with the Yoast SEO plugin v24.8.1 - https:\/\/yoast.com\/wordpress\/plugins\/seo\/ -->\n<title>Joven dominicano cumple su sue\u00f1o de estudiar en Berklee; hab\u00eda solicitado ayuda - PotenciaRadiofonicaDominicana.com<\/title>\n<meta name=\"robots\" content=\"index, follow, max-snippet:-1, max-image-preview:large, max-video-preview:-1\" \/>\n<link rel=\"canonical\" href=\"https:\/\/potenciaradiofonicadominicana.com\/portal\/joven-dominicano-cumple-su-sueno-de-estudiar-en-berklee-habia-solicitado-ayuda\/\" \/>\n<meta property=\"og:locale\" content=\"es_ES\" \/>\n<meta property=\"og:type\" content=\"article\" \/>\n<meta property=\"og:title\" content=\"Joven dominicano cumple su sue\u00f1o de estudiar en Berklee; hab\u00eda solicitado ayuda - PotenciaRadiofonicaDominicana.com\" \/>\n<meta property=\"og:description\" content=\"Gracias a su talento, perseverancia y enfoque,\u00a0Gabriel Arvelo\u00a0ya est\u00e1 logrando su sue\u00f1o de estudiar en\u00a0Berklee College of Music. Fue aceptado, ...\" \/>\n<meta property=\"og:url\" content=\"https:\/\/potenciaradiofonicadominicana.com\/portal\/joven-dominicano-cumple-su-sueno-de-estudiar-en-berklee-habia-solicitado-ayuda\/\" \/>\n<meta property=\"og:site_name\" content=\"PotenciaRadiofonicaDominicana.com\" \/>\n<meta property=\"article:publisher\" content=\"https:\/\/web.facebook.com\/PotenciaRadiofonicaD\" \/>\n<meta property=\"article:published_time\" content=\"2022-01-13T18:22:11+00:00\" \/>\n<meta property=\"og:image\" content=\"https:\/\/potenciaradiofonicadominicana.com\/portal\/wp-content\/uploads\/2022\/01\/2715225302936593761209968702703061974737561n-a8fac234-focus-min0.04-min0.15-895-573.jpg\" \/>\n\t<meta property=\"og:image:width\" content=\"895\" \/>\n\t<meta property=\"og:image:height\" content=\"573\" \/>\n\t<meta property=\"og:image:type\" content=\"image\/jpeg\" \/>\n<meta name=\"author\" content=\"Potencia Radiof\u00f3nica Dominicana\" \/>\n<meta name=\"twitter:card\" content=\"summary_large_image\" \/>\n<meta name=\"twitter:label1\" content=\"Escrito por\" \/>\n\t<meta name=\"twitter:data1\" content=\"Potencia Radiof\u00f3nica Dominicana\" \/>\n\t<meta name=\"twitter:label2\" content=\"Tiempo de lectura\" \/>\n\t<meta name=\"twitter:data2\" content=\"1 minuto\" \/>\n<script type=\"application\/ld+json\" class=\"yoast-schema-graph\">{\"@context\":\"https:\/\/schema.org\",\"@graph\":[{\"@type\":\"Article\",\"@id\":\"https:\/\/potenciaradiofonicadominicana.com\/portal\/joven-dominicano-cumple-su-sueno-de-estudiar-en-berklee-habia-solicitado-ayuda\/#article\",\"isPartOf\":{\"@id\":\"https:\/\/potenciaradiofonicadominicana.com\/portal\/joven-dominicano-cumple-su-sueno-de-estudiar-en-berklee-habia-solicitado-ayuda\/\"},\"author\":{\"name\":\"Potencia Radiof\u00f3nica Dominicana\",\"@id\":\"https:\/\/potenciaradiofonicadominicana.com\/portal\/#\/schema\/person\/a5cf1fea13877803ee0573ac18b03490\"},\"headline\":\"Joven dominicano cumple su sue\u00f1o de estudiar en Berklee; hab\u00eda solicitado ayuda\",\"datePublished\":\"2022-01-13T18:22:11+00:00\",\"mainEntityOfPage\":{\"@id\":\"https:\/\/potenciaradiofonicadominicana.com\/portal\/joven-dominicano-cumple-su-sueno-de-estudiar-en-berklee-habia-solicitado-ayuda\/\"},\"wordCount\":284,\"commentCount\":0,\"publisher\":{\"@id\":\"https:\/\/potenciaradiofonicadominicana.com\/portal\/#organization\"},\"image\":{\"@id\":\"https:\/\/potenciaradiofonicadominicana.com\/portal\/joven-dominicano-cumple-su-sueno-de-estudiar-en-berklee-habia-solicitado-ayuda\/#primaryimage\"},\"thumbnailUrl\":\"https:\/\/potenciaradiofonicadominicana.com\/portal\/wp-content\/uploads\/2022\/01\/2715225302936593761209968702703061974737561n-a8fac234-focus-min0.04-min0.15-895-573.jpg\",\"articleSection\":[\"Arte y Espectaculo\"],\"inLanguage\":\"es\",\"potentialAction\":[{\"@type\":\"CommentAction\",\"name\":\"Comment\",\"target\":[\"https:\/\/potenciaradiofonicadominicana.com\/portal\/joven-dominicano-cumple-su-sueno-de-estudiar-en-berklee-habia-solicitado-ayuda\/#respond\"]}]},{\"@type\":\"WebPage\",\"@id\":\"https:\/\/potenciaradiofonicadominicana.com\/portal\/joven-dominicano-cumple-su-sueno-de-estudiar-en-berklee-habia-solicitado-ayuda\/\",\"url\":\"https:\/\/potenciaradiofonicadominicana.com\/portal\/joven-dominicano-cumple-su-sueno-de-estudiar-en-berklee-habia-solicitado-ayuda\/\",\"name\":\"Joven dominicano cumple su sue\u00f1o de estudiar en Berklee; hab\u00eda solicitado ayuda - PotenciaRadiofonicaDominicana.com\",\"isPartOf\":{\"@id\":\"https:\/\/potenciaradiofonicadominicana.com\/portal\/#website\"},\"primaryImageOfPage\":{\"@id\":\"https:\/\/potenciaradiofonicadominicana.com\/portal\/joven-dominicano-cumple-su-sueno-de-estudiar-en-berklee-habia-solicitado-ayuda\/#primaryimage\"},\"image\":{\"@id\":\"https:\/\/potenciaradiofonicadominicana.com\/portal\/joven-dominicano-cumple-su-sueno-de-estudiar-en-berklee-habia-solicitado-ayuda\/#primaryimage\"},\"thumbnailUrl\":\"https:\/\/potenciaradiofonicadominicana.com\/portal\/wp-content\/uploads\/2022\/01\/2715225302936593761209968702703061974737561n-a8fac234-focus-min0.04-min0.15-895-573.jpg\",\"datePublished\":\"2022-01-13T18:22:11+00:00\",\"breadcrumb\":{\"@id\":\"https:\/\/potenciaradiofonicadominicana.com\/portal\/joven-dominicano-cumple-su-sueno-de-estudiar-en-berklee-habia-solicitado-ayuda\/#breadcrumb\"},\"inLanguage\":\"es\",\"potentialAction\":[{\"@type\":\"ReadAction\",\"target\":[\"https:\/\/potenciaradiofonicadominicana.com\/portal\/joven-dominicano-cumple-su-sueno-de-estudiar-en-berklee-habia-solicitado-ayuda\/\"]}]},{\"@type\":\"ImageObject\",\"inLanguage\":\"es\",\"@id\":\"https:\/\/potenciaradiofonicadominicana.com\/portal\/joven-dominicano-cumple-su-sueno-de-estudiar-en-berklee-habia-solicitado-ayuda\/#primaryimage\",\"url\":\"https:\/\/potenciaradiofonicadominicana.com\/portal\/wp-content\/uploads\/2022\/01\/2715225302936593761209968702703061974737561n-a8fac234-focus-min0.04-min0.15-895-573.jpg\",\"contentUrl\":\"https:\/\/potenciaradiofonicadominicana.com\/portal\/wp-content\/uploads\/2022\/01\/2715225302936593761209968702703061974737561n-a8fac234-focus-min0.04-min0.15-895-573.jpg\",\"width\":895,\"height\":573},{\"@type\":\"BreadcrumbList\",\"@id\":\"https:\/\/potenciaradiofonicadominicana.com\/portal\/joven-dominicano-cumple-su-sueno-de-estudiar-en-berklee-habia-solicitado-ayuda\/#breadcrumb\",\"itemListElement\":[{\"@type\":\"ListItem\",\"position\":1,\"name\":\"Portada\",\"item\":\"https:\/\/potenciaradiofonicadominicana.com\/portal\/\"},{\"@type\":\"ListItem\",\"position\":2,\"name\":\"Joven dominicano cumple su sue\u00f1o de estudiar en Berklee; hab\u00eda solicitado ayuda\"}]},{\"@type\":\"WebSite\",\"@id\":\"https:\/\/potenciaradiofonicadominicana.com\/portal\/#website\",\"url\":\"https:\/\/potenciaradiofonicadominicana.com\/portal\/\",\"name\":\"PotenciaRadiofonicaDominicana.com\",\"description\":\"Peri\u00f3dico Digital\",\"publisher\":{\"@id\":\"https:\/\/potenciaradiofonicadominicana.com\/portal\/#organization\"},\"potentialAction\":[{\"@type\":\"SearchAction\",\"target\":{\"@type\":\"EntryPoint\",\"urlTemplate\":\"https:\/\/potenciaradiofonicadominicana.com\/portal\/?s={search_term_string}\"},\"query-input\":{\"@type\":\"PropertyValueSpecification\",\"valueRequired\":true,\"valueName\":\"search_term_string\"}}],\"inLanguage\":\"es\"},{\"@type\":\"Organization\",\"@id\":\"https:\/\/potenciaradiofonicadominicana.com\/portal\/#organization\",\"name\":\"PotenciaRadiofonicaDominicana.com\",\"url\":\"https:\/\/potenciaradiofonicadominicana.com\/portal\/\",\"logo\":{\"@type\":\"ImageObject\",\"inLanguage\":\"es\",\"@id\":\"https:\/\/potenciaradiofonicadominicana.com\/portal\/#\/schema\/logo\/image\/\",\"url\":\"https:\/\/potenciaradiofonicadominicana.com\/portal\/wp-content\/uploads\/2022\/01\/descarga.png\",\"contentUrl\":\"https:\/\/potenciaradiofonicadominicana.com\/portal\/wp-content\/uploads\/2022\/01\/descarga.png\",\"width\":300,\"height\":100,\"caption\":\"PotenciaRadiofonicaDominicana.com\"},\"image\":{\"@id\":\"https:\/\/potenciaradiofonicadominicana.com\/portal\/#\/schema\/logo\/image\/\"},\"sameAs\":[\"https:\/\/web.facebook.com\/PotenciaRadiofonicaD\"]},{\"@type\":\"Person\",\"@id\":\"https:\/\/potenciaradiofonicadominicana.com\/portal\/#\/schema\/person\/a5cf1fea13877803ee0573ac18b03490\",\"name\":\"Potencia Radiof\u00f3nica Dominicana\",\"image\":{\"@type\":\"ImageObject\",\"inLanguage\":\"es\",\"@id\":\"https:\/\/potenciaradiofonicadominicana.com\/portal\/#\/schema\/person\/image\/\",\"url\":\"https:\/\/secure.gravatar.com\/avatar\/42a55ab9e8ccc656ba34cd791990602a?s=96&d=mm&r=g\",\"contentUrl\":\"https:\/\/secure.gravatar.com\/avatar\/42a55ab9e8ccc656ba34cd791990602a?s=96&d=mm&r=g\",\"caption\":\"Potencia Radiof\u00f3nica Dominicana\"},\"url\":\"https:\/\/potenciaradiofonicadominicana.com\/portal\/author\/johannyalmanzar\/\"}]}<\/script>\n<!-- \/ Yoast SEO plugin. -->","yoast_head_json":{"title":"Joven dominicano cumple su sue\u00f1o de estudiar en Berklee; hab\u00eda solicitado ayuda - PotenciaRadiofonicaDominicana.com","robots":{"index":"index","follow":"follow","max-snippet":"max-snippet:-1","max-image-preview":"max-image-preview:large","max-video-preview":"max-video-preview:-1"},"canonical":"https:\/\/potenciaradiofonicadominicana.com\/portal\/joven-dominicano-cumple-su-sueno-de-estudiar-en-berklee-habia-solicitado-ayuda\/","og_locale":"es_ES","og_type":"article","og_title":"Joven dominicano cumple su sue\u00f1o de estudiar en Berklee; hab\u00eda solicitado ayuda - PotenciaRadiofonicaDominicana.com","og_description":"Gracias a su talento, perseverancia y enfoque,\u00a0Gabriel Arvelo\u00a0ya est\u00e1 logrando su sue\u00f1o de estudiar en\u00a0Berklee College of Music. Fue aceptado, ...","og_url":"https:\/\/potenciaradiofonicadominicana.com\/portal\/joven-dominicano-cumple-su-sueno-de-estudiar-en-berklee-habia-solicitado-ayuda\/","og_site_name":"PotenciaRadiofonicaDominicana.com","article_publisher":"https:\/\/web.facebook.com\/PotenciaRadiofonicaD","article_published_time":"2022-01-13T18:22:11+00:00","og_image":[{"width":895,"height":573,"url":"https:\/\/potenciaradiofonicadominicana.com\/portal\/wp-content\/uploads\/2022\/01\/2715225302936593761209968702703061974737561n-a8fac234-focus-min0.04-min0.15-895-573.jpg","type":"image\/jpeg"}],"author":"Potencia Radiof\u00f3nica Dominicana","twitter_card":"summary_large_image","twitter_misc":{"Escrito por":"Potencia Radiof\u00f3nica Dominicana","Tiempo de lectura":"1 minuto"},"schema":{"@context":"https:\/\/schema.org","@graph":[{"@type":"Article","@id":"https:\/\/potenciaradiofonicadominicana.com\/portal\/joven-dominicano-cumple-su-sueno-de-estudiar-en-berklee-habia-solicitado-ayuda\/#article","isPartOf":{"@id":"https:\/\/potenciaradiofonicadominicana.com\/portal\/joven-dominicano-cumple-su-sueno-de-estudiar-en-berklee-habia-solicitado-ayuda\/"},"author":{"name":"Potencia Radiof\u00f3nica Dominicana","@id":"https:\/\/potenciaradiofonicadominicana.com\/portal\/#\/schema\/person\/a5cf1fea13877803ee0573ac18b03490"},"headline":"Joven dominicano cumple su sue\u00f1o de estudiar en Berklee; hab\u00eda solicitado ayuda","datePublished":"2022-01-13T18:22:11+00:00","mainEntityOfPage":{"@id":"https:\/\/potenciaradiofonicadominicana.com\/portal\/joven-dominicano-cumple-su-sueno-de-estudiar-en-berklee-habia-solicitado-ayuda\/"},"wordCount":284,"commentCount":0,"publisher":{"@id":"https:\/\/potenciaradiofonicadominicana.com\/portal\/#organization"},"image":{"@id":"https:\/\/potenciaradiofonicadominicana.com\/portal\/joven-dominicano-cumple-su-sueno-de-estudiar-en-berklee-habia-solicitado-ayuda\/#primaryimage"},"thumbnailUrl":"https:\/\/potenciaradiofonicadominicana.com\/portal\/wp-content\/uploads\/2022\/01\/2715225302936593761209968702703061974737561n-a8fac234-focus-min0.04-min0.15-895-573.jpg","articleSection":["Arte y Espectaculo"],"inLanguage":"es","potentialAction":[{"@type":"CommentAction","name":"Comment","target":["https:\/\/potenciaradiofonicadominicana.com\/portal\/joven-dominicano-cumple-su-sueno-de-estudiar-en-berklee-habia-solicitado-ayuda\/#respond"]}]},{"@type":"WebPage","@id":"https:\/\/potenciaradiofonicadominicana.com\/portal\/joven-dominicano-cumple-su-sueno-de-estudiar-en-berklee-habia-solicitado-ayuda\/","url":"https:\/\/potenciaradiofonicadominicana.com\/portal\/joven-dominicano-cumple-su-sueno-de-estudiar-en-berklee-habia-solicitado-ayuda\/","name":"Joven dominicano cumple su sue\u00f1o de estudiar en Berklee; hab\u00eda solicitado ayuda - PotenciaRadiofonicaDominicana.com","isPartOf":{"@id":"https:\/\/potenciaradiofonicadominicana.com\/portal\/#website"},"primaryImageOfPage":{"@id":"https:\/\/potenciaradiofonicadominicana.com\/portal\/joven-dominicano-cumple-su-sueno-de-estudiar-en-berklee-habia-solicitado-ayuda\/#primaryimage"},"image":{"@id":"https:\/\/potenciaradiofonicadominicana.com\/portal\/joven-dominicano-cumple-su-sueno-de-estudiar-en-berklee-habia-solicitado-ayuda\/#primaryimage"},"thumbnailUrl":"https:\/\/potenciaradiofonicadominicana.com\/portal\/wp-content\/uploads\/2022\/01\/2715225302936593761209968702703061974737561n-a8fac234-focus-min0.04-min0.15-895-573.jpg","datePublished":"2022-01-13T18:22:11+00:00","breadcrumb":{"@id":"https:\/\/potenciaradiofonicadominicana.com\/portal\/joven-dominicano-cumple-su-sueno-de-estudiar-en-berklee-habia-solicitado-ayuda\/#breadcrumb"},"inLanguage":"es","potentialAction":[{"@type":"ReadAction","target":["https:\/\/potenciaradiofonicadominicana.com\/portal\/joven-dominicano-cumple-su-sueno-de-estudiar-en-berklee-habia-solicitado-ayuda\/"]}]},{"@type":"ImageObject","inLanguage":"es","@id":"https:\/\/potenciaradiofonicadominicana.com\/portal\/joven-dominicano-cumple-su-sueno-de-estudiar-en-berklee-habia-solicitado-ayuda\/#primaryimage","url":"https:\/\/potenciaradiofonicadominicana.com\/portal\/wp-content\/uploads\/2022\/01\/2715225302936593761209968702703061974737561n-a8fac234-focus-min0.04-min0.15-895-573.jpg","contentUrl":"https:\/\/potenciaradiofonicadominicana.com\/portal\/wp-content\/uploads\/2022\/01\/2715225302936593761209968702703061974737561n-a8fac234-focus-min0.04-min0.15-895-573.jpg","width":895,"height":573},{"@type":"BreadcrumbList","@id":"https:\/\/potenciaradiofonicadominicana.com\/portal\/joven-dominicano-cumple-su-sueno-de-estudiar-en-berklee-habia-solicitado-ayuda\/#breadcrumb","itemListElement":[{"@type":"ListItem","position":1,"name":"Portada","item":"https:\/\/potenciaradiofonicadominicana.com\/portal\/"},{"@type":"ListItem","position":2,"name":"Joven dominicano cumple su sue\u00f1o de estudiar en Berklee; hab\u00eda solicitado ayuda"}]},{"@type":"WebSite","@id":"https:\/\/potenciaradiofonicadominicana.com\/portal\/#website","url":"https:\/\/potenciaradiofonicadominicana.com\/portal\/","name":"PotenciaRadiofonicaDominicana.com","description":"Peri\u00f3dico Digital","publisher":{"@id":"https:\/\/potenciaradiofonicadominicana.com\/portal\/#organization"},"potentialAction":[{"@type":"SearchAction","target":{"@type":"EntryPoint","urlTemplate":"https:\/\/potenciaradiofonicadominicana.com\/portal\/?s={search_term_string}"},"query-input":{"@type":"PropertyValueSpecification","valueRequired":true,"valueName":"search_term_string"}}],"inLanguage":"es"},{"@type":"Organization","@id":"https:\/\/potenciaradiofonicadominicana.com\/portal\/#organization","name":"PotenciaRadiofonicaDominicana.com","url":"https:\/\/potenciaradiofonicadominicana.com\/portal\/","logo":{"@type":"ImageObject","inLanguage":"es","@id":"https:\/\/potenciaradiofonicadominicana.com\/portal\/#\/schema\/logo\/image\/","url":"https:\/\/potenciaradiofonicadominicana.com\/portal\/wp-content\/uploads\/2022\/01\/descarga.png","contentUrl":"https:\/\/potenciaradiofonicadominicana.com\/portal\/wp-content\/uploads\/2022\/01\/descarga.png","width":300,"height":100,"caption":"PotenciaRadiofonicaDominicana.com"},"image":{"@id":"https:\/\/potenciaradiofonicadominicana.com\/portal\/#\/schema\/logo\/image\/"},"sameAs":["https:\/\/web.facebook.com\/PotenciaRadiofonicaD"]},{"@type":"Person","@id":"https:\/\/potenciaradiofonicadominicana.com\/portal\/#\/schema\/person\/a5cf1fea13877803ee0573ac18b03490","name":"Potencia Radiof\u00f3nica Dominicana","image":{"@type":"ImageObject","inLanguage":"es","@id":"https:\/\/potenciaradiofonicadominicana.com\/portal\/#\/schema\/person\/image\/","url":"https:\/\/secure.gravatar.com\/avatar\/42a55ab9e8ccc656ba34cd791990602a?s=96&d=mm&r=g","contentUrl":"https:\/\/secure.gravatar.com\/avatar\/42a55ab9e8ccc656ba34cd791990602a?s=96&d=mm&r=g","caption":"Potencia Radiof\u00f3nica Dominicana"},"url":"https:\/\/potenciaradiofonicadominicana.com\/portal\/author\/johannyalmanzar\/"}]}},"_links":{"self":[{"href":"https:\/\/potenciaradiofonicadominicana.com\/portal\/wp-json\/wp\/v2\/posts\/112185","targetHints":{"allow":["GET"]}}],"collection":[{"href":"https:\/\/potenciaradiofonicadominicana.com\/portal\/wp-json\/wp\/v2\/posts"}],"about":[{"href":"https:\/\/potenciaradiofonicadominicana.com\/portal\/wp-json\/wp\/v2\/types\/post"}],"author":[{"embeddable":true,"href":"https:\/\/potenciaradiofonicadominicana.com\/portal\/wp-json\/wp\/v2\/users\/2"}],"replies":[{"embeddable":true,"href":"https:\/\/potenciaradiofonicadominicana.com\/portal\/wp-json\/wp\/v2\/comments?post=112185"}],"version-history":[{"count":1,"href":"https:\/\/potenciaradiofonicadominicana.com\/portal\/wp-json\/wp\/v2\/posts\/112185\/revisions"}],"predecessor-version":[{"id":112187,"href":"https:\/\/potenciaradiofonicadominicana.com\/portal\/wp-json\/wp\/v2\/posts\/112185\/revisions\/112187"}],"wp:featuredmedia":[{"embeddable":true,"href":"https:\/\/potenciaradiofonicadominicana.com\/portal\/wp-json\/wp\/v2\/media\/112186"}],"wp:attachment":[{"href":"https:\/\/potenciaradiofonicadominicana.com\/portal\/wp-json\/wp\/v2\/media?parent=112185"}],"wp:term":[{"taxonomy":"category","embeddable":true,"href":"https:\/\/potenciaradiofonicadominicana.com\/portal\/wp-json\/wp\/v2\/categories?post=112185"},{"taxonomy":"post_tag","embeddable":true,"href":"https:\/\/potenciaradiofonicadominicana.com\/portal\/wp-json\/wp\/v2\/tags?post=112185"}],"curies":[{"name":"wp","href":"https:\/\/api.w.org\/{rel}","templated":true}]}}