{"id":112182,"date":"2022-01-13T14:18:42","date_gmt":"2022-01-13T18:18:42","guid":{"rendered":"https:\/\/potenciaradiofonicadominicana.com\/portal\/?p=112182"},"modified":"2022-01-13T14:18:42","modified_gmt":"2022-01-13T18:18:42","slug":"super-familia-la-pelicula-de-roberto-angel-salcedo-llega-a-los-cines","status":"publish","type":"post","link":"https:\/\/potenciaradiofonicadominicana.com\/portal\/super-familia-la-pelicula-de-roberto-angel-salcedo-llega-a-los-cines\/","title":{"rendered":"\u201cS\u00faper Familia\u201d, la pel\u00edcula de Roberto \u00c1ngel Salcedo, llega a los cines"},"content":{"rendered":"<p><a href=\"https:\/\/potenciaradiofonicadominicana.com\/portal\/wp-content\/uploads\/2022\/01\/Sandra-Berrocal-.jpeg\"><img loading=\"lazy\" decoding=\"async\" class=\"alignnone size-full wp-image-112183\" src=\"https:\/\/potenciaradiofonicadominicana.com\/portal\/wp-content\/uploads\/2022\/01\/Sandra-Berrocal-.jpeg\" alt=\"\" width=\"1024\" height=\"640\" srcset=\"https:\/\/potenciaradiofonicadominicana.com\/portal\/wp-content\/uploads\/2022\/01\/Sandra-Berrocal-.jpeg 1024w, https:\/\/potenciaradiofonicadominicana.com\/portal\/wp-content\/uploads\/2022\/01\/Sandra-Berrocal--300x188.jpeg 300w, https:\/\/potenciaradiofonicadominicana.com\/portal\/wp-content\/uploads\/2022\/01\/Sandra-Berrocal--768x480.jpeg 768w\" sizes=\"auto, (max-width: 1024px) 100vw, 1024px\" \/><\/a><\/p>\n<p>&nbsp;<\/p>\n<p>Miranda Films\u00a0y\u00a0Caribbean Films Distribution\u00a0llevar\u00e1n a la pantalla grande la divertida historia \u201cS\u00faper familia\u201d, desde el pr\u00f3ximo jueves 20 de enero.<\/p>\n<p>En un encuentro realizado este 12 de enero se dieron a conocer los detalles de este nuevo filme, el cual dar\u00e1 apertura a la cartelera dominicana de este a\u00f1o.<\/p>\n<p>Bajo la direcci\u00f3n y guion original de\u00a0Roberto \u00c1ngel Salcedo, la cinta resalta un nuevo episodio en la vida de Juan Antonio (Roberto \u00c1ngel Salcedo\u00a0-S\u00faper Pap\u00e1 \/2017) y su familia. En esta oportunidad, con siete hijos y su esposa embarazada, se involucra en un negocio donde resulta enga\u00f1ado por su socio, y esto pone a toda la familia al borde de perderlo todo, y solo la uni\u00f3n, el amor y la fuerza ser\u00e1n determinantes para salir airosos de este proceso y otras situaciones llenas de hilaridad.<\/p>\n<p>Despu\u00e9s de dos a\u00f1os de haber filmado esta\u00a0pel\u00edcula, para\u00a0Miranda Films\u00a0es motivo de alegr\u00eda volver a exhibir sus producciones en la pantalla grande. Esta historia en particular promueve el valor de la unidad familiar, apela a sentimientos de solidaridad.<\/p>\n<p>\u201cEsta\u00a0pel\u00edcula\u00a0viene a ser un aliciente en estos tiempos que estamos viviendo, donde la familia ha sido la instituci\u00f3n perfecta para enfrentar todos los desaf\u00edos que se nos han presentado desde el inicio de la pandemia. Por eso, esta producci\u00f3n la hemos concebido como un homenaje a ese n\u00facleo de amor y de uni\u00f3n, que es lo que deseamos proyectar al p\u00fablico\u201d, expres\u00f3 Roberto \u00c1ngel.<\/p>\n<p>\u201cS\u00faper Familia\u201d re\u00fane a un elenco de reconocidos actores y varias figuras televisivas, que incluye a Eddy Herrera, Juan Carlos Pichardo, Orlando Urdaneta, Juan La Mur, Radham\u00e9s Esp\u00edritu, Sandra Berrocal, Manolo Ozuna, El Nag\u00fcero y Freddyn Beras Goico, entre otras figuras del entretenimiento.<\/p>\n","protected":false},"excerpt":{"rendered":"<p>&nbsp; Miranda Films\u00a0y\u00a0Caribbean Films Distribution\u00a0llevar\u00e1n a la pantalla grande la divertida historia \u201cS\u00faper familia\u201d, desde el pr\u00f3ximo jueves 20 de &#8230;<\/p>\n","protected":false},"author":2,"featured_media":112183,"comment_status":"open","ping_status":"open","sticky":false,"template":"","format":"standard","meta":{"footnotes":""},"categories":[31],"tags":[],"class_list":["post-112182","post","type-post","status-publish","format-standard","has-post-thumbnail","hentry","category-arte-y-espectaculo"],"yoast_head":"<!-- This site is optimized with the Yoast SEO plugin v24.8.1 - https:\/\/yoast.com\/wordpress\/plugins\/seo\/ -->\n<title>\u201cS\u00faper Familia\u201d, la pel\u00edcula de Roberto \u00c1ngel Salcedo, llega a los cines - PotenciaRadiofonicaDominicana.com<\/title>\n<meta name=\"robots\" content=\"index, follow, max-snippet:-1, max-image-preview:large, max-video-preview:-1\" \/>\n<link rel=\"canonical\" href=\"https:\/\/potenciaradiofonicadominicana.com\/portal\/super-familia-la-pelicula-de-roberto-angel-salcedo-llega-a-los-cines\/\" \/>\n<meta property=\"og:locale\" content=\"es_ES\" \/>\n<meta property=\"og:type\" content=\"article\" \/>\n<meta property=\"og:title\" content=\"\u201cS\u00faper Familia\u201d, la pel\u00edcula de Roberto \u00c1ngel Salcedo, llega a los cines - PotenciaRadiofonicaDominicana.com\" \/>\n<meta property=\"og:description\" content=\"&nbsp; Miranda Films\u00a0y\u00a0Caribbean Films Distribution\u00a0llevar\u00e1n a la pantalla grande la divertida historia \u201cS\u00faper familia\u201d, desde el pr\u00f3ximo jueves 20 de ...\" \/>\n<meta property=\"og:url\" content=\"https:\/\/potenciaradiofonicadominicana.com\/portal\/super-familia-la-pelicula-de-roberto-angel-salcedo-llega-a-los-cines\/\" \/>\n<meta property=\"og:site_name\" content=\"PotenciaRadiofonicaDominicana.com\" \/>\n<meta property=\"article:publisher\" content=\"https:\/\/web.facebook.com\/PotenciaRadiofonicaD\" \/>\n<meta property=\"article:published_time\" content=\"2022-01-13T18:18:42+00:00\" \/>\n<meta property=\"og:image\" content=\"https:\/\/potenciaradiofonicadominicana.com\/portal\/wp-content\/uploads\/2022\/01\/Sandra-Berrocal-.jpeg\" \/>\n\t<meta property=\"og:image:width\" content=\"1024\" \/>\n\t<meta property=\"og:image:height\" content=\"640\" \/>\n\t<meta property=\"og:image:type\" content=\"image\/jpeg\" \/>\n<meta name=\"author\" content=\"Potencia Radiof\u00f3nica Dominicana\" \/>\n<meta name=\"twitter:card\" content=\"summary_large_image\" \/>\n<meta name=\"twitter:label1\" content=\"Escrito por\" \/>\n\t<meta name=\"twitter:data1\" content=\"Potencia Radiof\u00f3nica Dominicana\" \/>\n\t<meta name=\"twitter:label2\" content=\"Tiempo de lectura\" \/>\n\t<meta name=\"twitter:data2\" content=\"2 minutos\" \/>\n<script type=\"application\/ld+json\" class=\"yoast-schema-graph\">{\"@context\":\"https:\/\/schema.org\",\"@graph\":[{\"@type\":\"Article\",\"@id\":\"https:\/\/potenciaradiofonicadominicana.com\/portal\/super-familia-la-pelicula-de-roberto-angel-salcedo-llega-a-los-cines\/#article\",\"isPartOf\":{\"@id\":\"https:\/\/potenciaradiofonicadominicana.com\/portal\/super-familia-la-pelicula-de-roberto-angel-salcedo-llega-a-los-cines\/\"},\"author\":{\"name\":\"Potencia Radiof\u00f3nica Dominicana\",\"@id\":\"https:\/\/potenciaradiofonicadominicana.com\/portal\/#\/schema\/person\/a5cf1fea13877803ee0573ac18b03490\"},\"headline\":\"\u201cS\u00faper Familia\u201d, la pel\u00edcula de Roberto \u00c1ngel Salcedo, llega a los cines\",\"datePublished\":\"2022-01-13T18:18:42+00:00\",\"mainEntityOfPage\":{\"@id\":\"https:\/\/potenciaradiofonicadominicana.com\/portal\/super-familia-la-pelicula-de-roberto-angel-salcedo-llega-a-los-cines\/\"},\"wordCount\":326,\"commentCount\":0,\"publisher\":{\"@id\":\"https:\/\/potenciaradiofonicadominicana.com\/portal\/#organization\"},\"image\":{\"@id\":\"https:\/\/potenciaradiofonicadominicana.com\/portal\/super-familia-la-pelicula-de-roberto-angel-salcedo-llega-a-los-cines\/#primaryimage\"},\"thumbnailUrl\":\"https:\/\/potenciaradiofonicadominicana.com\/portal\/wp-content\/uploads\/2022\/01\/Sandra-Berrocal-.jpeg\",\"articleSection\":[\"Arte y Espectaculo\"],\"inLanguage\":\"es\",\"potentialAction\":[{\"@type\":\"CommentAction\",\"name\":\"Comment\",\"target\":[\"https:\/\/potenciaradiofonicadominicana.com\/portal\/super-familia-la-pelicula-de-roberto-angel-salcedo-llega-a-los-cines\/#respond\"]}]},{\"@type\":\"WebPage\",\"@id\":\"https:\/\/potenciaradiofonicadominicana.com\/portal\/super-familia-la-pelicula-de-roberto-angel-salcedo-llega-a-los-cines\/\",\"url\":\"https:\/\/potenciaradiofonicadominicana.com\/portal\/super-familia-la-pelicula-de-roberto-angel-salcedo-llega-a-los-cines\/\",\"name\":\"\u201cS\u00faper Familia\u201d, la pel\u00edcula de Roberto \u00c1ngel Salcedo, llega a los cines - PotenciaRadiofonicaDominicana.com\",\"isPartOf\":{\"@id\":\"https:\/\/potenciaradiofonicadominicana.com\/portal\/#website\"},\"primaryImageOfPage\":{\"@id\":\"https:\/\/potenciaradiofonicadominicana.com\/portal\/super-familia-la-pelicula-de-roberto-angel-salcedo-llega-a-los-cines\/#primaryimage\"},\"image\":{\"@id\":\"https:\/\/potenciaradiofonicadominicana.com\/portal\/super-familia-la-pelicula-de-roberto-angel-salcedo-llega-a-los-cines\/#primaryimage\"},\"thumbnailUrl\":\"https:\/\/potenciaradiofonicadominicana.com\/portal\/wp-content\/uploads\/2022\/01\/Sandra-Berrocal-.jpeg\",\"datePublished\":\"2022-01-13T18:18:42+00:00\",\"breadcrumb\":{\"@id\":\"https:\/\/potenciaradiofonicadominicana.com\/portal\/super-familia-la-pelicula-de-roberto-angel-salcedo-llega-a-los-cines\/#breadcrumb\"},\"inLanguage\":\"es\",\"potentialAction\":[{\"@type\":\"ReadAction\",\"target\":[\"https:\/\/potenciaradiofonicadominicana.com\/portal\/super-familia-la-pelicula-de-roberto-angel-salcedo-llega-a-los-cines\/\"]}]},{\"@type\":\"ImageObject\",\"inLanguage\":\"es\",\"@id\":\"https:\/\/potenciaradiofonicadominicana.com\/portal\/super-familia-la-pelicula-de-roberto-angel-salcedo-llega-a-los-cines\/#primaryimage\",\"url\":\"https:\/\/potenciaradiofonicadominicana.com\/portal\/wp-content\/uploads\/2022\/01\/Sandra-Berrocal-.jpeg\",\"contentUrl\":\"https:\/\/potenciaradiofonicadominicana.com\/portal\/wp-content\/uploads\/2022\/01\/Sandra-Berrocal-.jpeg\",\"width\":1024,\"height\":640},{\"@type\":\"BreadcrumbList\",\"@id\":\"https:\/\/potenciaradiofonicadominicana.com\/portal\/super-familia-la-pelicula-de-roberto-angel-salcedo-llega-a-los-cines\/#breadcrumb\",\"itemListElement\":[{\"@type\":\"ListItem\",\"position\":1,\"name\":\"Portada\",\"item\":\"https:\/\/potenciaradiofonicadominicana.com\/portal\/\"},{\"@type\":\"ListItem\",\"position\":2,\"name\":\"\u201cS\u00faper Familia\u201d, la pel\u00edcula de Roberto \u00c1ngel Salcedo, llega a los cines\"}]},{\"@type\":\"WebSite\",\"@id\":\"https:\/\/potenciaradiofonicadominicana.com\/portal\/#website\",\"url\":\"https:\/\/potenciaradiofonicadominicana.com\/portal\/\",\"name\":\"PotenciaRadiofonicaDominicana.com\",\"description\":\"Peri\u00f3dico Digital\",\"publisher\":{\"@id\":\"https:\/\/potenciaradiofonicadominicana.com\/portal\/#organization\"},\"potentialAction\":[{\"@type\":\"SearchAction\",\"target\":{\"@type\":\"EntryPoint\",\"urlTemplate\":\"https:\/\/potenciaradiofonicadominicana.com\/portal\/?s={search_term_string}\"},\"query-input\":{\"@type\":\"PropertyValueSpecification\",\"valueRequired\":true,\"valueName\":\"search_term_string\"}}],\"inLanguage\":\"es\"},{\"@type\":\"Organization\",\"@id\":\"https:\/\/potenciaradiofonicadominicana.com\/portal\/#organization\",\"name\":\"PotenciaRadiofonicaDominicana.com\",\"url\":\"https:\/\/potenciaradiofonicadominicana.com\/portal\/\",\"logo\":{\"@type\":\"ImageObject\",\"inLanguage\":\"es\",\"@id\":\"https:\/\/potenciaradiofonicadominicana.com\/portal\/#\/schema\/logo\/image\/\",\"url\":\"https:\/\/potenciaradiofonicadominicana.com\/portal\/wp-content\/uploads\/2022\/01\/descarga.png\",\"contentUrl\":\"https:\/\/potenciaradiofonicadominicana.com\/portal\/wp-content\/uploads\/2022\/01\/descarga.png\",\"width\":300,\"height\":100,\"caption\":\"PotenciaRadiofonicaDominicana.com\"},\"image\":{\"@id\":\"https:\/\/potenciaradiofonicadominicana.com\/portal\/#\/schema\/logo\/image\/\"},\"sameAs\":[\"https:\/\/web.facebook.com\/PotenciaRadiofonicaD\"]},{\"@type\":\"Person\",\"@id\":\"https:\/\/potenciaradiofonicadominicana.com\/portal\/#\/schema\/person\/a5cf1fea13877803ee0573ac18b03490\",\"name\":\"Potencia Radiof\u00f3nica Dominicana\",\"image\":{\"@type\":\"ImageObject\",\"inLanguage\":\"es\",\"@id\":\"https:\/\/potenciaradiofonicadominicana.com\/portal\/#\/schema\/person\/image\/\",\"url\":\"https:\/\/secure.gravatar.com\/avatar\/42a55ab9e8ccc656ba34cd791990602a?s=96&d=mm&r=g\",\"contentUrl\":\"https:\/\/secure.gravatar.com\/avatar\/42a55ab9e8ccc656ba34cd791990602a?s=96&d=mm&r=g\",\"caption\":\"Potencia Radiof\u00f3nica Dominicana\"},\"url\":\"https:\/\/potenciaradiofonicadominicana.com\/portal\/author\/johannyalmanzar\/\"}]}<\/script>\n<!-- \/ Yoast SEO plugin. -->","yoast_head_json":{"title":"\u201cS\u00faper Familia\u201d, la pel\u00edcula de Roberto \u00c1ngel Salcedo, llega a los cines - PotenciaRadiofonicaDominicana.com","robots":{"index":"index","follow":"follow","max-snippet":"max-snippet:-1","max-image-preview":"max-image-preview:large","max-video-preview":"max-video-preview:-1"},"canonical":"https:\/\/potenciaradiofonicadominicana.com\/portal\/super-familia-la-pelicula-de-roberto-angel-salcedo-llega-a-los-cines\/","og_locale":"es_ES","og_type":"article","og_title":"\u201cS\u00faper Familia\u201d, la pel\u00edcula de Roberto \u00c1ngel Salcedo, llega a los cines - PotenciaRadiofonicaDominicana.com","og_description":"&nbsp; Miranda Films\u00a0y\u00a0Caribbean Films Distribution\u00a0llevar\u00e1n a la pantalla grande la divertida historia \u201cS\u00faper familia\u201d, desde el pr\u00f3ximo jueves 20 de ...","og_url":"https:\/\/potenciaradiofonicadominicana.com\/portal\/super-familia-la-pelicula-de-roberto-angel-salcedo-llega-a-los-cines\/","og_site_name":"PotenciaRadiofonicaDominicana.com","article_publisher":"https:\/\/web.facebook.com\/PotenciaRadiofonicaD","article_published_time":"2022-01-13T18:18:42+00:00","og_image":[{"width":1024,"height":640,"url":"https:\/\/potenciaradiofonicadominicana.com\/portal\/wp-content\/uploads\/2022\/01\/Sandra-Berrocal-.jpeg","type":"image\/jpeg"}],"author":"Potencia Radiof\u00f3nica Dominicana","twitter_card":"summary_large_image","twitter_misc":{"Escrito por":"Potencia Radiof\u00f3nica Dominicana","Tiempo de lectura":"2 minutos"},"schema":{"@context":"https:\/\/schema.org","@graph":[{"@type":"Article","@id":"https:\/\/potenciaradiofonicadominicana.com\/portal\/super-familia-la-pelicula-de-roberto-angel-salcedo-llega-a-los-cines\/#article","isPartOf":{"@id":"https:\/\/potenciaradiofonicadominicana.com\/portal\/super-familia-la-pelicula-de-roberto-angel-salcedo-llega-a-los-cines\/"},"author":{"name":"Potencia Radiof\u00f3nica Dominicana","@id":"https:\/\/potenciaradiofonicadominicana.com\/portal\/#\/schema\/person\/a5cf1fea13877803ee0573ac18b03490"},"headline":"\u201cS\u00faper Familia\u201d, la pel\u00edcula de Roberto \u00c1ngel Salcedo, llega a los cines","datePublished":"2022-01-13T18:18:42+00:00","mainEntityOfPage":{"@id":"https:\/\/potenciaradiofonicadominicana.com\/portal\/super-familia-la-pelicula-de-roberto-angel-salcedo-llega-a-los-cines\/"},"wordCount":326,"commentCount":0,"publisher":{"@id":"https:\/\/potenciaradiofonicadominicana.com\/portal\/#organization"},"image":{"@id":"https:\/\/potenciaradiofonicadominicana.com\/portal\/super-familia-la-pelicula-de-roberto-angel-salcedo-llega-a-los-cines\/#primaryimage"},"thumbnailUrl":"https:\/\/potenciaradiofonicadominicana.com\/portal\/wp-content\/uploads\/2022\/01\/Sandra-Berrocal-.jpeg","articleSection":["Arte y Espectaculo"],"inLanguage":"es","potentialAction":[{"@type":"CommentAction","name":"Comment","target":["https:\/\/potenciaradiofonicadominicana.com\/portal\/super-familia-la-pelicula-de-roberto-angel-salcedo-llega-a-los-cines\/#respond"]}]},{"@type":"WebPage","@id":"https:\/\/potenciaradiofonicadominicana.com\/portal\/super-familia-la-pelicula-de-roberto-angel-salcedo-llega-a-los-cines\/","url":"https:\/\/potenciaradiofonicadominicana.com\/portal\/super-familia-la-pelicula-de-roberto-angel-salcedo-llega-a-los-cines\/","name":"\u201cS\u00faper Familia\u201d, la pel\u00edcula de Roberto \u00c1ngel Salcedo, llega a los cines - PotenciaRadiofonicaDominicana.com","isPartOf":{"@id":"https:\/\/potenciaradiofonicadominicana.com\/portal\/#website"},"primaryImageOfPage":{"@id":"https:\/\/potenciaradiofonicadominicana.com\/portal\/super-familia-la-pelicula-de-roberto-angel-salcedo-llega-a-los-cines\/#primaryimage"},"image":{"@id":"https:\/\/potenciaradiofonicadominicana.com\/portal\/super-familia-la-pelicula-de-roberto-angel-salcedo-llega-a-los-cines\/#primaryimage"},"thumbnailUrl":"https:\/\/potenciaradiofonicadominicana.com\/portal\/wp-content\/uploads\/2022\/01\/Sandra-Berrocal-.jpeg","datePublished":"2022-01-13T18:18:42+00:00","breadcrumb":{"@id":"https:\/\/potenciaradiofonicadominicana.com\/portal\/super-familia-la-pelicula-de-roberto-angel-salcedo-llega-a-los-cines\/#breadcrumb"},"inLanguage":"es","potentialAction":[{"@type":"ReadAction","target":["https:\/\/potenciaradiofonicadominicana.com\/portal\/super-familia-la-pelicula-de-roberto-angel-salcedo-llega-a-los-cines\/"]}]},{"@type":"ImageObject","inLanguage":"es","@id":"https:\/\/potenciaradiofonicadominicana.com\/portal\/super-familia-la-pelicula-de-roberto-angel-salcedo-llega-a-los-cines\/#primaryimage","url":"https:\/\/potenciaradiofonicadominicana.com\/portal\/wp-content\/uploads\/2022\/01\/Sandra-Berrocal-.jpeg","contentUrl":"https:\/\/potenciaradiofonicadominicana.com\/portal\/wp-content\/uploads\/2022\/01\/Sandra-Berrocal-.jpeg","width":1024,"height":640},{"@type":"BreadcrumbList","@id":"https:\/\/potenciaradiofonicadominicana.com\/portal\/super-familia-la-pelicula-de-roberto-angel-salcedo-llega-a-los-cines\/#breadcrumb","itemListElement":[{"@type":"ListItem","position":1,"name":"Portada","item":"https:\/\/potenciaradiofonicadominicana.com\/portal\/"},{"@type":"ListItem","position":2,"name":"\u201cS\u00faper Familia\u201d, la pel\u00edcula de Roberto \u00c1ngel Salcedo, llega a los cines"}]},{"@type":"WebSite","@id":"https:\/\/potenciaradiofonicadominicana.com\/portal\/#website","url":"https:\/\/potenciaradiofonicadominicana.com\/portal\/","name":"PotenciaRadiofonicaDominicana.com","description":"Peri\u00f3dico Digital","publisher":{"@id":"https:\/\/potenciaradiofonicadominicana.com\/portal\/#organization"},"potentialAction":[{"@type":"SearchAction","target":{"@type":"EntryPoint","urlTemplate":"https:\/\/potenciaradiofonicadominicana.com\/portal\/?s={search_term_string}"},"query-input":{"@type":"PropertyValueSpecification","valueRequired":true,"valueName":"search_term_string"}}],"inLanguage":"es"},{"@type":"Organization","@id":"https:\/\/potenciaradiofonicadominicana.com\/portal\/#organization","name":"PotenciaRadiofonicaDominicana.com","url":"https:\/\/potenciaradiofonicadominicana.com\/portal\/","logo":{"@type":"ImageObject","inLanguage":"es","@id":"https:\/\/potenciaradiofonicadominicana.com\/portal\/#\/schema\/logo\/image\/","url":"https:\/\/potenciaradiofonicadominicana.com\/portal\/wp-content\/uploads\/2022\/01\/descarga.png","contentUrl":"https:\/\/potenciaradiofonicadominicana.com\/portal\/wp-content\/uploads\/2022\/01\/descarga.png","width":300,"height":100,"caption":"PotenciaRadiofonicaDominicana.com"},"image":{"@id":"https:\/\/potenciaradiofonicadominicana.com\/portal\/#\/schema\/logo\/image\/"},"sameAs":["https:\/\/web.facebook.com\/PotenciaRadiofonicaD"]},{"@type":"Person","@id":"https:\/\/potenciaradiofonicadominicana.com\/portal\/#\/schema\/person\/a5cf1fea13877803ee0573ac18b03490","name":"Potencia Radiof\u00f3nica Dominicana","image":{"@type":"ImageObject","inLanguage":"es","@id":"https:\/\/potenciaradiofonicadominicana.com\/portal\/#\/schema\/person\/image\/","url":"https:\/\/secure.gravatar.com\/avatar\/42a55ab9e8ccc656ba34cd791990602a?s=96&d=mm&r=g","contentUrl":"https:\/\/secure.gravatar.com\/avatar\/42a55ab9e8ccc656ba34cd791990602a?s=96&d=mm&r=g","caption":"Potencia Radiof\u00f3nica Dominicana"},"url":"https:\/\/potenciaradiofonicadominicana.com\/portal\/author\/johannyalmanzar\/"}]}},"_links":{"self":[{"href":"https:\/\/potenciaradiofonicadominicana.com\/portal\/wp-json\/wp\/v2\/posts\/112182","targetHints":{"allow":["GET"]}}],"collection":[{"href":"https:\/\/potenciaradiofonicadominicana.com\/portal\/wp-json\/wp\/v2\/posts"}],"about":[{"href":"https:\/\/potenciaradiofonicadominicana.com\/portal\/wp-json\/wp\/v2\/types\/post"}],"author":[{"embeddable":true,"href":"https:\/\/potenciaradiofonicadominicana.com\/portal\/wp-json\/wp\/v2\/users\/2"}],"replies":[{"embeddable":true,"href":"https:\/\/potenciaradiofonicadominicana.com\/portal\/wp-json\/wp\/v2\/comments?post=112182"}],"version-history":[{"count":1,"href":"https:\/\/potenciaradiofonicadominicana.com\/portal\/wp-json\/wp\/v2\/posts\/112182\/revisions"}],"predecessor-version":[{"id":112184,"href":"https:\/\/potenciaradiofonicadominicana.com\/portal\/wp-json\/wp\/v2\/posts\/112182\/revisions\/112184"}],"wp:featuredmedia":[{"embeddable":true,"href":"https:\/\/potenciaradiofonicadominicana.com\/portal\/wp-json\/wp\/v2\/media\/112183"}],"wp:attachment":[{"href":"https:\/\/potenciaradiofonicadominicana.com\/portal\/wp-json\/wp\/v2\/media?parent=112182"}],"wp:term":[{"taxonomy":"category","embeddable":true,"href":"https:\/\/potenciaradiofonicadominicana.com\/portal\/wp-json\/wp\/v2\/categories?post=112182"},{"taxonomy":"post_tag","embeddable":true,"href":"https:\/\/potenciaradiofonicadominicana.com\/portal\/wp-json\/wp\/v2\/tags?post=112182"}],"curies":[{"name":"wp","href":"https:\/\/api.w.org\/{rel}","templated":true}]}}