{"id":112131,"date":"2022-01-13T12:38:42","date_gmt":"2022-01-13T16:38:42","guid":{"rendered":"https:\/\/potenciaradiofonicadominicana.com\/portal\/?p=112131"},"modified":"2022-01-13T12:38:42","modified_gmt":"2022-01-13T16:38:42","slug":"hrw-denuncia-la-impunidad-de-las-pandillas-en-haiti-y-la-complicidad-politica","status":"publish","type":"post","link":"https:\/\/potenciaradiofonicadominicana.com\/portal\/hrw-denuncia-la-impunidad-de-las-pandillas-en-haiti-y-la-complicidad-politica\/","title":{"rendered":"HRW denuncia la impunidad de las pandillas en Hait\u00ed y la complicidad pol\u00edtica"},"content":{"rendered":"<p><a href=\"https:\/\/potenciaradiofonicadominicana.com\/portal\/wp-content\/uploads\/2022\/01\/202201131241041.jpeg\"><img loading=\"lazy\" decoding=\"async\" class=\"alignnone size-full wp-image-112132\" src=\"https:\/\/potenciaradiofonicadominicana.com\/portal\/wp-content\/uploads\/2022\/01\/202201131241041.jpeg\" alt=\"\" width=\"680\" height=\"441\" srcset=\"https:\/\/potenciaradiofonicadominicana.com\/portal\/wp-content\/uploads\/2022\/01\/202201131241041.jpeg 680w, https:\/\/potenciaradiofonicadominicana.com\/portal\/wp-content\/uploads\/2022\/01\/202201131241041-300x195.jpeg 300w\" sizes=\"auto, (max-width: 680px) 100vw, 680px\" \/><\/a><\/p>\n<p>La violencia de las pandillas que luchan por el territorio en Hait\u00ed a menudo est\u00e1 vinculada a actores estatales en supuesta connivencia con esos grupos armados, afirma este jueves el informe anual de Human Rights Watch (HRW), que se basa en informaciones de grupos de la sociedad civil.<\/p>\n<p>El documento, que recopila los hechos m\u00e1s relevantes en el pa\u00eds durante 2021, expone la situaci\u00f3n de violencia provocada por unas 95 bandas armadas en conflicto por el control de diferentes \u00e1reas de Puerto Pr\u00edncipe, donde viven 1,5 millones de personas.<\/p>\n<p>La inseguridad forz\u00f3 el desplazamiento de sus hogares de 19.100 personas en la zona metropolitana de Puerto Pr\u00edncipe en 2021, se\u00f1ala el informe.<\/p>\n<p>Esta situaci\u00f3n de violencia se habr\u00eda visto exacerbada por la supuesta complicidad entre pol\u00edticos y bandas que act\u00faan en algunos barrios conflictivos de la capital, se\u00f1ala el informe de la ONG.<\/p>\n<p>\u00abEn Cit\u00e9 Soleil muri\u00f3 un menor en enfrentamientos entre bandas en los que tambi\u00e9n murieron 10 de sus miembros y en Delmas 32 y otros barrios, hombres armados mataron a 19 personas\u00bb, seg\u00fan la Oficina de Coordinaci\u00f3n de Asuntos Humanitarios de la ONU.<\/p>\n<p>Al momento de redactar este informe, nadie hab\u00eda sido acusado ni condenado por estas masacres, denunci\u00f3 HRW, que en el documento menciona al expolic\u00eda Jimmy Ch\u00e9rizier, alias \u00abBarbecue\u00bb, l\u00edder la federaci\u00f3n de pandillas G9 an Fanmi e Alye.<\/p>\n<p>Ch\u00e9rizier est\u00e1 presuntamente implicado en la mayor\u00eda de las masacres perpetradas en los barrios m\u00e1s conflictivos de la capital y permanece en libertad, denuncia el informe.<\/p>\n<p>La crisis sociopol\u00edtica que ven\u00eda arrastrando Hait\u00ed se recrudeci\u00f3 en 2021 tras el magnicidio del presidente Jovenel Moise, perpetrado el 7 de julio, suceso al que sigui\u00f3 un terremoto de magnitud 7,2 que sacudi\u00f3 la pen\u00ednsula sur del pa\u00eds, dejando 2.246 muertos m\u00e1s de 12.700 heridos, 329 desaparecidos y 26.000 desplazados, recuerda el informe.<\/p>\n","protected":false},"excerpt":{"rendered":"<p>La violencia de las pandillas que luchan por el territorio en Hait\u00ed a menudo est\u00e1 vinculada a actores estatales en &#8230;<\/p>\n","protected":false},"author":2,"featured_media":112132,"comment_status":"open","ping_status":"open","sticky":false,"template":"","format":"standard","meta":{"footnotes":""},"categories":[30],"tags":[],"class_list":["post-112131","post","type-post","status-publish","format-standard","has-post-thumbnail","hentry","category-internacional"],"yoast_head":"<!-- This site is optimized with the Yoast SEO plugin v24.8.1 - https:\/\/yoast.com\/wordpress\/plugins\/seo\/ -->\n<title>HRW denuncia la impunidad de las pandillas en Hait\u00ed y la complicidad pol\u00edtica - PotenciaRadiofonicaDominicana.com<\/title>\n<meta name=\"robots\" content=\"index, follow, max-snippet:-1, max-image-preview:large, max-video-preview:-1\" \/>\n<link rel=\"canonical\" href=\"https:\/\/potenciaradiofonicadominicana.com\/portal\/hrw-denuncia-la-impunidad-de-las-pandillas-en-haiti-y-la-complicidad-politica\/\" \/>\n<meta property=\"og:locale\" content=\"es_ES\" \/>\n<meta property=\"og:type\" content=\"article\" \/>\n<meta property=\"og:title\" content=\"HRW denuncia la impunidad de las pandillas en Hait\u00ed y la complicidad pol\u00edtica - PotenciaRadiofonicaDominicana.com\" \/>\n<meta property=\"og:description\" content=\"La violencia de las pandillas que luchan por el territorio en Hait\u00ed a menudo est\u00e1 vinculada a actores estatales en ...\" \/>\n<meta property=\"og:url\" content=\"https:\/\/potenciaradiofonicadominicana.com\/portal\/hrw-denuncia-la-impunidad-de-las-pandillas-en-haiti-y-la-complicidad-politica\/\" \/>\n<meta property=\"og:site_name\" content=\"PotenciaRadiofonicaDominicana.com\" \/>\n<meta property=\"article:publisher\" content=\"https:\/\/web.facebook.com\/PotenciaRadiofonicaD\" \/>\n<meta property=\"article:published_time\" content=\"2022-01-13T16:38:42+00:00\" \/>\n<meta property=\"og:image\" content=\"https:\/\/potenciaradiofonicadominicana.com\/portal\/wp-content\/uploads\/2022\/01\/202201131241041.jpeg\" \/>\n\t<meta property=\"og:image:width\" content=\"680\" \/>\n\t<meta property=\"og:image:height\" content=\"441\" \/>\n\t<meta property=\"og:image:type\" content=\"image\/jpeg\" \/>\n<meta name=\"author\" content=\"Potencia Radiof\u00f3nica Dominicana\" \/>\n<meta name=\"twitter:card\" content=\"summary_large_image\" \/>\n<meta name=\"twitter:label1\" content=\"Escrito por\" \/>\n\t<meta name=\"twitter:data1\" content=\"Potencia Radiof\u00f3nica Dominicana\" \/>\n\t<meta name=\"twitter:label2\" content=\"Tiempo de lectura\" \/>\n\t<meta name=\"twitter:data2\" content=\"2 minutos\" \/>\n<script type=\"application\/ld+json\" class=\"yoast-schema-graph\">{\"@context\":\"https:\/\/schema.org\",\"@graph\":[{\"@type\":\"Article\",\"@id\":\"https:\/\/potenciaradiofonicadominicana.com\/portal\/hrw-denuncia-la-impunidad-de-las-pandillas-en-haiti-y-la-complicidad-politica\/#article\",\"isPartOf\":{\"@id\":\"https:\/\/potenciaradiofonicadominicana.com\/portal\/hrw-denuncia-la-impunidad-de-las-pandillas-en-haiti-y-la-complicidad-politica\/\"},\"author\":{\"name\":\"Potencia Radiof\u00f3nica Dominicana\",\"@id\":\"https:\/\/potenciaradiofonicadominicana.com\/portal\/#\/schema\/person\/a5cf1fea13877803ee0573ac18b03490\"},\"headline\":\"HRW denuncia la impunidad de las pandillas en Hait\u00ed y la complicidad pol\u00edtica\",\"datePublished\":\"2022-01-13T16:38:42+00:00\",\"mainEntityOfPage\":{\"@id\":\"https:\/\/potenciaradiofonicadominicana.com\/portal\/hrw-denuncia-la-impunidad-de-las-pandillas-en-haiti-y-la-complicidad-politica\/\"},\"wordCount\":330,\"commentCount\":0,\"publisher\":{\"@id\":\"https:\/\/potenciaradiofonicadominicana.com\/portal\/#organization\"},\"image\":{\"@id\":\"https:\/\/potenciaradiofonicadominicana.com\/portal\/hrw-denuncia-la-impunidad-de-las-pandillas-en-haiti-y-la-complicidad-politica\/#primaryimage\"},\"thumbnailUrl\":\"https:\/\/potenciaradiofonicadominicana.com\/portal\/wp-content\/uploads\/2022\/01\/202201131241041.jpeg\",\"articleSection\":[\"Internacional\"],\"inLanguage\":\"es\",\"potentialAction\":[{\"@type\":\"CommentAction\",\"name\":\"Comment\",\"target\":[\"https:\/\/potenciaradiofonicadominicana.com\/portal\/hrw-denuncia-la-impunidad-de-las-pandillas-en-haiti-y-la-complicidad-politica\/#respond\"]}]},{\"@type\":\"WebPage\",\"@id\":\"https:\/\/potenciaradiofonicadominicana.com\/portal\/hrw-denuncia-la-impunidad-de-las-pandillas-en-haiti-y-la-complicidad-politica\/\",\"url\":\"https:\/\/potenciaradiofonicadominicana.com\/portal\/hrw-denuncia-la-impunidad-de-las-pandillas-en-haiti-y-la-complicidad-politica\/\",\"name\":\"HRW denuncia la impunidad de las pandillas en Hait\u00ed y la complicidad pol\u00edtica - PotenciaRadiofonicaDominicana.com\",\"isPartOf\":{\"@id\":\"https:\/\/potenciaradiofonicadominicana.com\/portal\/#website\"},\"primaryImageOfPage\":{\"@id\":\"https:\/\/potenciaradiofonicadominicana.com\/portal\/hrw-denuncia-la-impunidad-de-las-pandillas-en-haiti-y-la-complicidad-politica\/#primaryimage\"},\"image\":{\"@id\":\"https:\/\/potenciaradiofonicadominicana.com\/portal\/hrw-denuncia-la-impunidad-de-las-pandillas-en-haiti-y-la-complicidad-politica\/#primaryimage\"},\"thumbnailUrl\":\"https:\/\/potenciaradiofonicadominicana.com\/portal\/wp-content\/uploads\/2022\/01\/202201131241041.jpeg\",\"datePublished\":\"2022-01-13T16:38:42+00:00\",\"breadcrumb\":{\"@id\":\"https:\/\/potenciaradiofonicadominicana.com\/portal\/hrw-denuncia-la-impunidad-de-las-pandillas-en-haiti-y-la-complicidad-politica\/#breadcrumb\"},\"inLanguage\":\"es\",\"potentialAction\":[{\"@type\":\"ReadAction\",\"target\":[\"https:\/\/potenciaradiofonicadominicana.com\/portal\/hrw-denuncia-la-impunidad-de-las-pandillas-en-haiti-y-la-complicidad-politica\/\"]}]},{\"@type\":\"ImageObject\",\"inLanguage\":\"es\",\"@id\":\"https:\/\/potenciaradiofonicadominicana.com\/portal\/hrw-denuncia-la-impunidad-de-las-pandillas-en-haiti-y-la-complicidad-politica\/#primaryimage\",\"url\":\"https:\/\/potenciaradiofonicadominicana.com\/portal\/wp-content\/uploads\/2022\/01\/202201131241041.jpeg\",\"contentUrl\":\"https:\/\/potenciaradiofonicadominicana.com\/portal\/wp-content\/uploads\/2022\/01\/202201131241041.jpeg\",\"width\":680,\"height\":441},{\"@type\":\"BreadcrumbList\",\"@id\":\"https:\/\/potenciaradiofonicadominicana.com\/portal\/hrw-denuncia-la-impunidad-de-las-pandillas-en-haiti-y-la-complicidad-politica\/#breadcrumb\",\"itemListElement\":[{\"@type\":\"ListItem\",\"position\":1,\"name\":\"Portada\",\"item\":\"https:\/\/potenciaradiofonicadominicana.com\/portal\/\"},{\"@type\":\"ListItem\",\"position\":2,\"name\":\"HRW denuncia la impunidad de las pandillas en Hait\u00ed y la complicidad pol\u00edtica\"}]},{\"@type\":\"WebSite\",\"@id\":\"https:\/\/potenciaradiofonicadominicana.com\/portal\/#website\",\"url\":\"https:\/\/potenciaradiofonicadominicana.com\/portal\/\",\"name\":\"PotenciaRadiofonicaDominicana.com\",\"description\":\"Peri\u00f3dico Digital\",\"publisher\":{\"@id\":\"https:\/\/potenciaradiofonicadominicana.com\/portal\/#organization\"},\"potentialAction\":[{\"@type\":\"SearchAction\",\"target\":{\"@type\":\"EntryPoint\",\"urlTemplate\":\"https:\/\/potenciaradiofonicadominicana.com\/portal\/?s={search_term_string}\"},\"query-input\":{\"@type\":\"PropertyValueSpecification\",\"valueRequired\":true,\"valueName\":\"search_term_string\"}}],\"inLanguage\":\"es\"},{\"@type\":\"Organization\",\"@id\":\"https:\/\/potenciaradiofonicadominicana.com\/portal\/#organization\",\"name\":\"PotenciaRadiofonicaDominicana.com\",\"url\":\"https:\/\/potenciaradiofonicadominicana.com\/portal\/\",\"logo\":{\"@type\":\"ImageObject\",\"inLanguage\":\"es\",\"@id\":\"https:\/\/potenciaradiofonicadominicana.com\/portal\/#\/schema\/logo\/image\/\",\"url\":\"https:\/\/potenciaradiofonicadominicana.com\/portal\/wp-content\/uploads\/2022\/01\/descarga.png\",\"contentUrl\":\"https:\/\/potenciaradiofonicadominicana.com\/portal\/wp-content\/uploads\/2022\/01\/descarga.png\",\"width\":300,\"height\":100,\"caption\":\"PotenciaRadiofonicaDominicana.com\"},\"image\":{\"@id\":\"https:\/\/potenciaradiofonicadominicana.com\/portal\/#\/schema\/logo\/image\/\"},\"sameAs\":[\"https:\/\/web.facebook.com\/PotenciaRadiofonicaD\"]},{\"@type\":\"Person\",\"@id\":\"https:\/\/potenciaradiofonicadominicana.com\/portal\/#\/schema\/person\/a5cf1fea13877803ee0573ac18b03490\",\"name\":\"Potencia Radiof\u00f3nica Dominicana\",\"image\":{\"@type\":\"ImageObject\",\"inLanguage\":\"es\",\"@id\":\"https:\/\/potenciaradiofonicadominicana.com\/portal\/#\/schema\/person\/image\/\",\"url\":\"https:\/\/secure.gravatar.com\/avatar\/42a55ab9e8ccc656ba34cd791990602a?s=96&d=mm&r=g\",\"contentUrl\":\"https:\/\/secure.gravatar.com\/avatar\/42a55ab9e8ccc656ba34cd791990602a?s=96&d=mm&r=g\",\"caption\":\"Potencia Radiof\u00f3nica Dominicana\"},\"url\":\"https:\/\/potenciaradiofonicadominicana.com\/portal\/author\/johannyalmanzar\/\"}]}<\/script>\n<!-- \/ Yoast SEO plugin. -->","yoast_head_json":{"title":"HRW denuncia la impunidad de las pandillas en Hait\u00ed y la complicidad pol\u00edtica - PotenciaRadiofonicaDominicana.com","robots":{"index":"index","follow":"follow","max-snippet":"max-snippet:-1","max-image-preview":"max-image-preview:large","max-video-preview":"max-video-preview:-1"},"canonical":"https:\/\/potenciaradiofonicadominicana.com\/portal\/hrw-denuncia-la-impunidad-de-las-pandillas-en-haiti-y-la-complicidad-politica\/","og_locale":"es_ES","og_type":"article","og_title":"HRW denuncia la impunidad de las pandillas en Hait\u00ed y la complicidad pol\u00edtica - PotenciaRadiofonicaDominicana.com","og_description":"La violencia de las pandillas que luchan por el territorio en Hait\u00ed a menudo est\u00e1 vinculada a actores estatales en ...","og_url":"https:\/\/potenciaradiofonicadominicana.com\/portal\/hrw-denuncia-la-impunidad-de-las-pandillas-en-haiti-y-la-complicidad-politica\/","og_site_name":"PotenciaRadiofonicaDominicana.com","article_publisher":"https:\/\/web.facebook.com\/PotenciaRadiofonicaD","article_published_time":"2022-01-13T16:38:42+00:00","og_image":[{"width":680,"height":441,"url":"https:\/\/potenciaradiofonicadominicana.com\/portal\/wp-content\/uploads\/2022\/01\/202201131241041.jpeg","type":"image\/jpeg"}],"author":"Potencia Radiof\u00f3nica Dominicana","twitter_card":"summary_large_image","twitter_misc":{"Escrito por":"Potencia Radiof\u00f3nica Dominicana","Tiempo de lectura":"2 minutos"},"schema":{"@context":"https:\/\/schema.org","@graph":[{"@type":"Article","@id":"https:\/\/potenciaradiofonicadominicana.com\/portal\/hrw-denuncia-la-impunidad-de-las-pandillas-en-haiti-y-la-complicidad-politica\/#article","isPartOf":{"@id":"https:\/\/potenciaradiofonicadominicana.com\/portal\/hrw-denuncia-la-impunidad-de-las-pandillas-en-haiti-y-la-complicidad-politica\/"},"author":{"name":"Potencia Radiof\u00f3nica Dominicana","@id":"https:\/\/potenciaradiofonicadominicana.com\/portal\/#\/schema\/person\/a5cf1fea13877803ee0573ac18b03490"},"headline":"HRW denuncia la impunidad de las pandillas en Hait\u00ed y la complicidad pol\u00edtica","datePublished":"2022-01-13T16:38:42+00:00","mainEntityOfPage":{"@id":"https:\/\/potenciaradiofonicadominicana.com\/portal\/hrw-denuncia-la-impunidad-de-las-pandillas-en-haiti-y-la-complicidad-politica\/"},"wordCount":330,"commentCount":0,"publisher":{"@id":"https:\/\/potenciaradiofonicadominicana.com\/portal\/#organization"},"image":{"@id":"https:\/\/potenciaradiofonicadominicana.com\/portal\/hrw-denuncia-la-impunidad-de-las-pandillas-en-haiti-y-la-complicidad-politica\/#primaryimage"},"thumbnailUrl":"https:\/\/potenciaradiofonicadominicana.com\/portal\/wp-content\/uploads\/2022\/01\/202201131241041.jpeg","articleSection":["Internacional"],"inLanguage":"es","potentialAction":[{"@type":"CommentAction","name":"Comment","target":["https:\/\/potenciaradiofonicadominicana.com\/portal\/hrw-denuncia-la-impunidad-de-las-pandillas-en-haiti-y-la-complicidad-politica\/#respond"]}]},{"@type":"WebPage","@id":"https:\/\/potenciaradiofonicadominicana.com\/portal\/hrw-denuncia-la-impunidad-de-las-pandillas-en-haiti-y-la-complicidad-politica\/","url":"https:\/\/potenciaradiofonicadominicana.com\/portal\/hrw-denuncia-la-impunidad-de-las-pandillas-en-haiti-y-la-complicidad-politica\/","name":"HRW denuncia la impunidad de las pandillas en Hait\u00ed y la complicidad pol\u00edtica - PotenciaRadiofonicaDominicana.com","isPartOf":{"@id":"https:\/\/potenciaradiofonicadominicana.com\/portal\/#website"},"primaryImageOfPage":{"@id":"https:\/\/potenciaradiofonicadominicana.com\/portal\/hrw-denuncia-la-impunidad-de-las-pandillas-en-haiti-y-la-complicidad-politica\/#primaryimage"},"image":{"@id":"https:\/\/potenciaradiofonicadominicana.com\/portal\/hrw-denuncia-la-impunidad-de-las-pandillas-en-haiti-y-la-complicidad-politica\/#primaryimage"},"thumbnailUrl":"https:\/\/potenciaradiofonicadominicana.com\/portal\/wp-content\/uploads\/2022\/01\/202201131241041.jpeg","datePublished":"2022-01-13T16:38:42+00:00","breadcrumb":{"@id":"https:\/\/potenciaradiofonicadominicana.com\/portal\/hrw-denuncia-la-impunidad-de-las-pandillas-en-haiti-y-la-complicidad-politica\/#breadcrumb"},"inLanguage":"es","potentialAction":[{"@type":"ReadAction","target":["https:\/\/potenciaradiofonicadominicana.com\/portal\/hrw-denuncia-la-impunidad-de-las-pandillas-en-haiti-y-la-complicidad-politica\/"]}]},{"@type":"ImageObject","inLanguage":"es","@id":"https:\/\/potenciaradiofonicadominicana.com\/portal\/hrw-denuncia-la-impunidad-de-las-pandillas-en-haiti-y-la-complicidad-politica\/#primaryimage","url":"https:\/\/potenciaradiofonicadominicana.com\/portal\/wp-content\/uploads\/2022\/01\/202201131241041.jpeg","contentUrl":"https:\/\/potenciaradiofonicadominicana.com\/portal\/wp-content\/uploads\/2022\/01\/202201131241041.jpeg","width":680,"height":441},{"@type":"BreadcrumbList","@id":"https:\/\/potenciaradiofonicadominicana.com\/portal\/hrw-denuncia-la-impunidad-de-las-pandillas-en-haiti-y-la-complicidad-politica\/#breadcrumb","itemListElement":[{"@type":"ListItem","position":1,"name":"Portada","item":"https:\/\/potenciaradiofonicadominicana.com\/portal\/"},{"@type":"ListItem","position":2,"name":"HRW denuncia la impunidad de las pandillas en Hait\u00ed y la complicidad pol\u00edtica"}]},{"@type":"WebSite","@id":"https:\/\/potenciaradiofonicadominicana.com\/portal\/#website","url":"https:\/\/potenciaradiofonicadominicana.com\/portal\/","name":"PotenciaRadiofonicaDominicana.com","description":"Peri\u00f3dico Digital","publisher":{"@id":"https:\/\/potenciaradiofonicadominicana.com\/portal\/#organization"},"potentialAction":[{"@type":"SearchAction","target":{"@type":"EntryPoint","urlTemplate":"https:\/\/potenciaradiofonicadominicana.com\/portal\/?s={search_term_string}"},"query-input":{"@type":"PropertyValueSpecification","valueRequired":true,"valueName":"search_term_string"}}],"inLanguage":"es"},{"@type":"Organization","@id":"https:\/\/potenciaradiofonicadominicana.com\/portal\/#organization","name":"PotenciaRadiofonicaDominicana.com","url":"https:\/\/potenciaradiofonicadominicana.com\/portal\/","logo":{"@type":"ImageObject","inLanguage":"es","@id":"https:\/\/potenciaradiofonicadominicana.com\/portal\/#\/schema\/logo\/image\/","url":"https:\/\/potenciaradiofonicadominicana.com\/portal\/wp-content\/uploads\/2022\/01\/descarga.png","contentUrl":"https:\/\/potenciaradiofonicadominicana.com\/portal\/wp-content\/uploads\/2022\/01\/descarga.png","width":300,"height":100,"caption":"PotenciaRadiofonicaDominicana.com"},"image":{"@id":"https:\/\/potenciaradiofonicadominicana.com\/portal\/#\/schema\/logo\/image\/"},"sameAs":["https:\/\/web.facebook.com\/PotenciaRadiofonicaD"]},{"@type":"Person","@id":"https:\/\/potenciaradiofonicadominicana.com\/portal\/#\/schema\/person\/a5cf1fea13877803ee0573ac18b03490","name":"Potencia Radiof\u00f3nica Dominicana","image":{"@type":"ImageObject","inLanguage":"es","@id":"https:\/\/potenciaradiofonicadominicana.com\/portal\/#\/schema\/person\/image\/","url":"https:\/\/secure.gravatar.com\/avatar\/42a55ab9e8ccc656ba34cd791990602a?s=96&d=mm&r=g","contentUrl":"https:\/\/secure.gravatar.com\/avatar\/42a55ab9e8ccc656ba34cd791990602a?s=96&d=mm&r=g","caption":"Potencia Radiof\u00f3nica Dominicana"},"url":"https:\/\/potenciaradiofonicadominicana.com\/portal\/author\/johannyalmanzar\/"}]}},"_links":{"self":[{"href":"https:\/\/potenciaradiofonicadominicana.com\/portal\/wp-json\/wp\/v2\/posts\/112131","targetHints":{"allow":["GET"]}}],"collection":[{"href":"https:\/\/potenciaradiofonicadominicana.com\/portal\/wp-json\/wp\/v2\/posts"}],"about":[{"href":"https:\/\/potenciaradiofonicadominicana.com\/portal\/wp-json\/wp\/v2\/types\/post"}],"author":[{"embeddable":true,"href":"https:\/\/potenciaradiofonicadominicana.com\/portal\/wp-json\/wp\/v2\/users\/2"}],"replies":[{"embeddable":true,"href":"https:\/\/potenciaradiofonicadominicana.com\/portal\/wp-json\/wp\/v2\/comments?post=112131"}],"version-history":[{"count":1,"href":"https:\/\/potenciaradiofonicadominicana.com\/portal\/wp-json\/wp\/v2\/posts\/112131\/revisions"}],"predecessor-version":[{"id":112133,"href":"https:\/\/potenciaradiofonicadominicana.com\/portal\/wp-json\/wp\/v2\/posts\/112131\/revisions\/112133"}],"wp:featuredmedia":[{"embeddable":true,"href":"https:\/\/potenciaradiofonicadominicana.com\/portal\/wp-json\/wp\/v2\/media\/112132"}],"wp:attachment":[{"href":"https:\/\/potenciaradiofonicadominicana.com\/portal\/wp-json\/wp\/v2\/media?parent=112131"}],"wp:term":[{"taxonomy":"category","embeddable":true,"href":"https:\/\/potenciaradiofonicadominicana.com\/portal\/wp-json\/wp\/v2\/categories?post=112131"},{"taxonomy":"post_tag","embeddable":true,"href":"https:\/\/potenciaradiofonicadominicana.com\/portal\/wp-json\/wp\/v2\/tags?post=112131"}],"curies":[{"name":"wp","href":"https:\/\/api.w.org\/{rel}","templated":true}]}}