{"id":112128,"date":"2022-01-13T12:34:48","date_gmt":"2022-01-13T16:34:48","guid":{"rendered":"https:\/\/potenciaradiofonicadominicana.com\/portal\/?p=112128"},"modified":"2022-01-13T12:34:48","modified_gmt":"2022-01-13T16:34:48","slug":"juez-rechaza-archivar-el-caso-por-abuso-sexual-contra-el-principe-andres","status":"publish","type":"post","link":"https:\/\/potenciaradiofonicadominicana.com\/portal\/juez-rechaza-archivar-el-caso-por-abuso-sexual-contra-el-principe-andres\/","title":{"rendered":"Juez rechaza archivar el caso por abuso sexual contra el pr\u00edncipe Andr\u00e9s"},"content":{"rendered":"<p><a href=\"https:\/\/potenciaradiofonicadominicana.com\/portal\/wp-content\/uploads\/2022\/01\/234ba2a3-whatsapp-image-2022-01-12-at-11-20-51-am-61def1eb364aa.jpeg\"><img loading=\"lazy\" decoding=\"async\" class=\"alignnone size-full wp-image-112129\" src=\"https:\/\/potenciaradiofonicadominicana.com\/portal\/wp-content\/uploads\/2022\/01\/234ba2a3-whatsapp-image-2022-01-12-at-11-20-51-am-61def1eb364aa.jpeg\" alt=\"\" width=\"400\" height=\"293\" srcset=\"https:\/\/potenciaradiofonicadominicana.com\/portal\/wp-content\/uploads\/2022\/01\/234ba2a3-whatsapp-image-2022-01-12-at-11-20-51-am-61def1eb364aa.jpeg 400w, https:\/\/potenciaradiofonicadominicana.com\/portal\/wp-content\/uploads\/2022\/01\/234ba2a3-whatsapp-image-2022-01-12-at-11-20-51-am-61def1eb364aa-300x220.jpeg 300w\" sizes=\"auto, (max-width: 400px) 100vw, 400px\" \/><\/a><\/p>\n<p>Un juez de Nueva York rechaz\u00f3 este mi\u00e9rcoles los argumentos del\u00a0pr\u00edncipe Andr\u00e9s\u00a0de Inglaterra, que hab\u00eda pedido archivar la demanda de una mujer que lo acusa de\u00a0abusos sexuales\u00a0cuando era menor, por lo que en principio el caso ir\u00e1 a juicio.<\/p>\n<p>El juez del caso rechaz\u00f3 la moci\u00f3n presentada por la defensa de Andr\u00e9s, que argumentaba entre otras cosas que un acuerdo econ\u00f3mico que la demandante,\u00a0Virginia Giuffre, alcanz\u00f3 en 2009 con el fallecido magnate Jeffrey Epstein proteg\u00eda tambi\u00e9n al pr\u00edncipe.<\/p>\n<p>La decisi\u00f3n del magistrado, Lewis Kaplan, lleg\u00f3 despu\u00e9s de una vista oral celebrada la semana pasada en la que los abogados del hijo de Isabel II defendieron que ese pacto, por el que Giuffre recibi\u00f3 medio mill\u00f3n de d\u00f3lares, blindaba a Andr\u00e9s ante la Justicia al cubrir a otros \u00abpotenciales acusados\u00bb en la presunta trama de tr\u00e1fico sexual de menores liderada por Epstein.<\/p>\n<p>Kaplan, sin embargo, ofreci\u00f3 hoy una detallada explicaci\u00f3n de por qu\u00e9 considera que el proceso debe seguir adelante y rechaz\u00f3 adem\u00e1s otros argumentos de la defensa para intentar que la demanda fuera archivada por cuestiones de forma.<\/p>\n<p>Giuffre, de 38 a\u00f1os, sostiene que fue v\u00edctima de tr\u00e1fico sexual por el financiero Epstein y su mano derecha, Ghislaine Maxwell, y que a ra\u00edz de ello sufri\u00f3 abusos cuando ten\u00eda 17 a\u00f1os por parte del\u00a0pr\u00edncipe Andr\u00e9s\u00a0en Londres, Nueva York y en una isla privada de Epstein en el Caribe.<\/p>\n<p>La mujer interpuso una demanda por la v\u00eda civil contra el pr\u00edncipe brit\u00e1nico en agosto pasado en Nueva York, acogi\u00e9ndose a la Ley de V\u00edctimas Infantiles, y busca una compensaci\u00f3n econ\u00f3mica.<\/p>\n","protected":false},"excerpt":{"rendered":"<p>Un juez de Nueva York rechaz\u00f3 este mi\u00e9rcoles los argumentos del\u00a0pr\u00edncipe Andr\u00e9s\u00a0de Inglaterra, que hab\u00eda pedido archivar la demanda de &#8230;<\/p>\n","protected":false},"author":2,"featured_media":112129,"comment_status":"open","ping_status":"open","sticky":false,"template":"","format":"standard","meta":{"footnotes":""},"categories":[30],"tags":[],"class_list":["post-112128","post","type-post","status-publish","format-standard","has-post-thumbnail","hentry","category-internacional"],"yoast_head":"<!-- This site is optimized with the Yoast SEO plugin v24.8.1 - https:\/\/yoast.com\/wordpress\/plugins\/seo\/ -->\n<title>Juez rechaza archivar el caso por abuso sexual contra el pr\u00edncipe Andr\u00e9s - PotenciaRadiofonicaDominicana.com<\/title>\n<meta name=\"robots\" content=\"index, follow, max-snippet:-1, max-image-preview:large, max-video-preview:-1\" \/>\n<link rel=\"canonical\" href=\"https:\/\/potenciaradiofonicadominicana.com\/portal\/juez-rechaza-archivar-el-caso-por-abuso-sexual-contra-el-principe-andres\/\" \/>\n<meta property=\"og:locale\" content=\"es_ES\" \/>\n<meta property=\"og:type\" content=\"article\" \/>\n<meta property=\"og:title\" content=\"Juez rechaza archivar el caso por abuso sexual contra el pr\u00edncipe Andr\u00e9s - PotenciaRadiofonicaDominicana.com\" \/>\n<meta property=\"og:description\" content=\"Un juez de Nueva York rechaz\u00f3 este mi\u00e9rcoles los argumentos del\u00a0pr\u00edncipe Andr\u00e9s\u00a0de Inglaterra, que hab\u00eda pedido archivar la demanda de ...\" \/>\n<meta property=\"og:url\" content=\"https:\/\/potenciaradiofonicadominicana.com\/portal\/juez-rechaza-archivar-el-caso-por-abuso-sexual-contra-el-principe-andres\/\" \/>\n<meta property=\"og:site_name\" content=\"PotenciaRadiofonicaDominicana.com\" \/>\n<meta property=\"article:publisher\" content=\"https:\/\/web.facebook.com\/PotenciaRadiofonicaD\" \/>\n<meta property=\"article:published_time\" content=\"2022-01-13T16:34:48+00:00\" \/>\n<meta property=\"og:image\" content=\"https:\/\/potenciaradiofonicadominicana.com\/portal\/wp-content\/uploads\/2022\/01\/234ba2a3-whatsapp-image-2022-01-12-at-11-20-51-am-61def1eb364aa.jpeg\" \/>\n\t<meta property=\"og:image:width\" content=\"400\" \/>\n\t<meta property=\"og:image:height\" content=\"293\" \/>\n\t<meta property=\"og:image:type\" content=\"image\/jpeg\" \/>\n<meta name=\"author\" content=\"Potencia Radiof\u00f3nica Dominicana\" \/>\n<meta name=\"twitter:card\" content=\"summary_large_image\" \/>\n<meta name=\"twitter:label1\" content=\"Escrito por\" \/>\n\t<meta name=\"twitter:data1\" content=\"Potencia Radiof\u00f3nica Dominicana\" \/>\n\t<meta name=\"twitter:label2\" content=\"Tiempo de lectura\" \/>\n\t<meta name=\"twitter:data2\" content=\"1 minuto\" \/>\n<script type=\"application\/ld+json\" class=\"yoast-schema-graph\">{\"@context\":\"https:\/\/schema.org\",\"@graph\":[{\"@type\":\"Article\",\"@id\":\"https:\/\/potenciaradiofonicadominicana.com\/portal\/juez-rechaza-archivar-el-caso-por-abuso-sexual-contra-el-principe-andres\/#article\",\"isPartOf\":{\"@id\":\"https:\/\/potenciaradiofonicadominicana.com\/portal\/juez-rechaza-archivar-el-caso-por-abuso-sexual-contra-el-principe-andres\/\"},\"author\":{\"name\":\"Potencia Radiof\u00f3nica Dominicana\",\"@id\":\"https:\/\/potenciaradiofonicadominicana.com\/portal\/#\/schema\/person\/a5cf1fea13877803ee0573ac18b03490\"},\"headline\":\"Juez rechaza archivar el caso por abuso sexual contra el pr\u00edncipe Andr\u00e9s\",\"datePublished\":\"2022-01-13T16:34:48+00:00\",\"mainEntityOfPage\":{\"@id\":\"https:\/\/potenciaradiofonicadominicana.com\/portal\/juez-rechaza-archivar-el-caso-por-abuso-sexual-contra-el-principe-andres\/\"},\"wordCount\":310,\"commentCount\":0,\"publisher\":{\"@id\":\"https:\/\/potenciaradiofonicadominicana.com\/portal\/#organization\"},\"image\":{\"@id\":\"https:\/\/potenciaradiofonicadominicana.com\/portal\/juez-rechaza-archivar-el-caso-por-abuso-sexual-contra-el-principe-andres\/#primaryimage\"},\"thumbnailUrl\":\"https:\/\/potenciaradiofonicadominicana.com\/portal\/wp-content\/uploads\/2022\/01\/234ba2a3-whatsapp-image-2022-01-12-at-11-20-51-am-61def1eb364aa.jpeg\",\"articleSection\":[\"Internacional\"],\"inLanguage\":\"es\",\"potentialAction\":[{\"@type\":\"CommentAction\",\"name\":\"Comment\",\"target\":[\"https:\/\/potenciaradiofonicadominicana.com\/portal\/juez-rechaza-archivar-el-caso-por-abuso-sexual-contra-el-principe-andres\/#respond\"]}]},{\"@type\":\"WebPage\",\"@id\":\"https:\/\/potenciaradiofonicadominicana.com\/portal\/juez-rechaza-archivar-el-caso-por-abuso-sexual-contra-el-principe-andres\/\",\"url\":\"https:\/\/potenciaradiofonicadominicana.com\/portal\/juez-rechaza-archivar-el-caso-por-abuso-sexual-contra-el-principe-andres\/\",\"name\":\"Juez rechaza archivar el caso por abuso sexual contra el pr\u00edncipe Andr\u00e9s - PotenciaRadiofonicaDominicana.com\",\"isPartOf\":{\"@id\":\"https:\/\/potenciaradiofonicadominicana.com\/portal\/#website\"},\"primaryImageOfPage\":{\"@id\":\"https:\/\/potenciaradiofonicadominicana.com\/portal\/juez-rechaza-archivar-el-caso-por-abuso-sexual-contra-el-principe-andres\/#primaryimage\"},\"image\":{\"@id\":\"https:\/\/potenciaradiofonicadominicana.com\/portal\/juez-rechaza-archivar-el-caso-por-abuso-sexual-contra-el-principe-andres\/#primaryimage\"},\"thumbnailUrl\":\"https:\/\/potenciaradiofonicadominicana.com\/portal\/wp-content\/uploads\/2022\/01\/234ba2a3-whatsapp-image-2022-01-12-at-11-20-51-am-61def1eb364aa.jpeg\",\"datePublished\":\"2022-01-13T16:34:48+00:00\",\"breadcrumb\":{\"@id\":\"https:\/\/potenciaradiofonicadominicana.com\/portal\/juez-rechaza-archivar-el-caso-por-abuso-sexual-contra-el-principe-andres\/#breadcrumb\"},\"inLanguage\":\"es\",\"potentialAction\":[{\"@type\":\"ReadAction\",\"target\":[\"https:\/\/potenciaradiofonicadominicana.com\/portal\/juez-rechaza-archivar-el-caso-por-abuso-sexual-contra-el-principe-andres\/\"]}]},{\"@type\":\"ImageObject\",\"inLanguage\":\"es\",\"@id\":\"https:\/\/potenciaradiofonicadominicana.com\/portal\/juez-rechaza-archivar-el-caso-por-abuso-sexual-contra-el-principe-andres\/#primaryimage\",\"url\":\"https:\/\/potenciaradiofonicadominicana.com\/portal\/wp-content\/uploads\/2022\/01\/234ba2a3-whatsapp-image-2022-01-12-at-11-20-51-am-61def1eb364aa.jpeg\",\"contentUrl\":\"https:\/\/potenciaradiofonicadominicana.com\/portal\/wp-content\/uploads\/2022\/01\/234ba2a3-whatsapp-image-2022-01-12-at-11-20-51-am-61def1eb364aa.jpeg\",\"width\":400,\"height\":293},{\"@type\":\"BreadcrumbList\",\"@id\":\"https:\/\/potenciaradiofonicadominicana.com\/portal\/juez-rechaza-archivar-el-caso-por-abuso-sexual-contra-el-principe-andres\/#breadcrumb\",\"itemListElement\":[{\"@type\":\"ListItem\",\"position\":1,\"name\":\"Portada\",\"item\":\"https:\/\/potenciaradiofonicadominicana.com\/portal\/\"},{\"@type\":\"ListItem\",\"position\":2,\"name\":\"Juez rechaza archivar el caso por abuso sexual contra el pr\u00edncipe Andr\u00e9s\"}]},{\"@type\":\"WebSite\",\"@id\":\"https:\/\/potenciaradiofonicadominicana.com\/portal\/#website\",\"url\":\"https:\/\/potenciaradiofonicadominicana.com\/portal\/\",\"name\":\"PotenciaRadiofonicaDominicana.com\",\"description\":\"Peri\u00f3dico Digital\",\"publisher\":{\"@id\":\"https:\/\/potenciaradiofonicadominicana.com\/portal\/#organization\"},\"potentialAction\":[{\"@type\":\"SearchAction\",\"target\":{\"@type\":\"EntryPoint\",\"urlTemplate\":\"https:\/\/potenciaradiofonicadominicana.com\/portal\/?s={search_term_string}\"},\"query-input\":{\"@type\":\"PropertyValueSpecification\",\"valueRequired\":true,\"valueName\":\"search_term_string\"}}],\"inLanguage\":\"es\"},{\"@type\":\"Organization\",\"@id\":\"https:\/\/potenciaradiofonicadominicana.com\/portal\/#organization\",\"name\":\"PotenciaRadiofonicaDominicana.com\",\"url\":\"https:\/\/potenciaradiofonicadominicana.com\/portal\/\",\"logo\":{\"@type\":\"ImageObject\",\"inLanguage\":\"es\",\"@id\":\"https:\/\/potenciaradiofonicadominicana.com\/portal\/#\/schema\/logo\/image\/\",\"url\":\"https:\/\/potenciaradiofonicadominicana.com\/portal\/wp-content\/uploads\/2022\/01\/descarga.png\",\"contentUrl\":\"https:\/\/potenciaradiofonicadominicana.com\/portal\/wp-content\/uploads\/2022\/01\/descarga.png\",\"width\":300,\"height\":100,\"caption\":\"PotenciaRadiofonicaDominicana.com\"},\"image\":{\"@id\":\"https:\/\/potenciaradiofonicadominicana.com\/portal\/#\/schema\/logo\/image\/\"},\"sameAs\":[\"https:\/\/web.facebook.com\/PotenciaRadiofonicaD\"]},{\"@type\":\"Person\",\"@id\":\"https:\/\/potenciaradiofonicadominicana.com\/portal\/#\/schema\/person\/a5cf1fea13877803ee0573ac18b03490\",\"name\":\"Potencia Radiof\u00f3nica Dominicana\",\"image\":{\"@type\":\"ImageObject\",\"inLanguage\":\"es\",\"@id\":\"https:\/\/potenciaradiofonicadominicana.com\/portal\/#\/schema\/person\/image\/\",\"url\":\"https:\/\/secure.gravatar.com\/avatar\/42a55ab9e8ccc656ba34cd791990602a?s=96&d=mm&r=g\",\"contentUrl\":\"https:\/\/secure.gravatar.com\/avatar\/42a55ab9e8ccc656ba34cd791990602a?s=96&d=mm&r=g\",\"caption\":\"Potencia Radiof\u00f3nica Dominicana\"},\"url\":\"https:\/\/potenciaradiofonicadominicana.com\/portal\/author\/johannyalmanzar\/\"}]}<\/script>\n<!-- \/ Yoast SEO plugin. -->","yoast_head_json":{"title":"Juez rechaza archivar el caso por abuso sexual contra el pr\u00edncipe Andr\u00e9s - PotenciaRadiofonicaDominicana.com","robots":{"index":"index","follow":"follow","max-snippet":"max-snippet:-1","max-image-preview":"max-image-preview:large","max-video-preview":"max-video-preview:-1"},"canonical":"https:\/\/potenciaradiofonicadominicana.com\/portal\/juez-rechaza-archivar-el-caso-por-abuso-sexual-contra-el-principe-andres\/","og_locale":"es_ES","og_type":"article","og_title":"Juez rechaza archivar el caso por abuso sexual contra el pr\u00edncipe Andr\u00e9s - PotenciaRadiofonicaDominicana.com","og_description":"Un juez de Nueva York rechaz\u00f3 este mi\u00e9rcoles los argumentos del\u00a0pr\u00edncipe Andr\u00e9s\u00a0de Inglaterra, que hab\u00eda pedido archivar la demanda de ...","og_url":"https:\/\/potenciaradiofonicadominicana.com\/portal\/juez-rechaza-archivar-el-caso-por-abuso-sexual-contra-el-principe-andres\/","og_site_name":"PotenciaRadiofonicaDominicana.com","article_publisher":"https:\/\/web.facebook.com\/PotenciaRadiofonicaD","article_published_time":"2022-01-13T16:34:48+00:00","og_image":[{"width":400,"height":293,"url":"https:\/\/potenciaradiofonicadominicana.com\/portal\/wp-content\/uploads\/2022\/01\/234ba2a3-whatsapp-image-2022-01-12-at-11-20-51-am-61def1eb364aa.jpeg","type":"image\/jpeg"}],"author":"Potencia Radiof\u00f3nica Dominicana","twitter_card":"summary_large_image","twitter_misc":{"Escrito por":"Potencia Radiof\u00f3nica Dominicana","Tiempo de lectura":"1 minuto"},"schema":{"@context":"https:\/\/schema.org","@graph":[{"@type":"Article","@id":"https:\/\/potenciaradiofonicadominicana.com\/portal\/juez-rechaza-archivar-el-caso-por-abuso-sexual-contra-el-principe-andres\/#article","isPartOf":{"@id":"https:\/\/potenciaradiofonicadominicana.com\/portal\/juez-rechaza-archivar-el-caso-por-abuso-sexual-contra-el-principe-andres\/"},"author":{"name":"Potencia Radiof\u00f3nica Dominicana","@id":"https:\/\/potenciaradiofonicadominicana.com\/portal\/#\/schema\/person\/a5cf1fea13877803ee0573ac18b03490"},"headline":"Juez rechaza archivar el caso por abuso sexual contra el pr\u00edncipe Andr\u00e9s","datePublished":"2022-01-13T16:34:48+00:00","mainEntityOfPage":{"@id":"https:\/\/potenciaradiofonicadominicana.com\/portal\/juez-rechaza-archivar-el-caso-por-abuso-sexual-contra-el-principe-andres\/"},"wordCount":310,"commentCount":0,"publisher":{"@id":"https:\/\/potenciaradiofonicadominicana.com\/portal\/#organization"},"image":{"@id":"https:\/\/potenciaradiofonicadominicana.com\/portal\/juez-rechaza-archivar-el-caso-por-abuso-sexual-contra-el-principe-andres\/#primaryimage"},"thumbnailUrl":"https:\/\/potenciaradiofonicadominicana.com\/portal\/wp-content\/uploads\/2022\/01\/234ba2a3-whatsapp-image-2022-01-12-at-11-20-51-am-61def1eb364aa.jpeg","articleSection":["Internacional"],"inLanguage":"es","potentialAction":[{"@type":"CommentAction","name":"Comment","target":["https:\/\/potenciaradiofonicadominicana.com\/portal\/juez-rechaza-archivar-el-caso-por-abuso-sexual-contra-el-principe-andres\/#respond"]}]},{"@type":"WebPage","@id":"https:\/\/potenciaradiofonicadominicana.com\/portal\/juez-rechaza-archivar-el-caso-por-abuso-sexual-contra-el-principe-andres\/","url":"https:\/\/potenciaradiofonicadominicana.com\/portal\/juez-rechaza-archivar-el-caso-por-abuso-sexual-contra-el-principe-andres\/","name":"Juez rechaza archivar el caso por abuso sexual contra el pr\u00edncipe Andr\u00e9s - PotenciaRadiofonicaDominicana.com","isPartOf":{"@id":"https:\/\/potenciaradiofonicadominicana.com\/portal\/#website"},"primaryImageOfPage":{"@id":"https:\/\/potenciaradiofonicadominicana.com\/portal\/juez-rechaza-archivar-el-caso-por-abuso-sexual-contra-el-principe-andres\/#primaryimage"},"image":{"@id":"https:\/\/potenciaradiofonicadominicana.com\/portal\/juez-rechaza-archivar-el-caso-por-abuso-sexual-contra-el-principe-andres\/#primaryimage"},"thumbnailUrl":"https:\/\/potenciaradiofonicadominicana.com\/portal\/wp-content\/uploads\/2022\/01\/234ba2a3-whatsapp-image-2022-01-12-at-11-20-51-am-61def1eb364aa.jpeg","datePublished":"2022-01-13T16:34:48+00:00","breadcrumb":{"@id":"https:\/\/potenciaradiofonicadominicana.com\/portal\/juez-rechaza-archivar-el-caso-por-abuso-sexual-contra-el-principe-andres\/#breadcrumb"},"inLanguage":"es","potentialAction":[{"@type":"ReadAction","target":["https:\/\/potenciaradiofonicadominicana.com\/portal\/juez-rechaza-archivar-el-caso-por-abuso-sexual-contra-el-principe-andres\/"]}]},{"@type":"ImageObject","inLanguage":"es","@id":"https:\/\/potenciaradiofonicadominicana.com\/portal\/juez-rechaza-archivar-el-caso-por-abuso-sexual-contra-el-principe-andres\/#primaryimage","url":"https:\/\/potenciaradiofonicadominicana.com\/portal\/wp-content\/uploads\/2022\/01\/234ba2a3-whatsapp-image-2022-01-12-at-11-20-51-am-61def1eb364aa.jpeg","contentUrl":"https:\/\/potenciaradiofonicadominicana.com\/portal\/wp-content\/uploads\/2022\/01\/234ba2a3-whatsapp-image-2022-01-12-at-11-20-51-am-61def1eb364aa.jpeg","width":400,"height":293},{"@type":"BreadcrumbList","@id":"https:\/\/potenciaradiofonicadominicana.com\/portal\/juez-rechaza-archivar-el-caso-por-abuso-sexual-contra-el-principe-andres\/#breadcrumb","itemListElement":[{"@type":"ListItem","position":1,"name":"Portada","item":"https:\/\/potenciaradiofonicadominicana.com\/portal\/"},{"@type":"ListItem","position":2,"name":"Juez rechaza archivar el caso por abuso sexual contra el pr\u00edncipe Andr\u00e9s"}]},{"@type":"WebSite","@id":"https:\/\/potenciaradiofonicadominicana.com\/portal\/#website","url":"https:\/\/potenciaradiofonicadominicana.com\/portal\/","name":"PotenciaRadiofonicaDominicana.com","description":"Peri\u00f3dico Digital","publisher":{"@id":"https:\/\/potenciaradiofonicadominicana.com\/portal\/#organization"},"potentialAction":[{"@type":"SearchAction","target":{"@type":"EntryPoint","urlTemplate":"https:\/\/potenciaradiofonicadominicana.com\/portal\/?s={search_term_string}"},"query-input":{"@type":"PropertyValueSpecification","valueRequired":true,"valueName":"search_term_string"}}],"inLanguage":"es"},{"@type":"Organization","@id":"https:\/\/potenciaradiofonicadominicana.com\/portal\/#organization","name":"PotenciaRadiofonicaDominicana.com","url":"https:\/\/potenciaradiofonicadominicana.com\/portal\/","logo":{"@type":"ImageObject","inLanguage":"es","@id":"https:\/\/potenciaradiofonicadominicana.com\/portal\/#\/schema\/logo\/image\/","url":"https:\/\/potenciaradiofonicadominicana.com\/portal\/wp-content\/uploads\/2022\/01\/descarga.png","contentUrl":"https:\/\/potenciaradiofonicadominicana.com\/portal\/wp-content\/uploads\/2022\/01\/descarga.png","width":300,"height":100,"caption":"PotenciaRadiofonicaDominicana.com"},"image":{"@id":"https:\/\/potenciaradiofonicadominicana.com\/portal\/#\/schema\/logo\/image\/"},"sameAs":["https:\/\/web.facebook.com\/PotenciaRadiofonicaD"]},{"@type":"Person","@id":"https:\/\/potenciaradiofonicadominicana.com\/portal\/#\/schema\/person\/a5cf1fea13877803ee0573ac18b03490","name":"Potencia Radiof\u00f3nica Dominicana","image":{"@type":"ImageObject","inLanguage":"es","@id":"https:\/\/potenciaradiofonicadominicana.com\/portal\/#\/schema\/person\/image\/","url":"https:\/\/secure.gravatar.com\/avatar\/42a55ab9e8ccc656ba34cd791990602a?s=96&d=mm&r=g","contentUrl":"https:\/\/secure.gravatar.com\/avatar\/42a55ab9e8ccc656ba34cd791990602a?s=96&d=mm&r=g","caption":"Potencia Radiof\u00f3nica Dominicana"},"url":"https:\/\/potenciaradiofonicadominicana.com\/portal\/author\/johannyalmanzar\/"}]}},"_links":{"self":[{"href":"https:\/\/potenciaradiofonicadominicana.com\/portal\/wp-json\/wp\/v2\/posts\/112128","targetHints":{"allow":["GET"]}}],"collection":[{"href":"https:\/\/potenciaradiofonicadominicana.com\/portal\/wp-json\/wp\/v2\/posts"}],"about":[{"href":"https:\/\/potenciaradiofonicadominicana.com\/portal\/wp-json\/wp\/v2\/types\/post"}],"author":[{"embeddable":true,"href":"https:\/\/potenciaradiofonicadominicana.com\/portal\/wp-json\/wp\/v2\/users\/2"}],"replies":[{"embeddable":true,"href":"https:\/\/potenciaradiofonicadominicana.com\/portal\/wp-json\/wp\/v2\/comments?post=112128"}],"version-history":[{"count":1,"href":"https:\/\/potenciaradiofonicadominicana.com\/portal\/wp-json\/wp\/v2\/posts\/112128\/revisions"}],"predecessor-version":[{"id":112130,"href":"https:\/\/potenciaradiofonicadominicana.com\/portal\/wp-json\/wp\/v2\/posts\/112128\/revisions\/112130"}],"wp:featuredmedia":[{"embeddable":true,"href":"https:\/\/potenciaradiofonicadominicana.com\/portal\/wp-json\/wp\/v2\/media\/112129"}],"wp:attachment":[{"href":"https:\/\/potenciaradiofonicadominicana.com\/portal\/wp-json\/wp\/v2\/media?parent=112128"}],"wp:term":[{"taxonomy":"category","embeddable":true,"href":"https:\/\/potenciaradiofonicadominicana.com\/portal\/wp-json\/wp\/v2\/categories?post=112128"},{"taxonomy":"post_tag","embeddable":true,"href":"https:\/\/potenciaradiofonicadominicana.com\/portal\/wp-json\/wp\/v2\/tags?post=112128"}],"curies":[{"name":"wp","href":"https:\/\/api.w.org\/{rel}","templated":true}]}}