{"id":112104,"date":"2022-01-12T12:02:28","date_gmt":"2022-01-12T16:02:28","guid":{"rendered":"https:\/\/potenciaradiofonicadominicana.com\/portal\/?p=112104"},"modified":"2022-01-12T12:02:28","modified_gmt":"2022-01-12T16:02:28","slug":"biden-se-la-juega-por-una-reforma-que-protege-el-acceso-al-voto-de-minorias","status":"publish","type":"post","link":"https:\/\/potenciaradiofonicadominicana.com\/portal\/biden-se-la-juega-por-una-reforma-que-protege-el-acceso-al-voto-de-minorias\/","title":{"rendered":"Biden se la juega por una reforma que protege el acceso al voto de minor\u00edas"},"content":{"rendered":"<p><a href=\"https:\/\/potenciaradiofonicadominicana.com\/portal\/wp-content\/uploads\/2022\/01\/joe-biden-081e34d1-focus-0.39-0.33-895-573.jpg\"><img loading=\"lazy\" decoding=\"async\" class=\"alignnone size-full wp-image-112105\" src=\"https:\/\/potenciaradiofonicadominicana.com\/portal\/wp-content\/uploads\/2022\/01\/joe-biden-081e34d1-focus-0.39-0.33-895-573.jpg\" alt=\"\" width=\"700\" height=\"526\" srcset=\"https:\/\/potenciaradiofonicadominicana.com\/portal\/wp-content\/uploads\/2022\/01\/joe-biden-081e34d1-focus-0.39-0.33-895-573.jpg 700w, https:\/\/potenciaradiofonicadominicana.com\/portal\/wp-content\/uploads\/2022\/01\/joe-biden-081e34d1-focus-0.39-0.33-895-573-300x225.jpg 300w\" sizes=\"auto, (max-width: 700px) 100vw, 700px\" \/><\/a><\/p>\n<p>Asumiendo un riesgo pol\u00edtico, el presidente de Estados Unidos,\u00a0Joe Biden, prometi\u00f3 este martes en tierras de Martin Luther King que, si hace falta, har\u00e1 saltar por los aires las reglas parlamentarias para proteger el acceso al voto de las minor\u00edas, amenazado en muchos estados conservadores.<\/p>\n<p>\u00abHace dos meses que tengo conversaciones discretas con miembros del Congreso. Estoy harto de estar en silencio\u00bb ante el bloqueo de la oposici\u00f3n republicana de dos proyectos de ley cruciales, afirm\u00f3 el presidente estadounidense en Georgia, un estado que calific\u00f3 de \u00abcuna\u00bb de la lucha por los derechos civiles.<\/p>\n<p>\u00abHoy lo digo claramente para proteger la\u00a0democracia: apoyo un cambio en las reglas del\u00a0Senado, el que sea, para impedir que una minor\u00eda de senadores bloquee el avance en el acceso al derecho de voto\u00bb, agreg\u00f3 en un discurso lleno de referencias hist\u00f3ricas.<\/p>\n<p>La semana pasada, en el Capitolio, el mandatario hizo un alegato a favor de la\u00a0democracia, pero este martes aument\u00f3 la carga simb\u00f3lica en Georgia, un antiguo estado esclavista.<\/p>\n<p>El presidente comenz\u00f3 su visita a el estado, s\u00edmbolo de las batallas pasadas y presentes contra la discriminaci\u00f3n racial, hablando con los hijos de Martin Luther King y con un momento de recogimiento ante la tumba del \u00edcono de los derechos civiles.<\/p>\n<div id=\"detalle-parrafo\">\u00a0Un giro<\/div>\n<p>El dem\u00f3crata de 79 a\u00f1os asegur\u00f3 que \u00abcada miembro del\u00a0Senado\u00a0ser\u00e1 juzgado por la historia\u00bb, independientemente del partido al que pertenezca.<\/p>\n<p>\u00abLa historia nunca ha sido indulgente con quienes se pusieron del lado de restringir el acceso al voto. Ni con quienes se pusieron del lado de la subversi\u00f3n de las elecciones\u00bb, advirti\u00f3 Biden, quien habl\u00f3 en Atlanta ante estudiantes de universidades hist\u00f3ricamente vinculadas a la comunidad afroamericana.<\/p>\n<p>Pese a sus bajos \u00edndices de aprobaci\u00f3n, quiere armonizar a nivel federal las condiciones en las que votan los estadounidenses, desde que se inscriben en los registros electorales hasta el recuento de las papeletas, pasando por el voto por correo o la verificaci\u00f3n de identidad.<\/p>\n<p>Varios estados republicanos del sur, como Georgia, las modificaron para, supuestamente, aumentar la seguridad de la votaci\u00f3n. Muchas de estas modificaciones pretenden supuestamente evitar que se repita lo que expresidente Donald Trump y su partido consideran que fue un robo electoral.<\/p>\n<p>En los hechos estas reformas complican el acceso a las urnas para las minor\u00edas, sobre todo los afroamericanos, que votan mayoritariamente por los dem\u00f3cratas, y aumentan el control de las autoridades locales sobre las operaciones de votaci\u00f3n.<\/p>\n<p><strong>Joe Biden<\/strong>\u00a0las calific\u00f3 el martes de leyes \u00abJim Crow 2.0\u00bb, en referencia a las llamadas leyes \u00abJim Crow\u00bb que codificaron la segregaci\u00f3n racial en los estados del sur de Estados Unidos despu\u00e9s de la Guerra de Secesi\u00f3n.<\/p>\n<p><span style=\"color: #242a30; font-family: GlosaHeadline, Arial, sans-serif;\">\u00abFilibustero\u00bb\u00a0<\/span><\/p>\n<p>\u00abEl objetivo del expresidente y sus aliados es descalificar a cualquiera que vote contra ellos. As\u00ed de sencillo. Los hechos no valdr\u00e1n nada. Su voto no valdr\u00e1 nada\u00bb, advirti\u00f3 el presidente dem\u00f3crata, determinado a atacar frontalmente a Trump y sus infundadas teor\u00edas sobre un fraude masivo en las \u00faltimas elecciones presidenciales.<\/p>\n<p><strong>Joe Biden<\/strong>\u00a0quiere que el\u00a0<strong>Senado<\/strong>\u00a0responda adoptando el \u00abJohn Lewis Voting Rights Advancement Act\u00bb y el \u00abFreedom to vote Act\u00bb, aunque eso conlleve acabar con la \u00abregla del filibustero\u00bb.<\/p>\n<p>Esta regla exige que el\u00a0<strong>Senado<\/strong>\u00a0tenga una mayor\u00eda reforzada (60 votos sobre un total de 100) para someter a votaci\u00f3n de buena parte de los textos. Pero los dem\u00f3cratas (51 votos en el\u00a0Senado, incluido el de Kamala Harris, contra 50 de los republicanos) podr\u00edan forzar las cosas y votar por mayor\u00eda simple.<\/p>\n<p>Esto enfurecer\u00eda a la oposici\u00f3n conservadora pero tambi\u00e9n puede molestar a algunos dem\u00f3cratas que creen que debe protegerse esta regla de los 60 votos, que supuestamente promueve el di\u00e1logo entre los dos partidos.<\/p>\n<p>El presidente estadounidense, un exsenador apegado a las tradiciones parlamentarias, ha dudado en apoyar esta opci\u00f3n.<\/p>\n<p>Pero su nivel de popularidad entre la opini\u00f3n p\u00fablica ha ca\u00eddo y necesita insuflar vida a su mandato antes de las elecciones legislativas de medio mandato en oto\u00f1o, en las que podr\u00eda perder la mayor\u00eda en el Congreso.<\/p>\n<p>Los activistas de los derechos civiles est\u00e1n al acecho. \u00abEl presidente Biden ciertamente ha pronunciado un discurso en\u00e9rgico hoy, pero es hora de que esta administraci\u00f3n pase de las palabras a los hechos\u00bb, reaccion\u00f3 el presidente de la NAACP, una asociaci\u00f3n para la defensa de los derechos civiles.<\/p>\n<p>\u00abProteger el acceso al voto no deber\u00eda ser una prioridad, deber\u00eda ser LA prioridad\u00bb, reclam\u00f3 Derrick Johnson.<\/p>\n","protected":false},"excerpt":{"rendered":"<p>Asumiendo un riesgo pol\u00edtico, el presidente de Estados Unidos,\u00a0Joe Biden, prometi\u00f3 este martes en tierras de Martin Luther King que, &#8230;<\/p>\n","protected":false},"author":2,"featured_media":112105,"comment_status":"open","ping_status":"open","sticky":false,"template":"","format":"standard","meta":{"footnotes":""},"categories":[30],"tags":[],"class_list":["post-112104","post","type-post","status-publish","format-standard","has-post-thumbnail","hentry","category-internacional"],"yoast_head":"<!-- This site is optimized with the Yoast SEO plugin v24.8.1 - https:\/\/yoast.com\/wordpress\/plugins\/seo\/ -->\n<title>Biden se la juega por una reforma que protege el acceso al voto de minor\u00edas - PotenciaRadiofonicaDominicana.com<\/title>\n<meta name=\"robots\" content=\"index, follow, max-snippet:-1, max-image-preview:large, max-video-preview:-1\" \/>\n<link rel=\"canonical\" href=\"https:\/\/potenciaradiofonicadominicana.com\/portal\/biden-se-la-juega-por-una-reforma-que-protege-el-acceso-al-voto-de-minorias\/\" \/>\n<meta property=\"og:locale\" content=\"es_ES\" \/>\n<meta property=\"og:type\" content=\"article\" \/>\n<meta property=\"og:title\" content=\"Biden se la juega por una reforma que protege el acceso al voto de minor\u00edas - PotenciaRadiofonicaDominicana.com\" \/>\n<meta property=\"og:description\" content=\"Asumiendo un riesgo pol\u00edtico, el presidente de Estados Unidos,\u00a0Joe Biden, prometi\u00f3 este martes en tierras de Martin Luther King que, ...\" \/>\n<meta property=\"og:url\" content=\"https:\/\/potenciaradiofonicadominicana.com\/portal\/biden-se-la-juega-por-una-reforma-que-protege-el-acceso-al-voto-de-minorias\/\" \/>\n<meta property=\"og:site_name\" content=\"PotenciaRadiofonicaDominicana.com\" \/>\n<meta property=\"article:publisher\" content=\"https:\/\/web.facebook.com\/PotenciaRadiofonicaD\" \/>\n<meta property=\"article:published_time\" content=\"2022-01-12T16:02:28+00:00\" \/>\n<meta property=\"og:image\" content=\"https:\/\/potenciaradiofonicadominicana.com\/portal\/wp-content\/uploads\/2022\/01\/joe-biden-081e34d1-focus-0.39-0.33-895-573.jpg\" \/>\n\t<meta property=\"og:image:width\" content=\"700\" \/>\n\t<meta property=\"og:image:height\" content=\"526\" \/>\n\t<meta property=\"og:image:type\" content=\"image\/jpeg\" \/>\n<meta name=\"author\" content=\"Potencia Radiof\u00f3nica Dominicana\" \/>\n<meta name=\"twitter:card\" content=\"summary_large_image\" \/>\n<meta name=\"twitter:label1\" content=\"Escrito por\" \/>\n\t<meta name=\"twitter:data1\" content=\"Potencia Radiof\u00f3nica Dominicana\" \/>\n\t<meta name=\"twitter:label2\" content=\"Tiempo de lectura\" \/>\n\t<meta name=\"twitter:data2\" content=\"4 minutos\" \/>\n<script type=\"application\/ld+json\" class=\"yoast-schema-graph\">{\"@context\":\"https:\/\/schema.org\",\"@graph\":[{\"@type\":\"Article\",\"@id\":\"https:\/\/potenciaradiofonicadominicana.com\/portal\/biden-se-la-juega-por-una-reforma-que-protege-el-acceso-al-voto-de-minorias\/#article\",\"isPartOf\":{\"@id\":\"https:\/\/potenciaradiofonicadominicana.com\/portal\/biden-se-la-juega-por-una-reforma-que-protege-el-acceso-al-voto-de-minorias\/\"},\"author\":{\"name\":\"Potencia Radiof\u00f3nica Dominicana\",\"@id\":\"https:\/\/potenciaradiofonicadominicana.com\/portal\/#\/schema\/person\/a5cf1fea13877803ee0573ac18b03490\"},\"headline\":\"Biden se la juega por una reforma que protege el acceso al voto de minor\u00edas\",\"datePublished\":\"2022-01-12T16:02:28+00:00\",\"mainEntityOfPage\":{\"@id\":\"https:\/\/potenciaradiofonicadominicana.com\/portal\/biden-se-la-juega-por-una-reforma-que-protege-el-acceso-al-voto-de-minorias\/\"},\"wordCount\":786,\"commentCount\":0,\"publisher\":{\"@id\":\"https:\/\/potenciaradiofonicadominicana.com\/portal\/#organization\"},\"image\":{\"@id\":\"https:\/\/potenciaradiofonicadominicana.com\/portal\/biden-se-la-juega-por-una-reforma-que-protege-el-acceso-al-voto-de-minorias\/#primaryimage\"},\"thumbnailUrl\":\"https:\/\/potenciaradiofonicadominicana.com\/portal\/wp-content\/uploads\/2022\/01\/joe-biden-081e34d1-focus-0.39-0.33-895-573.jpg\",\"articleSection\":[\"Internacional\"],\"inLanguage\":\"es\",\"potentialAction\":[{\"@type\":\"CommentAction\",\"name\":\"Comment\",\"target\":[\"https:\/\/potenciaradiofonicadominicana.com\/portal\/biden-se-la-juega-por-una-reforma-que-protege-el-acceso-al-voto-de-minorias\/#respond\"]}]},{\"@type\":\"WebPage\",\"@id\":\"https:\/\/potenciaradiofonicadominicana.com\/portal\/biden-se-la-juega-por-una-reforma-que-protege-el-acceso-al-voto-de-minorias\/\",\"url\":\"https:\/\/potenciaradiofonicadominicana.com\/portal\/biden-se-la-juega-por-una-reforma-que-protege-el-acceso-al-voto-de-minorias\/\",\"name\":\"Biden se la juega por una reforma que protege el acceso al voto de minor\u00edas - PotenciaRadiofonicaDominicana.com\",\"isPartOf\":{\"@id\":\"https:\/\/potenciaradiofonicadominicana.com\/portal\/#website\"},\"primaryImageOfPage\":{\"@id\":\"https:\/\/potenciaradiofonicadominicana.com\/portal\/biden-se-la-juega-por-una-reforma-que-protege-el-acceso-al-voto-de-minorias\/#primaryimage\"},\"image\":{\"@id\":\"https:\/\/potenciaradiofonicadominicana.com\/portal\/biden-se-la-juega-por-una-reforma-que-protege-el-acceso-al-voto-de-minorias\/#primaryimage\"},\"thumbnailUrl\":\"https:\/\/potenciaradiofonicadominicana.com\/portal\/wp-content\/uploads\/2022\/01\/joe-biden-081e34d1-focus-0.39-0.33-895-573.jpg\",\"datePublished\":\"2022-01-12T16:02:28+00:00\",\"breadcrumb\":{\"@id\":\"https:\/\/potenciaradiofonicadominicana.com\/portal\/biden-se-la-juega-por-una-reforma-que-protege-el-acceso-al-voto-de-minorias\/#breadcrumb\"},\"inLanguage\":\"es\",\"potentialAction\":[{\"@type\":\"ReadAction\",\"target\":[\"https:\/\/potenciaradiofonicadominicana.com\/portal\/biden-se-la-juega-por-una-reforma-que-protege-el-acceso-al-voto-de-minorias\/\"]}]},{\"@type\":\"ImageObject\",\"inLanguage\":\"es\",\"@id\":\"https:\/\/potenciaradiofonicadominicana.com\/portal\/biden-se-la-juega-por-una-reforma-que-protege-el-acceso-al-voto-de-minorias\/#primaryimage\",\"url\":\"https:\/\/potenciaradiofonicadominicana.com\/portal\/wp-content\/uploads\/2022\/01\/joe-biden-081e34d1-focus-0.39-0.33-895-573.jpg\",\"contentUrl\":\"https:\/\/potenciaradiofonicadominicana.com\/portal\/wp-content\/uploads\/2022\/01\/joe-biden-081e34d1-focus-0.39-0.33-895-573.jpg\",\"width\":700,\"height\":526},{\"@type\":\"BreadcrumbList\",\"@id\":\"https:\/\/potenciaradiofonicadominicana.com\/portal\/biden-se-la-juega-por-una-reforma-que-protege-el-acceso-al-voto-de-minorias\/#breadcrumb\",\"itemListElement\":[{\"@type\":\"ListItem\",\"position\":1,\"name\":\"Portada\",\"item\":\"https:\/\/potenciaradiofonicadominicana.com\/portal\/\"},{\"@type\":\"ListItem\",\"position\":2,\"name\":\"Biden se la juega por una reforma que protege el acceso al voto de minor\u00edas\"}]},{\"@type\":\"WebSite\",\"@id\":\"https:\/\/potenciaradiofonicadominicana.com\/portal\/#website\",\"url\":\"https:\/\/potenciaradiofonicadominicana.com\/portal\/\",\"name\":\"PotenciaRadiofonicaDominicana.com\",\"description\":\"Peri\u00f3dico Digital\",\"publisher\":{\"@id\":\"https:\/\/potenciaradiofonicadominicana.com\/portal\/#organization\"},\"potentialAction\":[{\"@type\":\"SearchAction\",\"target\":{\"@type\":\"EntryPoint\",\"urlTemplate\":\"https:\/\/potenciaradiofonicadominicana.com\/portal\/?s={search_term_string}\"},\"query-input\":{\"@type\":\"PropertyValueSpecification\",\"valueRequired\":true,\"valueName\":\"search_term_string\"}}],\"inLanguage\":\"es\"},{\"@type\":\"Organization\",\"@id\":\"https:\/\/potenciaradiofonicadominicana.com\/portal\/#organization\",\"name\":\"PotenciaRadiofonicaDominicana.com\",\"url\":\"https:\/\/potenciaradiofonicadominicana.com\/portal\/\",\"logo\":{\"@type\":\"ImageObject\",\"inLanguage\":\"es\",\"@id\":\"https:\/\/potenciaradiofonicadominicana.com\/portal\/#\/schema\/logo\/image\/\",\"url\":\"https:\/\/potenciaradiofonicadominicana.com\/portal\/wp-content\/uploads\/2022\/01\/descarga.png\",\"contentUrl\":\"https:\/\/potenciaradiofonicadominicana.com\/portal\/wp-content\/uploads\/2022\/01\/descarga.png\",\"width\":300,\"height\":100,\"caption\":\"PotenciaRadiofonicaDominicana.com\"},\"image\":{\"@id\":\"https:\/\/potenciaradiofonicadominicana.com\/portal\/#\/schema\/logo\/image\/\"},\"sameAs\":[\"https:\/\/web.facebook.com\/PotenciaRadiofonicaD\"]},{\"@type\":\"Person\",\"@id\":\"https:\/\/potenciaradiofonicadominicana.com\/portal\/#\/schema\/person\/a5cf1fea13877803ee0573ac18b03490\",\"name\":\"Potencia Radiof\u00f3nica Dominicana\",\"image\":{\"@type\":\"ImageObject\",\"inLanguage\":\"es\",\"@id\":\"https:\/\/potenciaradiofonicadominicana.com\/portal\/#\/schema\/person\/image\/\",\"url\":\"https:\/\/secure.gravatar.com\/avatar\/42a55ab9e8ccc656ba34cd791990602a?s=96&d=mm&r=g\",\"contentUrl\":\"https:\/\/secure.gravatar.com\/avatar\/42a55ab9e8ccc656ba34cd791990602a?s=96&d=mm&r=g\",\"caption\":\"Potencia Radiof\u00f3nica Dominicana\"},\"url\":\"https:\/\/potenciaradiofonicadominicana.com\/portal\/author\/johannyalmanzar\/\"}]}<\/script>\n<!-- \/ Yoast SEO plugin. -->","yoast_head_json":{"title":"Biden se la juega por una reforma que protege el acceso al voto de minor\u00edas - PotenciaRadiofonicaDominicana.com","robots":{"index":"index","follow":"follow","max-snippet":"max-snippet:-1","max-image-preview":"max-image-preview:large","max-video-preview":"max-video-preview:-1"},"canonical":"https:\/\/potenciaradiofonicadominicana.com\/portal\/biden-se-la-juega-por-una-reforma-que-protege-el-acceso-al-voto-de-minorias\/","og_locale":"es_ES","og_type":"article","og_title":"Biden se la juega por una reforma que protege el acceso al voto de minor\u00edas - PotenciaRadiofonicaDominicana.com","og_description":"Asumiendo un riesgo pol\u00edtico, el presidente de Estados Unidos,\u00a0Joe Biden, prometi\u00f3 este martes en tierras de Martin Luther King que, ...","og_url":"https:\/\/potenciaradiofonicadominicana.com\/portal\/biden-se-la-juega-por-una-reforma-que-protege-el-acceso-al-voto-de-minorias\/","og_site_name":"PotenciaRadiofonicaDominicana.com","article_publisher":"https:\/\/web.facebook.com\/PotenciaRadiofonicaD","article_published_time":"2022-01-12T16:02:28+00:00","og_image":[{"width":700,"height":526,"url":"https:\/\/potenciaradiofonicadominicana.com\/portal\/wp-content\/uploads\/2022\/01\/joe-biden-081e34d1-focus-0.39-0.33-895-573.jpg","type":"image\/jpeg"}],"author":"Potencia Radiof\u00f3nica Dominicana","twitter_card":"summary_large_image","twitter_misc":{"Escrito por":"Potencia Radiof\u00f3nica Dominicana","Tiempo de lectura":"4 minutos"},"schema":{"@context":"https:\/\/schema.org","@graph":[{"@type":"Article","@id":"https:\/\/potenciaradiofonicadominicana.com\/portal\/biden-se-la-juega-por-una-reforma-que-protege-el-acceso-al-voto-de-minorias\/#article","isPartOf":{"@id":"https:\/\/potenciaradiofonicadominicana.com\/portal\/biden-se-la-juega-por-una-reforma-que-protege-el-acceso-al-voto-de-minorias\/"},"author":{"name":"Potencia Radiof\u00f3nica Dominicana","@id":"https:\/\/potenciaradiofonicadominicana.com\/portal\/#\/schema\/person\/a5cf1fea13877803ee0573ac18b03490"},"headline":"Biden se la juega por una reforma que protege el acceso al voto de minor\u00edas","datePublished":"2022-01-12T16:02:28+00:00","mainEntityOfPage":{"@id":"https:\/\/potenciaradiofonicadominicana.com\/portal\/biden-se-la-juega-por-una-reforma-que-protege-el-acceso-al-voto-de-minorias\/"},"wordCount":786,"commentCount":0,"publisher":{"@id":"https:\/\/potenciaradiofonicadominicana.com\/portal\/#organization"},"image":{"@id":"https:\/\/potenciaradiofonicadominicana.com\/portal\/biden-se-la-juega-por-una-reforma-que-protege-el-acceso-al-voto-de-minorias\/#primaryimage"},"thumbnailUrl":"https:\/\/potenciaradiofonicadominicana.com\/portal\/wp-content\/uploads\/2022\/01\/joe-biden-081e34d1-focus-0.39-0.33-895-573.jpg","articleSection":["Internacional"],"inLanguage":"es","potentialAction":[{"@type":"CommentAction","name":"Comment","target":["https:\/\/potenciaradiofonicadominicana.com\/portal\/biden-se-la-juega-por-una-reforma-que-protege-el-acceso-al-voto-de-minorias\/#respond"]}]},{"@type":"WebPage","@id":"https:\/\/potenciaradiofonicadominicana.com\/portal\/biden-se-la-juega-por-una-reforma-que-protege-el-acceso-al-voto-de-minorias\/","url":"https:\/\/potenciaradiofonicadominicana.com\/portal\/biden-se-la-juega-por-una-reforma-que-protege-el-acceso-al-voto-de-minorias\/","name":"Biden se la juega por una reforma que protege el acceso al voto de minor\u00edas - PotenciaRadiofonicaDominicana.com","isPartOf":{"@id":"https:\/\/potenciaradiofonicadominicana.com\/portal\/#website"},"primaryImageOfPage":{"@id":"https:\/\/potenciaradiofonicadominicana.com\/portal\/biden-se-la-juega-por-una-reforma-que-protege-el-acceso-al-voto-de-minorias\/#primaryimage"},"image":{"@id":"https:\/\/potenciaradiofonicadominicana.com\/portal\/biden-se-la-juega-por-una-reforma-que-protege-el-acceso-al-voto-de-minorias\/#primaryimage"},"thumbnailUrl":"https:\/\/potenciaradiofonicadominicana.com\/portal\/wp-content\/uploads\/2022\/01\/joe-biden-081e34d1-focus-0.39-0.33-895-573.jpg","datePublished":"2022-01-12T16:02:28+00:00","breadcrumb":{"@id":"https:\/\/potenciaradiofonicadominicana.com\/portal\/biden-se-la-juega-por-una-reforma-que-protege-el-acceso-al-voto-de-minorias\/#breadcrumb"},"inLanguage":"es","potentialAction":[{"@type":"ReadAction","target":["https:\/\/potenciaradiofonicadominicana.com\/portal\/biden-se-la-juega-por-una-reforma-que-protege-el-acceso-al-voto-de-minorias\/"]}]},{"@type":"ImageObject","inLanguage":"es","@id":"https:\/\/potenciaradiofonicadominicana.com\/portal\/biden-se-la-juega-por-una-reforma-que-protege-el-acceso-al-voto-de-minorias\/#primaryimage","url":"https:\/\/potenciaradiofonicadominicana.com\/portal\/wp-content\/uploads\/2022\/01\/joe-biden-081e34d1-focus-0.39-0.33-895-573.jpg","contentUrl":"https:\/\/potenciaradiofonicadominicana.com\/portal\/wp-content\/uploads\/2022\/01\/joe-biden-081e34d1-focus-0.39-0.33-895-573.jpg","width":700,"height":526},{"@type":"BreadcrumbList","@id":"https:\/\/potenciaradiofonicadominicana.com\/portal\/biden-se-la-juega-por-una-reforma-que-protege-el-acceso-al-voto-de-minorias\/#breadcrumb","itemListElement":[{"@type":"ListItem","position":1,"name":"Portada","item":"https:\/\/potenciaradiofonicadominicana.com\/portal\/"},{"@type":"ListItem","position":2,"name":"Biden se la juega por una reforma que protege el acceso al voto de minor\u00edas"}]},{"@type":"WebSite","@id":"https:\/\/potenciaradiofonicadominicana.com\/portal\/#website","url":"https:\/\/potenciaradiofonicadominicana.com\/portal\/","name":"PotenciaRadiofonicaDominicana.com","description":"Peri\u00f3dico Digital","publisher":{"@id":"https:\/\/potenciaradiofonicadominicana.com\/portal\/#organization"},"potentialAction":[{"@type":"SearchAction","target":{"@type":"EntryPoint","urlTemplate":"https:\/\/potenciaradiofonicadominicana.com\/portal\/?s={search_term_string}"},"query-input":{"@type":"PropertyValueSpecification","valueRequired":true,"valueName":"search_term_string"}}],"inLanguage":"es"},{"@type":"Organization","@id":"https:\/\/potenciaradiofonicadominicana.com\/portal\/#organization","name":"PotenciaRadiofonicaDominicana.com","url":"https:\/\/potenciaradiofonicadominicana.com\/portal\/","logo":{"@type":"ImageObject","inLanguage":"es","@id":"https:\/\/potenciaradiofonicadominicana.com\/portal\/#\/schema\/logo\/image\/","url":"https:\/\/potenciaradiofonicadominicana.com\/portal\/wp-content\/uploads\/2022\/01\/descarga.png","contentUrl":"https:\/\/potenciaradiofonicadominicana.com\/portal\/wp-content\/uploads\/2022\/01\/descarga.png","width":300,"height":100,"caption":"PotenciaRadiofonicaDominicana.com"},"image":{"@id":"https:\/\/potenciaradiofonicadominicana.com\/portal\/#\/schema\/logo\/image\/"},"sameAs":["https:\/\/web.facebook.com\/PotenciaRadiofonicaD"]},{"@type":"Person","@id":"https:\/\/potenciaradiofonicadominicana.com\/portal\/#\/schema\/person\/a5cf1fea13877803ee0573ac18b03490","name":"Potencia Radiof\u00f3nica Dominicana","image":{"@type":"ImageObject","inLanguage":"es","@id":"https:\/\/potenciaradiofonicadominicana.com\/portal\/#\/schema\/person\/image\/","url":"https:\/\/secure.gravatar.com\/avatar\/42a55ab9e8ccc656ba34cd791990602a?s=96&d=mm&r=g","contentUrl":"https:\/\/secure.gravatar.com\/avatar\/42a55ab9e8ccc656ba34cd791990602a?s=96&d=mm&r=g","caption":"Potencia Radiof\u00f3nica Dominicana"},"url":"https:\/\/potenciaradiofonicadominicana.com\/portal\/author\/johannyalmanzar\/"}]}},"_links":{"self":[{"href":"https:\/\/potenciaradiofonicadominicana.com\/portal\/wp-json\/wp\/v2\/posts\/112104","targetHints":{"allow":["GET"]}}],"collection":[{"href":"https:\/\/potenciaradiofonicadominicana.com\/portal\/wp-json\/wp\/v2\/posts"}],"about":[{"href":"https:\/\/potenciaradiofonicadominicana.com\/portal\/wp-json\/wp\/v2\/types\/post"}],"author":[{"embeddable":true,"href":"https:\/\/potenciaradiofonicadominicana.com\/portal\/wp-json\/wp\/v2\/users\/2"}],"replies":[{"embeddable":true,"href":"https:\/\/potenciaradiofonicadominicana.com\/portal\/wp-json\/wp\/v2\/comments?post=112104"}],"version-history":[{"count":1,"href":"https:\/\/potenciaradiofonicadominicana.com\/portal\/wp-json\/wp\/v2\/posts\/112104\/revisions"}],"predecessor-version":[{"id":112106,"href":"https:\/\/potenciaradiofonicadominicana.com\/portal\/wp-json\/wp\/v2\/posts\/112104\/revisions\/112106"}],"wp:featuredmedia":[{"embeddable":true,"href":"https:\/\/potenciaradiofonicadominicana.com\/portal\/wp-json\/wp\/v2\/media\/112105"}],"wp:attachment":[{"href":"https:\/\/potenciaradiofonicadominicana.com\/portal\/wp-json\/wp\/v2\/media?parent=112104"}],"wp:term":[{"taxonomy":"category","embeddable":true,"href":"https:\/\/potenciaradiofonicadominicana.com\/portal\/wp-json\/wp\/v2\/categories?post=112104"},{"taxonomy":"post_tag","embeddable":true,"href":"https:\/\/potenciaradiofonicadominicana.com\/portal\/wp-json\/wp\/v2\/tags?post=112104"}],"curies":[{"name":"wp","href":"https:\/\/api.w.org\/{rel}","templated":true}]}}