{"id":112101,"date":"2022-01-12T12:00:18","date_gmt":"2022-01-12T16:00:18","guid":{"rendered":"https:\/\/potenciaradiofonicadominicana.com\/portal\/?p=112101"},"modified":"2022-01-12T12:00:18","modified_gmt":"2022-01-12T16:00:18","slug":"mas-del-50-de-poblacion-europea-estara-infectada-con-omicron-en-6-8-semanas-segun-oms","status":"publish","type":"post","link":"https:\/\/potenciaradiofonicadominicana.com\/portal\/mas-del-50-de-poblacion-europea-estara-infectada-con-omicron-en-6-8-semanas-segun-oms\/","title":{"rendered":"M\u00e1s del 50 % de poblaci\u00f3n europea estar\u00e1 infectada con \u00f3micron en 6-8 semanas, seg\u00fan OMS"},"content":{"rendered":"<p><a href=\"https:\/\/potenciaradiofonicadominicana.com\/portal\/wp-content\/uploads\/2022\/01\/imagen-nueva-1ad7ab1d-focus-0-0-895-573.jpg\"><img loading=\"lazy\" decoding=\"async\" class=\"alignnone size-full wp-image-112102\" src=\"https:\/\/potenciaradiofonicadominicana.com\/portal\/wp-content\/uploads\/2022\/01\/imagen-nueva-1ad7ab1d-focus-0-0-895-573.jpg\" alt=\"\" width=\"895\" height=\"573\" srcset=\"https:\/\/potenciaradiofonicadominicana.com\/portal\/wp-content\/uploads\/2022\/01\/imagen-nueva-1ad7ab1d-focus-0-0-895-573.jpg 895w, https:\/\/potenciaradiofonicadominicana.com\/portal\/wp-content\/uploads\/2022\/01\/imagen-nueva-1ad7ab1d-focus-0-0-895-573-300x192.jpg 300w, https:\/\/potenciaradiofonicadominicana.com\/portal\/wp-content\/uploads\/2022\/01\/imagen-nueva-1ad7ab1d-focus-0-0-895-573-768x492.jpg 768w\" sizes=\"auto, (max-width: 895px) 100vw, 895px\" \/><\/a><\/p>\n<p>M\u00e1s del 50 % de la poblaci\u00f3n europea habr\u00e1 contra\u00eddo la variante\u00a0\u00f3micron\u00a0del coronavirus en las pr\u00f3ximas 6 a 8 semanas, al ritmo actual de transmisi\u00f3n, inform\u00f3 hoy la\u00a0Organizaci\u00f3n Mundial de la Salud\u00a0(OMS).<\/p>\n<p>El pron\u00f3stico parte de un c\u00e1lculo realizado por el\u00a0Instituto de M\u00e9tricas y Evaluaciones de la Salud\u00a0(IHME), de la Universidad de Washington, citado por el director de\u00a0OMS-Europa, Hans Kluge.<\/p>\n<p>Kluge resalt\u00f3 en su primera comparecencia en 2022 que veintis\u00e9is pa\u00edses de la regi\u00f3n europea de la\u00a0OMS, que comprende 53, incluidos varios de Asia Central, han notificado que m\u00e1s del uno por ciento de su poblaci\u00f3n se est\u00e1 contagiando de coronavirus por semana.<\/p>\n","protected":false},"excerpt":{"rendered":"<p>M\u00e1s del 50 % de la poblaci\u00f3n europea habr\u00e1 contra\u00eddo la variante\u00a0\u00f3micron\u00a0del coronavirus en las pr\u00f3ximas 6 a 8 semanas, &#8230;<\/p>\n","protected":false},"author":2,"featured_media":112102,"comment_status":"open","ping_status":"open","sticky":false,"template":"","format":"standard","meta":{"footnotes":""},"categories":[30],"tags":[],"class_list":["post-112101","post","type-post","status-publish","format-standard","has-post-thumbnail","hentry","category-internacional"],"yoast_head":"<!-- This site is optimized with the Yoast SEO plugin v24.8.1 - https:\/\/yoast.com\/wordpress\/plugins\/seo\/ -->\n<title>M\u00e1s del 50 % de poblaci\u00f3n europea estar\u00e1 infectada con \u00f3micron en 6-8 semanas, seg\u00fan OMS - PotenciaRadiofonicaDominicana.com<\/title>\n<meta name=\"robots\" content=\"index, follow, max-snippet:-1, max-image-preview:large, max-video-preview:-1\" \/>\n<link rel=\"canonical\" href=\"https:\/\/potenciaradiofonicadominicana.com\/portal\/mas-del-50-de-poblacion-europea-estara-infectada-con-omicron-en-6-8-semanas-segun-oms\/\" \/>\n<meta property=\"og:locale\" content=\"es_ES\" \/>\n<meta property=\"og:type\" content=\"article\" \/>\n<meta property=\"og:title\" content=\"M\u00e1s del 50 % de poblaci\u00f3n europea estar\u00e1 infectada con \u00f3micron en 6-8 semanas, seg\u00fan OMS - PotenciaRadiofonicaDominicana.com\" \/>\n<meta property=\"og:description\" content=\"M\u00e1s del 50 % de la poblaci\u00f3n europea habr\u00e1 contra\u00eddo la variante\u00a0\u00f3micron\u00a0del coronavirus en las pr\u00f3ximas 6 a 8 semanas, ...\" \/>\n<meta property=\"og:url\" content=\"https:\/\/potenciaradiofonicadominicana.com\/portal\/mas-del-50-de-poblacion-europea-estara-infectada-con-omicron-en-6-8-semanas-segun-oms\/\" \/>\n<meta property=\"og:site_name\" content=\"PotenciaRadiofonicaDominicana.com\" \/>\n<meta property=\"article:publisher\" content=\"https:\/\/web.facebook.com\/PotenciaRadiofonicaD\" \/>\n<meta property=\"article:published_time\" content=\"2022-01-12T16:00:18+00:00\" \/>\n<meta property=\"og:image\" content=\"https:\/\/potenciaradiofonicadominicana.com\/portal\/wp-content\/uploads\/2022\/01\/imagen-nueva-1ad7ab1d-focus-0-0-895-573.jpg\" \/>\n\t<meta property=\"og:image:width\" content=\"895\" \/>\n\t<meta property=\"og:image:height\" content=\"573\" \/>\n\t<meta property=\"og:image:type\" content=\"image\/jpeg\" \/>\n<meta name=\"author\" content=\"Potencia Radiof\u00f3nica Dominicana\" \/>\n<meta name=\"twitter:card\" content=\"summary_large_image\" \/>\n<meta name=\"twitter:label1\" content=\"Escrito por\" \/>\n\t<meta name=\"twitter:data1\" content=\"Potencia Radiof\u00f3nica Dominicana\" \/>\n\t<meta name=\"twitter:label2\" content=\"Tiempo de lectura\" \/>\n\t<meta name=\"twitter:data2\" content=\"1 minuto\" \/>\n<script type=\"application\/ld+json\" class=\"yoast-schema-graph\">{\"@context\":\"https:\/\/schema.org\",\"@graph\":[{\"@type\":\"Article\",\"@id\":\"https:\/\/potenciaradiofonicadominicana.com\/portal\/mas-del-50-de-poblacion-europea-estara-infectada-con-omicron-en-6-8-semanas-segun-oms\/#article\",\"isPartOf\":{\"@id\":\"https:\/\/potenciaradiofonicadominicana.com\/portal\/mas-del-50-de-poblacion-europea-estara-infectada-con-omicron-en-6-8-semanas-segun-oms\/\"},\"author\":{\"name\":\"Potencia Radiof\u00f3nica Dominicana\",\"@id\":\"https:\/\/potenciaradiofonicadominicana.com\/portal\/#\/schema\/person\/a5cf1fea13877803ee0573ac18b03490\"},\"headline\":\"M\u00e1s del 50 % de poblaci\u00f3n europea estar\u00e1 infectada con \u00f3micron en 6-8 semanas, seg\u00fan OMS\",\"datePublished\":\"2022-01-12T16:00:18+00:00\",\"mainEntityOfPage\":{\"@id\":\"https:\/\/potenciaradiofonicadominicana.com\/portal\/mas-del-50-de-poblacion-europea-estara-infectada-con-omicron-en-6-8-semanas-segun-oms\/\"},\"wordCount\":136,\"commentCount\":0,\"publisher\":{\"@id\":\"https:\/\/potenciaradiofonicadominicana.com\/portal\/#organization\"},\"image\":{\"@id\":\"https:\/\/potenciaradiofonicadominicana.com\/portal\/mas-del-50-de-poblacion-europea-estara-infectada-con-omicron-en-6-8-semanas-segun-oms\/#primaryimage\"},\"thumbnailUrl\":\"https:\/\/potenciaradiofonicadominicana.com\/portal\/wp-content\/uploads\/2022\/01\/imagen-nueva-1ad7ab1d-focus-0-0-895-573.jpg\",\"articleSection\":[\"Internacional\"],\"inLanguage\":\"es\",\"potentialAction\":[{\"@type\":\"CommentAction\",\"name\":\"Comment\",\"target\":[\"https:\/\/potenciaradiofonicadominicana.com\/portal\/mas-del-50-de-poblacion-europea-estara-infectada-con-omicron-en-6-8-semanas-segun-oms\/#respond\"]}]},{\"@type\":\"WebPage\",\"@id\":\"https:\/\/potenciaradiofonicadominicana.com\/portal\/mas-del-50-de-poblacion-europea-estara-infectada-con-omicron-en-6-8-semanas-segun-oms\/\",\"url\":\"https:\/\/potenciaradiofonicadominicana.com\/portal\/mas-del-50-de-poblacion-europea-estara-infectada-con-omicron-en-6-8-semanas-segun-oms\/\",\"name\":\"M\u00e1s del 50 % de poblaci\u00f3n europea estar\u00e1 infectada con \u00f3micron en 6-8 semanas, seg\u00fan OMS - PotenciaRadiofonicaDominicana.com\",\"isPartOf\":{\"@id\":\"https:\/\/potenciaradiofonicadominicana.com\/portal\/#website\"},\"primaryImageOfPage\":{\"@id\":\"https:\/\/potenciaradiofonicadominicana.com\/portal\/mas-del-50-de-poblacion-europea-estara-infectada-con-omicron-en-6-8-semanas-segun-oms\/#primaryimage\"},\"image\":{\"@id\":\"https:\/\/potenciaradiofonicadominicana.com\/portal\/mas-del-50-de-poblacion-europea-estara-infectada-con-omicron-en-6-8-semanas-segun-oms\/#primaryimage\"},\"thumbnailUrl\":\"https:\/\/potenciaradiofonicadominicana.com\/portal\/wp-content\/uploads\/2022\/01\/imagen-nueva-1ad7ab1d-focus-0-0-895-573.jpg\",\"datePublished\":\"2022-01-12T16:00:18+00:00\",\"breadcrumb\":{\"@id\":\"https:\/\/potenciaradiofonicadominicana.com\/portal\/mas-del-50-de-poblacion-europea-estara-infectada-con-omicron-en-6-8-semanas-segun-oms\/#breadcrumb\"},\"inLanguage\":\"es\",\"potentialAction\":[{\"@type\":\"ReadAction\",\"target\":[\"https:\/\/potenciaradiofonicadominicana.com\/portal\/mas-del-50-de-poblacion-europea-estara-infectada-con-omicron-en-6-8-semanas-segun-oms\/\"]}]},{\"@type\":\"ImageObject\",\"inLanguage\":\"es\",\"@id\":\"https:\/\/potenciaradiofonicadominicana.com\/portal\/mas-del-50-de-poblacion-europea-estara-infectada-con-omicron-en-6-8-semanas-segun-oms\/#primaryimage\",\"url\":\"https:\/\/potenciaradiofonicadominicana.com\/portal\/wp-content\/uploads\/2022\/01\/imagen-nueva-1ad7ab1d-focus-0-0-895-573.jpg\",\"contentUrl\":\"https:\/\/potenciaradiofonicadominicana.com\/portal\/wp-content\/uploads\/2022\/01\/imagen-nueva-1ad7ab1d-focus-0-0-895-573.jpg\",\"width\":895,\"height\":573},{\"@type\":\"BreadcrumbList\",\"@id\":\"https:\/\/potenciaradiofonicadominicana.com\/portal\/mas-del-50-de-poblacion-europea-estara-infectada-con-omicron-en-6-8-semanas-segun-oms\/#breadcrumb\",\"itemListElement\":[{\"@type\":\"ListItem\",\"position\":1,\"name\":\"Portada\",\"item\":\"https:\/\/potenciaradiofonicadominicana.com\/portal\/\"},{\"@type\":\"ListItem\",\"position\":2,\"name\":\"M\u00e1s del 50 % de poblaci\u00f3n europea estar\u00e1 infectada con \u00f3micron en 6-8 semanas, seg\u00fan OMS\"}]},{\"@type\":\"WebSite\",\"@id\":\"https:\/\/potenciaradiofonicadominicana.com\/portal\/#website\",\"url\":\"https:\/\/potenciaradiofonicadominicana.com\/portal\/\",\"name\":\"PotenciaRadiofonicaDominicana.com\",\"description\":\"Peri\u00f3dico Digital\",\"publisher\":{\"@id\":\"https:\/\/potenciaradiofonicadominicana.com\/portal\/#organization\"},\"potentialAction\":[{\"@type\":\"SearchAction\",\"target\":{\"@type\":\"EntryPoint\",\"urlTemplate\":\"https:\/\/potenciaradiofonicadominicana.com\/portal\/?s={search_term_string}\"},\"query-input\":{\"@type\":\"PropertyValueSpecification\",\"valueRequired\":true,\"valueName\":\"search_term_string\"}}],\"inLanguage\":\"es\"},{\"@type\":\"Organization\",\"@id\":\"https:\/\/potenciaradiofonicadominicana.com\/portal\/#organization\",\"name\":\"PotenciaRadiofonicaDominicana.com\",\"url\":\"https:\/\/potenciaradiofonicadominicana.com\/portal\/\",\"logo\":{\"@type\":\"ImageObject\",\"inLanguage\":\"es\",\"@id\":\"https:\/\/potenciaradiofonicadominicana.com\/portal\/#\/schema\/logo\/image\/\",\"url\":\"https:\/\/potenciaradiofonicadominicana.com\/portal\/wp-content\/uploads\/2022\/01\/descarga.png\",\"contentUrl\":\"https:\/\/potenciaradiofonicadominicana.com\/portal\/wp-content\/uploads\/2022\/01\/descarga.png\",\"width\":300,\"height\":100,\"caption\":\"PotenciaRadiofonicaDominicana.com\"},\"image\":{\"@id\":\"https:\/\/potenciaradiofonicadominicana.com\/portal\/#\/schema\/logo\/image\/\"},\"sameAs\":[\"https:\/\/web.facebook.com\/PotenciaRadiofonicaD\"]},{\"@type\":\"Person\",\"@id\":\"https:\/\/potenciaradiofonicadominicana.com\/portal\/#\/schema\/person\/a5cf1fea13877803ee0573ac18b03490\",\"name\":\"Potencia Radiof\u00f3nica Dominicana\",\"image\":{\"@type\":\"ImageObject\",\"inLanguage\":\"es\",\"@id\":\"https:\/\/potenciaradiofonicadominicana.com\/portal\/#\/schema\/person\/image\/\",\"url\":\"https:\/\/secure.gravatar.com\/avatar\/42a55ab9e8ccc656ba34cd791990602a?s=96&d=mm&r=g\",\"contentUrl\":\"https:\/\/secure.gravatar.com\/avatar\/42a55ab9e8ccc656ba34cd791990602a?s=96&d=mm&r=g\",\"caption\":\"Potencia Radiof\u00f3nica Dominicana\"},\"url\":\"https:\/\/potenciaradiofonicadominicana.com\/portal\/author\/johannyalmanzar\/\"}]}<\/script>\n<!-- \/ Yoast SEO plugin. -->","yoast_head_json":{"title":"M\u00e1s del 50 % de poblaci\u00f3n europea estar\u00e1 infectada con \u00f3micron en 6-8 semanas, seg\u00fan OMS - PotenciaRadiofonicaDominicana.com","robots":{"index":"index","follow":"follow","max-snippet":"max-snippet:-1","max-image-preview":"max-image-preview:large","max-video-preview":"max-video-preview:-1"},"canonical":"https:\/\/potenciaradiofonicadominicana.com\/portal\/mas-del-50-de-poblacion-europea-estara-infectada-con-omicron-en-6-8-semanas-segun-oms\/","og_locale":"es_ES","og_type":"article","og_title":"M\u00e1s del 50 % de poblaci\u00f3n europea estar\u00e1 infectada con \u00f3micron en 6-8 semanas, seg\u00fan OMS - PotenciaRadiofonicaDominicana.com","og_description":"M\u00e1s del 50 % de la poblaci\u00f3n europea habr\u00e1 contra\u00eddo la variante\u00a0\u00f3micron\u00a0del coronavirus en las pr\u00f3ximas 6 a 8 semanas, ...","og_url":"https:\/\/potenciaradiofonicadominicana.com\/portal\/mas-del-50-de-poblacion-europea-estara-infectada-con-omicron-en-6-8-semanas-segun-oms\/","og_site_name":"PotenciaRadiofonicaDominicana.com","article_publisher":"https:\/\/web.facebook.com\/PotenciaRadiofonicaD","article_published_time":"2022-01-12T16:00:18+00:00","og_image":[{"width":895,"height":573,"url":"https:\/\/potenciaradiofonicadominicana.com\/portal\/wp-content\/uploads\/2022\/01\/imagen-nueva-1ad7ab1d-focus-0-0-895-573.jpg","type":"image\/jpeg"}],"author":"Potencia Radiof\u00f3nica Dominicana","twitter_card":"summary_large_image","twitter_misc":{"Escrito por":"Potencia Radiof\u00f3nica Dominicana","Tiempo de lectura":"1 minuto"},"schema":{"@context":"https:\/\/schema.org","@graph":[{"@type":"Article","@id":"https:\/\/potenciaradiofonicadominicana.com\/portal\/mas-del-50-de-poblacion-europea-estara-infectada-con-omicron-en-6-8-semanas-segun-oms\/#article","isPartOf":{"@id":"https:\/\/potenciaradiofonicadominicana.com\/portal\/mas-del-50-de-poblacion-europea-estara-infectada-con-omicron-en-6-8-semanas-segun-oms\/"},"author":{"name":"Potencia Radiof\u00f3nica Dominicana","@id":"https:\/\/potenciaradiofonicadominicana.com\/portal\/#\/schema\/person\/a5cf1fea13877803ee0573ac18b03490"},"headline":"M\u00e1s del 50 % de poblaci\u00f3n europea estar\u00e1 infectada con \u00f3micron en 6-8 semanas, seg\u00fan OMS","datePublished":"2022-01-12T16:00:18+00:00","mainEntityOfPage":{"@id":"https:\/\/potenciaradiofonicadominicana.com\/portal\/mas-del-50-de-poblacion-europea-estara-infectada-con-omicron-en-6-8-semanas-segun-oms\/"},"wordCount":136,"commentCount":0,"publisher":{"@id":"https:\/\/potenciaradiofonicadominicana.com\/portal\/#organization"},"image":{"@id":"https:\/\/potenciaradiofonicadominicana.com\/portal\/mas-del-50-de-poblacion-europea-estara-infectada-con-omicron-en-6-8-semanas-segun-oms\/#primaryimage"},"thumbnailUrl":"https:\/\/potenciaradiofonicadominicana.com\/portal\/wp-content\/uploads\/2022\/01\/imagen-nueva-1ad7ab1d-focus-0-0-895-573.jpg","articleSection":["Internacional"],"inLanguage":"es","potentialAction":[{"@type":"CommentAction","name":"Comment","target":["https:\/\/potenciaradiofonicadominicana.com\/portal\/mas-del-50-de-poblacion-europea-estara-infectada-con-omicron-en-6-8-semanas-segun-oms\/#respond"]}]},{"@type":"WebPage","@id":"https:\/\/potenciaradiofonicadominicana.com\/portal\/mas-del-50-de-poblacion-europea-estara-infectada-con-omicron-en-6-8-semanas-segun-oms\/","url":"https:\/\/potenciaradiofonicadominicana.com\/portal\/mas-del-50-de-poblacion-europea-estara-infectada-con-omicron-en-6-8-semanas-segun-oms\/","name":"M\u00e1s del 50 % de poblaci\u00f3n europea estar\u00e1 infectada con \u00f3micron en 6-8 semanas, seg\u00fan OMS - PotenciaRadiofonicaDominicana.com","isPartOf":{"@id":"https:\/\/potenciaradiofonicadominicana.com\/portal\/#website"},"primaryImageOfPage":{"@id":"https:\/\/potenciaradiofonicadominicana.com\/portal\/mas-del-50-de-poblacion-europea-estara-infectada-con-omicron-en-6-8-semanas-segun-oms\/#primaryimage"},"image":{"@id":"https:\/\/potenciaradiofonicadominicana.com\/portal\/mas-del-50-de-poblacion-europea-estara-infectada-con-omicron-en-6-8-semanas-segun-oms\/#primaryimage"},"thumbnailUrl":"https:\/\/potenciaradiofonicadominicana.com\/portal\/wp-content\/uploads\/2022\/01\/imagen-nueva-1ad7ab1d-focus-0-0-895-573.jpg","datePublished":"2022-01-12T16:00:18+00:00","breadcrumb":{"@id":"https:\/\/potenciaradiofonicadominicana.com\/portal\/mas-del-50-de-poblacion-europea-estara-infectada-con-omicron-en-6-8-semanas-segun-oms\/#breadcrumb"},"inLanguage":"es","potentialAction":[{"@type":"ReadAction","target":["https:\/\/potenciaradiofonicadominicana.com\/portal\/mas-del-50-de-poblacion-europea-estara-infectada-con-omicron-en-6-8-semanas-segun-oms\/"]}]},{"@type":"ImageObject","inLanguage":"es","@id":"https:\/\/potenciaradiofonicadominicana.com\/portal\/mas-del-50-de-poblacion-europea-estara-infectada-con-omicron-en-6-8-semanas-segun-oms\/#primaryimage","url":"https:\/\/potenciaradiofonicadominicana.com\/portal\/wp-content\/uploads\/2022\/01\/imagen-nueva-1ad7ab1d-focus-0-0-895-573.jpg","contentUrl":"https:\/\/potenciaradiofonicadominicana.com\/portal\/wp-content\/uploads\/2022\/01\/imagen-nueva-1ad7ab1d-focus-0-0-895-573.jpg","width":895,"height":573},{"@type":"BreadcrumbList","@id":"https:\/\/potenciaradiofonicadominicana.com\/portal\/mas-del-50-de-poblacion-europea-estara-infectada-con-omicron-en-6-8-semanas-segun-oms\/#breadcrumb","itemListElement":[{"@type":"ListItem","position":1,"name":"Portada","item":"https:\/\/potenciaradiofonicadominicana.com\/portal\/"},{"@type":"ListItem","position":2,"name":"M\u00e1s del 50 % de poblaci\u00f3n europea estar\u00e1 infectada con \u00f3micron en 6-8 semanas, seg\u00fan OMS"}]},{"@type":"WebSite","@id":"https:\/\/potenciaradiofonicadominicana.com\/portal\/#website","url":"https:\/\/potenciaradiofonicadominicana.com\/portal\/","name":"PotenciaRadiofonicaDominicana.com","description":"Peri\u00f3dico Digital","publisher":{"@id":"https:\/\/potenciaradiofonicadominicana.com\/portal\/#organization"},"potentialAction":[{"@type":"SearchAction","target":{"@type":"EntryPoint","urlTemplate":"https:\/\/potenciaradiofonicadominicana.com\/portal\/?s={search_term_string}"},"query-input":{"@type":"PropertyValueSpecification","valueRequired":true,"valueName":"search_term_string"}}],"inLanguage":"es"},{"@type":"Organization","@id":"https:\/\/potenciaradiofonicadominicana.com\/portal\/#organization","name":"PotenciaRadiofonicaDominicana.com","url":"https:\/\/potenciaradiofonicadominicana.com\/portal\/","logo":{"@type":"ImageObject","inLanguage":"es","@id":"https:\/\/potenciaradiofonicadominicana.com\/portal\/#\/schema\/logo\/image\/","url":"https:\/\/potenciaradiofonicadominicana.com\/portal\/wp-content\/uploads\/2022\/01\/descarga.png","contentUrl":"https:\/\/potenciaradiofonicadominicana.com\/portal\/wp-content\/uploads\/2022\/01\/descarga.png","width":300,"height":100,"caption":"PotenciaRadiofonicaDominicana.com"},"image":{"@id":"https:\/\/potenciaradiofonicadominicana.com\/portal\/#\/schema\/logo\/image\/"},"sameAs":["https:\/\/web.facebook.com\/PotenciaRadiofonicaD"]},{"@type":"Person","@id":"https:\/\/potenciaradiofonicadominicana.com\/portal\/#\/schema\/person\/a5cf1fea13877803ee0573ac18b03490","name":"Potencia Radiof\u00f3nica Dominicana","image":{"@type":"ImageObject","inLanguage":"es","@id":"https:\/\/potenciaradiofonicadominicana.com\/portal\/#\/schema\/person\/image\/","url":"https:\/\/secure.gravatar.com\/avatar\/42a55ab9e8ccc656ba34cd791990602a?s=96&d=mm&r=g","contentUrl":"https:\/\/secure.gravatar.com\/avatar\/42a55ab9e8ccc656ba34cd791990602a?s=96&d=mm&r=g","caption":"Potencia Radiof\u00f3nica Dominicana"},"url":"https:\/\/potenciaradiofonicadominicana.com\/portal\/author\/johannyalmanzar\/"}]}},"_links":{"self":[{"href":"https:\/\/potenciaradiofonicadominicana.com\/portal\/wp-json\/wp\/v2\/posts\/112101","targetHints":{"allow":["GET"]}}],"collection":[{"href":"https:\/\/potenciaradiofonicadominicana.com\/portal\/wp-json\/wp\/v2\/posts"}],"about":[{"href":"https:\/\/potenciaradiofonicadominicana.com\/portal\/wp-json\/wp\/v2\/types\/post"}],"author":[{"embeddable":true,"href":"https:\/\/potenciaradiofonicadominicana.com\/portal\/wp-json\/wp\/v2\/users\/2"}],"replies":[{"embeddable":true,"href":"https:\/\/potenciaradiofonicadominicana.com\/portal\/wp-json\/wp\/v2\/comments?post=112101"}],"version-history":[{"count":1,"href":"https:\/\/potenciaradiofonicadominicana.com\/portal\/wp-json\/wp\/v2\/posts\/112101\/revisions"}],"predecessor-version":[{"id":112103,"href":"https:\/\/potenciaradiofonicadominicana.com\/portal\/wp-json\/wp\/v2\/posts\/112101\/revisions\/112103"}],"wp:featuredmedia":[{"embeddable":true,"href":"https:\/\/potenciaradiofonicadominicana.com\/portal\/wp-json\/wp\/v2\/media\/112102"}],"wp:attachment":[{"href":"https:\/\/potenciaradiofonicadominicana.com\/portal\/wp-json\/wp\/v2\/media?parent=112101"}],"wp:term":[{"taxonomy":"category","embeddable":true,"href":"https:\/\/potenciaradiofonicadominicana.com\/portal\/wp-json\/wp\/v2\/categories?post=112101"},{"taxonomy":"post_tag","embeddable":true,"href":"https:\/\/potenciaradiofonicadominicana.com\/portal\/wp-json\/wp\/v2\/tags?post=112101"}],"curies":[{"name":"wp","href":"https:\/\/api.w.org\/{rel}","templated":true}]}}