{"id":112083,"date":"2022-01-12T11:32:41","date_gmt":"2022-01-12T15:32:41","guid":{"rendered":"https:\/\/potenciaradiofonicadominicana.com\/portal\/?p=112083"},"modified":"2022-01-12T11:32:41","modified_gmt":"2022-01-12T15:32:41","slug":"por-la-pandemia-italia-perdio-148-millones-de-turistas-en-2021","status":"publish","type":"post","link":"https:\/\/potenciaradiofonicadominicana.com\/portal\/por-la-pandemia-italia-perdio-148-millones-de-turistas-en-2021\/","title":{"rendered":"Por la pandemia, Italia perdi\u00f3 148 millones de turistas en 2021"},"content":{"rendered":"<p><a href=\"https:\/\/potenciaradiofonicadominicana.com\/portal\/wp-content\/uploads\/2022\/01\/turistas-en-italia-efe-b9a69086-focus-0-0-895-573.jpg\"><img loading=\"lazy\" decoding=\"async\" class=\"alignnone size-full wp-image-112084\" src=\"https:\/\/potenciaradiofonicadominicana.com\/portal\/wp-content\/uploads\/2022\/01\/turistas-en-italia-efe-b9a69086-focus-0-0-895-573.jpg\" alt=\"\" width=\"705\" height=\"486\" srcset=\"https:\/\/potenciaradiofonicadominicana.com\/portal\/wp-content\/uploads\/2022\/01\/turistas-en-italia-efe-b9a69086-focus-0-0-895-573.jpg 705w, https:\/\/potenciaradiofonicadominicana.com\/portal\/wp-content\/uploads\/2022\/01\/turistas-en-italia-efe-b9a69086-focus-0-0-895-573-300x207.jpg 300w\" sizes=\"auto, (max-width: 705px) 100vw, 705px\" \/><\/a><\/p>\n<p>Italia\u00a0perdi\u00f3 148 millones de\u00a0turistas\u00a0en 2021 debido a la\u00a0pandemia, en el segundo ejercicio en el que el sector tur\u00edstico acaba con n\u00fameros en rojo, inform\u00f3 hoy la asociaci\u00f3n de hoteleros Federalberghi, que revel\u00f3 que, del total, 115 millones fueron\u00a0visitantes extranjeros.<\/p>\n<p>Si los datos se comparan con 2019, el \u00faltimo a\u00f1o previo a la\u00a0pandemia, \u00abes como si una de cada tres reservas se hubiera cancelado\u00bb, mientras que respecto a los\u00a0turistas\u00a0extranjeros, \u00abla p\u00e9rdida se convierte en una de cada dos para un total de 115 millones de\u00a0visitantes extranjeros\u00a0perdidos\u00bb, explic\u00f3 la asociaci\u00f3n en un comunicado.<\/p>\n<p>La asociaci\u00f3n asegur\u00f3 que, en este escenario, las empresas y los empleados de los\u00a0hoteles\u00a0italianos han perdido una a una las medidas de apoyo aprobadas en el pasado y que hab\u00edan permitido la supervivencia de las compa\u00f1\u00edas y puestos de trabajo relacionados: el cr\u00e9dito fiscal sobre los alquileres, la exenci\u00f3n del pago de los bienes inmuebles, la moratoria de hipotecas y la congelaci\u00f3n de los despidos<\/p>\n<p>Mientras el sector reclama nuevas medidas, el primer ministro italiano, Mario Draghi, explic\u00f3 este lunes en una rueda de prensa que se trabaja para apoyar a los segmentos con m\u00e1s dificultades, principalmente el turismo, y que para ello se utilizar\u00e1n los recursos previstos en la ley de Presupuestos, que es de cerca 150 millones de euros.<\/p>\n","protected":false},"excerpt":{"rendered":"<p>Italia\u00a0perdi\u00f3 148 millones de\u00a0turistas\u00a0en 2021 debido a la\u00a0pandemia, en el segundo ejercicio en el que el sector tur\u00edstico acaba con &#8230;<\/p>\n","protected":false},"author":2,"featured_media":112084,"comment_status":"open","ping_status":"open","sticky":false,"template":"","format":"standard","meta":{"footnotes":""},"categories":[26],"tags":[],"class_list":["post-112083","post","type-post","status-publish","format-standard","has-post-thumbnail","hentry","category-economia"],"yoast_head":"<!-- This site is optimized with the Yoast SEO plugin v24.8.1 - https:\/\/yoast.com\/wordpress\/plugins\/seo\/ -->\n<title>Por la pandemia, Italia perdi\u00f3 148 millones de turistas en 2021 - PotenciaRadiofonicaDominicana.com<\/title>\n<meta name=\"robots\" content=\"index, follow, max-snippet:-1, max-image-preview:large, max-video-preview:-1\" \/>\n<link rel=\"canonical\" href=\"https:\/\/potenciaradiofonicadominicana.com\/portal\/por-la-pandemia-italia-perdio-148-millones-de-turistas-en-2021\/\" \/>\n<meta property=\"og:locale\" content=\"es_ES\" \/>\n<meta property=\"og:type\" content=\"article\" \/>\n<meta property=\"og:title\" content=\"Por la pandemia, Italia perdi\u00f3 148 millones de turistas en 2021 - PotenciaRadiofonicaDominicana.com\" \/>\n<meta property=\"og:description\" content=\"Italia\u00a0perdi\u00f3 148 millones de\u00a0turistas\u00a0en 2021 debido a la\u00a0pandemia, en el segundo ejercicio en el que el sector tur\u00edstico acaba con ...\" \/>\n<meta property=\"og:url\" content=\"https:\/\/potenciaradiofonicadominicana.com\/portal\/por-la-pandemia-italia-perdio-148-millones-de-turistas-en-2021\/\" \/>\n<meta property=\"og:site_name\" content=\"PotenciaRadiofonicaDominicana.com\" \/>\n<meta property=\"article:publisher\" content=\"https:\/\/web.facebook.com\/PotenciaRadiofonicaD\" \/>\n<meta property=\"article:published_time\" content=\"2022-01-12T15:32:41+00:00\" \/>\n<meta property=\"og:image\" content=\"https:\/\/potenciaradiofonicadominicana.com\/portal\/wp-content\/uploads\/2022\/01\/turistas-en-italia-efe-b9a69086-focus-0-0-895-573.jpg\" \/>\n\t<meta property=\"og:image:width\" content=\"705\" \/>\n\t<meta property=\"og:image:height\" content=\"486\" \/>\n\t<meta property=\"og:image:type\" content=\"image\/jpeg\" \/>\n<meta name=\"author\" content=\"Potencia Radiof\u00f3nica Dominicana\" \/>\n<meta name=\"twitter:card\" content=\"summary_large_image\" \/>\n<meta name=\"twitter:label1\" content=\"Escrito por\" \/>\n\t<meta name=\"twitter:data1\" content=\"Potencia Radiof\u00f3nica Dominicana\" \/>\n\t<meta name=\"twitter:label2\" content=\"Tiempo de lectura\" \/>\n\t<meta name=\"twitter:data2\" content=\"1 minuto\" \/>\n<script type=\"application\/ld+json\" class=\"yoast-schema-graph\">{\"@context\":\"https:\/\/schema.org\",\"@graph\":[{\"@type\":\"Article\",\"@id\":\"https:\/\/potenciaradiofonicadominicana.com\/portal\/por-la-pandemia-italia-perdio-148-millones-de-turistas-en-2021\/#article\",\"isPartOf\":{\"@id\":\"https:\/\/potenciaradiofonicadominicana.com\/portal\/por-la-pandemia-italia-perdio-148-millones-de-turistas-en-2021\/\"},\"author\":{\"name\":\"Potencia Radiof\u00f3nica Dominicana\",\"@id\":\"https:\/\/potenciaradiofonicadominicana.com\/portal\/#\/schema\/person\/a5cf1fea13877803ee0573ac18b03490\"},\"headline\":\"Por la pandemia, Italia perdi\u00f3 148 millones de turistas en 2021\",\"datePublished\":\"2022-01-12T15:32:41+00:00\",\"mainEntityOfPage\":{\"@id\":\"https:\/\/potenciaradiofonicadominicana.com\/portal\/por-la-pandemia-italia-perdio-148-millones-de-turistas-en-2021\/\"},\"wordCount\":241,\"commentCount\":0,\"publisher\":{\"@id\":\"https:\/\/potenciaradiofonicadominicana.com\/portal\/#organization\"},\"image\":{\"@id\":\"https:\/\/potenciaradiofonicadominicana.com\/portal\/por-la-pandemia-italia-perdio-148-millones-de-turistas-en-2021\/#primaryimage\"},\"thumbnailUrl\":\"https:\/\/potenciaradiofonicadominicana.com\/portal\/wp-content\/uploads\/2022\/01\/turistas-en-italia-efe-b9a69086-focus-0-0-895-573.jpg\",\"articleSection\":[\"Econom\u00eda\"],\"inLanguage\":\"es\",\"potentialAction\":[{\"@type\":\"CommentAction\",\"name\":\"Comment\",\"target\":[\"https:\/\/potenciaradiofonicadominicana.com\/portal\/por-la-pandemia-italia-perdio-148-millones-de-turistas-en-2021\/#respond\"]}]},{\"@type\":\"WebPage\",\"@id\":\"https:\/\/potenciaradiofonicadominicana.com\/portal\/por-la-pandemia-italia-perdio-148-millones-de-turistas-en-2021\/\",\"url\":\"https:\/\/potenciaradiofonicadominicana.com\/portal\/por-la-pandemia-italia-perdio-148-millones-de-turistas-en-2021\/\",\"name\":\"Por la pandemia, Italia perdi\u00f3 148 millones de turistas en 2021 - PotenciaRadiofonicaDominicana.com\",\"isPartOf\":{\"@id\":\"https:\/\/potenciaradiofonicadominicana.com\/portal\/#website\"},\"primaryImageOfPage\":{\"@id\":\"https:\/\/potenciaradiofonicadominicana.com\/portal\/por-la-pandemia-italia-perdio-148-millones-de-turistas-en-2021\/#primaryimage\"},\"image\":{\"@id\":\"https:\/\/potenciaradiofonicadominicana.com\/portal\/por-la-pandemia-italia-perdio-148-millones-de-turistas-en-2021\/#primaryimage\"},\"thumbnailUrl\":\"https:\/\/potenciaradiofonicadominicana.com\/portal\/wp-content\/uploads\/2022\/01\/turistas-en-italia-efe-b9a69086-focus-0-0-895-573.jpg\",\"datePublished\":\"2022-01-12T15:32:41+00:00\",\"breadcrumb\":{\"@id\":\"https:\/\/potenciaradiofonicadominicana.com\/portal\/por-la-pandemia-italia-perdio-148-millones-de-turistas-en-2021\/#breadcrumb\"},\"inLanguage\":\"es\",\"potentialAction\":[{\"@type\":\"ReadAction\",\"target\":[\"https:\/\/potenciaradiofonicadominicana.com\/portal\/por-la-pandemia-italia-perdio-148-millones-de-turistas-en-2021\/\"]}]},{\"@type\":\"ImageObject\",\"inLanguage\":\"es\",\"@id\":\"https:\/\/potenciaradiofonicadominicana.com\/portal\/por-la-pandemia-italia-perdio-148-millones-de-turistas-en-2021\/#primaryimage\",\"url\":\"https:\/\/potenciaradiofonicadominicana.com\/portal\/wp-content\/uploads\/2022\/01\/turistas-en-italia-efe-b9a69086-focus-0-0-895-573.jpg\",\"contentUrl\":\"https:\/\/potenciaradiofonicadominicana.com\/portal\/wp-content\/uploads\/2022\/01\/turistas-en-italia-efe-b9a69086-focus-0-0-895-573.jpg\",\"width\":705,\"height\":486},{\"@type\":\"BreadcrumbList\",\"@id\":\"https:\/\/potenciaradiofonicadominicana.com\/portal\/por-la-pandemia-italia-perdio-148-millones-de-turistas-en-2021\/#breadcrumb\",\"itemListElement\":[{\"@type\":\"ListItem\",\"position\":1,\"name\":\"Portada\",\"item\":\"https:\/\/potenciaradiofonicadominicana.com\/portal\/\"},{\"@type\":\"ListItem\",\"position\":2,\"name\":\"Por la pandemia, Italia perdi\u00f3 148 millones de turistas en 2021\"}]},{\"@type\":\"WebSite\",\"@id\":\"https:\/\/potenciaradiofonicadominicana.com\/portal\/#website\",\"url\":\"https:\/\/potenciaradiofonicadominicana.com\/portal\/\",\"name\":\"PotenciaRadiofonicaDominicana.com\",\"description\":\"Peri\u00f3dico Digital\",\"publisher\":{\"@id\":\"https:\/\/potenciaradiofonicadominicana.com\/portal\/#organization\"},\"potentialAction\":[{\"@type\":\"SearchAction\",\"target\":{\"@type\":\"EntryPoint\",\"urlTemplate\":\"https:\/\/potenciaradiofonicadominicana.com\/portal\/?s={search_term_string}\"},\"query-input\":{\"@type\":\"PropertyValueSpecification\",\"valueRequired\":true,\"valueName\":\"search_term_string\"}}],\"inLanguage\":\"es\"},{\"@type\":\"Organization\",\"@id\":\"https:\/\/potenciaradiofonicadominicana.com\/portal\/#organization\",\"name\":\"PotenciaRadiofonicaDominicana.com\",\"url\":\"https:\/\/potenciaradiofonicadominicana.com\/portal\/\",\"logo\":{\"@type\":\"ImageObject\",\"inLanguage\":\"es\",\"@id\":\"https:\/\/potenciaradiofonicadominicana.com\/portal\/#\/schema\/logo\/image\/\",\"url\":\"https:\/\/potenciaradiofonicadominicana.com\/portal\/wp-content\/uploads\/2022\/01\/descarga.png\",\"contentUrl\":\"https:\/\/potenciaradiofonicadominicana.com\/portal\/wp-content\/uploads\/2022\/01\/descarga.png\",\"width\":300,\"height\":100,\"caption\":\"PotenciaRadiofonicaDominicana.com\"},\"image\":{\"@id\":\"https:\/\/potenciaradiofonicadominicana.com\/portal\/#\/schema\/logo\/image\/\"},\"sameAs\":[\"https:\/\/web.facebook.com\/PotenciaRadiofonicaD\"]},{\"@type\":\"Person\",\"@id\":\"https:\/\/potenciaradiofonicadominicana.com\/portal\/#\/schema\/person\/a5cf1fea13877803ee0573ac18b03490\",\"name\":\"Potencia Radiof\u00f3nica Dominicana\",\"image\":{\"@type\":\"ImageObject\",\"inLanguage\":\"es\",\"@id\":\"https:\/\/potenciaradiofonicadominicana.com\/portal\/#\/schema\/person\/image\/\",\"url\":\"https:\/\/secure.gravatar.com\/avatar\/42a55ab9e8ccc656ba34cd791990602a?s=96&d=mm&r=g\",\"contentUrl\":\"https:\/\/secure.gravatar.com\/avatar\/42a55ab9e8ccc656ba34cd791990602a?s=96&d=mm&r=g\",\"caption\":\"Potencia Radiof\u00f3nica Dominicana\"},\"url\":\"https:\/\/potenciaradiofonicadominicana.com\/portal\/author\/johannyalmanzar\/\"}]}<\/script>\n<!-- \/ Yoast SEO plugin. -->","yoast_head_json":{"title":"Por la pandemia, Italia perdi\u00f3 148 millones de turistas en 2021 - PotenciaRadiofonicaDominicana.com","robots":{"index":"index","follow":"follow","max-snippet":"max-snippet:-1","max-image-preview":"max-image-preview:large","max-video-preview":"max-video-preview:-1"},"canonical":"https:\/\/potenciaradiofonicadominicana.com\/portal\/por-la-pandemia-italia-perdio-148-millones-de-turistas-en-2021\/","og_locale":"es_ES","og_type":"article","og_title":"Por la pandemia, Italia perdi\u00f3 148 millones de turistas en 2021 - PotenciaRadiofonicaDominicana.com","og_description":"Italia\u00a0perdi\u00f3 148 millones de\u00a0turistas\u00a0en 2021 debido a la\u00a0pandemia, en el segundo ejercicio en el que el sector tur\u00edstico acaba con ...","og_url":"https:\/\/potenciaradiofonicadominicana.com\/portal\/por-la-pandemia-italia-perdio-148-millones-de-turistas-en-2021\/","og_site_name":"PotenciaRadiofonicaDominicana.com","article_publisher":"https:\/\/web.facebook.com\/PotenciaRadiofonicaD","article_published_time":"2022-01-12T15:32:41+00:00","og_image":[{"width":705,"height":486,"url":"https:\/\/potenciaradiofonicadominicana.com\/portal\/wp-content\/uploads\/2022\/01\/turistas-en-italia-efe-b9a69086-focus-0-0-895-573.jpg","type":"image\/jpeg"}],"author":"Potencia Radiof\u00f3nica Dominicana","twitter_card":"summary_large_image","twitter_misc":{"Escrito por":"Potencia Radiof\u00f3nica Dominicana","Tiempo de lectura":"1 minuto"},"schema":{"@context":"https:\/\/schema.org","@graph":[{"@type":"Article","@id":"https:\/\/potenciaradiofonicadominicana.com\/portal\/por-la-pandemia-italia-perdio-148-millones-de-turistas-en-2021\/#article","isPartOf":{"@id":"https:\/\/potenciaradiofonicadominicana.com\/portal\/por-la-pandemia-italia-perdio-148-millones-de-turistas-en-2021\/"},"author":{"name":"Potencia Radiof\u00f3nica Dominicana","@id":"https:\/\/potenciaradiofonicadominicana.com\/portal\/#\/schema\/person\/a5cf1fea13877803ee0573ac18b03490"},"headline":"Por la pandemia, Italia perdi\u00f3 148 millones de turistas en 2021","datePublished":"2022-01-12T15:32:41+00:00","mainEntityOfPage":{"@id":"https:\/\/potenciaradiofonicadominicana.com\/portal\/por-la-pandemia-italia-perdio-148-millones-de-turistas-en-2021\/"},"wordCount":241,"commentCount":0,"publisher":{"@id":"https:\/\/potenciaradiofonicadominicana.com\/portal\/#organization"},"image":{"@id":"https:\/\/potenciaradiofonicadominicana.com\/portal\/por-la-pandemia-italia-perdio-148-millones-de-turistas-en-2021\/#primaryimage"},"thumbnailUrl":"https:\/\/potenciaradiofonicadominicana.com\/portal\/wp-content\/uploads\/2022\/01\/turistas-en-italia-efe-b9a69086-focus-0-0-895-573.jpg","articleSection":["Econom\u00eda"],"inLanguage":"es","potentialAction":[{"@type":"CommentAction","name":"Comment","target":["https:\/\/potenciaradiofonicadominicana.com\/portal\/por-la-pandemia-italia-perdio-148-millones-de-turistas-en-2021\/#respond"]}]},{"@type":"WebPage","@id":"https:\/\/potenciaradiofonicadominicana.com\/portal\/por-la-pandemia-italia-perdio-148-millones-de-turistas-en-2021\/","url":"https:\/\/potenciaradiofonicadominicana.com\/portal\/por-la-pandemia-italia-perdio-148-millones-de-turistas-en-2021\/","name":"Por la pandemia, Italia perdi\u00f3 148 millones de turistas en 2021 - PotenciaRadiofonicaDominicana.com","isPartOf":{"@id":"https:\/\/potenciaradiofonicadominicana.com\/portal\/#website"},"primaryImageOfPage":{"@id":"https:\/\/potenciaradiofonicadominicana.com\/portal\/por-la-pandemia-italia-perdio-148-millones-de-turistas-en-2021\/#primaryimage"},"image":{"@id":"https:\/\/potenciaradiofonicadominicana.com\/portal\/por-la-pandemia-italia-perdio-148-millones-de-turistas-en-2021\/#primaryimage"},"thumbnailUrl":"https:\/\/potenciaradiofonicadominicana.com\/portal\/wp-content\/uploads\/2022\/01\/turistas-en-italia-efe-b9a69086-focus-0-0-895-573.jpg","datePublished":"2022-01-12T15:32:41+00:00","breadcrumb":{"@id":"https:\/\/potenciaradiofonicadominicana.com\/portal\/por-la-pandemia-italia-perdio-148-millones-de-turistas-en-2021\/#breadcrumb"},"inLanguage":"es","potentialAction":[{"@type":"ReadAction","target":["https:\/\/potenciaradiofonicadominicana.com\/portal\/por-la-pandemia-italia-perdio-148-millones-de-turistas-en-2021\/"]}]},{"@type":"ImageObject","inLanguage":"es","@id":"https:\/\/potenciaradiofonicadominicana.com\/portal\/por-la-pandemia-italia-perdio-148-millones-de-turistas-en-2021\/#primaryimage","url":"https:\/\/potenciaradiofonicadominicana.com\/portal\/wp-content\/uploads\/2022\/01\/turistas-en-italia-efe-b9a69086-focus-0-0-895-573.jpg","contentUrl":"https:\/\/potenciaradiofonicadominicana.com\/portal\/wp-content\/uploads\/2022\/01\/turistas-en-italia-efe-b9a69086-focus-0-0-895-573.jpg","width":705,"height":486},{"@type":"BreadcrumbList","@id":"https:\/\/potenciaradiofonicadominicana.com\/portal\/por-la-pandemia-italia-perdio-148-millones-de-turistas-en-2021\/#breadcrumb","itemListElement":[{"@type":"ListItem","position":1,"name":"Portada","item":"https:\/\/potenciaradiofonicadominicana.com\/portal\/"},{"@type":"ListItem","position":2,"name":"Por la pandemia, Italia perdi\u00f3 148 millones de turistas en 2021"}]},{"@type":"WebSite","@id":"https:\/\/potenciaradiofonicadominicana.com\/portal\/#website","url":"https:\/\/potenciaradiofonicadominicana.com\/portal\/","name":"PotenciaRadiofonicaDominicana.com","description":"Peri\u00f3dico Digital","publisher":{"@id":"https:\/\/potenciaradiofonicadominicana.com\/portal\/#organization"},"potentialAction":[{"@type":"SearchAction","target":{"@type":"EntryPoint","urlTemplate":"https:\/\/potenciaradiofonicadominicana.com\/portal\/?s={search_term_string}"},"query-input":{"@type":"PropertyValueSpecification","valueRequired":true,"valueName":"search_term_string"}}],"inLanguage":"es"},{"@type":"Organization","@id":"https:\/\/potenciaradiofonicadominicana.com\/portal\/#organization","name":"PotenciaRadiofonicaDominicana.com","url":"https:\/\/potenciaradiofonicadominicana.com\/portal\/","logo":{"@type":"ImageObject","inLanguage":"es","@id":"https:\/\/potenciaradiofonicadominicana.com\/portal\/#\/schema\/logo\/image\/","url":"https:\/\/potenciaradiofonicadominicana.com\/portal\/wp-content\/uploads\/2022\/01\/descarga.png","contentUrl":"https:\/\/potenciaradiofonicadominicana.com\/portal\/wp-content\/uploads\/2022\/01\/descarga.png","width":300,"height":100,"caption":"PotenciaRadiofonicaDominicana.com"},"image":{"@id":"https:\/\/potenciaradiofonicadominicana.com\/portal\/#\/schema\/logo\/image\/"},"sameAs":["https:\/\/web.facebook.com\/PotenciaRadiofonicaD"]},{"@type":"Person","@id":"https:\/\/potenciaradiofonicadominicana.com\/portal\/#\/schema\/person\/a5cf1fea13877803ee0573ac18b03490","name":"Potencia Radiof\u00f3nica Dominicana","image":{"@type":"ImageObject","inLanguage":"es","@id":"https:\/\/potenciaradiofonicadominicana.com\/portal\/#\/schema\/person\/image\/","url":"https:\/\/secure.gravatar.com\/avatar\/42a55ab9e8ccc656ba34cd791990602a?s=96&d=mm&r=g","contentUrl":"https:\/\/secure.gravatar.com\/avatar\/42a55ab9e8ccc656ba34cd791990602a?s=96&d=mm&r=g","caption":"Potencia Radiof\u00f3nica Dominicana"},"url":"https:\/\/potenciaradiofonicadominicana.com\/portal\/author\/johannyalmanzar\/"}]}},"_links":{"self":[{"href":"https:\/\/potenciaradiofonicadominicana.com\/portal\/wp-json\/wp\/v2\/posts\/112083","targetHints":{"allow":["GET"]}}],"collection":[{"href":"https:\/\/potenciaradiofonicadominicana.com\/portal\/wp-json\/wp\/v2\/posts"}],"about":[{"href":"https:\/\/potenciaradiofonicadominicana.com\/portal\/wp-json\/wp\/v2\/types\/post"}],"author":[{"embeddable":true,"href":"https:\/\/potenciaradiofonicadominicana.com\/portal\/wp-json\/wp\/v2\/users\/2"}],"replies":[{"embeddable":true,"href":"https:\/\/potenciaradiofonicadominicana.com\/portal\/wp-json\/wp\/v2\/comments?post=112083"}],"version-history":[{"count":1,"href":"https:\/\/potenciaradiofonicadominicana.com\/portal\/wp-json\/wp\/v2\/posts\/112083\/revisions"}],"predecessor-version":[{"id":112085,"href":"https:\/\/potenciaradiofonicadominicana.com\/portal\/wp-json\/wp\/v2\/posts\/112083\/revisions\/112085"}],"wp:featuredmedia":[{"embeddable":true,"href":"https:\/\/potenciaradiofonicadominicana.com\/portal\/wp-json\/wp\/v2\/media\/112084"}],"wp:attachment":[{"href":"https:\/\/potenciaradiofonicadominicana.com\/portal\/wp-json\/wp\/v2\/media?parent=112083"}],"wp:term":[{"taxonomy":"category","embeddable":true,"href":"https:\/\/potenciaradiofonicadominicana.com\/portal\/wp-json\/wp\/v2\/categories?post=112083"},{"taxonomy":"post_tag","embeddable":true,"href":"https:\/\/potenciaradiofonicadominicana.com\/portal\/wp-json\/wp\/v2\/tags?post=112083"}],"curies":[{"name":"wp","href":"https:\/\/api.w.org\/{rel}","templated":true}]}}