{"id":112052,"date":"2022-01-11T23:50:45","date_gmt":"2022-01-12T03:50:45","guid":{"rendered":"https:\/\/potenciaradiofonicadominicana.com\/portal\/?p=112052"},"modified":"2022-01-11T23:50:45","modified_gmt":"2022-01-12T03:50:45","slug":"una-seccion-de-la-gran-muralla-se-desploma-tras-terremoto-en-el-noroeste-de-china","status":"publish","type":"post","link":"https:\/\/potenciaradiofonicadominicana.com\/portal\/una-seccion-de-la-gran-muralla-se-desploma-tras-terremoto-en-el-noroeste-de-china\/","title":{"rendered":"Una secci\u00f3n de la Gran Muralla se desploma tras terremoto en el noroeste de China"},"content":{"rendered":"<p><a href=\"https:\/\/potenciaradiofonicadominicana.com\/portal\/wp-content\/uploads\/2022\/01\/murgga-113b55e4-focus-0-0-895-573.jpg\"><img loading=\"lazy\" decoding=\"async\" class=\"alignnone size-full wp-image-112053\" src=\"https:\/\/potenciaradiofonicadominicana.com\/portal\/wp-content\/uploads\/2022\/01\/murgga-113b55e4-focus-0-0-895-573.jpg\" alt=\"\" width=\"895\" height=\"573\" srcset=\"https:\/\/potenciaradiofonicadominicana.com\/portal\/wp-content\/uploads\/2022\/01\/murgga-113b55e4-focus-0-0-895-573.jpg 895w, https:\/\/potenciaradiofonicadominicana.com\/portal\/wp-content\/uploads\/2022\/01\/murgga-113b55e4-focus-0-0-895-573-300x192.jpg 300w, https:\/\/potenciaradiofonicadominicana.com\/portal\/wp-content\/uploads\/2022\/01\/murgga-113b55e4-focus-0-0-895-573-768x492.jpg 768w\" sizes=\"auto, (max-width: 895px) 100vw, 895px\" \/><\/a><\/p>\n<p>Una secci\u00f3n de dos metros de la\u00a0Gran Muralla china\u00a0se desplom\u00f3 como consecuencia del\u00a0terremoto\u00a0de 6,9 grados en la escala abierta de Richter que sacudi\u00f3 el noroeste del pa\u00eds el pasado s\u00e1bado, informaron hoy medios oficiales. El tramo derruido data de la Dinast\u00eda Ming (1368-1644) y se encuentra en la provincia de Gansu, a 114 kil\u00f3metros del lugar donde se situ\u00f3 el epicentro del temblor, recoge el diario estatal\u00a0Global Times. La zona ha sido asegurada provisionalmente y ya han comenzado las labores de reconstrucci\u00f3n y restauraci\u00f3n, agrega el medio.<\/p>\n<p>El temblor que hizo colapsar una porci\u00f3n del monumento m\u00e1s emblem\u00e1tico de\u00a0China\u00a0se produjo el pasado s\u00e1bado a la 01.45 hora local (17.45 GMT del viernes) en una zona de \u00abpoblaci\u00f3n dispersa\u00bb de la remota provincia de Qinghai, que con algo menos de 6 millones de habitantes es una de menos pobladas del pa\u00eds, informa.<\/p>\n<p>Aparte del colapso de la muralla, el\u00a0derrumbe\u00a0de establos y da\u00f1os en m\u00e1s de 200 viviendas, el se\u00edsmo no provoc\u00f3 importantes p\u00e9rdidas materiales y tampoco v\u00edctimas mortales. Un total de nueve personas resultaron heridas, de las que ocho hab\u00edan sido ya dadas de alta al d\u00eda siguiente, y otras 65 fueron reubicadas temporalmente.<\/p>\n<p>La\u00a0Gran Muralla, patrimonio Mundial de la Unesco desde 1987, est\u00e1 formada por lo que en origen eran numerosos tramos inconexos construidos por los peque\u00f1os estados para defenderse de las invasiones provenientes del norte. Fue el autoproclamado primer emperador de\u00a0China, Qin Shi (221-210 a. C.) quien decidi\u00f3 unirlos, conectando un tramo de miles de kil\u00f3metros que impidieron a las hordas mongolas de arqueros a caballo un f\u00e1cil acceso al imperio.<\/p>\n","protected":false},"excerpt":{"rendered":"<p>Una secci\u00f3n de dos metros de la\u00a0Gran Muralla china\u00a0se desplom\u00f3 como consecuencia del\u00a0terremoto\u00a0de 6,9 grados en la escala abierta de &#8230;<\/p>\n","protected":false},"author":2,"featured_media":112053,"comment_status":"open","ping_status":"open","sticky":false,"template":"","format":"standard","meta":{"footnotes":""},"categories":[30],"tags":[],"class_list":["post-112052","post","type-post","status-publish","format-standard","has-post-thumbnail","hentry","category-internacional"],"yoast_head":"<!-- This site is optimized with the Yoast SEO plugin v24.8.1 - https:\/\/yoast.com\/wordpress\/plugins\/seo\/ -->\n<title>Una secci\u00f3n de la Gran Muralla se desploma tras terremoto en el noroeste de China - PotenciaRadiofonicaDominicana.com<\/title>\n<meta name=\"robots\" content=\"index, follow, max-snippet:-1, max-image-preview:large, max-video-preview:-1\" \/>\n<link rel=\"canonical\" href=\"https:\/\/potenciaradiofonicadominicana.com\/portal\/una-seccion-de-la-gran-muralla-se-desploma-tras-terremoto-en-el-noroeste-de-china\/\" \/>\n<meta property=\"og:locale\" content=\"es_ES\" \/>\n<meta property=\"og:type\" content=\"article\" \/>\n<meta property=\"og:title\" content=\"Una secci\u00f3n de la Gran Muralla se desploma tras terremoto en el noroeste de China - PotenciaRadiofonicaDominicana.com\" \/>\n<meta property=\"og:description\" content=\"Una secci\u00f3n de dos metros de la\u00a0Gran Muralla china\u00a0se desplom\u00f3 como consecuencia del\u00a0terremoto\u00a0de 6,9 grados en la escala abierta de ...\" \/>\n<meta property=\"og:url\" content=\"https:\/\/potenciaradiofonicadominicana.com\/portal\/una-seccion-de-la-gran-muralla-se-desploma-tras-terremoto-en-el-noroeste-de-china\/\" \/>\n<meta property=\"og:site_name\" content=\"PotenciaRadiofonicaDominicana.com\" \/>\n<meta property=\"article:publisher\" content=\"https:\/\/web.facebook.com\/PotenciaRadiofonicaD\" \/>\n<meta property=\"article:published_time\" content=\"2022-01-12T03:50:45+00:00\" \/>\n<meta property=\"og:image\" content=\"https:\/\/potenciaradiofonicadominicana.com\/portal\/wp-content\/uploads\/2022\/01\/murgga-113b55e4-focus-0-0-895-573.jpg\" \/>\n\t<meta property=\"og:image:width\" content=\"895\" \/>\n\t<meta property=\"og:image:height\" content=\"573\" \/>\n\t<meta property=\"og:image:type\" content=\"image\/jpeg\" \/>\n<meta name=\"author\" content=\"Potencia Radiof\u00f3nica Dominicana\" \/>\n<meta name=\"twitter:card\" content=\"summary_large_image\" \/>\n<meta name=\"twitter:label1\" content=\"Escrito por\" \/>\n\t<meta name=\"twitter:data1\" content=\"Potencia Radiof\u00f3nica Dominicana\" \/>\n\t<meta name=\"twitter:label2\" content=\"Tiempo de lectura\" \/>\n\t<meta name=\"twitter:data2\" content=\"1 minuto\" \/>\n<script type=\"application\/ld+json\" class=\"yoast-schema-graph\">{\"@context\":\"https:\/\/schema.org\",\"@graph\":[{\"@type\":\"Article\",\"@id\":\"https:\/\/potenciaradiofonicadominicana.com\/portal\/una-seccion-de-la-gran-muralla-se-desploma-tras-terremoto-en-el-noroeste-de-china\/#article\",\"isPartOf\":{\"@id\":\"https:\/\/potenciaradiofonicadominicana.com\/portal\/una-seccion-de-la-gran-muralla-se-desploma-tras-terremoto-en-el-noroeste-de-china\/\"},\"author\":{\"name\":\"Potencia Radiof\u00f3nica Dominicana\",\"@id\":\"https:\/\/potenciaradiofonicadominicana.com\/portal\/#\/schema\/person\/a5cf1fea13877803ee0573ac18b03490\"},\"headline\":\"Una secci\u00f3n de la Gran Muralla se desploma tras terremoto en el noroeste de China\",\"datePublished\":\"2022-01-12T03:50:45+00:00\",\"mainEntityOfPage\":{\"@id\":\"https:\/\/potenciaradiofonicadominicana.com\/portal\/una-seccion-de-la-gran-muralla-se-desploma-tras-terremoto-en-el-noroeste-de-china\/\"},\"wordCount\":304,\"commentCount\":0,\"publisher\":{\"@id\":\"https:\/\/potenciaradiofonicadominicana.com\/portal\/#organization\"},\"image\":{\"@id\":\"https:\/\/potenciaradiofonicadominicana.com\/portal\/una-seccion-de-la-gran-muralla-se-desploma-tras-terremoto-en-el-noroeste-de-china\/#primaryimage\"},\"thumbnailUrl\":\"https:\/\/potenciaradiofonicadominicana.com\/portal\/wp-content\/uploads\/2022\/01\/murgga-113b55e4-focus-0-0-895-573.jpg\",\"articleSection\":[\"Internacional\"],\"inLanguage\":\"es\",\"potentialAction\":[{\"@type\":\"CommentAction\",\"name\":\"Comment\",\"target\":[\"https:\/\/potenciaradiofonicadominicana.com\/portal\/una-seccion-de-la-gran-muralla-se-desploma-tras-terremoto-en-el-noroeste-de-china\/#respond\"]}]},{\"@type\":\"WebPage\",\"@id\":\"https:\/\/potenciaradiofonicadominicana.com\/portal\/una-seccion-de-la-gran-muralla-se-desploma-tras-terremoto-en-el-noroeste-de-china\/\",\"url\":\"https:\/\/potenciaradiofonicadominicana.com\/portal\/una-seccion-de-la-gran-muralla-se-desploma-tras-terremoto-en-el-noroeste-de-china\/\",\"name\":\"Una secci\u00f3n de la Gran Muralla se desploma tras terremoto en el noroeste de China - PotenciaRadiofonicaDominicana.com\",\"isPartOf\":{\"@id\":\"https:\/\/potenciaradiofonicadominicana.com\/portal\/#website\"},\"primaryImageOfPage\":{\"@id\":\"https:\/\/potenciaradiofonicadominicana.com\/portal\/una-seccion-de-la-gran-muralla-se-desploma-tras-terremoto-en-el-noroeste-de-china\/#primaryimage\"},\"image\":{\"@id\":\"https:\/\/potenciaradiofonicadominicana.com\/portal\/una-seccion-de-la-gran-muralla-se-desploma-tras-terremoto-en-el-noroeste-de-china\/#primaryimage\"},\"thumbnailUrl\":\"https:\/\/potenciaradiofonicadominicana.com\/portal\/wp-content\/uploads\/2022\/01\/murgga-113b55e4-focus-0-0-895-573.jpg\",\"datePublished\":\"2022-01-12T03:50:45+00:00\",\"breadcrumb\":{\"@id\":\"https:\/\/potenciaradiofonicadominicana.com\/portal\/una-seccion-de-la-gran-muralla-se-desploma-tras-terremoto-en-el-noroeste-de-china\/#breadcrumb\"},\"inLanguage\":\"es\",\"potentialAction\":[{\"@type\":\"ReadAction\",\"target\":[\"https:\/\/potenciaradiofonicadominicana.com\/portal\/una-seccion-de-la-gran-muralla-se-desploma-tras-terremoto-en-el-noroeste-de-china\/\"]}]},{\"@type\":\"ImageObject\",\"inLanguage\":\"es\",\"@id\":\"https:\/\/potenciaradiofonicadominicana.com\/portal\/una-seccion-de-la-gran-muralla-se-desploma-tras-terremoto-en-el-noroeste-de-china\/#primaryimage\",\"url\":\"https:\/\/potenciaradiofonicadominicana.com\/portal\/wp-content\/uploads\/2022\/01\/murgga-113b55e4-focus-0-0-895-573.jpg\",\"contentUrl\":\"https:\/\/potenciaradiofonicadominicana.com\/portal\/wp-content\/uploads\/2022\/01\/murgga-113b55e4-focus-0-0-895-573.jpg\",\"width\":895,\"height\":573},{\"@type\":\"BreadcrumbList\",\"@id\":\"https:\/\/potenciaradiofonicadominicana.com\/portal\/una-seccion-de-la-gran-muralla-se-desploma-tras-terremoto-en-el-noroeste-de-china\/#breadcrumb\",\"itemListElement\":[{\"@type\":\"ListItem\",\"position\":1,\"name\":\"Portada\",\"item\":\"https:\/\/potenciaradiofonicadominicana.com\/portal\/\"},{\"@type\":\"ListItem\",\"position\":2,\"name\":\"Una secci\u00f3n de la Gran Muralla se desploma tras terremoto en el noroeste de China\"}]},{\"@type\":\"WebSite\",\"@id\":\"https:\/\/potenciaradiofonicadominicana.com\/portal\/#website\",\"url\":\"https:\/\/potenciaradiofonicadominicana.com\/portal\/\",\"name\":\"PotenciaRadiofonicaDominicana.com\",\"description\":\"Peri\u00f3dico Digital\",\"publisher\":{\"@id\":\"https:\/\/potenciaradiofonicadominicana.com\/portal\/#organization\"},\"potentialAction\":[{\"@type\":\"SearchAction\",\"target\":{\"@type\":\"EntryPoint\",\"urlTemplate\":\"https:\/\/potenciaradiofonicadominicana.com\/portal\/?s={search_term_string}\"},\"query-input\":{\"@type\":\"PropertyValueSpecification\",\"valueRequired\":true,\"valueName\":\"search_term_string\"}}],\"inLanguage\":\"es\"},{\"@type\":\"Organization\",\"@id\":\"https:\/\/potenciaradiofonicadominicana.com\/portal\/#organization\",\"name\":\"PotenciaRadiofonicaDominicana.com\",\"url\":\"https:\/\/potenciaradiofonicadominicana.com\/portal\/\",\"logo\":{\"@type\":\"ImageObject\",\"inLanguage\":\"es\",\"@id\":\"https:\/\/potenciaradiofonicadominicana.com\/portal\/#\/schema\/logo\/image\/\",\"url\":\"https:\/\/potenciaradiofonicadominicana.com\/portal\/wp-content\/uploads\/2022\/01\/descarga.png\",\"contentUrl\":\"https:\/\/potenciaradiofonicadominicana.com\/portal\/wp-content\/uploads\/2022\/01\/descarga.png\",\"width\":300,\"height\":100,\"caption\":\"PotenciaRadiofonicaDominicana.com\"},\"image\":{\"@id\":\"https:\/\/potenciaradiofonicadominicana.com\/portal\/#\/schema\/logo\/image\/\"},\"sameAs\":[\"https:\/\/web.facebook.com\/PotenciaRadiofonicaD\"]},{\"@type\":\"Person\",\"@id\":\"https:\/\/potenciaradiofonicadominicana.com\/portal\/#\/schema\/person\/a5cf1fea13877803ee0573ac18b03490\",\"name\":\"Potencia Radiof\u00f3nica Dominicana\",\"image\":{\"@type\":\"ImageObject\",\"inLanguage\":\"es\",\"@id\":\"https:\/\/potenciaradiofonicadominicana.com\/portal\/#\/schema\/person\/image\/\",\"url\":\"https:\/\/secure.gravatar.com\/avatar\/42a55ab9e8ccc656ba34cd791990602a?s=96&d=mm&r=g\",\"contentUrl\":\"https:\/\/secure.gravatar.com\/avatar\/42a55ab9e8ccc656ba34cd791990602a?s=96&d=mm&r=g\",\"caption\":\"Potencia Radiof\u00f3nica Dominicana\"},\"url\":\"https:\/\/potenciaradiofonicadominicana.com\/portal\/author\/johannyalmanzar\/\"}]}<\/script>\n<!-- \/ Yoast SEO plugin. -->","yoast_head_json":{"title":"Una secci\u00f3n de la Gran Muralla se desploma tras terremoto en el noroeste de China - PotenciaRadiofonicaDominicana.com","robots":{"index":"index","follow":"follow","max-snippet":"max-snippet:-1","max-image-preview":"max-image-preview:large","max-video-preview":"max-video-preview:-1"},"canonical":"https:\/\/potenciaradiofonicadominicana.com\/portal\/una-seccion-de-la-gran-muralla-se-desploma-tras-terremoto-en-el-noroeste-de-china\/","og_locale":"es_ES","og_type":"article","og_title":"Una secci\u00f3n de la Gran Muralla se desploma tras terremoto en el noroeste de China - PotenciaRadiofonicaDominicana.com","og_description":"Una secci\u00f3n de dos metros de la\u00a0Gran Muralla china\u00a0se desplom\u00f3 como consecuencia del\u00a0terremoto\u00a0de 6,9 grados en la escala abierta de ...","og_url":"https:\/\/potenciaradiofonicadominicana.com\/portal\/una-seccion-de-la-gran-muralla-se-desploma-tras-terremoto-en-el-noroeste-de-china\/","og_site_name":"PotenciaRadiofonicaDominicana.com","article_publisher":"https:\/\/web.facebook.com\/PotenciaRadiofonicaD","article_published_time":"2022-01-12T03:50:45+00:00","og_image":[{"width":895,"height":573,"url":"https:\/\/potenciaradiofonicadominicana.com\/portal\/wp-content\/uploads\/2022\/01\/murgga-113b55e4-focus-0-0-895-573.jpg","type":"image\/jpeg"}],"author":"Potencia Radiof\u00f3nica Dominicana","twitter_card":"summary_large_image","twitter_misc":{"Escrito por":"Potencia Radiof\u00f3nica Dominicana","Tiempo de lectura":"1 minuto"},"schema":{"@context":"https:\/\/schema.org","@graph":[{"@type":"Article","@id":"https:\/\/potenciaradiofonicadominicana.com\/portal\/una-seccion-de-la-gran-muralla-se-desploma-tras-terremoto-en-el-noroeste-de-china\/#article","isPartOf":{"@id":"https:\/\/potenciaradiofonicadominicana.com\/portal\/una-seccion-de-la-gran-muralla-se-desploma-tras-terremoto-en-el-noroeste-de-china\/"},"author":{"name":"Potencia Radiof\u00f3nica Dominicana","@id":"https:\/\/potenciaradiofonicadominicana.com\/portal\/#\/schema\/person\/a5cf1fea13877803ee0573ac18b03490"},"headline":"Una secci\u00f3n de la Gran Muralla se desploma tras terremoto en el noroeste de China","datePublished":"2022-01-12T03:50:45+00:00","mainEntityOfPage":{"@id":"https:\/\/potenciaradiofonicadominicana.com\/portal\/una-seccion-de-la-gran-muralla-se-desploma-tras-terremoto-en-el-noroeste-de-china\/"},"wordCount":304,"commentCount":0,"publisher":{"@id":"https:\/\/potenciaradiofonicadominicana.com\/portal\/#organization"},"image":{"@id":"https:\/\/potenciaradiofonicadominicana.com\/portal\/una-seccion-de-la-gran-muralla-se-desploma-tras-terremoto-en-el-noroeste-de-china\/#primaryimage"},"thumbnailUrl":"https:\/\/potenciaradiofonicadominicana.com\/portal\/wp-content\/uploads\/2022\/01\/murgga-113b55e4-focus-0-0-895-573.jpg","articleSection":["Internacional"],"inLanguage":"es","potentialAction":[{"@type":"CommentAction","name":"Comment","target":["https:\/\/potenciaradiofonicadominicana.com\/portal\/una-seccion-de-la-gran-muralla-se-desploma-tras-terremoto-en-el-noroeste-de-china\/#respond"]}]},{"@type":"WebPage","@id":"https:\/\/potenciaradiofonicadominicana.com\/portal\/una-seccion-de-la-gran-muralla-se-desploma-tras-terremoto-en-el-noroeste-de-china\/","url":"https:\/\/potenciaradiofonicadominicana.com\/portal\/una-seccion-de-la-gran-muralla-se-desploma-tras-terremoto-en-el-noroeste-de-china\/","name":"Una secci\u00f3n de la Gran Muralla se desploma tras terremoto en el noroeste de China - PotenciaRadiofonicaDominicana.com","isPartOf":{"@id":"https:\/\/potenciaradiofonicadominicana.com\/portal\/#website"},"primaryImageOfPage":{"@id":"https:\/\/potenciaradiofonicadominicana.com\/portal\/una-seccion-de-la-gran-muralla-se-desploma-tras-terremoto-en-el-noroeste-de-china\/#primaryimage"},"image":{"@id":"https:\/\/potenciaradiofonicadominicana.com\/portal\/una-seccion-de-la-gran-muralla-se-desploma-tras-terremoto-en-el-noroeste-de-china\/#primaryimage"},"thumbnailUrl":"https:\/\/potenciaradiofonicadominicana.com\/portal\/wp-content\/uploads\/2022\/01\/murgga-113b55e4-focus-0-0-895-573.jpg","datePublished":"2022-01-12T03:50:45+00:00","breadcrumb":{"@id":"https:\/\/potenciaradiofonicadominicana.com\/portal\/una-seccion-de-la-gran-muralla-se-desploma-tras-terremoto-en-el-noroeste-de-china\/#breadcrumb"},"inLanguage":"es","potentialAction":[{"@type":"ReadAction","target":["https:\/\/potenciaradiofonicadominicana.com\/portal\/una-seccion-de-la-gran-muralla-se-desploma-tras-terremoto-en-el-noroeste-de-china\/"]}]},{"@type":"ImageObject","inLanguage":"es","@id":"https:\/\/potenciaradiofonicadominicana.com\/portal\/una-seccion-de-la-gran-muralla-se-desploma-tras-terremoto-en-el-noroeste-de-china\/#primaryimage","url":"https:\/\/potenciaradiofonicadominicana.com\/portal\/wp-content\/uploads\/2022\/01\/murgga-113b55e4-focus-0-0-895-573.jpg","contentUrl":"https:\/\/potenciaradiofonicadominicana.com\/portal\/wp-content\/uploads\/2022\/01\/murgga-113b55e4-focus-0-0-895-573.jpg","width":895,"height":573},{"@type":"BreadcrumbList","@id":"https:\/\/potenciaradiofonicadominicana.com\/portal\/una-seccion-de-la-gran-muralla-se-desploma-tras-terremoto-en-el-noroeste-de-china\/#breadcrumb","itemListElement":[{"@type":"ListItem","position":1,"name":"Portada","item":"https:\/\/potenciaradiofonicadominicana.com\/portal\/"},{"@type":"ListItem","position":2,"name":"Una secci\u00f3n de la Gran Muralla se desploma tras terremoto en el noroeste de China"}]},{"@type":"WebSite","@id":"https:\/\/potenciaradiofonicadominicana.com\/portal\/#website","url":"https:\/\/potenciaradiofonicadominicana.com\/portal\/","name":"PotenciaRadiofonicaDominicana.com","description":"Peri\u00f3dico Digital","publisher":{"@id":"https:\/\/potenciaradiofonicadominicana.com\/portal\/#organization"},"potentialAction":[{"@type":"SearchAction","target":{"@type":"EntryPoint","urlTemplate":"https:\/\/potenciaradiofonicadominicana.com\/portal\/?s={search_term_string}"},"query-input":{"@type":"PropertyValueSpecification","valueRequired":true,"valueName":"search_term_string"}}],"inLanguage":"es"},{"@type":"Organization","@id":"https:\/\/potenciaradiofonicadominicana.com\/portal\/#organization","name":"PotenciaRadiofonicaDominicana.com","url":"https:\/\/potenciaradiofonicadominicana.com\/portal\/","logo":{"@type":"ImageObject","inLanguage":"es","@id":"https:\/\/potenciaradiofonicadominicana.com\/portal\/#\/schema\/logo\/image\/","url":"https:\/\/potenciaradiofonicadominicana.com\/portal\/wp-content\/uploads\/2022\/01\/descarga.png","contentUrl":"https:\/\/potenciaradiofonicadominicana.com\/portal\/wp-content\/uploads\/2022\/01\/descarga.png","width":300,"height":100,"caption":"PotenciaRadiofonicaDominicana.com"},"image":{"@id":"https:\/\/potenciaradiofonicadominicana.com\/portal\/#\/schema\/logo\/image\/"},"sameAs":["https:\/\/web.facebook.com\/PotenciaRadiofonicaD"]},{"@type":"Person","@id":"https:\/\/potenciaradiofonicadominicana.com\/portal\/#\/schema\/person\/a5cf1fea13877803ee0573ac18b03490","name":"Potencia Radiof\u00f3nica Dominicana","image":{"@type":"ImageObject","inLanguage":"es","@id":"https:\/\/potenciaradiofonicadominicana.com\/portal\/#\/schema\/person\/image\/","url":"https:\/\/secure.gravatar.com\/avatar\/42a55ab9e8ccc656ba34cd791990602a?s=96&d=mm&r=g","contentUrl":"https:\/\/secure.gravatar.com\/avatar\/42a55ab9e8ccc656ba34cd791990602a?s=96&d=mm&r=g","caption":"Potencia Radiof\u00f3nica Dominicana"},"url":"https:\/\/potenciaradiofonicadominicana.com\/portal\/author\/johannyalmanzar\/"}]}},"_links":{"self":[{"href":"https:\/\/potenciaradiofonicadominicana.com\/portal\/wp-json\/wp\/v2\/posts\/112052","targetHints":{"allow":["GET"]}}],"collection":[{"href":"https:\/\/potenciaradiofonicadominicana.com\/portal\/wp-json\/wp\/v2\/posts"}],"about":[{"href":"https:\/\/potenciaradiofonicadominicana.com\/portal\/wp-json\/wp\/v2\/types\/post"}],"author":[{"embeddable":true,"href":"https:\/\/potenciaradiofonicadominicana.com\/portal\/wp-json\/wp\/v2\/users\/2"}],"replies":[{"embeddable":true,"href":"https:\/\/potenciaradiofonicadominicana.com\/portal\/wp-json\/wp\/v2\/comments?post=112052"}],"version-history":[{"count":1,"href":"https:\/\/potenciaradiofonicadominicana.com\/portal\/wp-json\/wp\/v2\/posts\/112052\/revisions"}],"predecessor-version":[{"id":112054,"href":"https:\/\/potenciaradiofonicadominicana.com\/portal\/wp-json\/wp\/v2\/posts\/112052\/revisions\/112054"}],"wp:featuredmedia":[{"embeddable":true,"href":"https:\/\/potenciaradiofonicadominicana.com\/portal\/wp-json\/wp\/v2\/media\/112053"}],"wp:attachment":[{"href":"https:\/\/potenciaradiofonicadominicana.com\/portal\/wp-json\/wp\/v2\/media?parent=112052"}],"wp:term":[{"taxonomy":"category","embeddable":true,"href":"https:\/\/potenciaradiofonicadominicana.com\/portal\/wp-json\/wp\/v2\/categories?post=112052"},{"taxonomy":"post_tag","embeddable":true,"href":"https:\/\/potenciaradiofonicadominicana.com\/portal\/wp-json\/wp\/v2\/tags?post=112052"}],"curies":[{"name":"wp","href":"https:\/\/api.w.org\/{rel}","templated":true}]}}