{"id":112043,"date":"2022-01-11T23:39:30","date_gmt":"2022-01-12T03:39:30","guid":{"rendered":"https:\/\/potenciaradiofonicadominicana.com\/portal\/?p=112043"},"modified":"2022-01-11T23:39:30","modified_gmt":"2022-01-12T03:39:30","slug":"rd-panama-y-costa-rica-buscan-ser-socios-claves-de-estados-unidos","status":"publish","type":"post","link":"https:\/\/potenciaradiofonicadominicana.com\/portal\/rd-panama-y-costa-rica-buscan-ser-socios-claves-de-estados-unidos\/","title":{"rendered":"RD, Panam\u00e1 y Costa Rica buscan ser socios claves de Estados Unidos"},"content":{"rendered":"<p><a href=\"https:\/\/potenciaradiofonicadominicana.com\/portal\/wp-content\/uploads\/2022\/01\/erika-mouynes-rodolfo-solano-y-roberto-\u00e1lvarez-11012022-twitter-cancilleriapma-48aa6c49-focus-0-0-895-573.jpg\"><img loading=\"lazy\" decoding=\"async\" class=\"alignnone size-full wp-image-112044\" src=\"https:\/\/potenciaradiofonicadominicana.com\/portal\/wp-content\/uploads\/2022\/01\/erika-mouynes-rodolfo-solano-y-roberto-\u00e1lvarez-11012022-twitter-cancilleriapma-48aa6c49-focus-0-0-895-573.jpg\" alt=\"\" width=\"895\" height=\"573\" srcset=\"https:\/\/potenciaradiofonicadominicana.com\/portal\/wp-content\/uploads\/2022\/01\/erika-mouynes-rodolfo-solano-y-roberto-\u00e1lvarez-11012022-twitter-cancilleriapma-48aa6c49-focus-0-0-895-573.jpg 895w, https:\/\/potenciaradiofonicadominicana.com\/portal\/wp-content\/uploads\/2022\/01\/erika-mouynes-rodolfo-solano-y-roberto-\u00e1lvarez-11012022-twitter-cancilleriapma-48aa6c49-focus-0-0-895-573-300x192.jpg 300w, https:\/\/potenciaradiofonicadominicana.com\/portal\/wp-content\/uploads\/2022\/01\/erika-mouynes-rodolfo-solano-y-roberto-\u00e1lvarez-11012022-twitter-cancilleriapma-48aa6c49-focus-0-0-895-573-768x492.jpg 768w\" sizes=\"auto, (max-width: 895px) 100vw, 895px\" \/><\/a><\/p>\n<p>La\u00a0Rep\u00fablica Dominicana, Costa Rica y Panam\u00e1\u00a0buscan convertirse en importantes socios comerciales de Estados Unidos, aprovechando la reconfiguraci\u00f3n de las cadenas de suministro global.<\/p>\n<p>Los tres pa\u00edses de Am\u00e9rica Latina detallaron ayer en un conversatorio en el programa latinoamericano del Wilson Center sus objetivos para promover el fortalecimiento democr\u00e1tico y el crecimiento econ\u00f3mico.<\/p>\n<p>Roberto \u00c1lvarez, ministro de Relaciones Exteriores de la Rep\u00fablica Dominicana, centr\u00f3 su participaci\u00f3n en la deslocalizaci\u00f3n cercana (<em>nearshoring<\/em>, en ingl\u00e9s) y afirm\u00f3 que los pa\u00edses de la\u00a0Alianza para el Desarrollo en Democracia\u00a0tienen mucho que ofrecer a Estados Unidos.<\/p>\n<p>\u201cLos tres pa\u00edses: Costa Rica, Panam\u00e1 y la Rep\u00fablica Dominicana tienen mucho que ofrecer a los Estados Unidos como aliados para fortalecer esta cadena de suministro fundamental\u201d, garantiz\u00f3 el canciller dominicano.<\/p>\n<p>La Rep\u00fablica Dominicana, Panam\u00e1 y Costa Rica pertenecen a los 10 pa\u00edses con las mejores perspectivas de crecimiento econ\u00f3mico para este a\u00f1o, seg\u00fan las previsiones de la Comisi\u00f3n Econ\u00f3mica para Am\u00e9rica Latina (Cepal).<\/p>\n<div id=\"detalle-parrafo\"><\/div>\n<p>\u201cSi fu\u00e9ramos un pa\u00eds (los tres territorios) nos convertir\u00edamos en el tercer\u00a0socio comercial\u00a0m\u00e1s importante de Estados Unidos (en Latinoam\u00e9rica). Solamente superados por M\u00e9xico y Brasil\u201d, compar\u00f3 \u00c1lvarez durante su ponencia.<\/p>\n<p>La pandemia del COVID-19 provoc\u00f3 una ruptura en las cadenas de suministro globales ante las medidas tomadas por los pa\u00edses tendentes a frenar la propagaci\u00f3n del virus SARS-CoV-2. Esto llev\u00f3 a que grandes compa\u00f1\u00edas piensen y aceleren la relocalizaci\u00f3n de sus empresas en pa\u00edses m\u00e1s cercanos.<\/p>\n<h4><strong>Firma de convenio<\/strong><\/h4>\n<p>Rodolfo Solano, canciller de Costa Rica, revel\u00f3 que en la tercera reuni\u00f3n de la\u00a0Alianza para el Desarrollo en Democracia\u00a0se espera establecer una alianza formal con Estados Unidos.<\/p>\n<p>\u201cEsperamos poder presentarnos con un alto nivel de representaci\u00f3n en una conversaci\u00f3n muy abierta entre nuestros jefes de Estados. Y que podamos identificar cinco \u00e1reas estrat\u00e9gicas para discutir\u201d, expres\u00f3 el ministro.<\/p>\n<p>Solano detall\u00f3 que las \u00e1reas son liderazgo regional, migraci\u00f3n y refugiados, aspectos ambientales, seguridad y lucha contra la corrupci\u00f3n y, en \u00faltimo lugar, el desarrollo econ\u00f3mico. \u201cEstas son las \u00e1reas que nos pueden brindar muy buenas oportunidades para establecer una agenda a largo plazo con una alianza estrat\u00e9gica con Estados Unidos\u201d, agreg\u00f3.<\/p>\n<p>En el tercer encuentro entre los presidentes Luis Abinader, de la Rep\u00fablica Dominicana; Laurentino Cortizo, de Panam\u00e1; y Carlos Alvarado, de Costa Rica, fueron invitados otros pa\u00edses de la regi\u00f3n. Sin embargo, Solano no ofreci\u00f3 detalles sobre qui\u00e9nes.<\/p>\n<div class=\"my-12 component cifra relative border bg-component\">\n<div class=\"relative inline-block mb-3\"><span class=\"float-left mr-2 cifra-number glosa\">140,000\u00a0<\/span>Migrantes cruzaron por las fronteras de Panam\u00e1 en el a\u00f1o 2021, revel\u00f3 la canciller Erika Mouynes.<\/div>\n<div>\n<p>La creaci\u00f3n de la\u00a0Alianza para el Desarrollo en Democracia\u00a0fue destacada por el presidente de Estados Unidos, Joe Biden, en el marco de la Cumbre por la\u00a0Democracia\u00a0celebrada el pasado mes de diciembre.<\/p>\n<h5>La migraci\u00f3n<\/h5>\n<p>El tema migratorio tambi\u00e9n es de importancia para estos tres pa\u00edses, asegur\u00f3 la canciller paname\u00f1a, Erika Mouynes. La ministra detall\u00f3 que 8,000 migrantes en el a\u00f1o 2020 cruzaron la frontera de Panam\u00e1; mientras que en el 2021 la cifra subi\u00f3 a 140,000 migrantes.<\/p>\n<p>\u201cEl n\u00famero claramente sobrepas\u00f3 nuestras capacidades de atender a los migrantes\u201d, reconoci\u00f3 Mouynes, quien agreg\u00f3 que la mayor\u00eda de los migrantes que proven\u00eda de la regi\u00f3n del Caribe, espec\u00edficamente de Hait\u00ed. Erika Mouynes dijo que el aumento del flujo migratoria no puede ser atendido por un pa\u00eds.<\/p>\n<p>\u201cSi trabajamos en conjunto podemos hablar sobre seguridad, y c\u00f3mo desmantelar estas organizaciones delincuenciales que se est\u00e1n beneficiando de la migraci\u00f3n\u201d, expres\u00f3 Mouynes.<\/p>\n<div class=\"my-12 component web-insert relative border bg-component\"><span class=\"text-xl block my-3 component-title glosa\">La democracia \u201cbajo ataque\u201d<\/span>Un tema importante que trabaja la alianza entre la Rep\u00fablica Dominicana, Panam\u00e1 y Costa Rica es la defensa de la democracia y sus instituciones. \u201cD\u00e9jenme ser muy claro: la democracia est\u00e1 bajo ataque; d\u00e9jenme ser muy claro: los derechos humanos est\u00e1n bajo ataque; y d\u00e9jenme ser muy claro: la libertad de la prensa y de expresi\u00f3n est\u00e1n bajo ataque\u201d, afirm\u00f3 Rodolfo Solano. Para el canciller de Costa Rica la situaci\u00f3n de la regi\u00f3n requiere de respuestas inteligentes y estrat\u00e9gicas, con un llamado a la acci\u00f3n. Solano dijo que la Alianza para el Desarrollo en Democracia representa un ejemplo de que se puede pasar de las palabras a las acciones. \u201cHay una enorme preocupaci\u00f3n con relaci\u00f3n al proceso de los cambios democr\u00e1ticos en la regi\u00f3n\u201d, agreg\u00f3.<\/p>\n<\/div>\n<\/div>\n<\/div>\n","protected":false},"excerpt":{"rendered":"<p>La\u00a0Rep\u00fablica Dominicana, Costa Rica y Panam\u00e1\u00a0buscan convertirse en importantes socios comerciales de Estados Unidos, aprovechando la reconfiguraci\u00f3n de las cadenas &#8230;<\/p>\n","protected":false},"author":2,"featured_media":112044,"comment_status":"open","ping_status":"open","sticky":false,"template":"","format":"standard","meta":{"footnotes":""},"categories":[30,25],"tags":[],"class_list":["post-112043","post","type-post","status-publish","format-standard","has-post-thumbnail","hentry","category-internacional","category-noticias"],"yoast_head":"<!-- This site is optimized with the Yoast SEO plugin v24.8.1 - https:\/\/yoast.com\/wordpress\/plugins\/seo\/ -->\n<title>RD, Panam\u00e1 y Costa Rica buscan ser socios claves de Estados Unidos - PotenciaRadiofonicaDominicana.com<\/title>\n<meta name=\"robots\" content=\"index, follow, max-snippet:-1, max-image-preview:large, max-video-preview:-1\" \/>\n<link rel=\"canonical\" href=\"https:\/\/potenciaradiofonicadominicana.com\/portal\/rd-panama-y-costa-rica-buscan-ser-socios-claves-de-estados-unidos\/\" \/>\n<meta property=\"og:locale\" content=\"es_ES\" \/>\n<meta property=\"og:type\" content=\"article\" \/>\n<meta property=\"og:title\" content=\"RD, Panam\u00e1 y Costa Rica buscan ser socios claves de Estados Unidos - PotenciaRadiofonicaDominicana.com\" \/>\n<meta property=\"og:description\" content=\"La\u00a0Rep\u00fablica Dominicana, Costa Rica y Panam\u00e1\u00a0buscan convertirse en importantes socios comerciales de Estados Unidos, aprovechando la reconfiguraci\u00f3n de las cadenas ...\" \/>\n<meta property=\"og:url\" content=\"https:\/\/potenciaradiofonicadominicana.com\/portal\/rd-panama-y-costa-rica-buscan-ser-socios-claves-de-estados-unidos\/\" \/>\n<meta property=\"og:site_name\" content=\"PotenciaRadiofonicaDominicana.com\" \/>\n<meta property=\"article:publisher\" content=\"https:\/\/web.facebook.com\/PotenciaRadiofonicaD\" \/>\n<meta property=\"article:published_time\" content=\"2022-01-12T03:39:30+00:00\" \/>\n<meta property=\"og:image\" content=\"https:\/\/potenciaradiofonicadominicana.com\/portal\/wp-content\/uploads\/2022\/01\/erika-mouynes-rodolfo-solano-y-roberto-\u00e1lvarez-11012022-twitter-cancilleriapma-48aa6c49-focus-0-0-895-573.jpg\" \/>\n\t<meta property=\"og:image:width\" content=\"895\" \/>\n\t<meta property=\"og:image:height\" content=\"573\" \/>\n\t<meta property=\"og:image:type\" content=\"image\/jpeg\" \/>\n<meta name=\"author\" content=\"Potencia Radiof\u00f3nica Dominicana\" \/>\n<meta name=\"twitter:card\" content=\"summary_large_image\" \/>\n<meta name=\"twitter:label1\" content=\"Escrito por\" \/>\n\t<meta name=\"twitter:data1\" content=\"Potencia Radiof\u00f3nica Dominicana\" \/>\n\t<meta name=\"twitter:label2\" content=\"Tiempo de lectura\" \/>\n\t<meta name=\"twitter:data2\" content=\"4 minutos\" \/>\n<script type=\"application\/ld+json\" class=\"yoast-schema-graph\">{\"@context\":\"https:\/\/schema.org\",\"@graph\":[{\"@type\":\"Article\",\"@id\":\"https:\/\/potenciaradiofonicadominicana.com\/portal\/rd-panama-y-costa-rica-buscan-ser-socios-claves-de-estados-unidos\/#article\",\"isPartOf\":{\"@id\":\"https:\/\/potenciaradiofonicadominicana.com\/portal\/rd-panama-y-costa-rica-buscan-ser-socios-claves-de-estados-unidos\/\"},\"author\":{\"name\":\"Potencia Radiof\u00f3nica Dominicana\",\"@id\":\"https:\/\/potenciaradiofonicadominicana.com\/portal\/#\/schema\/person\/a5cf1fea13877803ee0573ac18b03490\"},\"headline\":\"RD, Panam\u00e1 y Costa Rica buscan ser socios claves de Estados Unidos\",\"datePublished\":\"2022-01-12T03:39:30+00:00\",\"mainEntityOfPage\":{\"@id\":\"https:\/\/potenciaradiofonicadominicana.com\/portal\/rd-panama-y-costa-rica-buscan-ser-socios-claves-de-estados-unidos\/\"},\"wordCount\":766,\"commentCount\":0,\"publisher\":{\"@id\":\"https:\/\/potenciaradiofonicadominicana.com\/portal\/#organization\"},\"image\":{\"@id\":\"https:\/\/potenciaradiofonicadominicana.com\/portal\/rd-panama-y-costa-rica-buscan-ser-socios-claves-de-estados-unidos\/#primaryimage\"},\"thumbnailUrl\":\"https:\/\/potenciaradiofonicadominicana.com\/portal\/wp-content\/uploads\/2022\/01\/erika-mouynes-rodolfo-solano-y-roberto-\u00e1lvarez-11012022-twitter-cancilleriapma-48aa6c49-focus-0-0-895-573.jpg\",\"articleSection\":[\"Internacional\",\"Noticias\"],\"inLanguage\":\"es\",\"potentialAction\":[{\"@type\":\"CommentAction\",\"name\":\"Comment\",\"target\":[\"https:\/\/potenciaradiofonicadominicana.com\/portal\/rd-panama-y-costa-rica-buscan-ser-socios-claves-de-estados-unidos\/#respond\"]}]},{\"@type\":\"WebPage\",\"@id\":\"https:\/\/potenciaradiofonicadominicana.com\/portal\/rd-panama-y-costa-rica-buscan-ser-socios-claves-de-estados-unidos\/\",\"url\":\"https:\/\/potenciaradiofonicadominicana.com\/portal\/rd-panama-y-costa-rica-buscan-ser-socios-claves-de-estados-unidos\/\",\"name\":\"RD, Panam\u00e1 y Costa Rica buscan ser socios claves de Estados Unidos - PotenciaRadiofonicaDominicana.com\",\"isPartOf\":{\"@id\":\"https:\/\/potenciaradiofonicadominicana.com\/portal\/#website\"},\"primaryImageOfPage\":{\"@id\":\"https:\/\/potenciaradiofonicadominicana.com\/portal\/rd-panama-y-costa-rica-buscan-ser-socios-claves-de-estados-unidos\/#primaryimage\"},\"image\":{\"@id\":\"https:\/\/potenciaradiofonicadominicana.com\/portal\/rd-panama-y-costa-rica-buscan-ser-socios-claves-de-estados-unidos\/#primaryimage\"},\"thumbnailUrl\":\"https:\/\/potenciaradiofonicadominicana.com\/portal\/wp-content\/uploads\/2022\/01\/erika-mouynes-rodolfo-solano-y-roberto-\u00e1lvarez-11012022-twitter-cancilleriapma-48aa6c49-focus-0-0-895-573.jpg\",\"datePublished\":\"2022-01-12T03:39:30+00:00\",\"breadcrumb\":{\"@id\":\"https:\/\/potenciaradiofonicadominicana.com\/portal\/rd-panama-y-costa-rica-buscan-ser-socios-claves-de-estados-unidos\/#breadcrumb\"},\"inLanguage\":\"es\",\"potentialAction\":[{\"@type\":\"ReadAction\",\"target\":[\"https:\/\/potenciaradiofonicadominicana.com\/portal\/rd-panama-y-costa-rica-buscan-ser-socios-claves-de-estados-unidos\/\"]}]},{\"@type\":\"ImageObject\",\"inLanguage\":\"es\",\"@id\":\"https:\/\/potenciaradiofonicadominicana.com\/portal\/rd-panama-y-costa-rica-buscan-ser-socios-claves-de-estados-unidos\/#primaryimage\",\"url\":\"https:\/\/potenciaradiofonicadominicana.com\/portal\/wp-content\/uploads\/2022\/01\/erika-mouynes-rodolfo-solano-y-roberto-\u00e1lvarez-11012022-twitter-cancilleriapma-48aa6c49-focus-0-0-895-573.jpg\",\"contentUrl\":\"https:\/\/potenciaradiofonicadominicana.com\/portal\/wp-content\/uploads\/2022\/01\/erika-mouynes-rodolfo-solano-y-roberto-\u00e1lvarez-11012022-twitter-cancilleriapma-48aa6c49-focus-0-0-895-573.jpg\",\"width\":895,\"height\":573},{\"@type\":\"BreadcrumbList\",\"@id\":\"https:\/\/potenciaradiofonicadominicana.com\/portal\/rd-panama-y-costa-rica-buscan-ser-socios-claves-de-estados-unidos\/#breadcrumb\",\"itemListElement\":[{\"@type\":\"ListItem\",\"position\":1,\"name\":\"Portada\",\"item\":\"https:\/\/potenciaradiofonicadominicana.com\/portal\/\"},{\"@type\":\"ListItem\",\"position\":2,\"name\":\"RD, Panam\u00e1 y Costa Rica buscan ser socios claves de Estados Unidos\"}]},{\"@type\":\"WebSite\",\"@id\":\"https:\/\/potenciaradiofonicadominicana.com\/portal\/#website\",\"url\":\"https:\/\/potenciaradiofonicadominicana.com\/portal\/\",\"name\":\"PotenciaRadiofonicaDominicana.com\",\"description\":\"Peri\u00f3dico Digital\",\"publisher\":{\"@id\":\"https:\/\/potenciaradiofonicadominicana.com\/portal\/#organization\"},\"potentialAction\":[{\"@type\":\"SearchAction\",\"target\":{\"@type\":\"EntryPoint\",\"urlTemplate\":\"https:\/\/potenciaradiofonicadominicana.com\/portal\/?s={search_term_string}\"},\"query-input\":{\"@type\":\"PropertyValueSpecification\",\"valueRequired\":true,\"valueName\":\"search_term_string\"}}],\"inLanguage\":\"es\"},{\"@type\":\"Organization\",\"@id\":\"https:\/\/potenciaradiofonicadominicana.com\/portal\/#organization\",\"name\":\"PotenciaRadiofonicaDominicana.com\",\"url\":\"https:\/\/potenciaradiofonicadominicana.com\/portal\/\",\"logo\":{\"@type\":\"ImageObject\",\"inLanguage\":\"es\",\"@id\":\"https:\/\/potenciaradiofonicadominicana.com\/portal\/#\/schema\/logo\/image\/\",\"url\":\"https:\/\/potenciaradiofonicadominicana.com\/portal\/wp-content\/uploads\/2022\/01\/descarga.png\",\"contentUrl\":\"https:\/\/potenciaradiofonicadominicana.com\/portal\/wp-content\/uploads\/2022\/01\/descarga.png\",\"width\":300,\"height\":100,\"caption\":\"PotenciaRadiofonicaDominicana.com\"},\"image\":{\"@id\":\"https:\/\/potenciaradiofonicadominicana.com\/portal\/#\/schema\/logo\/image\/\"},\"sameAs\":[\"https:\/\/web.facebook.com\/PotenciaRadiofonicaD\"]},{\"@type\":\"Person\",\"@id\":\"https:\/\/potenciaradiofonicadominicana.com\/portal\/#\/schema\/person\/a5cf1fea13877803ee0573ac18b03490\",\"name\":\"Potencia Radiof\u00f3nica Dominicana\",\"image\":{\"@type\":\"ImageObject\",\"inLanguage\":\"es\",\"@id\":\"https:\/\/potenciaradiofonicadominicana.com\/portal\/#\/schema\/person\/image\/\",\"url\":\"https:\/\/secure.gravatar.com\/avatar\/42a55ab9e8ccc656ba34cd791990602a?s=96&d=mm&r=g\",\"contentUrl\":\"https:\/\/secure.gravatar.com\/avatar\/42a55ab9e8ccc656ba34cd791990602a?s=96&d=mm&r=g\",\"caption\":\"Potencia Radiof\u00f3nica Dominicana\"},\"url\":\"https:\/\/potenciaradiofonicadominicana.com\/portal\/author\/johannyalmanzar\/\"}]}<\/script>\n<!-- \/ Yoast SEO plugin. -->","yoast_head_json":{"title":"RD, Panam\u00e1 y Costa Rica buscan ser socios claves de Estados Unidos - PotenciaRadiofonicaDominicana.com","robots":{"index":"index","follow":"follow","max-snippet":"max-snippet:-1","max-image-preview":"max-image-preview:large","max-video-preview":"max-video-preview:-1"},"canonical":"https:\/\/potenciaradiofonicadominicana.com\/portal\/rd-panama-y-costa-rica-buscan-ser-socios-claves-de-estados-unidos\/","og_locale":"es_ES","og_type":"article","og_title":"RD, Panam\u00e1 y Costa Rica buscan ser socios claves de Estados Unidos - PotenciaRadiofonicaDominicana.com","og_description":"La\u00a0Rep\u00fablica Dominicana, Costa Rica y Panam\u00e1\u00a0buscan convertirse en importantes socios comerciales de Estados Unidos, aprovechando la reconfiguraci\u00f3n de las cadenas ...","og_url":"https:\/\/potenciaradiofonicadominicana.com\/portal\/rd-panama-y-costa-rica-buscan-ser-socios-claves-de-estados-unidos\/","og_site_name":"PotenciaRadiofonicaDominicana.com","article_publisher":"https:\/\/web.facebook.com\/PotenciaRadiofonicaD","article_published_time":"2022-01-12T03:39:30+00:00","og_image":[{"width":895,"height":573,"url":"https:\/\/potenciaradiofonicadominicana.com\/portal\/wp-content\/uploads\/2022\/01\/erika-mouynes-rodolfo-solano-y-roberto-\u00e1lvarez-11012022-twitter-cancilleriapma-48aa6c49-focus-0-0-895-573.jpg","type":"image\/jpeg"}],"author":"Potencia Radiof\u00f3nica Dominicana","twitter_card":"summary_large_image","twitter_misc":{"Escrito por":"Potencia Radiof\u00f3nica Dominicana","Tiempo de lectura":"4 minutos"},"schema":{"@context":"https:\/\/schema.org","@graph":[{"@type":"Article","@id":"https:\/\/potenciaradiofonicadominicana.com\/portal\/rd-panama-y-costa-rica-buscan-ser-socios-claves-de-estados-unidos\/#article","isPartOf":{"@id":"https:\/\/potenciaradiofonicadominicana.com\/portal\/rd-panama-y-costa-rica-buscan-ser-socios-claves-de-estados-unidos\/"},"author":{"name":"Potencia Radiof\u00f3nica Dominicana","@id":"https:\/\/potenciaradiofonicadominicana.com\/portal\/#\/schema\/person\/a5cf1fea13877803ee0573ac18b03490"},"headline":"RD, Panam\u00e1 y Costa Rica buscan ser socios claves de Estados Unidos","datePublished":"2022-01-12T03:39:30+00:00","mainEntityOfPage":{"@id":"https:\/\/potenciaradiofonicadominicana.com\/portal\/rd-panama-y-costa-rica-buscan-ser-socios-claves-de-estados-unidos\/"},"wordCount":766,"commentCount":0,"publisher":{"@id":"https:\/\/potenciaradiofonicadominicana.com\/portal\/#organization"},"image":{"@id":"https:\/\/potenciaradiofonicadominicana.com\/portal\/rd-panama-y-costa-rica-buscan-ser-socios-claves-de-estados-unidos\/#primaryimage"},"thumbnailUrl":"https:\/\/potenciaradiofonicadominicana.com\/portal\/wp-content\/uploads\/2022\/01\/erika-mouynes-rodolfo-solano-y-roberto-\u00e1lvarez-11012022-twitter-cancilleriapma-48aa6c49-focus-0-0-895-573.jpg","articleSection":["Internacional","Noticias"],"inLanguage":"es","potentialAction":[{"@type":"CommentAction","name":"Comment","target":["https:\/\/potenciaradiofonicadominicana.com\/portal\/rd-panama-y-costa-rica-buscan-ser-socios-claves-de-estados-unidos\/#respond"]}]},{"@type":"WebPage","@id":"https:\/\/potenciaradiofonicadominicana.com\/portal\/rd-panama-y-costa-rica-buscan-ser-socios-claves-de-estados-unidos\/","url":"https:\/\/potenciaradiofonicadominicana.com\/portal\/rd-panama-y-costa-rica-buscan-ser-socios-claves-de-estados-unidos\/","name":"RD, Panam\u00e1 y Costa Rica buscan ser socios claves de Estados Unidos - PotenciaRadiofonicaDominicana.com","isPartOf":{"@id":"https:\/\/potenciaradiofonicadominicana.com\/portal\/#website"},"primaryImageOfPage":{"@id":"https:\/\/potenciaradiofonicadominicana.com\/portal\/rd-panama-y-costa-rica-buscan-ser-socios-claves-de-estados-unidos\/#primaryimage"},"image":{"@id":"https:\/\/potenciaradiofonicadominicana.com\/portal\/rd-panama-y-costa-rica-buscan-ser-socios-claves-de-estados-unidos\/#primaryimage"},"thumbnailUrl":"https:\/\/potenciaradiofonicadominicana.com\/portal\/wp-content\/uploads\/2022\/01\/erika-mouynes-rodolfo-solano-y-roberto-\u00e1lvarez-11012022-twitter-cancilleriapma-48aa6c49-focus-0-0-895-573.jpg","datePublished":"2022-01-12T03:39:30+00:00","breadcrumb":{"@id":"https:\/\/potenciaradiofonicadominicana.com\/portal\/rd-panama-y-costa-rica-buscan-ser-socios-claves-de-estados-unidos\/#breadcrumb"},"inLanguage":"es","potentialAction":[{"@type":"ReadAction","target":["https:\/\/potenciaradiofonicadominicana.com\/portal\/rd-panama-y-costa-rica-buscan-ser-socios-claves-de-estados-unidos\/"]}]},{"@type":"ImageObject","inLanguage":"es","@id":"https:\/\/potenciaradiofonicadominicana.com\/portal\/rd-panama-y-costa-rica-buscan-ser-socios-claves-de-estados-unidos\/#primaryimage","url":"https:\/\/potenciaradiofonicadominicana.com\/portal\/wp-content\/uploads\/2022\/01\/erika-mouynes-rodolfo-solano-y-roberto-\u00e1lvarez-11012022-twitter-cancilleriapma-48aa6c49-focus-0-0-895-573.jpg","contentUrl":"https:\/\/potenciaradiofonicadominicana.com\/portal\/wp-content\/uploads\/2022\/01\/erika-mouynes-rodolfo-solano-y-roberto-\u00e1lvarez-11012022-twitter-cancilleriapma-48aa6c49-focus-0-0-895-573.jpg","width":895,"height":573},{"@type":"BreadcrumbList","@id":"https:\/\/potenciaradiofonicadominicana.com\/portal\/rd-panama-y-costa-rica-buscan-ser-socios-claves-de-estados-unidos\/#breadcrumb","itemListElement":[{"@type":"ListItem","position":1,"name":"Portada","item":"https:\/\/potenciaradiofonicadominicana.com\/portal\/"},{"@type":"ListItem","position":2,"name":"RD, Panam\u00e1 y Costa Rica buscan ser socios claves de Estados Unidos"}]},{"@type":"WebSite","@id":"https:\/\/potenciaradiofonicadominicana.com\/portal\/#website","url":"https:\/\/potenciaradiofonicadominicana.com\/portal\/","name":"PotenciaRadiofonicaDominicana.com","description":"Peri\u00f3dico Digital","publisher":{"@id":"https:\/\/potenciaradiofonicadominicana.com\/portal\/#organization"},"potentialAction":[{"@type":"SearchAction","target":{"@type":"EntryPoint","urlTemplate":"https:\/\/potenciaradiofonicadominicana.com\/portal\/?s={search_term_string}"},"query-input":{"@type":"PropertyValueSpecification","valueRequired":true,"valueName":"search_term_string"}}],"inLanguage":"es"},{"@type":"Organization","@id":"https:\/\/potenciaradiofonicadominicana.com\/portal\/#organization","name":"PotenciaRadiofonicaDominicana.com","url":"https:\/\/potenciaradiofonicadominicana.com\/portal\/","logo":{"@type":"ImageObject","inLanguage":"es","@id":"https:\/\/potenciaradiofonicadominicana.com\/portal\/#\/schema\/logo\/image\/","url":"https:\/\/potenciaradiofonicadominicana.com\/portal\/wp-content\/uploads\/2022\/01\/descarga.png","contentUrl":"https:\/\/potenciaradiofonicadominicana.com\/portal\/wp-content\/uploads\/2022\/01\/descarga.png","width":300,"height":100,"caption":"PotenciaRadiofonicaDominicana.com"},"image":{"@id":"https:\/\/potenciaradiofonicadominicana.com\/portal\/#\/schema\/logo\/image\/"},"sameAs":["https:\/\/web.facebook.com\/PotenciaRadiofonicaD"]},{"@type":"Person","@id":"https:\/\/potenciaradiofonicadominicana.com\/portal\/#\/schema\/person\/a5cf1fea13877803ee0573ac18b03490","name":"Potencia Radiof\u00f3nica Dominicana","image":{"@type":"ImageObject","inLanguage":"es","@id":"https:\/\/potenciaradiofonicadominicana.com\/portal\/#\/schema\/person\/image\/","url":"https:\/\/secure.gravatar.com\/avatar\/42a55ab9e8ccc656ba34cd791990602a?s=96&d=mm&r=g","contentUrl":"https:\/\/secure.gravatar.com\/avatar\/42a55ab9e8ccc656ba34cd791990602a?s=96&d=mm&r=g","caption":"Potencia Radiof\u00f3nica Dominicana"},"url":"https:\/\/potenciaradiofonicadominicana.com\/portal\/author\/johannyalmanzar\/"}]}},"_links":{"self":[{"href":"https:\/\/potenciaradiofonicadominicana.com\/portal\/wp-json\/wp\/v2\/posts\/112043","targetHints":{"allow":["GET"]}}],"collection":[{"href":"https:\/\/potenciaradiofonicadominicana.com\/portal\/wp-json\/wp\/v2\/posts"}],"about":[{"href":"https:\/\/potenciaradiofonicadominicana.com\/portal\/wp-json\/wp\/v2\/types\/post"}],"author":[{"embeddable":true,"href":"https:\/\/potenciaradiofonicadominicana.com\/portal\/wp-json\/wp\/v2\/users\/2"}],"replies":[{"embeddable":true,"href":"https:\/\/potenciaradiofonicadominicana.com\/portal\/wp-json\/wp\/v2\/comments?post=112043"}],"version-history":[{"count":1,"href":"https:\/\/potenciaradiofonicadominicana.com\/portal\/wp-json\/wp\/v2\/posts\/112043\/revisions"}],"predecessor-version":[{"id":112045,"href":"https:\/\/potenciaradiofonicadominicana.com\/portal\/wp-json\/wp\/v2\/posts\/112043\/revisions\/112045"}],"wp:featuredmedia":[{"embeddable":true,"href":"https:\/\/potenciaradiofonicadominicana.com\/portal\/wp-json\/wp\/v2\/media\/112044"}],"wp:attachment":[{"href":"https:\/\/potenciaradiofonicadominicana.com\/portal\/wp-json\/wp\/v2\/media?parent=112043"}],"wp:term":[{"taxonomy":"category","embeddable":true,"href":"https:\/\/potenciaradiofonicadominicana.com\/portal\/wp-json\/wp\/v2\/categories?post=112043"},{"taxonomy":"post_tag","embeddable":true,"href":"https:\/\/potenciaradiofonicadominicana.com\/portal\/wp-json\/wp\/v2\/tags?post=112043"}],"curies":[{"name":"wp","href":"https:\/\/api.w.org\/{rel}","templated":true}]}}