{"id":111981,"date":"2021-06-03T11:58:04","date_gmt":"2021-06-03T15:58:04","guid":{"rendered":"https:\/\/potenciaradiofonicadominicana.com\/portal\/?p=111981"},"modified":"2021-06-03T11:58:04","modified_gmt":"2021-06-03T15:58:04","slug":"ente-electoral-ordena-a-lopez-obrador-suspender-difusion-de-tres-conferencias","status":"publish","type":"post","link":"https:\/\/potenciaradiofonicadominicana.com\/portal\/ente-electoral-ordena-a-lopez-obrador-suspender-difusion-de-tres-conferencias\/","title":{"rendered":"Ente electoral ordena a L\u00f3pez Obrador suspender difusi\u00f3n de tres conferencias"},"content":{"rendered":"<p><a href=\"https:\/\/potenciaradiofonicadominicana.com\/portal\/wp-content\/uploads\/2021\/06\/amlo_anuncia_vacunacion.png_186580703.png\"><img loading=\"lazy\" decoding=\"async\" class=\"alignnone size-full wp-image-111982\" src=\"https:\/\/potenciaradiofonicadominicana.com\/portal\/wp-content\/uploads\/2021\/06\/amlo_anuncia_vacunacion.png_186580703.png\" alt=\"\" width=\"1120\" height=\"613\" srcset=\"https:\/\/potenciaradiofonicadominicana.com\/portal\/wp-content\/uploads\/2021\/06\/amlo_anuncia_vacunacion.png_186580703.png 1120w, https:\/\/potenciaradiofonicadominicana.com\/portal\/wp-content\/uploads\/2021\/06\/amlo_anuncia_vacunacion.png_186580703-300x164.png 300w, https:\/\/potenciaradiofonicadominicana.com\/portal\/wp-content\/uploads\/2021\/06\/amlo_anuncia_vacunacion.png_186580703-768x420.png 768w, https:\/\/potenciaradiofonicadominicana.com\/portal\/wp-content\/uploads\/2021\/06\/amlo_anuncia_vacunacion.png_186580703-1024x560.png 1024w\" sizes=\"auto, (max-width: 1120px) 100vw, 1120px\" \/><\/a><\/p>\n<div id=\"ArticleAuthorDiv\" class=\"article-body-author\"><b>EFE<\/b><\/div>\n<div id=\"ArticleSourceDiv\" class=\"article-body-author\"><b>M\u00e9xico<\/b><\/div>\n<div id=\"ArticleBody\">\n<p>El Instituto Nacional Electoral (INE) de M\u00e9xico orden\u00f3 este mi\u00e9rcoles a la Presidencia de la Rep\u00fablica suspender la difusi\u00f3n de las conferencias matutinas del 5, 6 y 7 de mayo del presidente Andr\u00e9s Manuel L\u00f3pez Obrador, publicadas en plataforma oficiales.<\/p>\n<p>La Comisi\u00f3n de Quejas y Denuncias del INE orden\u00f3 dicha suspensi\u00f3n \u00abpor constituir una intromisi\u00f3n a los procesos electorales\u00bb.<\/p>\n<p>En un comunicado, el INE record\u00f3 que la queja fue presentada por el partido Movimiento Ciudadano (MC) y su candidato a la gubernatura del estado de Nuevo Le\u00f3n, Samuel Garc\u00eda, en contra del presidente, esto por expresiones electorales realizadas durante las citadas conferencias.<\/p>\n<p>\u00abA decir de los quejosos, se vulneraron los principios de imparcialidad y neutralidad en la contienda\u00bb, se\u00f1al\u00f3 la nota.<\/p>\n<p>La Comisi\u00f3n determin\u00f3 la procedencia de las medidas cautelares pues, luego de un an\u00e1lisis preliminar y bajo la apariencia del buen derecho, dijo que las declaraciones hechas por el mandatario \u00abs\u00ed constituyen una intromisi\u00f3n a los procesos electorales\u00bb, prohibida por los art\u00edculos 41 y 134 de la Constituci\u00f3n mexicana.<\/p>\n<p>Adem\u00e1s, apunt\u00f3 que la decisi\u00f3n es coincidente con el Acuerdo aprobado por la Comisi\u00f3n, el pasado 28 de mayo, donde se llev\u00f3 a cabo un estudio integral y sistem\u00e1tico del contenido de las conferencias matutinas del presidente mexicano desde el inicio de campa\u00f1as.<\/p>\n<p>En dicho acuerdo se determin\u00f3 conceder una tutela preventiva en contra del presidente de M\u00e9xico \u00abpor haber realizado de manera sostenida declaraciones relacionadas con los procesos electorales\u00bb.<\/p>\n<p>Por lo que se concedi\u00f3 el retiro de los tres materiales audiovisuales.<\/p>\n<p>El 28 de mayo, la Comisi\u00f3n orden\u00f3 a L\u00f3pez Obrador que se abstuviera de difundir en sus conferencias matutinas propaganda gubernamental y expresiones de contenido electoral.<\/p>\n<p>Esto hasta que se celebrara la jornada electoral del pr\u00f3ximo 6 de junio luego de que la Comisi\u00f3n estim\u00f3 que el mandatario se ha pronunciado de manera reiterada sobre temas y aspectos prohibidos por la Constituci\u00f3n mexicana en al menos 29 de 36 ruedas de prensa analizadas entre el 5 de abril y el 26 de mayo.<\/p>\n<\/div>\n<p>&nbsp;<\/p>\n<p>&nbsp;<\/p>\n<p>&nbsp;<\/p>\n<p>Fuente<br \/>\nListin Diario<\/p>\n","protected":false},"excerpt":{"rendered":"<p>EFE M\u00e9xico El Instituto Nacional Electoral (INE) de M\u00e9xico orden\u00f3 este mi\u00e9rcoles a la Presidencia de la Rep\u00fablica suspender la &#8230;<\/p>\n","protected":false},"author":2,"featured_media":111982,"comment_status":"open","ping_status":"open","sticky":false,"template":"","format":"standard","meta":{"footnotes":""},"categories":[30],"tags":[],"class_list":["post-111981","post","type-post","status-publish","format-standard","has-post-thumbnail","hentry","category-internacional"],"yoast_head":"<!-- This site is optimized with the Yoast SEO plugin v24.8.1 - https:\/\/yoast.com\/wordpress\/plugins\/seo\/ -->\n<title>Ente electoral ordena a L\u00f3pez Obrador suspender difusi\u00f3n de tres conferencias - PotenciaRadiofonicaDominicana.com<\/title>\n<meta name=\"robots\" content=\"index, follow, max-snippet:-1, max-image-preview:large, max-video-preview:-1\" \/>\n<link rel=\"canonical\" href=\"https:\/\/potenciaradiofonicadominicana.com\/portal\/ente-electoral-ordena-a-lopez-obrador-suspender-difusion-de-tres-conferencias\/\" \/>\n<meta property=\"og:locale\" content=\"es_ES\" \/>\n<meta property=\"og:type\" content=\"article\" \/>\n<meta property=\"og:title\" content=\"Ente electoral ordena a L\u00f3pez Obrador suspender difusi\u00f3n de tres conferencias - PotenciaRadiofonicaDominicana.com\" \/>\n<meta property=\"og:description\" content=\"EFE M\u00e9xico El Instituto Nacional Electoral (INE) de M\u00e9xico orden\u00f3 este mi\u00e9rcoles a la Presidencia de la Rep\u00fablica suspender la ...\" \/>\n<meta property=\"og:url\" content=\"https:\/\/potenciaradiofonicadominicana.com\/portal\/ente-electoral-ordena-a-lopez-obrador-suspender-difusion-de-tres-conferencias\/\" \/>\n<meta property=\"og:site_name\" content=\"PotenciaRadiofonicaDominicana.com\" \/>\n<meta property=\"article:publisher\" content=\"https:\/\/web.facebook.com\/PotenciaRadiofonicaD\" \/>\n<meta property=\"article:published_time\" content=\"2021-06-03T15:58:04+00:00\" \/>\n<meta property=\"og:image\" content=\"https:\/\/potenciaradiofonicadominicana.com\/portal\/wp-content\/uploads\/2021\/06\/amlo_anuncia_vacunacion.png_186580703.png\" \/>\n\t<meta property=\"og:image:width\" content=\"1120\" \/>\n\t<meta property=\"og:image:height\" content=\"613\" \/>\n\t<meta property=\"og:image:type\" content=\"image\/png\" \/>\n<meta name=\"author\" content=\"Potencia Radiof\u00f3nica Dominicana\" \/>\n<meta name=\"twitter:card\" content=\"summary_large_image\" \/>\n<meta name=\"twitter:label1\" content=\"Escrito por\" \/>\n\t<meta name=\"twitter:data1\" content=\"Potencia Radiof\u00f3nica Dominicana\" \/>\n\t<meta name=\"twitter:label2\" content=\"Tiempo de lectura\" \/>\n\t<meta name=\"twitter:data2\" content=\"2 minutos\" \/>\n<script type=\"application\/ld+json\" class=\"yoast-schema-graph\">{\"@context\":\"https:\/\/schema.org\",\"@graph\":[{\"@type\":\"Article\",\"@id\":\"https:\/\/potenciaradiofonicadominicana.com\/portal\/ente-electoral-ordena-a-lopez-obrador-suspender-difusion-de-tres-conferencias\/#article\",\"isPartOf\":{\"@id\":\"https:\/\/potenciaradiofonicadominicana.com\/portal\/ente-electoral-ordena-a-lopez-obrador-suspender-difusion-de-tres-conferencias\/\"},\"author\":{\"name\":\"Potencia Radiof\u00f3nica Dominicana\",\"@id\":\"https:\/\/potenciaradiofonicadominicana.com\/portal\/#\/schema\/person\/a5cf1fea13877803ee0573ac18b03490\"},\"headline\":\"Ente electoral ordena a L\u00f3pez Obrador suspender difusi\u00f3n de tres conferencias\",\"datePublished\":\"2021-06-03T15:58:04+00:00\",\"mainEntityOfPage\":{\"@id\":\"https:\/\/potenciaradiofonicadominicana.com\/portal\/ente-electoral-ordena-a-lopez-obrador-suspender-difusion-de-tres-conferencias\/\"},\"wordCount\":373,\"commentCount\":0,\"publisher\":{\"@id\":\"https:\/\/potenciaradiofonicadominicana.com\/portal\/#organization\"},\"image\":{\"@id\":\"https:\/\/potenciaradiofonicadominicana.com\/portal\/ente-electoral-ordena-a-lopez-obrador-suspender-difusion-de-tres-conferencias\/#primaryimage\"},\"thumbnailUrl\":\"https:\/\/potenciaradiofonicadominicana.com\/portal\/wp-content\/uploads\/2021\/06\/amlo_anuncia_vacunacion.png_186580703.png\",\"articleSection\":[\"Internacional\"],\"inLanguage\":\"es\",\"potentialAction\":[{\"@type\":\"CommentAction\",\"name\":\"Comment\",\"target\":[\"https:\/\/potenciaradiofonicadominicana.com\/portal\/ente-electoral-ordena-a-lopez-obrador-suspender-difusion-de-tres-conferencias\/#respond\"]}]},{\"@type\":\"WebPage\",\"@id\":\"https:\/\/potenciaradiofonicadominicana.com\/portal\/ente-electoral-ordena-a-lopez-obrador-suspender-difusion-de-tres-conferencias\/\",\"url\":\"https:\/\/potenciaradiofonicadominicana.com\/portal\/ente-electoral-ordena-a-lopez-obrador-suspender-difusion-de-tres-conferencias\/\",\"name\":\"Ente electoral ordena a L\u00f3pez Obrador suspender difusi\u00f3n de tres conferencias - PotenciaRadiofonicaDominicana.com\",\"isPartOf\":{\"@id\":\"https:\/\/potenciaradiofonicadominicana.com\/portal\/#website\"},\"primaryImageOfPage\":{\"@id\":\"https:\/\/potenciaradiofonicadominicana.com\/portal\/ente-electoral-ordena-a-lopez-obrador-suspender-difusion-de-tres-conferencias\/#primaryimage\"},\"image\":{\"@id\":\"https:\/\/potenciaradiofonicadominicana.com\/portal\/ente-electoral-ordena-a-lopez-obrador-suspender-difusion-de-tres-conferencias\/#primaryimage\"},\"thumbnailUrl\":\"https:\/\/potenciaradiofonicadominicana.com\/portal\/wp-content\/uploads\/2021\/06\/amlo_anuncia_vacunacion.png_186580703.png\",\"datePublished\":\"2021-06-03T15:58:04+00:00\",\"breadcrumb\":{\"@id\":\"https:\/\/potenciaradiofonicadominicana.com\/portal\/ente-electoral-ordena-a-lopez-obrador-suspender-difusion-de-tres-conferencias\/#breadcrumb\"},\"inLanguage\":\"es\",\"potentialAction\":[{\"@type\":\"ReadAction\",\"target\":[\"https:\/\/potenciaradiofonicadominicana.com\/portal\/ente-electoral-ordena-a-lopez-obrador-suspender-difusion-de-tres-conferencias\/\"]}]},{\"@type\":\"ImageObject\",\"inLanguage\":\"es\",\"@id\":\"https:\/\/potenciaradiofonicadominicana.com\/portal\/ente-electoral-ordena-a-lopez-obrador-suspender-difusion-de-tres-conferencias\/#primaryimage\",\"url\":\"https:\/\/potenciaradiofonicadominicana.com\/portal\/wp-content\/uploads\/2021\/06\/amlo_anuncia_vacunacion.png_186580703.png\",\"contentUrl\":\"https:\/\/potenciaradiofonicadominicana.com\/portal\/wp-content\/uploads\/2021\/06\/amlo_anuncia_vacunacion.png_186580703.png\",\"width\":1120,\"height\":613},{\"@type\":\"BreadcrumbList\",\"@id\":\"https:\/\/potenciaradiofonicadominicana.com\/portal\/ente-electoral-ordena-a-lopez-obrador-suspender-difusion-de-tres-conferencias\/#breadcrumb\",\"itemListElement\":[{\"@type\":\"ListItem\",\"position\":1,\"name\":\"Portada\",\"item\":\"https:\/\/potenciaradiofonicadominicana.com\/portal\/\"},{\"@type\":\"ListItem\",\"position\":2,\"name\":\"Ente electoral ordena a L\u00f3pez Obrador suspender difusi\u00f3n de tres conferencias\"}]},{\"@type\":\"WebSite\",\"@id\":\"https:\/\/potenciaradiofonicadominicana.com\/portal\/#website\",\"url\":\"https:\/\/potenciaradiofonicadominicana.com\/portal\/\",\"name\":\"PotenciaRadiofonicaDominicana.com\",\"description\":\"Peri\u00f3dico Digital\",\"publisher\":{\"@id\":\"https:\/\/potenciaradiofonicadominicana.com\/portal\/#organization\"},\"potentialAction\":[{\"@type\":\"SearchAction\",\"target\":{\"@type\":\"EntryPoint\",\"urlTemplate\":\"https:\/\/potenciaradiofonicadominicana.com\/portal\/?s={search_term_string}\"},\"query-input\":{\"@type\":\"PropertyValueSpecification\",\"valueRequired\":true,\"valueName\":\"search_term_string\"}}],\"inLanguage\":\"es\"},{\"@type\":\"Organization\",\"@id\":\"https:\/\/potenciaradiofonicadominicana.com\/portal\/#organization\",\"name\":\"PotenciaRadiofonicaDominicana.com\",\"url\":\"https:\/\/potenciaradiofonicadominicana.com\/portal\/\",\"logo\":{\"@type\":\"ImageObject\",\"inLanguage\":\"es\",\"@id\":\"https:\/\/potenciaradiofonicadominicana.com\/portal\/#\/schema\/logo\/image\/\",\"url\":\"https:\/\/potenciaradiofonicadominicana.com\/portal\/wp-content\/uploads\/2022\/01\/descarga.png\",\"contentUrl\":\"https:\/\/potenciaradiofonicadominicana.com\/portal\/wp-content\/uploads\/2022\/01\/descarga.png\",\"width\":300,\"height\":100,\"caption\":\"PotenciaRadiofonicaDominicana.com\"},\"image\":{\"@id\":\"https:\/\/potenciaradiofonicadominicana.com\/portal\/#\/schema\/logo\/image\/\"},\"sameAs\":[\"https:\/\/web.facebook.com\/PotenciaRadiofonicaD\"]},{\"@type\":\"Person\",\"@id\":\"https:\/\/potenciaradiofonicadominicana.com\/portal\/#\/schema\/person\/a5cf1fea13877803ee0573ac18b03490\",\"name\":\"Potencia Radiof\u00f3nica Dominicana\",\"image\":{\"@type\":\"ImageObject\",\"inLanguage\":\"es\",\"@id\":\"https:\/\/potenciaradiofonicadominicana.com\/portal\/#\/schema\/person\/image\/\",\"url\":\"https:\/\/secure.gravatar.com\/avatar\/42a55ab9e8ccc656ba34cd791990602a?s=96&d=mm&r=g\",\"contentUrl\":\"https:\/\/secure.gravatar.com\/avatar\/42a55ab9e8ccc656ba34cd791990602a?s=96&d=mm&r=g\",\"caption\":\"Potencia Radiof\u00f3nica Dominicana\"},\"url\":\"https:\/\/potenciaradiofonicadominicana.com\/portal\/author\/johannyalmanzar\/\"}]}<\/script>\n<!-- \/ Yoast SEO plugin. -->","yoast_head_json":{"title":"Ente electoral ordena a L\u00f3pez Obrador suspender difusi\u00f3n de tres conferencias - PotenciaRadiofonicaDominicana.com","robots":{"index":"index","follow":"follow","max-snippet":"max-snippet:-1","max-image-preview":"max-image-preview:large","max-video-preview":"max-video-preview:-1"},"canonical":"https:\/\/potenciaradiofonicadominicana.com\/portal\/ente-electoral-ordena-a-lopez-obrador-suspender-difusion-de-tres-conferencias\/","og_locale":"es_ES","og_type":"article","og_title":"Ente electoral ordena a L\u00f3pez Obrador suspender difusi\u00f3n de tres conferencias - PotenciaRadiofonicaDominicana.com","og_description":"EFE M\u00e9xico El Instituto Nacional Electoral (INE) de M\u00e9xico orden\u00f3 este mi\u00e9rcoles a la Presidencia de la Rep\u00fablica suspender la ...","og_url":"https:\/\/potenciaradiofonicadominicana.com\/portal\/ente-electoral-ordena-a-lopez-obrador-suspender-difusion-de-tres-conferencias\/","og_site_name":"PotenciaRadiofonicaDominicana.com","article_publisher":"https:\/\/web.facebook.com\/PotenciaRadiofonicaD","article_published_time":"2021-06-03T15:58:04+00:00","og_image":[{"width":1120,"height":613,"url":"https:\/\/potenciaradiofonicadominicana.com\/portal\/wp-content\/uploads\/2021\/06\/amlo_anuncia_vacunacion.png_186580703.png","type":"image\/png"}],"author":"Potencia Radiof\u00f3nica Dominicana","twitter_card":"summary_large_image","twitter_misc":{"Escrito por":"Potencia Radiof\u00f3nica Dominicana","Tiempo de lectura":"2 minutos"},"schema":{"@context":"https:\/\/schema.org","@graph":[{"@type":"Article","@id":"https:\/\/potenciaradiofonicadominicana.com\/portal\/ente-electoral-ordena-a-lopez-obrador-suspender-difusion-de-tres-conferencias\/#article","isPartOf":{"@id":"https:\/\/potenciaradiofonicadominicana.com\/portal\/ente-electoral-ordena-a-lopez-obrador-suspender-difusion-de-tres-conferencias\/"},"author":{"name":"Potencia Radiof\u00f3nica Dominicana","@id":"https:\/\/potenciaradiofonicadominicana.com\/portal\/#\/schema\/person\/a5cf1fea13877803ee0573ac18b03490"},"headline":"Ente electoral ordena a L\u00f3pez Obrador suspender difusi\u00f3n de tres conferencias","datePublished":"2021-06-03T15:58:04+00:00","mainEntityOfPage":{"@id":"https:\/\/potenciaradiofonicadominicana.com\/portal\/ente-electoral-ordena-a-lopez-obrador-suspender-difusion-de-tres-conferencias\/"},"wordCount":373,"commentCount":0,"publisher":{"@id":"https:\/\/potenciaradiofonicadominicana.com\/portal\/#organization"},"image":{"@id":"https:\/\/potenciaradiofonicadominicana.com\/portal\/ente-electoral-ordena-a-lopez-obrador-suspender-difusion-de-tres-conferencias\/#primaryimage"},"thumbnailUrl":"https:\/\/potenciaradiofonicadominicana.com\/portal\/wp-content\/uploads\/2021\/06\/amlo_anuncia_vacunacion.png_186580703.png","articleSection":["Internacional"],"inLanguage":"es","potentialAction":[{"@type":"CommentAction","name":"Comment","target":["https:\/\/potenciaradiofonicadominicana.com\/portal\/ente-electoral-ordena-a-lopez-obrador-suspender-difusion-de-tres-conferencias\/#respond"]}]},{"@type":"WebPage","@id":"https:\/\/potenciaradiofonicadominicana.com\/portal\/ente-electoral-ordena-a-lopez-obrador-suspender-difusion-de-tres-conferencias\/","url":"https:\/\/potenciaradiofonicadominicana.com\/portal\/ente-electoral-ordena-a-lopez-obrador-suspender-difusion-de-tres-conferencias\/","name":"Ente electoral ordena a L\u00f3pez Obrador suspender difusi\u00f3n de tres conferencias - PotenciaRadiofonicaDominicana.com","isPartOf":{"@id":"https:\/\/potenciaradiofonicadominicana.com\/portal\/#website"},"primaryImageOfPage":{"@id":"https:\/\/potenciaradiofonicadominicana.com\/portal\/ente-electoral-ordena-a-lopez-obrador-suspender-difusion-de-tres-conferencias\/#primaryimage"},"image":{"@id":"https:\/\/potenciaradiofonicadominicana.com\/portal\/ente-electoral-ordena-a-lopez-obrador-suspender-difusion-de-tres-conferencias\/#primaryimage"},"thumbnailUrl":"https:\/\/potenciaradiofonicadominicana.com\/portal\/wp-content\/uploads\/2021\/06\/amlo_anuncia_vacunacion.png_186580703.png","datePublished":"2021-06-03T15:58:04+00:00","breadcrumb":{"@id":"https:\/\/potenciaradiofonicadominicana.com\/portal\/ente-electoral-ordena-a-lopez-obrador-suspender-difusion-de-tres-conferencias\/#breadcrumb"},"inLanguage":"es","potentialAction":[{"@type":"ReadAction","target":["https:\/\/potenciaradiofonicadominicana.com\/portal\/ente-electoral-ordena-a-lopez-obrador-suspender-difusion-de-tres-conferencias\/"]}]},{"@type":"ImageObject","inLanguage":"es","@id":"https:\/\/potenciaradiofonicadominicana.com\/portal\/ente-electoral-ordena-a-lopez-obrador-suspender-difusion-de-tres-conferencias\/#primaryimage","url":"https:\/\/potenciaradiofonicadominicana.com\/portal\/wp-content\/uploads\/2021\/06\/amlo_anuncia_vacunacion.png_186580703.png","contentUrl":"https:\/\/potenciaradiofonicadominicana.com\/portal\/wp-content\/uploads\/2021\/06\/amlo_anuncia_vacunacion.png_186580703.png","width":1120,"height":613},{"@type":"BreadcrumbList","@id":"https:\/\/potenciaradiofonicadominicana.com\/portal\/ente-electoral-ordena-a-lopez-obrador-suspender-difusion-de-tres-conferencias\/#breadcrumb","itemListElement":[{"@type":"ListItem","position":1,"name":"Portada","item":"https:\/\/potenciaradiofonicadominicana.com\/portal\/"},{"@type":"ListItem","position":2,"name":"Ente electoral ordena a L\u00f3pez Obrador suspender difusi\u00f3n de tres conferencias"}]},{"@type":"WebSite","@id":"https:\/\/potenciaradiofonicadominicana.com\/portal\/#website","url":"https:\/\/potenciaradiofonicadominicana.com\/portal\/","name":"PotenciaRadiofonicaDominicana.com","description":"Peri\u00f3dico Digital","publisher":{"@id":"https:\/\/potenciaradiofonicadominicana.com\/portal\/#organization"},"potentialAction":[{"@type":"SearchAction","target":{"@type":"EntryPoint","urlTemplate":"https:\/\/potenciaradiofonicadominicana.com\/portal\/?s={search_term_string}"},"query-input":{"@type":"PropertyValueSpecification","valueRequired":true,"valueName":"search_term_string"}}],"inLanguage":"es"},{"@type":"Organization","@id":"https:\/\/potenciaradiofonicadominicana.com\/portal\/#organization","name":"PotenciaRadiofonicaDominicana.com","url":"https:\/\/potenciaradiofonicadominicana.com\/portal\/","logo":{"@type":"ImageObject","inLanguage":"es","@id":"https:\/\/potenciaradiofonicadominicana.com\/portal\/#\/schema\/logo\/image\/","url":"https:\/\/potenciaradiofonicadominicana.com\/portal\/wp-content\/uploads\/2022\/01\/descarga.png","contentUrl":"https:\/\/potenciaradiofonicadominicana.com\/portal\/wp-content\/uploads\/2022\/01\/descarga.png","width":300,"height":100,"caption":"PotenciaRadiofonicaDominicana.com"},"image":{"@id":"https:\/\/potenciaradiofonicadominicana.com\/portal\/#\/schema\/logo\/image\/"},"sameAs":["https:\/\/web.facebook.com\/PotenciaRadiofonicaD"]},{"@type":"Person","@id":"https:\/\/potenciaradiofonicadominicana.com\/portal\/#\/schema\/person\/a5cf1fea13877803ee0573ac18b03490","name":"Potencia Radiof\u00f3nica Dominicana","image":{"@type":"ImageObject","inLanguage":"es","@id":"https:\/\/potenciaradiofonicadominicana.com\/portal\/#\/schema\/person\/image\/","url":"https:\/\/secure.gravatar.com\/avatar\/42a55ab9e8ccc656ba34cd791990602a?s=96&d=mm&r=g","contentUrl":"https:\/\/secure.gravatar.com\/avatar\/42a55ab9e8ccc656ba34cd791990602a?s=96&d=mm&r=g","caption":"Potencia Radiof\u00f3nica Dominicana"},"url":"https:\/\/potenciaradiofonicadominicana.com\/portal\/author\/johannyalmanzar\/"}]}},"_links":{"self":[{"href":"https:\/\/potenciaradiofonicadominicana.com\/portal\/wp-json\/wp\/v2\/posts\/111981","targetHints":{"allow":["GET"]}}],"collection":[{"href":"https:\/\/potenciaradiofonicadominicana.com\/portal\/wp-json\/wp\/v2\/posts"}],"about":[{"href":"https:\/\/potenciaradiofonicadominicana.com\/portal\/wp-json\/wp\/v2\/types\/post"}],"author":[{"embeddable":true,"href":"https:\/\/potenciaradiofonicadominicana.com\/portal\/wp-json\/wp\/v2\/users\/2"}],"replies":[{"embeddable":true,"href":"https:\/\/potenciaradiofonicadominicana.com\/portal\/wp-json\/wp\/v2\/comments?post=111981"}],"version-history":[{"count":1,"href":"https:\/\/potenciaradiofonicadominicana.com\/portal\/wp-json\/wp\/v2\/posts\/111981\/revisions"}],"predecessor-version":[{"id":111983,"href":"https:\/\/potenciaradiofonicadominicana.com\/portal\/wp-json\/wp\/v2\/posts\/111981\/revisions\/111983"}],"wp:featuredmedia":[{"embeddable":true,"href":"https:\/\/potenciaradiofonicadominicana.com\/portal\/wp-json\/wp\/v2\/media\/111982"}],"wp:attachment":[{"href":"https:\/\/potenciaradiofonicadominicana.com\/portal\/wp-json\/wp\/v2\/media?parent=111981"}],"wp:term":[{"taxonomy":"category","embeddable":true,"href":"https:\/\/potenciaradiofonicadominicana.com\/portal\/wp-json\/wp\/v2\/categories?post=111981"},{"taxonomy":"post_tag","embeddable":true,"href":"https:\/\/potenciaradiofonicadominicana.com\/portal\/wp-json\/wp\/v2\/tags?post=111981"}],"curies":[{"name":"wp","href":"https:\/\/api.w.org\/{rel}","templated":true}]}}