{"id":111978,"date":"2021-06-03T11:56:13","date_gmt":"2021-06-03T15:56:13","guid":{"rendered":"https:\/\/potenciaradiofonicadominicana.com\/portal\/?p=111978"},"modified":"2021-06-03T11:56:13","modified_gmt":"2021-06-03T15:56:13","slug":"arrestan-a-la-opositora-de-daniel-ortega","status":"publish","type":"post","link":"https:\/\/potenciaradiofonicadominicana.com\/portal\/arrestan-a-la-opositora-de-daniel-ortega\/","title":{"rendered":"Arrestan a la opositora de Daniel Ortega"},"content":{"rendered":"<p><a href=\"https:\/\/potenciaradiofonicadominicana.com\/portal\/wp-content\/uploads\/2021\/06\/118782796_cbc89773-0f11-44bc-ad1a-3dadc12e1376-696x392.jpg\"><img loading=\"lazy\" decoding=\"async\" class=\"alignnone size-full wp-image-111979\" src=\"https:\/\/potenciaradiofonicadominicana.com\/portal\/wp-content\/uploads\/2021\/06\/118782796_cbc89773-0f11-44bc-ad1a-3dadc12e1376-696x392.jpg\" alt=\"\" width=\"696\" height=\"392\" srcset=\"https:\/\/potenciaradiofonicadominicana.com\/portal\/wp-content\/uploads\/2021\/06\/118782796_cbc89773-0f11-44bc-ad1a-3dadc12e1376-696x392.jpg 696w, https:\/\/potenciaradiofonicadominicana.com\/portal\/wp-content\/uploads\/2021\/06\/118782796_cbc89773-0f11-44bc-ad1a-3dadc12e1376-696x392-300x169.jpg 300w\" sizes=\"auto, (max-width: 696px) 100vw, 696px\" \/><\/a><\/p>\n<p><strong>Managua.- La periodista y aspirante presidencial Cristiana Chamorro qued\u00f3 el mi\u00e9rcoles bajo arresto domiciliar, horas despu\u00e9s de que la polic\u00eda entrara a su casa con una orden de detenci\u00f3n en su contra por cargos de lavado de dinero, en la continuaci\u00f3n de lo que la oposici\u00f3n califica como un intento del gobierno del presidente Daniel Ortega de hacer a un lado a potenciales rivales rumbo a las elecciones de noviembre.<\/strong><\/p>\n<p>Carlos Fernando Chamorro, hermano de Cristiana y quien tambi\u00e9n ha sido blanco de ataques por parte del gobierno, se\u00f1al\u00f3 en su cuenta de Twitter que tras permanecer horas en su casa, \u201clos polic\u00edas antimotines la dejan bajo \u2018arresto domiciliar\u2019, bajo aislamiento\u201d.<\/p>\n<p>Horas antes, Carlos Fernando inform\u00f3 tambi\u00e9n en Twitter que la polic\u00eda hab\u00eda allanado la casa de su hermana y que luego la hab\u00eda detenido, aunque la periodista nunca abandon\u00f3 su hogar.<\/p>\n<p>Cristiana es hija de la expresidenta Violeta Barrios de Chamorro, quien gobern\u00f3 de 1990 a 1997.<\/p>\n<p>\u201cA esta hora, mi hermana Cristiana Chamorro @chamorrocris estar\u00eda brindando una conferencia de prensa para informar sobre la acci\u00f3n ilegal de despojarla de sus derechos pol\u00edticos para inhibirla como precandidata presidencial. La polic\u00eda allan\u00f3 su casa y la tiene detenida\u201d, public\u00f3 su hermano en la red social.<\/p>\n<p>La presidenta de la organizaci\u00f3n no gubernamental Centro Nicarag\u00fcense de Derechos Humanos, Vilma N\u00fa\u00f1ez, declar\u00f3 a periodistas que los agentes policiales irrumpieron \u201cviolentamente\u201d en la residencia de Cristiana Chamorro, ubicada a unos 11 kil\u00f3metros al sur de la capital.<\/p>\n<p>Chamorro hab\u00eda convocado a una rueda de prensa al mediod\u00eda (1800 GMT) y el ingreso de los agentes policiales se produjo unos 15 minutos antes de esa hora.<\/p>\n<p>Chamorro, de 67 a\u00f1os, es investigada por supuesto lavado de dinero por la Fiscal\u00eda, que la noche del martes la acus\u00f3 formalmente y pidi\u00f3 a las autoridades competentes inhabilitarla para postularse a un cargo p\u00fablico.<\/p>\n<p>La polic\u00eda despleg\u00f3 un fuerte operativo sobre la Carretera Panamericana Sur, en las inmediaciones de su casa.<\/p>\n<p>La Fiscal\u00eda investiga a la Fundaci\u00f3n Violeta Barrios de Chamorro, que la tambi\u00e9n periodista dirigi\u00f3 hasta enero pasado, por presuntas \u201cirregularidades\u201d financieras y lavado de dinero, lo cual Cristiana Chamorro ha negado enf\u00e1ticamente y ha calificado como una \u201cmonstruosidad\u201d del gobierno de Daniel Ortega para impedirle postularse como candidata a la presidencia.<\/p>\n<p>Ortega, de 75 a\u00f1os, gobern\u00f3 entre 1985 y 1990. Volvi\u00f3 al poder v\u00eda elecciones en 2007 y ahora busca reelegirse por tercera vez para un cuarto mandato presidencial consecutivo.<\/p>\n<p>Un juzgado penal inform\u00f3 el mismo mi\u00e9rcoles en un comunicado que acept\u00f3 la petici\u00f3n de la Fiscal\u00eda de inhabilitar a Cristiana Chamorro \u201cpara ejercer cargos institucionales y p\u00fablicos, por no estar en pleno goce de sus derechos civiles y pol\u00edticos por encontrarse en un proceso penal investigativo\u201d. Lo anterior bloquea cualquier aspiraci\u00f3n de la hija de la expresidenta Violeta Chamorro de inscribirse como candidata a la presidencia, como lo hizo su madre, quien en 1990 derrot\u00f3 a Ortega.<\/p>\n<p>El Juzgado tambi\u00e9n dio lugar a la solicitud de aplicar medidas precautelares a Chamorro, incluida la prohibici\u00f3n de salir del pa\u00eds y de asistir a \u201cdeterminadas reuniones o lugares relacionados con los hechos que se investigan\u201d.<\/p>\n<p>En un comunicado, la secretar\u00eda general de la Organizaci\u00f3n de los Estados Americanos (OEA) rechaz\u00f3 la inhabilitaci\u00f3n de la candidatura pol\u00edtica de Chamorro y sostuvo que \u201cNicaragua se encamina a las peores elecciones posibles\u201d y que estas acciones \u201crestan toda credibilidad pol\u00edtica al gobierno y a los organizadores del proceso electoral\u201d.<\/p>\n<p>El secretario de Estado estadounidense, Antony Blinken, se\u00f1al\u00f3 en Twitter que la inhabilitaci\u00f3n \u201crefleja el temor de Ortega a unas elecciones libres y justas. Los nicarag\u00fcenses merecen una democracia real\u201d.<\/p>\n<p>&nbsp;<\/p>\n<p>&nbsp;<\/p>\n<p>&nbsp;<\/p>\n<p>Fuente<br \/>\nEl Dia<\/p>\n","protected":false},"excerpt":{"rendered":"<p>Managua.- La periodista y aspirante presidencial Cristiana Chamorro qued\u00f3 el mi\u00e9rcoles bajo arresto domiciliar, horas despu\u00e9s de que la polic\u00eda &#8230;<\/p>\n","protected":false},"author":2,"featured_media":111979,"comment_status":"open","ping_status":"open","sticky":false,"template":"","format":"standard","meta":{"footnotes":""},"categories":[30],"tags":[],"class_list":["post-111978","post","type-post","status-publish","format-standard","has-post-thumbnail","hentry","category-internacional"],"yoast_head":"<!-- This site is optimized with the Yoast SEO plugin v24.8.1 - https:\/\/yoast.com\/wordpress\/plugins\/seo\/ -->\n<title>Arrestan a la opositora de Daniel Ortega - PotenciaRadiofonicaDominicana.com<\/title>\n<meta name=\"robots\" content=\"index, follow, max-snippet:-1, max-image-preview:large, max-video-preview:-1\" \/>\n<link rel=\"canonical\" href=\"https:\/\/potenciaradiofonicadominicana.com\/portal\/arrestan-a-la-opositora-de-daniel-ortega\/\" \/>\n<meta property=\"og:locale\" content=\"es_ES\" \/>\n<meta property=\"og:type\" content=\"article\" \/>\n<meta property=\"og:title\" content=\"Arrestan a la opositora de Daniel Ortega - PotenciaRadiofonicaDominicana.com\" \/>\n<meta property=\"og:description\" content=\"Managua.- La periodista y aspirante presidencial Cristiana Chamorro qued\u00f3 el mi\u00e9rcoles bajo arresto domiciliar, horas despu\u00e9s de que la polic\u00eda ...\" \/>\n<meta property=\"og:url\" content=\"https:\/\/potenciaradiofonicadominicana.com\/portal\/arrestan-a-la-opositora-de-daniel-ortega\/\" \/>\n<meta property=\"og:site_name\" content=\"PotenciaRadiofonicaDominicana.com\" \/>\n<meta property=\"article:publisher\" content=\"https:\/\/web.facebook.com\/PotenciaRadiofonicaD\" \/>\n<meta property=\"article:published_time\" content=\"2021-06-03T15:56:13+00:00\" \/>\n<meta property=\"og:image\" content=\"https:\/\/potenciaradiofonicadominicana.com\/portal\/wp-content\/uploads\/2021\/06\/118782796_cbc89773-0f11-44bc-ad1a-3dadc12e1376-696x392.jpg\" \/>\n\t<meta property=\"og:image:width\" content=\"696\" \/>\n\t<meta property=\"og:image:height\" content=\"392\" \/>\n\t<meta property=\"og:image:type\" content=\"image\/jpeg\" \/>\n<meta name=\"author\" content=\"Potencia Radiof\u00f3nica Dominicana\" \/>\n<meta name=\"twitter:card\" content=\"summary_large_image\" \/>\n<meta name=\"twitter:label1\" content=\"Escrito por\" \/>\n\t<meta name=\"twitter:data1\" content=\"Potencia Radiof\u00f3nica Dominicana\" \/>\n\t<meta name=\"twitter:label2\" content=\"Tiempo de lectura\" \/>\n\t<meta name=\"twitter:data2\" content=\"3 minutos\" \/>\n<script type=\"application\/ld+json\" class=\"yoast-schema-graph\">{\"@context\":\"https:\/\/schema.org\",\"@graph\":[{\"@type\":\"Article\",\"@id\":\"https:\/\/potenciaradiofonicadominicana.com\/portal\/arrestan-a-la-opositora-de-daniel-ortega\/#article\",\"isPartOf\":{\"@id\":\"https:\/\/potenciaradiofonicadominicana.com\/portal\/arrestan-a-la-opositora-de-daniel-ortega\/\"},\"author\":{\"name\":\"Potencia Radiof\u00f3nica Dominicana\",\"@id\":\"https:\/\/potenciaradiofonicadominicana.com\/portal\/#\/schema\/person\/a5cf1fea13877803ee0573ac18b03490\"},\"headline\":\"Arrestan a la opositora de Daniel Ortega\",\"datePublished\":\"2021-06-03T15:56:13+00:00\",\"mainEntityOfPage\":{\"@id\":\"https:\/\/potenciaradiofonicadominicana.com\/portal\/arrestan-a-la-opositora-de-daniel-ortega\/\"},\"wordCount\":653,\"commentCount\":0,\"publisher\":{\"@id\":\"https:\/\/potenciaradiofonicadominicana.com\/portal\/#organization\"},\"image\":{\"@id\":\"https:\/\/potenciaradiofonicadominicana.com\/portal\/arrestan-a-la-opositora-de-daniel-ortega\/#primaryimage\"},\"thumbnailUrl\":\"https:\/\/potenciaradiofonicadominicana.com\/portal\/wp-content\/uploads\/2021\/06\/118782796_cbc89773-0f11-44bc-ad1a-3dadc12e1376-696x392.jpg\",\"articleSection\":[\"Internacional\"],\"inLanguage\":\"es\",\"potentialAction\":[{\"@type\":\"CommentAction\",\"name\":\"Comment\",\"target\":[\"https:\/\/potenciaradiofonicadominicana.com\/portal\/arrestan-a-la-opositora-de-daniel-ortega\/#respond\"]}]},{\"@type\":\"WebPage\",\"@id\":\"https:\/\/potenciaradiofonicadominicana.com\/portal\/arrestan-a-la-opositora-de-daniel-ortega\/\",\"url\":\"https:\/\/potenciaradiofonicadominicana.com\/portal\/arrestan-a-la-opositora-de-daniel-ortega\/\",\"name\":\"Arrestan a la opositora de Daniel Ortega - PotenciaRadiofonicaDominicana.com\",\"isPartOf\":{\"@id\":\"https:\/\/potenciaradiofonicadominicana.com\/portal\/#website\"},\"primaryImageOfPage\":{\"@id\":\"https:\/\/potenciaradiofonicadominicana.com\/portal\/arrestan-a-la-opositora-de-daniel-ortega\/#primaryimage\"},\"image\":{\"@id\":\"https:\/\/potenciaradiofonicadominicana.com\/portal\/arrestan-a-la-opositora-de-daniel-ortega\/#primaryimage\"},\"thumbnailUrl\":\"https:\/\/potenciaradiofonicadominicana.com\/portal\/wp-content\/uploads\/2021\/06\/118782796_cbc89773-0f11-44bc-ad1a-3dadc12e1376-696x392.jpg\",\"datePublished\":\"2021-06-03T15:56:13+00:00\",\"breadcrumb\":{\"@id\":\"https:\/\/potenciaradiofonicadominicana.com\/portal\/arrestan-a-la-opositora-de-daniel-ortega\/#breadcrumb\"},\"inLanguage\":\"es\",\"potentialAction\":[{\"@type\":\"ReadAction\",\"target\":[\"https:\/\/potenciaradiofonicadominicana.com\/portal\/arrestan-a-la-opositora-de-daniel-ortega\/\"]}]},{\"@type\":\"ImageObject\",\"inLanguage\":\"es\",\"@id\":\"https:\/\/potenciaradiofonicadominicana.com\/portal\/arrestan-a-la-opositora-de-daniel-ortega\/#primaryimage\",\"url\":\"https:\/\/potenciaradiofonicadominicana.com\/portal\/wp-content\/uploads\/2021\/06\/118782796_cbc89773-0f11-44bc-ad1a-3dadc12e1376-696x392.jpg\",\"contentUrl\":\"https:\/\/potenciaradiofonicadominicana.com\/portal\/wp-content\/uploads\/2021\/06\/118782796_cbc89773-0f11-44bc-ad1a-3dadc12e1376-696x392.jpg\",\"width\":696,\"height\":392},{\"@type\":\"BreadcrumbList\",\"@id\":\"https:\/\/potenciaradiofonicadominicana.com\/portal\/arrestan-a-la-opositora-de-daniel-ortega\/#breadcrumb\",\"itemListElement\":[{\"@type\":\"ListItem\",\"position\":1,\"name\":\"Portada\",\"item\":\"https:\/\/potenciaradiofonicadominicana.com\/portal\/\"},{\"@type\":\"ListItem\",\"position\":2,\"name\":\"Arrestan a la opositora de Daniel Ortega\"}]},{\"@type\":\"WebSite\",\"@id\":\"https:\/\/potenciaradiofonicadominicana.com\/portal\/#website\",\"url\":\"https:\/\/potenciaradiofonicadominicana.com\/portal\/\",\"name\":\"PotenciaRadiofonicaDominicana.com\",\"description\":\"Peri\u00f3dico Digital\",\"publisher\":{\"@id\":\"https:\/\/potenciaradiofonicadominicana.com\/portal\/#organization\"},\"potentialAction\":[{\"@type\":\"SearchAction\",\"target\":{\"@type\":\"EntryPoint\",\"urlTemplate\":\"https:\/\/potenciaradiofonicadominicana.com\/portal\/?s={search_term_string}\"},\"query-input\":{\"@type\":\"PropertyValueSpecification\",\"valueRequired\":true,\"valueName\":\"search_term_string\"}}],\"inLanguage\":\"es\"},{\"@type\":\"Organization\",\"@id\":\"https:\/\/potenciaradiofonicadominicana.com\/portal\/#organization\",\"name\":\"PotenciaRadiofonicaDominicana.com\",\"url\":\"https:\/\/potenciaradiofonicadominicana.com\/portal\/\",\"logo\":{\"@type\":\"ImageObject\",\"inLanguage\":\"es\",\"@id\":\"https:\/\/potenciaradiofonicadominicana.com\/portal\/#\/schema\/logo\/image\/\",\"url\":\"https:\/\/potenciaradiofonicadominicana.com\/portal\/wp-content\/uploads\/2022\/01\/descarga.png\",\"contentUrl\":\"https:\/\/potenciaradiofonicadominicana.com\/portal\/wp-content\/uploads\/2022\/01\/descarga.png\",\"width\":300,\"height\":100,\"caption\":\"PotenciaRadiofonicaDominicana.com\"},\"image\":{\"@id\":\"https:\/\/potenciaradiofonicadominicana.com\/portal\/#\/schema\/logo\/image\/\"},\"sameAs\":[\"https:\/\/web.facebook.com\/PotenciaRadiofonicaD\"]},{\"@type\":\"Person\",\"@id\":\"https:\/\/potenciaradiofonicadominicana.com\/portal\/#\/schema\/person\/a5cf1fea13877803ee0573ac18b03490\",\"name\":\"Potencia Radiof\u00f3nica Dominicana\",\"image\":{\"@type\":\"ImageObject\",\"inLanguage\":\"es\",\"@id\":\"https:\/\/potenciaradiofonicadominicana.com\/portal\/#\/schema\/person\/image\/\",\"url\":\"https:\/\/secure.gravatar.com\/avatar\/42a55ab9e8ccc656ba34cd791990602a?s=96&d=mm&r=g\",\"contentUrl\":\"https:\/\/secure.gravatar.com\/avatar\/42a55ab9e8ccc656ba34cd791990602a?s=96&d=mm&r=g\",\"caption\":\"Potencia Radiof\u00f3nica Dominicana\"},\"url\":\"https:\/\/potenciaradiofonicadominicana.com\/portal\/author\/johannyalmanzar\/\"}]}<\/script>\n<!-- \/ Yoast SEO plugin. -->","yoast_head_json":{"title":"Arrestan a la opositora de Daniel Ortega - PotenciaRadiofonicaDominicana.com","robots":{"index":"index","follow":"follow","max-snippet":"max-snippet:-1","max-image-preview":"max-image-preview:large","max-video-preview":"max-video-preview:-1"},"canonical":"https:\/\/potenciaradiofonicadominicana.com\/portal\/arrestan-a-la-opositora-de-daniel-ortega\/","og_locale":"es_ES","og_type":"article","og_title":"Arrestan a la opositora de Daniel Ortega - PotenciaRadiofonicaDominicana.com","og_description":"Managua.- La periodista y aspirante presidencial Cristiana Chamorro qued\u00f3 el mi\u00e9rcoles bajo arresto domiciliar, horas despu\u00e9s de que la polic\u00eda ...","og_url":"https:\/\/potenciaradiofonicadominicana.com\/portal\/arrestan-a-la-opositora-de-daniel-ortega\/","og_site_name":"PotenciaRadiofonicaDominicana.com","article_publisher":"https:\/\/web.facebook.com\/PotenciaRadiofonicaD","article_published_time":"2021-06-03T15:56:13+00:00","og_image":[{"width":696,"height":392,"url":"https:\/\/potenciaradiofonicadominicana.com\/portal\/wp-content\/uploads\/2021\/06\/118782796_cbc89773-0f11-44bc-ad1a-3dadc12e1376-696x392.jpg","type":"image\/jpeg"}],"author":"Potencia Radiof\u00f3nica Dominicana","twitter_card":"summary_large_image","twitter_misc":{"Escrito por":"Potencia Radiof\u00f3nica Dominicana","Tiempo de lectura":"3 minutos"},"schema":{"@context":"https:\/\/schema.org","@graph":[{"@type":"Article","@id":"https:\/\/potenciaradiofonicadominicana.com\/portal\/arrestan-a-la-opositora-de-daniel-ortega\/#article","isPartOf":{"@id":"https:\/\/potenciaradiofonicadominicana.com\/portal\/arrestan-a-la-opositora-de-daniel-ortega\/"},"author":{"name":"Potencia Radiof\u00f3nica Dominicana","@id":"https:\/\/potenciaradiofonicadominicana.com\/portal\/#\/schema\/person\/a5cf1fea13877803ee0573ac18b03490"},"headline":"Arrestan a la opositora de Daniel Ortega","datePublished":"2021-06-03T15:56:13+00:00","mainEntityOfPage":{"@id":"https:\/\/potenciaradiofonicadominicana.com\/portal\/arrestan-a-la-opositora-de-daniel-ortega\/"},"wordCount":653,"commentCount":0,"publisher":{"@id":"https:\/\/potenciaradiofonicadominicana.com\/portal\/#organization"},"image":{"@id":"https:\/\/potenciaradiofonicadominicana.com\/portal\/arrestan-a-la-opositora-de-daniel-ortega\/#primaryimage"},"thumbnailUrl":"https:\/\/potenciaradiofonicadominicana.com\/portal\/wp-content\/uploads\/2021\/06\/118782796_cbc89773-0f11-44bc-ad1a-3dadc12e1376-696x392.jpg","articleSection":["Internacional"],"inLanguage":"es","potentialAction":[{"@type":"CommentAction","name":"Comment","target":["https:\/\/potenciaradiofonicadominicana.com\/portal\/arrestan-a-la-opositora-de-daniel-ortega\/#respond"]}]},{"@type":"WebPage","@id":"https:\/\/potenciaradiofonicadominicana.com\/portal\/arrestan-a-la-opositora-de-daniel-ortega\/","url":"https:\/\/potenciaradiofonicadominicana.com\/portal\/arrestan-a-la-opositora-de-daniel-ortega\/","name":"Arrestan a la opositora de Daniel Ortega - PotenciaRadiofonicaDominicana.com","isPartOf":{"@id":"https:\/\/potenciaradiofonicadominicana.com\/portal\/#website"},"primaryImageOfPage":{"@id":"https:\/\/potenciaradiofonicadominicana.com\/portal\/arrestan-a-la-opositora-de-daniel-ortega\/#primaryimage"},"image":{"@id":"https:\/\/potenciaradiofonicadominicana.com\/portal\/arrestan-a-la-opositora-de-daniel-ortega\/#primaryimage"},"thumbnailUrl":"https:\/\/potenciaradiofonicadominicana.com\/portal\/wp-content\/uploads\/2021\/06\/118782796_cbc89773-0f11-44bc-ad1a-3dadc12e1376-696x392.jpg","datePublished":"2021-06-03T15:56:13+00:00","breadcrumb":{"@id":"https:\/\/potenciaradiofonicadominicana.com\/portal\/arrestan-a-la-opositora-de-daniel-ortega\/#breadcrumb"},"inLanguage":"es","potentialAction":[{"@type":"ReadAction","target":["https:\/\/potenciaradiofonicadominicana.com\/portal\/arrestan-a-la-opositora-de-daniel-ortega\/"]}]},{"@type":"ImageObject","inLanguage":"es","@id":"https:\/\/potenciaradiofonicadominicana.com\/portal\/arrestan-a-la-opositora-de-daniel-ortega\/#primaryimage","url":"https:\/\/potenciaradiofonicadominicana.com\/portal\/wp-content\/uploads\/2021\/06\/118782796_cbc89773-0f11-44bc-ad1a-3dadc12e1376-696x392.jpg","contentUrl":"https:\/\/potenciaradiofonicadominicana.com\/portal\/wp-content\/uploads\/2021\/06\/118782796_cbc89773-0f11-44bc-ad1a-3dadc12e1376-696x392.jpg","width":696,"height":392},{"@type":"BreadcrumbList","@id":"https:\/\/potenciaradiofonicadominicana.com\/portal\/arrestan-a-la-opositora-de-daniel-ortega\/#breadcrumb","itemListElement":[{"@type":"ListItem","position":1,"name":"Portada","item":"https:\/\/potenciaradiofonicadominicana.com\/portal\/"},{"@type":"ListItem","position":2,"name":"Arrestan a la opositora de Daniel Ortega"}]},{"@type":"WebSite","@id":"https:\/\/potenciaradiofonicadominicana.com\/portal\/#website","url":"https:\/\/potenciaradiofonicadominicana.com\/portal\/","name":"PotenciaRadiofonicaDominicana.com","description":"Peri\u00f3dico Digital","publisher":{"@id":"https:\/\/potenciaradiofonicadominicana.com\/portal\/#organization"},"potentialAction":[{"@type":"SearchAction","target":{"@type":"EntryPoint","urlTemplate":"https:\/\/potenciaradiofonicadominicana.com\/portal\/?s={search_term_string}"},"query-input":{"@type":"PropertyValueSpecification","valueRequired":true,"valueName":"search_term_string"}}],"inLanguage":"es"},{"@type":"Organization","@id":"https:\/\/potenciaradiofonicadominicana.com\/portal\/#organization","name":"PotenciaRadiofonicaDominicana.com","url":"https:\/\/potenciaradiofonicadominicana.com\/portal\/","logo":{"@type":"ImageObject","inLanguage":"es","@id":"https:\/\/potenciaradiofonicadominicana.com\/portal\/#\/schema\/logo\/image\/","url":"https:\/\/potenciaradiofonicadominicana.com\/portal\/wp-content\/uploads\/2022\/01\/descarga.png","contentUrl":"https:\/\/potenciaradiofonicadominicana.com\/portal\/wp-content\/uploads\/2022\/01\/descarga.png","width":300,"height":100,"caption":"PotenciaRadiofonicaDominicana.com"},"image":{"@id":"https:\/\/potenciaradiofonicadominicana.com\/portal\/#\/schema\/logo\/image\/"},"sameAs":["https:\/\/web.facebook.com\/PotenciaRadiofonicaD"]},{"@type":"Person","@id":"https:\/\/potenciaradiofonicadominicana.com\/portal\/#\/schema\/person\/a5cf1fea13877803ee0573ac18b03490","name":"Potencia Radiof\u00f3nica Dominicana","image":{"@type":"ImageObject","inLanguage":"es","@id":"https:\/\/potenciaradiofonicadominicana.com\/portal\/#\/schema\/person\/image\/","url":"https:\/\/secure.gravatar.com\/avatar\/42a55ab9e8ccc656ba34cd791990602a?s=96&d=mm&r=g","contentUrl":"https:\/\/secure.gravatar.com\/avatar\/42a55ab9e8ccc656ba34cd791990602a?s=96&d=mm&r=g","caption":"Potencia Radiof\u00f3nica Dominicana"},"url":"https:\/\/potenciaradiofonicadominicana.com\/portal\/author\/johannyalmanzar\/"}]}},"_links":{"self":[{"href":"https:\/\/potenciaradiofonicadominicana.com\/portal\/wp-json\/wp\/v2\/posts\/111978","targetHints":{"allow":["GET"]}}],"collection":[{"href":"https:\/\/potenciaradiofonicadominicana.com\/portal\/wp-json\/wp\/v2\/posts"}],"about":[{"href":"https:\/\/potenciaradiofonicadominicana.com\/portal\/wp-json\/wp\/v2\/types\/post"}],"author":[{"embeddable":true,"href":"https:\/\/potenciaradiofonicadominicana.com\/portal\/wp-json\/wp\/v2\/users\/2"}],"replies":[{"embeddable":true,"href":"https:\/\/potenciaradiofonicadominicana.com\/portal\/wp-json\/wp\/v2\/comments?post=111978"}],"version-history":[{"count":1,"href":"https:\/\/potenciaradiofonicadominicana.com\/portal\/wp-json\/wp\/v2\/posts\/111978\/revisions"}],"predecessor-version":[{"id":111980,"href":"https:\/\/potenciaradiofonicadominicana.com\/portal\/wp-json\/wp\/v2\/posts\/111978\/revisions\/111980"}],"wp:featuredmedia":[{"embeddable":true,"href":"https:\/\/potenciaradiofonicadominicana.com\/portal\/wp-json\/wp\/v2\/media\/111979"}],"wp:attachment":[{"href":"https:\/\/potenciaradiofonicadominicana.com\/portal\/wp-json\/wp\/v2\/media?parent=111978"}],"wp:term":[{"taxonomy":"category","embeddable":true,"href":"https:\/\/potenciaradiofonicadominicana.com\/portal\/wp-json\/wp\/v2\/categories?post=111978"},{"taxonomy":"post_tag","embeddable":true,"href":"https:\/\/potenciaradiofonicadominicana.com\/portal\/wp-json\/wp\/v2\/tags?post=111978"}],"curies":[{"name":"wp","href":"https:\/\/api.w.org\/{rel}","templated":true}]}}