{"id":111927,"date":"2021-02-26T13:02:49","date_gmt":"2021-02-26T17:02:49","guid":{"rendered":"https:\/\/potenciaradiofonicadominicana.com\/portal\/?p=111927"},"modified":"2021-02-26T13:02:49","modified_gmt":"2021-02-26T17:02:49","slug":"salsero-raulin-rosendo-recibe-el-alta-medica-tras-tres-semanas-hospitalizado","status":"publish","type":"post","link":"https:\/\/potenciaradiofonicadominicana.com\/portal\/salsero-raulin-rosendo-recibe-el-alta-medica-tras-tres-semanas-hospitalizado\/","title":{"rendered":"Salsero Raul\u00edn Rosendo recibe el alta m\u00e9dica tras tres semanas hospitalizado"},"content":{"rendered":"<p><a href=\"https:\/\/potenciaradiofonicadominicana.com\/portal\/wp-content\/uploads\/2021\/02\/raulin-rosendo-18022021-raulinrosendo-1024x496.jpg\"><img loading=\"lazy\" decoding=\"async\" class=\"alignnone size-full wp-image-111928\" src=\"https:\/\/potenciaradiofonicadominicana.com\/portal\/wp-content\/uploads\/2021\/02\/raulin-rosendo-18022021-raulinrosendo-1024x496.jpg\" alt=\"\" width=\"1024\" height=\"496\" \/><\/a><\/p>\n<p>El salsero dominicano Raul\u00edn Rosendo recibi\u00f3 el alta m\u00e9dica luego de tres semanas ingresado en un hospital de Nueva York, ciudad en la que reside, a causa de una infecci\u00f3n renal producto de un descontrol en los niveles de glucosa en sangre, inform\u00f3 hoy su manejador, Luis\u00edn Mart\u00ed.<\/p>\n<p>Los m\u00e9dicos determinaron que la situaci\u00f3n \u201chab\u00eda cedido\u201d por lo que ayer le dieron el alta m\u00e9dica, de acuerdo con lo declarado por Mart\u00ed en un comunicado difundido en Santo Domingo.<\/p>\n<p>El int\u00e9rprete del popular tema \u201cUno se cura\u201d, y quien lleg\u00f3 a estar varios d\u00edas en una Unidad de Cuidados Intensivos, ha expresado su deseo \u201cde regresar nuevamente a su rutina diaria\u201d, afirm\u00f3 Mart\u00ed.<\/p>\n<p>El cantante, considerado uno de los principales exponentes de la salda del pa\u00eds, est\u00e1 pr\u00f3ximo a lanzar un disco bajo el sello Oye Mi M\u00fasica Records, tras la presentaci\u00f3n de su m\u00e1s reciente sencillo \u201cNo Saben Nada\u201d.<\/p>\n<p>&nbsp;<\/p>\n<p>&nbsp;<\/p>\n<p>&nbsp;<\/p>\n<p>Fuente<\/p>\n<p>Z Digital<\/p>\n","protected":false},"excerpt":{"rendered":"<p>El salsero dominicano Raul\u00edn Rosendo recibi\u00f3 el alta m\u00e9dica luego de tres semanas ingresado en un hospital de Nueva York, &#8230;<\/p>\n","protected":false},"author":2,"featured_media":111928,"comment_status":"open","ping_status":"open","sticky":false,"template":"","format":"standard","meta":{"footnotes":""},"categories":[31],"tags":[],"class_list":["post-111927","post","type-post","status-publish","format-standard","has-post-thumbnail","hentry","category-arte-y-espectaculo"],"yoast_head":"<!-- This site is optimized with the Yoast SEO plugin v24.8.1 - https:\/\/yoast.com\/wordpress\/plugins\/seo\/ -->\n<title>Salsero Raul\u00edn Rosendo recibe el alta m\u00e9dica tras tres semanas hospitalizado - PotenciaRadiofonicaDominicana.com<\/title>\n<meta name=\"robots\" content=\"index, follow, max-snippet:-1, max-image-preview:large, max-video-preview:-1\" \/>\n<link rel=\"canonical\" href=\"https:\/\/potenciaradiofonicadominicana.com\/portal\/salsero-raulin-rosendo-recibe-el-alta-medica-tras-tres-semanas-hospitalizado\/\" \/>\n<meta property=\"og:locale\" content=\"es_ES\" \/>\n<meta property=\"og:type\" content=\"article\" \/>\n<meta property=\"og:title\" content=\"Salsero Raul\u00edn Rosendo recibe el alta m\u00e9dica tras tres semanas hospitalizado - PotenciaRadiofonicaDominicana.com\" \/>\n<meta property=\"og:description\" content=\"El salsero dominicano Raul\u00edn Rosendo recibi\u00f3 el alta m\u00e9dica luego de tres semanas ingresado en un hospital de Nueva York, ...\" \/>\n<meta property=\"og:url\" content=\"https:\/\/potenciaradiofonicadominicana.com\/portal\/salsero-raulin-rosendo-recibe-el-alta-medica-tras-tres-semanas-hospitalizado\/\" \/>\n<meta property=\"og:site_name\" content=\"PotenciaRadiofonicaDominicana.com\" \/>\n<meta property=\"article:publisher\" content=\"https:\/\/web.facebook.com\/PotenciaRadiofonicaD\" \/>\n<meta property=\"article:published_time\" content=\"2021-02-26T17:02:49+00:00\" \/>\n<meta property=\"og:image\" content=\"https:\/\/potenciaradiofonicadominicana.com\/portal\/wp-content\/uploads\/2021\/02\/raulin-rosendo-18022021-raulinrosendo-1024x496.jpg\" \/>\n\t<meta property=\"og:image:width\" content=\"1024\" \/>\n\t<meta property=\"og:image:height\" content=\"496\" \/>\n\t<meta property=\"og:image:type\" content=\"image\/jpeg\" \/>\n<meta name=\"author\" content=\"Potencia Radiof\u00f3nica Dominicana\" \/>\n<meta name=\"twitter:card\" content=\"summary_large_image\" \/>\n<meta name=\"twitter:label1\" content=\"Escrito por\" \/>\n\t<meta name=\"twitter:data1\" content=\"Potencia Radiof\u00f3nica Dominicana\" \/>\n\t<meta name=\"twitter:label2\" content=\"Tiempo de lectura\" \/>\n\t<meta name=\"twitter:data2\" content=\"1 minuto\" \/>\n<script type=\"application\/ld+json\" class=\"yoast-schema-graph\">{\"@context\":\"https:\/\/schema.org\",\"@graph\":[{\"@type\":\"Article\",\"@id\":\"https:\/\/potenciaradiofonicadominicana.com\/portal\/salsero-raulin-rosendo-recibe-el-alta-medica-tras-tres-semanas-hospitalizado\/#article\",\"isPartOf\":{\"@id\":\"https:\/\/potenciaradiofonicadominicana.com\/portal\/salsero-raulin-rosendo-recibe-el-alta-medica-tras-tres-semanas-hospitalizado\/\"},\"author\":{\"name\":\"Potencia Radiof\u00f3nica Dominicana\",\"@id\":\"https:\/\/potenciaradiofonicadominicana.com\/portal\/#\/schema\/person\/a5cf1fea13877803ee0573ac18b03490\"},\"headline\":\"Salsero Raul\u00edn Rosendo recibe el alta m\u00e9dica tras tres semanas hospitalizado\",\"datePublished\":\"2021-02-26T17:02:49+00:00\",\"mainEntityOfPage\":{\"@id\":\"https:\/\/potenciaradiofonicadominicana.com\/portal\/salsero-raulin-rosendo-recibe-el-alta-medica-tras-tres-semanas-hospitalizado\/\"},\"wordCount\":184,\"commentCount\":0,\"publisher\":{\"@id\":\"https:\/\/potenciaradiofonicadominicana.com\/portal\/#organization\"},\"image\":{\"@id\":\"https:\/\/potenciaradiofonicadominicana.com\/portal\/salsero-raulin-rosendo-recibe-el-alta-medica-tras-tres-semanas-hospitalizado\/#primaryimage\"},\"thumbnailUrl\":\"https:\/\/potenciaradiofonicadominicana.com\/portal\/wp-content\/uploads\/2021\/02\/raulin-rosendo-18022021-raulinrosendo-1024x496.jpg\",\"articleSection\":[\"Arte y Espectaculo\"],\"inLanguage\":\"es\",\"potentialAction\":[{\"@type\":\"CommentAction\",\"name\":\"Comment\",\"target\":[\"https:\/\/potenciaradiofonicadominicana.com\/portal\/salsero-raulin-rosendo-recibe-el-alta-medica-tras-tres-semanas-hospitalizado\/#respond\"]}]},{\"@type\":\"WebPage\",\"@id\":\"https:\/\/potenciaradiofonicadominicana.com\/portal\/salsero-raulin-rosendo-recibe-el-alta-medica-tras-tres-semanas-hospitalizado\/\",\"url\":\"https:\/\/potenciaradiofonicadominicana.com\/portal\/salsero-raulin-rosendo-recibe-el-alta-medica-tras-tres-semanas-hospitalizado\/\",\"name\":\"Salsero Raul\u00edn Rosendo recibe el alta m\u00e9dica tras tres semanas hospitalizado - PotenciaRadiofonicaDominicana.com\",\"isPartOf\":{\"@id\":\"https:\/\/potenciaradiofonicadominicana.com\/portal\/#website\"},\"primaryImageOfPage\":{\"@id\":\"https:\/\/potenciaradiofonicadominicana.com\/portal\/salsero-raulin-rosendo-recibe-el-alta-medica-tras-tres-semanas-hospitalizado\/#primaryimage\"},\"image\":{\"@id\":\"https:\/\/potenciaradiofonicadominicana.com\/portal\/salsero-raulin-rosendo-recibe-el-alta-medica-tras-tres-semanas-hospitalizado\/#primaryimage\"},\"thumbnailUrl\":\"https:\/\/potenciaradiofonicadominicana.com\/portal\/wp-content\/uploads\/2021\/02\/raulin-rosendo-18022021-raulinrosendo-1024x496.jpg\",\"datePublished\":\"2021-02-26T17:02:49+00:00\",\"breadcrumb\":{\"@id\":\"https:\/\/potenciaradiofonicadominicana.com\/portal\/salsero-raulin-rosendo-recibe-el-alta-medica-tras-tres-semanas-hospitalizado\/#breadcrumb\"},\"inLanguage\":\"es\",\"potentialAction\":[{\"@type\":\"ReadAction\",\"target\":[\"https:\/\/potenciaradiofonicadominicana.com\/portal\/salsero-raulin-rosendo-recibe-el-alta-medica-tras-tres-semanas-hospitalizado\/\"]}]},{\"@type\":\"ImageObject\",\"inLanguage\":\"es\",\"@id\":\"https:\/\/potenciaradiofonicadominicana.com\/portal\/salsero-raulin-rosendo-recibe-el-alta-medica-tras-tres-semanas-hospitalizado\/#primaryimage\",\"url\":\"https:\/\/potenciaradiofonicadominicana.com\/portal\/wp-content\/uploads\/2021\/02\/raulin-rosendo-18022021-raulinrosendo-1024x496.jpg\",\"contentUrl\":\"https:\/\/potenciaradiofonicadominicana.com\/portal\/wp-content\/uploads\/2021\/02\/raulin-rosendo-18022021-raulinrosendo-1024x496.jpg\",\"width\":1024,\"height\":496},{\"@type\":\"BreadcrumbList\",\"@id\":\"https:\/\/potenciaradiofonicadominicana.com\/portal\/salsero-raulin-rosendo-recibe-el-alta-medica-tras-tres-semanas-hospitalizado\/#breadcrumb\",\"itemListElement\":[{\"@type\":\"ListItem\",\"position\":1,\"name\":\"Portada\",\"item\":\"https:\/\/potenciaradiofonicadominicana.com\/portal\/\"},{\"@type\":\"ListItem\",\"position\":2,\"name\":\"Salsero Raul\u00edn Rosendo recibe el alta m\u00e9dica tras tres semanas hospitalizado\"}]},{\"@type\":\"WebSite\",\"@id\":\"https:\/\/potenciaradiofonicadominicana.com\/portal\/#website\",\"url\":\"https:\/\/potenciaradiofonicadominicana.com\/portal\/\",\"name\":\"PotenciaRadiofonicaDominicana.com\",\"description\":\"Peri\u00f3dico Digital\",\"publisher\":{\"@id\":\"https:\/\/potenciaradiofonicadominicana.com\/portal\/#organization\"},\"potentialAction\":[{\"@type\":\"SearchAction\",\"target\":{\"@type\":\"EntryPoint\",\"urlTemplate\":\"https:\/\/potenciaradiofonicadominicana.com\/portal\/?s={search_term_string}\"},\"query-input\":{\"@type\":\"PropertyValueSpecification\",\"valueRequired\":true,\"valueName\":\"search_term_string\"}}],\"inLanguage\":\"es\"},{\"@type\":\"Organization\",\"@id\":\"https:\/\/potenciaradiofonicadominicana.com\/portal\/#organization\",\"name\":\"PotenciaRadiofonicaDominicana.com\",\"url\":\"https:\/\/potenciaradiofonicadominicana.com\/portal\/\",\"logo\":{\"@type\":\"ImageObject\",\"inLanguage\":\"es\",\"@id\":\"https:\/\/potenciaradiofonicadominicana.com\/portal\/#\/schema\/logo\/image\/\",\"url\":\"https:\/\/potenciaradiofonicadominicana.com\/portal\/wp-content\/uploads\/2022\/01\/descarga.png\",\"contentUrl\":\"https:\/\/potenciaradiofonicadominicana.com\/portal\/wp-content\/uploads\/2022\/01\/descarga.png\",\"width\":300,\"height\":100,\"caption\":\"PotenciaRadiofonicaDominicana.com\"},\"image\":{\"@id\":\"https:\/\/potenciaradiofonicadominicana.com\/portal\/#\/schema\/logo\/image\/\"},\"sameAs\":[\"https:\/\/web.facebook.com\/PotenciaRadiofonicaD\"]},{\"@type\":\"Person\",\"@id\":\"https:\/\/potenciaradiofonicadominicana.com\/portal\/#\/schema\/person\/a5cf1fea13877803ee0573ac18b03490\",\"name\":\"Potencia Radiof\u00f3nica Dominicana\",\"image\":{\"@type\":\"ImageObject\",\"inLanguage\":\"es\",\"@id\":\"https:\/\/potenciaradiofonicadominicana.com\/portal\/#\/schema\/person\/image\/\",\"url\":\"https:\/\/secure.gravatar.com\/avatar\/42a55ab9e8ccc656ba34cd791990602a?s=96&d=mm&r=g\",\"contentUrl\":\"https:\/\/secure.gravatar.com\/avatar\/42a55ab9e8ccc656ba34cd791990602a?s=96&d=mm&r=g\",\"caption\":\"Potencia Radiof\u00f3nica Dominicana\"},\"url\":\"https:\/\/potenciaradiofonicadominicana.com\/portal\/author\/johannyalmanzar\/\"}]}<\/script>\n<!-- \/ Yoast SEO plugin. -->","yoast_head_json":{"title":"Salsero Raul\u00edn Rosendo recibe el alta m\u00e9dica tras tres semanas hospitalizado - PotenciaRadiofonicaDominicana.com","robots":{"index":"index","follow":"follow","max-snippet":"max-snippet:-1","max-image-preview":"max-image-preview:large","max-video-preview":"max-video-preview:-1"},"canonical":"https:\/\/potenciaradiofonicadominicana.com\/portal\/salsero-raulin-rosendo-recibe-el-alta-medica-tras-tres-semanas-hospitalizado\/","og_locale":"es_ES","og_type":"article","og_title":"Salsero Raul\u00edn Rosendo recibe el alta m\u00e9dica tras tres semanas hospitalizado - PotenciaRadiofonicaDominicana.com","og_description":"El salsero dominicano Raul\u00edn Rosendo recibi\u00f3 el alta m\u00e9dica luego de tres semanas ingresado en un hospital de Nueva York, ...","og_url":"https:\/\/potenciaradiofonicadominicana.com\/portal\/salsero-raulin-rosendo-recibe-el-alta-medica-tras-tres-semanas-hospitalizado\/","og_site_name":"PotenciaRadiofonicaDominicana.com","article_publisher":"https:\/\/web.facebook.com\/PotenciaRadiofonicaD","article_published_time":"2021-02-26T17:02:49+00:00","og_image":[{"width":1024,"height":496,"url":"https:\/\/potenciaradiofonicadominicana.com\/portal\/wp-content\/uploads\/2021\/02\/raulin-rosendo-18022021-raulinrosendo-1024x496.jpg","type":"image\/jpeg"}],"author":"Potencia Radiof\u00f3nica Dominicana","twitter_card":"summary_large_image","twitter_misc":{"Escrito por":"Potencia Radiof\u00f3nica Dominicana","Tiempo de lectura":"1 minuto"},"schema":{"@context":"https:\/\/schema.org","@graph":[{"@type":"Article","@id":"https:\/\/potenciaradiofonicadominicana.com\/portal\/salsero-raulin-rosendo-recibe-el-alta-medica-tras-tres-semanas-hospitalizado\/#article","isPartOf":{"@id":"https:\/\/potenciaradiofonicadominicana.com\/portal\/salsero-raulin-rosendo-recibe-el-alta-medica-tras-tres-semanas-hospitalizado\/"},"author":{"name":"Potencia Radiof\u00f3nica Dominicana","@id":"https:\/\/potenciaradiofonicadominicana.com\/portal\/#\/schema\/person\/a5cf1fea13877803ee0573ac18b03490"},"headline":"Salsero Raul\u00edn Rosendo recibe el alta m\u00e9dica tras tres semanas hospitalizado","datePublished":"2021-02-26T17:02:49+00:00","mainEntityOfPage":{"@id":"https:\/\/potenciaradiofonicadominicana.com\/portal\/salsero-raulin-rosendo-recibe-el-alta-medica-tras-tres-semanas-hospitalizado\/"},"wordCount":184,"commentCount":0,"publisher":{"@id":"https:\/\/potenciaradiofonicadominicana.com\/portal\/#organization"},"image":{"@id":"https:\/\/potenciaradiofonicadominicana.com\/portal\/salsero-raulin-rosendo-recibe-el-alta-medica-tras-tres-semanas-hospitalizado\/#primaryimage"},"thumbnailUrl":"https:\/\/potenciaradiofonicadominicana.com\/portal\/wp-content\/uploads\/2021\/02\/raulin-rosendo-18022021-raulinrosendo-1024x496.jpg","articleSection":["Arte y Espectaculo"],"inLanguage":"es","potentialAction":[{"@type":"CommentAction","name":"Comment","target":["https:\/\/potenciaradiofonicadominicana.com\/portal\/salsero-raulin-rosendo-recibe-el-alta-medica-tras-tres-semanas-hospitalizado\/#respond"]}]},{"@type":"WebPage","@id":"https:\/\/potenciaradiofonicadominicana.com\/portal\/salsero-raulin-rosendo-recibe-el-alta-medica-tras-tres-semanas-hospitalizado\/","url":"https:\/\/potenciaradiofonicadominicana.com\/portal\/salsero-raulin-rosendo-recibe-el-alta-medica-tras-tres-semanas-hospitalizado\/","name":"Salsero Raul\u00edn Rosendo recibe el alta m\u00e9dica tras tres semanas hospitalizado - PotenciaRadiofonicaDominicana.com","isPartOf":{"@id":"https:\/\/potenciaradiofonicadominicana.com\/portal\/#website"},"primaryImageOfPage":{"@id":"https:\/\/potenciaradiofonicadominicana.com\/portal\/salsero-raulin-rosendo-recibe-el-alta-medica-tras-tres-semanas-hospitalizado\/#primaryimage"},"image":{"@id":"https:\/\/potenciaradiofonicadominicana.com\/portal\/salsero-raulin-rosendo-recibe-el-alta-medica-tras-tres-semanas-hospitalizado\/#primaryimage"},"thumbnailUrl":"https:\/\/potenciaradiofonicadominicana.com\/portal\/wp-content\/uploads\/2021\/02\/raulin-rosendo-18022021-raulinrosendo-1024x496.jpg","datePublished":"2021-02-26T17:02:49+00:00","breadcrumb":{"@id":"https:\/\/potenciaradiofonicadominicana.com\/portal\/salsero-raulin-rosendo-recibe-el-alta-medica-tras-tres-semanas-hospitalizado\/#breadcrumb"},"inLanguage":"es","potentialAction":[{"@type":"ReadAction","target":["https:\/\/potenciaradiofonicadominicana.com\/portal\/salsero-raulin-rosendo-recibe-el-alta-medica-tras-tres-semanas-hospitalizado\/"]}]},{"@type":"ImageObject","inLanguage":"es","@id":"https:\/\/potenciaradiofonicadominicana.com\/portal\/salsero-raulin-rosendo-recibe-el-alta-medica-tras-tres-semanas-hospitalizado\/#primaryimage","url":"https:\/\/potenciaradiofonicadominicana.com\/portal\/wp-content\/uploads\/2021\/02\/raulin-rosendo-18022021-raulinrosendo-1024x496.jpg","contentUrl":"https:\/\/potenciaradiofonicadominicana.com\/portal\/wp-content\/uploads\/2021\/02\/raulin-rosendo-18022021-raulinrosendo-1024x496.jpg","width":1024,"height":496},{"@type":"BreadcrumbList","@id":"https:\/\/potenciaradiofonicadominicana.com\/portal\/salsero-raulin-rosendo-recibe-el-alta-medica-tras-tres-semanas-hospitalizado\/#breadcrumb","itemListElement":[{"@type":"ListItem","position":1,"name":"Portada","item":"https:\/\/potenciaradiofonicadominicana.com\/portal\/"},{"@type":"ListItem","position":2,"name":"Salsero Raul\u00edn Rosendo recibe el alta m\u00e9dica tras tres semanas hospitalizado"}]},{"@type":"WebSite","@id":"https:\/\/potenciaradiofonicadominicana.com\/portal\/#website","url":"https:\/\/potenciaradiofonicadominicana.com\/portal\/","name":"PotenciaRadiofonicaDominicana.com","description":"Peri\u00f3dico Digital","publisher":{"@id":"https:\/\/potenciaradiofonicadominicana.com\/portal\/#organization"},"potentialAction":[{"@type":"SearchAction","target":{"@type":"EntryPoint","urlTemplate":"https:\/\/potenciaradiofonicadominicana.com\/portal\/?s={search_term_string}"},"query-input":{"@type":"PropertyValueSpecification","valueRequired":true,"valueName":"search_term_string"}}],"inLanguage":"es"},{"@type":"Organization","@id":"https:\/\/potenciaradiofonicadominicana.com\/portal\/#organization","name":"PotenciaRadiofonicaDominicana.com","url":"https:\/\/potenciaradiofonicadominicana.com\/portal\/","logo":{"@type":"ImageObject","inLanguage":"es","@id":"https:\/\/potenciaradiofonicadominicana.com\/portal\/#\/schema\/logo\/image\/","url":"https:\/\/potenciaradiofonicadominicana.com\/portal\/wp-content\/uploads\/2022\/01\/descarga.png","contentUrl":"https:\/\/potenciaradiofonicadominicana.com\/portal\/wp-content\/uploads\/2022\/01\/descarga.png","width":300,"height":100,"caption":"PotenciaRadiofonicaDominicana.com"},"image":{"@id":"https:\/\/potenciaradiofonicadominicana.com\/portal\/#\/schema\/logo\/image\/"},"sameAs":["https:\/\/web.facebook.com\/PotenciaRadiofonicaD"]},{"@type":"Person","@id":"https:\/\/potenciaradiofonicadominicana.com\/portal\/#\/schema\/person\/a5cf1fea13877803ee0573ac18b03490","name":"Potencia Radiof\u00f3nica Dominicana","image":{"@type":"ImageObject","inLanguage":"es","@id":"https:\/\/potenciaradiofonicadominicana.com\/portal\/#\/schema\/person\/image\/","url":"https:\/\/secure.gravatar.com\/avatar\/42a55ab9e8ccc656ba34cd791990602a?s=96&d=mm&r=g","contentUrl":"https:\/\/secure.gravatar.com\/avatar\/42a55ab9e8ccc656ba34cd791990602a?s=96&d=mm&r=g","caption":"Potencia Radiof\u00f3nica Dominicana"},"url":"https:\/\/potenciaradiofonicadominicana.com\/portal\/author\/johannyalmanzar\/"}]}},"_links":{"self":[{"href":"https:\/\/potenciaradiofonicadominicana.com\/portal\/wp-json\/wp\/v2\/posts\/111927","targetHints":{"allow":["GET"]}}],"collection":[{"href":"https:\/\/potenciaradiofonicadominicana.com\/portal\/wp-json\/wp\/v2\/posts"}],"about":[{"href":"https:\/\/potenciaradiofonicadominicana.com\/portal\/wp-json\/wp\/v2\/types\/post"}],"author":[{"embeddable":true,"href":"https:\/\/potenciaradiofonicadominicana.com\/portal\/wp-json\/wp\/v2\/users\/2"}],"replies":[{"embeddable":true,"href":"https:\/\/potenciaradiofonicadominicana.com\/portal\/wp-json\/wp\/v2\/comments?post=111927"}],"version-history":[{"count":1,"href":"https:\/\/potenciaradiofonicadominicana.com\/portal\/wp-json\/wp\/v2\/posts\/111927\/revisions"}],"predecessor-version":[{"id":111929,"href":"https:\/\/potenciaradiofonicadominicana.com\/portal\/wp-json\/wp\/v2\/posts\/111927\/revisions\/111929"}],"wp:featuredmedia":[{"embeddable":true,"href":"https:\/\/potenciaradiofonicadominicana.com\/portal\/wp-json\/wp\/v2\/media\/111928"}],"wp:attachment":[{"href":"https:\/\/potenciaradiofonicadominicana.com\/portal\/wp-json\/wp\/v2\/media?parent=111927"}],"wp:term":[{"taxonomy":"category","embeddable":true,"href":"https:\/\/potenciaradiofonicadominicana.com\/portal\/wp-json\/wp\/v2\/categories?post=111927"},{"taxonomy":"post_tag","embeddable":true,"href":"https:\/\/potenciaradiofonicadominicana.com\/portal\/wp-json\/wp\/v2\/tags?post=111927"}],"curies":[{"name":"wp","href":"https:\/\/api.w.org\/{rel}","templated":true}]}}