{"id":111923,"date":"2021-02-26T13:01:41","date_gmt":"2021-02-26T17:01:41","guid":{"rendered":"https:\/\/potenciaradiofonicadominicana.com\/portal\/?p=111923"},"modified":"2021-02-26T13:01:41","modified_gmt":"2021-02-26T17:01:41","slug":"daddy-yankee-presenta-problema-su-nuevo-sencillo-y-video-musical","status":"publish","type":"post","link":"https:\/\/potenciaradiofonicadominicana.com\/portal\/daddy-yankee-presenta-problema-su-nuevo-sencillo-y-video-musical\/","title":{"rendered":"Daddy Yankee presenta \u00abProblema\u00bb, su nuevo sencillo y video musical"},"content":{"rendered":"<p><a href=\"https:\/\/potenciaradiofonicadominicana.com\/portal\/wp-content\/uploads\/2021\/02\/24fd27ed3e28f1fb99724beebdbb319883912f85-1024x683.jpg\"><img loading=\"lazy\" decoding=\"async\" class=\"alignnone size-full wp-image-111925\" src=\"https:\/\/potenciaradiofonicadominicana.com\/portal\/wp-content\/uploads\/2021\/02\/24fd27ed3e28f1fb99724beebdbb319883912f85-1024x683.jpg\" alt=\"\" width=\"1024\" height=\"683\" \/><\/a><\/p>\n<p>El reguetonero puertorrique\u00f1o Daddy Yankee anunci\u00f3 que en la noche de este jueves lanzar\u00e1 un nuevo tema que asegur\u00f3 que \u201crevivir\u00e1\u201d el reguet\u00f3n, en un anuncio en el que reactiv\u00f3 su cuenta de Instagram, desactivada hace varios d\u00edas.<\/p>\n<p>\u201cDicen que ni el reguet\u00f3n est\u00e1 muerto. No lo encuentro la l\u00f3gica. Pero si es as\u00ed, yo lo revivo esta noche\u201d, expres\u00f3 el autodenominado \u201cjefe\u201d del reguet\u00f3n en un v\u00eddeo colgado en Instagram.<\/p>\n<p>\u201cTranquilos, Llego el Pap\u00e1 de REGGAETON 11:59 pm\u201d, agreg\u00f3 Daddy Yankee en su cuenta de Twitter sobre la hora en que lanzar\u00e1 el tema, adjunto a la etiqueta #problema, aludiendo a que as\u00ed se titular\u00e1 su nuevo sencillo.<\/p>\n<p>La expresi\u00f3n de Daddy Yankee referente a que \u201cdicen que ni el reguet\u00f3n est\u00e1 muerto\u201d proviene por unas declaraciones que public\u00f3 recientemente el m\u00fasico, productor e influenciador paname\u00f1o Rodney Clark, mejor conocido como \u201cEl Chombo\u201d, quien afirm\u00f3 que el g\u00e9nero urbano \u201cmuri\u00f3\u201d.<\/p>\n<p>De acuerdo con \u201cEl Chombo\u201d, el reguet\u00f3n \u201cde la mata\u201d, el original de principio de los a\u00f1os 90 y en cuyo tiempo Daddy Yankee arranc\u00f3 su carrera musical, ya casi no existe, y que lo que suena hoy en d\u00eda, es mayormente una especie de pop\/urbano y otras variaciones, que nada tienen que ver con la esencia original del ritmo.<\/p>\n<p>Daddy Yankee arranc\u00f3 su carrera musical a sus 15 a\u00f1os en \u201cPlayero 34\u201d, del productor musical DJ Playero, y donde por primera vez se escuch\u00f3 la palabra reguet\u00f3n o reggaeton.<\/p>\n<p><iframe loading=\"lazy\" id=\"instagram-embed-0\" class=\"instagram-media instagram-media-rendered\" src=\"https:\/\/www.instagram.com\/p\/CLt1qyyBnbD\/embed\/captioned\/?cr=1&amp;v=13&amp;wp=540&amp;rd=https%3A%2F%2Fz101digital.com&amp;rp=%2Fdaddy-yankee-anuncia-tema-que-revivira-regueton-y-se-reactiva-en-instagram%2F#%7B%22ci%22%3A0%2C%22os%22%3A3463.999999999942%2C%22ls%22%3A2155.4999999989377%2C%22le%22%3A2365.4999999998836%7D\" width=\"300\" height=\"851\" frameborder=\"0\" scrolling=\"no\" allowfullscreen=\"allowfullscreen\" data-instgrm-payload-id=\"instagram-media-payload-0\" data-mce-fragment=\"1\"><\/iframe><\/p>\n<p>\u201cEso fue en la sala de la casa de Playero. Usando el aumentativo del reguet\u00f3n, algo diferente, pero con la influencia de Panam\u00e1 y la matriz de Jamaica. Despu\u00e9s fuimos poco a poco con la salsa, el vallenato, el merengue, entre otros\u201d, detall\u00f3 Daddy Yankee en una rueda de prensa tras concluir la primera edici\u00f3n de los \u201cPremios Tu M\u00fasica Urbano\u201d.<\/p>\n<p>Tras las expresiones de \u201cEl Chombo\u201d, varios productores musicales e int\u00e9rpretes puertorrique\u00f1os del movimiento urbano, entre ellos Nico Canad\u00e1, refutaron a \u00e9ste asegur\u00e1ndole que el reguet\u00f3n est\u00e1 m\u00e1s vivo que nunca, mencionando el \u00e9xito que ha tenido el disco \u201cViva el perreo\u201d, del d\u00fao de Jowell y Randy, y que Bad Bunny ayud\u00f3 a producir.<\/p>\n<p>De igual manera, Nico Canad\u00e1 mencion\u00f3 el \u00e9xito del tema \u201cSafaera\u201d, del disco \u201cYHLQMDLG\u201d, el segundo de Bad Bunny, y en el que colaboran Jowell y Randy y \u00d1engo Flow.<\/p>\n<p>Incluso \u201cYHLQMDLG\u201d (Yo Hago Lo Que Me Da La Gana) impuso en mayo de 2020 una marca como el \u00e1lbum en espa\u00f1ol con m\u00e1s tiempo entre los diez m\u00e1s vendidos de Billboard 200 de Estados Unidos.<\/p>\n<p>Bad Bunny, a su vez, fue en el a\u00f1o 2020 el artista m\u00e1s escuchado en Spotify, con m\u00e1s de 8.000 millones de reproducciones, casi la mitad de las mismas procedentes de su \u00e1lbum \u201cYHLQMDLG\u201d, tambi\u00e9n el disco m\u00e1s escuchado en todo el mundo a trav\u00e9s de la plataforma.<\/p>\n<p>En esta misma l\u00ednea es el artista de habla hispana en conseguir tantas reproducciones.<\/p>\n<p>&nbsp;<\/p>\n<p>&nbsp;<\/p>\n<p>&nbsp;<\/p>\n<p>&nbsp;<\/p>\n<p>Fuente<br \/>\nListin Diario<\/p>\n","protected":false},"excerpt":{"rendered":"<p>El reguetonero puertorrique\u00f1o Daddy Yankee anunci\u00f3 que en la noche de este jueves lanzar\u00e1 un nuevo tema que asegur\u00f3 que &#8230;<\/p>\n","protected":false},"author":2,"featured_media":111925,"comment_status":"open","ping_status":"open","sticky":false,"template":"","format":"standard","meta":{"footnotes":""},"categories":[31],"tags":[],"class_list":["post-111923","post","type-post","status-publish","format-standard","has-post-thumbnail","hentry","category-arte-y-espectaculo"],"yoast_head":"<!-- This site is optimized with the Yoast SEO plugin v24.8.1 - https:\/\/yoast.com\/wordpress\/plugins\/seo\/ -->\n<title>Daddy Yankee presenta &quot;Problema&quot;, su nuevo sencillo y video musical - PotenciaRadiofonicaDominicana.com<\/title>\n<meta name=\"robots\" content=\"index, follow, max-snippet:-1, max-image-preview:large, max-video-preview:-1\" \/>\n<link rel=\"canonical\" href=\"https:\/\/potenciaradiofonicadominicana.com\/portal\/daddy-yankee-presenta-problema-su-nuevo-sencillo-y-video-musical\/\" \/>\n<meta property=\"og:locale\" content=\"es_ES\" \/>\n<meta property=\"og:type\" content=\"article\" \/>\n<meta property=\"og:title\" content=\"Daddy Yankee presenta &quot;Problema&quot;, su nuevo sencillo y video musical - PotenciaRadiofonicaDominicana.com\" \/>\n<meta property=\"og:description\" content=\"El reguetonero puertorrique\u00f1o Daddy Yankee anunci\u00f3 que en la noche de este jueves lanzar\u00e1 un nuevo tema que asegur\u00f3 que ...\" \/>\n<meta property=\"og:url\" content=\"https:\/\/potenciaradiofonicadominicana.com\/portal\/daddy-yankee-presenta-problema-su-nuevo-sencillo-y-video-musical\/\" \/>\n<meta property=\"og:site_name\" content=\"PotenciaRadiofonicaDominicana.com\" \/>\n<meta property=\"article:publisher\" content=\"https:\/\/web.facebook.com\/PotenciaRadiofonicaD\" \/>\n<meta property=\"article:published_time\" content=\"2021-02-26T17:01:41+00:00\" \/>\n<meta property=\"og:image\" content=\"https:\/\/potenciaradiofonicadominicana.com\/portal\/wp-content\/uploads\/2021\/02\/24fd27ed3e28f1fb99724beebdbb319883912f85-1024x683.jpg\" \/>\n\t<meta property=\"og:image:width\" content=\"1024\" \/>\n\t<meta property=\"og:image:height\" content=\"683\" \/>\n\t<meta property=\"og:image:type\" content=\"image\/jpeg\" \/>\n<meta name=\"author\" content=\"Potencia Radiof\u00f3nica Dominicana\" \/>\n<meta name=\"twitter:card\" content=\"summary_large_image\" \/>\n<meta name=\"twitter:label1\" content=\"Escrito por\" \/>\n\t<meta name=\"twitter:data1\" content=\"Potencia Radiof\u00f3nica Dominicana\" \/>\n\t<meta name=\"twitter:label2\" content=\"Tiempo de lectura\" \/>\n\t<meta name=\"twitter:data2\" content=\"3 minutos\" \/>\n<script type=\"application\/ld+json\" class=\"yoast-schema-graph\">{\"@context\":\"https:\/\/schema.org\",\"@graph\":[{\"@type\":\"Article\",\"@id\":\"https:\/\/potenciaradiofonicadominicana.com\/portal\/daddy-yankee-presenta-problema-su-nuevo-sencillo-y-video-musical\/#article\",\"isPartOf\":{\"@id\":\"https:\/\/potenciaradiofonicadominicana.com\/portal\/daddy-yankee-presenta-problema-su-nuevo-sencillo-y-video-musical\/\"},\"author\":{\"name\":\"Potencia Radiof\u00f3nica Dominicana\",\"@id\":\"https:\/\/potenciaradiofonicadominicana.com\/portal\/#\/schema\/person\/a5cf1fea13877803ee0573ac18b03490\"},\"headline\":\"Daddy Yankee presenta \u00abProblema\u00bb, su nuevo sencillo y video musical\",\"datePublished\":\"2021-02-26T17:01:41+00:00\",\"mainEntityOfPage\":{\"@id\":\"https:\/\/potenciaradiofonicadominicana.com\/portal\/daddy-yankee-presenta-problema-su-nuevo-sencillo-y-video-musical\/\"},\"wordCount\":532,\"commentCount\":0,\"publisher\":{\"@id\":\"https:\/\/potenciaradiofonicadominicana.com\/portal\/#organization\"},\"image\":{\"@id\":\"https:\/\/potenciaradiofonicadominicana.com\/portal\/daddy-yankee-presenta-problema-su-nuevo-sencillo-y-video-musical\/#primaryimage\"},\"thumbnailUrl\":\"https:\/\/potenciaradiofonicadominicana.com\/portal\/wp-content\/uploads\/2021\/02\/24fd27ed3e28f1fb99724beebdbb319883912f85-1024x683.jpg\",\"articleSection\":[\"Arte y Espectaculo\"],\"inLanguage\":\"es\",\"potentialAction\":[{\"@type\":\"CommentAction\",\"name\":\"Comment\",\"target\":[\"https:\/\/potenciaradiofonicadominicana.com\/portal\/daddy-yankee-presenta-problema-su-nuevo-sencillo-y-video-musical\/#respond\"]}]},{\"@type\":\"WebPage\",\"@id\":\"https:\/\/potenciaradiofonicadominicana.com\/portal\/daddy-yankee-presenta-problema-su-nuevo-sencillo-y-video-musical\/\",\"url\":\"https:\/\/potenciaradiofonicadominicana.com\/portal\/daddy-yankee-presenta-problema-su-nuevo-sencillo-y-video-musical\/\",\"name\":\"Daddy Yankee presenta \\\"Problema\\\", su nuevo sencillo y video musical - PotenciaRadiofonicaDominicana.com\",\"isPartOf\":{\"@id\":\"https:\/\/potenciaradiofonicadominicana.com\/portal\/#website\"},\"primaryImageOfPage\":{\"@id\":\"https:\/\/potenciaradiofonicadominicana.com\/portal\/daddy-yankee-presenta-problema-su-nuevo-sencillo-y-video-musical\/#primaryimage\"},\"image\":{\"@id\":\"https:\/\/potenciaradiofonicadominicana.com\/portal\/daddy-yankee-presenta-problema-su-nuevo-sencillo-y-video-musical\/#primaryimage\"},\"thumbnailUrl\":\"https:\/\/potenciaradiofonicadominicana.com\/portal\/wp-content\/uploads\/2021\/02\/24fd27ed3e28f1fb99724beebdbb319883912f85-1024x683.jpg\",\"datePublished\":\"2021-02-26T17:01:41+00:00\",\"breadcrumb\":{\"@id\":\"https:\/\/potenciaradiofonicadominicana.com\/portal\/daddy-yankee-presenta-problema-su-nuevo-sencillo-y-video-musical\/#breadcrumb\"},\"inLanguage\":\"es\",\"potentialAction\":[{\"@type\":\"ReadAction\",\"target\":[\"https:\/\/potenciaradiofonicadominicana.com\/portal\/daddy-yankee-presenta-problema-su-nuevo-sencillo-y-video-musical\/\"]}]},{\"@type\":\"ImageObject\",\"inLanguage\":\"es\",\"@id\":\"https:\/\/potenciaradiofonicadominicana.com\/portal\/daddy-yankee-presenta-problema-su-nuevo-sencillo-y-video-musical\/#primaryimage\",\"url\":\"https:\/\/potenciaradiofonicadominicana.com\/portal\/wp-content\/uploads\/2021\/02\/24fd27ed3e28f1fb99724beebdbb319883912f85-1024x683.jpg\",\"contentUrl\":\"https:\/\/potenciaradiofonicadominicana.com\/portal\/wp-content\/uploads\/2021\/02\/24fd27ed3e28f1fb99724beebdbb319883912f85-1024x683.jpg\",\"width\":1024,\"height\":683},{\"@type\":\"BreadcrumbList\",\"@id\":\"https:\/\/potenciaradiofonicadominicana.com\/portal\/daddy-yankee-presenta-problema-su-nuevo-sencillo-y-video-musical\/#breadcrumb\",\"itemListElement\":[{\"@type\":\"ListItem\",\"position\":1,\"name\":\"Portada\",\"item\":\"https:\/\/potenciaradiofonicadominicana.com\/portal\/\"},{\"@type\":\"ListItem\",\"position\":2,\"name\":\"Daddy Yankee presenta \u00abProblema\u00bb, su nuevo sencillo y video musical\"}]},{\"@type\":\"WebSite\",\"@id\":\"https:\/\/potenciaradiofonicadominicana.com\/portal\/#website\",\"url\":\"https:\/\/potenciaradiofonicadominicana.com\/portal\/\",\"name\":\"PotenciaRadiofonicaDominicana.com\",\"description\":\"Peri\u00f3dico Digital\",\"publisher\":{\"@id\":\"https:\/\/potenciaradiofonicadominicana.com\/portal\/#organization\"},\"potentialAction\":[{\"@type\":\"SearchAction\",\"target\":{\"@type\":\"EntryPoint\",\"urlTemplate\":\"https:\/\/potenciaradiofonicadominicana.com\/portal\/?s={search_term_string}\"},\"query-input\":{\"@type\":\"PropertyValueSpecification\",\"valueRequired\":true,\"valueName\":\"search_term_string\"}}],\"inLanguage\":\"es\"},{\"@type\":\"Organization\",\"@id\":\"https:\/\/potenciaradiofonicadominicana.com\/portal\/#organization\",\"name\":\"PotenciaRadiofonicaDominicana.com\",\"url\":\"https:\/\/potenciaradiofonicadominicana.com\/portal\/\",\"logo\":{\"@type\":\"ImageObject\",\"inLanguage\":\"es\",\"@id\":\"https:\/\/potenciaradiofonicadominicana.com\/portal\/#\/schema\/logo\/image\/\",\"url\":\"https:\/\/potenciaradiofonicadominicana.com\/portal\/wp-content\/uploads\/2022\/01\/descarga.png\",\"contentUrl\":\"https:\/\/potenciaradiofonicadominicana.com\/portal\/wp-content\/uploads\/2022\/01\/descarga.png\",\"width\":300,\"height\":100,\"caption\":\"PotenciaRadiofonicaDominicana.com\"},\"image\":{\"@id\":\"https:\/\/potenciaradiofonicadominicana.com\/portal\/#\/schema\/logo\/image\/\"},\"sameAs\":[\"https:\/\/web.facebook.com\/PotenciaRadiofonicaD\"]},{\"@type\":\"Person\",\"@id\":\"https:\/\/potenciaradiofonicadominicana.com\/portal\/#\/schema\/person\/a5cf1fea13877803ee0573ac18b03490\",\"name\":\"Potencia Radiof\u00f3nica Dominicana\",\"image\":{\"@type\":\"ImageObject\",\"inLanguage\":\"es\",\"@id\":\"https:\/\/potenciaradiofonicadominicana.com\/portal\/#\/schema\/person\/image\/\",\"url\":\"https:\/\/secure.gravatar.com\/avatar\/42a55ab9e8ccc656ba34cd791990602a?s=96&d=mm&r=g\",\"contentUrl\":\"https:\/\/secure.gravatar.com\/avatar\/42a55ab9e8ccc656ba34cd791990602a?s=96&d=mm&r=g\",\"caption\":\"Potencia Radiof\u00f3nica Dominicana\"},\"url\":\"https:\/\/potenciaradiofonicadominicana.com\/portal\/author\/johannyalmanzar\/\"}]}<\/script>\n<!-- \/ Yoast SEO plugin. -->","yoast_head_json":{"title":"Daddy Yankee presenta \"Problema\", su nuevo sencillo y video musical - PotenciaRadiofonicaDominicana.com","robots":{"index":"index","follow":"follow","max-snippet":"max-snippet:-1","max-image-preview":"max-image-preview:large","max-video-preview":"max-video-preview:-1"},"canonical":"https:\/\/potenciaradiofonicadominicana.com\/portal\/daddy-yankee-presenta-problema-su-nuevo-sencillo-y-video-musical\/","og_locale":"es_ES","og_type":"article","og_title":"Daddy Yankee presenta \"Problema\", su nuevo sencillo y video musical - PotenciaRadiofonicaDominicana.com","og_description":"El reguetonero puertorrique\u00f1o Daddy Yankee anunci\u00f3 que en la noche de este jueves lanzar\u00e1 un nuevo tema que asegur\u00f3 que ...","og_url":"https:\/\/potenciaradiofonicadominicana.com\/portal\/daddy-yankee-presenta-problema-su-nuevo-sencillo-y-video-musical\/","og_site_name":"PotenciaRadiofonicaDominicana.com","article_publisher":"https:\/\/web.facebook.com\/PotenciaRadiofonicaD","article_published_time":"2021-02-26T17:01:41+00:00","og_image":[{"width":1024,"height":683,"url":"https:\/\/potenciaradiofonicadominicana.com\/portal\/wp-content\/uploads\/2021\/02\/24fd27ed3e28f1fb99724beebdbb319883912f85-1024x683.jpg","type":"image\/jpeg"}],"author":"Potencia Radiof\u00f3nica Dominicana","twitter_card":"summary_large_image","twitter_misc":{"Escrito por":"Potencia Radiof\u00f3nica Dominicana","Tiempo de lectura":"3 minutos"},"schema":{"@context":"https:\/\/schema.org","@graph":[{"@type":"Article","@id":"https:\/\/potenciaradiofonicadominicana.com\/portal\/daddy-yankee-presenta-problema-su-nuevo-sencillo-y-video-musical\/#article","isPartOf":{"@id":"https:\/\/potenciaradiofonicadominicana.com\/portal\/daddy-yankee-presenta-problema-su-nuevo-sencillo-y-video-musical\/"},"author":{"name":"Potencia Radiof\u00f3nica Dominicana","@id":"https:\/\/potenciaradiofonicadominicana.com\/portal\/#\/schema\/person\/a5cf1fea13877803ee0573ac18b03490"},"headline":"Daddy Yankee presenta \u00abProblema\u00bb, su nuevo sencillo y video musical","datePublished":"2021-02-26T17:01:41+00:00","mainEntityOfPage":{"@id":"https:\/\/potenciaradiofonicadominicana.com\/portal\/daddy-yankee-presenta-problema-su-nuevo-sencillo-y-video-musical\/"},"wordCount":532,"commentCount":0,"publisher":{"@id":"https:\/\/potenciaradiofonicadominicana.com\/portal\/#organization"},"image":{"@id":"https:\/\/potenciaradiofonicadominicana.com\/portal\/daddy-yankee-presenta-problema-su-nuevo-sencillo-y-video-musical\/#primaryimage"},"thumbnailUrl":"https:\/\/potenciaradiofonicadominicana.com\/portal\/wp-content\/uploads\/2021\/02\/24fd27ed3e28f1fb99724beebdbb319883912f85-1024x683.jpg","articleSection":["Arte y Espectaculo"],"inLanguage":"es","potentialAction":[{"@type":"CommentAction","name":"Comment","target":["https:\/\/potenciaradiofonicadominicana.com\/portal\/daddy-yankee-presenta-problema-su-nuevo-sencillo-y-video-musical\/#respond"]}]},{"@type":"WebPage","@id":"https:\/\/potenciaradiofonicadominicana.com\/portal\/daddy-yankee-presenta-problema-su-nuevo-sencillo-y-video-musical\/","url":"https:\/\/potenciaradiofonicadominicana.com\/portal\/daddy-yankee-presenta-problema-su-nuevo-sencillo-y-video-musical\/","name":"Daddy Yankee presenta \"Problema\", su nuevo sencillo y video musical - PotenciaRadiofonicaDominicana.com","isPartOf":{"@id":"https:\/\/potenciaradiofonicadominicana.com\/portal\/#website"},"primaryImageOfPage":{"@id":"https:\/\/potenciaradiofonicadominicana.com\/portal\/daddy-yankee-presenta-problema-su-nuevo-sencillo-y-video-musical\/#primaryimage"},"image":{"@id":"https:\/\/potenciaradiofonicadominicana.com\/portal\/daddy-yankee-presenta-problema-su-nuevo-sencillo-y-video-musical\/#primaryimage"},"thumbnailUrl":"https:\/\/potenciaradiofonicadominicana.com\/portal\/wp-content\/uploads\/2021\/02\/24fd27ed3e28f1fb99724beebdbb319883912f85-1024x683.jpg","datePublished":"2021-02-26T17:01:41+00:00","breadcrumb":{"@id":"https:\/\/potenciaradiofonicadominicana.com\/portal\/daddy-yankee-presenta-problema-su-nuevo-sencillo-y-video-musical\/#breadcrumb"},"inLanguage":"es","potentialAction":[{"@type":"ReadAction","target":["https:\/\/potenciaradiofonicadominicana.com\/portal\/daddy-yankee-presenta-problema-su-nuevo-sencillo-y-video-musical\/"]}]},{"@type":"ImageObject","inLanguage":"es","@id":"https:\/\/potenciaradiofonicadominicana.com\/portal\/daddy-yankee-presenta-problema-su-nuevo-sencillo-y-video-musical\/#primaryimage","url":"https:\/\/potenciaradiofonicadominicana.com\/portal\/wp-content\/uploads\/2021\/02\/24fd27ed3e28f1fb99724beebdbb319883912f85-1024x683.jpg","contentUrl":"https:\/\/potenciaradiofonicadominicana.com\/portal\/wp-content\/uploads\/2021\/02\/24fd27ed3e28f1fb99724beebdbb319883912f85-1024x683.jpg","width":1024,"height":683},{"@type":"BreadcrumbList","@id":"https:\/\/potenciaradiofonicadominicana.com\/portal\/daddy-yankee-presenta-problema-su-nuevo-sencillo-y-video-musical\/#breadcrumb","itemListElement":[{"@type":"ListItem","position":1,"name":"Portada","item":"https:\/\/potenciaradiofonicadominicana.com\/portal\/"},{"@type":"ListItem","position":2,"name":"Daddy Yankee presenta \u00abProblema\u00bb, su nuevo sencillo y video musical"}]},{"@type":"WebSite","@id":"https:\/\/potenciaradiofonicadominicana.com\/portal\/#website","url":"https:\/\/potenciaradiofonicadominicana.com\/portal\/","name":"PotenciaRadiofonicaDominicana.com","description":"Peri\u00f3dico Digital","publisher":{"@id":"https:\/\/potenciaradiofonicadominicana.com\/portal\/#organization"},"potentialAction":[{"@type":"SearchAction","target":{"@type":"EntryPoint","urlTemplate":"https:\/\/potenciaradiofonicadominicana.com\/portal\/?s={search_term_string}"},"query-input":{"@type":"PropertyValueSpecification","valueRequired":true,"valueName":"search_term_string"}}],"inLanguage":"es"},{"@type":"Organization","@id":"https:\/\/potenciaradiofonicadominicana.com\/portal\/#organization","name":"PotenciaRadiofonicaDominicana.com","url":"https:\/\/potenciaradiofonicadominicana.com\/portal\/","logo":{"@type":"ImageObject","inLanguage":"es","@id":"https:\/\/potenciaradiofonicadominicana.com\/portal\/#\/schema\/logo\/image\/","url":"https:\/\/potenciaradiofonicadominicana.com\/portal\/wp-content\/uploads\/2022\/01\/descarga.png","contentUrl":"https:\/\/potenciaradiofonicadominicana.com\/portal\/wp-content\/uploads\/2022\/01\/descarga.png","width":300,"height":100,"caption":"PotenciaRadiofonicaDominicana.com"},"image":{"@id":"https:\/\/potenciaradiofonicadominicana.com\/portal\/#\/schema\/logo\/image\/"},"sameAs":["https:\/\/web.facebook.com\/PotenciaRadiofonicaD"]},{"@type":"Person","@id":"https:\/\/potenciaradiofonicadominicana.com\/portal\/#\/schema\/person\/a5cf1fea13877803ee0573ac18b03490","name":"Potencia Radiof\u00f3nica Dominicana","image":{"@type":"ImageObject","inLanguage":"es","@id":"https:\/\/potenciaradiofonicadominicana.com\/portal\/#\/schema\/person\/image\/","url":"https:\/\/secure.gravatar.com\/avatar\/42a55ab9e8ccc656ba34cd791990602a?s=96&d=mm&r=g","contentUrl":"https:\/\/secure.gravatar.com\/avatar\/42a55ab9e8ccc656ba34cd791990602a?s=96&d=mm&r=g","caption":"Potencia Radiof\u00f3nica Dominicana"},"url":"https:\/\/potenciaradiofonicadominicana.com\/portal\/author\/johannyalmanzar\/"}]}},"_links":{"self":[{"href":"https:\/\/potenciaradiofonicadominicana.com\/portal\/wp-json\/wp\/v2\/posts\/111923","targetHints":{"allow":["GET"]}}],"collection":[{"href":"https:\/\/potenciaradiofonicadominicana.com\/portal\/wp-json\/wp\/v2\/posts"}],"about":[{"href":"https:\/\/potenciaradiofonicadominicana.com\/portal\/wp-json\/wp\/v2\/types\/post"}],"author":[{"embeddable":true,"href":"https:\/\/potenciaradiofonicadominicana.com\/portal\/wp-json\/wp\/v2\/users\/2"}],"replies":[{"embeddable":true,"href":"https:\/\/potenciaradiofonicadominicana.com\/portal\/wp-json\/wp\/v2\/comments?post=111923"}],"version-history":[{"count":1,"href":"https:\/\/potenciaradiofonicadominicana.com\/portal\/wp-json\/wp\/v2\/posts\/111923\/revisions"}],"predecessor-version":[{"id":111926,"href":"https:\/\/potenciaradiofonicadominicana.com\/portal\/wp-json\/wp\/v2\/posts\/111923\/revisions\/111926"}],"wp:featuredmedia":[{"embeddable":true,"href":"https:\/\/potenciaradiofonicadominicana.com\/portal\/wp-json\/wp\/v2\/media\/111925"}],"wp:attachment":[{"href":"https:\/\/potenciaradiofonicadominicana.com\/portal\/wp-json\/wp\/v2\/media?parent=111923"}],"wp:term":[{"taxonomy":"category","embeddable":true,"href":"https:\/\/potenciaradiofonicadominicana.com\/portal\/wp-json\/wp\/v2\/categories?post=111923"},{"taxonomy":"post_tag","embeddable":true,"href":"https:\/\/potenciaradiofonicadominicana.com\/portal\/wp-json\/wp\/v2\/tags?post=111923"}],"curies":[{"name":"wp","href":"https:\/\/api.w.org\/{rel}","templated":true}]}}