{"id":111920,"date":"2021-02-26T12:43:38","date_gmt":"2021-02-26T16:43:38","guid":{"rendered":"https:\/\/potenciaradiofonicadominicana.com\/portal\/?p=111920"},"modified":"2021-02-26T12:43:38","modified_gmt":"2021-02-26T16:43:38","slug":"la-madre-de-la-chilindrina-aguanto-50-anos-con-el-busto-apretado-y-casi-pierde-un-seno","status":"publish","type":"post","link":"https:\/\/potenciaradiofonicadominicana.com\/portal\/la-madre-de-la-chilindrina-aguanto-50-anos-con-el-busto-apretado-y-casi-pierde-un-seno\/","title":{"rendered":"\u00abLa madre\u00bb de \u00abLa Chilindrina\u00bb aguant\u00f3 50 a\u00f1os con el busto apretado y casi pierde un seno"},"content":{"rendered":"<p><a href=\"https:\/\/potenciaradiofonicadominicana.com\/portal\/wp-content\/uploads\/2021\/02\/la-madre-de-la-chilindrina-aguanto-50-anos-con-el-busto-apretado-y-casi-pierde-un-seno.jpeg\"><img loading=\"lazy\" decoding=\"async\" class=\"alignnone size-full wp-image-111921\" src=\"https:\/\/potenciaradiofonicadominicana.com\/portal\/wp-content\/uploads\/2021\/02\/la-madre-de-la-chilindrina-aguanto-50-anos-con-el-busto-apretado-y-casi-pierde-un-seno.jpeg\" alt=\"\" width=\"368\" height=\"460\" \/><\/a><\/p>\n<div id=\"article_zone\">\n<div id=\"ArticleBody\">\n<p>\u00abLa Chilindrina\u00bb lloraba desconsoladamente con frecuencia en los cap\u00edtulos de la serie televisiva \u00abEl Chavo del 8\u00bb. Era ficticio, se trataba de una actuaci\u00f3n. Pero su madre, Mar\u00eda Antonieta Nieves, s\u00ed tuvo motivos para llorar o sufrir de manera real.<\/p>\n<p>La actriz mexicana relat\u00f3 que el uso de la fuerza para esconder sus senos con el fin de que el personaje de \u00abLa Chilindrina\u00bb apareciera como una ni\u00f1a le provoc\u00f3 un problema mayor y casi pierde un seno.<\/p>\n<p>\u00abNo sabes lo que he sufrido yo por mi Chilindrina\u00bb, asegur\u00f3 tras revelar el proceso para construir su personaje que a tantas generaciones ha marcado.<\/p>\n<p>\u00abPara verme ni\u00f1a, me las apachurraba y me las vendaba. Aguant\u00e9 50 a\u00f1os con el busto apretado. \u00bfQu\u00e9 pas\u00f3? Que me cas\u00e9, tuve a mi hijo, que se me hicieron unos tumores en los senos horrendos y no pude amamantar a mi beb\u00e9\u00bb, confes\u00f3 en una entrevista con el periodista Yordi Rosado.<\/p>\n<p>Luego agreg\u00f3: \u00abMe infl\u00e9 toda y entonces hubo que sacar los tumores, las grasas, todo. Me puse realmente grave porque me vino una infecci\u00f3n generalizada. Casi pierdo un seno, me tuvieron que operar y poner unas pr\u00f3tesis\u00bb.<\/p>\n<p>\u00abLa Chilindrina\u00bb es un personaje ficticio de la serie de televisi\u00f3n mexicana \u00abEl Chavo del Ocho\u00bb, interpretado por Mar\u00eda Antonieta de las Nieves G\u00f3mez Rodr\u00edguez.<\/p>\n<p>Es una ni\u00f1a de ocho a\u00f1os de edad, alegre y buena amiga del Chavo y de Quico. Es hija \u00fanica de Don Ram\u00f3n y bisnieta de Do\u00f1a Nieves.<\/p>\n<p>\u00abEl Chavo del 8\u00bb fue emitida como serie independiente el 26 de febrero de 1973 en la televisi\u00f3n mexicana y finaliz\u00f3 el 7 de enero de 1980. Sin embargo, sus cap\u00edtulos se siguen emitiendo en casi toda Am\u00e9rica Latina.<\/p>\n<p>&nbsp;<\/p>\n<\/div>\n<div><\/div>\n<\/div>\n<div class=\"panel panel-default mb30 overflowauto\"><\/div>\n<div><\/div>\n<div class=\"panel panel-default mb30 overflowauto\">Fuente<br \/>\nListin Diario<\/div>\n","protected":false},"excerpt":{"rendered":"<p>\u00abLa Chilindrina\u00bb lloraba desconsoladamente con frecuencia en los cap\u00edtulos de la serie televisiva \u00abEl Chavo del 8\u00bb. Era ficticio, se &#8230;<\/p>\n","protected":false},"author":2,"featured_media":111921,"comment_status":"open","ping_status":"open","sticky":false,"template":"","format":"standard","meta":{"footnotes":""},"categories":[31],"tags":[],"class_list":["post-111920","post","type-post","status-publish","format-standard","has-post-thumbnail","hentry","category-arte-y-espectaculo"],"yoast_head":"<!-- This site is optimized with the Yoast SEO plugin v24.8.1 - https:\/\/yoast.com\/wordpress\/plugins\/seo\/ -->\n<title>&quot;La madre&quot; de &quot;La Chilindrina&quot; aguant\u00f3 50 a\u00f1os con el busto apretado y casi pierde un seno - PotenciaRadiofonicaDominicana.com<\/title>\n<meta name=\"robots\" content=\"index, follow, max-snippet:-1, max-image-preview:large, max-video-preview:-1\" \/>\n<link rel=\"canonical\" href=\"https:\/\/potenciaradiofonicadominicana.com\/portal\/la-madre-de-la-chilindrina-aguanto-50-anos-con-el-busto-apretado-y-casi-pierde-un-seno\/\" \/>\n<meta property=\"og:locale\" content=\"es_ES\" \/>\n<meta property=\"og:type\" content=\"article\" \/>\n<meta property=\"og:title\" content=\"&quot;La madre&quot; de &quot;La Chilindrina&quot; aguant\u00f3 50 a\u00f1os con el busto apretado y casi pierde un seno - PotenciaRadiofonicaDominicana.com\" \/>\n<meta property=\"og:description\" content=\"\u00abLa Chilindrina\u00bb lloraba desconsoladamente con frecuencia en los cap\u00edtulos de la serie televisiva \u00abEl Chavo del 8\u00bb. Era ficticio, se ...\" \/>\n<meta property=\"og:url\" content=\"https:\/\/potenciaradiofonicadominicana.com\/portal\/la-madre-de-la-chilindrina-aguanto-50-anos-con-el-busto-apretado-y-casi-pierde-un-seno\/\" \/>\n<meta property=\"og:site_name\" content=\"PotenciaRadiofonicaDominicana.com\" \/>\n<meta property=\"article:publisher\" content=\"https:\/\/web.facebook.com\/PotenciaRadiofonicaD\" \/>\n<meta property=\"article:published_time\" content=\"2021-02-26T16:43:38+00:00\" \/>\n<meta property=\"og:image\" content=\"https:\/\/potenciaradiofonicadominicana.com\/portal\/wp-content\/uploads\/2021\/02\/la-madre-de-la-chilindrina-aguanto-50-anos-con-el-busto-apretado-y-casi-pierde-un-seno.jpeg\" \/>\n\t<meta property=\"og:image:width\" content=\"368\" \/>\n\t<meta property=\"og:image:height\" content=\"460\" \/>\n\t<meta property=\"og:image:type\" content=\"image\/jpeg\" \/>\n<meta name=\"author\" content=\"Potencia Radiof\u00f3nica Dominicana\" \/>\n<meta name=\"twitter:card\" content=\"summary_large_image\" \/>\n<meta name=\"twitter:label1\" content=\"Escrito por\" \/>\n\t<meta name=\"twitter:data1\" content=\"Potencia Radiof\u00f3nica Dominicana\" \/>\n\t<meta name=\"twitter:label2\" content=\"Tiempo de lectura\" \/>\n\t<meta name=\"twitter:data2\" content=\"2 minutos\" \/>\n<script type=\"application\/ld+json\" class=\"yoast-schema-graph\">{\"@context\":\"https:\/\/schema.org\",\"@graph\":[{\"@type\":\"Article\",\"@id\":\"https:\/\/potenciaradiofonicadominicana.com\/portal\/la-madre-de-la-chilindrina-aguanto-50-anos-con-el-busto-apretado-y-casi-pierde-un-seno\/#article\",\"isPartOf\":{\"@id\":\"https:\/\/potenciaradiofonicadominicana.com\/portal\/la-madre-de-la-chilindrina-aguanto-50-anos-con-el-busto-apretado-y-casi-pierde-un-seno\/\"},\"author\":{\"name\":\"Potencia Radiof\u00f3nica Dominicana\",\"@id\":\"https:\/\/potenciaradiofonicadominicana.com\/portal\/#\/schema\/person\/a5cf1fea13877803ee0573ac18b03490\"},\"headline\":\"\u00abLa madre\u00bb de \u00abLa Chilindrina\u00bb aguant\u00f3 50 a\u00f1os con el busto apretado y casi pierde un seno\",\"datePublished\":\"2021-02-26T16:43:38+00:00\",\"mainEntityOfPage\":{\"@id\":\"https:\/\/potenciaradiofonicadominicana.com\/portal\/la-madre-de-la-chilindrina-aguanto-50-anos-con-el-busto-apretado-y-casi-pierde-un-seno\/\"},\"wordCount\":317,\"commentCount\":0,\"publisher\":{\"@id\":\"https:\/\/potenciaradiofonicadominicana.com\/portal\/#organization\"},\"image\":{\"@id\":\"https:\/\/potenciaradiofonicadominicana.com\/portal\/la-madre-de-la-chilindrina-aguanto-50-anos-con-el-busto-apretado-y-casi-pierde-un-seno\/#primaryimage\"},\"thumbnailUrl\":\"https:\/\/potenciaradiofonicadominicana.com\/portal\/wp-content\/uploads\/2021\/02\/la-madre-de-la-chilindrina-aguanto-50-anos-con-el-busto-apretado-y-casi-pierde-un-seno.jpeg\",\"articleSection\":[\"Arte y Espectaculo\"],\"inLanguage\":\"es\",\"potentialAction\":[{\"@type\":\"CommentAction\",\"name\":\"Comment\",\"target\":[\"https:\/\/potenciaradiofonicadominicana.com\/portal\/la-madre-de-la-chilindrina-aguanto-50-anos-con-el-busto-apretado-y-casi-pierde-un-seno\/#respond\"]}]},{\"@type\":\"WebPage\",\"@id\":\"https:\/\/potenciaradiofonicadominicana.com\/portal\/la-madre-de-la-chilindrina-aguanto-50-anos-con-el-busto-apretado-y-casi-pierde-un-seno\/\",\"url\":\"https:\/\/potenciaradiofonicadominicana.com\/portal\/la-madre-de-la-chilindrina-aguanto-50-anos-con-el-busto-apretado-y-casi-pierde-un-seno\/\",\"name\":\"\\\"La madre\\\" de \\\"La Chilindrina\\\" aguant\u00f3 50 a\u00f1os con el busto apretado y casi pierde un seno - PotenciaRadiofonicaDominicana.com\",\"isPartOf\":{\"@id\":\"https:\/\/potenciaradiofonicadominicana.com\/portal\/#website\"},\"primaryImageOfPage\":{\"@id\":\"https:\/\/potenciaradiofonicadominicana.com\/portal\/la-madre-de-la-chilindrina-aguanto-50-anos-con-el-busto-apretado-y-casi-pierde-un-seno\/#primaryimage\"},\"image\":{\"@id\":\"https:\/\/potenciaradiofonicadominicana.com\/portal\/la-madre-de-la-chilindrina-aguanto-50-anos-con-el-busto-apretado-y-casi-pierde-un-seno\/#primaryimage\"},\"thumbnailUrl\":\"https:\/\/potenciaradiofonicadominicana.com\/portal\/wp-content\/uploads\/2021\/02\/la-madre-de-la-chilindrina-aguanto-50-anos-con-el-busto-apretado-y-casi-pierde-un-seno.jpeg\",\"datePublished\":\"2021-02-26T16:43:38+00:00\",\"breadcrumb\":{\"@id\":\"https:\/\/potenciaradiofonicadominicana.com\/portal\/la-madre-de-la-chilindrina-aguanto-50-anos-con-el-busto-apretado-y-casi-pierde-un-seno\/#breadcrumb\"},\"inLanguage\":\"es\",\"potentialAction\":[{\"@type\":\"ReadAction\",\"target\":[\"https:\/\/potenciaradiofonicadominicana.com\/portal\/la-madre-de-la-chilindrina-aguanto-50-anos-con-el-busto-apretado-y-casi-pierde-un-seno\/\"]}]},{\"@type\":\"ImageObject\",\"inLanguage\":\"es\",\"@id\":\"https:\/\/potenciaradiofonicadominicana.com\/portal\/la-madre-de-la-chilindrina-aguanto-50-anos-con-el-busto-apretado-y-casi-pierde-un-seno\/#primaryimage\",\"url\":\"https:\/\/potenciaradiofonicadominicana.com\/portal\/wp-content\/uploads\/2021\/02\/la-madre-de-la-chilindrina-aguanto-50-anos-con-el-busto-apretado-y-casi-pierde-un-seno.jpeg\",\"contentUrl\":\"https:\/\/potenciaradiofonicadominicana.com\/portal\/wp-content\/uploads\/2021\/02\/la-madre-de-la-chilindrina-aguanto-50-anos-con-el-busto-apretado-y-casi-pierde-un-seno.jpeg\",\"width\":368,\"height\":460},{\"@type\":\"BreadcrumbList\",\"@id\":\"https:\/\/potenciaradiofonicadominicana.com\/portal\/la-madre-de-la-chilindrina-aguanto-50-anos-con-el-busto-apretado-y-casi-pierde-un-seno\/#breadcrumb\",\"itemListElement\":[{\"@type\":\"ListItem\",\"position\":1,\"name\":\"Portada\",\"item\":\"https:\/\/potenciaradiofonicadominicana.com\/portal\/\"},{\"@type\":\"ListItem\",\"position\":2,\"name\":\"\u00abLa madre\u00bb de \u00abLa Chilindrina\u00bb aguant\u00f3 50 a\u00f1os con el busto apretado y casi pierde un seno\"}]},{\"@type\":\"WebSite\",\"@id\":\"https:\/\/potenciaradiofonicadominicana.com\/portal\/#website\",\"url\":\"https:\/\/potenciaradiofonicadominicana.com\/portal\/\",\"name\":\"PotenciaRadiofonicaDominicana.com\",\"description\":\"Peri\u00f3dico Digital\",\"publisher\":{\"@id\":\"https:\/\/potenciaradiofonicadominicana.com\/portal\/#organization\"},\"potentialAction\":[{\"@type\":\"SearchAction\",\"target\":{\"@type\":\"EntryPoint\",\"urlTemplate\":\"https:\/\/potenciaradiofonicadominicana.com\/portal\/?s={search_term_string}\"},\"query-input\":{\"@type\":\"PropertyValueSpecification\",\"valueRequired\":true,\"valueName\":\"search_term_string\"}}],\"inLanguage\":\"es\"},{\"@type\":\"Organization\",\"@id\":\"https:\/\/potenciaradiofonicadominicana.com\/portal\/#organization\",\"name\":\"PotenciaRadiofonicaDominicana.com\",\"url\":\"https:\/\/potenciaradiofonicadominicana.com\/portal\/\",\"logo\":{\"@type\":\"ImageObject\",\"inLanguage\":\"es\",\"@id\":\"https:\/\/potenciaradiofonicadominicana.com\/portal\/#\/schema\/logo\/image\/\",\"url\":\"https:\/\/potenciaradiofonicadominicana.com\/portal\/wp-content\/uploads\/2022\/01\/descarga.png\",\"contentUrl\":\"https:\/\/potenciaradiofonicadominicana.com\/portal\/wp-content\/uploads\/2022\/01\/descarga.png\",\"width\":300,\"height\":100,\"caption\":\"PotenciaRadiofonicaDominicana.com\"},\"image\":{\"@id\":\"https:\/\/potenciaradiofonicadominicana.com\/portal\/#\/schema\/logo\/image\/\"},\"sameAs\":[\"https:\/\/web.facebook.com\/PotenciaRadiofonicaD\"]},{\"@type\":\"Person\",\"@id\":\"https:\/\/potenciaradiofonicadominicana.com\/portal\/#\/schema\/person\/a5cf1fea13877803ee0573ac18b03490\",\"name\":\"Potencia Radiof\u00f3nica Dominicana\",\"image\":{\"@type\":\"ImageObject\",\"inLanguage\":\"es\",\"@id\":\"https:\/\/potenciaradiofonicadominicana.com\/portal\/#\/schema\/person\/image\/\",\"url\":\"https:\/\/secure.gravatar.com\/avatar\/42a55ab9e8ccc656ba34cd791990602a?s=96&d=mm&r=g\",\"contentUrl\":\"https:\/\/secure.gravatar.com\/avatar\/42a55ab9e8ccc656ba34cd791990602a?s=96&d=mm&r=g\",\"caption\":\"Potencia Radiof\u00f3nica Dominicana\"},\"url\":\"https:\/\/potenciaradiofonicadominicana.com\/portal\/author\/johannyalmanzar\/\"}]}<\/script>\n<!-- \/ Yoast SEO plugin. -->","yoast_head_json":{"title":"\"La madre\" de \"La Chilindrina\" aguant\u00f3 50 a\u00f1os con el busto apretado y casi pierde un seno - PotenciaRadiofonicaDominicana.com","robots":{"index":"index","follow":"follow","max-snippet":"max-snippet:-1","max-image-preview":"max-image-preview:large","max-video-preview":"max-video-preview:-1"},"canonical":"https:\/\/potenciaradiofonicadominicana.com\/portal\/la-madre-de-la-chilindrina-aguanto-50-anos-con-el-busto-apretado-y-casi-pierde-un-seno\/","og_locale":"es_ES","og_type":"article","og_title":"\"La madre\" de \"La Chilindrina\" aguant\u00f3 50 a\u00f1os con el busto apretado y casi pierde un seno - PotenciaRadiofonicaDominicana.com","og_description":"\u00abLa Chilindrina\u00bb lloraba desconsoladamente con frecuencia en los cap\u00edtulos de la serie televisiva \u00abEl Chavo del 8\u00bb. Era ficticio, se ...","og_url":"https:\/\/potenciaradiofonicadominicana.com\/portal\/la-madre-de-la-chilindrina-aguanto-50-anos-con-el-busto-apretado-y-casi-pierde-un-seno\/","og_site_name":"PotenciaRadiofonicaDominicana.com","article_publisher":"https:\/\/web.facebook.com\/PotenciaRadiofonicaD","article_published_time":"2021-02-26T16:43:38+00:00","og_image":[{"width":368,"height":460,"url":"https:\/\/potenciaradiofonicadominicana.com\/portal\/wp-content\/uploads\/2021\/02\/la-madre-de-la-chilindrina-aguanto-50-anos-con-el-busto-apretado-y-casi-pierde-un-seno.jpeg","type":"image\/jpeg"}],"author":"Potencia Radiof\u00f3nica Dominicana","twitter_card":"summary_large_image","twitter_misc":{"Escrito por":"Potencia Radiof\u00f3nica Dominicana","Tiempo de lectura":"2 minutos"},"schema":{"@context":"https:\/\/schema.org","@graph":[{"@type":"Article","@id":"https:\/\/potenciaradiofonicadominicana.com\/portal\/la-madre-de-la-chilindrina-aguanto-50-anos-con-el-busto-apretado-y-casi-pierde-un-seno\/#article","isPartOf":{"@id":"https:\/\/potenciaradiofonicadominicana.com\/portal\/la-madre-de-la-chilindrina-aguanto-50-anos-con-el-busto-apretado-y-casi-pierde-un-seno\/"},"author":{"name":"Potencia Radiof\u00f3nica Dominicana","@id":"https:\/\/potenciaradiofonicadominicana.com\/portal\/#\/schema\/person\/a5cf1fea13877803ee0573ac18b03490"},"headline":"\u00abLa madre\u00bb de \u00abLa Chilindrina\u00bb aguant\u00f3 50 a\u00f1os con el busto apretado y casi pierde un seno","datePublished":"2021-02-26T16:43:38+00:00","mainEntityOfPage":{"@id":"https:\/\/potenciaradiofonicadominicana.com\/portal\/la-madre-de-la-chilindrina-aguanto-50-anos-con-el-busto-apretado-y-casi-pierde-un-seno\/"},"wordCount":317,"commentCount":0,"publisher":{"@id":"https:\/\/potenciaradiofonicadominicana.com\/portal\/#organization"},"image":{"@id":"https:\/\/potenciaradiofonicadominicana.com\/portal\/la-madre-de-la-chilindrina-aguanto-50-anos-con-el-busto-apretado-y-casi-pierde-un-seno\/#primaryimage"},"thumbnailUrl":"https:\/\/potenciaradiofonicadominicana.com\/portal\/wp-content\/uploads\/2021\/02\/la-madre-de-la-chilindrina-aguanto-50-anos-con-el-busto-apretado-y-casi-pierde-un-seno.jpeg","articleSection":["Arte y Espectaculo"],"inLanguage":"es","potentialAction":[{"@type":"CommentAction","name":"Comment","target":["https:\/\/potenciaradiofonicadominicana.com\/portal\/la-madre-de-la-chilindrina-aguanto-50-anos-con-el-busto-apretado-y-casi-pierde-un-seno\/#respond"]}]},{"@type":"WebPage","@id":"https:\/\/potenciaradiofonicadominicana.com\/portal\/la-madre-de-la-chilindrina-aguanto-50-anos-con-el-busto-apretado-y-casi-pierde-un-seno\/","url":"https:\/\/potenciaradiofonicadominicana.com\/portal\/la-madre-de-la-chilindrina-aguanto-50-anos-con-el-busto-apretado-y-casi-pierde-un-seno\/","name":"\"La madre\" de \"La Chilindrina\" aguant\u00f3 50 a\u00f1os con el busto apretado y casi pierde un seno - PotenciaRadiofonicaDominicana.com","isPartOf":{"@id":"https:\/\/potenciaradiofonicadominicana.com\/portal\/#website"},"primaryImageOfPage":{"@id":"https:\/\/potenciaradiofonicadominicana.com\/portal\/la-madre-de-la-chilindrina-aguanto-50-anos-con-el-busto-apretado-y-casi-pierde-un-seno\/#primaryimage"},"image":{"@id":"https:\/\/potenciaradiofonicadominicana.com\/portal\/la-madre-de-la-chilindrina-aguanto-50-anos-con-el-busto-apretado-y-casi-pierde-un-seno\/#primaryimage"},"thumbnailUrl":"https:\/\/potenciaradiofonicadominicana.com\/portal\/wp-content\/uploads\/2021\/02\/la-madre-de-la-chilindrina-aguanto-50-anos-con-el-busto-apretado-y-casi-pierde-un-seno.jpeg","datePublished":"2021-02-26T16:43:38+00:00","breadcrumb":{"@id":"https:\/\/potenciaradiofonicadominicana.com\/portal\/la-madre-de-la-chilindrina-aguanto-50-anos-con-el-busto-apretado-y-casi-pierde-un-seno\/#breadcrumb"},"inLanguage":"es","potentialAction":[{"@type":"ReadAction","target":["https:\/\/potenciaradiofonicadominicana.com\/portal\/la-madre-de-la-chilindrina-aguanto-50-anos-con-el-busto-apretado-y-casi-pierde-un-seno\/"]}]},{"@type":"ImageObject","inLanguage":"es","@id":"https:\/\/potenciaradiofonicadominicana.com\/portal\/la-madre-de-la-chilindrina-aguanto-50-anos-con-el-busto-apretado-y-casi-pierde-un-seno\/#primaryimage","url":"https:\/\/potenciaradiofonicadominicana.com\/portal\/wp-content\/uploads\/2021\/02\/la-madre-de-la-chilindrina-aguanto-50-anos-con-el-busto-apretado-y-casi-pierde-un-seno.jpeg","contentUrl":"https:\/\/potenciaradiofonicadominicana.com\/portal\/wp-content\/uploads\/2021\/02\/la-madre-de-la-chilindrina-aguanto-50-anos-con-el-busto-apretado-y-casi-pierde-un-seno.jpeg","width":368,"height":460},{"@type":"BreadcrumbList","@id":"https:\/\/potenciaradiofonicadominicana.com\/portal\/la-madre-de-la-chilindrina-aguanto-50-anos-con-el-busto-apretado-y-casi-pierde-un-seno\/#breadcrumb","itemListElement":[{"@type":"ListItem","position":1,"name":"Portada","item":"https:\/\/potenciaradiofonicadominicana.com\/portal\/"},{"@type":"ListItem","position":2,"name":"\u00abLa madre\u00bb de \u00abLa Chilindrina\u00bb aguant\u00f3 50 a\u00f1os con el busto apretado y casi pierde un seno"}]},{"@type":"WebSite","@id":"https:\/\/potenciaradiofonicadominicana.com\/portal\/#website","url":"https:\/\/potenciaradiofonicadominicana.com\/portal\/","name":"PotenciaRadiofonicaDominicana.com","description":"Peri\u00f3dico Digital","publisher":{"@id":"https:\/\/potenciaradiofonicadominicana.com\/portal\/#organization"},"potentialAction":[{"@type":"SearchAction","target":{"@type":"EntryPoint","urlTemplate":"https:\/\/potenciaradiofonicadominicana.com\/portal\/?s={search_term_string}"},"query-input":{"@type":"PropertyValueSpecification","valueRequired":true,"valueName":"search_term_string"}}],"inLanguage":"es"},{"@type":"Organization","@id":"https:\/\/potenciaradiofonicadominicana.com\/portal\/#organization","name":"PotenciaRadiofonicaDominicana.com","url":"https:\/\/potenciaradiofonicadominicana.com\/portal\/","logo":{"@type":"ImageObject","inLanguage":"es","@id":"https:\/\/potenciaradiofonicadominicana.com\/portal\/#\/schema\/logo\/image\/","url":"https:\/\/potenciaradiofonicadominicana.com\/portal\/wp-content\/uploads\/2022\/01\/descarga.png","contentUrl":"https:\/\/potenciaradiofonicadominicana.com\/portal\/wp-content\/uploads\/2022\/01\/descarga.png","width":300,"height":100,"caption":"PotenciaRadiofonicaDominicana.com"},"image":{"@id":"https:\/\/potenciaradiofonicadominicana.com\/portal\/#\/schema\/logo\/image\/"},"sameAs":["https:\/\/web.facebook.com\/PotenciaRadiofonicaD"]},{"@type":"Person","@id":"https:\/\/potenciaradiofonicadominicana.com\/portal\/#\/schema\/person\/a5cf1fea13877803ee0573ac18b03490","name":"Potencia Radiof\u00f3nica Dominicana","image":{"@type":"ImageObject","inLanguage":"es","@id":"https:\/\/potenciaradiofonicadominicana.com\/portal\/#\/schema\/person\/image\/","url":"https:\/\/secure.gravatar.com\/avatar\/42a55ab9e8ccc656ba34cd791990602a?s=96&d=mm&r=g","contentUrl":"https:\/\/secure.gravatar.com\/avatar\/42a55ab9e8ccc656ba34cd791990602a?s=96&d=mm&r=g","caption":"Potencia Radiof\u00f3nica Dominicana"},"url":"https:\/\/potenciaradiofonicadominicana.com\/portal\/author\/johannyalmanzar\/"}]}},"_links":{"self":[{"href":"https:\/\/potenciaradiofonicadominicana.com\/portal\/wp-json\/wp\/v2\/posts\/111920","targetHints":{"allow":["GET"]}}],"collection":[{"href":"https:\/\/potenciaradiofonicadominicana.com\/portal\/wp-json\/wp\/v2\/posts"}],"about":[{"href":"https:\/\/potenciaradiofonicadominicana.com\/portal\/wp-json\/wp\/v2\/types\/post"}],"author":[{"embeddable":true,"href":"https:\/\/potenciaradiofonicadominicana.com\/portal\/wp-json\/wp\/v2\/users\/2"}],"replies":[{"embeddable":true,"href":"https:\/\/potenciaradiofonicadominicana.com\/portal\/wp-json\/wp\/v2\/comments?post=111920"}],"version-history":[{"count":1,"href":"https:\/\/potenciaradiofonicadominicana.com\/portal\/wp-json\/wp\/v2\/posts\/111920\/revisions"}],"predecessor-version":[{"id":111922,"href":"https:\/\/potenciaradiofonicadominicana.com\/portal\/wp-json\/wp\/v2\/posts\/111920\/revisions\/111922"}],"wp:featuredmedia":[{"embeddable":true,"href":"https:\/\/potenciaradiofonicadominicana.com\/portal\/wp-json\/wp\/v2\/media\/111921"}],"wp:attachment":[{"href":"https:\/\/potenciaradiofonicadominicana.com\/portal\/wp-json\/wp\/v2\/media?parent=111920"}],"wp:term":[{"taxonomy":"category","embeddable":true,"href":"https:\/\/potenciaradiofonicadominicana.com\/portal\/wp-json\/wp\/v2\/categories?post=111920"},{"taxonomy":"post_tag","embeddable":true,"href":"https:\/\/potenciaradiofonicadominicana.com\/portal\/wp-json\/wp\/v2\/tags?post=111920"}],"curies":[{"name":"wp","href":"https:\/\/api.w.org\/{rel}","templated":true}]}}