{"id":111914,"date":"2021-02-26T12:35:50","date_gmt":"2021-02-26T16:35:50","guid":{"rendered":"https:\/\/potenciaradiofonicadominicana.com\/portal\/?p=111914"},"modified":"2021-02-26T12:35:50","modified_gmt":"2021-02-26T16:35:50","slug":"caja-negra-en-camioneta-de-woods-arrojaria-pistas","status":"publish","type":"post","link":"https:\/\/potenciaradiofonicadominicana.com\/portal\/caja-negra-en-camioneta-de-woods-arrojaria-pistas\/","title":{"rendered":"\u2018Caja negra\u2019 en camioneta de Woods arrojar\u00eda pistas"},"content":{"rendered":"<p><a href=\"https:\/\/potenciaradiofonicadominicana.com\/portal\/wp-content\/uploads\/2021\/02\/202102261511481.jpeg\"><img loading=\"lazy\" decoding=\"async\" class=\"alignnone size-full wp-image-111915\" src=\"https:\/\/potenciaradiofonicadominicana.com\/portal\/wp-content\/uploads\/2021\/02\/202102261511481.jpeg\" alt=\"\" width=\"680\" height=\"453\" \/><\/a><\/p>\n<div id=\"ArticleAuthorDiv\" class=\"article-body-author\"><b>AP<\/b><\/div>\n<div id=\"ArticleSourceDiv\" class=\"article-body-author\"><b>DETROIT<\/b><\/div>\n<div id=\"ArticleBody\">\n<p>Los investigadores que buscan determinar las causas del accidente en el que Tiger Woods sufri\u00f3 lesiones graves basar\u00e1n muchas de sus conclusiones en los datos almacenados dentro de la camioneta Genesis que conduc\u00eda el golfista estelar.<br \/>\nLa GV80 2021, producida por la marca de lujo de Hyundai, incorporaba probablemente la versi\u00f3n m\u00e1s nueva de las grabadoras de datos sobre eventos, denominadas \u201ccajas negras\u201d, como aqu\u00e9llas con las que cuentan las aeronaves.<br \/>\nEsas grabadoras pueden almacenar un tesoro de datos para las autoridades.<br \/>\nNo hay regulaciones en Estados Unidos que obliguen a instalar las cajas negras en los veh\u00edculos. Sin embargo, el gobierno s\u00ed ordena que, cuando \u00e9stas se encuentran emplazadas, almacenen datos de 15 aspectos, incluida la velocidad antes del impacto y si se presion\u00f3 el freno o el acelerador.<br \/>\nLa regulaci\u00f3n no contempla los nuevos sistemas semiautom\u00e1ticos que pueden controlar la velocidad, el freno y la direcci\u00f3n de los autom\u00f3viles en las autopistas. Tampoco hacen referencia a las c\u00e1maras y radares empleados en esos sistemas.<br \/>\nSin embargo, algunos veh\u00edculos almacenan algunos datos de esta tecnolog\u00eda avanzada.<br \/>\nWoods sufri\u00f3 lesiones graves en las piernas cuando la camioneta que conduc\u00eda se volc\u00f3 en una carretera del condado de Los \u00c1ngeles, sobre un tramo empinado donde hab\u00edan ocurrido accidentes anteriores.<br \/>\nEl alguacil del condado dijo que Woods no hab\u00eda bebido alcohol, y conduc\u00eda solo en condiciones meteorol\u00f3gicas despejadas, cuando la camioneta impact\u00f3 un camell\u00f3n, invadi\u00f3 los carriles contrarios de la v\u00eda y dio varias vueltas.<br \/>\nWoods fue sometido a una cirug\u00eda en la pierna derecha.<br \/>\nSe desconoce cu\u00e1nto recuerda Woods del accidente. Sin embargo, los datos de la caja negra podr\u00edan ayudar.<br \/>\n\u00bfQU\u00c9 ES UNA GRABADORA DE DATOS DE EVENTOS EN UN AUTO?<br \/>\nEs una computadora que almacena informaci\u00f3n de los sensores del veh\u00edculo. Los agentes policiales pueden descargar los datos a la hora de investigar un accidente.<br \/>\nLas \u201ccajas negras\u201d est\u00e1n usualmente debajo del centro del tablero o de los asientos, a fin de que no se da\u00f1en en un impacto.<br \/>\n\u00bfHAY UNA EN MI VEH\u00cdCULO?<br \/>\nProbablemente. La Administraci\u00f3n Nacional de Seguridad del Tr\u00e1fico en Autopistas informa que casi todos los veh\u00edculos tienen ahora una de estas grabadoras. Incluso para los autos modelo 2005, el 64% las incorporaba.<br \/>\nGeneral Motors coloc\u00f3 la primera grabadora en un veh\u00edculo en 1994, para almacenar datos limitados, dijo Richard Ruth, quien opera una consultor\u00eda en Washington D.C., la cual realiza investigaciones de accidentes y entrena a los agentes para reconstruir la manera en que ocurrieron los percances.<\/p>\n<\/div>\n<p>&nbsp;<\/p>\n<p>&nbsp;<\/p>\n<p>&nbsp;<\/p>\n<p>Fuente<br \/>\nListin Diario<\/p>\n","protected":false},"excerpt":{"rendered":"<p>AP DETROIT Los investigadores que buscan determinar las causas del accidente en el que Tiger Woods sufri\u00f3 lesiones graves basar\u00e1n &#8230;<\/p>\n","protected":false},"author":2,"featured_media":111915,"comment_status":"open","ping_status":"open","sticky":false,"template":"","format":"standard","meta":{"footnotes":""},"categories":[28],"tags":[],"class_list":["post-111914","post","type-post","status-publish","format-standard","has-post-thumbnail","hentry","category-deportes"],"yoast_head":"<!-- This site is optimized with the Yoast SEO plugin v24.8.1 - https:\/\/yoast.com\/wordpress\/plugins\/seo\/ -->\n<title>\u2018Caja negra\u2019 en camioneta de Woods arrojar\u00eda pistas - PotenciaRadiofonicaDominicana.com<\/title>\n<meta name=\"robots\" content=\"index, follow, max-snippet:-1, max-image-preview:large, max-video-preview:-1\" \/>\n<link rel=\"canonical\" href=\"https:\/\/potenciaradiofonicadominicana.com\/portal\/caja-negra-en-camioneta-de-woods-arrojaria-pistas\/\" \/>\n<meta property=\"og:locale\" content=\"es_ES\" \/>\n<meta property=\"og:type\" content=\"article\" \/>\n<meta property=\"og:title\" content=\"\u2018Caja negra\u2019 en camioneta de Woods arrojar\u00eda pistas - PotenciaRadiofonicaDominicana.com\" \/>\n<meta property=\"og:description\" content=\"AP DETROIT Los investigadores que buscan determinar las causas del accidente en el que Tiger Woods sufri\u00f3 lesiones graves basar\u00e1n ...\" \/>\n<meta property=\"og:url\" content=\"https:\/\/potenciaradiofonicadominicana.com\/portal\/caja-negra-en-camioneta-de-woods-arrojaria-pistas\/\" \/>\n<meta property=\"og:site_name\" content=\"PotenciaRadiofonicaDominicana.com\" \/>\n<meta property=\"article:publisher\" content=\"https:\/\/web.facebook.com\/PotenciaRadiofonicaD\" \/>\n<meta property=\"article:published_time\" content=\"2021-02-26T16:35:50+00:00\" \/>\n<meta property=\"og:image\" content=\"https:\/\/potenciaradiofonicadominicana.com\/portal\/wp-content\/uploads\/2021\/02\/202102261511481.jpeg\" \/>\n\t<meta property=\"og:image:width\" content=\"680\" \/>\n\t<meta property=\"og:image:height\" content=\"453\" \/>\n\t<meta property=\"og:image:type\" content=\"image\/jpeg\" \/>\n<meta name=\"author\" content=\"Potencia Radiof\u00f3nica Dominicana\" \/>\n<meta name=\"twitter:card\" content=\"summary_large_image\" \/>\n<meta name=\"twitter:label1\" content=\"Escrito por\" \/>\n\t<meta name=\"twitter:data1\" content=\"Potencia Radiof\u00f3nica Dominicana\" \/>\n\t<meta name=\"twitter:label2\" content=\"Tiempo de lectura\" \/>\n\t<meta name=\"twitter:data2\" content=\"2 minutos\" \/>\n<script type=\"application\/ld+json\" class=\"yoast-schema-graph\">{\"@context\":\"https:\/\/schema.org\",\"@graph\":[{\"@type\":\"Article\",\"@id\":\"https:\/\/potenciaradiofonicadominicana.com\/portal\/caja-negra-en-camioneta-de-woods-arrojaria-pistas\/#article\",\"isPartOf\":{\"@id\":\"https:\/\/potenciaradiofonicadominicana.com\/portal\/caja-negra-en-camioneta-de-woods-arrojaria-pistas\/\"},\"author\":{\"name\":\"Potencia Radiof\u00f3nica Dominicana\",\"@id\":\"https:\/\/potenciaradiofonicadominicana.com\/portal\/#\/schema\/person\/a5cf1fea13877803ee0573ac18b03490\"},\"headline\":\"\u2018Caja negra\u2019 en camioneta de Woods arrojar\u00eda pistas\",\"datePublished\":\"2021-02-26T16:35:50+00:00\",\"mainEntityOfPage\":{\"@id\":\"https:\/\/potenciaradiofonicadominicana.com\/portal\/caja-negra-en-camioneta-de-woods-arrojaria-pistas\/\"},\"wordCount\":458,\"commentCount\":0,\"publisher\":{\"@id\":\"https:\/\/potenciaradiofonicadominicana.com\/portal\/#organization\"},\"image\":{\"@id\":\"https:\/\/potenciaradiofonicadominicana.com\/portal\/caja-negra-en-camioneta-de-woods-arrojaria-pistas\/#primaryimage\"},\"thumbnailUrl\":\"https:\/\/potenciaradiofonicadominicana.com\/portal\/wp-content\/uploads\/2021\/02\/202102261511481.jpeg\",\"articleSection\":[\"Deportes\"],\"inLanguage\":\"es\",\"potentialAction\":[{\"@type\":\"CommentAction\",\"name\":\"Comment\",\"target\":[\"https:\/\/potenciaradiofonicadominicana.com\/portal\/caja-negra-en-camioneta-de-woods-arrojaria-pistas\/#respond\"]}]},{\"@type\":\"WebPage\",\"@id\":\"https:\/\/potenciaradiofonicadominicana.com\/portal\/caja-negra-en-camioneta-de-woods-arrojaria-pistas\/\",\"url\":\"https:\/\/potenciaradiofonicadominicana.com\/portal\/caja-negra-en-camioneta-de-woods-arrojaria-pistas\/\",\"name\":\"\u2018Caja negra\u2019 en camioneta de Woods arrojar\u00eda pistas - PotenciaRadiofonicaDominicana.com\",\"isPartOf\":{\"@id\":\"https:\/\/potenciaradiofonicadominicana.com\/portal\/#website\"},\"primaryImageOfPage\":{\"@id\":\"https:\/\/potenciaradiofonicadominicana.com\/portal\/caja-negra-en-camioneta-de-woods-arrojaria-pistas\/#primaryimage\"},\"image\":{\"@id\":\"https:\/\/potenciaradiofonicadominicana.com\/portal\/caja-negra-en-camioneta-de-woods-arrojaria-pistas\/#primaryimage\"},\"thumbnailUrl\":\"https:\/\/potenciaradiofonicadominicana.com\/portal\/wp-content\/uploads\/2021\/02\/202102261511481.jpeg\",\"datePublished\":\"2021-02-26T16:35:50+00:00\",\"breadcrumb\":{\"@id\":\"https:\/\/potenciaradiofonicadominicana.com\/portal\/caja-negra-en-camioneta-de-woods-arrojaria-pistas\/#breadcrumb\"},\"inLanguage\":\"es\",\"potentialAction\":[{\"@type\":\"ReadAction\",\"target\":[\"https:\/\/potenciaradiofonicadominicana.com\/portal\/caja-negra-en-camioneta-de-woods-arrojaria-pistas\/\"]}]},{\"@type\":\"ImageObject\",\"inLanguage\":\"es\",\"@id\":\"https:\/\/potenciaradiofonicadominicana.com\/portal\/caja-negra-en-camioneta-de-woods-arrojaria-pistas\/#primaryimage\",\"url\":\"https:\/\/potenciaradiofonicadominicana.com\/portal\/wp-content\/uploads\/2021\/02\/202102261511481.jpeg\",\"contentUrl\":\"https:\/\/potenciaradiofonicadominicana.com\/portal\/wp-content\/uploads\/2021\/02\/202102261511481.jpeg\",\"width\":680,\"height\":453},{\"@type\":\"BreadcrumbList\",\"@id\":\"https:\/\/potenciaradiofonicadominicana.com\/portal\/caja-negra-en-camioneta-de-woods-arrojaria-pistas\/#breadcrumb\",\"itemListElement\":[{\"@type\":\"ListItem\",\"position\":1,\"name\":\"Portada\",\"item\":\"https:\/\/potenciaradiofonicadominicana.com\/portal\/\"},{\"@type\":\"ListItem\",\"position\":2,\"name\":\"\u2018Caja negra\u2019 en camioneta de Woods arrojar\u00eda pistas\"}]},{\"@type\":\"WebSite\",\"@id\":\"https:\/\/potenciaradiofonicadominicana.com\/portal\/#website\",\"url\":\"https:\/\/potenciaradiofonicadominicana.com\/portal\/\",\"name\":\"PotenciaRadiofonicaDominicana.com\",\"description\":\"Peri\u00f3dico Digital\",\"publisher\":{\"@id\":\"https:\/\/potenciaradiofonicadominicana.com\/portal\/#organization\"},\"potentialAction\":[{\"@type\":\"SearchAction\",\"target\":{\"@type\":\"EntryPoint\",\"urlTemplate\":\"https:\/\/potenciaradiofonicadominicana.com\/portal\/?s={search_term_string}\"},\"query-input\":{\"@type\":\"PropertyValueSpecification\",\"valueRequired\":true,\"valueName\":\"search_term_string\"}}],\"inLanguage\":\"es\"},{\"@type\":\"Organization\",\"@id\":\"https:\/\/potenciaradiofonicadominicana.com\/portal\/#organization\",\"name\":\"PotenciaRadiofonicaDominicana.com\",\"url\":\"https:\/\/potenciaradiofonicadominicana.com\/portal\/\",\"logo\":{\"@type\":\"ImageObject\",\"inLanguage\":\"es\",\"@id\":\"https:\/\/potenciaradiofonicadominicana.com\/portal\/#\/schema\/logo\/image\/\",\"url\":\"https:\/\/potenciaradiofonicadominicana.com\/portal\/wp-content\/uploads\/2022\/01\/descarga.png\",\"contentUrl\":\"https:\/\/potenciaradiofonicadominicana.com\/portal\/wp-content\/uploads\/2022\/01\/descarga.png\",\"width\":300,\"height\":100,\"caption\":\"PotenciaRadiofonicaDominicana.com\"},\"image\":{\"@id\":\"https:\/\/potenciaradiofonicadominicana.com\/portal\/#\/schema\/logo\/image\/\"},\"sameAs\":[\"https:\/\/web.facebook.com\/PotenciaRadiofonicaD\"]},{\"@type\":\"Person\",\"@id\":\"https:\/\/potenciaradiofonicadominicana.com\/portal\/#\/schema\/person\/a5cf1fea13877803ee0573ac18b03490\",\"name\":\"Potencia Radiof\u00f3nica Dominicana\",\"image\":{\"@type\":\"ImageObject\",\"inLanguage\":\"es\",\"@id\":\"https:\/\/potenciaradiofonicadominicana.com\/portal\/#\/schema\/person\/image\/\",\"url\":\"https:\/\/secure.gravatar.com\/avatar\/42a55ab9e8ccc656ba34cd791990602a?s=96&d=mm&r=g\",\"contentUrl\":\"https:\/\/secure.gravatar.com\/avatar\/42a55ab9e8ccc656ba34cd791990602a?s=96&d=mm&r=g\",\"caption\":\"Potencia Radiof\u00f3nica Dominicana\"},\"url\":\"https:\/\/potenciaradiofonicadominicana.com\/portal\/author\/johannyalmanzar\/\"}]}<\/script>\n<!-- \/ Yoast SEO plugin. -->","yoast_head_json":{"title":"\u2018Caja negra\u2019 en camioneta de Woods arrojar\u00eda pistas - PotenciaRadiofonicaDominicana.com","robots":{"index":"index","follow":"follow","max-snippet":"max-snippet:-1","max-image-preview":"max-image-preview:large","max-video-preview":"max-video-preview:-1"},"canonical":"https:\/\/potenciaradiofonicadominicana.com\/portal\/caja-negra-en-camioneta-de-woods-arrojaria-pistas\/","og_locale":"es_ES","og_type":"article","og_title":"\u2018Caja negra\u2019 en camioneta de Woods arrojar\u00eda pistas - PotenciaRadiofonicaDominicana.com","og_description":"AP DETROIT Los investigadores que buscan determinar las causas del accidente en el que Tiger Woods sufri\u00f3 lesiones graves basar\u00e1n ...","og_url":"https:\/\/potenciaradiofonicadominicana.com\/portal\/caja-negra-en-camioneta-de-woods-arrojaria-pistas\/","og_site_name":"PotenciaRadiofonicaDominicana.com","article_publisher":"https:\/\/web.facebook.com\/PotenciaRadiofonicaD","article_published_time":"2021-02-26T16:35:50+00:00","og_image":[{"width":680,"height":453,"url":"https:\/\/potenciaradiofonicadominicana.com\/portal\/wp-content\/uploads\/2021\/02\/202102261511481.jpeg","type":"image\/jpeg"}],"author":"Potencia Radiof\u00f3nica Dominicana","twitter_card":"summary_large_image","twitter_misc":{"Escrito por":"Potencia Radiof\u00f3nica Dominicana","Tiempo de lectura":"2 minutos"},"schema":{"@context":"https:\/\/schema.org","@graph":[{"@type":"Article","@id":"https:\/\/potenciaradiofonicadominicana.com\/portal\/caja-negra-en-camioneta-de-woods-arrojaria-pistas\/#article","isPartOf":{"@id":"https:\/\/potenciaradiofonicadominicana.com\/portal\/caja-negra-en-camioneta-de-woods-arrojaria-pistas\/"},"author":{"name":"Potencia Radiof\u00f3nica Dominicana","@id":"https:\/\/potenciaradiofonicadominicana.com\/portal\/#\/schema\/person\/a5cf1fea13877803ee0573ac18b03490"},"headline":"\u2018Caja negra\u2019 en camioneta de Woods arrojar\u00eda pistas","datePublished":"2021-02-26T16:35:50+00:00","mainEntityOfPage":{"@id":"https:\/\/potenciaradiofonicadominicana.com\/portal\/caja-negra-en-camioneta-de-woods-arrojaria-pistas\/"},"wordCount":458,"commentCount":0,"publisher":{"@id":"https:\/\/potenciaradiofonicadominicana.com\/portal\/#organization"},"image":{"@id":"https:\/\/potenciaradiofonicadominicana.com\/portal\/caja-negra-en-camioneta-de-woods-arrojaria-pistas\/#primaryimage"},"thumbnailUrl":"https:\/\/potenciaradiofonicadominicana.com\/portal\/wp-content\/uploads\/2021\/02\/202102261511481.jpeg","articleSection":["Deportes"],"inLanguage":"es","potentialAction":[{"@type":"CommentAction","name":"Comment","target":["https:\/\/potenciaradiofonicadominicana.com\/portal\/caja-negra-en-camioneta-de-woods-arrojaria-pistas\/#respond"]}]},{"@type":"WebPage","@id":"https:\/\/potenciaradiofonicadominicana.com\/portal\/caja-negra-en-camioneta-de-woods-arrojaria-pistas\/","url":"https:\/\/potenciaradiofonicadominicana.com\/portal\/caja-negra-en-camioneta-de-woods-arrojaria-pistas\/","name":"\u2018Caja negra\u2019 en camioneta de Woods arrojar\u00eda pistas - PotenciaRadiofonicaDominicana.com","isPartOf":{"@id":"https:\/\/potenciaradiofonicadominicana.com\/portal\/#website"},"primaryImageOfPage":{"@id":"https:\/\/potenciaradiofonicadominicana.com\/portal\/caja-negra-en-camioneta-de-woods-arrojaria-pistas\/#primaryimage"},"image":{"@id":"https:\/\/potenciaradiofonicadominicana.com\/portal\/caja-negra-en-camioneta-de-woods-arrojaria-pistas\/#primaryimage"},"thumbnailUrl":"https:\/\/potenciaradiofonicadominicana.com\/portal\/wp-content\/uploads\/2021\/02\/202102261511481.jpeg","datePublished":"2021-02-26T16:35:50+00:00","breadcrumb":{"@id":"https:\/\/potenciaradiofonicadominicana.com\/portal\/caja-negra-en-camioneta-de-woods-arrojaria-pistas\/#breadcrumb"},"inLanguage":"es","potentialAction":[{"@type":"ReadAction","target":["https:\/\/potenciaradiofonicadominicana.com\/portal\/caja-negra-en-camioneta-de-woods-arrojaria-pistas\/"]}]},{"@type":"ImageObject","inLanguage":"es","@id":"https:\/\/potenciaradiofonicadominicana.com\/portal\/caja-negra-en-camioneta-de-woods-arrojaria-pistas\/#primaryimage","url":"https:\/\/potenciaradiofonicadominicana.com\/portal\/wp-content\/uploads\/2021\/02\/202102261511481.jpeg","contentUrl":"https:\/\/potenciaradiofonicadominicana.com\/portal\/wp-content\/uploads\/2021\/02\/202102261511481.jpeg","width":680,"height":453},{"@type":"BreadcrumbList","@id":"https:\/\/potenciaradiofonicadominicana.com\/portal\/caja-negra-en-camioneta-de-woods-arrojaria-pistas\/#breadcrumb","itemListElement":[{"@type":"ListItem","position":1,"name":"Portada","item":"https:\/\/potenciaradiofonicadominicana.com\/portal\/"},{"@type":"ListItem","position":2,"name":"\u2018Caja negra\u2019 en camioneta de Woods arrojar\u00eda pistas"}]},{"@type":"WebSite","@id":"https:\/\/potenciaradiofonicadominicana.com\/portal\/#website","url":"https:\/\/potenciaradiofonicadominicana.com\/portal\/","name":"PotenciaRadiofonicaDominicana.com","description":"Peri\u00f3dico Digital","publisher":{"@id":"https:\/\/potenciaradiofonicadominicana.com\/portal\/#organization"},"potentialAction":[{"@type":"SearchAction","target":{"@type":"EntryPoint","urlTemplate":"https:\/\/potenciaradiofonicadominicana.com\/portal\/?s={search_term_string}"},"query-input":{"@type":"PropertyValueSpecification","valueRequired":true,"valueName":"search_term_string"}}],"inLanguage":"es"},{"@type":"Organization","@id":"https:\/\/potenciaradiofonicadominicana.com\/portal\/#organization","name":"PotenciaRadiofonicaDominicana.com","url":"https:\/\/potenciaradiofonicadominicana.com\/portal\/","logo":{"@type":"ImageObject","inLanguage":"es","@id":"https:\/\/potenciaradiofonicadominicana.com\/portal\/#\/schema\/logo\/image\/","url":"https:\/\/potenciaradiofonicadominicana.com\/portal\/wp-content\/uploads\/2022\/01\/descarga.png","contentUrl":"https:\/\/potenciaradiofonicadominicana.com\/portal\/wp-content\/uploads\/2022\/01\/descarga.png","width":300,"height":100,"caption":"PotenciaRadiofonicaDominicana.com"},"image":{"@id":"https:\/\/potenciaradiofonicadominicana.com\/portal\/#\/schema\/logo\/image\/"},"sameAs":["https:\/\/web.facebook.com\/PotenciaRadiofonicaD"]},{"@type":"Person","@id":"https:\/\/potenciaradiofonicadominicana.com\/portal\/#\/schema\/person\/a5cf1fea13877803ee0573ac18b03490","name":"Potencia Radiof\u00f3nica Dominicana","image":{"@type":"ImageObject","inLanguage":"es","@id":"https:\/\/potenciaradiofonicadominicana.com\/portal\/#\/schema\/person\/image\/","url":"https:\/\/secure.gravatar.com\/avatar\/42a55ab9e8ccc656ba34cd791990602a?s=96&d=mm&r=g","contentUrl":"https:\/\/secure.gravatar.com\/avatar\/42a55ab9e8ccc656ba34cd791990602a?s=96&d=mm&r=g","caption":"Potencia Radiof\u00f3nica Dominicana"},"url":"https:\/\/potenciaradiofonicadominicana.com\/portal\/author\/johannyalmanzar\/"}]}},"_links":{"self":[{"href":"https:\/\/potenciaradiofonicadominicana.com\/portal\/wp-json\/wp\/v2\/posts\/111914","targetHints":{"allow":["GET"]}}],"collection":[{"href":"https:\/\/potenciaradiofonicadominicana.com\/portal\/wp-json\/wp\/v2\/posts"}],"about":[{"href":"https:\/\/potenciaradiofonicadominicana.com\/portal\/wp-json\/wp\/v2\/types\/post"}],"author":[{"embeddable":true,"href":"https:\/\/potenciaradiofonicadominicana.com\/portal\/wp-json\/wp\/v2\/users\/2"}],"replies":[{"embeddable":true,"href":"https:\/\/potenciaradiofonicadominicana.com\/portal\/wp-json\/wp\/v2\/comments?post=111914"}],"version-history":[{"count":1,"href":"https:\/\/potenciaradiofonicadominicana.com\/portal\/wp-json\/wp\/v2\/posts\/111914\/revisions"}],"predecessor-version":[{"id":111916,"href":"https:\/\/potenciaradiofonicadominicana.com\/portal\/wp-json\/wp\/v2\/posts\/111914\/revisions\/111916"}],"wp:featuredmedia":[{"embeddable":true,"href":"https:\/\/potenciaradiofonicadominicana.com\/portal\/wp-json\/wp\/v2\/media\/111915"}],"wp:attachment":[{"href":"https:\/\/potenciaradiofonicadominicana.com\/portal\/wp-json\/wp\/v2\/media?parent=111914"}],"wp:term":[{"taxonomy":"category","embeddable":true,"href":"https:\/\/potenciaradiofonicadominicana.com\/portal\/wp-json\/wp\/v2\/categories?post=111914"},{"taxonomy":"post_tag","embeddable":true,"href":"https:\/\/potenciaradiofonicadominicana.com\/portal\/wp-json\/wp\/v2\/tags?post=111914"}],"curies":[{"name":"wp","href":"https:\/\/api.w.org\/{rel}","templated":true}]}}