{"id":111904,"date":"2021-02-26T12:30:39","date_gmt":"2021-02-26T16:30:39","guid":{"rendered":"https:\/\/potenciaradiofonicadominicana.com\/portal\/?p=111904"},"modified":"2021-02-26T12:30:39","modified_gmt":"2021-02-26T16:30:39","slug":"miderec-celebrara-hoy-aniversario-xii-juegos","status":"publish","type":"post","link":"https:\/\/potenciaradiofonicadominicana.com\/portal\/miderec-celebrara-hoy-aniversario-xii-juegos\/","title":{"rendered":"Miderec celebrar\u00e1 hoy aniversario XII Juegos"},"content":{"rendered":"<p><a href=\"https:\/\/potenciaradiofonicadominicana.com\/portal\/wp-content\/uploads\/2021\/02\/miderec-apoyara-los-juegos-militares.jpeg\"><img loading=\"lazy\" decoding=\"async\" class=\"alignnone size-full wp-image-111905\" src=\"https:\/\/potenciaradiofonicadominicana.com\/portal\/wp-content\/uploads\/2021\/02\/miderec-apoyara-los-juegos-militares.jpeg\" alt=\"\" width=\"1200\" height=\"829\" \/><\/a><\/p>\n<p><strong>Evento. Reconocer\u00e1n a los atletas que se destacaron durante la justa en el a\u00f1o 1974<\/strong><\/p>\n<p>Con motivo del 47 aniversario de la celebraci\u00f3n en el pa\u00eds de los XII Juegos Deportivos Centroamericanos y del Caribe, Santo Domingo 1974, el Ministerio de Deportes realizar\u00e1 hoy un acto a partir de las 10:00 de la ma\u00f1ana, en el auditorio del Pabell\u00f3n de la Fama del Deporte Dominicano, en el Centro Ol\u00edmpico Juan Pablo Duarte, donde reconocer\u00e1 a varios de los atletas que se destacaron en la justa deportiva.<\/p>\n<p>La competici\u00f3n regional marc\u00f3 un antes y un despu\u00e9s en el deporte nacional, donde por primera vez el pa\u00eds se embarc\u00f3 en un evento de esta magnitud.<\/p>\n<p>El ministro de Deportes, Francisco Camacho, encabezar\u00e1 un acto, junto a funcionarios de la cartera y dirigentes deportivos. Camacho pronunciar\u00e1 las palabras centrales y entregar\u00e1 certificados a quienes formaron parte de la delegaci\u00f3n dominicana.<\/p>\n<p>El encuentro es coordinado por la Direcci\u00f3n T\u00e9cnica del Ministerio de Deportes, que dirige Neftal\u00ed Ventura.<\/p>\n<p>La actividad se iniciar\u00e1 con la entonaci\u00f3n del Himno Nacional, luego el desfile de cuatro abanderados que portar\u00e1n el lienzo patrio, del Comit\u00e9 Ol\u00edmpico Dominicano, de los XII Juegos, y del Ministerio de Deportes.<\/p>\n<p>Las banderas ser\u00e1n portadas por Donato V\u00e1squez, quien fue el abanderado de la Rep\u00fablica Dominicana en la inauguraci\u00f3n de la cita regional, y los inmortales del deporte Heyda Joaqu\u00edn (s\u00f3ftbol), Manolo Prince (baloncesto) y Amaury Cordero (levantamiento de pesas).<\/p>\n<p>Cordero logr\u00f3 la haza\u00f1a de ser el \u00fanico atleta dominicano ganador de una medalla de oro en la competici\u00f3n, mientras Joaqu\u00edn era miembro de la selecci\u00f3n nacional femenina de voleibol que gan\u00f3 la medalla de bronce.<\/p>\n<p>V\u00e1squez compiti\u00f3 en las principales pruebas de velocidad, como son los 100 y los 200 metros planos. Prince fue el armador titular de la selecci\u00f3n de baloncesto.<\/p>\n<p>En el acto se guardar\u00e1 un minuto de silencio por los fallecidos.<\/p>\n<p>&nbsp;<\/p>\n<p>&nbsp;<\/p>\n<p>Fuente<br \/>\nPeriodico Hoy<\/p>\n","protected":false},"excerpt":{"rendered":"<p>Evento. Reconocer\u00e1n a los atletas que se destacaron durante la justa en el a\u00f1o 1974 Con motivo del 47 aniversario &#8230;<\/p>\n","protected":false},"author":2,"featured_media":111905,"comment_status":"open","ping_status":"open","sticky":false,"template":"","format":"standard","meta":{"footnotes":""},"categories":[28],"tags":[],"class_list":["post-111904","post","type-post","status-publish","format-standard","has-post-thumbnail","hentry","category-deportes"],"yoast_head":"<!-- This site is optimized with the Yoast SEO plugin v24.8.1 - https:\/\/yoast.com\/wordpress\/plugins\/seo\/ -->\n<title>Miderec celebrar\u00e1 hoy aniversario XII Juegos - PotenciaRadiofonicaDominicana.com<\/title>\n<meta name=\"robots\" content=\"index, follow, max-snippet:-1, max-image-preview:large, max-video-preview:-1\" \/>\n<link rel=\"canonical\" href=\"https:\/\/potenciaradiofonicadominicana.com\/portal\/miderec-celebrara-hoy-aniversario-xii-juegos\/\" \/>\n<meta property=\"og:locale\" content=\"es_ES\" \/>\n<meta property=\"og:type\" content=\"article\" \/>\n<meta property=\"og:title\" content=\"Miderec celebrar\u00e1 hoy aniversario XII Juegos - PotenciaRadiofonicaDominicana.com\" \/>\n<meta property=\"og:description\" content=\"Evento. Reconocer\u00e1n a los atletas que se destacaron durante la justa en el a\u00f1o 1974 Con motivo del 47 aniversario ...\" \/>\n<meta property=\"og:url\" content=\"https:\/\/potenciaradiofonicadominicana.com\/portal\/miderec-celebrara-hoy-aniversario-xii-juegos\/\" \/>\n<meta property=\"og:site_name\" content=\"PotenciaRadiofonicaDominicana.com\" \/>\n<meta property=\"article:publisher\" content=\"https:\/\/web.facebook.com\/PotenciaRadiofonicaD\" \/>\n<meta property=\"article:published_time\" content=\"2021-02-26T16:30:39+00:00\" \/>\n<meta property=\"og:image\" content=\"https:\/\/potenciaradiofonicadominicana.com\/portal\/wp-content\/uploads\/2021\/02\/miderec-apoyara-los-juegos-militares.jpeg\" \/>\n\t<meta property=\"og:image:width\" content=\"1200\" \/>\n\t<meta property=\"og:image:height\" content=\"829\" \/>\n\t<meta property=\"og:image:type\" content=\"image\/jpeg\" \/>\n<meta name=\"author\" content=\"Potencia Radiof\u00f3nica Dominicana\" \/>\n<meta name=\"twitter:card\" content=\"summary_large_image\" \/>\n<meta name=\"twitter:label1\" content=\"Escrito por\" \/>\n\t<meta name=\"twitter:data1\" content=\"Potencia Radiof\u00f3nica Dominicana\" \/>\n\t<meta name=\"twitter:label2\" content=\"Tiempo de lectura\" \/>\n\t<meta name=\"twitter:data2\" content=\"2 minutos\" \/>\n<script type=\"application\/ld+json\" class=\"yoast-schema-graph\">{\"@context\":\"https:\/\/schema.org\",\"@graph\":[{\"@type\":\"Article\",\"@id\":\"https:\/\/potenciaradiofonicadominicana.com\/portal\/miderec-celebrara-hoy-aniversario-xii-juegos\/#article\",\"isPartOf\":{\"@id\":\"https:\/\/potenciaradiofonicadominicana.com\/portal\/miderec-celebrara-hoy-aniversario-xii-juegos\/\"},\"author\":{\"name\":\"Potencia Radiof\u00f3nica Dominicana\",\"@id\":\"https:\/\/potenciaradiofonicadominicana.com\/portal\/#\/schema\/person\/a5cf1fea13877803ee0573ac18b03490\"},\"headline\":\"Miderec celebrar\u00e1 hoy aniversario XII Juegos\",\"datePublished\":\"2021-02-26T16:30:39+00:00\",\"mainEntityOfPage\":{\"@id\":\"https:\/\/potenciaradiofonicadominicana.com\/portal\/miderec-celebrara-hoy-aniversario-xii-juegos\/\"},\"wordCount\":344,\"commentCount\":0,\"publisher\":{\"@id\":\"https:\/\/potenciaradiofonicadominicana.com\/portal\/#organization\"},\"image\":{\"@id\":\"https:\/\/potenciaradiofonicadominicana.com\/portal\/miderec-celebrara-hoy-aniversario-xii-juegos\/#primaryimage\"},\"thumbnailUrl\":\"https:\/\/potenciaradiofonicadominicana.com\/portal\/wp-content\/uploads\/2021\/02\/miderec-apoyara-los-juegos-militares.jpeg\",\"articleSection\":[\"Deportes\"],\"inLanguage\":\"es\",\"potentialAction\":[{\"@type\":\"CommentAction\",\"name\":\"Comment\",\"target\":[\"https:\/\/potenciaradiofonicadominicana.com\/portal\/miderec-celebrara-hoy-aniversario-xii-juegos\/#respond\"]}]},{\"@type\":\"WebPage\",\"@id\":\"https:\/\/potenciaradiofonicadominicana.com\/portal\/miderec-celebrara-hoy-aniversario-xii-juegos\/\",\"url\":\"https:\/\/potenciaradiofonicadominicana.com\/portal\/miderec-celebrara-hoy-aniversario-xii-juegos\/\",\"name\":\"Miderec celebrar\u00e1 hoy aniversario XII Juegos - PotenciaRadiofonicaDominicana.com\",\"isPartOf\":{\"@id\":\"https:\/\/potenciaradiofonicadominicana.com\/portal\/#website\"},\"primaryImageOfPage\":{\"@id\":\"https:\/\/potenciaradiofonicadominicana.com\/portal\/miderec-celebrara-hoy-aniversario-xii-juegos\/#primaryimage\"},\"image\":{\"@id\":\"https:\/\/potenciaradiofonicadominicana.com\/portal\/miderec-celebrara-hoy-aniversario-xii-juegos\/#primaryimage\"},\"thumbnailUrl\":\"https:\/\/potenciaradiofonicadominicana.com\/portal\/wp-content\/uploads\/2021\/02\/miderec-apoyara-los-juegos-militares.jpeg\",\"datePublished\":\"2021-02-26T16:30:39+00:00\",\"breadcrumb\":{\"@id\":\"https:\/\/potenciaradiofonicadominicana.com\/portal\/miderec-celebrara-hoy-aniversario-xii-juegos\/#breadcrumb\"},\"inLanguage\":\"es\",\"potentialAction\":[{\"@type\":\"ReadAction\",\"target\":[\"https:\/\/potenciaradiofonicadominicana.com\/portal\/miderec-celebrara-hoy-aniversario-xii-juegos\/\"]}]},{\"@type\":\"ImageObject\",\"inLanguage\":\"es\",\"@id\":\"https:\/\/potenciaradiofonicadominicana.com\/portal\/miderec-celebrara-hoy-aniversario-xii-juegos\/#primaryimage\",\"url\":\"https:\/\/potenciaradiofonicadominicana.com\/portal\/wp-content\/uploads\/2021\/02\/miderec-apoyara-los-juegos-militares.jpeg\",\"contentUrl\":\"https:\/\/potenciaradiofonicadominicana.com\/portal\/wp-content\/uploads\/2021\/02\/miderec-apoyara-los-juegos-militares.jpeg\",\"width\":1200,\"height\":829},{\"@type\":\"BreadcrumbList\",\"@id\":\"https:\/\/potenciaradiofonicadominicana.com\/portal\/miderec-celebrara-hoy-aniversario-xii-juegos\/#breadcrumb\",\"itemListElement\":[{\"@type\":\"ListItem\",\"position\":1,\"name\":\"Portada\",\"item\":\"https:\/\/potenciaradiofonicadominicana.com\/portal\/\"},{\"@type\":\"ListItem\",\"position\":2,\"name\":\"Miderec celebrar\u00e1 hoy aniversario XII Juegos\"}]},{\"@type\":\"WebSite\",\"@id\":\"https:\/\/potenciaradiofonicadominicana.com\/portal\/#website\",\"url\":\"https:\/\/potenciaradiofonicadominicana.com\/portal\/\",\"name\":\"PotenciaRadiofonicaDominicana.com\",\"description\":\"Peri\u00f3dico Digital\",\"publisher\":{\"@id\":\"https:\/\/potenciaradiofonicadominicana.com\/portal\/#organization\"},\"potentialAction\":[{\"@type\":\"SearchAction\",\"target\":{\"@type\":\"EntryPoint\",\"urlTemplate\":\"https:\/\/potenciaradiofonicadominicana.com\/portal\/?s={search_term_string}\"},\"query-input\":{\"@type\":\"PropertyValueSpecification\",\"valueRequired\":true,\"valueName\":\"search_term_string\"}}],\"inLanguage\":\"es\"},{\"@type\":\"Organization\",\"@id\":\"https:\/\/potenciaradiofonicadominicana.com\/portal\/#organization\",\"name\":\"PotenciaRadiofonicaDominicana.com\",\"url\":\"https:\/\/potenciaradiofonicadominicana.com\/portal\/\",\"logo\":{\"@type\":\"ImageObject\",\"inLanguage\":\"es\",\"@id\":\"https:\/\/potenciaradiofonicadominicana.com\/portal\/#\/schema\/logo\/image\/\",\"url\":\"https:\/\/potenciaradiofonicadominicana.com\/portal\/wp-content\/uploads\/2022\/01\/descarga.png\",\"contentUrl\":\"https:\/\/potenciaradiofonicadominicana.com\/portal\/wp-content\/uploads\/2022\/01\/descarga.png\",\"width\":300,\"height\":100,\"caption\":\"PotenciaRadiofonicaDominicana.com\"},\"image\":{\"@id\":\"https:\/\/potenciaradiofonicadominicana.com\/portal\/#\/schema\/logo\/image\/\"},\"sameAs\":[\"https:\/\/web.facebook.com\/PotenciaRadiofonicaD\"]},{\"@type\":\"Person\",\"@id\":\"https:\/\/potenciaradiofonicadominicana.com\/portal\/#\/schema\/person\/a5cf1fea13877803ee0573ac18b03490\",\"name\":\"Potencia Radiof\u00f3nica Dominicana\",\"image\":{\"@type\":\"ImageObject\",\"inLanguage\":\"es\",\"@id\":\"https:\/\/potenciaradiofonicadominicana.com\/portal\/#\/schema\/person\/image\/\",\"url\":\"https:\/\/secure.gravatar.com\/avatar\/42a55ab9e8ccc656ba34cd791990602a?s=96&d=mm&r=g\",\"contentUrl\":\"https:\/\/secure.gravatar.com\/avatar\/42a55ab9e8ccc656ba34cd791990602a?s=96&d=mm&r=g\",\"caption\":\"Potencia Radiof\u00f3nica Dominicana\"},\"url\":\"https:\/\/potenciaradiofonicadominicana.com\/portal\/author\/johannyalmanzar\/\"}]}<\/script>\n<!-- \/ Yoast SEO plugin. -->","yoast_head_json":{"title":"Miderec celebrar\u00e1 hoy aniversario XII Juegos - PotenciaRadiofonicaDominicana.com","robots":{"index":"index","follow":"follow","max-snippet":"max-snippet:-1","max-image-preview":"max-image-preview:large","max-video-preview":"max-video-preview:-1"},"canonical":"https:\/\/potenciaradiofonicadominicana.com\/portal\/miderec-celebrara-hoy-aniversario-xii-juegos\/","og_locale":"es_ES","og_type":"article","og_title":"Miderec celebrar\u00e1 hoy aniversario XII Juegos - PotenciaRadiofonicaDominicana.com","og_description":"Evento. Reconocer\u00e1n a los atletas que se destacaron durante la justa en el a\u00f1o 1974 Con motivo del 47 aniversario ...","og_url":"https:\/\/potenciaradiofonicadominicana.com\/portal\/miderec-celebrara-hoy-aniversario-xii-juegos\/","og_site_name":"PotenciaRadiofonicaDominicana.com","article_publisher":"https:\/\/web.facebook.com\/PotenciaRadiofonicaD","article_published_time":"2021-02-26T16:30:39+00:00","og_image":[{"width":1200,"height":829,"url":"https:\/\/potenciaradiofonicadominicana.com\/portal\/wp-content\/uploads\/2021\/02\/miderec-apoyara-los-juegos-militares.jpeg","type":"image\/jpeg"}],"author":"Potencia Radiof\u00f3nica Dominicana","twitter_card":"summary_large_image","twitter_misc":{"Escrito por":"Potencia Radiof\u00f3nica Dominicana","Tiempo de lectura":"2 minutos"},"schema":{"@context":"https:\/\/schema.org","@graph":[{"@type":"Article","@id":"https:\/\/potenciaradiofonicadominicana.com\/portal\/miderec-celebrara-hoy-aniversario-xii-juegos\/#article","isPartOf":{"@id":"https:\/\/potenciaradiofonicadominicana.com\/portal\/miderec-celebrara-hoy-aniversario-xii-juegos\/"},"author":{"name":"Potencia Radiof\u00f3nica Dominicana","@id":"https:\/\/potenciaradiofonicadominicana.com\/portal\/#\/schema\/person\/a5cf1fea13877803ee0573ac18b03490"},"headline":"Miderec celebrar\u00e1 hoy aniversario XII Juegos","datePublished":"2021-02-26T16:30:39+00:00","mainEntityOfPage":{"@id":"https:\/\/potenciaradiofonicadominicana.com\/portal\/miderec-celebrara-hoy-aniversario-xii-juegos\/"},"wordCount":344,"commentCount":0,"publisher":{"@id":"https:\/\/potenciaradiofonicadominicana.com\/portal\/#organization"},"image":{"@id":"https:\/\/potenciaradiofonicadominicana.com\/portal\/miderec-celebrara-hoy-aniversario-xii-juegos\/#primaryimage"},"thumbnailUrl":"https:\/\/potenciaradiofonicadominicana.com\/portal\/wp-content\/uploads\/2021\/02\/miderec-apoyara-los-juegos-militares.jpeg","articleSection":["Deportes"],"inLanguage":"es","potentialAction":[{"@type":"CommentAction","name":"Comment","target":["https:\/\/potenciaradiofonicadominicana.com\/portal\/miderec-celebrara-hoy-aniversario-xii-juegos\/#respond"]}]},{"@type":"WebPage","@id":"https:\/\/potenciaradiofonicadominicana.com\/portal\/miderec-celebrara-hoy-aniversario-xii-juegos\/","url":"https:\/\/potenciaradiofonicadominicana.com\/portal\/miderec-celebrara-hoy-aniversario-xii-juegos\/","name":"Miderec celebrar\u00e1 hoy aniversario XII Juegos - PotenciaRadiofonicaDominicana.com","isPartOf":{"@id":"https:\/\/potenciaradiofonicadominicana.com\/portal\/#website"},"primaryImageOfPage":{"@id":"https:\/\/potenciaradiofonicadominicana.com\/portal\/miderec-celebrara-hoy-aniversario-xii-juegos\/#primaryimage"},"image":{"@id":"https:\/\/potenciaradiofonicadominicana.com\/portal\/miderec-celebrara-hoy-aniversario-xii-juegos\/#primaryimage"},"thumbnailUrl":"https:\/\/potenciaradiofonicadominicana.com\/portal\/wp-content\/uploads\/2021\/02\/miderec-apoyara-los-juegos-militares.jpeg","datePublished":"2021-02-26T16:30:39+00:00","breadcrumb":{"@id":"https:\/\/potenciaradiofonicadominicana.com\/portal\/miderec-celebrara-hoy-aniversario-xii-juegos\/#breadcrumb"},"inLanguage":"es","potentialAction":[{"@type":"ReadAction","target":["https:\/\/potenciaradiofonicadominicana.com\/portal\/miderec-celebrara-hoy-aniversario-xii-juegos\/"]}]},{"@type":"ImageObject","inLanguage":"es","@id":"https:\/\/potenciaradiofonicadominicana.com\/portal\/miderec-celebrara-hoy-aniversario-xii-juegos\/#primaryimage","url":"https:\/\/potenciaradiofonicadominicana.com\/portal\/wp-content\/uploads\/2021\/02\/miderec-apoyara-los-juegos-militares.jpeg","contentUrl":"https:\/\/potenciaradiofonicadominicana.com\/portal\/wp-content\/uploads\/2021\/02\/miderec-apoyara-los-juegos-militares.jpeg","width":1200,"height":829},{"@type":"BreadcrumbList","@id":"https:\/\/potenciaradiofonicadominicana.com\/portal\/miderec-celebrara-hoy-aniversario-xii-juegos\/#breadcrumb","itemListElement":[{"@type":"ListItem","position":1,"name":"Portada","item":"https:\/\/potenciaradiofonicadominicana.com\/portal\/"},{"@type":"ListItem","position":2,"name":"Miderec celebrar\u00e1 hoy aniversario XII Juegos"}]},{"@type":"WebSite","@id":"https:\/\/potenciaradiofonicadominicana.com\/portal\/#website","url":"https:\/\/potenciaradiofonicadominicana.com\/portal\/","name":"PotenciaRadiofonicaDominicana.com","description":"Peri\u00f3dico Digital","publisher":{"@id":"https:\/\/potenciaradiofonicadominicana.com\/portal\/#organization"},"potentialAction":[{"@type":"SearchAction","target":{"@type":"EntryPoint","urlTemplate":"https:\/\/potenciaradiofonicadominicana.com\/portal\/?s={search_term_string}"},"query-input":{"@type":"PropertyValueSpecification","valueRequired":true,"valueName":"search_term_string"}}],"inLanguage":"es"},{"@type":"Organization","@id":"https:\/\/potenciaradiofonicadominicana.com\/portal\/#organization","name":"PotenciaRadiofonicaDominicana.com","url":"https:\/\/potenciaradiofonicadominicana.com\/portal\/","logo":{"@type":"ImageObject","inLanguage":"es","@id":"https:\/\/potenciaradiofonicadominicana.com\/portal\/#\/schema\/logo\/image\/","url":"https:\/\/potenciaradiofonicadominicana.com\/portal\/wp-content\/uploads\/2022\/01\/descarga.png","contentUrl":"https:\/\/potenciaradiofonicadominicana.com\/portal\/wp-content\/uploads\/2022\/01\/descarga.png","width":300,"height":100,"caption":"PotenciaRadiofonicaDominicana.com"},"image":{"@id":"https:\/\/potenciaradiofonicadominicana.com\/portal\/#\/schema\/logo\/image\/"},"sameAs":["https:\/\/web.facebook.com\/PotenciaRadiofonicaD"]},{"@type":"Person","@id":"https:\/\/potenciaradiofonicadominicana.com\/portal\/#\/schema\/person\/a5cf1fea13877803ee0573ac18b03490","name":"Potencia Radiof\u00f3nica Dominicana","image":{"@type":"ImageObject","inLanguage":"es","@id":"https:\/\/potenciaradiofonicadominicana.com\/portal\/#\/schema\/person\/image\/","url":"https:\/\/secure.gravatar.com\/avatar\/42a55ab9e8ccc656ba34cd791990602a?s=96&d=mm&r=g","contentUrl":"https:\/\/secure.gravatar.com\/avatar\/42a55ab9e8ccc656ba34cd791990602a?s=96&d=mm&r=g","caption":"Potencia Radiof\u00f3nica Dominicana"},"url":"https:\/\/potenciaradiofonicadominicana.com\/portal\/author\/johannyalmanzar\/"}]}},"_links":{"self":[{"href":"https:\/\/potenciaradiofonicadominicana.com\/portal\/wp-json\/wp\/v2\/posts\/111904","targetHints":{"allow":["GET"]}}],"collection":[{"href":"https:\/\/potenciaradiofonicadominicana.com\/portal\/wp-json\/wp\/v2\/posts"}],"about":[{"href":"https:\/\/potenciaradiofonicadominicana.com\/portal\/wp-json\/wp\/v2\/types\/post"}],"author":[{"embeddable":true,"href":"https:\/\/potenciaradiofonicadominicana.com\/portal\/wp-json\/wp\/v2\/users\/2"}],"replies":[{"embeddable":true,"href":"https:\/\/potenciaradiofonicadominicana.com\/portal\/wp-json\/wp\/v2\/comments?post=111904"}],"version-history":[{"count":1,"href":"https:\/\/potenciaradiofonicadominicana.com\/portal\/wp-json\/wp\/v2\/posts\/111904\/revisions"}],"predecessor-version":[{"id":111906,"href":"https:\/\/potenciaradiofonicadominicana.com\/portal\/wp-json\/wp\/v2\/posts\/111904\/revisions\/111906"}],"wp:featuredmedia":[{"embeddable":true,"href":"https:\/\/potenciaradiofonicadominicana.com\/portal\/wp-json\/wp\/v2\/media\/111905"}],"wp:attachment":[{"href":"https:\/\/potenciaradiofonicadominicana.com\/portal\/wp-json\/wp\/v2\/media?parent=111904"}],"wp:term":[{"taxonomy":"category","embeddable":true,"href":"https:\/\/potenciaradiofonicadominicana.com\/portal\/wp-json\/wp\/v2\/categories?post=111904"},{"taxonomy":"post_tag","embeddable":true,"href":"https:\/\/potenciaradiofonicadominicana.com\/portal\/wp-json\/wp\/v2\/tags?post=111904"}],"curies":[{"name":"wp","href":"https:\/\/api.w.org\/{rel}","templated":true}]}}