{"id":111901,"date":"2021-02-26T12:28:26","date_gmt":"2021-02-26T16:28:26","guid":{"rendered":"https:\/\/potenciaradiofonicadominicana.com\/portal\/?p=111901"},"modified":"2021-02-26T12:28:26","modified_gmt":"2021-02-26T16:28:26","slug":"vladimir-guerrero-jr-llega-a-campos-de-entrenamientos-en-gran-forma","status":"publish","type":"post","link":"https:\/\/potenciaradiofonicadominicana.com\/portal\/vladimir-guerrero-jr-llega-a-campos-de-entrenamientos-en-gran-forma\/","title":{"rendered":"Vladimir Guerrero Jr. llega a campos de entrenamientos en gran forma"},"content":{"rendered":"<p><a href=\"https:\/\/potenciaradiofonicadominicana.com\/portal\/wp-content\/uploads\/2021\/02\/elxpd1jwueomtvumrg4i.jpg\"><img loading=\"lazy\" decoding=\"async\" class=\"alignnone size-full wp-image-111902\" src=\"https:\/\/potenciaradiofonicadominicana.com\/portal\/wp-content\/uploads\/2021\/02\/elxpd1jwueomtvumrg4i.jpg\" alt=\"\" width=\"1200\" height=\"675\" \/><\/a><\/p>\n<p><strong>Rebajado de peso. El joven jugador de los Azulejos de Toronto rebaj\u00f3 42 libras<\/strong><\/p>\n<p>En julio pasado, Vladimir Guerrero Jr. lleg\u00f3 al campamento de verano en Toronto fuera de forma.<\/p>\n<p>\u00c9l lo sab\u00eda. Sus compa\u00f1eros tambi\u00e9n.<\/p>\n<p>No ha pasado mucho tiempo desde que el dominicano era el mejor prospecto del b\u00e9isbol, con el potencial de ser un talento generacional. Pero la forma f\u00edsica siempre fue una interrogante para el jugador de 21 a\u00f1os cuando se hablaba de su \u00e9xito a largo plazo.<br \/>\nGuerrero sab\u00eda que algo ten\u00eda que cambiar. Ah\u00ed es cuando empez\u00f3 todo.<\/p>\n<p>Desde entonces, Guerrero ha perdido 42 libras (19 Kg.) y ha transformado su cuerpo. Su forma ha sido el tema de conversaci\u00f3n en los primeros d\u00edas en Dunedin, Florida.<\/p>\n<p>Guerrero habl\u00f3 al respecto el mi\u00e9rcoles, recordando su forma del verano pasado.<\/p>\n<p><strong>Vladi Jr.<\/strong>\u00a0<strong>se siente m\u00e1s fuerte y m\u00e1s r\u00e1pido.\u00a0<\/strong>\u201cEn los \u00faltimos dos a\u00f1os, sab\u00edan que llegar\u00eda fuera de forma. No me prepar\u00e9 muy bien\u201d, dijo Guerrero. \u201cSent\u00ed en ese momento que mis compa\u00f1eros merec\u00edan una disculpa de mi parte. Habl\u00e9 con ellos. Lo bueno es que la aceptaron. Desde entonces, han hablado conmigo y me han motivado.<\/p>\n<p>\u00bfSabes qu\u00e9? Ya eso est\u00e1 en el pasado. Comencemos de nuevo y prepar\u00e9monos para estar listos\u201d.<\/p>\n<p>No es un n\u00famero peque\u00f1o, pero la p\u00e9rdida de peso no ha sido su \u00fanico enfoque en el proceso y no debe serlo ahora.<\/p>\n<p>El peso, como el promedio de bateo o de slugging, es una pieza importante de un gran rompecabezas, pero no cuenta la historia completa.<\/p>\n<p>Guerrero tambi\u00e9n se ha enfocado en la flexibilidad y luego en el proceso de a\u00f1adir m\u00fasculo a un cuerpo m\u00e1s delgado.<\/p>\n<p>No se trata tampoco de verse bien en el D\u00eda Inaugural. Se trata de mantener su talento a lo largo de 162 juegos y combatir la fatiga que trae consigo el calendario m\u00e1s complicado de todos los deportes.<\/p>\n<p>En palabras propias de Vladimir y a trav\u00e9s de los ojos de otros, este es el comienzo de un nuevo cap\u00edtulo para Guerrero.<\/p>\n<p><strong>\u00bfC\u00f3mo se siente Vlad?<\/strong>\u00a0Cuando Guerrero empez\u00f3 a entrenar en la Rep\u00fablica Dominicana en el receso de temporada, una de las primeras se\u00f1ales fue la ropa. De pronto, la camiseta que le apretaba estaba holgada. Es importante tomar en cuenta esos detalles y decir: \u201cEsto es progreso\u201d. Entonces, Guerrero continu\u00f3, apoyado por sus compa\u00f1eros a lo largo del camino.<br \/>\nLa parte importante es c\u00f3mo se traslade todo al terreno. Intent\u00f3 resumirlo.<\/p>\n<p>\u201cMe siento m\u00e1s r\u00e1pido\u201d, dijo Guerrero. \u201cEsa es la palabra que lo describe todo. Soy m\u00e1s r\u00e1pido en todos los aspectos de mi juego ahora, especialmente corriendo las bases me siento bien. En los roletazos. Antes sent\u00eda fatiga fildeando rodados. Ahora puedo decir que recibo 50, 60 y me siento bien\u201d.<\/p>\n<p>La defensa del dominicano ha generado. Guerrero dijo todo lo correcto, expresando su disposici\u00f3n de jugar en la inicial o en la antesala.<\/p>\n<p>&nbsp;<\/p>\n<p>&nbsp;<\/p>\n<p>&nbsp;<\/p>\n<p>Fuente<br \/>\nPeriodico Hoy<\/p>\n","protected":false},"excerpt":{"rendered":"<p>Rebajado de peso. El joven jugador de los Azulejos de Toronto rebaj\u00f3 42 libras En julio pasado, Vladimir Guerrero Jr. &#8230;<\/p>\n","protected":false},"author":2,"featured_media":111902,"comment_status":"open","ping_status":"open","sticky":false,"template":"","format":"standard","meta":{"footnotes":""},"categories":[28],"tags":[],"class_list":["post-111901","post","type-post","status-publish","format-standard","has-post-thumbnail","hentry","category-deportes"],"yoast_head":"<!-- This site is optimized with the Yoast SEO plugin v24.8.1 - https:\/\/yoast.com\/wordpress\/plugins\/seo\/ -->\n<title>Vladimir Guerrero Jr. llega a campos de entrenamientos en gran forma - PotenciaRadiofonicaDominicana.com<\/title>\n<meta name=\"robots\" content=\"index, follow, max-snippet:-1, max-image-preview:large, max-video-preview:-1\" \/>\n<link rel=\"canonical\" href=\"https:\/\/potenciaradiofonicadominicana.com\/portal\/vladimir-guerrero-jr-llega-a-campos-de-entrenamientos-en-gran-forma\/\" \/>\n<meta property=\"og:locale\" content=\"es_ES\" \/>\n<meta property=\"og:type\" content=\"article\" \/>\n<meta property=\"og:title\" content=\"Vladimir Guerrero Jr. llega a campos de entrenamientos en gran forma - PotenciaRadiofonicaDominicana.com\" \/>\n<meta property=\"og:description\" content=\"Rebajado de peso. El joven jugador de los Azulejos de Toronto rebaj\u00f3 42 libras En julio pasado, Vladimir Guerrero Jr. ...\" \/>\n<meta property=\"og:url\" content=\"https:\/\/potenciaradiofonicadominicana.com\/portal\/vladimir-guerrero-jr-llega-a-campos-de-entrenamientos-en-gran-forma\/\" \/>\n<meta property=\"og:site_name\" content=\"PotenciaRadiofonicaDominicana.com\" \/>\n<meta property=\"article:publisher\" content=\"https:\/\/web.facebook.com\/PotenciaRadiofonicaD\" \/>\n<meta property=\"article:published_time\" content=\"2021-02-26T16:28:26+00:00\" \/>\n<meta property=\"og:image\" content=\"https:\/\/potenciaradiofonicadominicana.com\/portal\/wp-content\/uploads\/2021\/02\/elxpd1jwueomtvumrg4i.jpg\" \/>\n\t<meta property=\"og:image:width\" content=\"1200\" \/>\n\t<meta property=\"og:image:height\" content=\"675\" \/>\n\t<meta property=\"og:image:type\" content=\"image\/jpeg\" \/>\n<meta name=\"author\" content=\"Potencia Radiof\u00f3nica Dominicana\" \/>\n<meta name=\"twitter:card\" content=\"summary_large_image\" \/>\n<meta name=\"twitter:label1\" content=\"Escrito por\" \/>\n\t<meta name=\"twitter:data1\" content=\"Potencia Radiof\u00f3nica Dominicana\" \/>\n\t<meta name=\"twitter:label2\" content=\"Tiempo de lectura\" \/>\n\t<meta name=\"twitter:data2\" content=\"3 minutos\" \/>\n<script type=\"application\/ld+json\" class=\"yoast-schema-graph\">{\"@context\":\"https:\/\/schema.org\",\"@graph\":[{\"@type\":\"Article\",\"@id\":\"https:\/\/potenciaradiofonicadominicana.com\/portal\/vladimir-guerrero-jr-llega-a-campos-de-entrenamientos-en-gran-forma\/#article\",\"isPartOf\":{\"@id\":\"https:\/\/potenciaradiofonicadominicana.com\/portal\/vladimir-guerrero-jr-llega-a-campos-de-entrenamientos-en-gran-forma\/\"},\"author\":{\"name\":\"Potencia Radiof\u00f3nica Dominicana\",\"@id\":\"https:\/\/potenciaradiofonicadominicana.com\/portal\/#\/schema\/person\/a5cf1fea13877803ee0573ac18b03490\"},\"headline\":\"Vladimir Guerrero Jr. llega a campos de entrenamientos en gran forma\",\"datePublished\":\"2021-02-26T16:28:26+00:00\",\"mainEntityOfPage\":{\"@id\":\"https:\/\/potenciaradiofonicadominicana.com\/portal\/vladimir-guerrero-jr-llega-a-campos-de-entrenamientos-en-gran-forma\/\"},\"wordCount\":536,\"commentCount\":0,\"publisher\":{\"@id\":\"https:\/\/potenciaradiofonicadominicana.com\/portal\/#organization\"},\"image\":{\"@id\":\"https:\/\/potenciaradiofonicadominicana.com\/portal\/vladimir-guerrero-jr-llega-a-campos-de-entrenamientos-en-gran-forma\/#primaryimage\"},\"thumbnailUrl\":\"https:\/\/potenciaradiofonicadominicana.com\/portal\/wp-content\/uploads\/2021\/02\/elxpd1jwueomtvumrg4i.jpg\",\"articleSection\":[\"Deportes\"],\"inLanguage\":\"es\",\"potentialAction\":[{\"@type\":\"CommentAction\",\"name\":\"Comment\",\"target\":[\"https:\/\/potenciaradiofonicadominicana.com\/portal\/vladimir-guerrero-jr-llega-a-campos-de-entrenamientos-en-gran-forma\/#respond\"]}]},{\"@type\":\"WebPage\",\"@id\":\"https:\/\/potenciaradiofonicadominicana.com\/portal\/vladimir-guerrero-jr-llega-a-campos-de-entrenamientos-en-gran-forma\/\",\"url\":\"https:\/\/potenciaradiofonicadominicana.com\/portal\/vladimir-guerrero-jr-llega-a-campos-de-entrenamientos-en-gran-forma\/\",\"name\":\"Vladimir Guerrero Jr. llega a campos de entrenamientos en gran forma - PotenciaRadiofonicaDominicana.com\",\"isPartOf\":{\"@id\":\"https:\/\/potenciaradiofonicadominicana.com\/portal\/#website\"},\"primaryImageOfPage\":{\"@id\":\"https:\/\/potenciaradiofonicadominicana.com\/portal\/vladimir-guerrero-jr-llega-a-campos-de-entrenamientos-en-gran-forma\/#primaryimage\"},\"image\":{\"@id\":\"https:\/\/potenciaradiofonicadominicana.com\/portal\/vladimir-guerrero-jr-llega-a-campos-de-entrenamientos-en-gran-forma\/#primaryimage\"},\"thumbnailUrl\":\"https:\/\/potenciaradiofonicadominicana.com\/portal\/wp-content\/uploads\/2021\/02\/elxpd1jwueomtvumrg4i.jpg\",\"datePublished\":\"2021-02-26T16:28:26+00:00\",\"breadcrumb\":{\"@id\":\"https:\/\/potenciaradiofonicadominicana.com\/portal\/vladimir-guerrero-jr-llega-a-campos-de-entrenamientos-en-gran-forma\/#breadcrumb\"},\"inLanguage\":\"es\",\"potentialAction\":[{\"@type\":\"ReadAction\",\"target\":[\"https:\/\/potenciaradiofonicadominicana.com\/portal\/vladimir-guerrero-jr-llega-a-campos-de-entrenamientos-en-gran-forma\/\"]}]},{\"@type\":\"ImageObject\",\"inLanguage\":\"es\",\"@id\":\"https:\/\/potenciaradiofonicadominicana.com\/portal\/vladimir-guerrero-jr-llega-a-campos-de-entrenamientos-en-gran-forma\/#primaryimage\",\"url\":\"https:\/\/potenciaradiofonicadominicana.com\/portal\/wp-content\/uploads\/2021\/02\/elxpd1jwueomtvumrg4i.jpg\",\"contentUrl\":\"https:\/\/potenciaradiofonicadominicana.com\/portal\/wp-content\/uploads\/2021\/02\/elxpd1jwueomtvumrg4i.jpg\",\"width\":1200,\"height\":675},{\"@type\":\"BreadcrumbList\",\"@id\":\"https:\/\/potenciaradiofonicadominicana.com\/portal\/vladimir-guerrero-jr-llega-a-campos-de-entrenamientos-en-gran-forma\/#breadcrumb\",\"itemListElement\":[{\"@type\":\"ListItem\",\"position\":1,\"name\":\"Portada\",\"item\":\"https:\/\/potenciaradiofonicadominicana.com\/portal\/\"},{\"@type\":\"ListItem\",\"position\":2,\"name\":\"Vladimir Guerrero Jr. llega a campos de entrenamientos en gran forma\"}]},{\"@type\":\"WebSite\",\"@id\":\"https:\/\/potenciaradiofonicadominicana.com\/portal\/#website\",\"url\":\"https:\/\/potenciaradiofonicadominicana.com\/portal\/\",\"name\":\"PotenciaRadiofonicaDominicana.com\",\"description\":\"Peri\u00f3dico Digital\",\"publisher\":{\"@id\":\"https:\/\/potenciaradiofonicadominicana.com\/portal\/#organization\"},\"potentialAction\":[{\"@type\":\"SearchAction\",\"target\":{\"@type\":\"EntryPoint\",\"urlTemplate\":\"https:\/\/potenciaradiofonicadominicana.com\/portal\/?s={search_term_string}\"},\"query-input\":{\"@type\":\"PropertyValueSpecification\",\"valueRequired\":true,\"valueName\":\"search_term_string\"}}],\"inLanguage\":\"es\"},{\"@type\":\"Organization\",\"@id\":\"https:\/\/potenciaradiofonicadominicana.com\/portal\/#organization\",\"name\":\"PotenciaRadiofonicaDominicana.com\",\"url\":\"https:\/\/potenciaradiofonicadominicana.com\/portal\/\",\"logo\":{\"@type\":\"ImageObject\",\"inLanguage\":\"es\",\"@id\":\"https:\/\/potenciaradiofonicadominicana.com\/portal\/#\/schema\/logo\/image\/\",\"url\":\"https:\/\/potenciaradiofonicadominicana.com\/portal\/wp-content\/uploads\/2022\/01\/descarga.png\",\"contentUrl\":\"https:\/\/potenciaradiofonicadominicana.com\/portal\/wp-content\/uploads\/2022\/01\/descarga.png\",\"width\":300,\"height\":100,\"caption\":\"PotenciaRadiofonicaDominicana.com\"},\"image\":{\"@id\":\"https:\/\/potenciaradiofonicadominicana.com\/portal\/#\/schema\/logo\/image\/\"},\"sameAs\":[\"https:\/\/web.facebook.com\/PotenciaRadiofonicaD\"]},{\"@type\":\"Person\",\"@id\":\"https:\/\/potenciaradiofonicadominicana.com\/portal\/#\/schema\/person\/a5cf1fea13877803ee0573ac18b03490\",\"name\":\"Potencia Radiof\u00f3nica Dominicana\",\"image\":{\"@type\":\"ImageObject\",\"inLanguage\":\"es\",\"@id\":\"https:\/\/potenciaradiofonicadominicana.com\/portal\/#\/schema\/person\/image\/\",\"url\":\"https:\/\/secure.gravatar.com\/avatar\/42a55ab9e8ccc656ba34cd791990602a?s=96&d=mm&r=g\",\"contentUrl\":\"https:\/\/secure.gravatar.com\/avatar\/42a55ab9e8ccc656ba34cd791990602a?s=96&d=mm&r=g\",\"caption\":\"Potencia Radiof\u00f3nica Dominicana\"},\"url\":\"https:\/\/potenciaradiofonicadominicana.com\/portal\/author\/johannyalmanzar\/\"}]}<\/script>\n<!-- \/ Yoast SEO plugin. -->","yoast_head_json":{"title":"Vladimir Guerrero Jr. llega a campos de entrenamientos en gran forma - PotenciaRadiofonicaDominicana.com","robots":{"index":"index","follow":"follow","max-snippet":"max-snippet:-1","max-image-preview":"max-image-preview:large","max-video-preview":"max-video-preview:-1"},"canonical":"https:\/\/potenciaradiofonicadominicana.com\/portal\/vladimir-guerrero-jr-llega-a-campos-de-entrenamientos-en-gran-forma\/","og_locale":"es_ES","og_type":"article","og_title":"Vladimir Guerrero Jr. llega a campos de entrenamientos en gran forma - PotenciaRadiofonicaDominicana.com","og_description":"Rebajado de peso. El joven jugador de los Azulejos de Toronto rebaj\u00f3 42 libras En julio pasado, Vladimir Guerrero Jr. ...","og_url":"https:\/\/potenciaradiofonicadominicana.com\/portal\/vladimir-guerrero-jr-llega-a-campos-de-entrenamientos-en-gran-forma\/","og_site_name":"PotenciaRadiofonicaDominicana.com","article_publisher":"https:\/\/web.facebook.com\/PotenciaRadiofonicaD","article_published_time":"2021-02-26T16:28:26+00:00","og_image":[{"width":1200,"height":675,"url":"https:\/\/potenciaradiofonicadominicana.com\/portal\/wp-content\/uploads\/2021\/02\/elxpd1jwueomtvumrg4i.jpg","type":"image\/jpeg"}],"author":"Potencia Radiof\u00f3nica Dominicana","twitter_card":"summary_large_image","twitter_misc":{"Escrito por":"Potencia Radiof\u00f3nica Dominicana","Tiempo de lectura":"3 minutos"},"schema":{"@context":"https:\/\/schema.org","@graph":[{"@type":"Article","@id":"https:\/\/potenciaradiofonicadominicana.com\/portal\/vladimir-guerrero-jr-llega-a-campos-de-entrenamientos-en-gran-forma\/#article","isPartOf":{"@id":"https:\/\/potenciaradiofonicadominicana.com\/portal\/vladimir-guerrero-jr-llega-a-campos-de-entrenamientos-en-gran-forma\/"},"author":{"name":"Potencia Radiof\u00f3nica Dominicana","@id":"https:\/\/potenciaradiofonicadominicana.com\/portal\/#\/schema\/person\/a5cf1fea13877803ee0573ac18b03490"},"headline":"Vladimir Guerrero Jr. llega a campos de entrenamientos en gran forma","datePublished":"2021-02-26T16:28:26+00:00","mainEntityOfPage":{"@id":"https:\/\/potenciaradiofonicadominicana.com\/portal\/vladimir-guerrero-jr-llega-a-campos-de-entrenamientos-en-gran-forma\/"},"wordCount":536,"commentCount":0,"publisher":{"@id":"https:\/\/potenciaradiofonicadominicana.com\/portal\/#organization"},"image":{"@id":"https:\/\/potenciaradiofonicadominicana.com\/portal\/vladimir-guerrero-jr-llega-a-campos-de-entrenamientos-en-gran-forma\/#primaryimage"},"thumbnailUrl":"https:\/\/potenciaradiofonicadominicana.com\/portal\/wp-content\/uploads\/2021\/02\/elxpd1jwueomtvumrg4i.jpg","articleSection":["Deportes"],"inLanguage":"es","potentialAction":[{"@type":"CommentAction","name":"Comment","target":["https:\/\/potenciaradiofonicadominicana.com\/portal\/vladimir-guerrero-jr-llega-a-campos-de-entrenamientos-en-gran-forma\/#respond"]}]},{"@type":"WebPage","@id":"https:\/\/potenciaradiofonicadominicana.com\/portal\/vladimir-guerrero-jr-llega-a-campos-de-entrenamientos-en-gran-forma\/","url":"https:\/\/potenciaradiofonicadominicana.com\/portal\/vladimir-guerrero-jr-llega-a-campos-de-entrenamientos-en-gran-forma\/","name":"Vladimir Guerrero Jr. llega a campos de entrenamientos en gran forma - PotenciaRadiofonicaDominicana.com","isPartOf":{"@id":"https:\/\/potenciaradiofonicadominicana.com\/portal\/#website"},"primaryImageOfPage":{"@id":"https:\/\/potenciaradiofonicadominicana.com\/portal\/vladimir-guerrero-jr-llega-a-campos-de-entrenamientos-en-gran-forma\/#primaryimage"},"image":{"@id":"https:\/\/potenciaradiofonicadominicana.com\/portal\/vladimir-guerrero-jr-llega-a-campos-de-entrenamientos-en-gran-forma\/#primaryimage"},"thumbnailUrl":"https:\/\/potenciaradiofonicadominicana.com\/portal\/wp-content\/uploads\/2021\/02\/elxpd1jwueomtvumrg4i.jpg","datePublished":"2021-02-26T16:28:26+00:00","breadcrumb":{"@id":"https:\/\/potenciaradiofonicadominicana.com\/portal\/vladimir-guerrero-jr-llega-a-campos-de-entrenamientos-en-gran-forma\/#breadcrumb"},"inLanguage":"es","potentialAction":[{"@type":"ReadAction","target":["https:\/\/potenciaradiofonicadominicana.com\/portal\/vladimir-guerrero-jr-llega-a-campos-de-entrenamientos-en-gran-forma\/"]}]},{"@type":"ImageObject","inLanguage":"es","@id":"https:\/\/potenciaradiofonicadominicana.com\/portal\/vladimir-guerrero-jr-llega-a-campos-de-entrenamientos-en-gran-forma\/#primaryimage","url":"https:\/\/potenciaradiofonicadominicana.com\/portal\/wp-content\/uploads\/2021\/02\/elxpd1jwueomtvumrg4i.jpg","contentUrl":"https:\/\/potenciaradiofonicadominicana.com\/portal\/wp-content\/uploads\/2021\/02\/elxpd1jwueomtvumrg4i.jpg","width":1200,"height":675},{"@type":"BreadcrumbList","@id":"https:\/\/potenciaradiofonicadominicana.com\/portal\/vladimir-guerrero-jr-llega-a-campos-de-entrenamientos-en-gran-forma\/#breadcrumb","itemListElement":[{"@type":"ListItem","position":1,"name":"Portada","item":"https:\/\/potenciaradiofonicadominicana.com\/portal\/"},{"@type":"ListItem","position":2,"name":"Vladimir Guerrero Jr. llega a campos de entrenamientos en gran forma"}]},{"@type":"WebSite","@id":"https:\/\/potenciaradiofonicadominicana.com\/portal\/#website","url":"https:\/\/potenciaradiofonicadominicana.com\/portal\/","name":"PotenciaRadiofonicaDominicana.com","description":"Peri\u00f3dico Digital","publisher":{"@id":"https:\/\/potenciaradiofonicadominicana.com\/portal\/#organization"},"potentialAction":[{"@type":"SearchAction","target":{"@type":"EntryPoint","urlTemplate":"https:\/\/potenciaradiofonicadominicana.com\/portal\/?s={search_term_string}"},"query-input":{"@type":"PropertyValueSpecification","valueRequired":true,"valueName":"search_term_string"}}],"inLanguage":"es"},{"@type":"Organization","@id":"https:\/\/potenciaradiofonicadominicana.com\/portal\/#organization","name":"PotenciaRadiofonicaDominicana.com","url":"https:\/\/potenciaradiofonicadominicana.com\/portal\/","logo":{"@type":"ImageObject","inLanguage":"es","@id":"https:\/\/potenciaradiofonicadominicana.com\/portal\/#\/schema\/logo\/image\/","url":"https:\/\/potenciaradiofonicadominicana.com\/portal\/wp-content\/uploads\/2022\/01\/descarga.png","contentUrl":"https:\/\/potenciaradiofonicadominicana.com\/portal\/wp-content\/uploads\/2022\/01\/descarga.png","width":300,"height":100,"caption":"PotenciaRadiofonicaDominicana.com"},"image":{"@id":"https:\/\/potenciaradiofonicadominicana.com\/portal\/#\/schema\/logo\/image\/"},"sameAs":["https:\/\/web.facebook.com\/PotenciaRadiofonicaD"]},{"@type":"Person","@id":"https:\/\/potenciaradiofonicadominicana.com\/portal\/#\/schema\/person\/a5cf1fea13877803ee0573ac18b03490","name":"Potencia Radiof\u00f3nica Dominicana","image":{"@type":"ImageObject","inLanguage":"es","@id":"https:\/\/potenciaradiofonicadominicana.com\/portal\/#\/schema\/person\/image\/","url":"https:\/\/secure.gravatar.com\/avatar\/42a55ab9e8ccc656ba34cd791990602a?s=96&d=mm&r=g","contentUrl":"https:\/\/secure.gravatar.com\/avatar\/42a55ab9e8ccc656ba34cd791990602a?s=96&d=mm&r=g","caption":"Potencia Radiof\u00f3nica Dominicana"},"url":"https:\/\/potenciaradiofonicadominicana.com\/portal\/author\/johannyalmanzar\/"}]}},"_links":{"self":[{"href":"https:\/\/potenciaradiofonicadominicana.com\/portal\/wp-json\/wp\/v2\/posts\/111901","targetHints":{"allow":["GET"]}}],"collection":[{"href":"https:\/\/potenciaradiofonicadominicana.com\/portal\/wp-json\/wp\/v2\/posts"}],"about":[{"href":"https:\/\/potenciaradiofonicadominicana.com\/portal\/wp-json\/wp\/v2\/types\/post"}],"author":[{"embeddable":true,"href":"https:\/\/potenciaradiofonicadominicana.com\/portal\/wp-json\/wp\/v2\/users\/2"}],"replies":[{"embeddable":true,"href":"https:\/\/potenciaradiofonicadominicana.com\/portal\/wp-json\/wp\/v2\/comments?post=111901"}],"version-history":[{"count":1,"href":"https:\/\/potenciaradiofonicadominicana.com\/portal\/wp-json\/wp\/v2\/posts\/111901\/revisions"}],"predecessor-version":[{"id":111903,"href":"https:\/\/potenciaradiofonicadominicana.com\/portal\/wp-json\/wp\/v2\/posts\/111901\/revisions\/111903"}],"wp:featuredmedia":[{"embeddable":true,"href":"https:\/\/potenciaradiofonicadominicana.com\/portal\/wp-json\/wp\/v2\/media\/111902"}],"wp:attachment":[{"href":"https:\/\/potenciaradiofonicadominicana.com\/portal\/wp-json\/wp\/v2\/media?parent=111901"}],"wp:term":[{"taxonomy":"category","embeddable":true,"href":"https:\/\/potenciaradiofonicadominicana.com\/portal\/wp-json\/wp\/v2\/categories?post=111901"},{"taxonomy":"post_tag","embeddable":true,"href":"https:\/\/potenciaradiofonicadominicana.com\/portal\/wp-json\/wp\/v2\/tags?post=111901"}],"curies":[{"name":"wp","href":"https:\/\/api.w.org\/{rel}","templated":true}]}}