{"id":111883,"date":"2021-02-26T12:18:47","date_gmt":"2021-02-26T16:18:47","guid":{"rendered":"https:\/\/potenciaradiofonicadominicana.com\/portal\/?p=111883"},"modified":"2021-02-26T12:18:47","modified_gmt":"2021-02-26T16:18:47","slug":"china-las-dudas-que-despierta-el-triunfal-anuncio-de-la-nacion-asiatica-sobre-el-fin-de-la-pobreza-extrema","status":"publish","type":"post","link":"https:\/\/potenciaradiofonicadominicana.com\/portal\/china-las-dudas-que-despierta-el-triunfal-anuncio-de-la-nacion-asiatica-sobre-el-fin-de-la-pobreza-extrema\/","title":{"rendered":"China: las dudas que despierta el triunfal anuncio de la naci\u00f3n asi\u00e1tica sobre el fin de la pobreza extrema"},"content":{"rendered":"<p><a href=\"https:\/\/potenciaradiofonicadominicana.com\/portal\/wp-content\/uploads\/2021\/02\/117305235_hi047437509.jpg\"><img loading=\"lazy\" decoding=\"async\" class=\"alignnone size-full wp-image-111884\" src=\"https:\/\/potenciaradiofonicadominicana.com\/portal\/wp-content\/uploads\/2021\/02\/117305235_hi047437509.jpg\" alt=\"\" width=\"976\" height=\"549\" \/><\/a><\/p>\n<div class=\"bbc-1unnq9o-GridComponent e57qer20\" dir=\"ltr\">\n<p class=\"bbc-1kju7ke-Paragraph e1cc2ql70\" dir=\"ltr\">As\u00ed celebr\u00f3 este jueves el presidente chino\u00a0<b>Xi Jinping<\/b>\u00a0el fin de la pobreza extrema en su pa\u00eds.<\/p>\n<\/div>\n<div class=\"bbc-1unnq9o-GridComponent e57qer20\" dir=\"ltr\">\n<p class=\"bbc-1kju7ke-Paragraph e1cc2ql70\" dir=\"ltr\">En una gran ceremonia en Pek\u00edn, Xi dijo que en los \u00faltimos ocho a\u00f1os\u00a0<b>casi 100 millones de personas<\/b>\u00a0han dejado la pobreza extrema.<\/p>\n<\/div>\n<div class=\"bbc-1unnq9o-GridComponent e57qer20\" dir=\"ltr\">\n<p class=\"bbc-1kju7ke-Paragraph e1cc2ql70\" dir=\"ltr\">\u00abHemos completado la ardua tarea de erradicar la pobreza extrema\u00bb, asegur\u00f3 en un tono triunfalista el l\u00edder chino, que elogi\u00f3 al Partido Comunista y al sistema socialista como art\u00edfices del hito.<\/p>\n<div class=\"bbc-1unnq9o-GridComponent e57qer20\" dir=\"ltr\">\n<p class=\"bbc-1kju7ke-Paragraph e1cc2ql70\" dir=\"ltr\">La erradicaci\u00f3n de la pobreza fue una de las grandes iniciativas de Xi al comenzar su mandato en 2012 y este jueves lo celebr\u00f3 como un regalo por los\u00a0<b>100 a\u00f1os que cumple el gobernante Partido Comunista\u00a0<\/b>de China.<\/p>\n<\/div>\n<div class=\"bbc-1oxvjhb-GridComponent e57qer20\" dir=\"ltr\">\n<div class=\"bbc-9e56ts ebqhneu1\">\n<section class=\" bbc-6bz6fw e82toqd3\" role=\"region\" data-e2e=\"recommendations-heading\" aria-labelledby=\"recommendations-heading\">\n<div class=\"bbc-bjn8wh emhm4kg2\">\n<div class=\"bbc-1unnq9o-GridComponent e57qer20\" dir=\"ltr\">\n<p class=\"bbc-1kju7ke-Paragraph e1cc2ql70\" dir=\"ltr\">En octubre de 2015 el Comit\u00e9 Central del partido estableci\u00f3 como meta para 2020 acabar con la pobreza, por lo que el anuncio es visto como un gran triunfo pol\u00edtico para Xi.<\/p>\n<\/div>\n<div class=\"bbc-1unnq9o-GridComponent e57qer20\" dir=\"ltr\">\n<p class=\"bbc-1kju7ke-Paragraph e1cc2ql70\" dir=\"ltr\">Desde que asumi\u00f3 el cargo de secretario general del Partido en 2012, el l\u00edder chino ha recorrido decenas de aldeas empobrecidas para mostrar su apoyo a una campa\u00f1a que los medios oficiales destacan ahora como uno de los logros de su legado pol\u00edtico.<\/p>\n<\/div>\n<div class=\"bbc-1ufkmt5-GridComponent e57qer20\" dir=\"ltr\">\n<figure class=\"bbc-m91nxa-Figure e6bmn90\">\n<div class=\"bbc-1gx5b6l-GridComponent e57qer20\" dir=\"ltr\">\n<div class=\"bbc-1gx5b6l-GridComponent e57qer20\" dir=\"ltr\">\n<div class=\"bbc-bqg5er-GridComponent e57qer20\" dir=\"ltr\">\n<div class=\"bbc-8q39gi-ImagePlaceholder e1whu0\">\n<div class=\"lazyload-wrapper \"><img decoding=\"async\" class=\"css-1suxhxy-StyledImg e1enwo3v0\" src=\"https:\/\/ichef.bbci.co.uk\/news\/640\/cpsprodpb\/1685A\/production\/_117305229_cef59ee2-33b2-4b25-a894-786be6c78a3a.jpg\" srcset=\"https:\/\/ichef.bbci.co.uk\/news\/240\/cpsprodpb\/1685A\/production\/_117305229_cef59ee2-33b2-4b25-a894-786be6c78a3a.jpg 240w, https:\/\/ichef.bbci.co.uk\/news\/320\/cpsprodpb\/1685A\/production\/_117305229_cef59ee2-33b2-4b25-a894-786be6c78a3a.jpg 320w, https:\/\/ichef.bbci.co.uk\/news\/480\/cpsprodpb\/1685A\/production\/_117305229_cef59ee2-33b2-4b25-a894-786be6c78a3a.jpg 480w, https:\/\/ichef.bbci.co.uk\/news\/624\/cpsprodpb\/1685A\/production\/_117305229_cef59ee2-33b2-4b25-a894-786be6c78a3a.jpg 624w, https:\/\/ichef.bbci.co.uk\/news\/800\/cpsprodpb\/1685A\/production\/_117305229_cef59ee2-33b2-4b25-a894-786be6c78a3a.jpg 800w\" alt=\"Supermercado.\" width=\"976\" \/><\/div>\n<p class=\"bbc-iif8qe-Copyright etq3yw90\" role=\"text\"><span class=\"bbc-ow3j0s-VisuallyHiddenText e1yt7oin0\">FUENTE DE LA IMAGEN,<\/span><span lang=\"en-GB\">GETTY IMAGES<\/span><\/p>\n<\/div>\n<\/div>\n<\/div>\n<\/div><figcaption class=\"bbc-1mhipbm-Caption eede9f50\" dir=\"ltr\">China busc\u00f3 en los \u00faltimos a\u00f1os el desarrollo de las zonas rurales.<\/figcaption><\/figure>\n<\/div>\n<div class=\"bbc-1unnq9o-GridComponent e57qer20\" dir=\"ltr\">\n<p class=\"bbc-1kju7ke-Paragraph e1cc2ql70\" dir=\"ltr\">Sin embargo, hay expertos que cuestionan las cifras y tambi\u00e9n las mediciones, ya que en China la pobreza extrema se define por unos ingresos anuales de menos de US$620, es decir\u00a0<b>US<\/b><b>$1<\/b><b>,69 al d\u00eda<\/b>, en comparaci\u00f3n con el umbral de\u00a0<b>US$1,90 del Banco Mundial<\/b>.<\/p>\n<\/div>\n<div class=\"bbc-1unnq9o-GridComponent e57qer20\" dir=\"ltr\">\n<p class=\"bbc-1kju7ke-Paragraph e1cc2ql70\" dir=\"ltr\">Los responsables de la Oficina de Reducci\u00f3n de la Pobreza de China aseguran que el umbral del pa\u00eds calculado en poder adquisitivo real supone unos\u00a0<b>US$2,2<\/b>\u00a0por d\u00eda. A\u00fan as\u00ed, est\u00e1 por debajo del que recomienda el Banco Mundial para pa\u00edses con altos ingresos como China.<\/p>\n<\/div>\n<div class=\"bbc-1unnq9o-GridComponent e57qer20\" dir=\"ltr\">\n<p class=\"bbc-1kju7ke-Paragraph e1cc2ql70\" dir=\"ltr\">En el programa contra la pobreza trabajaron unos tres millones de personas y los \u00faltimos ocho a\u00f1os cont\u00f3 con un fondo de unos 1,6 billones de yuanes (<b>US$248.000 millones<\/b>), dijo Xi.<\/p>\n<\/div>\n<div class=\"bbc-1unnq9o-GridComponent e57qer20\" dir=\"ltr\">\n<p class=\"bbc-1kju7ke-Paragraph e1cc2ql70\" dir=\"ltr\">Como parte del programa, Xi destac\u00f3 que desde 2012 se rehabilitaron viviendas en las que residen m\u00e1s de 25 millones de personas y que m\u00e1s de 9,6 millones de chinos fueron reubicados desde las \u00e1reas m\u00e1s empobrecidas del pa\u00eds, en su mayor\u00eda situadas en regiones inh\u00f3spitas y monta\u00f1osas.<\/p>\n<\/div>\n<div class=\"bbc-1ufkmt5-GridComponent e57qer20\" dir=\"ltr\">\n<figure class=\"bbc-m91nxa-Figure e6bmn90\">\n<div class=\"bbc-1gx5b6l-GridComponent e57qer20\" dir=\"ltr\">\n<div class=\"bbc-1gx5b6l-GridComponent e57qer20\" dir=\"ltr\">\n<div class=\"bbc-bqg5er-GridComponent e57qer20\" dir=\"ltr\">\n<div class=\"bbc-8q39gi-ImagePlaceholder e1whu0\">\n<div class=\"lazyload-wrapper \"><img decoding=\"async\" class=\"css-1suxhxy-StyledImg e1enwo3v0\" src=\"https:\/\/ichef.bbci.co.uk\/news\/640\/cpsprodpb\/0CB2\/production\/_117305230_f5f66306-e07a-4458-ac7b-a4d2b13b641b.jpg\" srcset=\"https:\/\/ichef.bbci.co.uk\/news\/240\/cpsprodpb\/0CB2\/production\/_117305230_f5f66306-e07a-4458-ac7b-a4d2b13b641b.jpg 240w, https:\/\/ichef.bbci.co.uk\/news\/320\/cpsprodpb\/0CB2\/production\/_117305230_f5f66306-e07a-4458-ac7b-a4d2b13b641b.jpg 320w, https:\/\/ichef.bbci.co.uk\/news\/480\/cpsprodpb\/0CB2\/production\/_117305230_f5f66306-e07a-4458-ac7b-a4d2b13b641b.jpg 480w, https:\/\/ichef.bbci.co.uk\/news\/624\/cpsprodpb\/0CB2\/production\/_117305230_f5f66306-e07a-4458-ac7b-a4d2b13b641b.jpg 624w, https:\/\/ichef.bbci.co.uk\/news\/800\/cpsprodpb\/0CB2\/production\/_117305230_f5f66306-e07a-4458-ac7b-a4d2b13b641b.jpg 800w\" alt=\"Local Naxi women carry woven wicker baskets shopping in the market in Yunnan Province, China\" width=\"976\" \/><\/div>\n<p class=\"bbc-iif8qe-Copyright etq3yw90\" role=\"text\"><span class=\"bbc-ow3j0s-VisuallyHiddenText e1yt7oin0\">FUENTE DE LA IMAGEN,<\/span><span lang=\"en-GB\">GETTY IMAGES<\/span><\/p>\n<\/div>\n<\/div>\n<\/div>\n<\/div><figcaption class=\"bbc-1mhipbm-Caption eede9f50\" dir=\"ltr\">Desde que en los 70 asumi\u00f3 la econom\u00eda de mercado, China ha sacado a unos 800 millones de personas de la pobreza.<\/figcaption><\/figure>\n<\/div>\n<div class=\"bbc-1unnq9o-GridComponent e57qer20\" dir=\"ltr\">\n<p class=\"bbc-1kju7ke-Paragraph e1cc2ql70\" dir=\"ltr\">Aunque el gobierno asegura que los realojamientos son \u00abvoluntarios\u00bb y \u00abnecesarios\u00bb para el acceso a agua, comida y techo, y para que los ciudadanos puedan progresar, organizaciones de defensa de los derechos humanos critican la ausencia de transparencia de los programas.<\/p>\n<\/div>\n<div class=\"bbc-1unnq9o-GridComponent e57qer20\" dir=\"ltr\">\n<p class=\"bbc-1kju7ke-Paragraph e1cc2ql70\" dir=\"ltr\">Tambi\u00e9n se preguntan si el gobierno consult\u00f3 a las personas realojadas o si las comunidades pudieron expresar libremente sus puntos de vista sin temor a represalias.<\/p>\n<\/div>\n<div class=\"bbc-1unnq9o-GridComponent e57qer20\" dir=\"ltr\">\n<h2 id=\"Imagen-\" class=\"bbc-4qzrek-SubHeading e14hemmw0\" tabindex=\"-1\">Imagen<\/h2>\n<\/div>\n<div class=\"bbc-1unnq9o-GridComponent e57qer20\" dir=\"ltr\">\n<p class=\"bbc-1kju7ke-Paragraph e1cc2ql70\" dir=\"ltr\">El acad\u00e9mico independiente\u00a0<b>Chen Daoyin<\/b>\u00a0dijo al servicio chino de la BBC que erradicar la pobreza no s\u00f3lo era uno de los grandes objetivos de Xi, sino que es el m\u00e1s f\u00e1cil de lograr.<\/p>\n<\/div>\n<div class=\"bbc-1unnq9o-GridComponent e57qer20\" dir=\"ltr\">\n<p class=\"bbc-1kju7ke-Paragraph e1cc2ql70\" dir=\"ltr\">El tambi\u00e9n analista independiente Wu Qiang se\u00f1al\u00f3 que el gobierno chino suele usar el derecho a la subsistencia y al desarrollo del pueblo como argumento frente las demandas internacionales sobre el respeto a derechos humanos.<\/p>\n<\/div>\n<div class=\"bbc-1ufkmt5-GridComponent e57qer20\" dir=\"ltr\">\n<figure class=\"bbc-m91nxa-Figure e6bmn90\">\n<div class=\"bbc-1gx5b6l-GridComponent e57qer20\" dir=\"ltr\">\n<div class=\"bbc-1gx5b6l-GridComponent e57qer20\" dir=\"ltr\">\n<div class=\"bbc-bqg5er-GridComponent e57qer20\" dir=\"ltr\">\n<div class=\"bbc-8q39gi-ImagePlaceholder e1whu0\">\n<div class=\"lazyload-wrapper \"><img decoding=\"async\" class=\"css-1suxhxy-StyledImg e1enwo3v0\" src=\"https:\/\/ichef.bbci.co.uk\/news\/640\/cpsprodpb\/5AD2\/production\/_117305232_chinapoverty.jpg\" srcset=\"https:\/\/ichef.bbci.co.uk\/news\/240\/cpsprodpb\/5AD2\/production\/_117305232_chinapoverty.jpg 240w, https:\/\/ichef.bbci.co.uk\/news\/320\/cpsprodpb\/5AD2\/production\/_117305232_chinapoverty.jpg 320w, https:\/\/ichef.bbci.co.uk\/news\/480\/cpsprodpb\/5AD2\/production\/_117305232_chinapoverty.jpg 480w, https:\/\/ichef.bbci.co.uk\/news\/624\/cpsprodpb\/5AD2\/production\/_117305232_chinapoverty.jpg 624w, https:\/\/ichef.bbci.co.uk\/news\/800\/cpsprodpb\/5AD2\/production\/_117305232_chinapoverty.jpg 800w\" alt=\"Agricultora\" width=\"976\" \/><\/div>\n<p class=\"bbc-iif8qe-Copyright etq3yw90\" role=\"text\"><span class=\"bbc-ow3j0s-VisuallyHiddenText e1yt7oin0\">FUENTE DE LA IMAGEN,<\/span><span lang=\"en-GB\">GETTY IMAGES<\/span><\/p>\n<\/div>\n<\/div>\n<\/div>\n<\/div><figcaption class=\"bbc-1mhipbm-Caption eede9f50\" dir=\"ltr\">China se presenta a s\u00ed misma como un l\u00edder en la erradicaci\u00f3n de la pobreza.<\/figcaption><\/figure>\n<\/div>\n<div class=\"bbc-1unnq9o-GridComponent e57qer20\" dir=\"ltr\">\n<p class=\"bbc-1kju7ke-Paragraph e1cc2ql70\" dir=\"ltr\"><b>Wu Qiang<\/b>\u00a0le dijo al servicio chino de la BBC que Xi ha usado todo el poder del Estado para acabar con la pobreza y que con ello se preparaba para establecer su autoridad personal absoluta en el vig\u00e9simo Congreso Nacional del Partido Comunista, que se celebrar\u00e1 en 2022 y en el que se presentar\u00e1 con una imagen de \u00abl\u00edder contra la pobreza\u00bb.<\/p>\n<\/div>\n<div class=\"bbc-1unnq9o-GridComponent e57qer20\" dir=\"ltr\">\n<p class=\"bbc-1kju7ke-Paragraph e1cc2ql70\" dir=\"ltr\">Wu tambi\u00e9n vincul\u00f3 el anuncio con los 100 a\u00f1os que cumple el Partido Comunista, en cuya narrativa, dice Wu, la pobreza se atribuye \u00fanicamente a los ataques que sufri\u00f3 el pa\u00eds antes de la llegada del comunismo.<\/p>\n<\/div>\n<div class=\"bbc-1unnq9o-GridComponent e57qer20\" dir=\"ltr\">\n<p class=\"bbc-1kju7ke-Paragraph e1cc2ql70\" dir=\"ltr\">Y el cr\u00e9dito por la erradicaci\u00f3n de la pobreza recaer\u00e1 ahora en el l\u00edder chino, argumenta el experto.<\/p>\n<\/div>\n<div class=\"bbc-1unnq9o-GridComponent e57qer20\" dir=\"ltr\">\n<p class=\"bbc-1kju7ke-Paragraph e1cc2ql70\" dir=\"ltr\">Wu opina, sin embargo, que el hecho de que hubiera un gran n\u00famero de pobres en China tiene que ver con errores cometidos por el Partido Comunista desde que lleg\u00f3 al poder en 1949.<\/p>\n<\/div>\n<div class=\"bbc-1unnq9o-GridComponent e57qer20\" dir=\"ltr\">\n<p class=\"bbc-1kju7ke-Paragraph e1cc2ql70\" dir=\"ltr\">El experto apunta al llamado Gran Salto Adelante, las reformas econ\u00f3micas, sociales y pol\u00edticas establecidas en 1958; la Revoluci\u00f3n Cultural, que caus\u00f3 una gran agitaci\u00f3n pol\u00edtica; y la posterior apertura del pa\u00eds a la econom\u00eda de mercado.<\/p>\n<\/div>\n<div class=\"bbc-1unnq9o-GridComponent e57qer20\" dir=\"ltr\">\n<h2 id=\"El-impacto-de-la-econom\u00eda-de-mercado\" class=\"bbc-4qzrek-SubHeading e14hemmw0\" tabindex=\"-1\">El impacto de la econom\u00eda de mercado<\/h2>\n<\/div>\n<div class=\"bbc-1unnq9o-GridComponent e57qer20\" dir=\"ltr\">\n<p class=\"bbc-1kju7ke-Paragraph e1cc2ql70\" dir=\"ltr\">La llegada de la econom\u00eda de mercado, seg\u00fan Wu, aceler\u00f3 la expansi\u00f3n de la brecha entre ricos y pobres.<\/p>\n<\/div>\n<div class=\"bbc-1unnq9o-GridComponent e57qer20\" dir=\"ltr\">\n<p class=\"bbc-1kju7ke-Paragraph e1cc2ql70\" dir=\"ltr\">\u00abEl problema de la pobreza en China est\u00e1 causado realmente por los primeros 30 a\u00f1os de comunismo y por los 30 siguientes de econom\u00eda de mercado\u00bb, afirma Wu.<\/p>\n<\/div>\n<div class=\"bbc-1unnq9o-GridComponent e57qer20\" dir=\"ltr\">\n<p class=\"bbc-1kju7ke-Paragraph e1cc2ql70\" dir=\"ltr\">Pero Xi no comparte esas ideas.<\/p>\n<\/div>\n<div class=\"bbc-1unnq9o-GridComponent e57qer20\" dir=\"ltr\">\n<p class=\"bbc-1kju7ke-Paragraph e1cc2ql70\" dir=\"ltr\">\u00abNing\u00fan otro pa\u00eds puede sacar de la pobreza a cientos de millones de personas en tan corto periodo de tiempo\u00bb, presumi\u00f3 el presidente chino en su discurso del jueves.<\/p>\n<\/div>\n<div class=\"bbc-1unnq9o-GridComponent e57qer20\" dir=\"ltr\">\n<p class=\"bbc-1kju7ke-Paragraph e1cc2ql70\" dir=\"ltr\">Pese a la creciente desigualdad, el Banco Mundial dice que desde finales de la d\u00e9cada de los 70 del siglo pasado, China ha sacado de la pobreza a\u00a0<b>800 millones de personas<\/b>\u00a0gracias a las reformas emprendidas tras d\u00e9cadas de planificaci\u00f3n estatal que asfixiaron la econom\u00eda.<\/p>\n<\/div>\n<div class=\"bbc-1unnq9o-GridComponent e57qer20\" dir=\"ltr\">\n<p class=\"bbc-1kju7ke-Paragraph e1cc2ql70\" dir=\"ltr\">En ese mismo periodo la aportaci\u00f3n de China a la econom\u00eda mundial pas\u00f3 del 1,5 % al 15,4% actual.<\/p>\n<\/div>\n<div class=\"bbc-1unnq9o-GridComponent e57qer20\" dir=\"ltr\">\n<p class=\"bbc-1kju7ke-Paragraph e1cc2ql70\" dir=\"ltr\">Lo que cabe preguntarse es qui\u00e9n controla toda esa riqueza generada.<\/p>\n<\/div>\n<\/div>\n<\/section>\n<\/div>\n<\/div>\n<\/div>\n<p dir=\"ltr\">\n<p dir=\"ltr\">\n<p dir=\"ltr\">\n<p dir=\"ltr\">\n<p dir=\"ltr\">Fuente<br \/>\nEl Dia<\/p>\n","protected":false},"excerpt":{"rendered":"<p>As\u00ed celebr\u00f3 este jueves el presidente chino\u00a0Xi Jinping\u00a0el fin de la pobreza extrema en su pa\u00eds. En una gran ceremonia &#8230;<\/p>\n","protected":false},"author":2,"featured_media":111884,"comment_status":"open","ping_status":"open","sticky":false,"template":"","format":"standard","meta":{"footnotes":""},"categories":[26],"tags":[],"class_list":["post-111883","post","type-post","status-publish","format-standard","has-post-thumbnail","hentry","category-economia"],"yoast_head":"<!-- This site is optimized with the Yoast SEO plugin v24.8.1 - https:\/\/yoast.com\/wordpress\/plugins\/seo\/ -->\n<title>China: las dudas que despierta el triunfal anuncio de la naci\u00f3n asi\u00e1tica sobre el fin de la pobreza extrema - PotenciaRadiofonicaDominicana.com<\/title>\n<meta name=\"robots\" content=\"index, follow, max-snippet:-1, max-image-preview:large, max-video-preview:-1\" \/>\n<link rel=\"canonical\" href=\"https:\/\/potenciaradiofonicadominicana.com\/portal\/china-las-dudas-que-despierta-el-triunfal-anuncio-de-la-nacion-asiatica-sobre-el-fin-de-la-pobreza-extrema\/\" \/>\n<meta property=\"og:locale\" content=\"es_ES\" \/>\n<meta property=\"og:type\" content=\"article\" \/>\n<meta property=\"og:title\" content=\"China: las dudas que despierta el triunfal anuncio de la naci\u00f3n asi\u00e1tica sobre el fin de la pobreza extrema - PotenciaRadiofonicaDominicana.com\" \/>\n<meta property=\"og:description\" content=\"As\u00ed celebr\u00f3 este jueves el presidente chino\u00a0Xi Jinping\u00a0el fin de la pobreza extrema en su pa\u00eds. En una gran ceremonia ...\" \/>\n<meta property=\"og:url\" content=\"https:\/\/potenciaradiofonicadominicana.com\/portal\/china-las-dudas-que-despierta-el-triunfal-anuncio-de-la-nacion-asiatica-sobre-el-fin-de-la-pobreza-extrema\/\" \/>\n<meta property=\"og:site_name\" content=\"PotenciaRadiofonicaDominicana.com\" \/>\n<meta property=\"article:publisher\" content=\"https:\/\/web.facebook.com\/PotenciaRadiofonicaD\" \/>\n<meta property=\"article:published_time\" content=\"2021-02-26T16:18:47+00:00\" \/>\n<meta property=\"og:image\" content=\"https:\/\/potenciaradiofonicadominicana.com\/portal\/wp-content\/uploads\/2021\/02\/117305235_hi047437509.jpg\" \/>\n\t<meta property=\"og:image:width\" content=\"976\" \/>\n\t<meta property=\"og:image:height\" content=\"549\" \/>\n\t<meta property=\"og:image:type\" content=\"image\/jpeg\" \/>\n<meta name=\"author\" content=\"Potencia Radiof\u00f3nica Dominicana\" \/>\n<meta name=\"twitter:card\" content=\"summary_large_image\" \/>\n<meta name=\"twitter:label1\" content=\"Escrito por\" \/>\n\t<meta name=\"twitter:data1\" content=\"Potencia Radiof\u00f3nica Dominicana\" \/>\n\t<meta name=\"twitter:label2\" content=\"Tiempo de lectura\" \/>\n\t<meta name=\"twitter:data2\" content=\"5 minutos\" \/>\n<script type=\"application\/ld+json\" class=\"yoast-schema-graph\">{\"@context\":\"https:\/\/schema.org\",\"@graph\":[{\"@type\":\"Article\",\"@id\":\"https:\/\/potenciaradiofonicadominicana.com\/portal\/china-las-dudas-que-despierta-el-triunfal-anuncio-de-la-nacion-asiatica-sobre-el-fin-de-la-pobreza-extrema\/#article\",\"isPartOf\":{\"@id\":\"https:\/\/potenciaradiofonicadominicana.com\/portal\/china-las-dudas-que-despierta-el-triunfal-anuncio-de-la-nacion-asiatica-sobre-el-fin-de-la-pobreza-extrema\/\"},\"author\":{\"name\":\"Potencia Radiof\u00f3nica Dominicana\",\"@id\":\"https:\/\/potenciaradiofonicadominicana.com\/portal\/#\/schema\/person\/a5cf1fea13877803ee0573ac18b03490\"},\"headline\":\"China: las dudas que despierta el triunfal anuncio de la naci\u00f3n asi\u00e1tica sobre el fin de la pobreza extrema\",\"datePublished\":\"2021-02-26T16:18:47+00:00\",\"mainEntityOfPage\":{\"@id\":\"https:\/\/potenciaradiofonicadominicana.com\/portal\/china-las-dudas-que-despierta-el-triunfal-anuncio-de-la-nacion-asiatica-sobre-el-fin-de-la-pobreza-extrema\/\"},\"wordCount\":984,\"commentCount\":0,\"publisher\":{\"@id\":\"https:\/\/potenciaradiofonicadominicana.com\/portal\/#organization\"},\"image\":{\"@id\":\"https:\/\/potenciaradiofonicadominicana.com\/portal\/china-las-dudas-que-despierta-el-triunfal-anuncio-de-la-nacion-asiatica-sobre-el-fin-de-la-pobreza-extrema\/#primaryimage\"},\"thumbnailUrl\":\"https:\/\/potenciaradiofonicadominicana.com\/portal\/wp-content\/uploads\/2021\/02\/117305235_hi047437509.jpg\",\"articleSection\":[\"Econom\u00eda\"],\"inLanguage\":\"es\",\"potentialAction\":[{\"@type\":\"CommentAction\",\"name\":\"Comment\",\"target\":[\"https:\/\/potenciaradiofonicadominicana.com\/portal\/china-las-dudas-que-despierta-el-triunfal-anuncio-de-la-nacion-asiatica-sobre-el-fin-de-la-pobreza-extrema\/#respond\"]}]},{\"@type\":\"WebPage\",\"@id\":\"https:\/\/potenciaradiofonicadominicana.com\/portal\/china-las-dudas-que-despierta-el-triunfal-anuncio-de-la-nacion-asiatica-sobre-el-fin-de-la-pobreza-extrema\/\",\"url\":\"https:\/\/potenciaradiofonicadominicana.com\/portal\/china-las-dudas-que-despierta-el-triunfal-anuncio-de-la-nacion-asiatica-sobre-el-fin-de-la-pobreza-extrema\/\",\"name\":\"China: las dudas que despierta el triunfal anuncio de la naci\u00f3n asi\u00e1tica sobre el fin de la pobreza extrema - PotenciaRadiofonicaDominicana.com\",\"isPartOf\":{\"@id\":\"https:\/\/potenciaradiofonicadominicana.com\/portal\/#website\"},\"primaryImageOfPage\":{\"@id\":\"https:\/\/potenciaradiofonicadominicana.com\/portal\/china-las-dudas-que-despierta-el-triunfal-anuncio-de-la-nacion-asiatica-sobre-el-fin-de-la-pobreza-extrema\/#primaryimage\"},\"image\":{\"@id\":\"https:\/\/potenciaradiofonicadominicana.com\/portal\/china-las-dudas-que-despierta-el-triunfal-anuncio-de-la-nacion-asiatica-sobre-el-fin-de-la-pobreza-extrema\/#primaryimage\"},\"thumbnailUrl\":\"https:\/\/potenciaradiofonicadominicana.com\/portal\/wp-content\/uploads\/2021\/02\/117305235_hi047437509.jpg\",\"datePublished\":\"2021-02-26T16:18:47+00:00\",\"breadcrumb\":{\"@id\":\"https:\/\/potenciaradiofonicadominicana.com\/portal\/china-las-dudas-que-despierta-el-triunfal-anuncio-de-la-nacion-asiatica-sobre-el-fin-de-la-pobreza-extrema\/#breadcrumb\"},\"inLanguage\":\"es\",\"potentialAction\":[{\"@type\":\"ReadAction\",\"target\":[\"https:\/\/potenciaradiofonicadominicana.com\/portal\/china-las-dudas-que-despierta-el-triunfal-anuncio-de-la-nacion-asiatica-sobre-el-fin-de-la-pobreza-extrema\/\"]}]},{\"@type\":\"ImageObject\",\"inLanguage\":\"es\",\"@id\":\"https:\/\/potenciaradiofonicadominicana.com\/portal\/china-las-dudas-que-despierta-el-triunfal-anuncio-de-la-nacion-asiatica-sobre-el-fin-de-la-pobreza-extrema\/#primaryimage\",\"url\":\"https:\/\/potenciaradiofonicadominicana.com\/portal\/wp-content\/uploads\/2021\/02\/117305235_hi047437509.jpg\",\"contentUrl\":\"https:\/\/potenciaradiofonicadominicana.com\/portal\/wp-content\/uploads\/2021\/02\/117305235_hi047437509.jpg\",\"width\":976,\"height\":549},{\"@type\":\"BreadcrumbList\",\"@id\":\"https:\/\/potenciaradiofonicadominicana.com\/portal\/china-las-dudas-que-despierta-el-triunfal-anuncio-de-la-nacion-asiatica-sobre-el-fin-de-la-pobreza-extrema\/#breadcrumb\",\"itemListElement\":[{\"@type\":\"ListItem\",\"position\":1,\"name\":\"Portada\",\"item\":\"https:\/\/potenciaradiofonicadominicana.com\/portal\/\"},{\"@type\":\"ListItem\",\"position\":2,\"name\":\"China: las dudas que despierta el triunfal anuncio de la naci\u00f3n asi\u00e1tica sobre el fin de la pobreza extrema\"}]},{\"@type\":\"WebSite\",\"@id\":\"https:\/\/potenciaradiofonicadominicana.com\/portal\/#website\",\"url\":\"https:\/\/potenciaradiofonicadominicana.com\/portal\/\",\"name\":\"PotenciaRadiofonicaDominicana.com\",\"description\":\"Peri\u00f3dico Digital\",\"publisher\":{\"@id\":\"https:\/\/potenciaradiofonicadominicana.com\/portal\/#organization\"},\"potentialAction\":[{\"@type\":\"SearchAction\",\"target\":{\"@type\":\"EntryPoint\",\"urlTemplate\":\"https:\/\/potenciaradiofonicadominicana.com\/portal\/?s={search_term_string}\"},\"query-input\":{\"@type\":\"PropertyValueSpecification\",\"valueRequired\":true,\"valueName\":\"search_term_string\"}}],\"inLanguage\":\"es\"},{\"@type\":\"Organization\",\"@id\":\"https:\/\/potenciaradiofonicadominicana.com\/portal\/#organization\",\"name\":\"PotenciaRadiofonicaDominicana.com\",\"url\":\"https:\/\/potenciaradiofonicadominicana.com\/portal\/\",\"logo\":{\"@type\":\"ImageObject\",\"inLanguage\":\"es\",\"@id\":\"https:\/\/potenciaradiofonicadominicana.com\/portal\/#\/schema\/logo\/image\/\",\"url\":\"https:\/\/potenciaradiofonicadominicana.com\/portal\/wp-content\/uploads\/2022\/01\/descarga.png\",\"contentUrl\":\"https:\/\/potenciaradiofonicadominicana.com\/portal\/wp-content\/uploads\/2022\/01\/descarga.png\",\"width\":300,\"height\":100,\"caption\":\"PotenciaRadiofonicaDominicana.com\"},\"image\":{\"@id\":\"https:\/\/potenciaradiofonicadominicana.com\/portal\/#\/schema\/logo\/image\/\"},\"sameAs\":[\"https:\/\/web.facebook.com\/PotenciaRadiofonicaD\"]},{\"@type\":\"Person\",\"@id\":\"https:\/\/potenciaradiofonicadominicana.com\/portal\/#\/schema\/person\/a5cf1fea13877803ee0573ac18b03490\",\"name\":\"Potencia Radiof\u00f3nica Dominicana\",\"image\":{\"@type\":\"ImageObject\",\"inLanguage\":\"es\",\"@id\":\"https:\/\/potenciaradiofonicadominicana.com\/portal\/#\/schema\/person\/image\/\",\"url\":\"https:\/\/secure.gravatar.com\/avatar\/42a55ab9e8ccc656ba34cd791990602a?s=96&d=mm&r=g\",\"contentUrl\":\"https:\/\/secure.gravatar.com\/avatar\/42a55ab9e8ccc656ba34cd791990602a?s=96&d=mm&r=g\",\"caption\":\"Potencia Radiof\u00f3nica Dominicana\"},\"url\":\"https:\/\/potenciaradiofonicadominicana.com\/portal\/author\/johannyalmanzar\/\"}]}<\/script>\n<!-- \/ Yoast SEO plugin. -->","yoast_head_json":{"title":"China: las dudas que despierta el triunfal anuncio de la naci\u00f3n asi\u00e1tica sobre el fin de la pobreza extrema - PotenciaRadiofonicaDominicana.com","robots":{"index":"index","follow":"follow","max-snippet":"max-snippet:-1","max-image-preview":"max-image-preview:large","max-video-preview":"max-video-preview:-1"},"canonical":"https:\/\/potenciaradiofonicadominicana.com\/portal\/china-las-dudas-que-despierta-el-triunfal-anuncio-de-la-nacion-asiatica-sobre-el-fin-de-la-pobreza-extrema\/","og_locale":"es_ES","og_type":"article","og_title":"China: las dudas que despierta el triunfal anuncio de la naci\u00f3n asi\u00e1tica sobre el fin de la pobreza extrema - PotenciaRadiofonicaDominicana.com","og_description":"As\u00ed celebr\u00f3 este jueves el presidente chino\u00a0Xi Jinping\u00a0el fin de la pobreza extrema en su pa\u00eds. En una gran ceremonia ...","og_url":"https:\/\/potenciaradiofonicadominicana.com\/portal\/china-las-dudas-que-despierta-el-triunfal-anuncio-de-la-nacion-asiatica-sobre-el-fin-de-la-pobreza-extrema\/","og_site_name":"PotenciaRadiofonicaDominicana.com","article_publisher":"https:\/\/web.facebook.com\/PotenciaRadiofonicaD","article_published_time":"2021-02-26T16:18:47+00:00","og_image":[{"width":976,"height":549,"url":"https:\/\/potenciaradiofonicadominicana.com\/portal\/wp-content\/uploads\/2021\/02\/117305235_hi047437509.jpg","type":"image\/jpeg"}],"author":"Potencia Radiof\u00f3nica Dominicana","twitter_card":"summary_large_image","twitter_misc":{"Escrito por":"Potencia Radiof\u00f3nica Dominicana","Tiempo de lectura":"5 minutos"},"schema":{"@context":"https:\/\/schema.org","@graph":[{"@type":"Article","@id":"https:\/\/potenciaradiofonicadominicana.com\/portal\/china-las-dudas-que-despierta-el-triunfal-anuncio-de-la-nacion-asiatica-sobre-el-fin-de-la-pobreza-extrema\/#article","isPartOf":{"@id":"https:\/\/potenciaradiofonicadominicana.com\/portal\/china-las-dudas-que-despierta-el-triunfal-anuncio-de-la-nacion-asiatica-sobre-el-fin-de-la-pobreza-extrema\/"},"author":{"name":"Potencia Radiof\u00f3nica Dominicana","@id":"https:\/\/potenciaradiofonicadominicana.com\/portal\/#\/schema\/person\/a5cf1fea13877803ee0573ac18b03490"},"headline":"China: las dudas que despierta el triunfal anuncio de la naci\u00f3n asi\u00e1tica sobre el fin de la pobreza extrema","datePublished":"2021-02-26T16:18:47+00:00","mainEntityOfPage":{"@id":"https:\/\/potenciaradiofonicadominicana.com\/portal\/china-las-dudas-que-despierta-el-triunfal-anuncio-de-la-nacion-asiatica-sobre-el-fin-de-la-pobreza-extrema\/"},"wordCount":984,"commentCount":0,"publisher":{"@id":"https:\/\/potenciaradiofonicadominicana.com\/portal\/#organization"},"image":{"@id":"https:\/\/potenciaradiofonicadominicana.com\/portal\/china-las-dudas-que-despierta-el-triunfal-anuncio-de-la-nacion-asiatica-sobre-el-fin-de-la-pobreza-extrema\/#primaryimage"},"thumbnailUrl":"https:\/\/potenciaradiofonicadominicana.com\/portal\/wp-content\/uploads\/2021\/02\/117305235_hi047437509.jpg","articleSection":["Econom\u00eda"],"inLanguage":"es","potentialAction":[{"@type":"CommentAction","name":"Comment","target":["https:\/\/potenciaradiofonicadominicana.com\/portal\/china-las-dudas-que-despierta-el-triunfal-anuncio-de-la-nacion-asiatica-sobre-el-fin-de-la-pobreza-extrema\/#respond"]}]},{"@type":"WebPage","@id":"https:\/\/potenciaradiofonicadominicana.com\/portal\/china-las-dudas-que-despierta-el-triunfal-anuncio-de-la-nacion-asiatica-sobre-el-fin-de-la-pobreza-extrema\/","url":"https:\/\/potenciaradiofonicadominicana.com\/portal\/china-las-dudas-que-despierta-el-triunfal-anuncio-de-la-nacion-asiatica-sobre-el-fin-de-la-pobreza-extrema\/","name":"China: las dudas que despierta el triunfal anuncio de la naci\u00f3n asi\u00e1tica sobre el fin de la pobreza extrema - PotenciaRadiofonicaDominicana.com","isPartOf":{"@id":"https:\/\/potenciaradiofonicadominicana.com\/portal\/#website"},"primaryImageOfPage":{"@id":"https:\/\/potenciaradiofonicadominicana.com\/portal\/china-las-dudas-que-despierta-el-triunfal-anuncio-de-la-nacion-asiatica-sobre-el-fin-de-la-pobreza-extrema\/#primaryimage"},"image":{"@id":"https:\/\/potenciaradiofonicadominicana.com\/portal\/china-las-dudas-que-despierta-el-triunfal-anuncio-de-la-nacion-asiatica-sobre-el-fin-de-la-pobreza-extrema\/#primaryimage"},"thumbnailUrl":"https:\/\/potenciaradiofonicadominicana.com\/portal\/wp-content\/uploads\/2021\/02\/117305235_hi047437509.jpg","datePublished":"2021-02-26T16:18:47+00:00","breadcrumb":{"@id":"https:\/\/potenciaradiofonicadominicana.com\/portal\/china-las-dudas-que-despierta-el-triunfal-anuncio-de-la-nacion-asiatica-sobre-el-fin-de-la-pobreza-extrema\/#breadcrumb"},"inLanguage":"es","potentialAction":[{"@type":"ReadAction","target":["https:\/\/potenciaradiofonicadominicana.com\/portal\/china-las-dudas-que-despierta-el-triunfal-anuncio-de-la-nacion-asiatica-sobre-el-fin-de-la-pobreza-extrema\/"]}]},{"@type":"ImageObject","inLanguage":"es","@id":"https:\/\/potenciaradiofonicadominicana.com\/portal\/china-las-dudas-que-despierta-el-triunfal-anuncio-de-la-nacion-asiatica-sobre-el-fin-de-la-pobreza-extrema\/#primaryimage","url":"https:\/\/potenciaradiofonicadominicana.com\/portal\/wp-content\/uploads\/2021\/02\/117305235_hi047437509.jpg","contentUrl":"https:\/\/potenciaradiofonicadominicana.com\/portal\/wp-content\/uploads\/2021\/02\/117305235_hi047437509.jpg","width":976,"height":549},{"@type":"BreadcrumbList","@id":"https:\/\/potenciaradiofonicadominicana.com\/portal\/china-las-dudas-que-despierta-el-triunfal-anuncio-de-la-nacion-asiatica-sobre-el-fin-de-la-pobreza-extrema\/#breadcrumb","itemListElement":[{"@type":"ListItem","position":1,"name":"Portada","item":"https:\/\/potenciaradiofonicadominicana.com\/portal\/"},{"@type":"ListItem","position":2,"name":"China: las dudas que despierta el triunfal anuncio de la naci\u00f3n asi\u00e1tica sobre el fin de la pobreza extrema"}]},{"@type":"WebSite","@id":"https:\/\/potenciaradiofonicadominicana.com\/portal\/#website","url":"https:\/\/potenciaradiofonicadominicana.com\/portal\/","name":"PotenciaRadiofonicaDominicana.com","description":"Peri\u00f3dico Digital","publisher":{"@id":"https:\/\/potenciaradiofonicadominicana.com\/portal\/#organization"},"potentialAction":[{"@type":"SearchAction","target":{"@type":"EntryPoint","urlTemplate":"https:\/\/potenciaradiofonicadominicana.com\/portal\/?s={search_term_string}"},"query-input":{"@type":"PropertyValueSpecification","valueRequired":true,"valueName":"search_term_string"}}],"inLanguage":"es"},{"@type":"Organization","@id":"https:\/\/potenciaradiofonicadominicana.com\/portal\/#organization","name":"PotenciaRadiofonicaDominicana.com","url":"https:\/\/potenciaradiofonicadominicana.com\/portal\/","logo":{"@type":"ImageObject","inLanguage":"es","@id":"https:\/\/potenciaradiofonicadominicana.com\/portal\/#\/schema\/logo\/image\/","url":"https:\/\/potenciaradiofonicadominicana.com\/portal\/wp-content\/uploads\/2022\/01\/descarga.png","contentUrl":"https:\/\/potenciaradiofonicadominicana.com\/portal\/wp-content\/uploads\/2022\/01\/descarga.png","width":300,"height":100,"caption":"PotenciaRadiofonicaDominicana.com"},"image":{"@id":"https:\/\/potenciaradiofonicadominicana.com\/portal\/#\/schema\/logo\/image\/"},"sameAs":["https:\/\/web.facebook.com\/PotenciaRadiofonicaD"]},{"@type":"Person","@id":"https:\/\/potenciaradiofonicadominicana.com\/portal\/#\/schema\/person\/a5cf1fea13877803ee0573ac18b03490","name":"Potencia Radiof\u00f3nica Dominicana","image":{"@type":"ImageObject","inLanguage":"es","@id":"https:\/\/potenciaradiofonicadominicana.com\/portal\/#\/schema\/person\/image\/","url":"https:\/\/secure.gravatar.com\/avatar\/42a55ab9e8ccc656ba34cd791990602a?s=96&d=mm&r=g","contentUrl":"https:\/\/secure.gravatar.com\/avatar\/42a55ab9e8ccc656ba34cd791990602a?s=96&d=mm&r=g","caption":"Potencia Radiof\u00f3nica Dominicana"},"url":"https:\/\/potenciaradiofonicadominicana.com\/portal\/author\/johannyalmanzar\/"}]}},"_links":{"self":[{"href":"https:\/\/potenciaradiofonicadominicana.com\/portal\/wp-json\/wp\/v2\/posts\/111883","targetHints":{"allow":["GET"]}}],"collection":[{"href":"https:\/\/potenciaradiofonicadominicana.com\/portal\/wp-json\/wp\/v2\/posts"}],"about":[{"href":"https:\/\/potenciaradiofonicadominicana.com\/portal\/wp-json\/wp\/v2\/types\/post"}],"author":[{"embeddable":true,"href":"https:\/\/potenciaradiofonicadominicana.com\/portal\/wp-json\/wp\/v2\/users\/2"}],"replies":[{"embeddable":true,"href":"https:\/\/potenciaradiofonicadominicana.com\/portal\/wp-json\/wp\/v2\/comments?post=111883"}],"version-history":[{"count":1,"href":"https:\/\/potenciaradiofonicadominicana.com\/portal\/wp-json\/wp\/v2\/posts\/111883\/revisions"}],"predecessor-version":[{"id":111885,"href":"https:\/\/potenciaradiofonicadominicana.com\/portal\/wp-json\/wp\/v2\/posts\/111883\/revisions\/111885"}],"wp:featuredmedia":[{"embeddable":true,"href":"https:\/\/potenciaradiofonicadominicana.com\/portal\/wp-json\/wp\/v2\/media\/111884"}],"wp:attachment":[{"href":"https:\/\/potenciaradiofonicadominicana.com\/portal\/wp-json\/wp\/v2\/media?parent=111883"}],"wp:term":[{"taxonomy":"category","embeddable":true,"href":"https:\/\/potenciaradiofonicadominicana.com\/portal\/wp-json\/wp\/v2\/categories?post=111883"},{"taxonomy":"post_tag","embeddable":true,"href":"https:\/\/potenciaradiofonicadominicana.com\/portal\/wp-json\/wp\/v2\/tags?post=111883"}],"curies":[{"name":"wp","href":"https:\/\/api.w.org\/{rel}","templated":true}]}}